{"id":6261,"date":"2025-03-29T21:16:57","date_gmt":"2025-03-29T20:16:57","guid":{"rendered":"https:\/\/vieassociative.be\/actualites\/il-eupen-cree-la-relegation-sans-jouer-maintenant-il-sagit-seulement-de-lananas-dor\/"},"modified":"2025-03-29T21:16:57","modified_gmt":"2025-03-29T20:16:57","slug":"il-eupen-cree-la-relegation-sans-jouer-maintenant-il-sagit-seulement-de-lananas-dor","status":"publish","type":"post","link":"https:\/\/vieassociative.be\/actualites\/il-eupen-cree-la-relegation-sans-jouer-maintenant-il-sagit-seulement-de-lananas-dor\/","title":{"rendered":"Il eupen cr\u00e9e la rel\u00e9gation sans jouer &#8211; maintenant il s&rsquo;agit seulement de l&rsquo;ananas d&rsquo;or"},"content":{"rendered":"<p><strong>Parce que Jong Genk a perdu 0-1 contre Raal La Louvi\u00e8re samedi, le Club de deuxi\u00e8me division en tant qu&rsquo;Eupen est d\u00e9j\u00e0 en s\u00e9curit\u00e9 avant la r\u00e9union du 25e jour de match contre le Club NXT, l&rsquo;U23 du FC Bruges, la classe restante de Challenger Pro League.<\/strong><\/p>\n<p><span id=\"more-412161\"><\/span>La phase finale morne d&rsquo;une perspective du point de vue d&rsquo;Eupen: pendant trois semaines, l&rsquo;\u00e9quipe de Mersad Selimbegovic n&rsquo;a plus jou\u00e9 un match de championnat. La rencontre au KMSK Deinze a \u00e9chou\u00e9 apr\u00e8s que le club de l&rsquo;est de la Flandre a d\u00fb enregistrer le faillite, puis il y a eu une pause internationale de deux semaines, et maintenant m\u00eame le match \u00e0 domicile de dimanche soir contre le club NXT (19h15 \/ Live on Dazn) est d\u00e9nu\u00e9 de sens.<\/p>\n<div id=\"attachment_403611\" class=\"wp-caption alignleft\" style=\"max-width: 300px\"><img fetchpriority=\"high\" decoding=\"async\" class=\"wp-image-403611 size-medium\" src=\"https:\/\/vieassociative.be\/actualites\/wp-content\/uploads\/2024\/12\/1733689145_956_Defaite-23-AS-sest-embarrasse-face-a-la-derniere.jpg\" alt=\"\" width=\"300\" height=\"200\"  ><\/p>\n<p class=\"wp-caption-text\">Mersad Selimbegovic, entra\u00eeneur de l&rsquo;Eeupen. Photo: Belga<\/p>\n<\/div>\n<p>Parce que la 6e place n&rsquo;est plus possible, ce qui autoriserait les s\u00e9ries \u00e9liminatoires \u00e0 participer, le noir et blanc lors des quatre derni\u00e8res rencontres (contre le Club NXT, SK Beveren, contre RFC Seraug et chez Patro Eisden) ne concernent que l&rsquo;ananas dor\u00e9.<\/p>\n<p>La direction du club peut d\u00e9j\u00e0 commencer \u00e0 planifier la prochaine saison &#8211; dans l&rsquo;espoir qu&rsquo;il r\u00e9ussira plus que celui actuel. <\/p>\n<p>La mauvaise performance de la deuxi\u00e8me \u00e9quipe de l&rsquo;AS, qui lors de sa premi\u00e8re saison dans les amateurs de 2e division, dans lesquelles le Union Kelmis et la RFC Raeren joue \u00e9galement, s&rsquo;inscrit dans cette image morne apr\u00e8s 28 des 34 jours de match. (Cre)<\/p>\n","protected":false},"excerpt":{"rendered":"<p>Parce que Jong Genk a perdu 0-1 contre Raal La Louvi\u00e8re samedi, le Club de deuxi\u00e8me division en tant qu&rsquo;Eupen est d\u00e9j\u00e0 en s\u00e9curit\u00e9 avant<\/p>\n","protected":false},"author":1,"featured_media":2693,"comment_status":"","ping_status":"","sticky":false,"template":"","format":"standard","meta":{"footnotes":""},"categories":[298],"tags":[552,2409,2329,148,6084,233,3402,2557,130,2583],"class_list":["post-6261","post","type-post","status-publish","format-standard","has-post-thumbnail","hentry","category-belgique","tag-cree","tag-dor","tag-eupen","tag-jouer","tag-lananas","tag-maintenant","tag-relegation","tag-sagit","tag-sans","tag-seulement","generate-columns","tablet-grid-50","mobile-grid-100","grid-parent","grid-33"],"yoast_head":"<!-- This site is optimized with the Yoast SEO plugin v24.0 - https:\/\/yoast.com\/wordpress\/plugins\/seo\/ -->\n<title>Il eupen cr\u00e9e la rel\u00e9gation sans jouer - maintenant il s&#039;agit seulement de l&#039;ananas d&#039;or | Vie Associative<\/title>\n<meta name=\"robots\" content=\"index, follow, max-snippet:-1, max-image-preview:large, max-video-preview:-1\" \/>\n<link rel=\"canonical\" href=\"https:\/\/vieassociative.be\/actualites\/il-eupen-cree-la-relegation-sans-jouer-maintenant-il-sagit-seulement-de-lananas-dor\/\" \/>\n<meta property=\"og:locale\" content=\"fr_FR\" \/>\n<meta property=\"og:type\" content=\"article\" \/>\n<meta property=\"og:title\" content=\"Il eupen cr\u00e9e la rel\u00e9gation sans jouer - maintenant il s&#039;agit seulement de l&#039;ananas d&#039;or | Vie Associative\" \/>\n<meta property=\"og:description\" content=\"Parce que Jong Genk a perdu 0-1 contre Raal La Louvi\u00e8re samedi, le Club de deuxi\u00e8me division en tant qu&rsquo;Eupen est d\u00e9j\u00e0 en s\u00e9curit\u00e9 avant\" \/>\n<meta property=\"og:url\" content=\"https:\/\/vieassociative.be\/actualites\/il-eupen-cree-la-relegation-sans-jouer-maintenant-il-sagit-seulement-de-lananas-dor\/\" \/>\n<meta property=\"og:site_name\" content=\"Vie Associative\" \/>\n<meta property=\"article:published_time\" content=\"2025-03-29T20:16:57+00:00\" \/>\n<meta property=\"og:image\" content=\"https:\/\/vieassociative.be\/actualites\/wp-content\/uploads\/2024\/09\/header_backgroundk-01-e1726694325946.png\" \/>\n\t<meta property=\"og:image:width\" content=\"279\" \/>\n\t<meta property=\"og:image:height\" content=\"92\" \/>\n\t<meta property=\"og:image:type\" content=\"image\/png\" \/>\n<meta name=\"author\" content=\"Julien\" \/>\n<meta name=\"twitter:card\" content=\"summary_large_image\" \/>\n<meta name=\"twitter:label1\" content=\"\u00c9crit par\" \/>\n\t<meta name=\"twitter:data1\" content=\"Julien\" \/>\n\t<meta name=\"twitter:label2\" content=\"Dur\u00e9e de lecture est.\" \/>\n\t<meta name=\"twitter:data2\" content=\"1 minute\" \/>\n<script type=\"application\/ld+json\" class=\"yoast-schema-graph\">{\"@context\":\"https:\/\/schema.org\",\"@graph\":[{\"@type\":\"Article\",\"@id\":\"https:\/\/vieassociative.be\/actualites\/il-eupen-cree-la-relegation-sans-jouer-maintenant-il-sagit-seulement-de-lananas-dor\/#article\",\"isPartOf\":{\"@id\":\"https:\/\/vieassociative.be\/actualites\/il-eupen-cree-la-relegation-sans-jouer-maintenant-il-sagit-seulement-de-lananas-dor\/\"},\"author\":{\"name\":\"Julien\",\"@id\":\"https:\/\/vieassociative.be\/actualites\/#\/schema\/person\/b87ac4f82f9d4e7b7cec7395b679edc4\"},\"headline\":\"Il eupen cr\u00e9e la rel\u00e9gation sans jouer &#8211; maintenant il s&rsquo;agit seulement de l&rsquo;ananas d&rsquo;or\",\"datePublished\":\"2025-03-29T20:16:57+00:00\",\"dateModified\":\"2025-03-29T20:16:57+00:00\",\"mainEntityOfPage\":{\"@id\":\"https:\/\/vieassociative.be\/actualites\/il-eupen-cree-la-relegation-sans-jouer-maintenant-il-sagit-seulement-de-lananas-dor\/\"},\"wordCount\":287,\"publisher\":{\"@id\":\"https:\/\/vieassociative.be\/actualites\/#organization\"},\"image\":{\"@id\":\"https:\/\/vieassociative.be\/actualites\/il-eupen-cree-la-relegation-sans-jouer-maintenant-il-sagit-seulement-de-lananas-dor\/#primaryimage\"},\"thumbnailUrl\":\"https:\/\/vieassociative.be\/actualites\/wp-content\/uploads\/2024\/11\/Victoire-4-0-au-Club-NXT-\u2013-AS-meconnaissable-\u2013-Charles-Cook.jpg\",\"keywords\":[\"cr\u00e9e\",\"dOr\",\"Eupen\",\"jouer\",\"lananas\",\"maintenant\",\"rel\u00e9gation\",\"sagit\",\"sans\",\"seulement\"],\"articleSection\":[\"Belgique\"],\"inLanguage\":\"fr-BE\"},{\"@type\":\"WebPage\",\"@id\":\"https:\/\/vieassociative.be\/actualites\/il-eupen-cree-la-relegation-sans-jouer-maintenant-il-sagit-seulement-de-lananas-dor\/\",\"url\":\"https:\/\/vieassociative.be\/actualites\/il-eupen-cree-la-relegation-sans-jouer-maintenant-il-sagit-seulement-de-lananas-dor\/\",\"name\":\"Il eupen cr\u00e9e la rel\u00e9gation sans jouer - maintenant il s'agit seulement de l'ananas d'or | Vie Associative\",\"isPartOf\":{\"@id\":\"https:\/\/vieassociative.be\/actualites\/#website\"},\"primaryImageOfPage\":{\"@id\":\"https:\/\/vieassociative.be\/actualites\/il-eupen-cree-la-relegation-sans-jouer-maintenant-il-sagit-seulement-de-lananas-dor\/#primaryimage\"},\"image\":{\"@id\":\"https:\/\/vieassociative.be\/actualites\/il-eupen-cree-la-relegation-sans-jouer-maintenant-il-sagit-seulement-de-lananas-dor\/#primaryimage\"},\"thumbnailUrl\":\"https:\/\/vieassociative.be\/actualites\/wp-content\/uploads\/2024\/11\/Victoire-4-0-au-Club-NXT-\u2013-AS-meconnaissable-\u2013-Charles-Cook.jpg\",\"datePublished\":\"2025-03-29T20:16:57+00:00\",\"dateModified\":\"2025-03-29T20:16:57+00:00\",\"breadcrumb\":{\"@id\":\"https:\/\/vieassociative.be\/actualites\/il-eupen-cree-la-relegation-sans-jouer-maintenant-il-sagit-seulement-de-lananas-dor\/#breadcrumb\"},\"inLanguage\":\"fr-BE\",\"potentialAction\":[{\"@type\":\"ReadAction\",\"target\":[\"https:\/\/vieassociative.be\/actualites\/il-eupen-cree-la-relegation-sans-jouer-maintenant-il-sagit-seulement-de-lananas-dor\/\"]}]},{\"@type\":\"ImageObject\",\"inLanguage\":\"fr-BE\",\"@id\":\"https:\/\/vieassociative.be\/actualites\/il-eupen-cree-la-relegation-sans-jouer-maintenant-il-sagit-seulement-de-lananas-dor\/#primaryimage\",\"url\":\"https:\/\/vieassociative.be\/actualites\/wp-content\/uploads\/2024\/11\/Victoire-4-0-au-Club-NXT-\u2013-AS-meconnaissable-\u2013-Charles-Cook.jpg\",\"contentUrl\":\"https:\/\/vieassociative.be\/actualites\/wp-content\/uploads\/2024\/11\/Victoire-4-0-au-Club-NXT-\u2013-AS-meconnaissable-\u2013-Charles-Cook.jpg\",\"width\":1200,\"height\":800,\"caption\":\"Victoire 4-0 au Club NXT \u2013 AS m\u00e9connaissable \u2013 Charles-Cook (2), Gedikli et Niang les buteurs\"},{\"@type\":\"BreadcrumbList\",\"@id\":\"https:\/\/vieassociative.be\/actualites\/il-eupen-cree-la-relegation-sans-jouer-maintenant-il-sagit-seulement-de-lananas-dor\/#breadcrumb\",\"itemListElement\":[{\"@type\":\"ListItem\",\"position\":1,\"name\":\"Accueil\",\"item\":\"https:\/\/vieassociative.be\/actualites\/\"},{\"@type\":\"ListItem\",\"position\":2,\"name\":\"Il eupen cr\u00e9e la rel\u00e9gation sans jouer &#8211; maintenant il s&rsquo;agit seulement de l&rsquo;ananas d&rsquo;or\"}]},{\"@type\":\"WebSite\",\"@id\":\"https:\/\/vieassociative.be\/actualites\/#website\",\"url\":\"https:\/\/vieassociative.be\/actualites\/\",\"name\":\"Vie Associative\",\"description\":\"\",\"publisher\":{\"@id\":\"https:\/\/vieassociative.be\/actualites\/#organization\"},\"potentialAction\":[{\"@type\":\"SearchAction\",\"target\":{\"@type\":\"EntryPoint\",\"urlTemplate\":\"https:\/\/vieassociative.be\/actualites\/?s={search_term_string}\"},\"query-input\":{\"@type\":\"PropertyValueSpecification\",\"valueRequired\":true,\"valueName\":\"search_term_string\"}}],\"inLanguage\":\"fr-BE\"},{\"@type\":\"Organization\",\"@id\":\"https:\/\/vieassociative.be\/actualites\/#organization\",\"name\":\"Vie Associative\",\"url\":\"https:\/\/vieassociative.be\/actualites\/\",\"logo\":{\"@type\":\"ImageObject\",\"inLanguage\":\"fr-BE\",\"@id\":\"https:\/\/vieassociative.be\/actualites\/#\/schema\/logo\/image\/\",\"url\":\"https:\/\/vieassociative.be\/actualites\/wp-content\/uploads\/2024\/09\/cropped-vieassociative_favicon.ico.png\",\"contentUrl\":\"https:\/\/vieassociative.be\/actualites\/wp-content\/uploads\/2024\/09\/cropped-vieassociative_favicon.ico.png\",\"width\":512,\"height\":512,\"caption\":\"Vie Associative\"},\"image\":{\"@id\":\"https:\/\/vieassociative.be\/actualites\/#\/schema\/logo\/image\/\"}},{\"@type\":\"Person\",\"@id\":\"https:\/\/vieassociative.be\/actualites\/#\/schema\/person\/b87ac4f82f9d4e7b7cec7395b679edc4\",\"name\":\"Julien\",\"image\":{\"@type\":\"ImageObject\",\"inLanguage\":\"fr-BE\",\"@id\":\"https:\/\/vieassociative.be\/actualites\/#\/schema\/person\/image\/\",\"url\":\"https:\/\/vieassociative.be\/actualites\/wp-content\/uploads\/2024\/09\/vie-associative-1-150x150.jpg\",\"contentUrl\":\"https:\/\/vieassociative.be\/actualites\/wp-content\/uploads\/2024\/09\/vie-associative-1-150x150.jpg\",\"caption\":\"Julien\"},\"description\":\"Je suis Julien, r\u00e9dacteur pour Vie Associative. Passionn\u00e9 par le monde associatif depuis plus de 10 ans, j'ai \u00e0 c\u0153ur de partager des histoires inspirantes et de mettre en lumi\u00e8re les initiatives locales. Mon objectif est de sensibiliser et d'encourager l'engagement communautaire \u00e0 travers mes articles.\",\"sameAs\":[\"https:\/\/vieassociative.be\/\"]}]}<\/script>\n<!-- \/ Yoast SEO plugin. -->","yoast_head_json":{"title":"Il eupen cr\u00e9e la rel\u00e9gation sans jouer - maintenant il s'agit seulement de l'ananas d'or | Vie Associative","robots":{"index":"index","follow":"follow","max-snippet":"max-snippet:-1","max-image-preview":"max-image-preview:large","max-video-preview":"max-video-preview:-1"},"canonical":"https:\/\/vieassociative.be\/actualites\/il-eupen-cree-la-relegation-sans-jouer-maintenant-il-sagit-seulement-de-lananas-dor\/","og_locale":"fr_FR","og_type":"article","og_title":"Il eupen cr\u00e9e la rel\u00e9gation sans jouer - maintenant il s'agit seulement de l'ananas d'or | Vie Associative","og_description":"Parce que Jong Genk a perdu 0-1 contre Raal La Louvi\u00e8re samedi, le Club de deuxi\u00e8me division en tant qu&rsquo;Eupen est d\u00e9j\u00e0 en s\u00e9curit\u00e9 avant","og_url":"https:\/\/vieassociative.be\/actualites\/il-eupen-cree-la-relegation-sans-jouer-maintenant-il-sagit-seulement-de-lananas-dor\/","og_site_name":"Vie Associative","article_published_time":"2025-03-29T20:16:57+00:00","og_image":[{"width":279,"height":92,"url":"https:\/\/vieassociative.be\/actualites\/wp-content\/uploads\/2024\/09\/header_backgroundk-01-e1726694325946.png","type":"image\/png"}],"author":"Julien","twitter_card":"summary_large_image","twitter_misc":{"\u00c9crit par":"Julien","Dur\u00e9e de lecture est.":"1 minute"},"schema":{"@context":"https:\/\/schema.org","@graph":[{"@type":"Article","@id":"https:\/\/vieassociative.be\/actualites\/il-eupen-cree-la-relegation-sans-jouer-maintenant-il-sagit-seulement-de-lananas-dor\/#article","isPartOf":{"@id":"https:\/\/vieassociative.be\/actualites\/il-eupen-cree-la-relegation-sans-jouer-maintenant-il-sagit-seulement-de-lananas-dor\/"},"author":{"name":"Julien","@id":"https:\/\/vieassociative.be\/actualites\/#\/schema\/person\/b87ac4f82f9d4e7b7cec7395b679edc4"},"headline":"Il eupen cr\u00e9e la rel\u00e9gation sans jouer &#8211; maintenant il s&rsquo;agit seulement de l&rsquo;ananas d&rsquo;or","datePublished":"2025-03-29T20:16:57+00:00","dateModified":"2025-03-29T20:16:57+00:00","mainEntityOfPage":{"@id":"https:\/\/vieassociative.be\/actualites\/il-eupen-cree-la-relegation-sans-jouer-maintenant-il-sagit-seulement-de-lananas-dor\/"},"wordCount":287,"publisher":{"@id":"https:\/\/vieassociative.be\/actualites\/#organization"},"image":{"@id":"https:\/\/vieassociative.be\/actualites\/il-eupen-cree-la-relegation-sans-jouer-maintenant-il-sagit-seulement-de-lananas-dor\/#primaryimage"},"thumbnailUrl":"https:\/\/vieassociative.be\/actualites\/wp-content\/uploads\/2024\/11\/Victoire-4-0-au-Club-NXT-\u2013-AS-meconnaissable-\u2013-Charles-Cook.jpg","keywords":["cr\u00e9e","dOr","Eupen","jouer","lananas","maintenant","rel\u00e9gation","sagit","sans","seulement"],"articleSection":["Belgique"],"inLanguage":"fr-BE"},{"@type":"WebPage","@id":"https:\/\/vieassociative.be\/actualites\/il-eupen-cree-la-relegation-sans-jouer-maintenant-il-sagit-seulement-de-lananas-dor\/","url":"https:\/\/vieassociative.be\/actualites\/il-eupen-cree-la-relegation-sans-jouer-maintenant-il-sagit-seulement-de-lananas-dor\/","name":"Il eupen cr\u00e9e la rel\u00e9gation sans jouer - maintenant il s'agit seulement de l'ananas d'or | Vie Associative","isPartOf":{"@id":"https:\/\/vieassociative.be\/actualites\/#website"},"primaryImageOfPage":{"@id":"https:\/\/vieassociative.be\/actualites\/il-eupen-cree-la-relegation-sans-jouer-maintenant-il-sagit-seulement-de-lananas-dor\/#primaryimage"},"image":{"@id":"https:\/\/vieassociative.be\/actualites\/il-eupen-cree-la-relegation-sans-jouer-maintenant-il-sagit-seulement-de-lananas-dor\/#primaryimage"},"thumbnailUrl":"https:\/\/vieassociative.be\/actualites\/wp-content\/uploads\/2024\/11\/Victoire-4-0-au-Club-NXT-\u2013-AS-meconnaissable-\u2013-Charles-Cook.jpg","datePublished":"2025-03-29T20:16:57+00:00","dateModified":"2025-03-29T20:16:57+00:00","breadcrumb":{"@id":"https:\/\/vieassociative.be\/actualites\/il-eupen-cree-la-relegation-sans-jouer-maintenant-il-sagit-seulement-de-lananas-dor\/#breadcrumb"},"inLanguage":"fr-BE","potentialAction":[{"@type":"ReadAction","target":["https:\/\/vieassociative.be\/actualites\/il-eupen-cree-la-relegation-sans-jouer-maintenant-il-sagit-seulement-de-lananas-dor\/"]}]},{"@type":"ImageObject","inLanguage":"fr-BE","@id":"https:\/\/vieassociative.be\/actualites\/il-eupen-cree-la-relegation-sans-jouer-maintenant-il-sagit-seulement-de-lananas-dor\/#primaryimage","url":"https:\/\/vieassociative.be\/actualites\/wp-content\/uploads\/2024\/11\/Victoire-4-0-au-Club-NXT-\u2013-AS-meconnaissable-\u2013-Charles-Cook.jpg","contentUrl":"https:\/\/vieassociative.be\/actualites\/wp-content\/uploads\/2024\/11\/Victoire-4-0-au-Club-NXT-\u2013-AS-meconnaissable-\u2013-Charles-Cook.jpg","width":1200,"height":800,"caption":"Victoire 4-0 au Club NXT \u2013 AS m\u00e9connaissable \u2013 Charles-Cook (2), Gedikli et Niang les buteurs"},{"@type":"BreadcrumbList","@id":"https:\/\/vieassociative.be\/actualites\/il-eupen-cree-la-relegation-sans-jouer-maintenant-il-sagit-seulement-de-lananas-dor\/#breadcrumb","itemListElement":[{"@type":"ListItem","position":1,"name":"Accueil","item":"https:\/\/vieassociative.be\/actualites\/"},{"@type":"ListItem","position":2,"name":"Il eupen cr\u00e9e la rel\u00e9gation sans jouer &#8211; maintenant il s&rsquo;agit seulement de l&rsquo;ananas d&rsquo;or"}]},{"@type":"WebSite","@id":"https:\/\/vieassociative.be\/actualites\/#website","url":"https:\/\/vieassociative.be\/actualites\/","name":"Vie Associative","description":"","publisher":{"@id":"https:\/\/vieassociative.be\/actualites\/#organization"},"potentialAction":[{"@type":"SearchAction","target":{"@type":"EntryPoint","urlTemplate":"https:\/\/vieassociative.be\/actualites\/?s={search_term_string}"},"query-input":{"@type":"PropertyValueSpecification","valueRequired":true,"valueName":"search_term_string"}}],"inLanguage":"fr-BE"},{"@type":"Organization","@id":"https:\/\/vieassociative.be\/actualites\/#organization","name":"Vie Associative","url":"https:\/\/vieassociative.be\/actualites\/","logo":{"@type":"ImageObject","inLanguage":"fr-BE","@id":"https:\/\/vieassociative.be\/actualites\/#\/schema\/logo\/image\/","url":"https:\/\/vieassociative.be\/actualites\/wp-content\/uploads\/2024\/09\/cropped-vieassociative_favicon.ico.png","contentUrl":"https:\/\/vieassociative.be\/actualites\/wp-content\/uploads\/2024\/09\/cropped-vieassociative_favicon.ico.png","width":512,"height":512,"caption":"Vie Associative"},"image":{"@id":"https:\/\/vieassociative.be\/actualites\/#\/schema\/logo\/image\/"}},{"@type":"Person","@id":"https:\/\/vieassociative.be\/actualites\/#\/schema\/person\/b87ac4f82f9d4e7b7cec7395b679edc4","name":"Julien","image":{"@type":"ImageObject","inLanguage":"fr-BE","@id":"https:\/\/vieassociative.be\/actualites\/#\/schema\/person\/image\/","url":"https:\/\/vieassociative.be\/actualites\/wp-content\/uploads\/2024\/09\/vie-associative-1-150x150.jpg","contentUrl":"https:\/\/vieassociative.be\/actualites\/wp-content\/uploads\/2024\/09\/vie-associative-1-150x150.jpg","caption":"Julien"},"description":"Je suis Julien, r\u00e9dacteur pour Vie Associative. Passionn\u00e9 par le monde associatif depuis plus de 10 ans, j'ai \u00e0 c\u0153ur de partager des histoires inspirantes et de mettre en lumi\u00e8re les initiatives locales. Mon objectif est de sensibiliser et d'encourager l'engagement communautaire \u00e0 travers mes articles.","sameAs":["https:\/\/vieassociative.be\/"]}]}},"_links":{"self":[{"href":"https:\/\/vieassociative.be\/actualites\/wp-json\/wp\/v2\/posts\/6261"}],"collection":[{"href":"https:\/\/vieassociative.be\/actualites\/wp-json\/wp\/v2\/posts"}],"about":[{"href":"https:\/\/vieassociative.be\/actualites\/wp-json\/wp\/v2\/types\/post"}],"author":[{"embeddable":true,"href":"https:\/\/vieassociative.be\/actualites\/wp-json\/wp\/v2\/users\/1"}],"replies":[{"embeddable":true,"href":"https:\/\/vieassociative.be\/actualites\/wp-json\/wp\/v2\/comments?post=6261"}],"version-history":[{"count":0,"href":"https:\/\/vieassociative.be\/actualites\/wp-json\/wp\/v2\/posts\/6261\/revisions"}],"wp:featuredmedia":[{"embeddable":true,"href":"https:\/\/vieassociative.be\/actualites\/wp-json\/wp\/v2\/media\/2693"}],"wp:attachment":[{"href":"https:\/\/vieassociative.be\/actualites\/wp-json\/wp\/v2\/media?parent=6261"}],"wp:term":[{"taxonomy":"category","embeddable":true,"href":"https:\/\/vieassociative.be\/actualites\/wp-json\/wp\/v2\/categories?post=6261"},{"taxonomy":"post_tag","embeddable":true,"href":"https:\/\/vieassociative.be\/actualites\/wp-json\/wp\/v2\/tags?post=6261"}],"curies":[{"name":"wp","href":"https:\/\/api.w.org\/{rel}","templated":true}]}}