{"id":6248,"date":"2025-03-29T09:20:18","date_gmt":"2025-03-29T08:20:18","guid":{"rendered":"https:\/\/vieassociative.be\/actualites\/e3-saxo-classic-prochaine-victoire-pour-mathieu-van-der-poel\/"},"modified":"2025-03-29T09:20:18","modified_gmt":"2025-03-29T08:20:18","slug":"e3-saxo-classic-prochaine-victoire-pour-mathieu-van-der-poel","status":"publish","type":"post","link":"https:\/\/vieassociative.be\/actualites\/e3-saxo-classic-prochaine-victoire-pour-mathieu-van-der-poel\/","title":{"rendered":"E3 Saxo Classic: prochaine victoire pour Mathieu van der Poel"},"content":{"rendered":"<p><strong>Au cours d&rsquo;une bonne semaine, la star du v\u00e9lo n\u00e9erlandaise Mathieu van de Poel sera le prochain grand duel avec le champion du monde Tadej Pogacar en tourn\u00e9e de la Flandre. Il est bien \u00e9quip\u00e9, comme il le prouve \u00e0 nouveau.<\/strong><\/p>\n<p><span id=\"more-412085\"><\/span>Avec une impressionnante victoire en solo, Mathieu van der Poel est mont\u00e9 sur le prochain duel g\u00e9ant avec Tadej Pogacar dans la tourn\u00e9e de la Flandre dans une bonne semaine.<\/p>\n<p>Le champion du monde de 2023, qui a triomph\u00e9 samedi dernier au classique du printemps Milan-Sanremo devant l&rsquo;italien Filippo Ganna et Pogacar, a remport\u00e9 le E3 Saxo Classic apr\u00e8s une attaque nette de 37 kilom\u00e8tres avant l&rsquo;arriv\u00e9e \u00e0 Harelbe.<\/p>\n<div id=\"attachment_412096\" class=\"wp-caption alignleft\" style=\"max-width: 300px\"><img fetchpriority=\"high\" decoding=\"async\" class=\"wp-image-412096 size-medium\" src=\"https:\/\/vieassociative.be\/actualites\/wp-content\/uploads\/2025\/03\/E3-Saxo-Classic-prochaine-victoire-pour-Mathieu-van-der-Poel.jpg\" alt=\"\" width=\"300\" height=\"200\"><\/p>\n<p class=\"wp-caption-text\">28\/03\/2025, Belgique, Harelbe: Le N\u00e9erlandais Mathieu van der Poel d&rsquo;Alpecin-Deceuninck applaudit lorsqu&rsquo;il franchit la ligne d&rsquo;arriv\u00e9e. Photo: Jasper Jacobs \/ Belga \/ DPA<\/p>\n<\/div>\n<p>Dans la course, plus de 208,8 kilom\u00e8tres, \u00e9galement connue sous le nom de \u00ab\u00a0Small Flandre Tour\u00a0\u00bb, le Dane Mads Pedersen et le double champion du monde Ganna ont pris la deuxi\u00e8me et la troisi\u00e8me place. Wout Van Aert, qui \u00e9tait cens\u00e9 \u00eatre le concurrent le plus net de van der Poel, n&rsquo;a jou\u00e9 aucun r\u00f4le majeur, comme son \u00e9quipe presque compl\u00e8te Visma-Lail un v\u00e9lo. Il semble que Van Aert ne se soit pas remis de sa forte chute dans la tourn\u00e9e de l&rsquo;Espagne l&rsquo;ann\u00e9e derni\u00e8re.<\/p>\n<p>Pogacar voulait \u00e9galement commencer le E3 Saxo Classic. Cependant, le Slov\u00e8ne a renonc\u00e9 \u00e0 la participation, tout comme dimanche au semi-classique Gent-Wevelgem. Au lieu de cela, le vainqueur du Tour de-France veut se concentrer enti\u00e8rement sur ses d\u00e9parts sur les deux monuments de cyclisme et pour la premi\u00e8re fois \u00e0 Paris-Roubaix.<\/p>\n<p>En Flandre, il devrait y avoir de grandes forces Pogacar et MVP, qui ont remport\u00e9 la course 2022 et 2024. Pogacar a obtenu la victoire en 2023. Des parties de l&rsquo;itin\u00e9raire ont \u00e9galement \u00e9t\u00e9 ma\u00eetris\u00e9es au prix E3, comme l&rsquo;Oude Kwaremont, o\u00f9 van der Poel a mis l&rsquo;attaque d\u00e9cisive cette fois. (DPA \/ CRE)<\/p>\n","protected":false},"excerpt":{"rendered":"<p>Au cours d&rsquo;une bonne semaine, la star du v\u00e9lo n\u00e9erlandaise Mathieu van de Poel sera le prochain grand duel avec le champion du monde Tadej<\/p>\n","protected":false},"author":1,"featured_media":6249,"comment_status":"","ping_status":"","sticky":false,"template":"","format":"standard","meta":{"footnotes":""},"categories":[298],"tags":[4368,668,6075,5974,81,773,6074,4100,784],"class_list":["post-6248","post","type-post","status-publish","format-standard","has-post-thumbnail","hentry","category-belgique","tag-classic","tag-der","tag-mathieu","tag-poel","tag-pour","tag-prochaine","tag-saxo","tag-van","tag-victoire","generate-columns","tablet-grid-50","mobile-grid-100","grid-parent","grid-33"],"yoast_head":"<!-- This site is optimized with the Yoast SEO plugin v24.0 - https:\/\/yoast.com\/wordpress\/plugins\/seo\/ -->\n<title>E3 Saxo Classic: prochaine victoire pour Mathieu van der Poel | Vie Associative<\/title>\n<meta name=\"robots\" content=\"index, follow, max-snippet:-1, max-image-preview:large, max-video-preview:-1\" \/>\n<link rel=\"canonical\" href=\"https:\/\/vieassociative.be\/actualites\/e3-saxo-classic-prochaine-victoire-pour-mathieu-van-der-poel\/\" \/>\n<meta property=\"og:locale\" content=\"fr_FR\" \/>\n<meta property=\"og:type\" content=\"article\" \/>\n<meta property=\"og:title\" content=\"E3 Saxo Classic: prochaine victoire pour Mathieu van der Poel | Vie Associative\" \/>\n<meta property=\"og:description\" content=\"Au cours d&rsquo;une bonne semaine, la star du v\u00e9lo n\u00e9erlandaise Mathieu van de Poel sera le prochain grand duel avec le champion du monde Tadej\" \/>\n<meta property=\"og:url\" content=\"https:\/\/vieassociative.be\/actualites\/e3-saxo-classic-prochaine-victoire-pour-mathieu-van-der-poel\/\" \/>\n<meta property=\"og:site_name\" content=\"Vie Associative\" \/>\n<meta property=\"article:published_time\" content=\"2025-03-29T08:20:18+00:00\" \/>\n<meta property=\"og:image\" content=\"https:\/\/vieassociative.be\/actualites\/wp-content\/uploads\/2024\/09\/header_backgroundk-01-e1726694325946.png\" \/>\n\t<meta property=\"og:image:width\" content=\"279\" \/>\n\t<meta property=\"og:image:height\" content=\"92\" \/>\n\t<meta property=\"og:image:type\" content=\"image\/png\" \/>\n<meta name=\"author\" content=\"Julien\" \/>\n<meta name=\"twitter:card\" content=\"summary_large_image\" \/>\n<meta name=\"twitter:label1\" content=\"\u00c9crit par\" \/>\n\t<meta name=\"twitter:data1\" content=\"Julien\" \/>\n\t<meta name=\"twitter:label2\" content=\"Dur\u00e9e de lecture est.\" \/>\n\t<meta name=\"twitter:data2\" content=\"2 minutes\" \/>\n<script type=\"application\/ld+json\" class=\"yoast-schema-graph\">{\"@context\":\"https:\/\/schema.org\",\"@graph\":[{\"@type\":\"Article\",\"@id\":\"https:\/\/vieassociative.be\/actualites\/e3-saxo-classic-prochaine-victoire-pour-mathieu-van-der-poel\/#article\",\"isPartOf\":{\"@id\":\"https:\/\/vieassociative.be\/actualites\/e3-saxo-classic-prochaine-victoire-pour-mathieu-van-der-poel\/\"},\"author\":{\"name\":\"Julien\",\"@id\":\"https:\/\/vieassociative.be\/actualites\/#\/schema\/person\/b87ac4f82f9d4e7b7cec7395b679edc4\"},\"headline\":\"E3 Saxo Classic: prochaine victoire pour Mathieu van der Poel\",\"datePublished\":\"2025-03-29T08:20:18+00:00\",\"dateModified\":\"2025-03-29T08:20:18+00:00\",\"mainEntityOfPage\":{\"@id\":\"https:\/\/vieassociative.be\/actualites\/e3-saxo-classic-prochaine-victoire-pour-mathieu-van-der-poel\/\"},\"wordCount\":358,\"publisher\":{\"@id\":\"https:\/\/vieassociative.be\/actualites\/#organization\"},\"image\":{\"@id\":\"https:\/\/vieassociative.be\/actualites\/e3-saxo-classic-prochaine-victoire-pour-mathieu-van-der-poel\/#primaryimage\"},\"thumbnailUrl\":\"https:\/\/vieassociative.be\/actualites\/wp-content\/uploads\/2025\/03\/1743236418_E3-Saxo-Classic-prochaine-victoire-pour-Mathieu-van-der-Poel.jpg\",\"keywords\":[\"Classic\",\"der\",\"Mathieu\",\"Poel\",\"pour\",\"prochaine\",\"Saxo\",\"Van\",\"victoire\"],\"articleSection\":[\"Belgique\"],\"inLanguage\":\"fr-BE\"},{\"@type\":\"WebPage\",\"@id\":\"https:\/\/vieassociative.be\/actualites\/e3-saxo-classic-prochaine-victoire-pour-mathieu-van-der-poel\/\",\"url\":\"https:\/\/vieassociative.be\/actualites\/e3-saxo-classic-prochaine-victoire-pour-mathieu-van-der-poel\/\",\"name\":\"E3 Saxo Classic: prochaine victoire pour Mathieu van der Poel | Vie Associative\",\"isPartOf\":{\"@id\":\"https:\/\/vieassociative.be\/actualites\/#website\"},\"primaryImageOfPage\":{\"@id\":\"https:\/\/vieassociative.be\/actualites\/e3-saxo-classic-prochaine-victoire-pour-mathieu-van-der-poel\/#primaryimage\"},\"image\":{\"@id\":\"https:\/\/vieassociative.be\/actualites\/e3-saxo-classic-prochaine-victoire-pour-mathieu-van-der-poel\/#primaryimage\"},\"thumbnailUrl\":\"https:\/\/vieassociative.be\/actualites\/wp-content\/uploads\/2025\/03\/1743236418_E3-Saxo-Classic-prochaine-victoire-pour-Mathieu-van-der-Poel.jpg\",\"datePublished\":\"2025-03-29T08:20:18+00:00\",\"dateModified\":\"2025-03-29T08:20:18+00:00\",\"breadcrumb\":{\"@id\":\"https:\/\/vieassociative.be\/actualites\/e3-saxo-classic-prochaine-victoire-pour-mathieu-van-der-poel\/#breadcrumb\"},\"inLanguage\":\"fr-BE\",\"potentialAction\":[{\"@type\":\"ReadAction\",\"target\":[\"https:\/\/vieassociative.be\/actualites\/e3-saxo-classic-prochaine-victoire-pour-mathieu-van-der-poel\/\"]}]},{\"@type\":\"ImageObject\",\"inLanguage\":\"fr-BE\",\"@id\":\"https:\/\/vieassociative.be\/actualites\/e3-saxo-classic-prochaine-victoire-pour-mathieu-van-der-poel\/#primaryimage\",\"url\":\"https:\/\/vieassociative.be\/actualites\/wp-content\/uploads\/2025\/03\/1743236418_E3-Saxo-Classic-prochaine-victoire-pour-Mathieu-van-der-Poel.jpg\",\"contentUrl\":\"https:\/\/vieassociative.be\/actualites\/wp-content\/uploads\/2025\/03\/1743236418_E3-Saxo-Classic-prochaine-victoire-pour-Mathieu-van-der-Poel.jpg\",\"width\":1200,\"height\":800,\"caption\":\"E3 Saxo Classic: prochaine victoire pour Mathieu van der Poel\"},{\"@type\":\"BreadcrumbList\",\"@id\":\"https:\/\/vieassociative.be\/actualites\/e3-saxo-classic-prochaine-victoire-pour-mathieu-van-der-poel\/#breadcrumb\",\"itemListElement\":[{\"@type\":\"ListItem\",\"position\":1,\"name\":\"Accueil\",\"item\":\"https:\/\/vieassociative.be\/actualites\/\"},{\"@type\":\"ListItem\",\"position\":2,\"name\":\"E3 Saxo Classic: prochaine victoire pour Mathieu van der Poel\"}]},{\"@type\":\"WebSite\",\"@id\":\"https:\/\/vieassociative.be\/actualites\/#website\",\"url\":\"https:\/\/vieassociative.be\/actualites\/\",\"name\":\"Vie Associative\",\"description\":\"\",\"publisher\":{\"@id\":\"https:\/\/vieassociative.be\/actualites\/#organization\"},\"potentialAction\":[{\"@type\":\"SearchAction\",\"target\":{\"@type\":\"EntryPoint\",\"urlTemplate\":\"https:\/\/vieassociative.be\/actualites\/?s={search_term_string}\"},\"query-input\":{\"@type\":\"PropertyValueSpecification\",\"valueRequired\":true,\"valueName\":\"search_term_string\"}}],\"inLanguage\":\"fr-BE\"},{\"@type\":\"Organization\",\"@id\":\"https:\/\/vieassociative.be\/actualites\/#organization\",\"name\":\"Vie Associative\",\"url\":\"https:\/\/vieassociative.be\/actualites\/\",\"logo\":{\"@type\":\"ImageObject\",\"inLanguage\":\"fr-BE\",\"@id\":\"https:\/\/vieassociative.be\/actualites\/#\/schema\/logo\/image\/\",\"url\":\"https:\/\/vieassociative.be\/actualites\/wp-content\/uploads\/2024\/09\/cropped-vieassociative_favicon.ico.png\",\"contentUrl\":\"https:\/\/vieassociative.be\/actualites\/wp-content\/uploads\/2024\/09\/cropped-vieassociative_favicon.ico.png\",\"width\":512,\"height\":512,\"caption\":\"Vie Associative\"},\"image\":{\"@id\":\"https:\/\/vieassociative.be\/actualites\/#\/schema\/logo\/image\/\"}},{\"@type\":\"Person\",\"@id\":\"https:\/\/vieassociative.be\/actualites\/#\/schema\/person\/b87ac4f82f9d4e7b7cec7395b679edc4\",\"name\":\"Julien\",\"image\":{\"@type\":\"ImageObject\",\"inLanguage\":\"fr-BE\",\"@id\":\"https:\/\/vieassociative.be\/actualites\/#\/schema\/person\/image\/\",\"url\":\"https:\/\/vieassociative.be\/actualites\/wp-content\/uploads\/2024\/09\/vie-associative-1-150x150.jpg\",\"contentUrl\":\"https:\/\/vieassociative.be\/actualites\/wp-content\/uploads\/2024\/09\/vie-associative-1-150x150.jpg\",\"caption\":\"Julien\"},\"description\":\"Je suis Julien, r\u00e9dacteur pour Vie Associative. Passionn\u00e9 par le monde associatif depuis plus de 10 ans, j'ai \u00e0 c\u0153ur de partager des histoires inspirantes et de mettre en lumi\u00e8re les initiatives locales. Mon objectif est de sensibiliser et d'encourager l'engagement communautaire \u00e0 travers mes articles.\",\"sameAs\":[\"https:\/\/vieassociative.be\/\"]}]}<\/script>\n<!-- \/ Yoast SEO plugin. -->","yoast_head_json":{"title":"E3 Saxo Classic: prochaine victoire pour Mathieu van der Poel | Vie Associative","robots":{"index":"index","follow":"follow","max-snippet":"max-snippet:-1","max-image-preview":"max-image-preview:large","max-video-preview":"max-video-preview:-1"},"canonical":"https:\/\/vieassociative.be\/actualites\/e3-saxo-classic-prochaine-victoire-pour-mathieu-van-der-poel\/","og_locale":"fr_FR","og_type":"article","og_title":"E3 Saxo Classic: prochaine victoire pour Mathieu van der Poel | Vie Associative","og_description":"Au cours d&rsquo;une bonne semaine, la star du v\u00e9lo n\u00e9erlandaise Mathieu van de Poel sera le prochain grand duel avec le champion du monde Tadej","og_url":"https:\/\/vieassociative.be\/actualites\/e3-saxo-classic-prochaine-victoire-pour-mathieu-van-der-poel\/","og_site_name":"Vie Associative","article_published_time":"2025-03-29T08:20:18+00:00","og_image":[{"width":279,"height":92,"url":"https:\/\/vieassociative.be\/actualites\/wp-content\/uploads\/2024\/09\/header_backgroundk-01-e1726694325946.png","type":"image\/png"}],"author":"Julien","twitter_card":"summary_large_image","twitter_misc":{"\u00c9crit par":"Julien","Dur\u00e9e de lecture est.":"2 minutes"},"schema":{"@context":"https:\/\/schema.org","@graph":[{"@type":"Article","@id":"https:\/\/vieassociative.be\/actualites\/e3-saxo-classic-prochaine-victoire-pour-mathieu-van-der-poel\/#article","isPartOf":{"@id":"https:\/\/vieassociative.be\/actualites\/e3-saxo-classic-prochaine-victoire-pour-mathieu-van-der-poel\/"},"author":{"name":"Julien","@id":"https:\/\/vieassociative.be\/actualites\/#\/schema\/person\/b87ac4f82f9d4e7b7cec7395b679edc4"},"headline":"E3 Saxo Classic: prochaine victoire pour Mathieu van der Poel","datePublished":"2025-03-29T08:20:18+00:00","dateModified":"2025-03-29T08:20:18+00:00","mainEntityOfPage":{"@id":"https:\/\/vieassociative.be\/actualites\/e3-saxo-classic-prochaine-victoire-pour-mathieu-van-der-poel\/"},"wordCount":358,"publisher":{"@id":"https:\/\/vieassociative.be\/actualites\/#organization"},"image":{"@id":"https:\/\/vieassociative.be\/actualites\/e3-saxo-classic-prochaine-victoire-pour-mathieu-van-der-poel\/#primaryimage"},"thumbnailUrl":"https:\/\/vieassociative.be\/actualites\/wp-content\/uploads\/2025\/03\/1743236418_E3-Saxo-Classic-prochaine-victoire-pour-Mathieu-van-der-Poel.jpg","keywords":["Classic","der","Mathieu","Poel","pour","prochaine","Saxo","Van","victoire"],"articleSection":["Belgique"],"inLanguage":"fr-BE"},{"@type":"WebPage","@id":"https:\/\/vieassociative.be\/actualites\/e3-saxo-classic-prochaine-victoire-pour-mathieu-van-der-poel\/","url":"https:\/\/vieassociative.be\/actualites\/e3-saxo-classic-prochaine-victoire-pour-mathieu-van-der-poel\/","name":"E3 Saxo Classic: prochaine victoire pour Mathieu van der Poel | Vie Associative","isPartOf":{"@id":"https:\/\/vieassociative.be\/actualites\/#website"},"primaryImageOfPage":{"@id":"https:\/\/vieassociative.be\/actualites\/e3-saxo-classic-prochaine-victoire-pour-mathieu-van-der-poel\/#primaryimage"},"image":{"@id":"https:\/\/vieassociative.be\/actualites\/e3-saxo-classic-prochaine-victoire-pour-mathieu-van-der-poel\/#primaryimage"},"thumbnailUrl":"https:\/\/vieassociative.be\/actualites\/wp-content\/uploads\/2025\/03\/1743236418_E3-Saxo-Classic-prochaine-victoire-pour-Mathieu-van-der-Poel.jpg","datePublished":"2025-03-29T08:20:18+00:00","dateModified":"2025-03-29T08:20:18+00:00","breadcrumb":{"@id":"https:\/\/vieassociative.be\/actualites\/e3-saxo-classic-prochaine-victoire-pour-mathieu-van-der-poel\/#breadcrumb"},"inLanguage":"fr-BE","potentialAction":[{"@type":"ReadAction","target":["https:\/\/vieassociative.be\/actualites\/e3-saxo-classic-prochaine-victoire-pour-mathieu-van-der-poel\/"]}]},{"@type":"ImageObject","inLanguage":"fr-BE","@id":"https:\/\/vieassociative.be\/actualites\/e3-saxo-classic-prochaine-victoire-pour-mathieu-van-der-poel\/#primaryimage","url":"https:\/\/vieassociative.be\/actualites\/wp-content\/uploads\/2025\/03\/1743236418_E3-Saxo-Classic-prochaine-victoire-pour-Mathieu-van-der-Poel.jpg","contentUrl":"https:\/\/vieassociative.be\/actualites\/wp-content\/uploads\/2025\/03\/1743236418_E3-Saxo-Classic-prochaine-victoire-pour-Mathieu-van-der-Poel.jpg","width":1200,"height":800,"caption":"E3 Saxo Classic: prochaine victoire pour Mathieu van der Poel"},{"@type":"BreadcrumbList","@id":"https:\/\/vieassociative.be\/actualites\/e3-saxo-classic-prochaine-victoire-pour-mathieu-van-der-poel\/#breadcrumb","itemListElement":[{"@type":"ListItem","position":1,"name":"Accueil","item":"https:\/\/vieassociative.be\/actualites\/"},{"@type":"ListItem","position":2,"name":"E3 Saxo Classic: prochaine victoire pour Mathieu van der Poel"}]},{"@type":"WebSite","@id":"https:\/\/vieassociative.be\/actualites\/#website","url":"https:\/\/vieassociative.be\/actualites\/","name":"Vie Associative","description":"","publisher":{"@id":"https:\/\/vieassociative.be\/actualites\/#organization"},"potentialAction":[{"@type":"SearchAction","target":{"@type":"EntryPoint","urlTemplate":"https:\/\/vieassociative.be\/actualites\/?s={search_term_string}"},"query-input":{"@type":"PropertyValueSpecification","valueRequired":true,"valueName":"search_term_string"}}],"inLanguage":"fr-BE"},{"@type":"Organization","@id":"https:\/\/vieassociative.be\/actualites\/#organization","name":"Vie Associative","url":"https:\/\/vieassociative.be\/actualites\/","logo":{"@type":"ImageObject","inLanguage":"fr-BE","@id":"https:\/\/vieassociative.be\/actualites\/#\/schema\/logo\/image\/","url":"https:\/\/vieassociative.be\/actualites\/wp-content\/uploads\/2024\/09\/cropped-vieassociative_favicon.ico.png","contentUrl":"https:\/\/vieassociative.be\/actualites\/wp-content\/uploads\/2024\/09\/cropped-vieassociative_favicon.ico.png","width":512,"height":512,"caption":"Vie Associative"},"image":{"@id":"https:\/\/vieassociative.be\/actualites\/#\/schema\/logo\/image\/"}},{"@type":"Person","@id":"https:\/\/vieassociative.be\/actualites\/#\/schema\/person\/b87ac4f82f9d4e7b7cec7395b679edc4","name":"Julien","image":{"@type":"ImageObject","inLanguage":"fr-BE","@id":"https:\/\/vieassociative.be\/actualites\/#\/schema\/person\/image\/","url":"https:\/\/vieassociative.be\/actualites\/wp-content\/uploads\/2024\/09\/vie-associative-1-150x150.jpg","contentUrl":"https:\/\/vieassociative.be\/actualites\/wp-content\/uploads\/2024\/09\/vie-associative-1-150x150.jpg","caption":"Julien"},"description":"Je suis Julien, r\u00e9dacteur pour Vie Associative. Passionn\u00e9 par le monde associatif depuis plus de 10 ans, j'ai \u00e0 c\u0153ur de partager des histoires inspirantes et de mettre en lumi\u00e8re les initiatives locales. Mon objectif est de sensibiliser et d'encourager l'engagement communautaire \u00e0 travers mes articles.","sameAs":["https:\/\/vieassociative.be\/"]}]}},"_links":{"self":[{"href":"https:\/\/vieassociative.be\/actualites\/wp-json\/wp\/v2\/posts\/6248"}],"collection":[{"href":"https:\/\/vieassociative.be\/actualites\/wp-json\/wp\/v2\/posts"}],"about":[{"href":"https:\/\/vieassociative.be\/actualites\/wp-json\/wp\/v2\/types\/post"}],"author":[{"embeddable":true,"href":"https:\/\/vieassociative.be\/actualites\/wp-json\/wp\/v2\/users\/1"}],"replies":[{"embeddable":true,"href":"https:\/\/vieassociative.be\/actualites\/wp-json\/wp\/v2\/comments?post=6248"}],"version-history":[{"count":0,"href":"https:\/\/vieassociative.be\/actualites\/wp-json\/wp\/v2\/posts\/6248\/revisions"}],"wp:featuredmedia":[{"embeddable":true,"href":"https:\/\/vieassociative.be\/actualites\/wp-json\/wp\/v2\/media\/6249"}],"wp:attachment":[{"href":"https:\/\/vieassociative.be\/actualites\/wp-json\/wp\/v2\/media?parent=6248"}],"wp:term":[{"taxonomy":"category","embeddable":true,"href":"https:\/\/vieassociative.be\/actualites\/wp-json\/wp\/v2\/categories?post=6248"},{"taxonomy":"post_tag","embeddable":true,"href":"https:\/\/vieassociative.be\/actualites\/wp-json\/wp\/v2\/tags?post=6248"}],"curies":[{"name":"wp","href":"https:\/\/api.w.org\/{rel}","templated":true}]}}