{"id":6243,"date":"2025-03-29T03:17:16","date_gmt":"2025-03-29T02:17:16","guid":{"rendered":"https:\/\/vieassociative.be\/actualites\/tesla-takedown-protestation-mondiale-contre-tesla\/"},"modified":"2025-03-29T03:17:16","modified_gmt":"2025-03-29T02:17:16","slug":"tesla-takedown-protestation-mondiale-contre-tesla","status":"publish","type":"post","link":"https:\/\/vieassociative.be\/actualites\/tesla-takedown-protestation-mondiale-contre-tesla\/","title":{"rendered":"\u00ab\u00a0Tesla Takedown\u00a0\u00bb: Protestation mondiale contre Tesla"},"content":{"rendered":"<p><strong>Un groupe d&rsquo;opposants \u00e0 Elon Musk pr\u00e9voit de mener une campagne majeure coordonn\u00e9e contre sa marque de voiture Tesla ce samedi 29 mars en Europe, des manifestations sont pr\u00e9vues en particulier aux Pays-Bas, en Allemagne et au Royaume-Uni, mais pas en Belgique.<\/strong><\/p>\n<p><span id=\"more-412092\"><\/span>\u00ab\u00a0Tesla Takedown\u00a0\u00bb est le nom du mouvement derri\u00e8re le grand jour de protestation. Il doit \u00eatre compris comme des repr\u00e9sailles pour les positions politiques et les mesures que le fondateur Elon Musk a introduites.<\/p>\n<p>Le groupe accuse le milliardaire de \u00ab\u00a0d\u00e9truire notre d\u00e9mocratie\u00a0\u00bb et \u00ab\u00a0les actifs qu&rsquo;il a construits \u00e0 Tesla\u00a0\u00bb et veut \u00ab\u00a0prendre des mesures contre Tesla afin d&rsquo;arr\u00eater les coupons ill\u00e9gaux de Musk\u00a0\u00bb. Une manifestation qui se d\u00e9roulera officiellement dans toutes les r\u00e9gions du monde sous forme de r\u00e9unions et de d\u00e9monstrations devant les centres et les bureaux de la marque am\u00e9ricaine.<\/p>\n<div id=\"attachment_411981\" class=\"wp-caption alignleft\" style=\"max-width: 300px\"><img fetchpriority=\"high\" decoding=\"async\" class=\"wp-image-411981 size-medium\" src=\"https:\/\/vieassociative.be\/actualites\/wp-content\/uploads\/2025\/03\/Tesla-Takedown-Protestation-mondiale-contre-Tesla.jpg\" alt=\"\" width=\"300\" height=\"200\"><\/p>\n<p class=\"wp-caption-text\">11.03.2025, \u00c9tats-Unis, Washington: le pr\u00e9sident am\u00e9ricain Donald Trump (R) et Tesla-Ceo Elon Musk parlent aux journalistes devant un mod\u00e8le rouge Tesla sur la salet\u00e9 sud de la Maison Blanche. Photo: &#8211; \/ Pool \/ AP \/ DPA<\/p>\n<\/div>\n<p>Si vous pouvez croire \u00ab\u00a0Tesla Takedown\u00a0\u00bb, des d\u00e9placements sont pr\u00e9vus dans de nombreux pays europ\u00e9ens: le Danemark, l&rsquo;Allemagne, la Finlande, la France, l&rsquo;Irlande, les Pays-Bas, le Royaume-Uni ou la Suisse sont affect\u00e9s &#8211; mais pas la Belgique, du moins pas officiellement. \u00ab\u00a0Des mesures sont prises\u00a0\u00bb pour prot\u00e9ger les b\u00e2timents et les v\u00e9hicules contre les attaques, a d\u00e9clar\u00e9 le porte-parole de Benelux de la soci\u00e9t\u00e9, mais sans vouloir r\u00e9v\u00e9ler plus de d\u00e9tails sur les mesures.<\/p>\n<p>O\u00f9 s&rsquo;arr\u00eate le \u00ab\u00a0d\u00e9nigrement\u00a0\u00bb? Tesla a \u00e9t\u00e9 au milieu d&rsquo;une vraie turbulence depuis qu&rsquo;Elon Musk a rejoint le garde du corps de Donald Trump. Entre les entreprises qui retirent leur \u00abpolitique de voiture\u00bb, la r\u00e9trogradation des v\u00e9hicules de la marque et parfois m\u00eame des d\u00e9clarations hostiles envers leurs moteurs r\u00e9duisent les chiffres des ventes et le cours de l&rsquo;action tombe dans le sous-sol. Les v\u00e9hicules Tesla dans le monde sont \u00e9galement d\u00e9lib\u00e9r\u00e9ment endommag\u00e9s ou m\u00eame d\u00e9truits. La fin des manifestations anti-Tesla n&rsquo;est pas en vue. (Cre)<\/p>\n","protected":false},"excerpt":{"rendered":"<p>Un groupe d&rsquo;opposants \u00e0 Elon Musk pr\u00e9voit de mener une campagne majeure coordonn\u00e9e contre sa marque de voiture Tesla ce samedi 29 mars en Europe,<\/p>\n","protected":false},"author":1,"featured_media":6244,"comment_status":"","ping_status":"","sticky":false,"template":"","format":"standard","meta":{"footnotes":""},"categories":[298],"tags":[796,2990,6073,6072,5802],"class_list":["post-6243","post","type-post","status-publish","format-standard","has-post-thumbnail","hentry","category-belgique","tag-contre","tag-mondiale","tag-protestation","tag-takedown","tag-tesla","generate-columns","tablet-grid-50","mobile-grid-100","grid-parent","grid-33"],"yoast_head":"<!-- This site is optimized with the Yoast SEO plugin v24.0 - https:\/\/yoast.com\/wordpress\/plugins\/seo\/ -->\n<title>&quot;Tesla Takedown&quot;: Protestation mondiale contre Tesla | Vie Associative<\/title>\n<meta name=\"robots\" content=\"index, follow, max-snippet:-1, max-image-preview:large, max-video-preview:-1\" \/>\n<link rel=\"canonical\" href=\"https:\/\/vieassociative.be\/actualites\/tesla-takedown-protestation-mondiale-contre-tesla\/\" \/>\n<meta property=\"og:locale\" content=\"fr_FR\" \/>\n<meta property=\"og:type\" content=\"article\" \/>\n<meta property=\"og:title\" content=\"&quot;Tesla Takedown&quot;: Protestation mondiale contre Tesla | Vie Associative\" \/>\n<meta property=\"og:description\" content=\"Un groupe d&rsquo;opposants \u00e0 Elon Musk pr\u00e9voit de mener une campagne majeure coordonn\u00e9e contre sa marque de voiture Tesla ce samedi 29 mars en Europe,\" \/>\n<meta property=\"og:url\" content=\"https:\/\/vieassociative.be\/actualites\/tesla-takedown-protestation-mondiale-contre-tesla\/\" \/>\n<meta property=\"og:site_name\" content=\"Vie Associative\" \/>\n<meta property=\"article:published_time\" content=\"2025-03-29T02:17:16+00:00\" \/>\n<meta property=\"og:image\" content=\"https:\/\/vieassociative.be\/actualites\/wp-content\/uploads\/2024\/09\/header_backgroundk-01-e1726694325946.png\" \/>\n\t<meta property=\"og:image:width\" content=\"279\" \/>\n\t<meta property=\"og:image:height\" content=\"92\" \/>\n\t<meta property=\"og:image:type\" content=\"image\/png\" \/>\n<meta name=\"author\" content=\"Julien\" \/>\n<meta name=\"twitter:card\" content=\"summary_large_image\" \/>\n<meta name=\"twitter:label1\" content=\"\u00c9crit par\" \/>\n\t<meta name=\"twitter:data1\" content=\"Julien\" \/>\n\t<meta name=\"twitter:label2\" content=\"Dur\u00e9e de lecture est.\" \/>\n\t<meta name=\"twitter:data2\" content=\"2 minutes\" \/>\n<script type=\"application\/ld+json\" class=\"yoast-schema-graph\">{\"@context\":\"https:\/\/schema.org\",\"@graph\":[{\"@type\":\"Article\",\"@id\":\"https:\/\/vieassociative.be\/actualites\/tesla-takedown-protestation-mondiale-contre-tesla\/#article\",\"isPartOf\":{\"@id\":\"https:\/\/vieassociative.be\/actualites\/tesla-takedown-protestation-mondiale-contre-tesla\/\"},\"author\":{\"name\":\"Julien\",\"@id\":\"https:\/\/vieassociative.be\/actualites\/#\/schema\/person\/b87ac4f82f9d4e7b7cec7395b679edc4\"},\"headline\":\"\u00ab\u00a0Tesla Takedown\u00a0\u00bb: Protestation mondiale contre Tesla\",\"datePublished\":\"2025-03-29T02:17:16+00:00\",\"dateModified\":\"2025-03-29T02:17:16+00:00\",\"mainEntityOfPage\":{\"@id\":\"https:\/\/vieassociative.be\/actualites\/tesla-takedown-protestation-mondiale-contre-tesla\/\"},\"wordCount\":385,\"publisher\":{\"@id\":\"https:\/\/vieassociative.be\/actualites\/#organization\"},\"image\":{\"@id\":\"https:\/\/vieassociative.be\/actualites\/tesla-takedown-protestation-mondiale-contre-tesla\/#primaryimage\"},\"thumbnailUrl\":\"https:\/\/vieassociative.be\/actualites\/wp-content\/uploads\/2025\/03\/1743214636_Tesla-Takedown-Protestation-mondiale-contre-Tesla.jpg\",\"keywords\":[\"contre\",\"mondiale\",\"Protestation\",\"Takedown\",\"Tesla\"],\"articleSection\":[\"Belgique\"],\"inLanguage\":\"fr-BE\"},{\"@type\":\"WebPage\",\"@id\":\"https:\/\/vieassociative.be\/actualites\/tesla-takedown-protestation-mondiale-contre-tesla\/\",\"url\":\"https:\/\/vieassociative.be\/actualites\/tesla-takedown-protestation-mondiale-contre-tesla\/\",\"name\":\"\\\"Tesla Takedown\\\": Protestation mondiale contre Tesla | Vie Associative\",\"isPartOf\":{\"@id\":\"https:\/\/vieassociative.be\/actualites\/#website\"},\"primaryImageOfPage\":{\"@id\":\"https:\/\/vieassociative.be\/actualites\/tesla-takedown-protestation-mondiale-contre-tesla\/#primaryimage\"},\"image\":{\"@id\":\"https:\/\/vieassociative.be\/actualites\/tesla-takedown-protestation-mondiale-contre-tesla\/#primaryimage\"},\"thumbnailUrl\":\"https:\/\/vieassociative.be\/actualites\/wp-content\/uploads\/2025\/03\/1743214636_Tesla-Takedown-Protestation-mondiale-contre-Tesla.jpg\",\"datePublished\":\"2025-03-29T02:17:16+00:00\",\"dateModified\":\"2025-03-29T02:17:16+00:00\",\"breadcrumb\":{\"@id\":\"https:\/\/vieassociative.be\/actualites\/tesla-takedown-protestation-mondiale-contre-tesla\/#breadcrumb\"},\"inLanguage\":\"fr-BE\",\"potentialAction\":[{\"@type\":\"ReadAction\",\"target\":[\"https:\/\/vieassociative.be\/actualites\/tesla-takedown-protestation-mondiale-contre-tesla\/\"]}]},{\"@type\":\"ImageObject\",\"inLanguage\":\"fr-BE\",\"@id\":\"https:\/\/vieassociative.be\/actualites\/tesla-takedown-protestation-mondiale-contre-tesla\/#primaryimage\",\"url\":\"https:\/\/vieassociative.be\/actualites\/wp-content\/uploads\/2025\/03\/1743214636_Tesla-Takedown-Protestation-mondiale-contre-Tesla.jpg\",\"contentUrl\":\"https:\/\/vieassociative.be\/actualites\/wp-content\/uploads\/2025\/03\/1743214636_Tesla-Takedown-Protestation-mondiale-contre-Tesla.jpg\",\"width\":1300,\"height\":863,\"caption\":\"\\\"Tesla Takedown\\\": Protestation mondiale contre Tesla\"},{\"@type\":\"BreadcrumbList\",\"@id\":\"https:\/\/vieassociative.be\/actualites\/tesla-takedown-protestation-mondiale-contre-tesla\/#breadcrumb\",\"itemListElement\":[{\"@type\":\"ListItem\",\"position\":1,\"name\":\"Accueil\",\"item\":\"https:\/\/vieassociative.be\/actualites\/\"},{\"@type\":\"ListItem\",\"position\":2,\"name\":\"\u00ab\u00a0Tesla Takedown\u00a0\u00bb: Protestation mondiale contre Tesla\"}]},{\"@type\":\"WebSite\",\"@id\":\"https:\/\/vieassociative.be\/actualites\/#website\",\"url\":\"https:\/\/vieassociative.be\/actualites\/\",\"name\":\"Vie Associative\",\"description\":\"\",\"publisher\":{\"@id\":\"https:\/\/vieassociative.be\/actualites\/#organization\"},\"potentialAction\":[{\"@type\":\"SearchAction\",\"target\":{\"@type\":\"EntryPoint\",\"urlTemplate\":\"https:\/\/vieassociative.be\/actualites\/?s={search_term_string}\"},\"query-input\":{\"@type\":\"PropertyValueSpecification\",\"valueRequired\":true,\"valueName\":\"search_term_string\"}}],\"inLanguage\":\"fr-BE\"},{\"@type\":\"Organization\",\"@id\":\"https:\/\/vieassociative.be\/actualites\/#organization\",\"name\":\"Vie Associative\",\"url\":\"https:\/\/vieassociative.be\/actualites\/\",\"logo\":{\"@type\":\"ImageObject\",\"inLanguage\":\"fr-BE\",\"@id\":\"https:\/\/vieassociative.be\/actualites\/#\/schema\/logo\/image\/\",\"url\":\"https:\/\/vieassociative.be\/actualites\/wp-content\/uploads\/2024\/09\/cropped-vieassociative_favicon.ico.png\",\"contentUrl\":\"https:\/\/vieassociative.be\/actualites\/wp-content\/uploads\/2024\/09\/cropped-vieassociative_favicon.ico.png\",\"width\":512,\"height\":512,\"caption\":\"Vie Associative\"},\"image\":{\"@id\":\"https:\/\/vieassociative.be\/actualites\/#\/schema\/logo\/image\/\"}},{\"@type\":\"Person\",\"@id\":\"https:\/\/vieassociative.be\/actualites\/#\/schema\/person\/b87ac4f82f9d4e7b7cec7395b679edc4\",\"name\":\"Julien\",\"image\":{\"@type\":\"ImageObject\",\"inLanguage\":\"fr-BE\",\"@id\":\"https:\/\/vieassociative.be\/actualites\/#\/schema\/person\/image\/\",\"url\":\"https:\/\/vieassociative.be\/actualites\/wp-content\/uploads\/2024\/09\/vie-associative-1-150x150.jpg\",\"contentUrl\":\"https:\/\/vieassociative.be\/actualites\/wp-content\/uploads\/2024\/09\/vie-associative-1-150x150.jpg\",\"caption\":\"Julien\"},\"description\":\"Je suis Julien, r\u00e9dacteur pour Vie Associative. Passionn\u00e9 par le monde associatif depuis plus de 10 ans, j'ai \u00e0 c\u0153ur de partager des histoires inspirantes et de mettre en lumi\u00e8re les initiatives locales. Mon objectif est de sensibiliser et d'encourager l'engagement communautaire \u00e0 travers mes articles.\",\"sameAs\":[\"https:\/\/vieassociative.be\/\"]}]}<\/script>\n<!-- \/ Yoast SEO plugin. -->","yoast_head_json":{"title":"\"Tesla Takedown\": Protestation mondiale contre Tesla | Vie Associative","robots":{"index":"index","follow":"follow","max-snippet":"max-snippet:-1","max-image-preview":"max-image-preview:large","max-video-preview":"max-video-preview:-1"},"canonical":"https:\/\/vieassociative.be\/actualites\/tesla-takedown-protestation-mondiale-contre-tesla\/","og_locale":"fr_FR","og_type":"article","og_title":"\"Tesla Takedown\": Protestation mondiale contre Tesla | Vie Associative","og_description":"Un groupe d&rsquo;opposants \u00e0 Elon Musk pr\u00e9voit de mener une campagne majeure coordonn\u00e9e contre sa marque de voiture Tesla ce samedi 29 mars en Europe,","og_url":"https:\/\/vieassociative.be\/actualites\/tesla-takedown-protestation-mondiale-contre-tesla\/","og_site_name":"Vie Associative","article_published_time":"2025-03-29T02:17:16+00:00","og_image":[{"width":279,"height":92,"url":"https:\/\/vieassociative.be\/actualites\/wp-content\/uploads\/2024\/09\/header_backgroundk-01-e1726694325946.png","type":"image\/png"}],"author":"Julien","twitter_card":"summary_large_image","twitter_misc":{"\u00c9crit par":"Julien","Dur\u00e9e de lecture est.":"2 minutes"},"schema":{"@context":"https:\/\/schema.org","@graph":[{"@type":"Article","@id":"https:\/\/vieassociative.be\/actualites\/tesla-takedown-protestation-mondiale-contre-tesla\/#article","isPartOf":{"@id":"https:\/\/vieassociative.be\/actualites\/tesla-takedown-protestation-mondiale-contre-tesla\/"},"author":{"name":"Julien","@id":"https:\/\/vieassociative.be\/actualites\/#\/schema\/person\/b87ac4f82f9d4e7b7cec7395b679edc4"},"headline":"\u00ab\u00a0Tesla Takedown\u00a0\u00bb: Protestation mondiale contre Tesla","datePublished":"2025-03-29T02:17:16+00:00","dateModified":"2025-03-29T02:17:16+00:00","mainEntityOfPage":{"@id":"https:\/\/vieassociative.be\/actualites\/tesla-takedown-protestation-mondiale-contre-tesla\/"},"wordCount":385,"publisher":{"@id":"https:\/\/vieassociative.be\/actualites\/#organization"},"image":{"@id":"https:\/\/vieassociative.be\/actualites\/tesla-takedown-protestation-mondiale-contre-tesla\/#primaryimage"},"thumbnailUrl":"https:\/\/vieassociative.be\/actualites\/wp-content\/uploads\/2025\/03\/1743214636_Tesla-Takedown-Protestation-mondiale-contre-Tesla.jpg","keywords":["contre","mondiale","Protestation","Takedown","Tesla"],"articleSection":["Belgique"],"inLanguage":"fr-BE"},{"@type":"WebPage","@id":"https:\/\/vieassociative.be\/actualites\/tesla-takedown-protestation-mondiale-contre-tesla\/","url":"https:\/\/vieassociative.be\/actualites\/tesla-takedown-protestation-mondiale-contre-tesla\/","name":"\"Tesla Takedown\": Protestation mondiale contre Tesla | Vie Associative","isPartOf":{"@id":"https:\/\/vieassociative.be\/actualites\/#website"},"primaryImageOfPage":{"@id":"https:\/\/vieassociative.be\/actualites\/tesla-takedown-protestation-mondiale-contre-tesla\/#primaryimage"},"image":{"@id":"https:\/\/vieassociative.be\/actualites\/tesla-takedown-protestation-mondiale-contre-tesla\/#primaryimage"},"thumbnailUrl":"https:\/\/vieassociative.be\/actualites\/wp-content\/uploads\/2025\/03\/1743214636_Tesla-Takedown-Protestation-mondiale-contre-Tesla.jpg","datePublished":"2025-03-29T02:17:16+00:00","dateModified":"2025-03-29T02:17:16+00:00","breadcrumb":{"@id":"https:\/\/vieassociative.be\/actualites\/tesla-takedown-protestation-mondiale-contre-tesla\/#breadcrumb"},"inLanguage":"fr-BE","potentialAction":[{"@type":"ReadAction","target":["https:\/\/vieassociative.be\/actualites\/tesla-takedown-protestation-mondiale-contre-tesla\/"]}]},{"@type":"ImageObject","inLanguage":"fr-BE","@id":"https:\/\/vieassociative.be\/actualites\/tesla-takedown-protestation-mondiale-contre-tesla\/#primaryimage","url":"https:\/\/vieassociative.be\/actualites\/wp-content\/uploads\/2025\/03\/1743214636_Tesla-Takedown-Protestation-mondiale-contre-Tesla.jpg","contentUrl":"https:\/\/vieassociative.be\/actualites\/wp-content\/uploads\/2025\/03\/1743214636_Tesla-Takedown-Protestation-mondiale-contre-Tesla.jpg","width":1300,"height":863,"caption":"\"Tesla Takedown\": Protestation mondiale contre Tesla"},{"@type":"BreadcrumbList","@id":"https:\/\/vieassociative.be\/actualites\/tesla-takedown-protestation-mondiale-contre-tesla\/#breadcrumb","itemListElement":[{"@type":"ListItem","position":1,"name":"Accueil","item":"https:\/\/vieassociative.be\/actualites\/"},{"@type":"ListItem","position":2,"name":"\u00ab\u00a0Tesla Takedown\u00a0\u00bb: Protestation mondiale contre Tesla"}]},{"@type":"WebSite","@id":"https:\/\/vieassociative.be\/actualites\/#website","url":"https:\/\/vieassociative.be\/actualites\/","name":"Vie Associative","description":"","publisher":{"@id":"https:\/\/vieassociative.be\/actualites\/#organization"},"potentialAction":[{"@type":"SearchAction","target":{"@type":"EntryPoint","urlTemplate":"https:\/\/vieassociative.be\/actualites\/?s={search_term_string}"},"query-input":{"@type":"PropertyValueSpecification","valueRequired":true,"valueName":"search_term_string"}}],"inLanguage":"fr-BE"},{"@type":"Organization","@id":"https:\/\/vieassociative.be\/actualites\/#organization","name":"Vie Associative","url":"https:\/\/vieassociative.be\/actualites\/","logo":{"@type":"ImageObject","inLanguage":"fr-BE","@id":"https:\/\/vieassociative.be\/actualites\/#\/schema\/logo\/image\/","url":"https:\/\/vieassociative.be\/actualites\/wp-content\/uploads\/2024\/09\/cropped-vieassociative_favicon.ico.png","contentUrl":"https:\/\/vieassociative.be\/actualites\/wp-content\/uploads\/2024\/09\/cropped-vieassociative_favicon.ico.png","width":512,"height":512,"caption":"Vie Associative"},"image":{"@id":"https:\/\/vieassociative.be\/actualites\/#\/schema\/logo\/image\/"}},{"@type":"Person","@id":"https:\/\/vieassociative.be\/actualites\/#\/schema\/person\/b87ac4f82f9d4e7b7cec7395b679edc4","name":"Julien","image":{"@type":"ImageObject","inLanguage":"fr-BE","@id":"https:\/\/vieassociative.be\/actualites\/#\/schema\/person\/image\/","url":"https:\/\/vieassociative.be\/actualites\/wp-content\/uploads\/2024\/09\/vie-associative-1-150x150.jpg","contentUrl":"https:\/\/vieassociative.be\/actualites\/wp-content\/uploads\/2024\/09\/vie-associative-1-150x150.jpg","caption":"Julien"},"description":"Je suis Julien, r\u00e9dacteur pour Vie Associative. Passionn\u00e9 par le monde associatif depuis plus de 10 ans, j'ai \u00e0 c\u0153ur de partager des histoires inspirantes et de mettre en lumi\u00e8re les initiatives locales. Mon objectif est de sensibiliser et d'encourager l'engagement communautaire \u00e0 travers mes articles.","sameAs":["https:\/\/vieassociative.be\/"]}]}},"_links":{"self":[{"href":"https:\/\/vieassociative.be\/actualites\/wp-json\/wp\/v2\/posts\/6243"}],"collection":[{"href":"https:\/\/vieassociative.be\/actualites\/wp-json\/wp\/v2\/posts"}],"about":[{"href":"https:\/\/vieassociative.be\/actualites\/wp-json\/wp\/v2\/types\/post"}],"author":[{"embeddable":true,"href":"https:\/\/vieassociative.be\/actualites\/wp-json\/wp\/v2\/users\/1"}],"replies":[{"embeddable":true,"href":"https:\/\/vieassociative.be\/actualites\/wp-json\/wp\/v2\/comments?post=6243"}],"version-history":[{"count":0,"href":"https:\/\/vieassociative.be\/actualites\/wp-json\/wp\/v2\/posts\/6243\/revisions"}],"wp:featuredmedia":[{"embeddable":true,"href":"https:\/\/vieassociative.be\/actualites\/wp-json\/wp\/v2\/media\/6244"}],"wp:attachment":[{"href":"https:\/\/vieassociative.be\/actualites\/wp-json\/wp\/v2\/media?parent=6243"}],"wp:term":[{"taxonomy":"category","embeddable":true,"href":"https:\/\/vieassociative.be\/actualites\/wp-json\/wp\/v2\/categories?post=6243"},{"taxonomy":"post_tag","embeddable":true,"href":"https:\/\/vieassociative.be\/actualites\/wp-json\/wp\/v2\/tags?post=6243"}],"curies":[{"name":"wp","href":"https:\/\/api.w.org\/{rel}","templated":true}]}}