{"id":6234,"date":"2025-03-28T21:17:10","date_gmt":"2025-03-28T20:17:10","guid":{"rendered":"https:\/\/vieassociative.be\/actualites\/treatrice-forte-avec-epicentre-au-myanmar-secoue-lasie-du-sud-est\/"},"modified":"2025-03-28T21:17:10","modified_gmt":"2025-03-28T20:17:10","slug":"treatrice-forte-avec-epicentre-au-myanmar-secoue-lasie-du-sud-est","status":"publish","type":"post","link":"https:\/\/vieassociative.be\/actualites\/treatrice-forte-avec-epicentre-au-myanmar-secoue-lasie-du-sud-est\/","title":{"rendered":"Treatrice forte avec \u00e9picentre au Myanmar secoue l&rsquo;Asie du Sud-Est"},"content":{"rendered":"<p><strong>Mis \u00e0 jour &#8211; un fort tremblement de terre avec une force 7.8 en Asie du Sud-Est a co\u00fbt\u00e9 de nombreuses vies. Il y a de graves dommages aux b\u00e2timents. Au Myanmar, les barrages sur la rivi\u00e8re Irrawaddy auraient pu \u00eatre endommag\u00e9s et se casser. Selon les scientifiques, il existe \u00e9galement un danger r\u00e9aliste d&rsquo;autres tremblements de terre dans la r\u00e9gion.<\/strong><\/p>\n<p><span id=\"more-412043\"><\/span>Selon le chef militaire Min Aung Hlaing, au moins 144 personnes sont mortes au Myanmar, o\u00f9 se trouvait l&rsquo;\u00e9picentre. Plus de 730 ont \u00e9t\u00e9 bless\u00e9s, comme l&rsquo;a annonc\u00e9 la junte \u00e0 la t\u00e9l\u00e9vision d&rsquo;\u00c9tat.<\/p>\n<p>Jusqu&rsquo;\u00e0 pr\u00e9sent, trois d\u00e9c\u00e8s ont \u00e9t\u00e9 officiellement confirm\u00e9s dans la Tha\u00eflande voisine. Selon les m\u00e9dias, jusqu&rsquo;\u00e0 dix d\u00e9c\u00e8s ont maintenant \u00e9t\u00e9 r\u00e9cup\u00e9r\u00e9s, 101 personnes auraient disparu \u00e0 Bangkok seul.<\/p>\n<div id=\"attachment_412046\" class=\"wp-caption alignleft\" style=\"max-width: 300px\"><img fetchpriority=\"high\" decoding=\"async\" class=\"wp-image-412046 size-medium\" src=\"https:\/\/vieassociative.be\/actualites\/wp-content\/uploads\/2025\/03\/Treatrice-forte-avec-epicentre-au-Myanmar-secoue-lAsie-du-Sud-Est.jpg\" alt=\"\" width=\"300\" height=\"200\"><\/p>\n<p class=\"wp-caption-text\">28.03.2025, Tha\u00eflande, Bangkok: Les secouristes sont d\u00e9ploy\u00e9s devant un b\u00e2timent de haute pirage qui s&rsquo;est effondr\u00e9 \u00e0 Bangkok apr\u00e8s un tremblement de terre de l&rsquo;\u00e9paisseur de 7,7. Photo: Sakchai Lalit \/ AP \/ DPA<\/p>\n<\/div>\n<p>Le s\u00e9isme plus fort s&rsquo;est produit \u00e0 environ 50 kilom\u00e8tres \u00e0 l&rsquo;est de Monywa au centre du Myanmar. Selon les m\u00e9dias, dix personnes sont mortes dans le Mandalay \u00e0 l&rsquo;est de celle-ci, la deuxi\u00e8me plus grande ville du pays avec 1,6 million d&rsquo;habitants.<\/p>\n<p>Un monast\u00e8re s&rsquo;est effondr\u00e9 dans le taungo dans lequel des personnes d\u00e9plac\u00e9es \u00e9taient h\u00e9berg\u00e9es. Un vieux pont s&rsquo;est effondr\u00e9 \u00e0 Sagaing. Les photos ont \u00e9galement montr\u00e9 des pagodes historiques endommag\u00e9es dans la capitale du Myanmar Naypyidaw. La Croix-Rouge au Myanmar parle de d\u00e9g\u00e2ts d\u00e9vastateurs. Il est tr\u00e8s pr\u00e9occupant que les barrages puissent se briser sur la rivi\u00e8re Irrawaddy.<\/p>\n<p>Depuis un coup d&rsquo;\u00c9tat militaire en f\u00e9vrier 2021, l&rsquo;ancienne Birmanie s&rsquo;est d\u00e9j\u00e0 enfonc\u00e9 dans la violence et le chaos, divers groupes rebelles se battent partiellement contre l&rsquo;arm\u00e9e. Il y a peu d&rsquo;informations du pays.<\/p>\n<p>Dans la Tha\u00eflande voisine, la coquille de plus de 30 \u00e9tages de b\u00e2timent \u00e9lev\u00e9 s&rsquo;est effondr\u00e9e dans la capitale Bangkok apr\u00e8s les chocs. Les vid\u00e9os sur Internet ont montr\u00e9 comment les travailleurs se sont \u00e9loign\u00e9s de la hauteur de haut niveau. L&rsquo;Institut de m\u00e9decine d&rsquo;urgence de la Tha\u00eflande a signal\u00e9 trois morts et 68 blessures. Selon les m\u00e9dias, plus de 80 travailleurs manquaient d&rsquo;heures apr\u00e8s le s\u00e9isme.<\/p>\n<p>Ici, la Terre avait lev\u00e9 pendant des minutes, les gens de panique ont quitt\u00e9 leurs maisons. 17 h\u00f4pitaux des provinces du pays ont \u00e9t\u00e9 endommag\u00e9s, a rapport\u00e9 le portail \u00ab\u00a0Nation Tha\u00eflande\u00a0\u00bb, selon le minist\u00e8re de la Sant\u00e9. Surtout, les b\u00e2timents auraient des fissures. Le Premier ministre tha\u00eflandais Paetongtarn Shinawatra a d\u00e9clar\u00e9 dans la soir\u00e9e (heure locale) que les dommages \u00e9taient limit\u00e9s. Les gens pourraient retourner dans leurs appartements.<\/p>\n<div id=\"attachment_412109\" class=\"wp-caption alignleft\" style=\"max-width: 300px\"><img decoding=\"async\" class=\"wp-image-412109 size-medium\" src=\"https:\/\/vieassociative.be\/actualites\/wp-content\/uploads\/2025\/03\/1743193030_383_Treatrice-forte-avec-epicentre-au-Myanmar-secoue-lAsie-du-Sud-Est.jpg\" alt=\"\" width=\"300\" height=\"200\"><\/p>\n<p class=\"wp-caption-text\">28\/03\/2025, Myanmar, Naypyitaw: Les b\u00e9n\u00e9voles recherchent des survivants pr\u00e8s d&rsquo;un b\u00e2timent endommag\u00e9. Photo: Aung Shine OO \/ AP \/ DPA<\/p>\n<\/div>\n<p>L&rsquo;Institut allemand Geo-Research (GFZ) \u00e0 Potsdam a enregistr\u00e9 une \u00e9paisseur de 7,8 au Myanmar \u00e0 une profondeur d&rsquo;environ 24 kilom\u00e8tres. L&rsquo;USGS de la terre am\u00e9ricaine a mesur\u00e9 la magnitude 7,7 \u00e0 une profondeur de dix kilom\u00e8tres. De plus, quelques minutes plus tard, les deux organisations se sont enregistr\u00e9es un peu plus au sud avec une \u00e9paisseur de 6,4.<\/p>\n<p>Selon la GFZ, le tremblement de terre s&rsquo;est produit dans la faille Sagaing. Ici, la plaque continentale indienne et l&rsquo;assiette eurasienne se d\u00e9passent \u00e0 une vitesse d&rsquo;environ 18 millim\u00e8tres par an. L&rsquo;Institut Geo-Research a expliqu\u00e9 que les tensions s&rsquo;accumulent encore et encore &#8211; comme apr\u00e8s une phase plus silencieuse qui avait dur\u00e9 plus de 70 ans. Ses experts assument actuellement une longueur de rupture de plus de 200 kilom\u00e8tres.<\/p>\n<p>Les scientifiques s&rsquo;attendaient \u00e0 ce que 6 \u00e0 6,5 \u00e9v\u00e9nements puissent se produire dans les prochaines heures \u00e0 jours. \u00ab\u00a0Il s&rsquo;agit d&rsquo;un processus typique\u00a0\u00bb, a d\u00e9clar\u00e9 le g\u00e9ophysicien Oliver Heidbach de la GFZ de l&rsquo;agence de presse allemande. Il pourrait y avoir des s\u00e9ries Achift qui diminuent dans le nombre et la force au fil du temps. Alternativement, il peut y avoir un autre tremblement de terre fort. Les ondes sismiques pourraient causer des dommages consid\u00e9rables car ils ont atteint des b\u00e2timents endommag\u00e9s.<\/p>\n<p>Selon les m\u00e9dias locaux, le Premier ministre tha\u00eflandais a parl\u00e9 d&rsquo;une douzaine de r\u00e9pliques en quelques heures. (DPA)<\/p>\n","protected":false},"excerpt":{"rendered":"<p>Mis \u00e0 jour &#8211; un fort tremblement de terre avec une force 7.8 en Asie du Sud-Est a co\u00fbt\u00e9 de nombreuses vies. Il y a<\/p>\n","protected":false},"author":1,"featured_media":6235,"comment_status":"","ping_status":"","sticky":false,"template":"","format":"standard","meta":{"footnotes":""},"categories":[298],"tags":[61,6064,4868,6067,6065,6066,6068,6063],"class_list":["post-6234","post","type-post","status-publish","format-standard","has-post-thumbnail","hentry","category-belgique","tag-avec","tag-epicentre","tag-forte","tag-lasie","tag-myanmar","tag-secoue","tag-sudest","tag-treatrice","generate-columns","tablet-grid-50","mobile-grid-100","grid-parent","grid-33"],"yoast_head":"<!-- This site is optimized with the Yoast SEO plugin v24.0 - https:\/\/yoast.com\/wordpress\/plugins\/seo\/ -->\n<title>Treatrice forte avec \u00e9picentre au Myanmar secoue l&#039;Asie du Sud-Est | Vie Associative<\/title>\n<meta name=\"robots\" content=\"index, follow, max-snippet:-1, max-image-preview:large, max-video-preview:-1\" \/>\n<link rel=\"canonical\" href=\"https:\/\/vieassociative.be\/actualites\/treatrice-forte-avec-epicentre-au-myanmar-secoue-lasie-du-sud-est\/\" \/>\n<meta property=\"og:locale\" content=\"fr_FR\" \/>\n<meta property=\"og:type\" content=\"article\" \/>\n<meta property=\"og:title\" content=\"Treatrice forte avec \u00e9picentre au Myanmar secoue l&#039;Asie du Sud-Est | Vie Associative\" \/>\n<meta property=\"og:description\" content=\"Mis \u00e0 jour &#8211; un fort tremblement de terre avec une force 7.8 en Asie du Sud-Est a co\u00fbt\u00e9 de nombreuses vies. Il y a\" \/>\n<meta property=\"og:url\" content=\"https:\/\/vieassociative.be\/actualites\/treatrice-forte-avec-epicentre-au-myanmar-secoue-lasie-du-sud-est\/\" \/>\n<meta property=\"og:site_name\" content=\"Vie Associative\" \/>\n<meta property=\"article:published_time\" content=\"2025-03-28T20:17:10+00:00\" \/>\n<meta property=\"og:image\" content=\"https:\/\/vieassociative.be\/actualites\/wp-content\/uploads\/2024\/09\/header_backgroundk-01-e1726694325946.png\" \/>\n\t<meta property=\"og:image:width\" content=\"279\" \/>\n\t<meta property=\"og:image:height\" content=\"92\" \/>\n\t<meta property=\"og:image:type\" content=\"image\/png\" \/>\n<meta name=\"author\" content=\"Julien\" \/>\n<meta name=\"twitter:card\" content=\"summary_large_image\" \/>\n<meta name=\"twitter:label1\" content=\"\u00c9crit par\" \/>\n\t<meta name=\"twitter:data1\" content=\"Julien\" \/>\n\t<meta name=\"twitter:label2\" content=\"Dur\u00e9e de lecture est.\" \/>\n\t<meta name=\"twitter:data2\" content=\"4 minutes\" \/>\n<script type=\"application\/ld+json\" class=\"yoast-schema-graph\">{\"@context\":\"https:\/\/schema.org\",\"@graph\":[{\"@type\":\"Article\",\"@id\":\"https:\/\/vieassociative.be\/actualites\/treatrice-forte-avec-epicentre-au-myanmar-secoue-lasie-du-sud-est\/#article\",\"isPartOf\":{\"@id\":\"https:\/\/vieassociative.be\/actualites\/treatrice-forte-avec-epicentre-au-myanmar-secoue-lasie-du-sud-est\/\"},\"author\":{\"name\":\"Julien\",\"@id\":\"https:\/\/vieassociative.be\/actualites\/#\/schema\/person\/b87ac4f82f9d4e7b7cec7395b679edc4\"},\"headline\":\"Treatrice forte avec \u00e9picentre au Myanmar secoue l&rsquo;Asie du Sud-Est\",\"datePublished\":\"2025-03-28T20:17:10+00:00\",\"dateModified\":\"2025-03-28T20:17:10+00:00\",\"mainEntityOfPage\":{\"@id\":\"https:\/\/vieassociative.be\/actualites\/treatrice-forte-avec-epicentre-au-myanmar-secoue-lasie-du-sud-est\/\"},\"wordCount\":766,\"publisher\":{\"@id\":\"https:\/\/vieassociative.be\/actualites\/#organization\"},\"image\":{\"@id\":\"https:\/\/vieassociative.be\/actualites\/treatrice-forte-avec-epicentre-au-myanmar-secoue-lasie-du-sud-est\/#primaryimage\"},\"thumbnailUrl\":\"https:\/\/vieassociative.be\/actualites\/wp-content\/uploads\/2025\/03\/1743193031_Treatrice-forte-avec-epicentre-au-Myanmar-secoue-lAsie-du-Sud-Est.jpg\",\"keywords\":[\"avec\",\"\u00e9picentre\",\"Forte\",\"lAsie\",\"Myanmar\",\"secoue\",\"SudEst\",\"Treatrice\"],\"articleSection\":[\"Belgique\"],\"inLanguage\":\"fr-BE\"},{\"@type\":\"WebPage\",\"@id\":\"https:\/\/vieassociative.be\/actualites\/treatrice-forte-avec-epicentre-au-myanmar-secoue-lasie-du-sud-est\/\",\"url\":\"https:\/\/vieassociative.be\/actualites\/treatrice-forte-avec-epicentre-au-myanmar-secoue-lasie-du-sud-est\/\",\"name\":\"Treatrice forte avec \u00e9picentre au Myanmar secoue l'Asie du Sud-Est | Vie Associative\",\"isPartOf\":{\"@id\":\"https:\/\/vieassociative.be\/actualites\/#website\"},\"primaryImageOfPage\":{\"@id\":\"https:\/\/vieassociative.be\/actualites\/treatrice-forte-avec-epicentre-au-myanmar-secoue-lasie-du-sud-est\/#primaryimage\"},\"image\":{\"@id\":\"https:\/\/vieassociative.be\/actualites\/treatrice-forte-avec-epicentre-au-myanmar-secoue-lasie-du-sud-est\/#primaryimage\"},\"thumbnailUrl\":\"https:\/\/vieassociative.be\/actualites\/wp-content\/uploads\/2025\/03\/1743193031_Treatrice-forte-avec-epicentre-au-Myanmar-secoue-lAsie-du-Sud-Est.jpg\",\"datePublished\":\"2025-03-28T20:17:10+00:00\",\"dateModified\":\"2025-03-28T20:17:10+00:00\",\"breadcrumb\":{\"@id\":\"https:\/\/vieassociative.be\/actualites\/treatrice-forte-avec-epicentre-au-myanmar-secoue-lasie-du-sud-est\/#breadcrumb\"},\"inLanguage\":\"fr-BE\",\"potentialAction\":[{\"@type\":\"ReadAction\",\"target\":[\"https:\/\/vieassociative.be\/actualites\/treatrice-forte-avec-epicentre-au-myanmar-secoue-lasie-du-sud-est\/\"]}]},{\"@type\":\"ImageObject\",\"inLanguage\":\"fr-BE\",\"@id\":\"https:\/\/vieassociative.be\/actualites\/treatrice-forte-avec-epicentre-au-myanmar-secoue-lasie-du-sud-est\/#primaryimage\",\"url\":\"https:\/\/vieassociative.be\/actualites\/wp-content\/uploads\/2025\/03\/1743193031_Treatrice-forte-avec-epicentre-au-Myanmar-secoue-lAsie-du-Sud-Est.jpg\",\"contentUrl\":\"https:\/\/vieassociative.be\/actualites\/wp-content\/uploads\/2025\/03\/1743193031_Treatrice-forte-avec-epicentre-au-Myanmar-secoue-lAsie-du-Sud-Est.jpg\",\"width\":1200,\"height\":808,\"caption\":\"Treatrice forte avec \u00e9picentre au Myanmar secoue l'Asie du Sud-Est\"},{\"@type\":\"BreadcrumbList\",\"@id\":\"https:\/\/vieassociative.be\/actualites\/treatrice-forte-avec-epicentre-au-myanmar-secoue-lasie-du-sud-est\/#breadcrumb\",\"itemListElement\":[{\"@type\":\"ListItem\",\"position\":1,\"name\":\"Accueil\",\"item\":\"https:\/\/vieassociative.be\/actualites\/\"},{\"@type\":\"ListItem\",\"position\":2,\"name\":\"Treatrice forte avec \u00e9picentre au Myanmar secoue l&rsquo;Asie du Sud-Est\"}]},{\"@type\":\"WebSite\",\"@id\":\"https:\/\/vieassociative.be\/actualites\/#website\",\"url\":\"https:\/\/vieassociative.be\/actualites\/\",\"name\":\"Vie Associative\",\"description\":\"\",\"publisher\":{\"@id\":\"https:\/\/vieassociative.be\/actualites\/#organization\"},\"potentialAction\":[{\"@type\":\"SearchAction\",\"target\":{\"@type\":\"EntryPoint\",\"urlTemplate\":\"https:\/\/vieassociative.be\/actualites\/?s={search_term_string}\"},\"query-input\":{\"@type\":\"PropertyValueSpecification\",\"valueRequired\":true,\"valueName\":\"search_term_string\"}}],\"inLanguage\":\"fr-BE\"},{\"@type\":\"Organization\",\"@id\":\"https:\/\/vieassociative.be\/actualites\/#organization\",\"name\":\"Vie Associative\",\"url\":\"https:\/\/vieassociative.be\/actualites\/\",\"logo\":{\"@type\":\"ImageObject\",\"inLanguage\":\"fr-BE\",\"@id\":\"https:\/\/vieassociative.be\/actualites\/#\/schema\/logo\/image\/\",\"url\":\"https:\/\/vieassociative.be\/actualites\/wp-content\/uploads\/2024\/09\/cropped-vieassociative_favicon.ico.png\",\"contentUrl\":\"https:\/\/vieassociative.be\/actualites\/wp-content\/uploads\/2024\/09\/cropped-vieassociative_favicon.ico.png\",\"width\":512,\"height\":512,\"caption\":\"Vie Associative\"},\"image\":{\"@id\":\"https:\/\/vieassociative.be\/actualites\/#\/schema\/logo\/image\/\"}},{\"@type\":\"Person\",\"@id\":\"https:\/\/vieassociative.be\/actualites\/#\/schema\/person\/b87ac4f82f9d4e7b7cec7395b679edc4\",\"name\":\"Julien\",\"image\":{\"@type\":\"ImageObject\",\"inLanguage\":\"fr-BE\",\"@id\":\"https:\/\/vieassociative.be\/actualites\/#\/schema\/person\/image\/\",\"url\":\"https:\/\/vieassociative.be\/actualites\/wp-content\/uploads\/2024\/09\/vie-associative-1-150x150.jpg\",\"contentUrl\":\"https:\/\/vieassociative.be\/actualites\/wp-content\/uploads\/2024\/09\/vie-associative-1-150x150.jpg\",\"caption\":\"Julien\"},\"description\":\"Je suis Julien, r\u00e9dacteur pour Vie Associative. Passionn\u00e9 par le monde associatif depuis plus de 10 ans, j'ai \u00e0 c\u0153ur de partager des histoires inspirantes et de mettre en lumi\u00e8re les initiatives locales. Mon objectif est de sensibiliser et d'encourager l'engagement communautaire \u00e0 travers mes articles.\",\"sameAs\":[\"https:\/\/vieassociative.be\/\"]}]}<\/script>\n<!-- \/ Yoast SEO plugin. -->","yoast_head_json":{"title":"Treatrice forte avec \u00e9picentre au Myanmar secoue l'Asie du Sud-Est | Vie Associative","robots":{"index":"index","follow":"follow","max-snippet":"max-snippet:-1","max-image-preview":"max-image-preview:large","max-video-preview":"max-video-preview:-1"},"canonical":"https:\/\/vieassociative.be\/actualites\/treatrice-forte-avec-epicentre-au-myanmar-secoue-lasie-du-sud-est\/","og_locale":"fr_FR","og_type":"article","og_title":"Treatrice forte avec \u00e9picentre au Myanmar secoue l'Asie du Sud-Est | Vie Associative","og_description":"Mis \u00e0 jour &#8211; un fort tremblement de terre avec une force 7.8 en Asie du Sud-Est a co\u00fbt\u00e9 de nombreuses vies. Il y a","og_url":"https:\/\/vieassociative.be\/actualites\/treatrice-forte-avec-epicentre-au-myanmar-secoue-lasie-du-sud-est\/","og_site_name":"Vie Associative","article_published_time":"2025-03-28T20:17:10+00:00","og_image":[{"width":279,"height":92,"url":"https:\/\/vieassociative.be\/actualites\/wp-content\/uploads\/2024\/09\/header_backgroundk-01-e1726694325946.png","type":"image\/png"}],"author":"Julien","twitter_card":"summary_large_image","twitter_misc":{"\u00c9crit par":"Julien","Dur\u00e9e de lecture est.":"4 minutes"},"schema":{"@context":"https:\/\/schema.org","@graph":[{"@type":"Article","@id":"https:\/\/vieassociative.be\/actualites\/treatrice-forte-avec-epicentre-au-myanmar-secoue-lasie-du-sud-est\/#article","isPartOf":{"@id":"https:\/\/vieassociative.be\/actualites\/treatrice-forte-avec-epicentre-au-myanmar-secoue-lasie-du-sud-est\/"},"author":{"name":"Julien","@id":"https:\/\/vieassociative.be\/actualites\/#\/schema\/person\/b87ac4f82f9d4e7b7cec7395b679edc4"},"headline":"Treatrice forte avec \u00e9picentre au Myanmar secoue l&rsquo;Asie du Sud-Est","datePublished":"2025-03-28T20:17:10+00:00","dateModified":"2025-03-28T20:17:10+00:00","mainEntityOfPage":{"@id":"https:\/\/vieassociative.be\/actualites\/treatrice-forte-avec-epicentre-au-myanmar-secoue-lasie-du-sud-est\/"},"wordCount":766,"publisher":{"@id":"https:\/\/vieassociative.be\/actualites\/#organization"},"image":{"@id":"https:\/\/vieassociative.be\/actualites\/treatrice-forte-avec-epicentre-au-myanmar-secoue-lasie-du-sud-est\/#primaryimage"},"thumbnailUrl":"https:\/\/vieassociative.be\/actualites\/wp-content\/uploads\/2025\/03\/1743193031_Treatrice-forte-avec-epicentre-au-Myanmar-secoue-lAsie-du-Sud-Est.jpg","keywords":["avec","\u00e9picentre","Forte","lAsie","Myanmar","secoue","SudEst","Treatrice"],"articleSection":["Belgique"],"inLanguage":"fr-BE"},{"@type":"WebPage","@id":"https:\/\/vieassociative.be\/actualites\/treatrice-forte-avec-epicentre-au-myanmar-secoue-lasie-du-sud-est\/","url":"https:\/\/vieassociative.be\/actualites\/treatrice-forte-avec-epicentre-au-myanmar-secoue-lasie-du-sud-est\/","name":"Treatrice forte avec \u00e9picentre au Myanmar secoue l'Asie du Sud-Est | Vie Associative","isPartOf":{"@id":"https:\/\/vieassociative.be\/actualites\/#website"},"primaryImageOfPage":{"@id":"https:\/\/vieassociative.be\/actualites\/treatrice-forte-avec-epicentre-au-myanmar-secoue-lasie-du-sud-est\/#primaryimage"},"image":{"@id":"https:\/\/vieassociative.be\/actualites\/treatrice-forte-avec-epicentre-au-myanmar-secoue-lasie-du-sud-est\/#primaryimage"},"thumbnailUrl":"https:\/\/vieassociative.be\/actualites\/wp-content\/uploads\/2025\/03\/1743193031_Treatrice-forte-avec-epicentre-au-Myanmar-secoue-lAsie-du-Sud-Est.jpg","datePublished":"2025-03-28T20:17:10+00:00","dateModified":"2025-03-28T20:17:10+00:00","breadcrumb":{"@id":"https:\/\/vieassociative.be\/actualites\/treatrice-forte-avec-epicentre-au-myanmar-secoue-lasie-du-sud-est\/#breadcrumb"},"inLanguage":"fr-BE","potentialAction":[{"@type":"ReadAction","target":["https:\/\/vieassociative.be\/actualites\/treatrice-forte-avec-epicentre-au-myanmar-secoue-lasie-du-sud-est\/"]}]},{"@type":"ImageObject","inLanguage":"fr-BE","@id":"https:\/\/vieassociative.be\/actualites\/treatrice-forte-avec-epicentre-au-myanmar-secoue-lasie-du-sud-est\/#primaryimage","url":"https:\/\/vieassociative.be\/actualites\/wp-content\/uploads\/2025\/03\/1743193031_Treatrice-forte-avec-epicentre-au-Myanmar-secoue-lAsie-du-Sud-Est.jpg","contentUrl":"https:\/\/vieassociative.be\/actualites\/wp-content\/uploads\/2025\/03\/1743193031_Treatrice-forte-avec-epicentre-au-Myanmar-secoue-lAsie-du-Sud-Est.jpg","width":1200,"height":808,"caption":"Treatrice forte avec \u00e9picentre au Myanmar secoue l'Asie du Sud-Est"},{"@type":"BreadcrumbList","@id":"https:\/\/vieassociative.be\/actualites\/treatrice-forte-avec-epicentre-au-myanmar-secoue-lasie-du-sud-est\/#breadcrumb","itemListElement":[{"@type":"ListItem","position":1,"name":"Accueil","item":"https:\/\/vieassociative.be\/actualites\/"},{"@type":"ListItem","position":2,"name":"Treatrice forte avec \u00e9picentre au Myanmar secoue l&rsquo;Asie du Sud-Est"}]},{"@type":"WebSite","@id":"https:\/\/vieassociative.be\/actualites\/#website","url":"https:\/\/vieassociative.be\/actualites\/","name":"Vie Associative","description":"","publisher":{"@id":"https:\/\/vieassociative.be\/actualites\/#organization"},"potentialAction":[{"@type":"SearchAction","target":{"@type":"EntryPoint","urlTemplate":"https:\/\/vieassociative.be\/actualites\/?s={search_term_string}"},"query-input":{"@type":"PropertyValueSpecification","valueRequired":true,"valueName":"search_term_string"}}],"inLanguage":"fr-BE"},{"@type":"Organization","@id":"https:\/\/vieassociative.be\/actualites\/#organization","name":"Vie Associative","url":"https:\/\/vieassociative.be\/actualites\/","logo":{"@type":"ImageObject","inLanguage":"fr-BE","@id":"https:\/\/vieassociative.be\/actualites\/#\/schema\/logo\/image\/","url":"https:\/\/vieassociative.be\/actualites\/wp-content\/uploads\/2024\/09\/cropped-vieassociative_favicon.ico.png","contentUrl":"https:\/\/vieassociative.be\/actualites\/wp-content\/uploads\/2024\/09\/cropped-vieassociative_favicon.ico.png","width":512,"height":512,"caption":"Vie Associative"},"image":{"@id":"https:\/\/vieassociative.be\/actualites\/#\/schema\/logo\/image\/"}},{"@type":"Person","@id":"https:\/\/vieassociative.be\/actualites\/#\/schema\/person\/b87ac4f82f9d4e7b7cec7395b679edc4","name":"Julien","image":{"@type":"ImageObject","inLanguage":"fr-BE","@id":"https:\/\/vieassociative.be\/actualites\/#\/schema\/person\/image\/","url":"https:\/\/vieassociative.be\/actualites\/wp-content\/uploads\/2024\/09\/vie-associative-1-150x150.jpg","contentUrl":"https:\/\/vieassociative.be\/actualites\/wp-content\/uploads\/2024\/09\/vie-associative-1-150x150.jpg","caption":"Julien"},"description":"Je suis Julien, r\u00e9dacteur pour Vie Associative. Passionn\u00e9 par le monde associatif depuis plus de 10 ans, j'ai \u00e0 c\u0153ur de partager des histoires inspirantes et de mettre en lumi\u00e8re les initiatives locales. Mon objectif est de sensibiliser et d'encourager l'engagement communautaire \u00e0 travers mes articles.","sameAs":["https:\/\/vieassociative.be\/"]}]}},"_links":{"self":[{"href":"https:\/\/vieassociative.be\/actualites\/wp-json\/wp\/v2\/posts\/6234"}],"collection":[{"href":"https:\/\/vieassociative.be\/actualites\/wp-json\/wp\/v2\/posts"}],"about":[{"href":"https:\/\/vieassociative.be\/actualites\/wp-json\/wp\/v2\/types\/post"}],"author":[{"embeddable":true,"href":"https:\/\/vieassociative.be\/actualites\/wp-json\/wp\/v2\/users\/1"}],"replies":[{"embeddable":true,"href":"https:\/\/vieassociative.be\/actualites\/wp-json\/wp\/v2\/comments?post=6234"}],"version-history":[{"count":0,"href":"https:\/\/vieassociative.be\/actualites\/wp-json\/wp\/v2\/posts\/6234\/revisions"}],"wp:featuredmedia":[{"embeddable":true,"href":"https:\/\/vieassociative.be\/actualites\/wp-json\/wp\/v2\/media\/6235"}],"wp:attachment":[{"href":"https:\/\/vieassociative.be\/actualites\/wp-json\/wp\/v2\/media?parent=6234"}],"wp:term":[{"taxonomy":"category","embeddable":true,"href":"https:\/\/vieassociative.be\/actualites\/wp-json\/wp\/v2\/categories?post=6234"},{"taxonomy":"post_tag","embeddable":true,"href":"https:\/\/vieassociative.be\/actualites\/wp-json\/wp\/v2\/tags?post=6234"}],"curies":[{"name":"wp","href":"https:\/\/api.w.org\/{rel}","templated":true}]}}