{"id":6232,"date":"2025-03-28T20:17:49","date_gmt":"2025-03-28T19:17:49","guid":{"rendered":"https:\/\/vieassociative.be\/actualites\/le-plus-grand-kindle-damazon-coute-75-en-ce-moment\/"},"modified":"2025-03-28T20:17:49","modified_gmt":"2025-03-28T19:17:49","slug":"le-plus-grand-kindle-damazon-coute-75-en-ce-moment","status":"publish","type":"post","link":"https:\/\/vieassociative.be\/actualites\/le-plus-grand-kindle-damazon-coute-75-en-ce-moment\/","title":{"rendered":"Le plus grand Kindle d&rsquo;Amazon co\u00fbte 75 $ en ce moment"},"content":{"rendered":"<div class=\"mt-4 leading-6 md:mb-8\">La grande vente de printemps d&rsquo;Amazon est le bon moment pour am\u00e9liorer la taille de l&rsquo;\u00e9cran de votre Kindle.<\/div>\n<p><\/p>\n<p>J&rsquo;adore mon Kindle Paperwhite (certes de derni\u00e8re g\u00e9n\u00e9ration), mais m\u00eame si je sais que son \u00e9cran de 6,8 pouces n&rsquo;est pas en fait beaucoup plus petit que la plupart des pages de poche, j&rsquo;ai parfois l&rsquo;impression de devoir les plis pour le lire. Peut-\u00eatre que c&rsquo;est ma faute de l&rsquo;avoir vu comme plus d&rsquo;une tablette qu&rsquo;un livre num\u00e9rique hors et hors, mais je me sens parfois tent\u00e9 de lire sur mon iPad \u00e0 la place et de simplement supporter l&rsquo;\u00e9blouissement. Heureusement, Amazon fait un plus grand Kindle, et maintenant il est en vente.<\/p>\n<div class=\"pogoClear mb-12 mt-10 rounded-md border-2 border-gray-100 py-7 shadow-xl md:py-6\">\n<div class=\"flex flex-wrap justify-between px-7 text-black no-underline md:flex-nowrap md:px-8\">\n<div class=\"order-1 mx-auto flex flex-col justify-center md:order-2 md:ml-4 md:w-full md:grow\">\n<div class=\"block cursor-pointer text-center font-akshar text-2xl font-medium leading-7 text-brand-green duration-200 ease-in-out hover:text-brand-green-700 md:text-left md:text-xl md:leading-6\">Amazon Kindle Scribe\n                <\/div>\n<div class=\"mt-4 hidden md:flex md:justify-between\">\n<div class=\"self-end\">\n<div class=\"mb-0 h-11 md:flex md:flex-col md:justify-center\">\n<div class=\" font-sans leading-4 text-black\">\n<div class=\"flex flex-wrap items-center justify-center gap-x-1 md:justify-start\">\n        <span class=\"font-bold\"><\/p>\n<p>            324,99 $<br \/>\n                            <span class=\"font-medium\">\u00e0 Amazon<\/span><br \/>\n                    <\/span><br \/>\n                    <img decoding=\"async\" class=\"mt-0 h-(15px)\" src=\"https:\/\/vieassociative.be\/actualites\/wp-content\/uploads\/2025\/03\/Le-plus-grand-Kindle-dAmazon-coute-75-en-ce.svg.svg+xml\" title=\"Amazon Prime\" alt=\"Amazon Prime\">\n            <\/div>\n<div class=\"flex items-center justify-center gap-x-1 font-bold md:justify-start\">\n            <span class=\"text-sm line-through\">399,99 $<\/span><br \/>\n            <span class=\"text-sm text-brand-green\">\u00c9conomisez 75,00 $<\/span>\n        <\/div>\n<\/p><\/div>\n<\/p><\/div>\n<\/p><\/div>\n<div class=\"w-44 self-end\">\n                            <button class=\"flex justify-center items-center w-full bg-brand-green text-white text-base font-sans font-medium rounded-md hover:bg-brand-green-700 hover:cursor-pointer md:text-sm h-11\"><\/p>\n<p>    Conclure un accord<br \/>\n<\/button>\n                        <\/div>\n<\/p><\/div>\n<\/p><\/div>\n<div class=\"order-2 mt-5 h-auto w-full md:order-1 md:mt-0 md:hidden\">\n<div class=\"flex aspect-video items-center justify-center\">\n                                            <img decoding=\"async\" class=\"m-0 max-h-full max-w-full rounded-md\" src=\"https:\/\/vieassociative.be\/actualites\/wp-content\/uploads\/2025\/03\/Le-plus-grand-Kindle-dAmazon-coute-75-en-ce.jpg\" alt=\"Kindle Scribe\" width=\"auto\" height=\"auto\" loading=\"lazy\">\n                                    <\/div>\n<\/p><\/div>\n<div class=\"order-2 ml-2 hidden w-32 shrink-0 items-center md:order-1 md:ml-0 md:flex\">\n<div class=\"flex aspect-video items-center justify-center\">\n                                            <img decoding=\"async\" class=\"m-0 max-h-full max-w-full rounded-md\" src=\"https:\/\/vieassociative.be\/actualites\/wp-content\/uploads\/2025\/03\/Le-plus-grand-Kindle-dAmazon-coute-75-en-ce.jpg\" alt=\"Kindle Scribe\" width=\"auto\" height=\"auto\" loading=\"lazy\">\n                                    <\/div>\n<\/p><\/div>\n<div class=\"order-3 flex grow flex-wrap md:hidden md:grow-0\">\n<div class=\"mt-4 w-full\">\n                        <button class=\"flex justify-center items-center w-full bg-brand-green text-white text-base font-sans font-medium rounded-md hover:bg-brand-green-700 hover:cursor-pointer md:text-sm h-11\"><\/p>\n<p>    Conclure un accord<br \/>\n<\/button>\n                    <\/div>\n<div class=\"mx-2 mt-4 w-full\">\n<div class=\" font-sans leading-4 text-black\">\n<div class=\"flex flex-wrap items-center justify-center gap-x-1 md:justify-start\">\n        <span class=\"font-bold\"><\/p>\n<p>            324,99 $<br \/>\n                            <span class=\"font-medium\">\u00e0 Amazon<\/span><br \/>\n                    <\/span><br \/>\n                    <img decoding=\"async\" class=\"mt-0 h-(15px)\" src=\"https:\/\/vieassociative.be\/actualites\/wp-content\/uploads\/2025\/03\/Le-plus-grand-Kindle-dAmazon-coute-75-en-ce.svg.svg+xml\" title=\"Amazon Prime\" alt=\"Amazon Prime\">\n            <\/div>\n<div class=\"flex items-center justify-center gap-x-1 font-bold md:justify-start\">\n            <span class=\"text-sm line-through\">399,99 $<\/span><br \/>\n            <span class=\"text-sm text-brand-green\">\u00c9conomisez 75,00 $<\/span>\n        <\/div>\n<\/p><\/div>\n<\/p><\/div>\n<\/p><\/div>\n<\/p><\/div>\n<\/div>\n<p>Le Scribe Kindle est le seul e-note d&rsquo;Amazon, ce qui signifie qu&rsquo;il est plus destin\u00e9 \u00e0 \u00e9crire que de lire avec, mais cela fonctionnera pour les deux. Il peut acc\u00e9der \u00e0 toute votre biblioth\u00e8que Kindle, et gr\u00e2ce \u00e0 son \u00e9cran de 10,3 pouces, le texte et les images ont l&rsquo;impression d&rsquo;avoir plus de place pour respirer dessus. Cela peut \u00eatre particuli\u00e8rement bon pour les bandes dessin\u00e9es (bien que l&rsquo;\u00e9cran en noir et blanc puisse vous donner envie de vous en tenir au manga) et des articles, et j&rsquo;ai \u00e9t\u00e9 tent\u00e9 de mettre \u00e0 niveau pour cette seule raison auparavant.<\/p>\n<p>Le probl\u00e8me \u00e9tait le prix, qui est normalement un peu \u00e9lev\u00e9 \u00e0 400 $. \u00c0 partir de 325 $ avec cette vente, cependant, c&rsquo;est soudainement une perspective beaucoup plus attrayante.<\/p>\n<p>Et cela va doubler lorsque vous prenez en compte le cas d&rsquo;utilisation du Scribe Kindle. Il est livr\u00e9 avec un stylet qui vous permet de marquer les PDF et de noter des notes dans vos propres documents ou dans des bo\u00eetes d\u00e9di\u00e9es dans les livres existants, et Amazon dit qu&rsquo;il a r\u00e9\u00e9gal\u00e9 ce mod\u00e8le pour avoir une sensation plus papier lors de l&rsquo;\u00e9criture dessus. Oui, il y a une IA ici aussi, bien que ce soit assez discret &#8211; lorsque vous avez termin\u00e9 l&rsquo;\u00e9criture d&rsquo;une note, vous pouvez faire en sorte que le scribe le r\u00e9sume rapidement, \u00ab\u00a0affine\u00a0\u00bb ou le reconfigurer dans une police num\u00e9rique, si vous le souhaitez.<\/p>\n<div class=\"pogoClear relative my-10 border-b-(1.5px) border-t-(1.5px) border-dashed border-black py-5 sm:my-14 sm:border-0 sm:py-0\" x-cloak x-data=\"{ commentsCount: null }\" x-init=\"commentsCount = await window.openweb.getMessagesCount(122479)\" x-show=\"commentsCount !== null &amp;&amp; commentsCount &gt; 0\">\n<div class=\"absolute top-1\/2 hidden w-full -translate-y-1\/2 border-t-(1.5px) border-dashed border-black sm:block\"><\/div>\n<div class=\"relative flex justify-center\">\n<div class=\"flex max-w-max items-center gap-x-3 bg-white px-5\">\n<div class=\"relative\">\n                <span class=\"absolute left-1\/2 top-1\/2 -translate-x-1\/2 -translate-y-1\/2 font-akshar text-sm font-medium text-black\" x-text=\"commentsCount\"><\/span><\/p>\n<p>                <svg class=\"h-8 w-8 text-black\">\n                    <use href=\"http:\/\/lifehacker.com\/images\/icons\/spritemap.svg#sprite-chat-bubble\"><\/use>\n                <\/svg>\n            <\/div>\n<p>            <span class=\"text-sm font-medium text-black\">Que pensez-vous jusqu&rsquo;\u00e0 pr\u00e9sent? <button class=\"font-semibold text-brand-green underline hover:text-brand-green-700\" onclick=\"window.openweb.scrollToComments(122479)\">Publier un commentaire.<\/button><\/span>\n        <\/div>\n<\/p><\/div>\n<\/div>\n<p>Il y a des arguments \u00e0 faire pour d&rsquo;autres e-notes malgr\u00e9 toutes ces fonctionnalit\u00e9s &#8211; mon coll\u00e8gue, Joel Cunningham, a r\u00e9cemment examin\u00e9 un appareil similaire, le Boox Note Air 4C, qui a un \u00e9cran couleur et peut ex\u00e9cuter Android, mais si vous \u00eates d\u00e9j\u00e0 dans l&rsquo;\u00e9cosyst\u00e8me du Kindle, cette vente de scribe pourrait faire une petite mise \u00e0 niveau pratique.<\/p>\n<hr>\n<p><em>Shopping for Tech? Vie Associative peut vous aider \u00e0 prendre la bonne d\u00e9cision. Parcourez nos critiques technologiques et nos comparaisons en t\u00eate-\u00e0-t\u00eate pour tout, des ordinateurs portables et des montres intelligentes aux v\u00e9los \u00e9lectriques et aux gymnases \u00e0 domicile. Abonnez-vous \u00e0 notre newsletter d&rsquo;offres, ajoutez \u00e0 CART<\/em><em>pour les meilleures ventes envoy\u00e9es dans votre bo\u00eete de r\u00e9ception, ou parcourez nos meilleures listes directement sur Amazon, notamment:<\/em><\/p>\n<ul>\n<li>\n<p><em>Le meilleur \u00e9couteur surr\u00e9<\/em><\/p>\n<\/li>\n<li>\n<p><em>Les meilleurs \u00e9couteurs sans fil<\/em><\/p>\n<\/li>\n<li>\n<p><em>Les meilleurs ensembles d&rsquo;halt\u00e8res r\u00e9glables<\/em><\/p>\n<\/li>\n<li>\n<p><em>Les meilleurs projecteurs<\/em><\/p>\n<\/li>\n<\/ul>\n","protected":false},"excerpt":{"rendered":"<p>La grande vente de printemps d&rsquo;Amazon est le bon moment pour am\u00e9liorer la taille de l&rsquo;\u00e9cran de votre Kindle. J&rsquo;adore mon Kindle Paperwhite (certes de<\/p>\n","protected":false},"author":1,"featured_media":6233,"comment_status":"","ping_status":"","sticky":false,"template":"","format":"standard","meta":{"footnotes":""},"categories":[13],"tags":[1122,1154,1119,2263,1429],"class_list":["post-6232","post","type-post","status-publish","format-standard","has-post-thumbnail","hentry","category-technologie","tag-coute","tag-damazon","tag-grand","tag-kindle","tag-moment","generate-columns","tablet-grid-50","mobile-grid-100","grid-parent","grid-33"],"yoast_head":"<!-- This site is optimized with the Yoast SEO plugin v24.0 - https:\/\/yoast.com\/wordpress\/plugins\/seo\/ -->\n<title>Le plus grand Kindle d&#039;Amazon co\u00fbte 75 $ en ce moment | Vie Associative<\/title>\n<meta name=\"robots\" content=\"index, follow, max-snippet:-1, max-image-preview:large, max-video-preview:-1\" \/>\n<link rel=\"canonical\" href=\"https:\/\/vieassociative.be\/actualites\/le-plus-grand-kindle-damazon-coute-75-en-ce-moment\/\" \/>\n<meta property=\"og:locale\" content=\"fr_FR\" \/>\n<meta property=\"og:type\" content=\"article\" \/>\n<meta property=\"og:title\" content=\"Le plus grand Kindle d&#039;Amazon co\u00fbte 75 $ en ce moment | Vie Associative\" \/>\n<meta property=\"og:description\" content=\"La grande vente de printemps d&rsquo;Amazon est le bon moment pour am\u00e9liorer la taille de l&rsquo;\u00e9cran de votre Kindle. J&rsquo;adore mon Kindle Paperwhite (certes de\" \/>\n<meta property=\"og:url\" content=\"https:\/\/vieassociative.be\/actualites\/le-plus-grand-kindle-damazon-coute-75-en-ce-moment\/\" \/>\n<meta property=\"og:site_name\" content=\"Vie Associative\" \/>\n<meta property=\"article:published_time\" content=\"2025-03-28T19:17:49+00:00\" \/>\n<meta property=\"og:image\" content=\"https:\/\/vieassociative.be\/actualites\/wp-content\/uploads\/2025\/03\/Le-plus-grand-Kindle-dAmazon-coute-75-en-ce.svg.svg+xml\" \/>\n<meta name=\"author\" content=\"Julien\" \/>\n<meta name=\"twitter:card\" content=\"summary_large_image\" \/>\n<meta name=\"twitter:label1\" content=\"\u00c9crit par\" \/>\n\t<meta name=\"twitter:data1\" content=\"Julien\" \/>\n\t<meta name=\"twitter:label2\" content=\"Dur\u00e9e de lecture est.\" \/>\n\t<meta name=\"twitter:data2\" content=\"3 minutes\" \/>\n<script type=\"application\/ld+json\" class=\"yoast-schema-graph\">{\"@context\":\"https:\/\/schema.org\",\"@graph\":[{\"@type\":\"Article\",\"@id\":\"https:\/\/vieassociative.be\/actualites\/le-plus-grand-kindle-damazon-coute-75-en-ce-moment\/#article\",\"isPartOf\":{\"@id\":\"https:\/\/vieassociative.be\/actualites\/le-plus-grand-kindle-damazon-coute-75-en-ce-moment\/\"},\"author\":{\"name\":\"Julien\",\"@id\":\"https:\/\/vieassociative.be\/actualites\/#\/schema\/person\/b87ac4f82f9d4e7b7cec7395b679edc4\"},\"headline\":\"Le plus grand Kindle d&rsquo;Amazon co\u00fbte 75 $ en ce moment\",\"datePublished\":\"2025-03-28T19:17:49+00:00\",\"dateModified\":\"2025-03-28T19:17:49+00:00\",\"mainEntityOfPage\":{\"@id\":\"https:\/\/vieassociative.be\/actualites\/le-plus-grand-kindle-damazon-coute-75-en-ce-moment\/\"},\"wordCount\":569,\"publisher\":{\"@id\":\"https:\/\/vieassociative.be\/actualites\/#organization\"},\"image\":{\"@id\":\"https:\/\/vieassociative.be\/actualites\/le-plus-grand-kindle-damazon-coute-75-en-ce-moment\/#primaryimage\"},\"thumbnailUrl\":\"https:\/\/vieassociative.be\/actualites\/wp-content\/uploads\/2025\/03\/1743189469_Le-plus-grand-Kindle-dAmazon-coute-75-en-ce.jpg\",\"keywords\":[\"co\u00fbte\",\"dAmazon\",\"grand\",\"Kindle\",\"moment\"],\"articleSection\":[\"Technologie\"],\"inLanguage\":\"fr-BE\"},{\"@type\":\"WebPage\",\"@id\":\"https:\/\/vieassociative.be\/actualites\/le-plus-grand-kindle-damazon-coute-75-en-ce-moment\/\",\"url\":\"https:\/\/vieassociative.be\/actualites\/le-plus-grand-kindle-damazon-coute-75-en-ce-moment\/\",\"name\":\"Le plus grand Kindle d'Amazon co\u00fbte 75 $ en ce moment | Vie Associative\",\"isPartOf\":{\"@id\":\"https:\/\/vieassociative.be\/actualites\/#website\"},\"primaryImageOfPage\":{\"@id\":\"https:\/\/vieassociative.be\/actualites\/le-plus-grand-kindle-damazon-coute-75-en-ce-moment\/#primaryimage\"},\"image\":{\"@id\":\"https:\/\/vieassociative.be\/actualites\/le-plus-grand-kindle-damazon-coute-75-en-ce-moment\/#primaryimage\"},\"thumbnailUrl\":\"https:\/\/vieassociative.be\/actualites\/wp-content\/uploads\/2025\/03\/1743189469_Le-plus-grand-Kindle-dAmazon-coute-75-en-ce.jpg\",\"datePublished\":\"2025-03-28T19:17:49+00:00\",\"dateModified\":\"2025-03-28T19:17:49+00:00\",\"breadcrumb\":{\"@id\":\"https:\/\/vieassociative.be\/actualites\/le-plus-grand-kindle-damazon-coute-75-en-ce-moment\/#breadcrumb\"},\"inLanguage\":\"fr-BE\",\"potentialAction\":[{\"@type\":\"ReadAction\",\"target\":[\"https:\/\/vieassociative.be\/actualites\/le-plus-grand-kindle-damazon-coute-75-en-ce-moment\/\"]}]},{\"@type\":\"ImageObject\",\"inLanguage\":\"fr-BE\",\"@id\":\"https:\/\/vieassociative.be\/actualites\/le-plus-grand-kindle-damazon-coute-75-en-ce-moment\/#primaryimage\",\"url\":\"https:\/\/vieassociative.be\/actualites\/wp-content\/uploads\/2025\/03\/1743189469_Le-plus-grand-Kindle-dAmazon-coute-75-en-ce.jpg\",\"contentUrl\":\"https:\/\/vieassociative.be\/actualites\/wp-content\/uploads\/2025\/03\/1743189469_Le-plus-grand-Kindle-dAmazon-coute-75-en-ce.jpg\",\"width\":1200,\"height\":675,\"caption\":\"Le plus grand Kindle d'Amazon co\u00fbte 75 $ en ce moment\"},{\"@type\":\"BreadcrumbList\",\"@id\":\"https:\/\/vieassociative.be\/actualites\/le-plus-grand-kindle-damazon-coute-75-en-ce-moment\/#breadcrumb\",\"itemListElement\":[{\"@type\":\"ListItem\",\"position\":1,\"name\":\"Accueil\",\"item\":\"https:\/\/vieassociative.be\/actualites\/\"},{\"@type\":\"ListItem\",\"position\":2,\"name\":\"Le plus grand Kindle d&rsquo;Amazon co\u00fbte 75 $ en ce moment\"}]},{\"@type\":\"WebSite\",\"@id\":\"https:\/\/vieassociative.be\/actualites\/#website\",\"url\":\"https:\/\/vieassociative.be\/actualites\/\",\"name\":\"Vie Associative\",\"description\":\"\",\"publisher\":{\"@id\":\"https:\/\/vieassociative.be\/actualites\/#organization\"},\"potentialAction\":[{\"@type\":\"SearchAction\",\"target\":{\"@type\":\"EntryPoint\",\"urlTemplate\":\"https:\/\/vieassociative.be\/actualites\/?s={search_term_string}\"},\"query-input\":{\"@type\":\"PropertyValueSpecification\",\"valueRequired\":true,\"valueName\":\"search_term_string\"}}],\"inLanguage\":\"fr-BE\"},{\"@type\":\"Organization\",\"@id\":\"https:\/\/vieassociative.be\/actualites\/#organization\",\"name\":\"Vie Associative\",\"url\":\"https:\/\/vieassociative.be\/actualites\/\",\"logo\":{\"@type\":\"ImageObject\",\"inLanguage\":\"fr-BE\",\"@id\":\"https:\/\/vieassociative.be\/actualites\/#\/schema\/logo\/image\/\",\"url\":\"https:\/\/vieassociative.be\/actualites\/wp-content\/uploads\/2024\/09\/cropped-vieassociative_favicon.ico.png\",\"contentUrl\":\"https:\/\/vieassociative.be\/actualites\/wp-content\/uploads\/2024\/09\/cropped-vieassociative_favicon.ico.png\",\"width\":512,\"height\":512,\"caption\":\"Vie Associative\"},\"image\":{\"@id\":\"https:\/\/vieassociative.be\/actualites\/#\/schema\/logo\/image\/\"}},{\"@type\":\"Person\",\"@id\":\"https:\/\/vieassociative.be\/actualites\/#\/schema\/person\/b87ac4f82f9d4e7b7cec7395b679edc4\",\"name\":\"Julien\",\"image\":{\"@type\":\"ImageObject\",\"inLanguage\":\"fr-BE\",\"@id\":\"https:\/\/vieassociative.be\/actualites\/#\/schema\/person\/image\/\",\"url\":\"https:\/\/vieassociative.be\/actualites\/wp-content\/uploads\/2024\/09\/vie-associative-1-150x150.jpg\",\"contentUrl\":\"https:\/\/vieassociative.be\/actualites\/wp-content\/uploads\/2024\/09\/vie-associative-1-150x150.jpg\",\"caption\":\"Julien\"},\"description\":\"Je suis Julien, r\u00e9dacteur pour Vie Associative. Passionn\u00e9 par le monde associatif depuis plus de 10 ans, j'ai \u00e0 c\u0153ur de partager des histoires inspirantes et de mettre en lumi\u00e8re les initiatives locales. Mon objectif est de sensibiliser et d'encourager l'engagement communautaire \u00e0 travers mes articles.\",\"sameAs\":[\"https:\/\/vieassociative.be\/\"]}]}<\/script>\n<!-- \/ Yoast SEO plugin. -->","yoast_head_json":{"title":"Le plus grand Kindle d'Amazon co\u00fbte 75 $ en ce moment | Vie Associative","robots":{"index":"index","follow":"follow","max-snippet":"max-snippet:-1","max-image-preview":"max-image-preview:large","max-video-preview":"max-video-preview:-1"},"canonical":"https:\/\/vieassociative.be\/actualites\/le-plus-grand-kindle-damazon-coute-75-en-ce-moment\/","og_locale":"fr_FR","og_type":"article","og_title":"Le plus grand Kindle d'Amazon co\u00fbte 75 $ en ce moment | Vie Associative","og_description":"La grande vente de printemps d&rsquo;Amazon est le bon moment pour am\u00e9liorer la taille de l&rsquo;\u00e9cran de votre Kindle. J&rsquo;adore mon Kindle Paperwhite (certes de","og_url":"https:\/\/vieassociative.be\/actualites\/le-plus-grand-kindle-damazon-coute-75-en-ce-moment\/","og_site_name":"Vie Associative","article_published_time":"2025-03-28T19:17:49+00:00","og_image":[{"url":"https:\/\/vieassociative.be\/actualites\/wp-content\/uploads\/2025\/03\/Le-plus-grand-Kindle-dAmazon-coute-75-en-ce.svg.svg+xml","type":"","width":"","height":""}],"author":"Julien","twitter_card":"summary_large_image","twitter_misc":{"\u00c9crit par":"Julien","Dur\u00e9e de lecture est.":"3 minutes"},"schema":{"@context":"https:\/\/schema.org","@graph":[{"@type":"Article","@id":"https:\/\/vieassociative.be\/actualites\/le-plus-grand-kindle-damazon-coute-75-en-ce-moment\/#article","isPartOf":{"@id":"https:\/\/vieassociative.be\/actualites\/le-plus-grand-kindle-damazon-coute-75-en-ce-moment\/"},"author":{"name":"Julien","@id":"https:\/\/vieassociative.be\/actualites\/#\/schema\/person\/b87ac4f82f9d4e7b7cec7395b679edc4"},"headline":"Le plus grand Kindle d&rsquo;Amazon co\u00fbte 75 $ en ce moment","datePublished":"2025-03-28T19:17:49+00:00","dateModified":"2025-03-28T19:17:49+00:00","mainEntityOfPage":{"@id":"https:\/\/vieassociative.be\/actualites\/le-plus-grand-kindle-damazon-coute-75-en-ce-moment\/"},"wordCount":569,"publisher":{"@id":"https:\/\/vieassociative.be\/actualites\/#organization"},"image":{"@id":"https:\/\/vieassociative.be\/actualites\/le-plus-grand-kindle-damazon-coute-75-en-ce-moment\/#primaryimage"},"thumbnailUrl":"https:\/\/vieassociative.be\/actualites\/wp-content\/uploads\/2025\/03\/1743189469_Le-plus-grand-Kindle-dAmazon-coute-75-en-ce.jpg","keywords":["co\u00fbte","dAmazon","grand","Kindle","moment"],"articleSection":["Technologie"],"inLanguage":"fr-BE"},{"@type":"WebPage","@id":"https:\/\/vieassociative.be\/actualites\/le-plus-grand-kindle-damazon-coute-75-en-ce-moment\/","url":"https:\/\/vieassociative.be\/actualites\/le-plus-grand-kindle-damazon-coute-75-en-ce-moment\/","name":"Le plus grand Kindle d'Amazon co\u00fbte 75 $ en ce moment | Vie Associative","isPartOf":{"@id":"https:\/\/vieassociative.be\/actualites\/#website"},"primaryImageOfPage":{"@id":"https:\/\/vieassociative.be\/actualites\/le-plus-grand-kindle-damazon-coute-75-en-ce-moment\/#primaryimage"},"image":{"@id":"https:\/\/vieassociative.be\/actualites\/le-plus-grand-kindle-damazon-coute-75-en-ce-moment\/#primaryimage"},"thumbnailUrl":"https:\/\/vieassociative.be\/actualites\/wp-content\/uploads\/2025\/03\/1743189469_Le-plus-grand-Kindle-dAmazon-coute-75-en-ce.jpg","datePublished":"2025-03-28T19:17:49+00:00","dateModified":"2025-03-28T19:17:49+00:00","breadcrumb":{"@id":"https:\/\/vieassociative.be\/actualites\/le-plus-grand-kindle-damazon-coute-75-en-ce-moment\/#breadcrumb"},"inLanguage":"fr-BE","potentialAction":[{"@type":"ReadAction","target":["https:\/\/vieassociative.be\/actualites\/le-plus-grand-kindle-damazon-coute-75-en-ce-moment\/"]}]},{"@type":"ImageObject","inLanguage":"fr-BE","@id":"https:\/\/vieassociative.be\/actualites\/le-plus-grand-kindle-damazon-coute-75-en-ce-moment\/#primaryimage","url":"https:\/\/vieassociative.be\/actualites\/wp-content\/uploads\/2025\/03\/1743189469_Le-plus-grand-Kindle-dAmazon-coute-75-en-ce.jpg","contentUrl":"https:\/\/vieassociative.be\/actualites\/wp-content\/uploads\/2025\/03\/1743189469_Le-plus-grand-Kindle-dAmazon-coute-75-en-ce.jpg","width":1200,"height":675,"caption":"Le plus grand Kindle d'Amazon co\u00fbte 75 $ en ce moment"},{"@type":"BreadcrumbList","@id":"https:\/\/vieassociative.be\/actualites\/le-plus-grand-kindle-damazon-coute-75-en-ce-moment\/#breadcrumb","itemListElement":[{"@type":"ListItem","position":1,"name":"Accueil","item":"https:\/\/vieassociative.be\/actualites\/"},{"@type":"ListItem","position":2,"name":"Le plus grand Kindle d&rsquo;Amazon co\u00fbte 75 $ en ce moment"}]},{"@type":"WebSite","@id":"https:\/\/vieassociative.be\/actualites\/#website","url":"https:\/\/vieassociative.be\/actualites\/","name":"Vie Associative","description":"","publisher":{"@id":"https:\/\/vieassociative.be\/actualites\/#organization"},"potentialAction":[{"@type":"SearchAction","target":{"@type":"EntryPoint","urlTemplate":"https:\/\/vieassociative.be\/actualites\/?s={search_term_string}"},"query-input":{"@type":"PropertyValueSpecification","valueRequired":true,"valueName":"search_term_string"}}],"inLanguage":"fr-BE"},{"@type":"Organization","@id":"https:\/\/vieassociative.be\/actualites\/#organization","name":"Vie Associative","url":"https:\/\/vieassociative.be\/actualites\/","logo":{"@type":"ImageObject","inLanguage":"fr-BE","@id":"https:\/\/vieassociative.be\/actualites\/#\/schema\/logo\/image\/","url":"https:\/\/vieassociative.be\/actualites\/wp-content\/uploads\/2024\/09\/cropped-vieassociative_favicon.ico.png","contentUrl":"https:\/\/vieassociative.be\/actualites\/wp-content\/uploads\/2024\/09\/cropped-vieassociative_favicon.ico.png","width":512,"height":512,"caption":"Vie Associative"},"image":{"@id":"https:\/\/vieassociative.be\/actualites\/#\/schema\/logo\/image\/"}},{"@type":"Person","@id":"https:\/\/vieassociative.be\/actualites\/#\/schema\/person\/b87ac4f82f9d4e7b7cec7395b679edc4","name":"Julien","image":{"@type":"ImageObject","inLanguage":"fr-BE","@id":"https:\/\/vieassociative.be\/actualites\/#\/schema\/person\/image\/","url":"https:\/\/vieassociative.be\/actualites\/wp-content\/uploads\/2024\/09\/vie-associative-1-150x150.jpg","contentUrl":"https:\/\/vieassociative.be\/actualites\/wp-content\/uploads\/2024\/09\/vie-associative-1-150x150.jpg","caption":"Julien"},"description":"Je suis Julien, r\u00e9dacteur pour Vie Associative. Passionn\u00e9 par le monde associatif depuis plus de 10 ans, j'ai \u00e0 c\u0153ur de partager des histoires inspirantes et de mettre en lumi\u00e8re les initiatives locales. Mon objectif est de sensibiliser et d'encourager l'engagement communautaire \u00e0 travers mes articles.","sameAs":["https:\/\/vieassociative.be\/"]}]}},"_links":{"self":[{"href":"https:\/\/vieassociative.be\/actualites\/wp-json\/wp\/v2\/posts\/6232"}],"collection":[{"href":"https:\/\/vieassociative.be\/actualites\/wp-json\/wp\/v2\/posts"}],"about":[{"href":"https:\/\/vieassociative.be\/actualites\/wp-json\/wp\/v2\/types\/post"}],"author":[{"embeddable":true,"href":"https:\/\/vieassociative.be\/actualites\/wp-json\/wp\/v2\/users\/1"}],"replies":[{"embeddable":true,"href":"https:\/\/vieassociative.be\/actualites\/wp-json\/wp\/v2\/comments?post=6232"}],"version-history":[{"count":0,"href":"https:\/\/vieassociative.be\/actualites\/wp-json\/wp\/v2\/posts\/6232\/revisions"}],"wp:featuredmedia":[{"embeddable":true,"href":"https:\/\/vieassociative.be\/actualites\/wp-json\/wp\/v2\/media\/6233"}],"wp:attachment":[{"href":"https:\/\/vieassociative.be\/actualites\/wp-json\/wp\/v2\/media?parent=6232"}],"wp:term":[{"taxonomy":"category","embeddable":true,"href":"https:\/\/vieassociative.be\/actualites\/wp-json\/wp\/v2\/categories?post=6232"},{"taxonomy":"post_tag","embeddable":true,"href":"https:\/\/vieassociative.be\/actualites\/wp-json\/wp\/v2\/tags?post=6232"}],"curies":[{"name":"wp","href":"https:\/\/api.w.org\/{rel}","templated":true}]}}