{"id":6221,"date":"2025-03-28T15:19:29","date_gmt":"2025-03-28T14:19:29","guid":{"rendered":"https:\/\/vieassociative.be\/actualites\/jd-vance-le-chien-de-combat-de-trump-visite-le-groenland-ignites-vice-president-americain-prochain-le-niveau-descalade\/"},"modified":"2025-03-28T15:19:29","modified_gmt":"2025-03-28T14:19:29","slug":"jd-vance-le-chien-de-combat-de-trump-visite-le-groenland-ignites-vice-president-americain-prochain-le-niveau-descalade","status":"publish","type":"post","link":"https:\/\/vieassociative.be\/actualites\/jd-vance-le-chien-de-combat-de-trump-visite-le-groenland-ignites-vice-president-americain-prochain-le-niveau-descalade\/","title":{"rendered":"JD Vance, le \u00ab\u00a0chien de combat\u00a0\u00bb de Trump, visite le Groenland-Ignites vice-pr\u00e9sident am\u00e9ricain prochain le niveau d&rsquo;escalade?"},"content":{"rendered":"<p><strong>Avec des apparences grondantes et des d\u00e9clarations tr\u00e8s non divromatiques, Trump-Vice-Vice JD Vance fait peur aux Europ\u00e9ens. Iligne-t-il le prochain niveau d&rsquo;escalade au Groenland?<\/strong><\/p>\n<p><span id=\"more-412052\"><\/span>JD Vance, le vice du pr\u00e9sident am\u00e9ricain Donald Trump, est diff\u00e9rent de ses pr\u00e9d\u00e9cesseurs. Alors que le vice-pr\u00e9sident de Trump, Mike Pence, est surtout tr\u00e9buch\u00e9 derri\u00e8re son patron avec un sourire gel\u00e9 et le d\u00e9mocrate Kamala Harris est rest\u00e9 plut\u00f4t p\u00e2le jusqu&rsquo;\u00e0 sa nomination, Vance joue un r\u00f4le beaucoup plus important et plus fort. <\/p>\n<p>Il \u00e9vite aucune controverse. Il se rend donc maintenant au Groenland avec sa femme Usha, o\u00f9 chaque \u00e9tape du gouvernement Trump est observ\u00e9e.<\/p>\n<div id=\"attachment_412058\" class=\"wp-caption alignleft\" style=\"max-width: 300px\"><img fetchpriority=\"high\" decoding=\"async\" class=\"wp-image-412058 size-medium\" src=\"https:\/\/vieassociative.be\/actualites\/wp-content\/uploads\/2025\/03\/JD-Vance-le-chien-de-combat-de-Trump-visite-le.jpg\" alt=\"\" width=\"300\" height=\"200\"><\/p>\n<p class=\"wp-caption-text\">07.03.2025, Groenland, Nuuk: Les maisons couvertes de neige peuvent \u00eatre vues sur la c\u00f4te d&rsquo;une baie de Nuuk. Photo: Evgeniy Maloletka \/ AP \/ DPA<\/p>\n<\/div>\n<p><strong>&#8211; Conf\u00e9rence et attaque de la s\u00e9curit\u00e9 de Munich contre Selenskyj:<\/strong> D\u00e8s le d\u00e9but, Vance est pass\u00e9e \u00e0 la confrontation, environ trois semaines apr\u00e8s que le nouveau gouvernement am\u00e9ricain ait pris ses fonctions, il a brutalement attaqu\u00e9 les alli\u00e9s europ\u00e9ens lors de la conf\u00e9rence de s\u00e9curit\u00e9 de Munich et a rencontr\u00e9 le patron de l&rsquo;AFD Alice Weidel. Son cours anti-\u00e9meute est devenu \u00e9vident pour le monde entier lors du scandale de la Maison Blanche lorsqu&rsquo;il a affront\u00e9 le pr\u00e9sident ukrainien Wolodymyr Selenskyj devant les cam\u00e9ras.<\/p>\n<p>Le magazine \u00ab\u00a0Politico\u00a0\u00bb a \u00e9crit, Vance agit comme le chien de combat du pr\u00e9sident &#8211; une t\u00e2che dont Trump a besoin de la confiance de Trump, car il a d\u00fb lui laisser les projecteurs. Vance \u00e9tait la main droite de Trump, a d\u00e9clar\u00e9 la porte-parole de la Maison Blanche, Karoline Leavitt, le magazine. Selon le diffuseur CBS, le joueur de 40 ans aurait fait jouer ses muscles lors de la confirmation des membres du Cabinet au S\u00e9nat afin de passer m\u00eame les nominations les plus controvers\u00e9es.<\/p>\n<p>L&rsquo;ancien s\u00e9nateur de l&rsquo;Ohio a d\u00fb prendre beaucoup pour son r\u00f4le de premier plan. Dans le c\u00e9l\u00e8bre Kennedy Center de la capitale Washington, lui et Usha ont \u00e9t\u00e9 hu\u00e9 par le public, accueillant le Michigan des manifestants lors de la visite d&rsquo;une usine de l&rsquo;\u00c9tat &#8211; Vance a expliqu\u00e9 pourquoi ils avaient le temps de manifester.<\/p>\n<p>Maintenant, JD Vance se rend au Groenland &#8211; EBENEREREERERERERERERRERERERER, sur lequel son patron longe depuis longtemps. En fait, sa femme devrait voyager sans lui, mais il a ensuite expliqu\u00e9: \u00ab\u00a0L&rsquo;excitation pour la visite d&rsquo;Usha au Groenland ce vendredi \u00e9tait tellement g\u00e9niale &#8211; alors j&rsquo;ai d\u00e9cid\u00e9 que je ne veux pas qu&rsquo;elle s&rsquo;amuse seule.\u00a0\u00bb<\/p>\n<\/p>\n<div id=\"attachment_411355\" class=\"wp-caption alignleft\" style=\"max-width: 300px\"><img decoding=\"async\" class=\"wp-image-411355 size-medium\" src=\"https:\/\/vieassociative.be\/actualites\/wp-content\/uploads\/2025\/03\/1743171569_475_JD-Vance-le-chien-de-combat-de-Trump-visite-le.jpg\" alt=\"\" width=\"300\" height=\"200\"><\/p>\n<p class=\"wp-caption-text\">15.03.2025, Groenland, Nuuk: Les gens participent \u00e0 une marche qui se termine devant le consulat am\u00e9ricain sous la devise \u00ab\u00a0Groenland appartient au peuple du Groenland\u00a0\u00bb. \u00abYankee rentre chez lui!\u00bb Est \u00e9crit sur une banni\u00e8re. Photo: Christian Klindt Sobelleck \/ Ritzau Scanpix Photo \/ AP \/ DPA<\/p>\n<\/div>\n<p><strong>&#8211; Humeur \u00e0 glace:<\/strong><br \/>\n Personne n&rsquo;a invit\u00e9 les Vances du c\u00f4t\u00e9 officiel du gouvernement du Groenland. La capitale de Nuuk a actuellement des choses plus importantes \u00e0 faire: deux semaines et demie apr\u00e8s une \u00e9lection parlementaire, les dirigeants du parti du Groenland sont en train de former un nouveau gouvernement.<\/p>\n<p>Le fait que l&rsquo;entrep\u00f4t de Trump se soit interconnect\u00e9 politiquement depuis des mois est de plus en plus per\u00e7u comme une nuisance \u00e0 Nuuk comme \u00e0 Copenhague. \u00ab\u00a0Nous ne pouvons pas accepter les d\u00e9clarations r\u00e9p\u00e9t\u00e9es sur l&rsquo;annexion et le contr\u00f4le du Groenland\u00a0\u00bb, a d\u00e9clar\u00e9 le directeur ex\u00e9cutif du gouvernement M\u00fate B. Egede et le sommet des quatre autres partis parlementaires de Groenlandais dans une d\u00e9claration conjointe.<\/p>\n<p><strong>&#8211; \u00ab\u00a0Yankee, rentre \u00e0 la maison!\u00a0\u00bb:<\/strong> Selon une enqu\u00eate, une majorit\u00e9 claire de la population insulaire est \u00e9galement contre le fait de devenir un territoire am\u00e9ricain. Pour sous-tendre cela, des centaines de personnes \u00e0 Nuuk et d&rsquo;autres endroits contre les \u00c9tats-Unis ont r\u00e9cemment protest\u00e9. Sur une grande banni\u00e8re, le message indubitable \u00ab\u00a0Yankee, rentre \u00e0 la maison!\u00a0\u00bb lire.<\/p>\n<p>Depuis une courte visite des m\u00e9dias du fils du pr\u00e9sident Donald Trump Jr. En janvier, le gouvernement am\u00e9ricain a essay\u00e9 de cr\u00e9er une image compl\u00e8tement diff\u00e9rente de la plus grande \u00eele du Terre: celle d&rsquo;un int\u00e9r\u00eat suppos\u00e9 \u00e0 dire au revoir au Royaume du Danemark et \u00e0 \u00ab\u00a0faire partie de la plus grande nation du monde\u00a0\u00bb, comme l&rsquo;a dit le pr\u00e9sident Trump.<\/p>\n<\/p>\n<div id=\"attachment_412059\" class=\"wp-caption alignnone\" style=\"max-width: 300px\"><img decoding=\"async\" src=\"https:\/\/vieassociative.be\/actualites\/wp-content\/uploads\/2025\/03\/1743171569_293_JD-Vance-le-chien-de-combat-de-Trump-visite-le.jpg\" alt=\"\" width=\"300\" height=\"200\" class=\"size-medium wp-image-412059\"><\/p>\n<p class=\"wp-caption-text\">07.01.2025, Groenland, Nuuk: Un avion avec Donald Trump Jr. \u00e0 bord se retrouve \u00e0 Nuuk. Photo: Emil Stach \/ Ritzau Scanpix Photo \/ AP \/ DPA<\/p>\n<\/div>\n<p>De nouvelles protestations, comme annonc\u00e9 apr\u00e8s l&rsquo;annonce du voyage d&rsquo;Usha Vance, ne rentreraient pas dans cette image tordu. Ces connaissances, comme le licenciement clair par la politique du Groenland, auraient d\u00fb jouer un r\u00f4le dans cette raison pour laquelle les plans de voyage ont \u00e9t\u00e9 modifi\u00e9s. Les dates d&rsquo;Usha Vance \u00e0 Nuuk et dans une course traditionnelle de tra\u00eeneau de chiens \u00e0 Sisimiut avec un contact direct avec la population du Groenland &#8211; et le risque de manifestations plus importantes &#8211; ont \u00e9t\u00e9 annul\u00e9es. Pour vous et votre mari, il y a une sorte de match \u00e0 domicile devant nous, des soldats de la base militaire de Pituffik.<\/p>\n<p><strong>&#8211; Escalade ou de-Escalade?<\/strong> La visite du camp Trump au Groenland, qui a jusqu&rsquo;\u00e0 pr\u00e9sent le plus haut rang, reste controvers\u00e9e, mais Vance \u00e0 Pituffik ne sera gu\u00e8re en mesure de g\u00e9n\u00e9rer l&rsquo;excitation que Trump Jr. au milieu de la capitale Nuuk. La base am\u00e9ricaine, qui s&rsquo;appelait la base a\u00e9rienne de Thule jusqu&rsquo;\u00e0 il y a deux ans, est situ\u00e9e dans le nord-ouest du Groenland isol\u00e9. Il est d&rsquo;une grande importance pour la d\u00e9fense mondiale des fus\u00e9es et la surveillance spatiale, mais c&rsquo;est une chose avant tout: assez loin du tir.<\/p>\n<p>Vance enflamme le prochain niveau d&rsquo;escalade lorsqu&rsquo;il visite le Groenland? Ou le gouvernement am\u00e9ricain essaie-t-il peut-\u00eatre de calmer la situation? Cela reste \u00e0 voir jusqu&rsquo;\u00e0 ce que le chien de combat de Trump mord \u00e0 nouveau &#8211; ou le laisse rester cette fois. (DPA)<\/p>\n","protected":false},"excerpt":{"rendered":"<p>Avec des apparences grondantes et des d\u00e9clarations tr\u00e8s non divromatiques, Trump-Vice-Vice JD Vance fait peur aux Europ\u00e9ens. Iligne-t-il le prochain niveau d&rsquo;escalade au Groenland? JD<\/p>\n","protected":false},"author":1,"featured_media":6222,"comment_status":"","ping_status":"","sticky":false,"template":"","format":"standard","meta":{"footnotes":""},"categories":[298],"tags":[10,91,5197,6059,6057,3540,1109,2425,3083,6058,4452],"class_list":["post-6221","post","type-post","status-publish","format-standard","has-post-thumbnail","hentry","category-belgique","tag-americain","tag-chien","tag-combat","tag-descalade","tag-groenlandignites","tag-niveau","tag-prochain","tag-trump","tag-vance","tag-vicepresident","tag-visite","generate-columns","tablet-grid-50","mobile-grid-100","grid-parent","grid-33"],"yoast_head":"<!-- This site is optimized with the Yoast SEO plugin v24.0 - https:\/\/yoast.com\/wordpress\/plugins\/seo\/ -->\n<title>JD Vance, le &quot;chien de combat&quot; de Trump, visite le Groenland-Ignites vice-pr\u00e9sident am\u00e9ricain prochain le niveau d&#039;escalade? | Vie Associative<\/title>\n<meta name=\"robots\" content=\"index, follow, max-snippet:-1, max-image-preview:large, max-video-preview:-1\" \/>\n<link rel=\"canonical\" href=\"https:\/\/vieassociative.be\/actualites\/jd-vance-le-chien-de-combat-de-trump-visite-le-groenland-ignites-vice-president-americain-prochain-le-niveau-descalade\/\" \/>\n<meta property=\"og:locale\" content=\"fr_FR\" \/>\n<meta property=\"og:type\" content=\"article\" \/>\n<meta property=\"og:title\" content=\"JD Vance, le &quot;chien de combat&quot; de Trump, visite le Groenland-Ignites vice-pr\u00e9sident am\u00e9ricain prochain le niveau d&#039;escalade? | Vie Associative\" \/>\n<meta property=\"og:description\" content=\"Avec des apparences grondantes et des d\u00e9clarations tr\u00e8s non divromatiques, Trump-Vice-Vice JD Vance fait peur aux Europ\u00e9ens. Iligne-t-il le prochain niveau d&rsquo;escalade au Groenland? JD\" \/>\n<meta property=\"og:url\" content=\"https:\/\/vieassociative.be\/actualites\/jd-vance-le-chien-de-combat-de-trump-visite-le-groenland-ignites-vice-president-americain-prochain-le-niveau-descalade\/\" \/>\n<meta property=\"og:site_name\" content=\"Vie Associative\" \/>\n<meta property=\"article:published_time\" content=\"2025-03-28T14:19:29+00:00\" \/>\n<meta property=\"og:image\" content=\"https:\/\/vieassociative.be\/actualites\/wp-content\/uploads\/2024\/09\/header_backgroundk-01-e1726694325946.png\" \/>\n\t<meta property=\"og:image:width\" content=\"279\" \/>\n\t<meta property=\"og:image:height\" content=\"92\" \/>\n\t<meta property=\"og:image:type\" content=\"image\/png\" \/>\n<meta name=\"author\" content=\"Julien\" \/>\n<meta name=\"twitter:card\" content=\"summary_large_image\" \/>\n<meta name=\"twitter:label1\" content=\"\u00c9crit par\" \/>\n\t<meta name=\"twitter:data1\" content=\"Julien\" \/>\n\t<meta name=\"twitter:label2\" content=\"Dur\u00e9e de lecture est.\" \/>\n\t<meta name=\"twitter:data2\" content=\"5 minutes\" \/>\n<script type=\"application\/ld+json\" class=\"yoast-schema-graph\">{\"@context\":\"https:\/\/schema.org\",\"@graph\":[{\"@type\":\"Article\",\"@id\":\"https:\/\/vieassociative.be\/actualites\/jd-vance-le-chien-de-combat-de-trump-visite-le-groenland-ignites-vice-president-americain-prochain-le-niveau-descalade\/#article\",\"isPartOf\":{\"@id\":\"https:\/\/vieassociative.be\/actualites\/jd-vance-le-chien-de-combat-de-trump-visite-le-groenland-ignites-vice-president-americain-prochain-le-niveau-descalade\/\"},\"author\":{\"name\":\"Julien\",\"@id\":\"https:\/\/vieassociative.be\/actualites\/#\/schema\/person\/b87ac4f82f9d4e7b7cec7395b679edc4\"},\"headline\":\"JD Vance, le \u00ab\u00a0chien de combat\u00a0\u00bb de Trump, visite le Groenland-Ignites vice-pr\u00e9sident am\u00e9ricain prochain le niveau d&rsquo;escalade?\",\"datePublished\":\"2025-03-28T14:19:29+00:00\",\"dateModified\":\"2025-03-28T14:19:29+00:00\",\"mainEntityOfPage\":{\"@id\":\"https:\/\/vieassociative.be\/actualites\/jd-vance-le-chien-de-combat-de-trump-visite-le-groenland-ignites-vice-president-americain-prochain-le-niveau-descalade\/\"},\"wordCount\":1061,\"publisher\":{\"@id\":\"https:\/\/vieassociative.be\/actualites\/#organization\"},\"image\":{\"@id\":\"https:\/\/vieassociative.be\/actualites\/jd-vance-le-chien-de-combat-de-trump-visite-le-groenland-ignites-vice-president-americain-prochain-le-niveau-descalade\/#primaryimage\"},\"thumbnailUrl\":\"https:\/\/vieassociative.be\/actualites\/wp-content\/uploads\/2025\/03\/1743171569_JD-Vance-le-chien-de-combat-de-Trump-visite-le.jpg\",\"keywords\":[\"am\u00e9ricain\",\"chien\",\"combat\",\"descalade\",\"GroenlandIgnites\",\"niveau\",\"prochain\",\"Trump\",\"Vance\",\"vicepr\u00e9sident\",\"visite\"],\"articleSection\":[\"Belgique\"],\"inLanguage\":\"fr-BE\"},{\"@type\":\"WebPage\",\"@id\":\"https:\/\/vieassociative.be\/actualites\/jd-vance-le-chien-de-combat-de-trump-visite-le-groenland-ignites-vice-president-americain-prochain-le-niveau-descalade\/\",\"url\":\"https:\/\/vieassociative.be\/actualites\/jd-vance-le-chien-de-combat-de-trump-visite-le-groenland-ignites-vice-president-americain-prochain-le-niveau-descalade\/\",\"name\":\"JD Vance, le \\\"chien de combat\\\" de Trump, visite le Groenland-Ignites vice-pr\u00e9sident am\u00e9ricain prochain le niveau d'escalade? | Vie Associative\",\"isPartOf\":{\"@id\":\"https:\/\/vieassociative.be\/actualites\/#website\"},\"primaryImageOfPage\":{\"@id\":\"https:\/\/vieassociative.be\/actualites\/jd-vance-le-chien-de-combat-de-trump-visite-le-groenland-ignites-vice-president-americain-prochain-le-niveau-descalade\/#primaryimage\"},\"image\":{\"@id\":\"https:\/\/vieassociative.be\/actualites\/jd-vance-le-chien-de-combat-de-trump-visite-le-groenland-ignites-vice-president-americain-prochain-le-niveau-descalade\/#primaryimage\"},\"thumbnailUrl\":\"https:\/\/vieassociative.be\/actualites\/wp-content\/uploads\/2025\/03\/1743171569_JD-Vance-le-chien-de-combat-de-Trump-visite-le.jpg\",\"datePublished\":\"2025-03-28T14:19:29+00:00\",\"dateModified\":\"2025-03-28T14:19:29+00:00\",\"breadcrumb\":{\"@id\":\"https:\/\/vieassociative.be\/actualites\/jd-vance-le-chien-de-combat-de-trump-visite-le-groenland-ignites-vice-president-americain-prochain-le-niveau-descalade\/#breadcrumb\"},\"inLanguage\":\"fr-BE\",\"potentialAction\":[{\"@type\":\"ReadAction\",\"target\":[\"https:\/\/vieassociative.be\/actualites\/jd-vance-le-chien-de-combat-de-trump-visite-le-groenland-ignites-vice-president-americain-prochain-le-niveau-descalade\/\"]}]},{\"@type\":\"ImageObject\",\"inLanguage\":\"fr-BE\",\"@id\":\"https:\/\/vieassociative.be\/actualites\/jd-vance-le-chien-de-combat-de-trump-visite-le-groenland-ignites-vice-president-americain-prochain-le-niveau-descalade\/#primaryimage\",\"url\":\"https:\/\/vieassociative.be\/actualites\/wp-content\/uploads\/2025\/03\/1743171569_JD-Vance-le-chien-de-combat-de-Trump-visite-le.jpg\",\"contentUrl\":\"https:\/\/vieassociative.be\/actualites\/wp-content\/uploads\/2025\/03\/1743171569_JD-Vance-le-chien-de-combat-de-Trump-visite-le.jpg\",\"width\":1200,\"height\":800,\"caption\":\"JD Vance, le \\\"chien de combat\\\" de Trump, visite le Groenland-Ignites vice-pr\u00e9sident am\u00e9ricain prochain le niveau d'escalade?\"},{\"@type\":\"BreadcrumbList\",\"@id\":\"https:\/\/vieassociative.be\/actualites\/jd-vance-le-chien-de-combat-de-trump-visite-le-groenland-ignites-vice-president-americain-prochain-le-niveau-descalade\/#breadcrumb\",\"itemListElement\":[{\"@type\":\"ListItem\",\"position\":1,\"name\":\"Accueil\",\"item\":\"https:\/\/vieassociative.be\/actualites\/\"},{\"@type\":\"ListItem\",\"position\":2,\"name\":\"JD Vance, le \u00ab\u00a0chien de combat\u00a0\u00bb de Trump, visite le Groenland-Ignites vice-pr\u00e9sident am\u00e9ricain prochain le niveau d&rsquo;escalade?\"}]},{\"@type\":\"WebSite\",\"@id\":\"https:\/\/vieassociative.be\/actualites\/#website\",\"url\":\"https:\/\/vieassociative.be\/actualites\/\",\"name\":\"Vie Associative\",\"description\":\"\",\"publisher\":{\"@id\":\"https:\/\/vieassociative.be\/actualites\/#organization\"},\"potentialAction\":[{\"@type\":\"SearchAction\",\"target\":{\"@type\":\"EntryPoint\",\"urlTemplate\":\"https:\/\/vieassociative.be\/actualites\/?s={search_term_string}\"},\"query-input\":{\"@type\":\"PropertyValueSpecification\",\"valueRequired\":true,\"valueName\":\"search_term_string\"}}],\"inLanguage\":\"fr-BE\"},{\"@type\":\"Organization\",\"@id\":\"https:\/\/vieassociative.be\/actualites\/#organization\",\"name\":\"Vie Associative\",\"url\":\"https:\/\/vieassociative.be\/actualites\/\",\"logo\":{\"@type\":\"ImageObject\",\"inLanguage\":\"fr-BE\",\"@id\":\"https:\/\/vieassociative.be\/actualites\/#\/schema\/logo\/image\/\",\"url\":\"https:\/\/vieassociative.be\/actualites\/wp-content\/uploads\/2024\/09\/cropped-vieassociative_favicon.ico.png\",\"contentUrl\":\"https:\/\/vieassociative.be\/actualites\/wp-content\/uploads\/2024\/09\/cropped-vieassociative_favicon.ico.png\",\"width\":512,\"height\":512,\"caption\":\"Vie Associative\"},\"image\":{\"@id\":\"https:\/\/vieassociative.be\/actualites\/#\/schema\/logo\/image\/\"}},{\"@type\":\"Person\",\"@id\":\"https:\/\/vieassociative.be\/actualites\/#\/schema\/person\/b87ac4f82f9d4e7b7cec7395b679edc4\",\"name\":\"Julien\",\"image\":{\"@type\":\"ImageObject\",\"inLanguage\":\"fr-BE\",\"@id\":\"https:\/\/vieassociative.be\/actualites\/#\/schema\/person\/image\/\",\"url\":\"https:\/\/vieassociative.be\/actualites\/wp-content\/uploads\/2024\/09\/vie-associative-1-150x150.jpg\",\"contentUrl\":\"https:\/\/vieassociative.be\/actualites\/wp-content\/uploads\/2024\/09\/vie-associative-1-150x150.jpg\",\"caption\":\"Julien\"},\"description\":\"Je suis Julien, r\u00e9dacteur pour Vie Associative. Passionn\u00e9 par le monde associatif depuis plus de 10 ans, j'ai \u00e0 c\u0153ur de partager des histoires inspirantes et de mettre en lumi\u00e8re les initiatives locales. Mon objectif est de sensibiliser et d'encourager l'engagement communautaire \u00e0 travers mes articles.\",\"sameAs\":[\"https:\/\/vieassociative.be\/\"]}]}<\/script>\n<!-- \/ Yoast SEO plugin. -->","yoast_head_json":{"title":"JD Vance, le \"chien de combat\" de Trump, visite le Groenland-Ignites vice-pr\u00e9sident am\u00e9ricain prochain le niveau d'escalade? | Vie Associative","robots":{"index":"index","follow":"follow","max-snippet":"max-snippet:-1","max-image-preview":"max-image-preview:large","max-video-preview":"max-video-preview:-1"},"canonical":"https:\/\/vieassociative.be\/actualites\/jd-vance-le-chien-de-combat-de-trump-visite-le-groenland-ignites-vice-president-americain-prochain-le-niveau-descalade\/","og_locale":"fr_FR","og_type":"article","og_title":"JD Vance, le \"chien de combat\" de Trump, visite le Groenland-Ignites vice-pr\u00e9sident am\u00e9ricain prochain le niveau d'escalade? | Vie Associative","og_description":"Avec des apparences grondantes et des d\u00e9clarations tr\u00e8s non divromatiques, Trump-Vice-Vice JD Vance fait peur aux Europ\u00e9ens. Iligne-t-il le prochain niveau d&rsquo;escalade au Groenland? JD","og_url":"https:\/\/vieassociative.be\/actualites\/jd-vance-le-chien-de-combat-de-trump-visite-le-groenland-ignites-vice-president-americain-prochain-le-niveau-descalade\/","og_site_name":"Vie Associative","article_published_time":"2025-03-28T14:19:29+00:00","og_image":[{"width":279,"height":92,"url":"https:\/\/vieassociative.be\/actualites\/wp-content\/uploads\/2024\/09\/header_backgroundk-01-e1726694325946.png","type":"image\/png"}],"author":"Julien","twitter_card":"summary_large_image","twitter_misc":{"\u00c9crit par":"Julien","Dur\u00e9e de lecture est.":"5 minutes"},"schema":{"@context":"https:\/\/schema.org","@graph":[{"@type":"Article","@id":"https:\/\/vieassociative.be\/actualites\/jd-vance-le-chien-de-combat-de-trump-visite-le-groenland-ignites-vice-president-americain-prochain-le-niveau-descalade\/#article","isPartOf":{"@id":"https:\/\/vieassociative.be\/actualites\/jd-vance-le-chien-de-combat-de-trump-visite-le-groenland-ignites-vice-president-americain-prochain-le-niveau-descalade\/"},"author":{"name":"Julien","@id":"https:\/\/vieassociative.be\/actualites\/#\/schema\/person\/b87ac4f82f9d4e7b7cec7395b679edc4"},"headline":"JD Vance, le \u00ab\u00a0chien de combat\u00a0\u00bb de Trump, visite le Groenland-Ignites vice-pr\u00e9sident am\u00e9ricain prochain le niveau d&rsquo;escalade?","datePublished":"2025-03-28T14:19:29+00:00","dateModified":"2025-03-28T14:19:29+00:00","mainEntityOfPage":{"@id":"https:\/\/vieassociative.be\/actualites\/jd-vance-le-chien-de-combat-de-trump-visite-le-groenland-ignites-vice-president-americain-prochain-le-niveau-descalade\/"},"wordCount":1061,"publisher":{"@id":"https:\/\/vieassociative.be\/actualites\/#organization"},"image":{"@id":"https:\/\/vieassociative.be\/actualites\/jd-vance-le-chien-de-combat-de-trump-visite-le-groenland-ignites-vice-president-americain-prochain-le-niveau-descalade\/#primaryimage"},"thumbnailUrl":"https:\/\/vieassociative.be\/actualites\/wp-content\/uploads\/2025\/03\/1743171569_JD-Vance-le-chien-de-combat-de-Trump-visite-le.jpg","keywords":["am\u00e9ricain","chien","combat","descalade","GroenlandIgnites","niveau","prochain","Trump","Vance","vicepr\u00e9sident","visite"],"articleSection":["Belgique"],"inLanguage":"fr-BE"},{"@type":"WebPage","@id":"https:\/\/vieassociative.be\/actualites\/jd-vance-le-chien-de-combat-de-trump-visite-le-groenland-ignites-vice-president-americain-prochain-le-niveau-descalade\/","url":"https:\/\/vieassociative.be\/actualites\/jd-vance-le-chien-de-combat-de-trump-visite-le-groenland-ignites-vice-president-americain-prochain-le-niveau-descalade\/","name":"JD Vance, le \"chien de combat\" de Trump, visite le Groenland-Ignites vice-pr\u00e9sident am\u00e9ricain prochain le niveau d'escalade? | Vie Associative","isPartOf":{"@id":"https:\/\/vieassociative.be\/actualites\/#website"},"primaryImageOfPage":{"@id":"https:\/\/vieassociative.be\/actualites\/jd-vance-le-chien-de-combat-de-trump-visite-le-groenland-ignites-vice-president-americain-prochain-le-niveau-descalade\/#primaryimage"},"image":{"@id":"https:\/\/vieassociative.be\/actualites\/jd-vance-le-chien-de-combat-de-trump-visite-le-groenland-ignites-vice-president-americain-prochain-le-niveau-descalade\/#primaryimage"},"thumbnailUrl":"https:\/\/vieassociative.be\/actualites\/wp-content\/uploads\/2025\/03\/1743171569_JD-Vance-le-chien-de-combat-de-Trump-visite-le.jpg","datePublished":"2025-03-28T14:19:29+00:00","dateModified":"2025-03-28T14:19:29+00:00","breadcrumb":{"@id":"https:\/\/vieassociative.be\/actualites\/jd-vance-le-chien-de-combat-de-trump-visite-le-groenland-ignites-vice-president-americain-prochain-le-niveau-descalade\/#breadcrumb"},"inLanguage":"fr-BE","potentialAction":[{"@type":"ReadAction","target":["https:\/\/vieassociative.be\/actualites\/jd-vance-le-chien-de-combat-de-trump-visite-le-groenland-ignites-vice-president-americain-prochain-le-niveau-descalade\/"]}]},{"@type":"ImageObject","inLanguage":"fr-BE","@id":"https:\/\/vieassociative.be\/actualites\/jd-vance-le-chien-de-combat-de-trump-visite-le-groenland-ignites-vice-president-americain-prochain-le-niveau-descalade\/#primaryimage","url":"https:\/\/vieassociative.be\/actualites\/wp-content\/uploads\/2025\/03\/1743171569_JD-Vance-le-chien-de-combat-de-Trump-visite-le.jpg","contentUrl":"https:\/\/vieassociative.be\/actualites\/wp-content\/uploads\/2025\/03\/1743171569_JD-Vance-le-chien-de-combat-de-Trump-visite-le.jpg","width":1200,"height":800,"caption":"JD Vance, le \"chien de combat\" de Trump, visite le Groenland-Ignites vice-pr\u00e9sident am\u00e9ricain prochain le niveau d'escalade?"},{"@type":"BreadcrumbList","@id":"https:\/\/vieassociative.be\/actualites\/jd-vance-le-chien-de-combat-de-trump-visite-le-groenland-ignites-vice-president-americain-prochain-le-niveau-descalade\/#breadcrumb","itemListElement":[{"@type":"ListItem","position":1,"name":"Accueil","item":"https:\/\/vieassociative.be\/actualites\/"},{"@type":"ListItem","position":2,"name":"JD Vance, le \u00ab\u00a0chien de combat\u00a0\u00bb de Trump, visite le Groenland-Ignites vice-pr\u00e9sident am\u00e9ricain prochain le niveau d&rsquo;escalade?"}]},{"@type":"WebSite","@id":"https:\/\/vieassociative.be\/actualites\/#website","url":"https:\/\/vieassociative.be\/actualites\/","name":"Vie Associative","description":"","publisher":{"@id":"https:\/\/vieassociative.be\/actualites\/#organization"},"potentialAction":[{"@type":"SearchAction","target":{"@type":"EntryPoint","urlTemplate":"https:\/\/vieassociative.be\/actualites\/?s={search_term_string}"},"query-input":{"@type":"PropertyValueSpecification","valueRequired":true,"valueName":"search_term_string"}}],"inLanguage":"fr-BE"},{"@type":"Organization","@id":"https:\/\/vieassociative.be\/actualites\/#organization","name":"Vie Associative","url":"https:\/\/vieassociative.be\/actualites\/","logo":{"@type":"ImageObject","inLanguage":"fr-BE","@id":"https:\/\/vieassociative.be\/actualites\/#\/schema\/logo\/image\/","url":"https:\/\/vieassociative.be\/actualites\/wp-content\/uploads\/2024\/09\/cropped-vieassociative_favicon.ico.png","contentUrl":"https:\/\/vieassociative.be\/actualites\/wp-content\/uploads\/2024\/09\/cropped-vieassociative_favicon.ico.png","width":512,"height":512,"caption":"Vie Associative"},"image":{"@id":"https:\/\/vieassociative.be\/actualites\/#\/schema\/logo\/image\/"}},{"@type":"Person","@id":"https:\/\/vieassociative.be\/actualites\/#\/schema\/person\/b87ac4f82f9d4e7b7cec7395b679edc4","name":"Julien","image":{"@type":"ImageObject","inLanguage":"fr-BE","@id":"https:\/\/vieassociative.be\/actualites\/#\/schema\/person\/image\/","url":"https:\/\/vieassociative.be\/actualites\/wp-content\/uploads\/2024\/09\/vie-associative-1-150x150.jpg","contentUrl":"https:\/\/vieassociative.be\/actualites\/wp-content\/uploads\/2024\/09\/vie-associative-1-150x150.jpg","caption":"Julien"},"description":"Je suis Julien, r\u00e9dacteur pour Vie Associative. Passionn\u00e9 par le monde associatif depuis plus de 10 ans, j'ai \u00e0 c\u0153ur de partager des histoires inspirantes et de mettre en lumi\u00e8re les initiatives locales. Mon objectif est de sensibiliser et d'encourager l'engagement communautaire \u00e0 travers mes articles.","sameAs":["https:\/\/vieassociative.be\/"]}]}},"_links":{"self":[{"href":"https:\/\/vieassociative.be\/actualites\/wp-json\/wp\/v2\/posts\/6221"}],"collection":[{"href":"https:\/\/vieassociative.be\/actualites\/wp-json\/wp\/v2\/posts"}],"about":[{"href":"https:\/\/vieassociative.be\/actualites\/wp-json\/wp\/v2\/types\/post"}],"author":[{"embeddable":true,"href":"https:\/\/vieassociative.be\/actualites\/wp-json\/wp\/v2\/users\/1"}],"replies":[{"embeddable":true,"href":"https:\/\/vieassociative.be\/actualites\/wp-json\/wp\/v2\/comments?post=6221"}],"version-history":[{"count":0,"href":"https:\/\/vieassociative.be\/actualites\/wp-json\/wp\/v2\/posts\/6221\/revisions"}],"wp:featuredmedia":[{"embeddable":true,"href":"https:\/\/vieassociative.be\/actualites\/wp-json\/wp\/v2\/media\/6222"}],"wp:attachment":[{"href":"https:\/\/vieassociative.be\/actualites\/wp-json\/wp\/v2\/media?parent=6221"}],"wp:term":[{"taxonomy":"category","embeddable":true,"href":"https:\/\/vieassociative.be\/actualites\/wp-json\/wp\/v2\/categories?post=6221"},{"taxonomy":"post_tag","embeddable":true,"href":"https:\/\/vieassociative.be\/actualites\/wp-json\/wp\/v2\/tags?post=6221"}],"curies":[{"name":"wp","href":"https:\/\/api.w.org\/{rel}","templated":true}]}}