{"id":6219,"date":"2025-03-28T14:25:32","date_gmt":"2025-03-28T13:25:32","guid":{"rendered":"https:\/\/vieassociative.be\/actualites\/la-montre-pixel-de-premiere-generation-de-google-est-a-son-prix-le-plus-bas\/"},"modified":"2025-03-28T14:25:32","modified_gmt":"2025-03-28T13:25:32","slug":"la-montre-pixel-de-premiere-generation-de-google-est-a-son-prix-le-plus-bas","status":"publish","type":"post","link":"https:\/\/vieassociative.be\/actualites\/la-montre-pixel-de-premiere-generation-de-google-est-a-son-prix-le-plus-bas\/","title":{"rendered":"La montre Pixel de premi\u00e8re g\u00e9n\u00e9ration de Google est \u00e0 son prix le plus bas"},"content":{"rendered":"<div class=\"mt-4 leading-6 md:mb-8\">La premi\u00e8re montre Pixel de Google est comp\u00e9titive avec les nouveaux mod\u00e8les &#8211; et c&rsquo;est 61% de r\u00e9duction en ce moment.<\/div>\n<p><\/p>\n<p>L&rsquo;ancien clich\u00e9 \u00ab\u00a0Si ce n&rsquo;est pas cass\u00e9, ne le r\u00e9parez pas\u00a0\u00bb s&rsquo;applique parfaitement \u00e0 la montre Google Pixel de premi\u00e8re g\u00e9n\u00e9ration. Sortie en 2022, la premi\u00e8re montre intelligente de Google a l&rsquo;air super, est con\u00e7ue pour fonctionner avec l&rsquo;infrastructure de Fitbit et est l&rsquo;une des meilleures offres pour la grande vente de printemps d&rsquo;Amazon. Vous pouvez en prendre un pour 129,99 $, 61% moins cher que le prix de liste r\u00e9guli\u00e8re de 329,99 $ et le prix le plus bas pour ce mod\u00e8le jamais vendu. <\/p>\n<div class=\"pogoClear mb-12 mt-10 rounded-md border-2 border-gray-100 py-7 shadow-xl md:py-6\">\n<div class=\"flex flex-wrap justify-between px-7 text-black no-underline md:flex-nowrap md:px-8\">\n<div class=\"order-1 mx-auto flex flex-col justify-center md:order-2 md:ml-4 md:w-full md:grow\">\n<div class=\"block cursor-pointer text-center font-akshar text-2xl font-medium leading-7 text-brand-green duration-200 ease-in-out hover:text-brand-green-700 md:text-left md:text-xl md:leading-6\">Google Pixel Watch\n                <\/div>\n<div class=\"mt-4 hidden md:flex md:justify-between\">\n<div class=\"self-end\">\n<div class=\"mb-0 h-11 md:flex md:flex-col md:justify-center\">\n<div class=\" font-sans leading-4 text-black\">\n<div class=\"flex flex-wrap items-center justify-center gap-x-1 md:justify-start\">\n        <span class=\"font-bold\"><\/p>\n<p>            129,99 $<br \/>\n                            <span class=\"font-medium\">\u00e0 Amazon<\/span><br \/>\n                    <\/span><br \/>\n                    <img decoding=\"async\" class=\"mt-0 h-(15px)\" src=\"https:\/\/vieassociative.be\/actualites\/wp-content\/uploads\/2025\/03\/La-montre-Pixel-de-premiere-generation-de-Google-est-a.svg.svg+xml\" title=\"Amazon Prime\" alt=\"Amazon Prime\">\n            <\/div>\n<div class=\"flex items-center justify-center gap-x-1 font-bold md:justify-start\">\n            <span class=\"text-sm line-through\">329,99 $<\/span><br \/>\n            <span class=\"text-sm text-brand-green\">\u00c9conomisez 200 $<\/span>\n        <\/div>\n<\/p><\/div>\n<\/p><\/div>\n<\/p><\/div>\n<div class=\"w-44 self-end\">\n                            <button class=\"flex justify-center items-center w-full bg-brand-green text-white text-base font-sans font-medium rounded-md hover:bg-brand-green-700 hover:cursor-pointer md:text-sm h-11\"><\/p>\n<p>    Conclure un accord<br \/>\n<\/button>\n                        <\/div>\n<\/p><\/div>\n<\/p><\/div>\n<div class=\"order-2 mt-5 h-auto w-full md:order-1 md:mt-0 md:hidden\">\n<div class=\"flex aspect-video items-center justify-center\">\n                                            <img decoding=\"async\" class=\"m-0 max-h-full max-w-full rounded-md\" src=\"https:\/\/vieassociative.be\/actualites\/wp-content\/uploads\/2025\/03\/La-montre-Pixel-de-premiere-generation-de-Google-est-a.jpg\" alt=\"Google Pixel Watch - Android Smartwatch avec suivi de l'activit\u00e9 Fitbit - Suivi de la fr\u00e9quence cardiaque - \u00c9tui en or champagne avec bande active de Hazel - LTE\" width=\"auto\" height=\"auto\" loading=\"lazy\">\n                                    <\/div>\n<\/p><\/div>\n<div class=\"order-2 ml-2 hidden w-32 shrink-0 items-center md:order-1 md:ml-0 md:flex\">\n<div class=\"flex aspect-video items-center justify-center\">\n                                            <img decoding=\"async\" class=\"m-0 max-h-full max-w-full rounded-md\" src=\"https:\/\/vieassociative.be\/actualites\/wp-content\/uploads\/2025\/03\/La-montre-Pixel-de-premiere-generation-de-Google-est-a.jpg\" alt=\"Google Pixel Watch - Android Smartwatch avec suivi de l'activit\u00e9 Fitbit - Suivi de la fr\u00e9quence cardiaque - \u00c9tui en or champagne avec bande active de Hazel - LTE\" width=\"auto\" height=\"auto\" loading=\"lazy\">\n                                    <\/div>\n<\/p><\/div>\n<div class=\"order-3 flex grow flex-wrap md:hidden md:grow-0\">\n<div class=\"mt-4 w-full\">\n                        <button class=\"flex justify-center items-center w-full bg-brand-green text-white text-base font-sans font-medium rounded-md hover:bg-brand-green-700 hover:cursor-pointer md:text-sm h-11\"><\/p>\n<p>    Conclure un accord<br \/>\n<\/button>\n                    <\/div>\n<div class=\"mx-2 mt-4 w-full\">\n<div class=\" font-sans leading-4 text-black\">\n<div class=\"flex flex-wrap items-center justify-center gap-x-1 md:justify-start\">\n        <span class=\"font-bold\"><\/p>\n<p>            129,99 $<br \/>\n                            <span class=\"font-medium\">\u00e0 Amazon<\/span><br \/>\n                    <\/span><br \/>\n                    <img decoding=\"async\" class=\"mt-0 h-(15px)\" src=\"https:\/\/vieassociative.be\/actualites\/wp-content\/uploads\/2025\/03\/La-montre-Pixel-de-premiere-generation-de-Google-est-a.svg.svg+xml\" title=\"Amazon Prime\" alt=\"Amazon Prime\">\n            <\/div>\n<div class=\"flex items-center justify-center gap-x-1 font-bold md:justify-start\">\n            <span class=\"text-sm line-through\">329,99 $<\/span><br \/>\n            <span class=\"text-sm text-brand-green\">\u00c9conomisez 200 $<\/span>\n        <\/div>\n<\/p><\/div>\n<\/p><\/div>\n<\/p><\/div>\n<\/p><\/div>\n<\/div>\n<p>Voici un tableau afin que vous puissiez voir comment le prix tombe d&rsquo;une falaise il y a quelques jours:<\/p>\n<div class=\"eloquent-imagery-image\">\n<div class=\"flex justify-center\">\n                    <img decoding=\"async\" class=\"border border-gray-100\" src=\"https:\/\/vieassociative.be\/actualites\/wp-content\/uploads\/2025\/03\/La-montre-Pixel-de-premiere-generation-de-Google-est-a.png\" alt=\"Google Pixel regarde la premi\u00e8re g\u00e9n\u00e9ration\" width=\"2000\" height=\"941\" loading=\"lazy\"  >\n            <\/div>\n<\/p><\/div>\n<p>Si vous comparez les fonctionnalit\u00e9s de la montre Pixel originale avec le Pixel Watch 3 qui est sorti en 2024, vous pouvez voir \u00e0 quel point l&rsquo;ancienne montre est comp\u00e9titive. Bien s\u00fbr, le Pixel 3 a un capteur suppl\u00e9mentaire qui mesure la temp\u00e9rature de la peau, la d\u00e9tection des chutes, un processeur plus rapide et une batterie plus grande, mais si vous voulez qu&rsquo;une montre fiable puisse suivre vos s\u00e9ances d&rsquo;entra\u00eenement, jouer de la musique, passer des appels et contr\u00f4ler vos appareils intelligents m\u00e9nagers, les deux fonctionnent tr\u00e8s bien et vous pourriez litt\u00e9ralement acheter <em>deux<\/em> Pixel Watch 1 pour le prix de vente de 289,99 $ du nouveau mod\u00e8le et il reste encore 30 $ pour acheter le d\u00e9jeuner. <\/p>\n<p>Si vous voulez regarder de plus en plus toutes les bonnes affaires Smart Watch and Fitness Tracker sur Amazon cette semaine, la r\u00e9dactrice en sant\u00e9 senior de Vie Associative, Beth Skwarecki, les a tous cass\u00e9s ici. <\/p>\n<div class=\"pogoClear relative my-10 border-b-(1.5px) border-t-(1.5px) border-dashed border-black py-5 sm:my-14 sm:border-0 sm:py-0\" x-cloak x-data=\"{ commentsCount: null }\" x-init=\"commentsCount = await window.openweb.getMessagesCount(122460)\" x-show=\"commentsCount !== null &amp;&amp; commentsCount &gt; 0\">\n<div class=\"absolute top-1\/2 hidden w-full -translate-y-1\/2 border-t-(1.5px) border-dashed border-black sm:block\"><\/div>\n<div class=\"relative flex justify-center\">\n<div class=\"flex max-w-max items-center gap-x-3 bg-white px-5\">\n<div class=\"relative\">\n                <span class=\"absolute left-1\/2 top-1\/2 -translate-x-1\/2 -translate-y-1\/2 font-akshar text-sm font-medium text-black\" x-text=\"commentsCount\"><\/span><\/p>\n<p>                <svg class=\"h-8 w-8 text-black\">\n                    <use href=\"http:\/\/lifehacker.com\/images\/icons\/spritemap.svg#sprite-chat-bubble\"><\/use>\n                <\/svg>\n            <\/div>\n<p>            <span class=\"text-sm font-medium text-black\">Que pensez-vous jusqu&rsquo;\u00e0 pr\u00e9sent? <button class=\"font-semibold text-brand-green underline hover:text-brand-green-700\" onclick=\"window.openweb.scrollToComments(122460)\">Publier un commentaire.<\/button><\/span>\n        <\/div>\n<\/p><\/div>\n<\/div>\n<p><em>Shopping for Tech? Vie Associative peut vous aider \u00e0 prendre la bonne d\u00e9cision. Parcourez nos critiques technologiques et nos comparaisons en t\u00eate-\u00e0-t\u00eate pour tout, des ordinateurs portables et des montres intelligentes aux v\u00e9los \u00e9lectriques et aux gymnases \u00e0 domicile. Abonnez-vous \u00e0 notre newsletter d&rsquo;offres, ajoutez \u00e0 CART<\/em><em>pour les meilleures ventes envoy\u00e9es dans votre bo\u00eete de r\u00e9ception, ou parcourez nos meilleures listes directement sur Amazon, notamment:<\/em><\/p>\n<ul>\n<li>\n<p><em>Le meilleur \u00e9couteur surr\u00e9<\/em><\/p>\n<\/li>\n<li>\n<p><em>Les meilleurs \u00e9couteurs sans fil<\/em><\/p>\n<\/li>\n<li>\n<p><em>Les meilleurs ensembles d&rsquo;halt\u00e8res r\u00e9glables<\/em><\/p>\n<\/li>\n<li>\n<p><em>Les meilleurs projecteurs<\/em><\/p>\n<\/li>\n<\/ul>\n","protected":false},"excerpt":{"rendered":"<p>La premi\u00e8re montre Pixel de Google est comp\u00e9titive avec les nouveaux mod\u00e8les &#8211; et c&rsquo;est 61% de r\u00e9duction en ce moment. L&rsquo;ancien clich\u00e9 \u00ab\u00a0Si ce<\/p>\n","protected":false},"author":1,"featured_media":6220,"comment_status":"","ping_status":"","sticky":false,"template":"","format":"standard","meta":{"footnotes":""},"categories":[13],"tags":[700,76,2328,968,1252,1278,610,1399,800],"class_list":["post-6219","post","type-post","status-publish","format-standard","has-post-thumbnail","hentry","category-technologie","tag-bas","tag-est","tag-generation","tag-google","tag-montre","tag-pixel","tag-premiere","tag-prix","tag-son","generate-columns","tablet-grid-50","mobile-grid-100","grid-parent","grid-33"],"yoast_head":"<!-- This site is optimized with the Yoast SEO plugin v24.0 - https:\/\/yoast.com\/wordpress\/plugins\/seo\/ -->\n<title>La montre Pixel de premi\u00e8re g\u00e9n\u00e9ration de Google est \u00e0 son prix le plus bas | Vie Associative<\/title>\n<meta name=\"robots\" content=\"index, follow, max-snippet:-1, max-image-preview:large, max-video-preview:-1\" \/>\n<link rel=\"canonical\" href=\"https:\/\/vieassociative.be\/actualites\/la-montre-pixel-de-premiere-generation-de-google-est-a-son-prix-le-plus-bas\/\" \/>\n<meta property=\"og:locale\" content=\"fr_FR\" \/>\n<meta property=\"og:type\" content=\"article\" \/>\n<meta property=\"og:title\" content=\"La montre Pixel de premi\u00e8re g\u00e9n\u00e9ration de Google est \u00e0 son prix le plus bas | Vie Associative\" \/>\n<meta property=\"og:description\" content=\"La premi\u00e8re montre Pixel de Google est comp\u00e9titive avec les nouveaux mod\u00e8les &#8211; et c&rsquo;est 61% de r\u00e9duction en ce moment. L&rsquo;ancien clich\u00e9 \u00ab\u00a0Si ce\" \/>\n<meta property=\"og:url\" content=\"https:\/\/vieassociative.be\/actualites\/la-montre-pixel-de-premiere-generation-de-google-est-a-son-prix-le-plus-bas\/\" \/>\n<meta property=\"og:site_name\" content=\"Vie Associative\" \/>\n<meta property=\"article:published_time\" content=\"2025-03-28T13:25:32+00:00\" \/>\n<meta property=\"og:image\" content=\"https:\/\/vieassociative.be\/actualites\/wp-content\/uploads\/2025\/03\/La-montre-Pixel-de-premiere-generation-de-Google-est-a.svg.svg+xml\" \/>\n<meta name=\"author\" content=\"Julien\" \/>\n<meta name=\"twitter:card\" content=\"summary_large_image\" \/>\n<meta name=\"twitter:label1\" content=\"\u00c9crit par\" \/>\n\t<meta name=\"twitter:data1\" content=\"Julien\" \/>\n\t<meta name=\"twitter:label2\" content=\"Dur\u00e9e de lecture est.\" \/>\n\t<meta name=\"twitter:data2\" content=\"2 minutes\" \/>\n<script type=\"application\/ld+json\" class=\"yoast-schema-graph\">{\"@context\":\"https:\/\/schema.org\",\"@graph\":[{\"@type\":\"Article\",\"@id\":\"https:\/\/vieassociative.be\/actualites\/la-montre-pixel-de-premiere-generation-de-google-est-a-son-prix-le-plus-bas\/#article\",\"isPartOf\":{\"@id\":\"https:\/\/vieassociative.be\/actualites\/la-montre-pixel-de-premiere-generation-de-google-est-a-son-prix-le-plus-bas\/\"},\"author\":{\"name\":\"Julien\",\"@id\":\"https:\/\/vieassociative.be\/actualites\/#\/schema\/person\/b87ac4f82f9d4e7b7cec7395b679edc4\"},\"headline\":\"La montre Pixel de premi\u00e8re g\u00e9n\u00e9ration de Google est \u00e0 son prix le plus bas\",\"datePublished\":\"2025-03-28T13:25:32+00:00\",\"dateModified\":\"2025-03-28T13:25:32+00:00\",\"mainEntityOfPage\":{\"@id\":\"https:\/\/vieassociative.be\/actualites\/la-montre-pixel-de-premiere-generation-de-google-est-a-son-prix-le-plus-bas\/\"},\"wordCount\":433,\"publisher\":{\"@id\":\"https:\/\/vieassociative.be\/actualites\/#organization\"},\"image\":{\"@id\":\"https:\/\/vieassociative.be\/actualites\/la-montre-pixel-de-premiere-generation-de-google-est-a-son-prix-le-plus-bas\/#primaryimage\"},\"thumbnailUrl\":\"https:\/\/vieassociative.be\/actualites\/wp-content\/uploads\/2025\/03\/1743168332_La-montre-Pixel-de-premiere-generation-de-Google-est-a.jpg\",\"keywords\":[\"bas\",\"est\",\"g\u00e9n\u00e9ration\",\"Google\",\"montre\",\"Pixel\",\"premi\u00e8re\",\"prix\",\"son\"],\"articleSection\":[\"Technologie\"],\"inLanguage\":\"fr-BE\"},{\"@type\":\"WebPage\",\"@id\":\"https:\/\/vieassociative.be\/actualites\/la-montre-pixel-de-premiere-generation-de-google-est-a-son-prix-le-plus-bas\/\",\"url\":\"https:\/\/vieassociative.be\/actualites\/la-montre-pixel-de-premiere-generation-de-google-est-a-son-prix-le-plus-bas\/\",\"name\":\"La montre Pixel de premi\u00e8re g\u00e9n\u00e9ration de Google est \u00e0 son prix le plus bas | Vie Associative\",\"isPartOf\":{\"@id\":\"https:\/\/vieassociative.be\/actualites\/#website\"},\"primaryImageOfPage\":{\"@id\":\"https:\/\/vieassociative.be\/actualites\/la-montre-pixel-de-premiere-generation-de-google-est-a-son-prix-le-plus-bas\/#primaryimage\"},\"image\":{\"@id\":\"https:\/\/vieassociative.be\/actualites\/la-montre-pixel-de-premiere-generation-de-google-est-a-son-prix-le-plus-bas\/#primaryimage\"},\"thumbnailUrl\":\"https:\/\/vieassociative.be\/actualites\/wp-content\/uploads\/2025\/03\/1743168332_La-montre-Pixel-de-premiere-generation-de-Google-est-a.jpg\",\"datePublished\":\"2025-03-28T13:25:32+00:00\",\"dateModified\":\"2025-03-28T13:25:32+00:00\",\"breadcrumb\":{\"@id\":\"https:\/\/vieassociative.be\/actualites\/la-montre-pixel-de-premiere-generation-de-google-est-a-son-prix-le-plus-bas\/#breadcrumb\"},\"inLanguage\":\"fr-BE\",\"potentialAction\":[{\"@type\":\"ReadAction\",\"target\":[\"https:\/\/vieassociative.be\/actualites\/la-montre-pixel-de-premiere-generation-de-google-est-a-son-prix-le-plus-bas\/\"]}]},{\"@type\":\"ImageObject\",\"inLanguage\":\"fr-BE\",\"@id\":\"https:\/\/vieassociative.be\/actualites\/la-montre-pixel-de-premiere-generation-de-google-est-a-son-prix-le-plus-bas\/#primaryimage\",\"url\":\"https:\/\/vieassociative.be\/actualites\/wp-content\/uploads\/2025\/03\/1743168332_La-montre-Pixel-de-premiere-generation-de-Google-est-a.jpg\",\"contentUrl\":\"https:\/\/vieassociative.be\/actualites\/wp-content\/uploads\/2025\/03\/1743168332_La-montre-Pixel-de-premiere-generation-de-Google-est-a.jpg\",\"width\":1200,\"height\":675,\"caption\":\"La montre Pixel de premi\u00e8re g\u00e9n\u00e9ration de Google est \u00e0 son prix le plus bas\"},{\"@type\":\"BreadcrumbList\",\"@id\":\"https:\/\/vieassociative.be\/actualites\/la-montre-pixel-de-premiere-generation-de-google-est-a-son-prix-le-plus-bas\/#breadcrumb\",\"itemListElement\":[{\"@type\":\"ListItem\",\"position\":1,\"name\":\"Accueil\",\"item\":\"https:\/\/vieassociative.be\/actualites\/\"},{\"@type\":\"ListItem\",\"position\":2,\"name\":\"La montre Pixel de premi\u00e8re g\u00e9n\u00e9ration de Google est \u00e0 son prix le plus bas\"}]},{\"@type\":\"WebSite\",\"@id\":\"https:\/\/vieassociative.be\/actualites\/#website\",\"url\":\"https:\/\/vieassociative.be\/actualites\/\",\"name\":\"Vie Associative\",\"description\":\"\",\"publisher\":{\"@id\":\"https:\/\/vieassociative.be\/actualites\/#organization\"},\"potentialAction\":[{\"@type\":\"SearchAction\",\"target\":{\"@type\":\"EntryPoint\",\"urlTemplate\":\"https:\/\/vieassociative.be\/actualites\/?s={search_term_string}\"},\"query-input\":{\"@type\":\"PropertyValueSpecification\",\"valueRequired\":true,\"valueName\":\"search_term_string\"}}],\"inLanguage\":\"fr-BE\"},{\"@type\":\"Organization\",\"@id\":\"https:\/\/vieassociative.be\/actualites\/#organization\",\"name\":\"Vie Associative\",\"url\":\"https:\/\/vieassociative.be\/actualites\/\",\"logo\":{\"@type\":\"ImageObject\",\"inLanguage\":\"fr-BE\",\"@id\":\"https:\/\/vieassociative.be\/actualites\/#\/schema\/logo\/image\/\",\"url\":\"https:\/\/vieassociative.be\/actualites\/wp-content\/uploads\/2024\/09\/cropped-vieassociative_favicon.ico.png\",\"contentUrl\":\"https:\/\/vieassociative.be\/actualites\/wp-content\/uploads\/2024\/09\/cropped-vieassociative_favicon.ico.png\",\"width\":512,\"height\":512,\"caption\":\"Vie Associative\"},\"image\":{\"@id\":\"https:\/\/vieassociative.be\/actualites\/#\/schema\/logo\/image\/\"}},{\"@type\":\"Person\",\"@id\":\"https:\/\/vieassociative.be\/actualites\/#\/schema\/person\/b87ac4f82f9d4e7b7cec7395b679edc4\",\"name\":\"Julien\",\"image\":{\"@type\":\"ImageObject\",\"inLanguage\":\"fr-BE\",\"@id\":\"https:\/\/vieassociative.be\/actualites\/#\/schema\/person\/image\/\",\"url\":\"https:\/\/vieassociative.be\/actualites\/wp-content\/uploads\/2024\/09\/vie-associative-1-150x150.jpg\",\"contentUrl\":\"https:\/\/vieassociative.be\/actualites\/wp-content\/uploads\/2024\/09\/vie-associative-1-150x150.jpg\",\"caption\":\"Julien\"},\"description\":\"Je suis Julien, r\u00e9dacteur pour Vie Associative. Passionn\u00e9 par le monde associatif depuis plus de 10 ans, j'ai \u00e0 c\u0153ur de partager des histoires inspirantes et de mettre en lumi\u00e8re les initiatives locales. Mon objectif est de sensibiliser et d'encourager l'engagement communautaire \u00e0 travers mes articles.\",\"sameAs\":[\"https:\/\/vieassociative.be\/\"]}]}<\/script>\n<!-- \/ Yoast SEO plugin. -->","yoast_head_json":{"title":"La montre Pixel de premi\u00e8re g\u00e9n\u00e9ration de Google est \u00e0 son prix le plus bas | Vie Associative","robots":{"index":"index","follow":"follow","max-snippet":"max-snippet:-1","max-image-preview":"max-image-preview:large","max-video-preview":"max-video-preview:-1"},"canonical":"https:\/\/vieassociative.be\/actualites\/la-montre-pixel-de-premiere-generation-de-google-est-a-son-prix-le-plus-bas\/","og_locale":"fr_FR","og_type":"article","og_title":"La montre Pixel de premi\u00e8re g\u00e9n\u00e9ration de Google est \u00e0 son prix le plus bas | Vie Associative","og_description":"La premi\u00e8re montre Pixel de Google est comp\u00e9titive avec les nouveaux mod\u00e8les &#8211; et c&rsquo;est 61% de r\u00e9duction en ce moment. L&rsquo;ancien clich\u00e9 \u00ab\u00a0Si ce","og_url":"https:\/\/vieassociative.be\/actualites\/la-montre-pixel-de-premiere-generation-de-google-est-a-son-prix-le-plus-bas\/","og_site_name":"Vie Associative","article_published_time":"2025-03-28T13:25:32+00:00","og_image":[{"url":"https:\/\/vieassociative.be\/actualites\/wp-content\/uploads\/2025\/03\/La-montre-Pixel-de-premiere-generation-de-Google-est-a.svg.svg+xml","type":"","width":"","height":""}],"author":"Julien","twitter_card":"summary_large_image","twitter_misc":{"\u00c9crit par":"Julien","Dur\u00e9e de lecture est.":"2 minutes"},"schema":{"@context":"https:\/\/schema.org","@graph":[{"@type":"Article","@id":"https:\/\/vieassociative.be\/actualites\/la-montre-pixel-de-premiere-generation-de-google-est-a-son-prix-le-plus-bas\/#article","isPartOf":{"@id":"https:\/\/vieassociative.be\/actualites\/la-montre-pixel-de-premiere-generation-de-google-est-a-son-prix-le-plus-bas\/"},"author":{"name":"Julien","@id":"https:\/\/vieassociative.be\/actualites\/#\/schema\/person\/b87ac4f82f9d4e7b7cec7395b679edc4"},"headline":"La montre Pixel de premi\u00e8re g\u00e9n\u00e9ration de Google est \u00e0 son prix le plus bas","datePublished":"2025-03-28T13:25:32+00:00","dateModified":"2025-03-28T13:25:32+00:00","mainEntityOfPage":{"@id":"https:\/\/vieassociative.be\/actualites\/la-montre-pixel-de-premiere-generation-de-google-est-a-son-prix-le-plus-bas\/"},"wordCount":433,"publisher":{"@id":"https:\/\/vieassociative.be\/actualites\/#organization"},"image":{"@id":"https:\/\/vieassociative.be\/actualites\/la-montre-pixel-de-premiere-generation-de-google-est-a-son-prix-le-plus-bas\/#primaryimage"},"thumbnailUrl":"https:\/\/vieassociative.be\/actualites\/wp-content\/uploads\/2025\/03\/1743168332_La-montre-Pixel-de-premiere-generation-de-Google-est-a.jpg","keywords":["bas","est","g\u00e9n\u00e9ration","Google","montre","Pixel","premi\u00e8re","prix","son"],"articleSection":["Technologie"],"inLanguage":"fr-BE"},{"@type":"WebPage","@id":"https:\/\/vieassociative.be\/actualites\/la-montre-pixel-de-premiere-generation-de-google-est-a-son-prix-le-plus-bas\/","url":"https:\/\/vieassociative.be\/actualites\/la-montre-pixel-de-premiere-generation-de-google-est-a-son-prix-le-plus-bas\/","name":"La montre Pixel de premi\u00e8re g\u00e9n\u00e9ration de Google est \u00e0 son prix le plus bas | Vie Associative","isPartOf":{"@id":"https:\/\/vieassociative.be\/actualites\/#website"},"primaryImageOfPage":{"@id":"https:\/\/vieassociative.be\/actualites\/la-montre-pixel-de-premiere-generation-de-google-est-a-son-prix-le-plus-bas\/#primaryimage"},"image":{"@id":"https:\/\/vieassociative.be\/actualites\/la-montre-pixel-de-premiere-generation-de-google-est-a-son-prix-le-plus-bas\/#primaryimage"},"thumbnailUrl":"https:\/\/vieassociative.be\/actualites\/wp-content\/uploads\/2025\/03\/1743168332_La-montre-Pixel-de-premiere-generation-de-Google-est-a.jpg","datePublished":"2025-03-28T13:25:32+00:00","dateModified":"2025-03-28T13:25:32+00:00","breadcrumb":{"@id":"https:\/\/vieassociative.be\/actualites\/la-montre-pixel-de-premiere-generation-de-google-est-a-son-prix-le-plus-bas\/#breadcrumb"},"inLanguage":"fr-BE","potentialAction":[{"@type":"ReadAction","target":["https:\/\/vieassociative.be\/actualites\/la-montre-pixel-de-premiere-generation-de-google-est-a-son-prix-le-plus-bas\/"]}]},{"@type":"ImageObject","inLanguage":"fr-BE","@id":"https:\/\/vieassociative.be\/actualites\/la-montre-pixel-de-premiere-generation-de-google-est-a-son-prix-le-plus-bas\/#primaryimage","url":"https:\/\/vieassociative.be\/actualites\/wp-content\/uploads\/2025\/03\/1743168332_La-montre-Pixel-de-premiere-generation-de-Google-est-a.jpg","contentUrl":"https:\/\/vieassociative.be\/actualites\/wp-content\/uploads\/2025\/03\/1743168332_La-montre-Pixel-de-premiere-generation-de-Google-est-a.jpg","width":1200,"height":675,"caption":"La montre Pixel de premi\u00e8re g\u00e9n\u00e9ration de Google est \u00e0 son prix le plus bas"},{"@type":"BreadcrumbList","@id":"https:\/\/vieassociative.be\/actualites\/la-montre-pixel-de-premiere-generation-de-google-est-a-son-prix-le-plus-bas\/#breadcrumb","itemListElement":[{"@type":"ListItem","position":1,"name":"Accueil","item":"https:\/\/vieassociative.be\/actualites\/"},{"@type":"ListItem","position":2,"name":"La montre Pixel de premi\u00e8re g\u00e9n\u00e9ration de Google est \u00e0 son prix le plus bas"}]},{"@type":"WebSite","@id":"https:\/\/vieassociative.be\/actualites\/#website","url":"https:\/\/vieassociative.be\/actualites\/","name":"Vie Associative","description":"","publisher":{"@id":"https:\/\/vieassociative.be\/actualites\/#organization"},"potentialAction":[{"@type":"SearchAction","target":{"@type":"EntryPoint","urlTemplate":"https:\/\/vieassociative.be\/actualites\/?s={search_term_string}"},"query-input":{"@type":"PropertyValueSpecification","valueRequired":true,"valueName":"search_term_string"}}],"inLanguage":"fr-BE"},{"@type":"Organization","@id":"https:\/\/vieassociative.be\/actualites\/#organization","name":"Vie Associative","url":"https:\/\/vieassociative.be\/actualites\/","logo":{"@type":"ImageObject","inLanguage":"fr-BE","@id":"https:\/\/vieassociative.be\/actualites\/#\/schema\/logo\/image\/","url":"https:\/\/vieassociative.be\/actualites\/wp-content\/uploads\/2024\/09\/cropped-vieassociative_favicon.ico.png","contentUrl":"https:\/\/vieassociative.be\/actualites\/wp-content\/uploads\/2024\/09\/cropped-vieassociative_favicon.ico.png","width":512,"height":512,"caption":"Vie Associative"},"image":{"@id":"https:\/\/vieassociative.be\/actualites\/#\/schema\/logo\/image\/"}},{"@type":"Person","@id":"https:\/\/vieassociative.be\/actualites\/#\/schema\/person\/b87ac4f82f9d4e7b7cec7395b679edc4","name":"Julien","image":{"@type":"ImageObject","inLanguage":"fr-BE","@id":"https:\/\/vieassociative.be\/actualites\/#\/schema\/person\/image\/","url":"https:\/\/vieassociative.be\/actualites\/wp-content\/uploads\/2024\/09\/vie-associative-1-150x150.jpg","contentUrl":"https:\/\/vieassociative.be\/actualites\/wp-content\/uploads\/2024\/09\/vie-associative-1-150x150.jpg","caption":"Julien"},"description":"Je suis Julien, r\u00e9dacteur pour Vie Associative. Passionn\u00e9 par le monde associatif depuis plus de 10 ans, j'ai \u00e0 c\u0153ur de partager des histoires inspirantes et de mettre en lumi\u00e8re les initiatives locales. Mon objectif est de sensibiliser et d'encourager l'engagement communautaire \u00e0 travers mes articles.","sameAs":["https:\/\/vieassociative.be\/"]}]}},"_links":{"self":[{"href":"https:\/\/vieassociative.be\/actualites\/wp-json\/wp\/v2\/posts\/6219"}],"collection":[{"href":"https:\/\/vieassociative.be\/actualites\/wp-json\/wp\/v2\/posts"}],"about":[{"href":"https:\/\/vieassociative.be\/actualites\/wp-json\/wp\/v2\/types\/post"}],"author":[{"embeddable":true,"href":"https:\/\/vieassociative.be\/actualites\/wp-json\/wp\/v2\/users\/1"}],"replies":[{"embeddable":true,"href":"https:\/\/vieassociative.be\/actualites\/wp-json\/wp\/v2\/comments?post=6219"}],"version-history":[{"count":0,"href":"https:\/\/vieassociative.be\/actualites\/wp-json\/wp\/v2\/posts\/6219\/revisions"}],"wp:featuredmedia":[{"embeddable":true,"href":"https:\/\/vieassociative.be\/actualites\/wp-json\/wp\/v2\/media\/6220"}],"wp:attachment":[{"href":"https:\/\/vieassociative.be\/actualites\/wp-json\/wp\/v2\/media?parent=6219"}],"wp:term":[{"taxonomy":"category","embeddable":true,"href":"https:\/\/vieassociative.be\/actualites\/wp-json\/wp\/v2\/categories?post=6219"},{"taxonomy":"post_tag","embeddable":true,"href":"https:\/\/vieassociative.be\/actualites\/wp-json\/wp\/v2\/tags?post=6219"}],"curies":[{"name":"wp","href":"https:\/\/api.w.org\/{rel}","templated":true}]}}