{"id":6209,"date":"2025-03-28T06:19:55","date_gmt":"2025-03-28T05:19:55","guid":{"rendered":"https:\/\/vieassociative.be\/actualites\/voici-tout-ce-que-vous-obtenez-avec-le-nouvel-abonnement-de-garmin-connect\/"},"modified":"2025-03-28T06:19:55","modified_gmt":"2025-03-28T05:19:55","slug":"voici-tout-ce-que-vous-obtenez-avec-le-nouvel-abonnement-de-garmin-connect","status":"publish","type":"post","link":"https:\/\/vieassociative.be\/actualites\/voici-tout-ce-que-vous-obtenez-avec-le-nouvel-abonnement-de-garmin-connect\/","title":{"rendered":"Voici tout ce que vous obtenez avec le nouvel abonnement de Garmin Connect +"},"content":{"rendered":"<div class=\"mt-4 leading-6 md:mb-8\">Les fonctionnalit\u00e9s actuelles de Garmin Watch sont toujours gratuites, mais il y a maintenant des extras, y compris l&rsquo;IA, pour 6,99 $ \/ mois.<\/div>\n<p><\/p>\n<p>Garmin propose d\u00e9sormais un abonnement de 6,99 $ \/ mois appel\u00e9 Connect + qui fournit des \u00abfonctionnalit\u00e9s premium\u00bb, y compris l&rsquo;IA, en plus de ce que vous obtenez d\u00e9j\u00e0 gratuitement avec l&rsquo;application Garmin Connect. Jusqu&rsquo;\u00e0 pr\u00e9sent, rien n&rsquo;est en train d&rsquo;\u00eatre pay\u00e9, mais cela ressemble \u00e0 la fin d&rsquo;une \u00e9poque. Les montres Garmin \u00e9taient quelques-unes des derni\u00e8res appareils portables o\u00f9 vous payez un appareil, puis toutes ses fonctionnalit\u00e9s sont gratuites \u00e0 utiliser pour toujours. (Le mat\u00e9riel a \u00e9galement une dur\u00e9e de vie impressionnante.) Je me suis inscrit \u00e0 Connect + pour voir ce qu&rsquo;il y a, alors jetons un coup d&rsquo;\u0153il. <\/p>\n<h2 id=\"subscription-details\">D\u00e9tails de l&rsquo;abonnement<\/h2>\n<p>Le nouvel abonnement Connect + co\u00fbte 6,99 $ \/ mois ou 69,99 $ \/ an. \u00c7a seulement <em>ajouter<\/em> fonctionnalit\u00e9s en plus de ce que vous obtenez d\u00e9j\u00e0 avec l&rsquo;application Garmin Connect; <strong>Aucune fonctionnalit\u00e9 existante n&rsquo;est pay\u00e9e<\/strong>. <\/p>\n<p>Garmin a oblig\u00e9 que \u00abdes am\u00e9liorations premium peuvent \u00eatre apport\u00e9es aux fonctionnalit\u00e9s existantes\u00bb, ce qui a conduit les utilisateurs \u00e0 sp\u00e9culer que toutes les nouvelles fonctionnalit\u00e9s qui descendent peuvent \u00eatre limit\u00e9es aux membres payants. Garmin a l&rsquo;habitude d&rsquo;ajouter de nouvelles fonctionnalit\u00e9s assez fr\u00e9quemment et les permet souvent m\u00eame sur les montres plus anciennes. Au cours de la derni\u00e8re ann\u00e9e seulement, nous avons obtenu un coaching de force, un nouveau type de coaching de course et la possibilit\u00e9 de d\u00e9tecter la fr\u00e9quence cardiaque de votre seuil de lactate sans sangle de poitrine &#8211; toutes les choses qui sont apparues sur ma montre ou dans mon application un jour. Je ne m&rsquo;attendrais pas \u00e0 ce que les mises \u00e0 jour du micrologiciel de regarder soient affect\u00e9es &#8211; c&rsquo;est un abonnement premium pour le <em>application t\u00e9l\u00e9phonique<\/em>\u2014Mais je dois me demander s&rsquo;il y aura moins de ces nouveaux d\u00e9ploiements de fonctionnalit\u00e9s d&rsquo;application pour les utilisateurs gratuits \u00e0 l&rsquo;avenir. <\/p>\n<p>Connect + n&rsquo;est pas la premi\u00e8re offre d&rsquo;abonnement de Garmin, soit dit en passant. Ils offrent depuis longtemps une liste de services \u00e0 diverses fins sp\u00e9ciales, notamment des cartes de randonn\u00e9e et de chasse, des graphiques marins, une assurance de recherche et de sauvetage, un suivi des chiens, un suivi de la smartwatch pour enfants, etc. Mais c&rsquo;est d\u00e9finitivement la premi\u00e8re incursion de Garmin dans un abonnement premium aux caract\u00e9ristiques de la sant\u00e9 et de la fitness, dans la m\u00eame veine que, par exemple, Fitbit.<\/p>\n<p>Garmin dit que l&rsquo;abonnement Connect + sera livr\u00e9 avec: <\/p>\n<ul>\n<li>\n<p><strong>Intelligence active<\/strong> (une analyse d&rsquo;IA de vos activit\u00e9s; cela n\u00e9cessite une opt-in)<\/p>\n<\/li>\n<li>\n<p><strong>Livetrack am\u00e9lior\u00e9<\/strong> (\u00c9galement disponible avec une carte ext\u00e9rieure + abonnement), vous permettant de vous envoyer des contacts lorsque vous d\u00e9marrez une activit\u00e9 ou de configurer une page de suivi public<\/p>\n<\/li>\n<li>\n<p><strong>Activit\u00e9 en direct<\/strong>qui vous permet de suivre une s\u00e9ance d&rsquo;entra\u00eenement depuis votre t\u00e9l\u00e9phone et pas seulement votre montre<\/p>\n<\/li>\n<li>\n<p>Un nouveau <strong>Tableau de bord de performance<\/strong> Sur le Web avec de nouveaux graphiques et des fonctionnalit\u00e9s de comparaison<\/p>\n<\/li>\n<li>\n<p><strong>Caract\u00e9ristiques sociales<\/strong>y compris les doubles points sur les badges et la possibilit\u00e9 de gagner des badges de n&rsquo;importe o\u00f9 dans le monde (certains badges ne sont disponibles que dans certains endroits). Imm\u00e9diatement apr\u00e8s l&rsquo;inscription \u00e0 Connect +, j&rsquo;ai remarqu\u00e9 une petite \u00e9toile jaune au coin de ma photo de profil sur l&rsquo;application. <\/p>\n<\/li>\n<li>\n<p><strong>Constructions de formation suppl\u00e9mentaires<\/strong> Si vous suivez un programme de coach Garmin<\/p>\n<\/li>\n<\/ul>\n<h2 id=\"what-you-get-with-live-activity\">Ce que vous obtenez avec l&rsquo;activit\u00e9 en direct<\/h2>\n<div class=\"eloquent-imagery-image\">\n<div class=\"flex justify-center\">\n                    <img decoding=\"async\" class=\"border border-gray-100\" src=\"https:\/\/vieassociative.be\/actualites\/wp-content\/uploads\/2025\/03\/Voici-tout-ce-que-vous-obtenez-avec-le-nouvel-abonnement.jpg\" alt=\"Captures d'\u00e9cran d'une activit\u00e9 en direct sur l'\u00e9cran d'accueil, des ensembles d'\u00e9dition et des repr\u00e9sentants, et ce que vous voyez lorsque vous faites un entra\u00eenement sur tapis roulant.\" width=\"2000\" height=\"1125\" loading=\"lazy\"  >\n            <\/div>\n<\/p><\/div>\n<p>Jusqu&rsquo;\u00e0 pr\u00e9sent, une s\u00e9ance d&rsquo;entra\u00eenement que vous faites sur votre montre Garmin reste sur votre montre Garmin, au moins jusqu&rsquo;\u00e0 ce que vous terminez l&rsquo;activit\u00e9. \u00c0 ce stade, il se synchronise avec votre t\u00e9l\u00e9phone, o\u00f9 vous pouvez afficher et modifier les d\u00e9tails. <\/p>\n<p>Mais avec l&rsquo;activit\u00e9 en direct, vous pouvez maintenant utiliser l&rsquo;application Garmin Connect <em>alors que<\/em> Vous faites une activit\u00e9 sur votre montre. Cela est particuli\u00e8rement utile pour les entra\u00eenements de force, ce qui vous obligeait auparavant \u00e0 modifier des poids et des r\u00e9p\u00e9titions via une interface maladroite sur la montre apr\u00e8s chaque set. <\/p>\n<p>Pour tester cela, j&rsquo;ai fait quelques entra\u00eenements rapides sur mon Garmin Forerunner 265. L&rsquo;un \u00e9tait un mini entra\u00eenement de balan\u00e7oires et de sit-ups de Kettlebell que j&rsquo;ai cr\u00e9\u00e9s sur l&rsquo;application et envoy\u00e9s \u00e0 la montre. <\/p>\n<p>J&rsquo;ai commenc\u00e9 l&rsquo;entra\u00eenement sur ma montre. Rien ne s&rsquo;est pass\u00e9 au t\u00e9l\u00e9phone &#8211; j&rsquo;aurais pu m&rsquo;attendre \u00e0 une notification &#8211; mais lorsque j&rsquo;ai ouvert l&rsquo;application Garmin Connect sur mon t\u00e9l\u00e9phone, il y avait une tuile sur l&rsquo;\u00e9cran d&rsquo;accueil pour une activit\u00e9 en direct. Je l&rsquo;ai tap\u00e9 et il y avait le m\u00eame entra\u00eenement que je faisais sur la montre. Je pouvais voir ma fr\u00e9quence cardiaque, le temps \u00e9coul\u00e9 et quel exercice que je devais faire. <\/p>\n<p>Je n&rsquo;ai pas vu les vid\u00e9os d&rsquo;exercice promises tout de suite, mais il s&rsquo;av\u00e8re que vous devez glisser \u00e0 gauche sur le graphique de la fr\u00e9quence cardiaque. Vous pouvez voir une vid\u00e9o d&rsquo;exercice (ou une minuterie de repos, le cas \u00e9ch\u00e9ant). Glissez \u00e0 nouveau et vous verrez votre zone de fr\u00e9quence cardiaque. La moiti\u00e9 inf\u00e9rieure de l&rsquo;\u00e9cran montre vos statistiques en cours, y compris vos repr\u00e9sentants, vos ensembles, votre fr\u00e9quence cardiaque et une minuterie. <\/p>\n<p>Surtout, si vous avez d\u00e9sactiv\u00e9 le comptage des repr\u00e9sentants ou l&rsquo;\u00e9dition de poids sur votre t\u00e9l\u00e9phone (car ils sont tellement ennuyeux dans une utilisation normale), vous voudrez les rallumer pour cela. La montre comptait mes balan\u00e7oires Kettlebell, et \u00e0 la fin de chaque ensemble m&rsquo;a incit\u00e9 \u00e0 modifier mes repr\u00e9sentants et mon poids. Cet \u00e9cran d&rsquo;\u00e9dition est apparu sur la montre et mon t\u00e9l\u00e9phone, et bien s\u00fbr, il \u00e9tait plus facile de modifier ces informations \u00e0 partir du t\u00e9l\u00e9phone. <\/p>\n<p>Avec une activit\u00e9 en direct, vous pouvez effectuer ce qui suit depuis la montre <em>ou<\/em> t\u00e9l\u00e9phone:<\/p>\n<ul>\n<li>\n<p>Faire une pause ou inhabituellement l&rsquo;entra\u00eenement<\/p>\n<\/li>\n<li>\n<p>Modifier les repr\u00e9sentants ou le poids dans une s\u00e9ance d&rsquo;entra\u00eenement en force<\/p>\n<\/li>\n<li>\n<p>Passez \u00e0 l&rsquo;ensemble suivant (force), ou d\u00e9marrez un nouveau tour (dans des activit\u00e9s comme la course)<\/p>\n<\/li>\n<li>\n<p>Voir les statistiques comme votre rythme cardiaque, le temps \u00e9coul\u00e9, les r\u00e9p\u00e9titions, le rythme, etc.<\/p>\n<\/li>\n<\/ul>\n<p>Mais seule la montre peut faire ce qui suit: <\/p>\n<ul>\n<li>\n<p>Commencer l&rsquo;entra\u00eenement<\/p>\n<\/li>\n<li>\n<p>Terminer et sauver l&rsquo;entra\u00eenement<\/p>\n<\/li>\n<li>\n<p>Cr\u00e9er des \u00e9crans de donn\u00e9es personnalis\u00e9s<\/p>\n<\/li>\n<\/ul>\n<p>L&rsquo;activit\u00e9 en direct am\u00e9liore d\u00e9finitivement la convivialit\u00e9 de la montre pour les entra\u00eenements de force. Je ne vois pas enti\u00e8rement l&rsquo;int\u00e9r\u00eat des entra\u00eenements, mais peut-\u00eatre qu&rsquo;il y a un cas d&rsquo;utilisation \u00e0 laquelle je n&rsquo;ai pas encore pens\u00e9.<\/p>\n<h2 id=\"whats-in-the-performance-dashboard\">Qu&rsquo;y a-t-il dans le tableau de bord des performances<\/h2>\n<div class=\"eloquent-imagery-image\">\n<div class=\"flex justify-center\">\n                    <img decoding=\"async\" class=\"border border-gray-100\" src=\"https:\/\/vieassociative.be\/actualites\/wp-content\/uploads\/2025\/03\/Voici-tout-ce-que-vous-obtenez-avec-le-nouvel-abonnement.png\" alt=\"Quatre graphiques du tableau de bord des performances: temps RH dans les zones, effet d'entra\u00eenement a\u00e9robie au fil du temps, statut de VRC au fil du temps, RH quotidien au fil du temps.\" width=\"2000\" height=\"1065\" loading=\"lazy\"  >\n            <\/div>\n<\/p><\/div>\n<p>L&rsquo;un des secrets les mieux gard\u00e9s de Garmin est son tableau de bord Web. Vous pouvez vous connecter ici et afficher toutes vos activit\u00e9s et donn\u00e9es &#8211; essentiellement une vue Web de tout ce qui se trouve dans l&rsquo;application. <\/p>\n<p>Le tableau de bord des performances est un nouvel \u00e9l\u00e9ment dans la barre lat\u00e9rale du tableau de bord Web. Pour le configurer: <\/p>\n<div class=\"pogoClear relative my-10 border-b-(1.5px) border-t-(1.5px) border-dashed border-black py-5 sm:my-14 sm:border-0 sm:py-0\" x-cloak x-data=\"{ commentsCount: null }\" x-init=\"commentsCount = await window.openweb.getMessagesCount(122453)\" x-show=\"commentsCount !== null &amp;&amp; commentsCount &gt; 0\">\n<div class=\"absolute top-1\/2 hidden w-full -translate-y-1\/2 border-t-(1.5px) border-dashed border-black sm:block\"><\/div>\n<div class=\"relative flex justify-center\">\n<div class=\"flex max-w-max items-center gap-x-3 bg-white px-5\">\n<div class=\"relative\">\n                <span class=\"absolute left-1\/2 top-1\/2 -translate-x-1\/2 -translate-y-1\/2 font-akshar text-sm font-medium text-black\" x-text=\"commentsCount\"><\/span><\/p>\n<p>                <svg class=\"h-8 w-8 text-black\">\n                    <use href=\"http:\/\/lifehacker.com\/images\/icons\/spritemap.svg#sprite-chat-bubble\"><\/use>\n                <\/svg>\n            <\/div>\n<p>            <span class=\"text-sm font-medium text-black\">Que pensez-vous jusqu&rsquo;\u00e0 pr\u00e9sent? <button class=\"font-semibold text-brand-green underline hover:text-brand-green-700\" onclick=\"window.openweb.scrollToComments(122453)\">Publier un commentaire.<\/button><\/span>\n        <\/div>\n<\/p><\/div>\n<\/div>\n<ol>\n<li>\n<p>Souris sur la barre lat\u00e9rale noire sur le c\u00f4t\u00e9 gauche de l&rsquo;\u00e9cran. <\/p>\n<\/li>\n<li>\n<p>S\u00e9lectionner <strong>Tableau de bord de performance<\/strong>que je consid\u00e8re comme le dernier article bleu, juste sous les rapports.<\/p>\n<\/li>\n<li>\n<p>Faire un clic <strong>Ajouter le tableau de bord<\/strong>et choisissez si vous souhaitez un tableau de bord en cours d&rsquo;ex\u00e9cution, cyclisme, multisport ou personnalis\u00e9. (Vous pouvez en avoir plus d&rsquo;un.) <\/p>\n<\/li>\n<\/ol>\n<p>Certains des graphiques du tableau de bord Performance sont \u00e9galement disponibles \u00e0 partir de l&rsquo;outil de rapports gratuits, bien que les rapports ne vous affichent qu&rsquo;un seul graphique \u00e0 la fois. Le tableau de bord des performances est d\u00e9finitivement un meilleur outil si vous cherchez \u00e0 vraiment nerd vos donn\u00e9es. <\/p>\n<p>Par exemple, je peux obtenir un rapport simple de l&rsquo;outil de rapports qui montre mon kilom\u00e9trage en cours au cours des six derniers mois. Il me donne un graphique \u00e0 barres avec un bar par mois. Le tableau de bord des performances, en revanche, peut me donner une barre pour chaque semaine, et je peux s\u00e9lectionner un d\u00e9lai personnalis\u00e9 au lieu de simplement s\u00e9lectionner l&rsquo;une des quelques options. Il existe \u00e9galement plus d&rsquo;options pour les types de donn\u00e9es que vous pouvez afficher. Savez-vous comment votre montre vous demandera \u00e0 la fin de chaque course \u00e0 quel point elle a ressenti? Vous pouvez maintenant le voir sur un graphique appel\u00e9 \u00abeffort per\u00e7u au fil du temps\u00bb.<\/p>\n<h2 id=\"what-you-get-with-active-intelligence\">Ce que vous obtenez avec une intelligence active<\/h2>\n<p>Il y a de bonnes nouvelles ici pour les gens qui veulent l&rsquo;IA dans tout, <em>et<\/em> Pour ceux d&rsquo;entre nous dont la r\u00e9action est \u00abOh mon Dieu, pas <em>ici<\/em> aussi \u00bb(ce m\u00e8me r\u00e9sume ma position personnelle). L&rsquo;IA (\u00ab Intelligence active \u00bb) est la seule fonctionnalit\u00e9 de Connect + qui vous oblige \u00e0 vous opposer, m\u00eame apr\u00e8s avoir abonn\u00e9 \u00e0 l&rsquo;ensemble du package. <\/p>\n<p>Mais je l&rsquo;ai fait, chers lecteurs. J&rsquo;ai opt\u00e9 pour vous, afin que je puisse vous dire ce que l&rsquo;IA peut r\u00e9ellement vous dire sur votre formation &#8211; et si c&rsquo;est mieux que l&rsquo;IA sans aucun doute de Strava. <\/p>\n<p>Malheureusement, il n&rsquo;y a pas grand-chose \u00e0 dire pour le moment. Mon \u00e9cran d&rsquo;accueil \u00abInsight\u00bb (que vous pouvez d\u00e9sactiver, soit dit en passant, m\u00eame avec l&rsquo;IA activ\u00e9) au d\u00e9but, je viens de me dire de revenir plus tard. Mes courses r\u00e9centes n&rsquo;ont pas de commentaire d&rsquo;IA attach\u00e9. Garmin dit que \u00abcomme les clients utilisent Garmin Connect + plus, les id\u00e9es deviendront plus adapt\u00e9es \u00e0 eux et \u00e0 leurs objectifs.\u00bb <\/p>\n<p>Alors que je terminais cet article, j&rsquo;ai remarqu\u00e9 que j&rsquo;avais maintenant un aper\u00e7u de l&rsquo;\u00e9cran d&rsquo;accueil. Cela me dit que j&rsquo;ai atteint 255 minutes d&rsquo;intensit\u00e9 cette semaine, d\u00e9passant mon objectif de 150. (Je suppose que j&rsquo;ai fix\u00e9 un objectif pour cela \u00e0 un moment donn\u00e9? OK.) Ensuite, cela me dit que la coh\u00e9rence est bonne (pas fausse) et donne quelques phrases d&rsquo;encouragement. <\/p>\n<p>La fonction AI est \u00e9tiquet\u00e9e comme une \u00abb\u00eata\u00bb, avec une ic\u00f4ne de pouce \/ pouce vers le bas qui me permet d&rsquo;\u00e9valuer les informations que je viens de lire. Je peux dire que c&rsquo;est int\u00e9ressant, pas int\u00e9ressant, ou \u00absignaler une pr\u00e9occupation\u00bb s&rsquo;il est inexact, d\u00e9courageant ou mal \u00e9crit. (Vous pouvez \u00e9galement donner une r\u00e9ponse personnalis\u00e9e.) Je garderai un \u0153il sur ces notes et je me pr\u00e9senterai \u00e0 mesure que l&rsquo;IA apprend \u00e0 mieux me conna\u00eetre.<\/p>\n<h3>Garmin vous demande la permission de former son IA sur vos donn\u00e9es<\/h3>\n<p>Pour activer les fonctionnalit\u00e9s de l&rsquo;IA, vous devez cliquer sur un accord o\u00f9 vous permettez \u00e0 l&rsquo;IA d&rsquo;acc\u00e9der \u00e0 vos donn\u00e9es de formation et de sant\u00e9 (afin qu&rsquo;elle puisse ex\u00e9cuter ses analyses). Cela permet \u00e9galement \u00e0 vos donn\u00e9es d&rsquo;\u00eatre utilis\u00e9es comme donn\u00e9es de formation pour l&rsquo;IA. <\/p>\n<p>J&rsquo;ai demand\u00e9 \u00e0 Garmin si cela signifie que l&rsquo;IA est <em>seulement<\/em> form\u00e9 sur des personnes qui se sont opt\u00e9es. Un porte-parole a confirm\u00e9: \u00abNous nous entra\u00eenons uniquement avec les donn\u00e9es des utilisateurs qui ont consenti.\u00bb Le mod\u00e8le existant a \u00e9t\u00e9 form\u00e9 aux utilisateurs qui accordaient auparavant la permission de l&rsquo;utilisation de leurs donn\u00e9es pour l&rsquo;am\u00e9lioration des produits. Garmin a ici une br\u00e8ve politique de transparence d&rsquo;IA. <\/p>\n<p>Vous pouvez r\u00e9voquer l&rsquo;autorisation \u00e0 tout moment dans vos param\u00e8tres Connect +, qui d\u00e9sactiveront \u00e9galement votre acc\u00e8s aux fonctionnalit\u00e9s de l&rsquo;IA. <\/p>\n","protected":false},"excerpt":{"rendered":"<p>Les fonctionnalit\u00e9s actuelles de Garmin Watch sont toujours gratuites, mais il y a maintenant des extras, y compris l&rsquo;IA, pour 6,99 $ \/ mois. Garmin<\/p>\n","protected":false},"author":1,"featured_media":6210,"comment_status":"","ping_status":"","sticky":false,"template":"","format":"standard","meta":{"footnotes":""},"categories":[38],"tags":[228,61,488,3685,929,953,236,529,4],"class_list":["post-6209","post","type-post","status-publish","format-standard","has-post-thumbnail","hentry","category-sante","tag-abonnement","tag-avec","tag-connect","tag-garmin","tag-nouvel","tag-obtenez","tag-tout","tag-voici","tag-vous","generate-columns","tablet-grid-50","mobile-grid-100","grid-parent","grid-33"],"yoast_head":"<!-- This site is optimized with the Yoast SEO plugin v24.0 - https:\/\/yoast.com\/wordpress\/plugins\/seo\/ -->\n<title>Voici tout ce que vous obtenez avec le nouvel abonnement de Garmin Connect + | Vie Associative<\/title>\n<meta name=\"robots\" content=\"index, follow, max-snippet:-1, max-image-preview:large, max-video-preview:-1\" \/>\n<link rel=\"canonical\" href=\"https:\/\/vieassociative.be\/actualites\/voici-tout-ce-que-vous-obtenez-avec-le-nouvel-abonnement-de-garmin-connect\/\" \/>\n<meta property=\"og:locale\" content=\"fr_FR\" \/>\n<meta property=\"og:type\" content=\"article\" \/>\n<meta property=\"og:title\" content=\"Voici tout ce que vous obtenez avec le nouvel abonnement de Garmin Connect + | Vie Associative\" \/>\n<meta property=\"og:description\" content=\"Les fonctionnalit\u00e9s actuelles de Garmin Watch sont toujours gratuites, mais il y a maintenant des extras, y compris l&rsquo;IA, pour 6,99 $ \/ mois. Garmin\" \/>\n<meta property=\"og:url\" content=\"https:\/\/vieassociative.be\/actualites\/voici-tout-ce-que-vous-obtenez-avec-le-nouvel-abonnement-de-garmin-connect\/\" \/>\n<meta property=\"og:site_name\" content=\"Vie Associative\" \/>\n<meta property=\"article:published_time\" content=\"2025-03-28T05:19:55+00:00\" \/>\n<meta property=\"og:image\" content=\"https:\/\/vieassociative.be\/actualites\/wp-content\/uploads\/2025\/03\/Voici-tout-ce-que-vous-obtenez-avec-le-nouvel-abonnement.jpg\" \/>\n<meta name=\"author\" content=\"Julien\" \/>\n<meta name=\"twitter:card\" content=\"summary_large_image\" \/>\n<meta name=\"twitter:label1\" content=\"\u00c9crit par\" \/>\n\t<meta name=\"twitter:data1\" content=\"Julien\" \/>\n\t<meta name=\"twitter:label2\" content=\"Dur\u00e9e de lecture est.\" \/>\n\t<meta name=\"twitter:data2\" content=\"10 minutes\" \/>\n<script type=\"application\/ld+json\" class=\"yoast-schema-graph\">{\"@context\":\"https:\/\/schema.org\",\"@graph\":[{\"@type\":\"Article\",\"@id\":\"https:\/\/vieassociative.be\/actualites\/voici-tout-ce-que-vous-obtenez-avec-le-nouvel-abonnement-de-garmin-connect\/#article\",\"isPartOf\":{\"@id\":\"https:\/\/vieassociative.be\/actualites\/voici-tout-ce-que-vous-obtenez-avec-le-nouvel-abonnement-de-garmin-connect\/\"},\"author\":{\"name\":\"Julien\",\"@id\":\"https:\/\/vieassociative.be\/actualites\/#\/schema\/person\/b87ac4f82f9d4e7b7cec7395b679edc4\"},\"headline\":\"Voici tout ce que vous obtenez avec le nouvel abonnement de Garmin Connect +\",\"datePublished\":\"2025-03-28T05:19:55+00:00\",\"dateModified\":\"2025-03-28T05:19:55+00:00\",\"mainEntityOfPage\":{\"@id\":\"https:\/\/vieassociative.be\/actualites\/voici-tout-ce-que-vous-obtenez-avec-le-nouvel-abonnement-de-garmin-connect\/\"},\"wordCount\":2050,\"publisher\":{\"@id\":\"https:\/\/vieassociative.be\/actualites\/#organization\"},\"image\":{\"@id\":\"https:\/\/vieassociative.be\/actualites\/voici-tout-ce-que-vous-obtenez-avec-le-nouvel-abonnement-de-garmin-connect\/#primaryimage\"},\"thumbnailUrl\":\"https:\/\/vieassociative.be\/actualites\/wp-content\/uploads\/2025\/03\/1743139195_Voici-tout-ce-que-vous-obtenez-avec-le-nouvel-abonnement.jpg\",\"keywords\":[\"abonnement\",\"avec\",\"Connect\",\"Garmin\",\"nouvel\",\"obtenez\",\"tout\",\"Voici\",\"Vous\"],\"articleSection\":[\"Sant\u00e9\"],\"inLanguage\":\"fr-BE\"},{\"@type\":\"WebPage\",\"@id\":\"https:\/\/vieassociative.be\/actualites\/voici-tout-ce-que-vous-obtenez-avec-le-nouvel-abonnement-de-garmin-connect\/\",\"url\":\"https:\/\/vieassociative.be\/actualites\/voici-tout-ce-que-vous-obtenez-avec-le-nouvel-abonnement-de-garmin-connect\/\",\"name\":\"Voici tout ce que vous obtenez avec le nouvel abonnement de Garmin Connect + | Vie Associative\",\"isPartOf\":{\"@id\":\"https:\/\/vieassociative.be\/actualites\/#website\"},\"primaryImageOfPage\":{\"@id\":\"https:\/\/vieassociative.be\/actualites\/voici-tout-ce-que-vous-obtenez-avec-le-nouvel-abonnement-de-garmin-connect\/#primaryimage\"},\"image\":{\"@id\":\"https:\/\/vieassociative.be\/actualites\/voici-tout-ce-que-vous-obtenez-avec-le-nouvel-abonnement-de-garmin-connect\/#primaryimage\"},\"thumbnailUrl\":\"https:\/\/vieassociative.be\/actualites\/wp-content\/uploads\/2025\/03\/1743139195_Voici-tout-ce-que-vous-obtenez-avec-le-nouvel-abonnement.jpg\",\"datePublished\":\"2025-03-28T05:19:55+00:00\",\"dateModified\":\"2025-03-28T05:19:55+00:00\",\"breadcrumb\":{\"@id\":\"https:\/\/vieassociative.be\/actualites\/voici-tout-ce-que-vous-obtenez-avec-le-nouvel-abonnement-de-garmin-connect\/#breadcrumb\"},\"inLanguage\":\"fr-BE\",\"potentialAction\":[{\"@type\":\"ReadAction\",\"target\":[\"https:\/\/vieassociative.be\/actualites\/voici-tout-ce-que-vous-obtenez-avec-le-nouvel-abonnement-de-garmin-connect\/\"]}]},{\"@type\":\"ImageObject\",\"inLanguage\":\"fr-BE\",\"@id\":\"https:\/\/vieassociative.be\/actualites\/voici-tout-ce-que-vous-obtenez-avec-le-nouvel-abonnement-de-garmin-connect\/#primaryimage\",\"url\":\"https:\/\/vieassociative.be\/actualites\/wp-content\/uploads\/2025\/03\/1743139195_Voici-tout-ce-que-vous-obtenez-avec-le-nouvel-abonnement.jpg\",\"contentUrl\":\"https:\/\/vieassociative.be\/actualites\/wp-content\/uploads\/2025\/03\/1743139195_Voici-tout-ce-que-vous-obtenez-avec-le-nouvel-abonnement.jpg\",\"width\":1200,\"height\":675,\"caption\":\"Voici tout ce que vous obtenez avec le nouvel abonnement de Garmin Connect +\"},{\"@type\":\"BreadcrumbList\",\"@id\":\"https:\/\/vieassociative.be\/actualites\/voici-tout-ce-que-vous-obtenez-avec-le-nouvel-abonnement-de-garmin-connect\/#breadcrumb\",\"itemListElement\":[{\"@type\":\"ListItem\",\"position\":1,\"name\":\"Accueil\",\"item\":\"https:\/\/vieassociative.be\/actualites\/\"},{\"@type\":\"ListItem\",\"position\":2,\"name\":\"Voici tout ce que vous obtenez avec le nouvel abonnement de Garmin Connect +\"}]},{\"@type\":\"WebSite\",\"@id\":\"https:\/\/vieassociative.be\/actualites\/#website\",\"url\":\"https:\/\/vieassociative.be\/actualites\/\",\"name\":\"Vie Associative\",\"description\":\"\",\"publisher\":{\"@id\":\"https:\/\/vieassociative.be\/actualites\/#organization\"},\"potentialAction\":[{\"@type\":\"SearchAction\",\"target\":{\"@type\":\"EntryPoint\",\"urlTemplate\":\"https:\/\/vieassociative.be\/actualites\/?s={search_term_string}\"},\"query-input\":{\"@type\":\"PropertyValueSpecification\",\"valueRequired\":true,\"valueName\":\"search_term_string\"}}],\"inLanguage\":\"fr-BE\"},{\"@type\":\"Organization\",\"@id\":\"https:\/\/vieassociative.be\/actualites\/#organization\",\"name\":\"Vie Associative\",\"url\":\"https:\/\/vieassociative.be\/actualites\/\",\"logo\":{\"@type\":\"ImageObject\",\"inLanguage\":\"fr-BE\",\"@id\":\"https:\/\/vieassociative.be\/actualites\/#\/schema\/logo\/image\/\",\"url\":\"https:\/\/vieassociative.be\/actualites\/wp-content\/uploads\/2024\/09\/cropped-vieassociative_favicon.ico.png\",\"contentUrl\":\"https:\/\/vieassociative.be\/actualites\/wp-content\/uploads\/2024\/09\/cropped-vieassociative_favicon.ico.png\",\"width\":512,\"height\":512,\"caption\":\"Vie Associative\"},\"image\":{\"@id\":\"https:\/\/vieassociative.be\/actualites\/#\/schema\/logo\/image\/\"}},{\"@type\":\"Person\",\"@id\":\"https:\/\/vieassociative.be\/actualites\/#\/schema\/person\/b87ac4f82f9d4e7b7cec7395b679edc4\",\"name\":\"Julien\",\"image\":{\"@type\":\"ImageObject\",\"inLanguage\":\"fr-BE\",\"@id\":\"https:\/\/vieassociative.be\/actualites\/#\/schema\/person\/image\/\",\"url\":\"https:\/\/vieassociative.be\/actualites\/wp-content\/uploads\/2024\/09\/vie-associative-1-150x150.jpg\",\"contentUrl\":\"https:\/\/vieassociative.be\/actualites\/wp-content\/uploads\/2024\/09\/vie-associative-1-150x150.jpg\",\"caption\":\"Julien\"},\"description\":\"Je suis Julien, r\u00e9dacteur pour Vie Associative. Passionn\u00e9 par le monde associatif depuis plus de 10 ans, j'ai \u00e0 c\u0153ur de partager des histoires inspirantes et de mettre en lumi\u00e8re les initiatives locales. Mon objectif est de sensibiliser et d'encourager l'engagement communautaire \u00e0 travers mes articles.\",\"sameAs\":[\"https:\/\/vieassociative.be\/\"]}]}<\/script>\n<!-- \/ Yoast SEO plugin. -->","yoast_head_json":{"title":"Voici tout ce que vous obtenez avec le nouvel abonnement de Garmin Connect + | Vie Associative","robots":{"index":"index","follow":"follow","max-snippet":"max-snippet:-1","max-image-preview":"max-image-preview:large","max-video-preview":"max-video-preview:-1"},"canonical":"https:\/\/vieassociative.be\/actualites\/voici-tout-ce-que-vous-obtenez-avec-le-nouvel-abonnement-de-garmin-connect\/","og_locale":"fr_FR","og_type":"article","og_title":"Voici tout ce que vous obtenez avec le nouvel abonnement de Garmin Connect + | Vie Associative","og_description":"Les fonctionnalit\u00e9s actuelles de Garmin Watch sont toujours gratuites, mais il y a maintenant des extras, y compris l&rsquo;IA, pour 6,99 $ \/ mois. Garmin","og_url":"https:\/\/vieassociative.be\/actualites\/voici-tout-ce-que-vous-obtenez-avec-le-nouvel-abonnement-de-garmin-connect\/","og_site_name":"Vie Associative","article_published_time":"2025-03-28T05:19:55+00:00","og_image":[{"url":"https:\/\/vieassociative.be\/actualites\/wp-content\/uploads\/2025\/03\/Voici-tout-ce-que-vous-obtenez-avec-le-nouvel-abonnement.jpg","type":"","width":"","height":""}],"author":"Julien","twitter_card":"summary_large_image","twitter_misc":{"\u00c9crit par":"Julien","Dur\u00e9e de lecture est.":"10 minutes"},"schema":{"@context":"https:\/\/schema.org","@graph":[{"@type":"Article","@id":"https:\/\/vieassociative.be\/actualites\/voici-tout-ce-que-vous-obtenez-avec-le-nouvel-abonnement-de-garmin-connect\/#article","isPartOf":{"@id":"https:\/\/vieassociative.be\/actualites\/voici-tout-ce-que-vous-obtenez-avec-le-nouvel-abonnement-de-garmin-connect\/"},"author":{"name":"Julien","@id":"https:\/\/vieassociative.be\/actualites\/#\/schema\/person\/b87ac4f82f9d4e7b7cec7395b679edc4"},"headline":"Voici tout ce que vous obtenez avec le nouvel abonnement de Garmin Connect +","datePublished":"2025-03-28T05:19:55+00:00","dateModified":"2025-03-28T05:19:55+00:00","mainEntityOfPage":{"@id":"https:\/\/vieassociative.be\/actualites\/voici-tout-ce-que-vous-obtenez-avec-le-nouvel-abonnement-de-garmin-connect\/"},"wordCount":2050,"publisher":{"@id":"https:\/\/vieassociative.be\/actualites\/#organization"},"image":{"@id":"https:\/\/vieassociative.be\/actualites\/voici-tout-ce-que-vous-obtenez-avec-le-nouvel-abonnement-de-garmin-connect\/#primaryimage"},"thumbnailUrl":"https:\/\/vieassociative.be\/actualites\/wp-content\/uploads\/2025\/03\/1743139195_Voici-tout-ce-que-vous-obtenez-avec-le-nouvel-abonnement.jpg","keywords":["abonnement","avec","Connect","Garmin","nouvel","obtenez","tout","Voici","Vous"],"articleSection":["Sant\u00e9"],"inLanguage":"fr-BE"},{"@type":"WebPage","@id":"https:\/\/vieassociative.be\/actualites\/voici-tout-ce-que-vous-obtenez-avec-le-nouvel-abonnement-de-garmin-connect\/","url":"https:\/\/vieassociative.be\/actualites\/voici-tout-ce-que-vous-obtenez-avec-le-nouvel-abonnement-de-garmin-connect\/","name":"Voici tout ce que vous obtenez avec le nouvel abonnement de Garmin Connect + | Vie Associative","isPartOf":{"@id":"https:\/\/vieassociative.be\/actualites\/#website"},"primaryImageOfPage":{"@id":"https:\/\/vieassociative.be\/actualites\/voici-tout-ce-que-vous-obtenez-avec-le-nouvel-abonnement-de-garmin-connect\/#primaryimage"},"image":{"@id":"https:\/\/vieassociative.be\/actualites\/voici-tout-ce-que-vous-obtenez-avec-le-nouvel-abonnement-de-garmin-connect\/#primaryimage"},"thumbnailUrl":"https:\/\/vieassociative.be\/actualites\/wp-content\/uploads\/2025\/03\/1743139195_Voici-tout-ce-que-vous-obtenez-avec-le-nouvel-abonnement.jpg","datePublished":"2025-03-28T05:19:55+00:00","dateModified":"2025-03-28T05:19:55+00:00","breadcrumb":{"@id":"https:\/\/vieassociative.be\/actualites\/voici-tout-ce-que-vous-obtenez-avec-le-nouvel-abonnement-de-garmin-connect\/#breadcrumb"},"inLanguage":"fr-BE","potentialAction":[{"@type":"ReadAction","target":["https:\/\/vieassociative.be\/actualites\/voici-tout-ce-que-vous-obtenez-avec-le-nouvel-abonnement-de-garmin-connect\/"]}]},{"@type":"ImageObject","inLanguage":"fr-BE","@id":"https:\/\/vieassociative.be\/actualites\/voici-tout-ce-que-vous-obtenez-avec-le-nouvel-abonnement-de-garmin-connect\/#primaryimage","url":"https:\/\/vieassociative.be\/actualites\/wp-content\/uploads\/2025\/03\/1743139195_Voici-tout-ce-que-vous-obtenez-avec-le-nouvel-abonnement.jpg","contentUrl":"https:\/\/vieassociative.be\/actualites\/wp-content\/uploads\/2025\/03\/1743139195_Voici-tout-ce-que-vous-obtenez-avec-le-nouvel-abonnement.jpg","width":1200,"height":675,"caption":"Voici tout ce que vous obtenez avec le nouvel abonnement de Garmin Connect +"},{"@type":"BreadcrumbList","@id":"https:\/\/vieassociative.be\/actualites\/voici-tout-ce-que-vous-obtenez-avec-le-nouvel-abonnement-de-garmin-connect\/#breadcrumb","itemListElement":[{"@type":"ListItem","position":1,"name":"Accueil","item":"https:\/\/vieassociative.be\/actualites\/"},{"@type":"ListItem","position":2,"name":"Voici tout ce que vous obtenez avec le nouvel abonnement de Garmin Connect +"}]},{"@type":"WebSite","@id":"https:\/\/vieassociative.be\/actualites\/#website","url":"https:\/\/vieassociative.be\/actualites\/","name":"Vie Associative","description":"","publisher":{"@id":"https:\/\/vieassociative.be\/actualites\/#organization"},"potentialAction":[{"@type":"SearchAction","target":{"@type":"EntryPoint","urlTemplate":"https:\/\/vieassociative.be\/actualites\/?s={search_term_string}"},"query-input":{"@type":"PropertyValueSpecification","valueRequired":true,"valueName":"search_term_string"}}],"inLanguage":"fr-BE"},{"@type":"Organization","@id":"https:\/\/vieassociative.be\/actualites\/#organization","name":"Vie Associative","url":"https:\/\/vieassociative.be\/actualites\/","logo":{"@type":"ImageObject","inLanguage":"fr-BE","@id":"https:\/\/vieassociative.be\/actualites\/#\/schema\/logo\/image\/","url":"https:\/\/vieassociative.be\/actualites\/wp-content\/uploads\/2024\/09\/cropped-vieassociative_favicon.ico.png","contentUrl":"https:\/\/vieassociative.be\/actualites\/wp-content\/uploads\/2024\/09\/cropped-vieassociative_favicon.ico.png","width":512,"height":512,"caption":"Vie Associative"},"image":{"@id":"https:\/\/vieassociative.be\/actualites\/#\/schema\/logo\/image\/"}},{"@type":"Person","@id":"https:\/\/vieassociative.be\/actualites\/#\/schema\/person\/b87ac4f82f9d4e7b7cec7395b679edc4","name":"Julien","image":{"@type":"ImageObject","inLanguage":"fr-BE","@id":"https:\/\/vieassociative.be\/actualites\/#\/schema\/person\/image\/","url":"https:\/\/vieassociative.be\/actualites\/wp-content\/uploads\/2024\/09\/vie-associative-1-150x150.jpg","contentUrl":"https:\/\/vieassociative.be\/actualites\/wp-content\/uploads\/2024\/09\/vie-associative-1-150x150.jpg","caption":"Julien"},"description":"Je suis Julien, r\u00e9dacteur pour Vie Associative. Passionn\u00e9 par le monde associatif depuis plus de 10 ans, j'ai \u00e0 c\u0153ur de partager des histoires inspirantes et de mettre en lumi\u00e8re les initiatives locales. Mon objectif est de sensibiliser et d'encourager l'engagement communautaire \u00e0 travers mes articles.","sameAs":["https:\/\/vieassociative.be\/"]}]}},"_links":{"self":[{"href":"https:\/\/vieassociative.be\/actualites\/wp-json\/wp\/v2\/posts\/6209"}],"collection":[{"href":"https:\/\/vieassociative.be\/actualites\/wp-json\/wp\/v2\/posts"}],"about":[{"href":"https:\/\/vieassociative.be\/actualites\/wp-json\/wp\/v2\/types\/post"}],"author":[{"embeddable":true,"href":"https:\/\/vieassociative.be\/actualites\/wp-json\/wp\/v2\/users\/1"}],"replies":[{"embeddable":true,"href":"https:\/\/vieassociative.be\/actualites\/wp-json\/wp\/v2\/comments?post=6209"}],"version-history":[{"count":0,"href":"https:\/\/vieassociative.be\/actualites\/wp-json\/wp\/v2\/posts\/6209\/revisions"}],"wp:featuredmedia":[{"embeddable":true,"href":"https:\/\/vieassociative.be\/actualites\/wp-json\/wp\/v2\/media\/6210"}],"wp:attachment":[{"href":"https:\/\/vieassociative.be\/actualites\/wp-json\/wp\/v2\/media?parent=6209"}],"wp:term":[{"taxonomy":"category","embeddable":true,"href":"https:\/\/vieassociative.be\/actualites\/wp-json\/wp\/v2\/categories?post=6209"},{"taxonomy":"post_tag","embeddable":true,"href":"https:\/\/vieassociative.be\/actualites\/wp-json\/wp\/v2\/tags?post=6209"}],"curies":[{"name":"wp","href":"https:\/\/api.w.org\/{rel}","templated":true}]}}