{"id":6202,"date":"2025-03-28T01:19:59","date_gmt":"2025-03-28T00:19:59","guid":{"rendered":"https:\/\/vieassociative.be\/actualites\/comment-up-pot-vos-semis-sans-les-gacher\/"},"modified":"2025-03-28T01:19:59","modified_gmt":"2025-03-28T00:19:59","slug":"comment-up-pot-vos-semis-sans-les-gacher","status":"publish","type":"post","link":"https:\/\/vieassociative.be\/actualites\/comment-up-pot-vos-semis-sans-les-gacher\/","title":{"rendered":"Comment up pot vos semis sans les g\u00e2cher"},"content":{"rendered":"<div class=\"mt-4 leading-6 md:mb-8\">Vos petits semis ont d\u00e9pass\u00e9 leurs plateaux de semences, mais il n&rsquo;est pas temps pour eux d&rsquo;aller dans le jardin &#8211; maintenant quoi?<\/div>\n<p><\/p>\n<p>La plupart des graines sont cultiv\u00e9es dans des plateaux de graines ou des blocs, mais \u00e0 un moment donn\u00e9, ces semis d\u00e9passeront leur cellule ou leur bloc et n\u00e9cessiteront plus de sol pour que leurs racines se d\u00e9veloppent. Dans certains cas, le temps s&rsquo;aligne et vous pouvez transplanter vos semis du plateau directement au jardin. Mais dans la plupart des cas, vos semis auront besoin de plus de temps \u00e0 l&rsquo;int\u00e9rieur, prot\u00e9g\u00e9s, avant que le temps ne soit assez chaud, ce qui signifie que vous devrez retirer vos semis du plateau et leur donner un r\u00e9cipient plus grand o\u00f9 ils peuvent se d\u00e9tendre et grandir davantage avant d&rsquo;entrer dans le sol. Ce processus est appel\u00e9 \u00abuppotting\u00bb, et bien que le processus lui-m\u00eame soit simple, il y a en fait beaucoup de choses qui peuvent mal tourner \u00e0 ce stade du processus croissant. Voici comment donner \u00e0 vos semis les meilleures chances de survie. <\/p>\n<h2 id=\"how-to-know-when-its-time-to-up-pot\">Comment savoir quand il est temps d&rsquo;UP-POT<\/h2>\n<div class=\"eloquent-imagery-image\">\n<div class=\"flex justify-center\">\n                    <img decoding=\"async\" class=\"border border-gray-100\" src=\"https:\/\/vieassociative.be\/actualites\/wp-content\/uploads\/2025\/03\/Comment-up-pot-vos-semis-sans-les-gacher.jpg\" alt=\"cotyl\u00e9dons, pas vraies feuilles\" width=\"2000\" height=\"1602\" loading=\"lazy\"  >\n            <\/div>\n<\/p><\/div>\n<p>Lorsque vous achetez des plantes \u00e0 la p\u00e9pini\u00e8re, ils sont au prix de la taille du pot dans lequel vous les achetez &#8211; un pot de la taille d&rsquo;un litre contre un gallon, par exemple. Mais si vous faites attention, vous remarquerez que la taille de la plante dans un pot de 4 pouces n&rsquo;est souvent pas si diff\u00e9rente d&rsquo;une plante dans un pot de la taille d&rsquo;un quart. En effet, la plante a \u00e9t\u00e9 augment\u00e9e, un processus qui se produit constamment aux plantes au fur et \u00e0 mesure qu&rsquo;ils poussent en taille. Un indice facile qu&rsquo;il est temps d&rsquo;Up-Pot est que les racines poussent des trous dans le plateau de graines. Dans les plateaux de semence, les plantes peuvent facilement devenir obstru\u00e9es (les racines sont \u00e0 court de pi\u00e8ce, donc elles commencent \u00e0 grandir en rond, s&rsquo;int\u00e8gre sur elles-m\u00eames), il est donc important d&rsquo;aller avant que cela ne se produise &#8211; si vous attendez trop longtemps, cela peut chasser les plantes, ce qui est l&rsquo;oppos\u00e9 de ce que vous voulez. <\/p>\n<div class=\"eloquent-imagery-image\">\n<div class=\"flex justify-center\">\n                    <img decoding=\"async\" class=\"border border-gray-100\" src=\"https:\/\/vieassociative.be\/actualites\/wp-content\/uploads\/2025\/03\/1743121198_970_Comment-up-pot-vos-semis-sans-les-gacher.jpg\" alt=\"Vraies feuilles\" width=\"2000\" height=\"1476\" loading=\"lazy\"  >\n            <\/div>\n<\/p><\/div>\n<p>Vous pouvez \u00e9galement augmenter trop t\u00f4t, avant que les semis ne soient suffisamment forts pour survivre au choc de la transplantation. Lorsque les graines de l\u00e9gumes et de fleurs poussent, elles forment une ou deux feuilles tr\u00e8s t\u00f4t &#8211; elles sont appel\u00e9es \u00ab\u00a0cotyl\u00e9dons\u00a0\u00bb et ils font partie des graines elle-m\u00eame. Plus tard, les semis pousseront un deuxi\u00e8me set, appel\u00e9 \u00abvraies feuilles\u00bb, car ce sont les premi\u00e8res feuilles qui fonctionnent comme le font les feuilles. Les cotyl\u00e9dons fournissent une photosynth\u00e8se, tandis que les vraies feuilles fournissent de la nourriture r\u00e9elle \u00e0 la plante. Ces ensembles de feuilles sont tr\u00e8s diff\u00e9rents, et d\u00e8s que vous connaissez les cotyl\u00e9dons, vous aurez plus de facilit\u00e9 \u00e0 les reconna\u00eetre dans vos semis. Vous ne pouvez pas transplanter jusqu&rsquo;\u00e0 ce que de vraies feuilles soient \u00e9tablies et cultiv\u00e9es, et j&rsquo;attendrais encore plus tard. <\/p>\n<div class=\"eloquent-imagery-image\">\n<div class=\"flex justify-center\">\n                    <img decoding=\"async\" class=\"border border-gray-100\" src=\"https:\/\/vieassociative.be\/actualites\/wp-content\/uploads\/2025\/03\/1743121198_265_Comment-up-pot-vos-semis-sans-les-gacher.jpg\" alt=\"Tomates pr\u00eates pour le rempotage\" width=\"2000\" height=\"1484\" loading=\"lazy\"  >\n            <\/div>\n<\/p><\/div>\n<p>En plus de pr\u00eater attention aux racines, je regarde les semis eux-m\u00eames au-dessus du sol. Lorsque chaque semis manque de place pour s&rsquo;\u00e9tirer, les plantes se touchent, ou que le semis semble trop grand pour la cellule ou le bloc, c&rsquo;est mon signe \u00e0 Up-Pot. <\/p>\n<h2 id=\"choose-the-right-soil-for-up-potting\">Choisissez le bon sol pour les coups up<\/h2>\n<div class=\"eloquent-imagery-image\">\n<div class=\"flex justify-center\">\n                    <img decoding=\"async\" class=\"border border-gray-100\" src=\"https:\/\/vieassociative.be\/actualites\/wp-content\/uploads\/2025\/03\/1743121199_170_Comment-up-pot-vos-semis-sans-les-gacher.jpg\" alt=\"terreau\" width=\"2000\" height=\"1305\" loading=\"lazy\"  >\n            <\/div>\n<\/p><\/div>\n<p>Lorsque vous cultivez des semis, vous utilisez un m\u00e9lange de semis &#8211; cela contient tr\u00e8s peu de nutriments et est assez bien, qui est tout con\u00e7u pour aider les graines \u00e0 se d\u00e9velopper. Maintenant que vos graines sont des semis, ils ont besoin de nutrition et donc, ils auront besoin d&rsquo;un m\u00e9lange de sol diff\u00e9rent. Lors de la mise \u00e0 pied, utilisez un sol de rempotage, qui contiendra des nutriments comme le compost, mais aussi des ingr\u00e9dients pour conserver l&rsquo;humidit\u00e9 comme la vermiculite. <\/p>\n<h2 id=\"how-to-choose-the-right-kind-of-pot\">Comment choisir le bon type de pot<\/h2>\n<p>Dans la plupart des cas, vous passez d&rsquo;une cellule de graines ou d&rsquo;un bloc de 0,75 pouces \u00e0 2 pouces, et donc un pot de 4 pouces est g\u00e9n\u00e9ralement appropri\u00e9. Vous le remarquerez \u00e9galement \u00e0 votre p\u00e9pini\u00e8re. Dans certains cas, les tomates seront augment\u00e9es aux conteneurs de taille de quart, et les v\u00f4tres pourraient \u00e9ventuellement en avoir besoin, mais c&rsquo;est peu probable. <\/p>\n<div class=\"eloquent-imagery-image\">\n<div class=\"flex justify-center\">\n                    <img decoding=\"async\" class=\"border border-gray-100\" src=\"https:\/\/vieassociative.be\/actualites\/wp-content\/uploads\/2025\/03\/1743121199_275_Comment-up-pot-vos-semis-sans-les-gacher.jpg\" alt=\"Sauvez ces pots\" width=\"2000\" height=\"1508\" loading=\"lazy\"  >\n            <\/div>\n<\/p><\/div>\n<p>Une bonne fa\u00e7on d&rsquo;\u00e9conomiser de l&rsquo;argent serait d&rsquo;\u00e9conomiser ces pots de 3,5 ou 4 pouces des visites de p\u00e9pini\u00e8re pr\u00e9c\u00e9dentes, ou de solliciter tout groupe de jardinage en ligne. Certaines p\u00e9pini\u00e8res peuvent \u00e9galement avoir des anciennes qu&rsquo;ils donneront \u00e9galement. Gardez \u00e0 l&rsquo;esprit que ceux-ci sont cens\u00e9s \u00eatre jetables et en tant que tels, avec un bon nettoyage d&rsquo;eau chaude, se cassent souvent ou se d\u00e9forment. Pour une option plus robuste, vous pouvez acheter un ensemble de pots en plastique moul\u00e9s r\u00e9utilisables, ce que j&rsquo;utilise. Ceux-ci r\u00e9sistent au nettoyage et \u00e0 la st\u00e9rilisation ann\u00e9e apr\u00e8s ann\u00e9e, vous avez donc rarement besoin de les remplacer et peut m\u00eame passer un lavage froid ou chaud dans le lave-vaisselle. <\/p>\n<div class=\"eloquent-imagery-image\">\n<div class=\"flex justify-center\">\n                    <img decoding=\"async\" class=\"border border-gray-100\" src=\"https:\/\/vieassociative.be\/actualites\/wp-content\/uploads\/2025\/03\/1743121199_508_Comment-up-pot-vos-semis-sans-les-gacher.jpg\" alt=\"pots de journaux\" width=\"645\" height=\"750\" loading=\"lazy\"  >\n            <\/div>\n<\/p><\/div>\n<p>Cependant, pour beaucoup de jardiniers, avril, c&rsquo;est quand ils commencent \u00e0 faire des pots de journaux. Fabriqu\u00e9 dans le bon sens, un pot de journaux est robuste, se d\u00e9composera et ne vous co\u00fbte rien, sauf le temps. J&rsquo;ai appris \u00e0 les faire de Meg Cowden de graines \u00e0 la fourche. Il existe \u00e9galement d&rsquo;autres variations du pot en papier, mais un pot pli\u00e9 comme celui-ci est le seul qui semble assez fort pour tenir aussi longtemps que vous en aurez besoin. J&rsquo;ai seulement cess\u00e9 de faire des pots en papier parce qu&rsquo;il prend du temps et parce que j&rsquo;ai eu un trop grand nombre de coupes en papier. <\/p>\n<div class=\"eloquent-imagery-image\">\n<div class=\"flex justify-center\">\n                    <img decoding=\"async\" class=\"border border-gray-100\" src=\"https:\/\/vieassociative.be\/actualites\/wp-content\/uploads\/2025\/03\/1743121199_274_Comment-up-pot-vos-semis-sans-les-gacher.jpg\" alt=\"Ma\u00efs dans des pots en papier\" width=\"2000\" height=\"1339\" loading=\"lazy\"  >\n            <\/div>\n<\/p><\/div>\n<p>Au cas o\u00f9 vous envisagiez des sacs de semences, je dois mentionner que je les ai essay\u00e9s et j&rsquo;ai d\u00e9couvert qu&rsquo;ils ne fonctionnaient pas tr\u00e8s bien. Il y a quelques ann\u00e9es, j&rsquo;ai pens\u00e9 avoir trouv\u00e9 une grande solution peu co\u00fbteuse pour les potting, et ils pourraient \u00eatre plant\u00e9s \u00e0 l&rsquo;ext\u00e9rieur, dans le sac! Mais j&rsquo;ai trouv\u00e9 que ceux-ci \u00e9taient difficiles \u00e0 planter, ils sont tomb\u00e9s facilement et n&rsquo;ont jamais \u00e9t\u00e9 de la bonne taille. Je m&rsquo;\u00e9viterais et j&rsquo;allais avec l&rsquo;une des autres solutions que j&rsquo;ai d\u00e9crites ci-dessus.<\/p>\n<h2 id=\"transplanting-can-shock-the-plants-so-be-gentle\">La transplantation peut choquer les plantes, alors soyez doux<\/h2>\n<p>De nombreuses plantes ne font pas bien face \u00e0 leurs racines se sont bouscul\u00e9es, comme des coquelicots, des Cucamelons et de Luffa; Dans ces cas, vous devez cultiver les semis le plus pr\u00e8s du temps de plantation possible pour vous assurer que vous ne devez les transplanter qu&rsquo;une seule fois (directement dans votre jardin) ou les diriger \u00e0 la place. M\u00eame pour les plantes qui ne se soucient pas d&rsquo;\u00eatre transplant\u00e9es, comme des tomates, le processus est toujours un choc, donc vous voulez \u00eatre doux. Beaucoup peut se tromper ici, et g\u00e9n\u00e9ralement c&rsquo;est une erreur humaine. N&rsquo;oubliez pas que vous toucherez beaucoup de plantes, donc si un semis a un virus ou une maladie ou un champignon, vous utilisez maintenant les m\u00eames mains qui ont touch\u00e9 cette maladie sur tous vos autres semis. Lavez-vous souvent les mains et ne transplantez pas les semis qui semblent malades. Jetez-les (pas dans le compost) et lavez-vous les mains. <\/p>\n<p>Habituellement, les gens cultivent plus d&rsquo;une graine dans une cellule de semence ou un bloc au cas o\u00f9 une graine ne germe pas. Mais pour les jardiniers d\u00e9butants, il est si difficile de l\u00e2cher l&rsquo;un de ces semis si les deux graines germent, ils essaieront donc de s\u00e9parer les semis et de les planter en un nouveau pot. Mon conseil n&rsquo;est pas de le faire. Une partie du jardinage consiste \u00e0 vous acqu\u00e9rir pour \u00e9liminer les semis, et vous auriez d\u00fb le faire avant d&rsquo;atteindre le processus de mise en place. S&rsquo;il y a encore plusieurs semis dans une cellule \u00e0 ce stade, coupez-en un sur la ligne du sol et laissez le plus fort survivre. De cette fa\u00e7on, vous ne brisez pas le sol autour des racines et n&rsquo;essayez pas de les s\u00e9parer. <\/p>\n<div class=\"eloquent-imagery-image\">\n<div class=\"flex justify-center\">\n                    <img decoding=\"async\" class=\"border border-gray-100\" src=\"https:\/\/vieassociative.be\/actualites\/wp-content\/uploads\/2025\/03\/1743121199_776_Comment-up-pot-vos-semis-sans-les-gacher.jpg\" alt=\"plants transplant\u00e9s\" width=\"2000\" height=\"1131\" loading=\"lazy\"  >\n            <\/div>\n<\/p><\/div>\n<p>Retirez le semis du plateau aussi soigneusement que possible, avec le sol intact. Je n&rsquo;arr\u00eate pas les matins, je pr\u00e9vois de passer un pot, car le sol plus sec facilite ce processus. Vous pouvez pousser du bas du plateau pour sortir une cellule d&rsquo;un plateau de graines, mais c&rsquo;est l\u00e0 que les blocs de sol brillent: parce qu&rsquo;il n&rsquo;y a pas de plateau, ils sont beaucoup plus faciles \u00e0 d\u00e9placer. Vous prenez simplement le bloc et le d\u00e9placez. <\/p>\n<div class=\"pogoClear relative my-10 border-b-(1.5px) border-t-(1.5px) border-dashed border-black py-5 sm:my-14 sm:border-0 sm:py-0\" x-cloak x-data=\"{ commentsCount: null }\" x-init=\"commentsCount = await window.openweb.getMessagesCount(122431)\" x-show=\"commentsCount !== null &amp;&amp; commentsCount &gt; 0\">\n<div class=\"absolute top-1\/2 hidden w-full -translate-y-1\/2 border-t-(1.5px) border-dashed border-black sm:block\"><\/div>\n<div class=\"relative flex justify-center\">\n<div class=\"flex max-w-max items-center gap-x-3 bg-white px-5\">\n<div class=\"relative\">\n                <span class=\"absolute left-1\/2 top-1\/2 -translate-x-1\/2 -translate-y-1\/2 font-akshar text-sm font-medium text-black\" x-text=\"commentsCount\"><\/span><\/p>\n<p>                <svg class=\"h-8 w-8 text-black\">\n                    <use href=\"http:\/\/lifehacker.com\/images\/icons\/spritemap.svg#sprite-chat-bubble\"><\/use>\n                <\/svg>\n            <\/div>\n<p>            <span class=\"text-sm font-medium text-black\">Que pensez-vous jusqu&rsquo;\u00e0 pr\u00e9sent? <button class=\"font-semibold text-brand-green underline hover:text-brand-green-700\" onclick=\"window.openweb.scrollToComments(122431)\">Publier un commentaire.<\/button><\/span>\n        <\/div>\n<\/p><\/div>\n<\/div>\n<p>Lorsqu&rsquo;il est temps d&rsquo;am\u00e9liorer, mettez 2 pouces de terre dans chaque pot, puis placez soigneusement le semis au centre du pot. Avec votre main, versez un sol suppl\u00e9mentaire autour du bloc de semis. Tapez le sol et donnez au semis une gorg\u00e9e d&rsquo;eau, environ un quart de tasse. De l\u00e0, le pot peut aller sur un plateau pour revenir sous les lumi\u00e8res. Garder les pots sur les plateaux vous permet de faire avancer l&rsquo;eau de fond, mais vous attrapez de l&rsquo;eau si vous arrosez d&rsquo;en haut aussi. <\/p>\n<p>N&rsquo;oubliez pas qu&rsquo;en uppot, vous effacez tout \u00e9tiquetage que vous aviez pour vos plateaux de semence, alors ayez un plan pour \u00e9tiqueter les pots comme vous-vous, ou vous ne saurez ce qu&rsquo;il y a dans aucun d&rsquo;entre eux. <\/p>\n<h2 id=\"you-can-fix-leggy-starts-when-up-potting\">Vous pouvez r\u00e9parer les jambes \u00e0 long terme lors de la mise en place<\/h2>\n<p>Certaines plantes, \u00e0 savoir les tomates, peuvent former des racines tout au long de leur tige. Pour cette raison, lorsque vous d\u00e9placez les semis de tomates ou les transplantez dans le jardin, enterrez profond\u00e9ment la tige. Up-Potting est une opportunit\u00e9 de le faire, et cela peut r\u00e9soudre un probl\u00e8me avec les d\u00e9parts \u00e0 longues jambes. Les aubergines, les poivrons, les tomatilles, les cerises moulues, les citrouilles, les courges, les melons et les pommes de terre peuvent tous \u00eatre enfouis profond\u00e9ment dans le sol le long de la tige.<\/p>\n<p>Lorsque vous faites cela, vous voulez toujours au moins les deux feuilles les plus hautes \u00e0 para\u00eetre au-dessus de la ligne du sol. Vous devez retirer toutes les tiges ou les feuilles sous ce point, puis enterrer la tige la profondeur appropri\u00e9e et proc\u00e9der comme ci-dessus. <\/p>\n<h2 id=\"how-to-water-your-up-potted-plants\">Comment arroser vos plantes en pot usag\u00e9es<\/h2>\n<p>\u00c0 ce stade du processus de semis, vous vous sentirez bien. Vos plantes sont \u00e9tablies, ils ressemblent \u00e0 de vraies plantes et vous attendez que le sol soit suffisamment chaud pour les transplanter. M\u00e9fiez-vous, cependant, car c&rsquo;est \u00e0 ce moment-l\u00e0 qu&rsquo;ils sont les plus vuln\u00e9rables, \u00e0 mon avis. Ils sont toujours \u00e0 l&rsquo;int\u00e9rieur avec un flux d&rsquo;air limit\u00e9 et \u00e0 proximit\u00e9 les uns des autres. Le virus et les champignons peuvent se propager rapidement et la lumi\u00e8re est limit\u00e9e avec toute cette nouvelle croissance. <\/p>\n<p>Faites attention \u00e0 l&rsquo;eau juste assez, mais pas trop. Pour cette raison, j&rsquo;aime les eaux de fond, ce qui signifie que vous placerez environ un pouce d&rsquo;eau dans les plateaux sur lesquels les pots sont assis et que vous permettez aux plantes de prendre l&rsquo;eau dont ils ont besoin, mais pas plus. Je d\u00e9courage l&rsquo;arrosage d&rsquo;en haut, car vous ne voulez pas que les feuilles soient humides, ce qui conduit \u00e0 des conditions plus susceptibles de r\u00e9pandre les maladies. <\/p>\n<p>Les plantes ont \u00e9galement besoin de nourriture maintenant, donc quelle que soit votre arrosage, assurez-vous d&rsquo;ajouter de l&rsquo;engrais \u00e0 l&rsquo;eau. J&rsquo;aime \u00e0 cette fin des engrais \u00e0 l\u00e9gumes Fox Farm. Suivez les instructions sur la bouteille et vous devriez \u00eatre pr\u00eat \u00e0 partir.<\/p>\n","protected":false},"excerpt":{"rendered":"<p>Vos petits semis ont d\u00e9pass\u00e9 leurs plateaux de semences, mais il n&rsquo;est pas temps pour eux d&rsquo;aller dans le jardin &#8211; maintenant quoi? La plupart<\/p>\n","protected":false},"author":1,"featured_media":6203,"comment_status":"","ping_status":"","sticky":false,"template":"","format":"standard","meta":{"footnotes":""},"categories":[40],"tags":[44,1514,14,2278,130,6050,27],"class_list":["post-6202","post","type-post","status-publish","format-standard","has-post-thumbnail","hentry","category-maison","tag-comment","tag-gacher","tag-les","tag-pot","tag-sans","tag-semis","tag-vos","generate-columns","tablet-grid-50","mobile-grid-100","grid-parent","grid-33"],"yoast_head":"<!-- This site is optimized with the Yoast SEO plugin v24.0 - https:\/\/yoast.com\/wordpress\/plugins\/seo\/ -->\n<title>Comment up pot vos semis sans les g\u00e2cher | Vie Associative<\/title>\n<meta name=\"robots\" content=\"index, follow, max-snippet:-1, max-image-preview:large, max-video-preview:-1\" \/>\n<link rel=\"canonical\" href=\"https:\/\/vieassociative.be\/actualites\/comment-up-pot-vos-semis-sans-les-gacher\/\" \/>\n<meta property=\"og:locale\" content=\"fr_FR\" \/>\n<meta property=\"og:type\" content=\"article\" \/>\n<meta property=\"og:title\" content=\"Comment up pot vos semis sans les g\u00e2cher | Vie Associative\" \/>\n<meta property=\"og:description\" content=\"Vos petits semis ont d\u00e9pass\u00e9 leurs plateaux de semences, mais il n&rsquo;est pas temps pour eux d&rsquo;aller dans le jardin &#8211; maintenant quoi? La plupart\" \/>\n<meta property=\"og:url\" content=\"https:\/\/vieassociative.be\/actualites\/comment-up-pot-vos-semis-sans-les-gacher\/\" \/>\n<meta property=\"og:site_name\" content=\"Vie Associative\" \/>\n<meta property=\"article:published_time\" content=\"2025-03-28T00:19:59+00:00\" \/>\n<meta property=\"og:image\" content=\"https:\/\/vieassociative.be\/actualites\/wp-content\/uploads\/2025\/03\/Comment-up-pot-vos-semis-sans-les-gacher.jpg\" \/>\n<meta name=\"author\" content=\"Julien\" \/>\n<meta name=\"twitter:card\" content=\"summary_large_image\" \/>\n<meta name=\"twitter:label1\" content=\"\u00c9crit par\" \/>\n\t<meta name=\"twitter:data1\" content=\"Julien\" \/>\n\t<meta name=\"twitter:label2\" content=\"Dur\u00e9e de lecture est.\" \/>\n\t<meta name=\"twitter:data2\" content=\"10 minutes\" \/>\n<script type=\"application\/ld+json\" class=\"yoast-schema-graph\">{\"@context\":\"https:\/\/schema.org\",\"@graph\":[{\"@type\":\"Article\",\"@id\":\"https:\/\/vieassociative.be\/actualites\/comment-up-pot-vos-semis-sans-les-gacher\/#article\",\"isPartOf\":{\"@id\":\"https:\/\/vieassociative.be\/actualites\/comment-up-pot-vos-semis-sans-les-gacher\/\"},\"author\":{\"name\":\"Julien\",\"@id\":\"https:\/\/vieassociative.be\/actualites\/#\/schema\/person\/b87ac4f82f9d4e7b7cec7395b679edc4\"},\"headline\":\"Comment up pot vos semis sans les g\u00e2cher\",\"datePublished\":\"2025-03-28T00:19:59+00:00\",\"dateModified\":\"2025-03-28T00:19:59+00:00\",\"mainEntityOfPage\":{\"@id\":\"https:\/\/vieassociative.be\/actualites\/comment-up-pot-vos-semis-sans-les-gacher\/\"},\"wordCount\":2042,\"publisher\":{\"@id\":\"https:\/\/vieassociative.be\/actualites\/#organization\"},\"image\":{\"@id\":\"https:\/\/vieassociative.be\/actualites\/comment-up-pot-vos-semis-sans-les-gacher\/#primaryimage\"},\"thumbnailUrl\":\"https:\/\/vieassociative.be\/actualites\/wp-content\/uploads\/2025\/03\/1743121200_Comment-up-pot-vos-semis-sans-les-gacher.jpg\",\"keywords\":[\"Comment\",\"g\u00e2cher\",\"Les\",\"pot\",\"sans\",\"semis\",\"vos\"],\"articleSection\":[\"Maison\"],\"inLanguage\":\"fr-BE\"},{\"@type\":\"WebPage\",\"@id\":\"https:\/\/vieassociative.be\/actualites\/comment-up-pot-vos-semis-sans-les-gacher\/\",\"url\":\"https:\/\/vieassociative.be\/actualites\/comment-up-pot-vos-semis-sans-les-gacher\/\",\"name\":\"Comment up pot vos semis sans les g\u00e2cher | Vie Associative\",\"isPartOf\":{\"@id\":\"https:\/\/vieassociative.be\/actualites\/#website\"},\"primaryImageOfPage\":{\"@id\":\"https:\/\/vieassociative.be\/actualites\/comment-up-pot-vos-semis-sans-les-gacher\/#primaryimage\"},\"image\":{\"@id\":\"https:\/\/vieassociative.be\/actualites\/comment-up-pot-vos-semis-sans-les-gacher\/#primaryimage\"},\"thumbnailUrl\":\"https:\/\/vieassociative.be\/actualites\/wp-content\/uploads\/2025\/03\/1743121200_Comment-up-pot-vos-semis-sans-les-gacher.jpg\",\"datePublished\":\"2025-03-28T00:19:59+00:00\",\"dateModified\":\"2025-03-28T00:19:59+00:00\",\"breadcrumb\":{\"@id\":\"https:\/\/vieassociative.be\/actualites\/comment-up-pot-vos-semis-sans-les-gacher\/#breadcrumb\"},\"inLanguage\":\"fr-BE\",\"potentialAction\":[{\"@type\":\"ReadAction\",\"target\":[\"https:\/\/vieassociative.be\/actualites\/comment-up-pot-vos-semis-sans-les-gacher\/\"]}]},{\"@type\":\"ImageObject\",\"inLanguage\":\"fr-BE\",\"@id\":\"https:\/\/vieassociative.be\/actualites\/comment-up-pot-vos-semis-sans-les-gacher\/#primaryimage\",\"url\":\"https:\/\/vieassociative.be\/actualites\/wp-content\/uploads\/2025\/03\/1743121200_Comment-up-pot-vos-semis-sans-les-gacher.jpg\",\"contentUrl\":\"https:\/\/vieassociative.be\/actualites\/wp-content\/uploads\/2025\/03\/1743121200_Comment-up-pot-vos-semis-sans-les-gacher.jpg\",\"width\":1200,\"height\":675,\"caption\":\"Comment up pot vos semis sans les g\u00e2cher\"},{\"@type\":\"BreadcrumbList\",\"@id\":\"https:\/\/vieassociative.be\/actualites\/comment-up-pot-vos-semis-sans-les-gacher\/#breadcrumb\",\"itemListElement\":[{\"@type\":\"ListItem\",\"position\":1,\"name\":\"Accueil\",\"item\":\"https:\/\/vieassociative.be\/actualites\/\"},{\"@type\":\"ListItem\",\"position\":2,\"name\":\"Comment up pot vos semis sans les g\u00e2cher\"}]},{\"@type\":\"WebSite\",\"@id\":\"https:\/\/vieassociative.be\/actualites\/#website\",\"url\":\"https:\/\/vieassociative.be\/actualites\/\",\"name\":\"Vie Associative\",\"description\":\"\",\"publisher\":{\"@id\":\"https:\/\/vieassociative.be\/actualites\/#organization\"},\"potentialAction\":[{\"@type\":\"SearchAction\",\"target\":{\"@type\":\"EntryPoint\",\"urlTemplate\":\"https:\/\/vieassociative.be\/actualites\/?s={search_term_string}\"},\"query-input\":{\"@type\":\"PropertyValueSpecification\",\"valueRequired\":true,\"valueName\":\"search_term_string\"}}],\"inLanguage\":\"fr-BE\"},{\"@type\":\"Organization\",\"@id\":\"https:\/\/vieassociative.be\/actualites\/#organization\",\"name\":\"Vie Associative\",\"url\":\"https:\/\/vieassociative.be\/actualites\/\",\"logo\":{\"@type\":\"ImageObject\",\"inLanguage\":\"fr-BE\",\"@id\":\"https:\/\/vieassociative.be\/actualites\/#\/schema\/logo\/image\/\",\"url\":\"https:\/\/vieassociative.be\/actualites\/wp-content\/uploads\/2024\/09\/cropped-vieassociative_favicon.ico.png\",\"contentUrl\":\"https:\/\/vieassociative.be\/actualites\/wp-content\/uploads\/2024\/09\/cropped-vieassociative_favicon.ico.png\",\"width\":512,\"height\":512,\"caption\":\"Vie Associative\"},\"image\":{\"@id\":\"https:\/\/vieassociative.be\/actualites\/#\/schema\/logo\/image\/\"}},{\"@type\":\"Person\",\"@id\":\"https:\/\/vieassociative.be\/actualites\/#\/schema\/person\/b87ac4f82f9d4e7b7cec7395b679edc4\",\"name\":\"Julien\",\"image\":{\"@type\":\"ImageObject\",\"inLanguage\":\"fr-BE\",\"@id\":\"https:\/\/vieassociative.be\/actualites\/#\/schema\/person\/image\/\",\"url\":\"https:\/\/vieassociative.be\/actualites\/wp-content\/uploads\/2024\/09\/vie-associative-1-150x150.jpg\",\"contentUrl\":\"https:\/\/vieassociative.be\/actualites\/wp-content\/uploads\/2024\/09\/vie-associative-1-150x150.jpg\",\"caption\":\"Julien\"},\"description\":\"Je suis Julien, r\u00e9dacteur pour Vie Associative. Passionn\u00e9 par le monde associatif depuis plus de 10 ans, j'ai \u00e0 c\u0153ur de partager des histoires inspirantes et de mettre en lumi\u00e8re les initiatives locales. Mon objectif est de sensibiliser et d'encourager l'engagement communautaire \u00e0 travers mes articles.\",\"sameAs\":[\"https:\/\/vieassociative.be\/\"]}]}<\/script>\n<!-- \/ Yoast SEO plugin. -->","yoast_head_json":{"title":"Comment up pot vos semis sans les g\u00e2cher | Vie Associative","robots":{"index":"index","follow":"follow","max-snippet":"max-snippet:-1","max-image-preview":"max-image-preview:large","max-video-preview":"max-video-preview:-1"},"canonical":"https:\/\/vieassociative.be\/actualites\/comment-up-pot-vos-semis-sans-les-gacher\/","og_locale":"fr_FR","og_type":"article","og_title":"Comment up pot vos semis sans les g\u00e2cher | Vie Associative","og_description":"Vos petits semis ont d\u00e9pass\u00e9 leurs plateaux de semences, mais il n&rsquo;est pas temps pour eux d&rsquo;aller dans le jardin &#8211; maintenant quoi? La plupart","og_url":"https:\/\/vieassociative.be\/actualites\/comment-up-pot-vos-semis-sans-les-gacher\/","og_site_name":"Vie Associative","article_published_time":"2025-03-28T00:19:59+00:00","og_image":[{"url":"https:\/\/vieassociative.be\/actualites\/wp-content\/uploads\/2025\/03\/Comment-up-pot-vos-semis-sans-les-gacher.jpg","type":"","width":"","height":""}],"author":"Julien","twitter_card":"summary_large_image","twitter_misc":{"\u00c9crit par":"Julien","Dur\u00e9e de lecture est.":"10 minutes"},"schema":{"@context":"https:\/\/schema.org","@graph":[{"@type":"Article","@id":"https:\/\/vieassociative.be\/actualites\/comment-up-pot-vos-semis-sans-les-gacher\/#article","isPartOf":{"@id":"https:\/\/vieassociative.be\/actualites\/comment-up-pot-vos-semis-sans-les-gacher\/"},"author":{"name":"Julien","@id":"https:\/\/vieassociative.be\/actualites\/#\/schema\/person\/b87ac4f82f9d4e7b7cec7395b679edc4"},"headline":"Comment up pot vos semis sans les g\u00e2cher","datePublished":"2025-03-28T00:19:59+00:00","dateModified":"2025-03-28T00:19:59+00:00","mainEntityOfPage":{"@id":"https:\/\/vieassociative.be\/actualites\/comment-up-pot-vos-semis-sans-les-gacher\/"},"wordCount":2042,"publisher":{"@id":"https:\/\/vieassociative.be\/actualites\/#organization"},"image":{"@id":"https:\/\/vieassociative.be\/actualites\/comment-up-pot-vos-semis-sans-les-gacher\/#primaryimage"},"thumbnailUrl":"https:\/\/vieassociative.be\/actualites\/wp-content\/uploads\/2025\/03\/1743121200_Comment-up-pot-vos-semis-sans-les-gacher.jpg","keywords":["Comment","g\u00e2cher","Les","pot","sans","semis","vos"],"articleSection":["Maison"],"inLanguage":"fr-BE"},{"@type":"WebPage","@id":"https:\/\/vieassociative.be\/actualites\/comment-up-pot-vos-semis-sans-les-gacher\/","url":"https:\/\/vieassociative.be\/actualites\/comment-up-pot-vos-semis-sans-les-gacher\/","name":"Comment up pot vos semis sans les g\u00e2cher | Vie Associative","isPartOf":{"@id":"https:\/\/vieassociative.be\/actualites\/#website"},"primaryImageOfPage":{"@id":"https:\/\/vieassociative.be\/actualites\/comment-up-pot-vos-semis-sans-les-gacher\/#primaryimage"},"image":{"@id":"https:\/\/vieassociative.be\/actualites\/comment-up-pot-vos-semis-sans-les-gacher\/#primaryimage"},"thumbnailUrl":"https:\/\/vieassociative.be\/actualites\/wp-content\/uploads\/2025\/03\/1743121200_Comment-up-pot-vos-semis-sans-les-gacher.jpg","datePublished":"2025-03-28T00:19:59+00:00","dateModified":"2025-03-28T00:19:59+00:00","breadcrumb":{"@id":"https:\/\/vieassociative.be\/actualites\/comment-up-pot-vos-semis-sans-les-gacher\/#breadcrumb"},"inLanguage":"fr-BE","potentialAction":[{"@type":"ReadAction","target":["https:\/\/vieassociative.be\/actualites\/comment-up-pot-vos-semis-sans-les-gacher\/"]}]},{"@type":"ImageObject","inLanguage":"fr-BE","@id":"https:\/\/vieassociative.be\/actualites\/comment-up-pot-vos-semis-sans-les-gacher\/#primaryimage","url":"https:\/\/vieassociative.be\/actualites\/wp-content\/uploads\/2025\/03\/1743121200_Comment-up-pot-vos-semis-sans-les-gacher.jpg","contentUrl":"https:\/\/vieassociative.be\/actualites\/wp-content\/uploads\/2025\/03\/1743121200_Comment-up-pot-vos-semis-sans-les-gacher.jpg","width":1200,"height":675,"caption":"Comment up pot vos semis sans les g\u00e2cher"},{"@type":"BreadcrumbList","@id":"https:\/\/vieassociative.be\/actualites\/comment-up-pot-vos-semis-sans-les-gacher\/#breadcrumb","itemListElement":[{"@type":"ListItem","position":1,"name":"Accueil","item":"https:\/\/vieassociative.be\/actualites\/"},{"@type":"ListItem","position":2,"name":"Comment up pot vos semis sans les g\u00e2cher"}]},{"@type":"WebSite","@id":"https:\/\/vieassociative.be\/actualites\/#website","url":"https:\/\/vieassociative.be\/actualites\/","name":"Vie Associative","description":"","publisher":{"@id":"https:\/\/vieassociative.be\/actualites\/#organization"},"potentialAction":[{"@type":"SearchAction","target":{"@type":"EntryPoint","urlTemplate":"https:\/\/vieassociative.be\/actualites\/?s={search_term_string}"},"query-input":{"@type":"PropertyValueSpecification","valueRequired":true,"valueName":"search_term_string"}}],"inLanguage":"fr-BE"},{"@type":"Organization","@id":"https:\/\/vieassociative.be\/actualites\/#organization","name":"Vie Associative","url":"https:\/\/vieassociative.be\/actualites\/","logo":{"@type":"ImageObject","inLanguage":"fr-BE","@id":"https:\/\/vieassociative.be\/actualites\/#\/schema\/logo\/image\/","url":"https:\/\/vieassociative.be\/actualites\/wp-content\/uploads\/2024\/09\/cropped-vieassociative_favicon.ico.png","contentUrl":"https:\/\/vieassociative.be\/actualites\/wp-content\/uploads\/2024\/09\/cropped-vieassociative_favicon.ico.png","width":512,"height":512,"caption":"Vie Associative"},"image":{"@id":"https:\/\/vieassociative.be\/actualites\/#\/schema\/logo\/image\/"}},{"@type":"Person","@id":"https:\/\/vieassociative.be\/actualites\/#\/schema\/person\/b87ac4f82f9d4e7b7cec7395b679edc4","name":"Julien","image":{"@type":"ImageObject","inLanguage":"fr-BE","@id":"https:\/\/vieassociative.be\/actualites\/#\/schema\/person\/image\/","url":"https:\/\/vieassociative.be\/actualites\/wp-content\/uploads\/2024\/09\/vie-associative-1-150x150.jpg","contentUrl":"https:\/\/vieassociative.be\/actualites\/wp-content\/uploads\/2024\/09\/vie-associative-1-150x150.jpg","caption":"Julien"},"description":"Je suis Julien, r\u00e9dacteur pour Vie Associative. Passionn\u00e9 par le monde associatif depuis plus de 10 ans, j'ai \u00e0 c\u0153ur de partager des histoires inspirantes et de mettre en lumi\u00e8re les initiatives locales. Mon objectif est de sensibiliser et d'encourager l'engagement communautaire \u00e0 travers mes articles.","sameAs":["https:\/\/vieassociative.be\/"]}]}},"_links":{"self":[{"href":"https:\/\/vieassociative.be\/actualites\/wp-json\/wp\/v2\/posts\/6202"}],"collection":[{"href":"https:\/\/vieassociative.be\/actualites\/wp-json\/wp\/v2\/posts"}],"about":[{"href":"https:\/\/vieassociative.be\/actualites\/wp-json\/wp\/v2\/types\/post"}],"author":[{"embeddable":true,"href":"https:\/\/vieassociative.be\/actualites\/wp-json\/wp\/v2\/users\/1"}],"replies":[{"embeddable":true,"href":"https:\/\/vieassociative.be\/actualites\/wp-json\/wp\/v2\/comments?post=6202"}],"version-history":[{"count":0,"href":"https:\/\/vieassociative.be\/actualites\/wp-json\/wp\/v2\/posts\/6202\/revisions"}],"wp:featuredmedia":[{"embeddable":true,"href":"https:\/\/vieassociative.be\/actualites\/wp-json\/wp\/v2\/media\/6203"}],"wp:attachment":[{"href":"https:\/\/vieassociative.be\/actualites\/wp-json\/wp\/v2\/media?parent=6202"}],"wp:term":[{"taxonomy":"category","embeddable":true,"href":"https:\/\/vieassociative.be\/actualites\/wp-json\/wp\/v2\/categories?post=6202"},{"taxonomy":"post_tag","embeddable":true,"href":"https:\/\/vieassociative.be\/actualites\/wp-json\/wp\/v2\/tags?post=6202"}],"curies":[{"name":"wp","href":"https:\/\/api.w.org\/{rel}","templated":true}]}}