{"id":6192,"date":"2025-03-27T15:18:29","date_gmt":"2025-03-27T14:18:29","guid":{"rendered":"https:\/\/vieassociative.be\/actualites\/armin-laschet-deviendra-t-il-le-ministre-allemand-des-affaires-etrangeres\/"},"modified":"2025-03-27T15:18:29","modified_gmt":"2025-03-27T14:18:29","slug":"armin-laschet-deviendra-t-il-le-ministre-allemand-des-affaires-etrangeres","status":"publish","type":"post","link":"https:\/\/vieassociative.be\/actualites\/armin-laschet-deviendra-t-il-le-ministre-allemand-des-affaires-etrangeres\/","title":{"rendered":"Armin Laschet deviendra-t-il le ministre allemand des Affaires \u00e9trang\u00e8res?"},"content":{"rendered":"<p><strong>Il n&rsquo;est pas encore parl\u00e9 publiquement \u00e0 ce sujet, mais il a depuis longtemps discut\u00e9 dans les coulisses de qui pourrait devenir ce qui pourrait \u00eatre dirig\u00e9 par le chancelier Friedrich Merz (CDU) en Allemagne.<\/strong><\/p>\n<p><span id=\"more-411988\"><\/span>Il y a actuellement 15 minist\u00e8res f\u00e9d\u00e9raux dont les patrons appartiennent au cabinet sous la direction du chancelier f\u00e9d\u00e9ral. De plus, le bureau du chancelier a le grade de ministre f\u00e9d\u00e9ral. Ensemble, 17 membres dans le cabinet de feux de circulation d&rsquo;origine.<\/p>\n<\/p>\n<div id=\"attachment_411997\" class=\"wp-caption alignleft\" style=\"max-width: 300px\"><img fetchpriority=\"high\" decoding=\"async\" class=\"wp-image-411997 size-medium\" src=\"https:\/\/vieassociative.be\/actualites\/wp-content\/uploads\/2025\/03\/Armin-Laschet-deviendra-t-il-le-ministre-allemand-des-Affaires-etrangeres.jpg\" alt=\"\" width=\"300\" height=\"205\"><\/p>\n<p class=\"wp-caption-text\">20.03.2025, Syrie, Damas: Annalena Baerbock (B\u00fcndnis 90 \/ Die Gr\u00fcnen), le ministre f\u00e9d\u00e9ral des Affaires \u00e9trang\u00e8res et Armin Laschet (CDU, L) sont accueillis par le ministre syrien des Affaires \u00e9trang\u00e8res Assad Al-Shaibani dans le pr\u00e9sident Palace. Photo: Hannes P. Albert \/ DPA<\/p>\n<\/div>\n<p>L&rsquo;Aachener Armin Laschet, ancien Premier ministre du Rhin-Westphalien du Nord et l&rsquo;avant-derni\u00e8re \u00e9lection de Bundestag du syndicat, est appel\u00e9 candidat au chancelier \u00e0 l&rsquo;Union. L&rsquo;homme de 64 ans est consid\u00e9r\u00e9 comme tr\u00e8s bien en r\u00e9seau comme vice-pr\u00e9sident de l&rsquo;Assembl\u00e9e parlementaire du Conseil de l&rsquo;Europe et des anciens parlementaires europ\u00e9ens, avec de bons contacts avec la France.<\/p>\n<p>\u00ab\u00a0Armin Laschet sera-t-il nouveau ministre des Affaires \u00e9trang\u00e8res?\u00a0\u00bb A demand\u00e9 le \u00ab\u00a0Aachener Zeitung\u00a0\u00bb cette semaine. Depuis qu&rsquo;il y a quelques jours, le politicien de la CDU d&rsquo;Aix-un a voyag\u00e9 en Syrie et au Liban avec la ministre des Affaires \u00e9trang\u00e8res Annalena Baerbock (Greens), Laschet a souvent \u00e9t\u00e9 mentionn\u00e9 comme candidat pour le poste principal au Federal Foreign Office, selon AZ. Selon le magazine News \u00ab\u00a0Der Spiegel\u00a0\u00bb, Laschet veut \u00ab\u00a0positionner\u00a0\u00bb et est tr\u00e8s int\u00e9ress\u00e9 par le post.<\/p>\n<p>Laschet est membre du Comit\u00e9 f\u00e9d\u00e9ral \u00e9tranger au Bundestag et membre du conseil d&rsquo;administration du soi-disant Abraham Accords Institute de Berlin, qui vise \u00e0 promouvoir une approche permanente arabe-isra\u00e9lienne. Laschet a \u00e9galement une exp\u00e9rience gouvernementale en tant qu&rsquo;ancien Premier ministre du NRW.<\/p>\n<div id=\"attachment_366464\" class=\"wp-caption alignleft\" style=\"max-width: 300px\"><img decoding=\"async\" class=\"wp-image-366464 size-medium\" src=\"https:\/\/vieassociative.be\/actualites\/wp-content\/uploads\/2025\/03\/1743085109_100_Armin-Laschet-deviendra-t-il-le-ministre-allemand-des-Affaires-etrangeres.jpg\" alt=\"\" width=\"300\" height=\"200\"><\/p>\n<p class=\"wp-caption-text\">Armin Laschet (R) en octobre 2023 au \u00ab\u00a0Kamingeskutz\u00a0\u00bb avec Pascal Arimont (L) dans l&rsquo;Eupener J\u00fcnglingenhaus. Photo: Frederik Wiesen<\/p>\n<\/div>\n<p>\u00ab\u00a0Laschet avait des espoirs pour le poste de pr\u00e9sident de Bundestag, qui a maintenant re\u00e7u la coll\u00e8gue du parti Julia Kl\u00f6ckner. Il a \u00e9galement \u00e9t\u00e9 dispers\u00e9 \u00e0 plusieurs reprises, Laschet veut devenir ou peut devenir pr\u00e9sident f\u00e9d\u00e9ral\u00a0\u00bb, \u00e9crit AZ, qui, cependant, souligne: \u00ab\u00a0Laschet n&rsquo;est pas dans le syndicat &#8211; en particulier \u00e0 la CSU &#8211; pas sans controverse, ce qui est la raison pour laquelle il n&rsquo;a pas d\u00fb recevoir le CSU &#8211; sans aucun controverse. La liste des hommes.<\/p>\n<p>Avant de devenir Premier ministre du Rh\u00e9nanie du Nord-Westphalie, Armin Laschet a \u00e9t\u00e9 r\u00e9p\u00e9t\u00e9 en Belgique orientale. En mai 2014, il a \u00e9t\u00e9 conf\u00e9rencier invit\u00e9 dans un Congr\u00e8s du Jung-Evp Euregio Maas-Rhein dans le hall du jeune homme \u00e0 Eupen. En mars 2018, il a officiellement pay\u00e9 la DG dans sa fonction de chef de l&rsquo;\u00c9tat de Rhin-Westphalie du Nord. De plus, l&rsquo;Aachener n&rsquo;a pas manqu\u00e9 l&rsquo;occasion de filmer une s\u00e9ance photo avec la chanceli\u00e8re Angela Merkel pour les amis de la f\u00eate de la Belgique de l&rsquo;Est du CSP \u00e0 Aachen-Burscheid \u00e0 Aachen-Burscheid.<\/p>\n<p>Le dernier mais non le moindre \u00e9tait Laschet fin octobre 2023 Conf\u00e9rencier invit\u00e9 dans l&rsquo;Eupener J\u00fcngelingshaus. Dans le cadre d&rsquo;un \u00ab\u00a0incendie\u00a0\u00bb avec le d\u00e9put\u00e9 oriental Belge Pascal Arimont (CSP-EVP), le membre d&rsquo;Aix-un, le Bundestag, a pris un \u00e9v\u00e9nement sous le titre \u00ab\u00a0Crisis, guerre et changement-comment l&rsquo;UE nous prot\u00e9ge-t-il?\u00a0\u00bb partie. (Cre)<\/p>\n","protected":false},"excerpt":{"rendered":"<p>Il n&rsquo;est pas encore parl\u00e9 publiquement \u00e0 ce sujet, mais il a depuis longtemps discut\u00e9 dans les coulisses de qui pourrait devenir ce qui pourrait<\/p>\n","protected":false},"author":1,"featured_media":6193,"comment_status":"","ping_status":"","sticky":false,"template":"","format":"standard","meta":{"footnotes":""},"categories":[298],"tags":[2395,2732,6044,29,4537,6046,6045,1245],"class_list":["post-6192","post","type-post","status-publish","format-standard","has-post-thumbnail","hentry","category-belgique","tag-affaires","tag-allemand","tag-armin","tag-des","tag-deviendratil","tag-etrangeres","tag-laschet","tag-ministre","generate-columns","tablet-grid-50","mobile-grid-100","grid-parent","grid-33"],"yoast_head":"<!-- This site is optimized with the Yoast SEO plugin v24.0 - https:\/\/yoast.com\/wordpress\/plugins\/seo\/ -->\n<title>Armin Laschet deviendra-t-il le ministre allemand des Affaires \u00e9trang\u00e8res? | Vie Associative<\/title>\n<meta name=\"robots\" content=\"index, follow, max-snippet:-1, max-image-preview:large, max-video-preview:-1\" \/>\n<link rel=\"canonical\" href=\"https:\/\/vieassociative.be\/actualites\/armin-laschet-deviendra-t-il-le-ministre-allemand-des-affaires-etrangeres\/\" \/>\n<meta property=\"og:locale\" content=\"fr_FR\" \/>\n<meta property=\"og:type\" content=\"article\" \/>\n<meta property=\"og:title\" content=\"Armin Laschet deviendra-t-il le ministre allemand des Affaires \u00e9trang\u00e8res? | Vie Associative\" \/>\n<meta property=\"og:description\" content=\"Il n&rsquo;est pas encore parl\u00e9 publiquement \u00e0 ce sujet, mais il a depuis longtemps discut\u00e9 dans les coulisses de qui pourrait devenir ce qui pourrait\" \/>\n<meta property=\"og:url\" content=\"https:\/\/vieassociative.be\/actualites\/armin-laschet-deviendra-t-il-le-ministre-allemand-des-affaires-etrangeres\/\" \/>\n<meta property=\"og:site_name\" content=\"Vie Associative\" \/>\n<meta property=\"article:published_time\" content=\"2025-03-27T14:18:29+00:00\" \/>\n<meta property=\"og:image\" content=\"https:\/\/vieassociative.be\/actualites\/wp-content\/uploads\/2024\/09\/header_backgroundk-01-e1726694325946.png\" \/>\n\t<meta property=\"og:image:width\" content=\"279\" \/>\n\t<meta property=\"og:image:height\" content=\"92\" \/>\n\t<meta property=\"og:image:type\" content=\"image\/png\" \/>\n<meta name=\"author\" content=\"Julien\" \/>\n<meta name=\"twitter:card\" content=\"summary_large_image\" \/>\n<meta name=\"twitter:label1\" content=\"\u00c9crit par\" \/>\n\t<meta name=\"twitter:data1\" content=\"Julien\" \/>\n\t<meta name=\"twitter:label2\" content=\"Dur\u00e9e de lecture est.\" \/>\n\t<meta name=\"twitter:data2\" content=\"3 minutes\" \/>\n<script type=\"application\/ld+json\" class=\"yoast-schema-graph\">{\"@context\":\"https:\/\/schema.org\",\"@graph\":[{\"@type\":\"Article\",\"@id\":\"https:\/\/vieassociative.be\/actualites\/armin-laschet-deviendra-t-il-le-ministre-allemand-des-affaires-etrangeres\/#article\",\"isPartOf\":{\"@id\":\"https:\/\/vieassociative.be\/actualites\/armin-laschet-deviendra-t-il-le-ministre-allemand-des-affaires-etrangeres\/\"},\"author\":{\"name\":\"Julien\",\"@id\":\"https:\/\/vieassociative.be\/actualites\/#\/schema\/person\/b87ac4f82f9d4e7b7cec7395b679edc4\"},\"headline\":\"Armin Laschet deviendra-t-il le ministre allemand des Affaires \u00e9trang\u00e8res?\",\"datePublished\":\"2025-03-27T14:18:29+00:00\",\"dateModified\":\"2025-03-27T14:18:29+00:00\",\"mainEntityOfPage\":{\"@id\":\"https:\/\/vieassociative.be\/actualites\/armin-laschet-deviendra-t-il-le-ministre-allemand-des-affaires-etrangeres\/\"},\"wordCount\":600,\"publisher\":{\"@id\":\"https:\/\/vieassociative.be\/actualites\/#organization\"},\"image\":{\"@id\":\"https:\/\/vieassociative.be\/actualites\/armin-laschet-deviendra-t-il-le-ministre-allemand-des-affaires-etrangeres\/#primaryimage\"},\"thumbnailUrl\":\"https:\/\/vieassociative.be\/actualites\/wp-content\/uploads\/2025\/03\/1743085109_Armin-Laschet-deviendra-t-il-le-ministre-allemand-des-Affaires-etrangeres.jpg\",\"keywords\":[\"affaires\",\"allemand\",\"Armin\",\"Des\",\"deviendratil\",\"\u00e9trang\u00e8res\",\"Laschet\",\"ministre\"],\"articleSection\":[\"Belgique\"],\"inLanguage\":\"fr-BE\"},{\"@type\":\"WebPage\",\"@id\":\"https:\/\/vieassociative.be\/actualites\/armin-laschet-deviendra-t-il-le-ministre-allemand-des-affaires-etrangeres\/\",\"url\":\"https:\/\/vieassociative.be\/actualites\/armin-laschet-deviendra-t-il-le-ministre-allemand-des-affaires-etrangeres\/\",\"name\":\"Armin Laschet deviendra-t-il le ministre allemand des Affaires \u00e9trang\u00e8res? | Vie Associative\",\"isPartOf\":{\"@id\":\"https:\/\/vieassociative.be\/actualites\/#website\"},\"primaryImageOfPage\":{\"@id\":\"https:\/\/vieassociative.be\/actualites\/armin-laschet-deviendra-t-il-le-ministre-allemand-des-affaires-etrangeres\/#primaryimage\"},\"image\":{\"@id\":\"https:\/\/vieassociative.be\/actualites\/armin-laschet-deviendra-t-il-le-ministre-allemand-des-affaires-etrangeres\/#primaryimage\"},\"thumbnailUrl\":\"https:\/\/vieassociative.be\/actualites\/wp-content\/uploads\/2025\/03\/1743085109_Armin-Laschet-deviendra-t-il-le-ministre-allemand-des-Affaires-etrangeres.jpg\",\"datePublished\":\"2025-03-27T14:18:29+00:00\",\"dateModified\":\"2025-03-27T14:18:29+00:00\",\"breadcrumb\":{\"@id\":\"https:\/\/vieassociative.be\/actualites\/armin-laschet-deviendra-t-il-le-ministre-allemand-des-affaires-etrangeres\/#breadcrumb\"},\"inLanguage\":\"fr-BE\",\"potentialAction\":[{\"@type\":\"ReadAction\",\"target\":[\"https:\/\/vieassociative.be\/actualites\/armin-laschet-deviendra-t-il-le-ministre-allemand-des-affaires-etrangeres\/\"]}]},{\"@type\":\"ImageObject\",\"inLanguage\":\"fr-BE\",\"@id\":\"https:\/\/vieassociative.be\/actualites\/armin-laschet-deviendra-t-il-le-ministre-allemand-des-affaires-etrangeres\/#primaryimage\",\"url\":\"https:\/\/vieassociative.be\/actualites\/wp-content\/uploads\/2025\/03\/1743085109_Armin-Laschet-deviendra-t-il-le-ministre-allemand-des-Affaires-etrangeres.jpg\",\"contentUrl\":\"https:\/\/vieassociative.be\/actualites\/wp-content\/uploads\/2025\/03\/1743085109_Armin-Laschet-deviendra-t-il-le-ministre-allemand-des-Affaires-etrangeres.jpg\",\"width\":1200,\"height\":800,\"caption\":\"Armin Laschet deviendra-t-il le ministre allemand des Affaires \u00e9trang\u00e8res?\"},{\"@type\":\"BreadcrumbList\",\"@id\":\"https:\/\/vieassociative.be\/actualites\/armin-laschet-deviendra-t-il-le-ministre-allemand-des-affaires-etrangeres\/#breadcrumb\",\"itemListElement\":[{\"@type\":\"ListItem\",\"position\":1,\"name\":\"Accueil\",\"item\":\"https:\/\/vieassociative.be\/actualites\/\"},{\"@type\":\"ListItem\",\"position\":2,\"name\":\"Armin Laschet deviendra-t-il le ministre allemand des Affaires \u00e9trang\u00e8res?\"}]},{\"@type\":\"WebSite\",\"@id\":\"https:\/\/vieassociative.be\/actualites\/#website\",\"url\":\"https:\/\/vieassociative.be\/actualites\/\",\"name\":\"Vie Associative\",\"description\":\"\",\"publisher\":{\"@id\":\"https:\/\/vieassociative.be\/actualites\/#organization\"},\"potentialAction\":[{\"@type\":\"SearchAction\",\"target\":{\"@type\":\"EntryPoint\",\"urlTemplate\":\"https:\/\/vieassociative.be\/actualites\/?s={search_term_string}\"},\"query-input\":{\"@type\":\"PropertyValueSpecification\",\"valueRequired\":true,\"valueName\":\"search_term_string\"}}],\"inLanguage\":\"fr-BE\"},{\"@type\":\"Organization\",\"@id\":\"https:\/\/vieassociative.be\/actualites\/#organization\",\"name\":\"Vie Associative\",\"url\":\"https:\/\/vieassociative.be\/actualites\/\",\"logo\":{\"@type\":\"ImageObject\",\"inLanguage\":\"fr-BE\",\"@id\":\"https:\/\/vieassociative.be\/actualites\/#\/schema\/logo\/image\/\",\"url\":\"https:\/\/vieassociative.be\/actualites\/wp-content\/uploads\/2024\/09\/cropped-vieassociative_favicon.ico.png\",\"contentUrl\":\"https:\/\/vieassociative.be\/actualites\/wp-content\/uploads\/2024\/09\/cropped-vieassociative_favicon.ico.png\",\"width\":512,\"height\":512,\"caption\":\"Vie Associative\"},\"image\":{\"@id\":\"https:\/\/vieassociative.be\/actualites\/#\/schema\/logo\/image\/\"}},{\"@type\":\"Person\",\"@id\":\"https:\/\/vieassociative.be\/actualites\/#\/schema\/person\/b87ac4f82f9d4e7b7cec7395b679edc4\",\"name\":\"Julien\",\"image\":{\"@type\":\"ImageObject\",\"inLanguage\":\"fr-BE\",\"@id\":\"https:\/\/vieassociative.be\/actualites\/#\/schema\/person\/image\/\",\"url\":\"https:\/\/vieassociative.be\/actualites\/wp-content\/uploads\/2024\/09\/vie-associative-1-150x150.jpg\",\"contentUrl\":\"https:\/\/vieassociative.be\/actualites\/wp-content\/uploads\/2024\/09\/vie-associative-1-150x150.jpg\",\"caption\":\"Julien\"},\"description\":\"Je suis Julien, r\u00e9dacteur pour Vie Associative. Passionn\u00e9 par le monde associatif depuis plus de 10 ans, j'ai \u00e0 c\u0153ur de partager des histoires inspirantes et de mettre en lumi\u00e8re les initiatives locales. Mon objectif est de sensibiliser et d'encourager l'engagement communautaire \u00e0 travers mes articles.\",\"sameAs\":[\"https:\/\/vieassociative.be\/\"]}]}<\/script>\n<!-- \/ Yoast SEO plugin. -->","yoast_head_json":{"title":"Armin Laschet deviendra-t-il le ministre allemand des Affaires \u00e9trang\u00e8res? | Vie Associative","robots":{"index":"index","follow":"follow","max-snippet":"max-snippet:-1","max-image-preview":"max-image-preview:large","max-video-preview":"max-video-preview:-1"},"canonical":"https:\/\/vieassociative.be\/actualites\/armin-laschet-deviendra-t-il-le-ministre-allemand-des-affaires-etrangeres\/","og_locale":"fr_FR","og_type":"article","og_title":"Armin Laschet deviendra-t-il le ministre allemand des Affaires \u00e9trang\u00e8res? | Vie Associative","og_description":"Il n&rsquo;est pas encore parl\u00e9 publiquement \u00e0 ce sujet, mais il a depuis longtemps discut\u00e9 dans les coulisses de qui pourrait devenir ce qui pourrait","og_url":"https:\/\/vieassociative.be\/actualites\/armin-laschet-deviendra-t-il-le-ministre-allemand-des-affaires-etrangeres\/","og_site_name":"Vie Associative","article_published_time":"2025-03-27T14:18:29+00:00","og_image":[{"width":279,"height":92,"url":"https:\/\/vieassociative.be\/actualites\/wp-content\/uploads\/2024\/09\/header_backgroundk-01-e1726694325946.png","type":"image\/png"}],"author":"Julien","twitter_card":"summary_large_image","twitter_misc":{"\u00c9crit par":"Julien","Dur\u00e9e de lecture est.":"3 minutes"},"schema":{"@context":"https:\/\/schema.org","@graph":[{"@type":"Article","@id":"https:\/\/vieassociative.be\/actualites\/armin-laschet-deviendra-t-il-le-ministre-allemand-des-affaires-etrangeres\/#article","isPartOf":{"@id":"https:\/\/vieassociative.be\/actualites\/armin-laschet-deviendra-t-il-le-ministre-allemand-des-affaires-etrangeres\/"},"author":{"name":"Julien","@id":"https:\/\/vieassociative.be\/actualites\/#\/schema\/person\/b87ac4f82f9d4e7b7cec7395b679edc4"},"headline":"Armin Laschet deviendra-t-il le ministre allemand des Affaires \u00e9trang\u00e8res?","datePublished":"2025-03-27T14:18:29+00:00","dateModified":"2025-03-27T14:18:29+00:00","mainEntityOfPage":{"@id":"https:\/\/vieassociative.be\/actualites\/armin-laschet-deviendra-t-il-le-ministre-allemand-des-affaires-etrangeres\/"},"wordCount":600,"publisher":{"@id":"https:\/\/vieassociative.be\/actualites\/#organization"},"image":{"@id":"https:\/\/vieassociative.be\/actualites\/armin-laschet-deviendra-t-il-le-ministre-allemand-des-affaires-etrangeres\/#primaryimage"},"thumbnailUrl":"https:\/\/vieassociative.be\/actualites\/wp-content\/uploads\/2025\/03\/1743085109_Armin-Laschet-deviendra-t-il-le-ministre-allemand-des-Affaires-etrangeres.jpg","keywords":["affaires","allemand","Armin","Des","deviendratil","\u00e9trang\u00e8res","Laschet","ministre"],"articleSection":["Belgique"],"inLanguage":"fr-BE"},{"@type":"WebPage","@id":"https:\/\/vieassociative.be\/actualites\/armin-laschet-deviendra-t-il-le-ministre-allemand-des-affaires-etrangeres\/","url":"https:\/\/vieassociative.be\/actualites\/armin-laschet-deviendra-t-il-le-ministre-allemand-des-affaires-etrangeres\/","name":"Armin Laschet deviendra-t-il le ministre allemand des Affaires \u00e9trang\u00e8res? | Vie Associative","isPartOf":{"@id":"https:\/\/vieassociative.be\/actualites\/#website"},"primaryImageOfPage":{"@id":"https:\/\/vieassociative.be\/actualites\/armin-laschet-deviendra-t-il-le-ministre-allemand-des-affaires-etrangeres\/#primaryimage"},"image":{"@id":"https:\/\/vieassociative.be\/actualites\/armin-laschet-deviendra-t-il-le-ministre-allemand-des-affaires-etrangeres\/#primaryimage"},"thumbnailUrl":"https:\/\/vieassociative.be\/actualites\/wp-content\/uploads\/2025\/03\/1743085109_Armin-Laschet-deviendra-t-il-le-ministre-allemand-des-Affaires-etrangeres.jpg","datePublished":"2025-03-27T14:18:29+00:00","dateModified":"2025-03-27T14:18:29+00:00","breadcrumb":{"@id":"https:\/\/vieassociative.be\/actualites\/armin-laschet-deviendra-t-il-le-ministre-allemand-des-affaires-etrangeres\/#breadcrumb"},"inLanguage":"fr-BE","potentialAction":[{"@type":"ReadAction","target":["https:\/\/vieassociative.be\/actualites\/armin-laschet-deviendra-t-il-le-ministre-allemand-des-affaires-etrangeres\/"]}]},{"@type":"ImageObject","inLanguage":"fr-BE","@id":"https:\/\/vieassociative.be\/actualites\/armin-laschet-deviendra-t-il-le-ministre-allemand-des-affaires-etrangeres\/#primaryimage","url":"https:\/\/vieassociative.be\/actualites\/wp-content\/uploads\/2025\/03\/1743085109_Armin-Laschet-deviendra-t-il-le-ministre-allemand-des-Affaires-etrangeres.jpg","contentUrl":"https:\/\/vieassociative.be\/actualites\/wp-content\/uploads\/2025\/03\/1743085109_Armin-Laschet-deviendra-t-il-le-ministre-allemand-des-Affaires-etrangeres.jpg","width":1200,"height":800,"caption":"Armin Laschet deviendra-t-il le ministre allemand des Affaires \u00e9trang\u00e8res?"},{"@type":"BreadcrumbList","@id":"https:\/\/vieassociative.be\/actualites\/armin-laschet-deviendra-t-il-le-ministre-allemand-des-affaires-etrangeres\/#breadcrumb","itemListElement":[{"@type":"ListItem","position":1,"name":"Accueil","item":"https:\/\/vieassociative.be\/actualites\/"},{"@type":"ListItem","position":2,"name":"Armin Laschet deviendra-t-il le ministre allemand des Affaires \u00e9trang\u00e8res?"}]},{"@type":"WebSite","@id":"https:\/\/vieassociative.be\/actualites\/#website","url":"https:\/\/vieassociative.be\/actualites\/","name":"Vie Associative","description":"","publisher":{"@id":"https:\/\/vieassociative.be\/actualites\/#organization"},"potentialAction":[{"@type":"SearchAction","target":{"@type":"EntryPoint","urlTemplate":"https:\/\/vieassociative.be\/actualites\/?s={search_term_string}"},"query-input":{"@type":"PropertyValueSpecification","valueRequired":true,"valueName":"search_term_string"}}],"inLanguage":"fr-BE"},{"@type":"Organization","@id":"https:\/\/vieassociative.be\/actualites\/#organization","name":"Vie Associative","url":"https:\/\/vieassociative.be\/actualites\/","logo":{"@type":"ImageObject","inLanguage":"fr-BE","@id":"https:\/\/vieassociative.be\/actualites\/#\/schema\/logo\/image\/","url":"https:\/\/vieassociative.be\/actualites\/wp-content\/uploads\/2024\/09\/cropped-vieassociative_favicon.ico.png","contentUrl":"https:\/\/vieassociative.be\/actualites\/wp-content\/uploads\/2024\/09\/cropped-vieassociative_favicon.ico.png","width":512,"height":512,"caption":"Vie Associative"},"image":{"@id":"https:\/\/vieassociative.be\/actualites\/#\/schema\/logo\/image\/"}},{"@type":"Person","@id":"https:\/\/vieassociative.be\/actualites\/#\/schema\/person\/b87ac4f82f9d4e7b7cec7395b679edc4","name":"Julien","image":{"@type":"ImageObject","inLanguage":"fr-BE","@id":"https:\/\/vieassociative.be\/actualites\/#\/schema\/person\/image\/","url":"https:\/\/vieassociative.be\/actualites\/wp-content\/uploads\/2024\/09\/vie-associative-1-150x150.jpg","contentUrl":"https:\/\/vieassociative.be\/actualites\/wp-content\/uploads\/2024\/09\/vie-associative-1-150x150.jpg","caption":"Julien"},"description":"Je suis Julien, r\u00e9dacteur pour Vie Associative. Passionn\u00e9 par le monde associatif depuis plus de 10 ans, j'ai \u00e0 c\u0153ur de partager des histoires inspirantes et de mettre en lumi\u00e8re les initiatives locales. Mon objectif est de sensibiliser et d'encourager l'engagement communautaire \u00e0 travers mes articles.","sameAs":["https:\/\/vieassociative.be\/"]}]}},"_links":{"self":[{"href":"https:\/\/vieassociative.be\/actualites\/wp-json\/wp\/v2\/posts\/6192"}],"collection":[{"href":"https:\/\/vieassociative.be\/actualites\/wp-json\/wp\/v2\/posts"}],"about":[{"href":"https:\/\/vieassociative.be\/actualites\/wp-json\/wp\/v2\/types\/post"}],"author":[{"embeddable":true,"href":"https:\/\/vieassociative.be\/actualites\/wp-json\/wp\/v2\/users\/1"}],"replies":[{"embeddable":true,"href":"https:\/\/vieassociative.be\/actualites\/wp-json\/wp\/v2\/comments?post=6192"}],"version-history":[{"count":0,"href":"https:\/\/vieassociative.be\/actualites\/wp-json\/wp\/v2\/posts\/6192\/revisions"}],"wp:featuredmedia":[{"embeddable":true,"href":"https:\/\/vieassociative.be\/actualites\/wp-json\/wp\/v2\/media\/6193"}],"wp:attachment":[{"href":"https:\/\/vieassociative.be\/actualites\/wp-json\/wp\/v2\/media?parent=6192"}],"wp:term":[{"taxonomy":"category","embeddable":true,"href":"https:\/\/vieassociative.be\/actualites\/wp-json\/wp\/v2\/categories?post=6192"},{"taxonomy":"post_tag","embeddable":true,"href":"https:\/\/vieassociative.be\/actualites\/wp-json\/wp\/v2\/tags?post=6192"}],"curies":[{"name":"wp","href":"https:\/\/api.w.org\/{rel}","templated":true}]}}