{"id":6180,"date":"2025-03-27T01:22:43","date_gmt":"2025-03-27T00:22:43","guid":{"rendered":"https:\/\/vieassociative.be\/actualites\/je-suis-obsede-par-les-crevettes-grillees-sur-mon-gaufrier\/"},"modified":"2025-03-27T01:22:43","modified_gmt":"2025-03-27T00:22:43","slug":"je-suis-obsede-par-les-crevettes-grillees-sur-mon-gaufrier","status":"publish","type":"post","link":"https:\/\/vieassociative.be\/actualites\/je-suis-obsede-par-les-crevettes-grillees-sur-mon-gaufrier\/","title":{"rendered":"Je suis obs\u00e9d\u00e9 par les crevettes grill\u00e9es sur mon gaufrier"},"content":{"rendered":"<div class=\"mt-4 leading-6 md:mb-8\">La petite taille, la chaleur \u00e9lev\u00e9e et les rainures profondes en font l&rsquo;endroit id\u00e9al pour cuire les crevettes.<\/div>\n<p><\/p>\n<p>Pour les prot\u00e9ines maigres savoureuses, faibles en gras et abordables, vous ne pouvez pas vous tromper avec les crevettes, surtout si vous achetez congel\u00e9. J&rsquo;aime faire exactement cela et l&rsquo;\u00e9tirer sur de nombreux repas. Je pense que nous pouvons tous convenir que lorsque vous mangez beaucoup d&rsquo;une chose particuli\u00e8re, la meilleure fa\u00e7on de garder les choses int\u00e9ressantes est d&rsquo;essayer de nouvelles recettes et de trouver diff\u00e9rentes m\u00e9thodes de cuisine pour cela. Et ma derni\u00e8re obsession de crevettes est de le \u00abgriller\u00bb en utilisant mon gaufrier. <\/p>\n<h2 id=\"why-waffled-shrimp-works\">Pourquoi les crevettes gaufr\u00e9es<\/h2>\n<p>Le gaufrier est l&rsquo;un des appareils les plus polyvalents de votre cuisine &#8211; c&rsquo;est bon pour bien plus que faire des gaufres. Les avantages de l&rsquo;utilisation d&rsquo;un Waffle Maker pour cuire vos petits punaises sur la mer sont quatre fois: vitesse, facilit\u00e9, espace et cuisinier sec (qui se compare aux grillades). <\/p>\n<p>Quand je gaufre mes crevettes, je commence toujours par un comptoir plus propre; Comme la pr\u00e9paration est tout fait \u00e0 l&rsquo;avance et que mon fabricant de gaufres particuli\u00e8re n&rsquo;est pas tr\u00e8s grand, j&rsquo;ai besoin d&rsquo;une place pour que toutes mes brochettes soient pr\u00eates \u00e0 partir. Ensuite, il s&rsquo;agit simplement de changer les brochettes des crevettes dans l&rsquo;appareil; Une fois cuits, ils sont pr\u00eats \u00e0 grignoter ou \u00e0 se coucher sur un tas de riz. <\/p>\n<p>Le \u00ab\u00a0cuit sec\u00a0\u00bb est le plus grand argument de vente pour moi. J&rsquo;adore les crevettes, mais je n&rsquo;aime pas toujours manger des crevettes humides, et les rem\u00e8des Waffles Iron. (Je suis parfois un amoureux des fruits de mer, donc je peux \u00eatre facilement d\u00e9go\u00fbt\u00e9 par trop d&rsquo;oc\u00e9an; mon fianc\u00e9 fait historiquement des crevettes trop impatientes, donc je vais passer \u00e0 la gaufre lorsque je suis en charge du d\u00eener.) De m\u00eame aux grillades, o\u00f9 vous avez des grilles, les divots et les rainures de la Waffle Press permettent aux jus en exc\u00e8s de s&rsquo;\u00e9couler de la viande. (C&rsquo;est aussi pourquoi vous devez gaufrer de la viande.) Cela, associ\u00e9 \u00e0 la chaleur \u00e9lev\u00e9e des plaques de gaufre, signifie que vous pouvez rapidement concentrer la saveur sans que beaucoup d&rsquo;humidit\u00e9 se collecte autour des fruits de mer.<\/p>\n<div class=\"eloquent-imagery-image\">\n<div class=\"flex justify-center\">\n                    <img decoding=\"async\" class=\"border border-gray-100\" src=\"https:\/\/vieassociative.be\/actualites\/wp-content\/uploads\/2025\/03\/Je-suis-obsede-par-les-crevettes-grillees-sur-mon-gaufrier.jpg\" alt=\"Crevettes \u00e0 craqueon sur un gaufrier.\" width=\"2000\" height=\"1124\" loading=\"lazy\"  >\n            <\/div>\n<\/p><\/div>\n<h2 id=\"how-to-waffle-your-shrimp\">Comment faire gaufrer vos crevettes<\/h2>\n<h3>1. D\u00e9geler les crevettes <\/h3>\n<p>Waffling vos crevettes est particuli\u00e8rement bon si vous \u00eates d&rsquo;humeur pour une collation rapide aux crevettes. Depuis que le gaufrier cuit simultan\u00e9ment des deux c\u00f4t\u00e9s, mes crevettes moyennes ont fini de cuisiner en trois minutes. Si vous avez des crevettes surgel\u00e9es ou si vous la marilez, d\u00e9congelez-les au r\u00e9frig\u00e9rateur pendant la nuit et donnez-leur un frottement sec d&rsquo;assaisonnement le matin afin que vous soyez pr\u00eat \u00e0 les gaufrer juste avant de manger. <\/p>\n<h3>2. Mariner<\/h3>\n<p>Une bonne marinade peut \u00eatre presque n&rsquo;importe quel m\u00e9lange d&rsquo;assaisonnement, m\u00e9lange d&rsquo;\u00e9pices ou m\u00eame vinaigrette. Comme je l&rsquo;ai mentionn\u00e9, je pr\u00e9f\u00e8re les crevettes s\u00e8ches mais savoureuses, donc apr\u00e8s la d\u00e9cong\u00e9lation, je les taperai avec un serviette en papier et les ajouterai dans un bol avec des assaisonnements secs comme Old Bay, Cayenne Pepper Powder, un m\u00e9lange de poudre de curry et du sel. Ensuite, je vais arroser une cuill\u00e8re \u00e0 caf\u00e9 d&rsquo;huile de cuisson. Cela facilite la recouvre des crevettes avec les assaisonnements, mais les emp\u00eache \u00e9galement de coller au fer. <\/p>\n<h3>3. Barbade<\/h3>\n<div class=\"eloquent-imagery-image\">\n<div class=\"flex justify-center\">\n                    <img decoding=\"async\" class=\"border border-gray-100\" src=\"https:\/\/vieassociative.be\/actualites\/wp-content\/uploads\/2025\/03\/1743034963_607_Je-suis-obsede-par-les-crevettes-grillees-sur-mon-gaufrier.jpg\" alt=\"Crevettes brutes sur une brochette.\" width=\"2000\" height=\"1124\" loading=\"lazy\"  >\n            <\/div>\n<\/p><\/div>\n<p>Vous n&rsquo;avez pas besoin de embrasser les crevettes, mais j&rsquo;aime car il est tellement plus facile de les retirer du Waffle Maker et de basculer dans le lot suivant. De plus, vous devez consid\u00e9rer \u00e0 quel point il est amusant de manger des crevettes directement sur la brochette. Utilisez des brochettes en bambou et passez dans les centres des crevettes &#8211; ils n&rsquo;ont pas besoin de trempage ou de traitement sp\u00e9cial. Vous pouvez embarquer autant que cela conviendra, mais n&rsquo;ajoutez pas plus que la longueur ou la largeur de votre gaufrier.<\/p>\n<div class=\"pogoClear relative my-10 border-b-(1.5px) border-t-(1.5px) border-dashed border-black py-5 sm:my-14 sm:border-0 sm:py-0\" x-cloak x-data=\"{ commentsCount: null }\" x-init=\"commentsCount = await window.openweb.getMessagesCount(122376)\" x-show=\"commentsCount !== null &amp;&amp; commentsCount &gt; 0\">\n<div class=\"absolute top-1\/2 hidden w-full -translate-y-1\/2 border-t-(1.5px) border-dashed border-black sm:block\"><\/div>\n<div class=\"relative flex justify-center\">\n<div class=\"flex max-w-max items-center gap-x-3 bg-white px-5\">\n<div class=\"relative\">\n                <span class=\"absolute left-1\/2 top-1\/2 -translate-x-1\/2 -translate-y-1\/2 font-akshar text-sm font-medium text-black\" x-text=\"commentsCount\"><\/span><\/p>\n<p>                <svg class=\"h-8 w-8 text-black\">\n                    <use href=\"http:\/\/lifehacker.com\/images\/icons\/spritemap.svg#sprite-chat-bubble\"><\/use>\n                <\/svg>\n            <\/div>\n<p>            <span class=\"text-sm font-medium text-black\">Que pensez-vous jusqu&rsquo;\u00e0 pr\u00e9sent? <button class=\"font-semibold text-brand-green underline hover:text-brand-green-700\" onclick=\"window.openweb.scrollToComments(122376)\">Publier un commentaire.<\/button><\/span>\n        <\/div>\n<\/p><\/div>\n<\/div>\n<h3>4. Waffle<\/h3>\n<p>Mon gaufrier n&rsquo;a qu&rsquo;une bascule sur le plan, mais si vous avez des commandes de temp\u00e9rature, alors mettez-les au r\u00e9glage le plus \u00e9lev\u00e9. Les crevettes cuisent facilement et les crevettes grandes ou moyennes cuisent en trois \u00e0 quatre minutes. Lorsque votre fer est enti\u00e8rement pr\u00e9chauff\u00e9, posez autant de brochettes que possible avec environ un demi-pouce d&rsquo;espace entre eux. Appuyez sur le couvercle vers le bas et maintenez une certaine pression dessus pendant la premi\u00e8re minute environ. Jetez un \u0153il \u00e0 c\u00f4t\u00e9 pour voir s&rsquo;ils semblent opaques apr\u00e8s trois minutes, et retirez-les si c&rsquo;est le cas. \u00c9changez dans les brochettes suivantes. <\/p>\n<p>Si vous n&rsquo;avez pas d\u00e9j\u00e0 de gaufrier ou si vous cherchez \u00e0 en acheter un nouveau, je recommande fortement une qui poss\u00e8de des assiettes amovibles pour un nettoyage plus facile. C&rsquo;est un tel soulagement de laisser le gaufrier se refroidir pendant que je mange mes crevettes de collation, puis je reviens pour sortir les assiettes; L&rsquo;appareil va dans son endroit de stockage et je m&rsquo;occupe des assiettes avec le reste des plats. <\/p>\n<div class=\"pogoClear mb-12 mt-10 rounded-md border-2 border-gray-100 py-7 shadow-xl md:py-6\">\n<div class=\"flex flex-wrap justify-between px-7 text-black no-underline md:flex-nowrap md:px-8\">\n<div class=\"order-1 mx-auto flex flex-col justify-center md:order-2 md:ml-4 md:w-full md:grow\">\n<div class=\"block cursor-pointer text-center font-akshar text-2xl font-medium leading-7 text-brand-green duration-200 ease-in-out hover:text-brand-green-700 md:text-left md:text-xl md:leading-6\">Cuisinart 2-en-1 Waffle Maker avec plaques amovibles, WAF-RP10NA\n                <\/div>\n<div class=\"mt-4 hidden md:flex md:justify-between\">\n<div class=\"self-end\">\n<div class=\"mb-0 h-11 md:flex md:flex-col md:justify-center\">\n<div class=\" font-sans leading-4 text-black\">\n<div class=\"flex flex-wrap items-center justify-center gap-x-1 md:justify-start\">\n        <span class=\"font-bold\"><\/p>\n<p>            79,99 $<br \/>\n                            <span class=\"font-medium\">\u00e0 Amazon<\/span><br \/>\n                    <\/span><br \/>\n                    <img decoding=\"async\" class=\"mt-0 h-(15px)\" src=\"https:\/\/vieassociative.be\/actualites\/wp-content\/uploads\/2025\/03\/Je-suis-obsede-par-les-crevettes-grillees-sur-mon-gaufrier.svg.svg+xml\" title=\"Amazon Prime\" alt=\"Amazon Prime\">\n            <\/div>\n<\/p><\/div>\n<\/p><\/div>\n<\/p><\/div>\n<div class=\"w-44 self-end\">\n                            <button class=\"flex justify-center items-center w-full bg-brand-green text-white text-base font-sans font-medium rounded-md hover:bg-brand-green-700 hover:cursor-pointer md:text-sm h-11\"><\/p>\n<p>    Faire un magasin maintenant<br \/>\n<\/button>\n                        <\/div>\n<\/p><\/div>\n<\/p><\/div>\n<div class=\"order-2 mt-5 h-auto w-full md:order-1 md:mt-0 md:hidden\">\n<div class=\"flex aspect-video items-center justify-center\">\n                                            <img decoding=\"async\" class=\"m-0 max-h-full max-w-full rounded-md\" src=\"https:\/\/vieassociative.be\/actualites\/wp-content\/uploads\/2025\/03\/1743034963_100_Je-suis-obsede-par-les-crevettes-grillees-sur-mon-gaufrier.jpg\" alt=\"Cuisinart 2-en-1 Waffle Maker avec plaques amovibles, WAF-RP10NA\" width=\"auto\" height=\"auto\" loading=\"lazy\">\n                                    <\/div>\n<\/p><\/div>\n<div class=\"order-2 ml-2 hidden w-32 shrink-0 items-center md:order-1 md:ml-0 md:flex\">\n<div class=\"flex aspect-video items-center justify-center\">\n                                            <img decoding=\"async\" class=\"m-0 max-h-full max-w-full rounded-md\" src=\"https:\/\/vieassociative.be\/actualites\/wp-content\/uploads\/2025\/03\/1743034963_100_Je-suis-obsede-par-les-crevettes-grillees-sur-mon-gaufrier.jpg\" alt=\"Cuisinart 2-en-1 Waffle Maker avec plaques amovibles, WAF-RP10NA\" width=\"auto\" height=\"auto\" loading=\"lazy\">\n                                    <\/div>\n<\/p><\/div>\n<div class=\"order-3 flex grow flex-wrap md:hidden md:grow-0\">\n<div class=\"mt-4 w-full\">\n                        <button class=\"flex justify-center items-center w-full bg-brand-green text-white text-base font-sans font-medium rounded-md hover:bg-brand-green-700 hover:cursor-pointer md:text-sm h-11\"><\/p>\n<p>    Faire un magasin maintenant<br \/>\n<\/button>\n                    <\/div>\n<div class=\"mx-2 mt-4 w-full\">\n<div class=\" font-sans leading-4 text-black\">\n<div class=\"flex flex-wrap items-center justify-center gap-x-1 md:justify-start\">\n        <span class=\"font-bold\"><\/p>\n<p>            79,99 $<br \/>\n                            <span class=\"font-medium\">\u00e0 Amazon<\/span><br \/>\n                    <\/span><br \/>\n                    <img decoding=\"async\" class=\"mt-0 h-(15px)\" src=\"https:\/\/vieassociative.be\/actualites\/wp-content\/uploads\/2025\/03\/Je-suis-obsede-par-les-crevettes-grillees-sur-mon-gaufrier.svg.svg+xml\" title=\"Amazon Prime\" alt=\"Amazon Prime\">\n            <\/div>\n<\/p><\/div>\n<\/p><\/div>\n<\/p><\/div>\n<\/p><\/div>\n<\/div>\n<p>Bien que vos crevettes gaufr\u00e9es ne soient peut-\u00eatre pas les marques de grill ou la saveur fum\u00e9e des crevettes grill\u00e9es r\u00e9elles (peut-\u00eatre pouvez-vous ajouter du paprika fum\u00e9?), Le chauffage du gaufrier est beaucoup plus facile que de tirer un vrai grill. De plus, si vous vivez dans un appartement (comme moi), ou si vous n&rsquo;avez tout simplement pas de grill, cette crevette grindt\u00e9e par gaufre vous donne beaucoup de saveur et beaucoup moins de g\u00e2chis.<\/p>\n","protected":false},"excerpt":{"rendered":"<p>La petite taille, la chaleur \u00e9lev\u00e9e et les rainures profondes en font l&rsquo;endroit id\u00e9al pour cuire les crevettes. Pour les prot\u00e9ines maigres savoureuses, faibles en<\/p>\n","protected":false},"author":1,"featured_media":6181,"comment_status":"","ping_status":"","sticky":false,"template":"","format":"standard","meta":{"footnotes":""},"categories":[39],"tags":[2055,6039,6038,14,49,2600,676,2985,33],"class_list":["post-6180","post","type-post","status-publish","format-standard","has-post-thumbnail","hentry","category-gastronomie","tag-crevettes","tag-gaufrier","tag-grillees","tag-les","tag-mon","tag-obsede","tag-par","tag-suis","tag-sur","generate-columns","tablet-grid-50","mobile-grid-100","grid-parent","grid-33"],"yoast_head":"<!-- This site is optimized with the Yoast SEO plugin v24.0 - https:\/\/yoast.com\/wordpress\/plugins\/seo\/ -->\n<title>Je suis obs\u00e9d\u00e9 par les crevettes grill\u00e9es sur mon gaufrier | Vie Associative<\/title>\n<meta name=\"robots\" content=\"index, follow, max-snippet:-1, max-image-preview:large, max-video-preview:-1\" \/>\n<link rel=\"canonical\" href=\"https:\/\/vieassociative.be\/actualites\/je-suis-obsede-par-les-crevettes-grillees-sur-mon-gaufrier\/\" \/>\n<meta property=\"og:locale\" content=\"fr_FR\" \/>\n<meta property=\"og:type\" content=\"article\" \/>\n<meta property=\"og:title\" content=\"Je suis obs\u00e9d\u00e9 par les crevettes grill\u00e9es sur mon gaufrier | Vie Associative\" \/>\n<meta property=\"og:description\" content=\"La petite taille, la chaleur \u00e9lev\u00e9e et les rainures profondes en font l&rsquo;endroit id\u00e9al pour cuire les crevettes. Pour les prot\u00e9ines maigres savoureuses, faibles en\" \/>\n<meta property=\"og:url\" content=\"https:\/\/vieassociative.be\/actualites\/je-suis-obsede-par-les-crevettes-grillees-sur-mon-gaufrier\/\" \/>\n<meta property=\"og:site_name\" content=\"Vie Associative\" \/>\n<meta property=\"article:published_time\" content=\"2025-03-27T00:22:43+00:00\" \/>\n<meta property=\"og:image\" content=\"https:\/\/vieassociative.be\/actualites\/wp-content\/uploads\/2025\/03\/Je-suis-obsede-par-les-crevettes-grillees-sur-mon-gaufrier.jpg\" \/>\n<meta name=\"author\" content=\"Julien\" \/>\n<meta name=\"twitter:card\" content=\"summary_large_image\" \/>\n<meta name=\"twitter:label1\" content=\"\u00c9crit par\" \/>\n\t<meta name=\"twitter:data1\" content=\"Julien\" \/>\n\t<meta name=\"twitter:label2\" content=\"Dur\u00e9e de lecture est.\" \/>\n\t<meta name=\"twitter:data2\" content=\"5 minutes\" \/>\n<script type=\"application\/ld+json\" class=\"yoast-schema-graph\">{\"@context\":\"https:\/\/schema.org\",\"@graph\":[{\"@type\":\"Article\",\"@id\":\"https:\/\/vieassociative.be\/actualites\/je-suis-obsede-par-les-crevettes-grillees-sur-mon-gaufrier\/#article\",\"isPartOf\":{\"@id\":\"https:\/\/vieassociative.be\/actualites\/je-suis-obsede-par-les-crevettes-grillees-sur-mon-gaufrier\/\"},\"author\":{\"name\":\"Julien\",\"@id\":\"https:\/\/vieassociative.be\/actualites\/#\/schema\/person\/b87ac4f82f9d4e7b7cec7395b679edc4\"},\"headline\":\"Je suis obs\u00e9d\u00e9 par les crevettes grill\u00e9es sur mon gaufrier\",\"datePublished\":\"2025-03-27T00:22:43+00:00\",\"dateModified\":\"2025-03-27T00:22:43+00:00\",\"mainEntityOfPage\":{\"@id\":\"https:\/\/vieassociative.be\/actualites\/je-suis-obsede-par-les-crevettes-grillees-sur-mon-gaufrier\/\"},\"wordCount\":1012,\"publisher\":{\"@id\":\"https:\/\/vieassociative.be\/actualites\/#organization\"},\"image\":{\"@id\":\"https:\/\/vieassociative.be\/actualites\/je-suis-obsede-par-les-crevettes-grillees-sur-mon-gaufrier\/#primaryimage\"},\"thumbnailUrl\":\"https:\/\/vieassociative.be\/actualites\/wp-content\/uploads\/2025\/03\/1743034963_Je-suis-obsede-par-les-crevettes-grillees-sur-mon-gaufrier.jpg\",\"keywords\":[\"crevettes\",\"gaufrier\",\"grill\u00e9es\",\"Les\",\"Mon\",\"obs\u00e9d\u00e9\",\"par\",\"suis\",\"sur\"],\"articleSection\":[\"Gastronomie\"],\"inLanguage\":\"fr-BE\"},{\"@type\":\"WebPage\",\"@id\":\"https:\/\/vieassociative.be\/actualites\/je-suis-obsede-par-les-crevettes-grillees-sur-mon-gaufrier\/\",\"url\":\"https:\/\/vieassociative.be\/actualites\/je-suis-obsede-par-les-crevettes-grillees-sur-mon-gaufrier\/\",\"name\":\"Je suis obs\u00e9d\u00e9 par les crevettes grill\u00e9es sur mon gaufrier | Vie Associative\",\"isPartOf\":{\"@id\":\"https:\/\/vieassociative.be\/actualites\/#website\"},\"primaryImageOfPage\":{\"@id\":\"https:\/\/vieassociative.be\/actualites\/je-suis-obsede-par-les-crevettes-grillees-sur-mon-gaufrier\/#primaryimage\"},\"image\":{\"@id\":\"https:\/\/vieassociative.be\/actualites\/je-suis-obsede-par-les-crevettes-grillees-sur-mon-gaufrier\/#primaryimage\"},\"thumbnailUrl\":\"https:\/\/vieassociative.be\/actualites\/wp-content\/uploads\/2025\/03\/1743034963_Je-suis-obsede-par-les-crevettes-grillees-sur-mon-gaufrier.jpg\",\"datePublished\":\"2025-03-27T00:22:43+00:00\",\"dateModified\":\"2025-03-27T00:22:43+00:00\",\"breadcrumb\":{\"@id\":\"https:\/\/vieassociative.be\/actualites\/je-suis-obsede-par-les-crevettes-grillees-sur-mon-gaufrier\/#breadcrumb\"},\"inLanguage\":\"fr-BE\",\"potentialAction\":[{\"@type\":\"ReadAction\",\"target\":[\"https:\/\/vieassociative.be\/actualites\/je-suis-obsede-par-les-crevettes-grillees-sur-mon-gaufrier\/\"]}]},{\"@type\":\"ImageObject\",\"inLanguage\":\"fr-BE\",\"@id\":\"https:\/\/vieassociative.be\/actualites\/je-suis-obsede-par-les-crevettes-grillees-sur-mon-gaufrier\/#primaryimage\",\"url\":\"https:\/\/vieassociative.be\/actualites\/wp-content\/uploads\/2025\/03\/1743034963_Je-suis-obsede-par-les-crevettes-grillees-sur-mon-gaufrier.jpg\",\"contentUrl\":\"https:\/\/vieassociative.be\/actualites\/wp-content\/uploads\/2025\/03\/1743034963_Je-suis-obsede-par-les-crevettes-grillees-sur-mon-gaufrier.jpg\",\"width\":1200,\"height\":675,\"caption\":\"Je suis obs\u00e9d\u00e9 par les crevettes grill\u00e9es sur mon gaufrier\"},{\"@type\":\"BreadcrumbList\",\"@id\":\"https:\/\/vieassociative.be\/actualites\/je-suis-obsede-par-les-crevettes-grillees-sur-mon-gaufrier\/#breadcrumb\",\"itemListElement\":[{\"@type\":\"ListItem\",\"position\":1,\"name\":\"Accueil\",\"item\":\"https:\/\/vieassociative.be\/actualites\/\"},{\"@type\":\"ListItem\",\"position\":2,\"name\":\"Je suis obs\u00e9d\u00e9 par les crevettes grill\u00e9es sur mon gaufrier\"}]},{\"@type\":\"WebSite\",\"@id\":\"https:\/\/vieassociative.be\/actualites\/#website\",\"url\":\"https:\/\/vieassociative.be\/actualites\/\",\"name\":\"Vie Associative\",\"description\":\"\",\"publisher\":{\"@id\":\"https:\/\/vieassociative.be\/actualites\/#organization\"},\"potentialAction\":[{\"@type\":\"SearchAction\",\"target\":{\"@type\":\"EntryPoint\",\"urlTemplate\":\"https:\/\/vieassociative.be\/actualites\/?s={search_term_string}\"},\"query-input\":{\"@type\":\"PropertyValueSpecification\",\"valueRequired\":true,\"valueName\":\"search_term_string\"}}],\"inLanguage\":\"fr-BE\"},{\"@type\":\"Organization\",\"@id\":\"https:\/\/vieassociative.be\/actualites\/#organization\",\"name\":\"Vie Associative\",\"url\":\"https:\/\/vieassociative.be\/actualites\/\",\"logo\":{\"@type\":\"ImageObject\",\"inLanguage\":\"fr-BE\",\"@id\":\"https:\/\/vieassociative.be\/actualites\/#\/schema\/logo\/image\/\",\"url\":\"https:\/\/vieassociative.be\/actualites\/wp-content\/uploads\/2024\/09\/cropped-vieassociative_favicon.ico.png\",\"contentUrl\":\"https:\/\/vieassociative.be\/actualites\/wp-content\/uploads\/2024\/09\/cropped-vieassociative_favicon.ico.png\",\"width\":512,\"height\":512,\"caption\":\"Vie Associative\"},\"image\":{\"@id\":\"https:\/\/vieassociative.be\/actualites\/#\/schema\/logo\/image\/\"}},{\"@type\":\"Person\",\"@id\":\"https:\/\/vieassociative.be\/actualites\/#\/schema\/person\/b87ac4f82f9d4e7b7cec7395b679edc4\",\"name\":\"Julien\",\"image\":{\"@type\":\"ImageObject\",\"inLanguage\":\"fr-BE\",\"@id\":\"https:\/\/vieassociative.be\/actualites\/#\/schema\/person\/image\/\",\"url\":\"https:\/\/vieassociative.be\/actualites\/wp-content\/uploads\/2024\/09\/vie-associative-1-150x150.jpg\",\"contentUrl\":\"https:\/\/vieassociative.be\/actualites\/wp-content\/uploads\/2024\/09\/vie-associative-1-150x150.jpg\",\"caption\":\"Julien\"},\"description\":\"Je suis Julien, r\u00e9dacteur pour Vie Associative. Passionn\u00e9 par le monde associatif depuis plus de 10 ans, j'ai \u00e0 c\u0153ur de partager des histoires inspirantes et de mettre en lumi\u00e8re les initiatives locales. Mon objectif est de sensibiliser et d'encourager l'engagement communautaire \u00e0 travers mes articles.\",\"sameAs\":[\"https:\/\/vieassociative.be\/\"]}]}<\/script>\n<!-- \/ Yoast SEO plugin. -->","yoast_head_json":{"title":"Je suis obs\u00e9d\u00e9 par les crevettes grill\u00e9es sur mon gaufrier | Vie Associative","robots":{"index":"index","follow":"follow","max-snippet":"max-snippet:-1","max-image-preview":"max-image-preview:large","max-video-preview":"max-video-preview:-1"},"canonical":"https:\/\/vieassociative.be\/actualites\/je-suis-obsede-par-les-crevettes-grillees-sur-mon-gaufrier\/","og_locale":"fr_FR","og_type":"article","og_title":"Je suis obs\u00e9d\u00e9 par les crevettes grill\u00e9es sur mon gaufrier | Vie Associative","og_description":"La petite taille, la chaleur \u00e9lev\u00e9e et les rainures profondes en font l&rsquo;endroit id\u00e9al pour cuire les crevettes. Pour les prot\u00e9ines maigres savoureuses, faibles en","og_url":"https:\/\/vieassociative.be\/actualites\/je-suis-obsede-par-les-crevettes-grillees-sur-mon-gaufrier\/","og_site_name":"Vie Associative","article_published_time":"2025-03-27T00:22:43+00:00","og_image":[{"url":"https:\/\/vieassociative.be\/actualites\/wp-content\/uploads\/2025\/03\/Je-suis-obsede-par-les-crevettes-grillees-sur-mon-gaufrier.jpg","type":"","width":"","height":""}],"author":"Julien","twitter_card":"summary_large_image","twitter_misc":{"\u00c9crit par":"Julien","Dur\u00e9e de lecture est.":"5 minutes"},"schema":{"@context":"https:\/\/schema.org","@graph":[{"@type":"Article","@id":"https:\/\/vieassociative.be\/actualites\/je-suis-obsede-par-les-crevettes-grillees-sur-mon-gaufrier\/#article","isPartOf":{"@id":"https:\/\/vieassociative.be\/actualites\/je-suis-obsede-par-les-crevettes-grillees-sur-mon-gaufrier\/"},"author":{"name":"Julien","@id":"https:\/\/vieassociative.be\/actualites\/#\/schema\/person\/b87ac4f82f9d4e7b7cec7395b679edc4"},"headline":"Je suis obs\u00e9d\u00e9 par les crevettes grill\u00e9es sur mon gaufrier","datePublished":"2025-03-27T00:22:43+00:00","dateModified":"2025-03-27T00:22:43+00:00","mainEntityOfPage":{"@id":"https:\/\/vieassociative.be\/actualites\/je-suis-obsede-par-les-crevettes-grillees-sur-mon-gaufrier\/"},"wordCount":1012,"publisher":{"@id":"https:\/\/vieassociative.be\/actualites\/#organization"},"image":{"@id":"https:\/\/vieassociative.be\/actualites\/je-suis-obsede-par-les-crevettes-grillees-sur-mon-gaufrier\/#primaryimage"},"thumbnailUrl":"https:\/\/vieassociative.be\/actualites\/wp-content\/uploads\/2025\/03\/1743034963_Je-suis-obsede-par-les-crevettes-grillees-sur-mon-gaufrier.jpg","keywords":["crevettes","gaufrier","grill\u00e9es","Les","Mon","obs\u00e9d\u00e9","par","suis","sur"],"articleSection":["Gastronomie"],"inLanguage":"fr-BE"},{"@type":"WebPage","@id":"https:\/\/vieassociative.be\/actualites\/je-suis-obsede-par-les-crevettes-grillees-sur-mon-gaufrier\/","url":"https:\/\/vieassociative.be\/actualites\/je-suis-obsede-par-les-crevettes-grillees-sur-mon-gaufrier\/","name":"Je suis obs\u00e9d\u00e9 par les crevettes grill\u00e9es sur mon gaufrier | Vie Associative","isPartOf":{"@id":"https:\/\/vieassociative.be\/actualites\/#website"},"primaryImageOfPage":{"@id":"https:\/\/vieassociative.be\/actualites\/je-suis-obsede-par-les-crevettes-grillees-sur-mon-gaufrier\/#primaryimage"},"image":{"@id":"https:\/\/vieassociative.be\/actualites\/je-suis-obsede-par-les-crevettes-grillees-sur-mon-gaufrier\/#primaryimage"},"thumbnailUrl":"https:\/\/vieassociative.be\/actualites\/wp-content\/uploads\/2025\/03\/1743034963_Je-suis-obsede-par-les-crevettes-grillees-sur-mon-gaufrier.jpg","datePublished":"2025-03-27T00:22:43+00:00","dateModified":"2025-03-27T00:22:43+00:00","breadcrumb":{"@id":"https:\/\/vieassociative.be\/actualites\/je-suis-obsede-par-les-crevettes-grillees-sur-mon-gaufrier\/#breadcrumb"},"inLanguage":"fr-BE","potentialAction":[{"@type":"ReadAction","target":["https:\/\/vieassociative.be\/actualites\/je-suis-obsede-par-les-crevettes-grillees-sur-mon-gaufrier\/"]}]},{"@type":"ImageObject","inLanguage":"fr-BE","@id":"https:\/\/vieassociative.be\/actualites\/je-suis-obsede-par-les-crevettes-grillees-sur-mon-gaufrier\/#primaryimage","url":"https:\/\/vieassociative.be\/actualites\/wp-content\/uploads\/2025\/03\/1743034963_Je-suis-obsede-par-les-crevettes-grillees-sur-mon-gaufrier.jpg","contentUrl":"https:\/\/vieassociative.be\/actualites\/wp-content\/uploads\/2025\/03\/1743034963_Je-suis-obsede-par-les-crevettes-grillees-sur-mon-gaufrier.jpg","width":1200,"height":675,"caption":"Je suis obs\u00e9d\u00e9 par les crevettes grill\u00e9es sur mon gaufrier"},{"@type":"BreadcrumbList","@id":"https:\/\/vieassociative.be\/actualites\/je-suis-obsede-par-les-crevettes-grillees-sur-mon-gaufrier\/#breadcrumb","itemListElement":[{"@type":"ListItem","position":1,"name":"Accueil","item":"https:\/\/vieassociative.be\/actualites\/"},{"@type":"ListItem","position":2,"name":"Je suis obs\u00e9d\u00e9 par les crevettes grill\u00e9es sur mon gaufrier"}]},{"@type":"WebSite","@id":"https:\/\/vieassociative.be\/actualites\/#website","url":"https:\/\/vieassociative.be\/actualites\/","name":"Vie Associative","description":"","publisher":{"@id":"https:\/\/vieassociative.be\/actualites\/#organization"},"potentialAction":[{"@type":"SearchAction","target":{"@type":"EntryPoint","urlTemplate":"https:\/\/vieassociative.be\/actualites\/?s={search_term_string}"},"query-input":{"@type":"PropertyValueSpecification","valueRequired":true,"valueName":"search_term_string"}}],"inLanguage":"fr-BE"},{"@type":"Organization","@id":"https:\/\/vieassociative.be\/actualites\/#organization","name":"Vie Associative","url":"https:\/\/vieassociative.be\/actualites\/","logo":{"@type":"ImageObject","inLanguage":"fr-BE","@id":"https:\/\/vieassociative.be\/actualites\/#\/schema\/logo\/image\/","url":"https:\/\/vieassociative.be\/actualites\/wp-content\/uploads\/2024\/09\/cropped-vieassociative_favicon.ico.png","contentUrl":"https:\/\/vieassociative.be\/actualites\/wp-content\/uploads\/2024\/09\/cropped-vieassociative_favicon.ico.png","width":512,"height":512,"caption":"Vie Associative"},"image":{"@id":"https:\/\/vieassociative.be\/actualites\/#\/schema\/logo\/image\/"}},{"@type":"Person","@id":"https:\/\/vieassociative.be\/actualites\/#\/schema\/person\/b87ac4f82f9d4e7b7cec7395b679edc4","name":"Julien","image":{"@type":"ImageObject","inLanguage":"fr-BE","@id":"https:\/\/vieassociative.be\/actualites\/#\/schema\/person\/image\/","url":"https:\/\/vieassociative.be\/actualites\/wp-content\/uploads\/2024\/09\/vie-associative-1-150x150.jpg","contentUrl":"https:\/\/vieassociative.be\/actualites\/wp-content\/uploads\/2024\/09\/vie-associative-1-150x150.jpg","caption":"Julien"},"description":"Je suis Julien, r\u00e9dacteur pour Vie Associative. Passionn\u00e9 par le monde associatif depuis plus de 10 ans, j'ai \u00e0 c\u0153ur de partager des histoires inspirantes et de mettre en lumi\u00e8re les initiatives locales. Mon objectif est de sensibiliser et d'encourager l'engagement communautaire \u00e0 travers mes articles.","sameAs":["https:\/\/vieassociative.be\/"]}]}},"_links":{"self":[{"href":"https:\/\/vieassociative.be\/actualites\/wp-json\/wp\/v2\/posts\/6180"}],"collection":[{"href":"https:\/\/vieassociative.be\/actualites\/wp-json\/wp\/v2\/posts"}],"about":[{"href":"https:\/\/vieassociative.be\/actualites\/wp-json\/wp\/v2\/types\/post"}],"author":[{"embeddable":true,"href":"https:\/\/vieassociative.be\/actualites\/wp-json\/wp\/v2\/users\/1"}],"replies":[{"embeddable":true,"href":"https:\/\/vieassociative.be\/actualites\/wp-json\/wp\/v2\/comments?post=6180"}],"version-history":[{"count":0,"href":"https:\/\/vieassociative.be\/actualites\/wp-json\/wp\/v2\/posts\/6180\/revisions"}],"wp:featuredmedia":[{"embeddable":true,"href":"https:\/\/vieassociative.be\/actualites\/wp-json\/wp\/v2\/media\/6181"}],"wp:attachment":[{"href":"https:\/\/vieassociative.be\/actualites\/wp-json\/wp\/v2\/media?parent=6180"}],"wp:term":[{"taxonomy":"category","embeddable":true,"href":"https:\/\/vieassociative.be\/actualites\/wp-json\/wp\/v2\/categories?post=6180"},{"taxonomy":"post_tag","embeddable":true,"href":"https:\/\/vieassociative.be\/actualites\/wp-json\/wp\/v2\/tags?post=6180"}],"curies":[{"name":"wp","href":"https:\/\/api.w.org\/{rel}","templated":true}]}}