{"id":6177,"date":"2025-03-26T21:21:47","date_gmt":"2025-03-26T20:21:47","guid":{"rendered":"https:\/\/vieassociative.be\/actualites\/paasch-sur-worriken-4-0-la-construction-commence-a-la-fin-de-2026-au-plus-tot-et-prendra-probablement-quatre-ans\/"},"modified":"2025-03-26T21:21:47","modified_gmt":"2025-03-26T20:21:47","slug":"paasch-sur-worriken-4-0-la-construction-commence-a-la-fin-de-2026-au-plus-tot-et-prendra-probablement-quatre-ans","status":"publish","type":"post","link":"https:\/\/vieassociative.be\/actualites\/paasch-sur-worriken-4-0-la-construction-commence-a-la-fin-de-2026-au-plus-tot-et-prendra-probablement-quatre-ans\/","title":{"rendered":"Paasch sur Worriken 4.0: la construction commence \u00e0 la fin de 2026 au plus t\u00f4t et prendra probablement quatre ans"},"content":{"rendered":"<p><strong>Le projet Worriken 4.0 est au centre des efforts de la DG pour moderniser largement le parc sportif et des f\u00eates Worriken \u00e0 B\u00fctgenbach. Pour le Premier ministre Oliver Paasch, le Centre Worriken est un pilier touristique important de la DG, d&rsquo;autant plus qu&rsquo;il est connu non seulement en Allemagne, mais aussi au-del\u00e0 des fronti\u00e8res et attire des milliers d&rsquo;invit\u00e9s chaque ann\u00e9e.<\/strong><\/p>\n<p><span id=\"more-411947\"><\/span>Comme le rapporte Paasch, le projet Worriken 4.0 \u00e0 la fin de 2024 a pris un autre obstacle important en approuvant et en publiant les accusations du gouvernement DG. Cela a permis aux deux consortiums s\u00e9lectionn\u00e9s de commencer l&rsquo;\u00e9laboration sp\u00e9cifique des projets, qu&rsquo;ils sont cens\u00e9s d\u00e9poser d&rsquo;ici juin de cette ann\u00e9e.<\/p>\n<p>Selon PaaSch, un total de quatre consortiums avait appliqu\u00e9, dont deux pourraient \u00eatre s\u00e9lectionn\u00e9s. Ce sont l&rsquo;\u00e9quipe Wor&rsquo;k (\u00e9tablissements Jean Wust) et DB B\u00fctgenbach (Entreprise Moury).<\/p>\n<div id=\"attachment_411971\" class=\"wp-caption alignleft\" style=\"max-width: 300px\"><img fetchpriority=\"high\" decoding=\"async\" class=\"wp-image-411971 size-medium\" src=\"https:\/\/vieassociative.be\/actualites\/wp-content\/uploads\/2025\/03\/Paasch-sur-Worriken-40-la-construction-commence-a-la-fin.jpg\" alt=\"\" width=\"300\" height=\"200\"><\/p>\n<p class=\"wp-caption-text\">L&rsquo;int\u00e9rieur des chalets d\u00e9j\u00e0 r\u00e9nov\u00e9s. Photo: Worriken<\/p>\n<\/div>\n<p>Le gouvernement de la DG et le groupe de projet sont ravis que les partenaires r\u00e9gionaux font partie des deux m\u00e9rites parmi les candidats s\u00e9lectionn\u00e9s. Ces deux soumissionnaires ont maintenant \u00e9t\u00e9 transmis. \u00c0 l&rsquo;\u00e9quipe WOR&rsquo;K, ce sont, par exemple, Bodarw\u00e9, les couvents, les paysages Winters, Mulidata, Wust et Bauko. \u00c0 DB B\u00fctgenbach, il y a Randemacher &#038; Schmashers et Aupa SRL (Verviers).<\/p>\n<p>La soumission et la pr\u00e9sentation des projets pr\u00e9par\u00e9s devant un jury interne doivent avoir lieu au premier semestre de 2025. En raison des d\u00e9lais \u00e0 observer en termes d&rsquo;approbation d&rsquo;impact environnemental et d&rsquo;application de construction, on suppose actuellement que le d\u00e9but du d\u00e9but de 2026 commencera. Le projet doit ensuite \u00eatre mis en \u0153uvre en phases et s&rsquo;\u00e9tendre sur une p\u00e9riode de quatre ans.<\/p>\n<p>De plus, les travaux de r\u00e9novation dans les chalets sont actuellement en cours dans le parc sportif et des f\u00eates. Le d\u00e9lai de ce projet, qui affecte un total de 27 maisons de vacances, s&rsquo;\u00e9tend jusqu&rsquo;en 2027 et est partiellement r\u00e9alis\u00e9e par les \u00e9quipes des travailleurs de Worriken par eux-m\u00eames.<\/p>\n<p>Trois chalets sont en continu et reconstruits. Le travail vise \u00e0 rendre les chalets plus invitants \u00e0 r\u00e9pondre aux demandes d&rsquo;aujourd&rsquo;hui dans le tourisme. La mise en \u0153uvre est bas\u00e9e sur le mod\u00e8le Holiday House, qui a \u00e9t\u00e9 pr\u00e9sent\u00e9 lors de la journ\u00e9e portes ouvertes en 2023. (CRE)<\/p>\n","protected":false},"excerpt":{"rendered":"<p>Le projet Worriken 4.0 est au centre des efforts de la DG pour moderniser largement le parc sportif et des f\u00eates Worriken \u00e0 B\u00fctgenbach. Pour<\/p>\n","protected":false},"author":1,"featured_media":6178,"comment_status":"","ping_status":"","sticky":false,"template":"","format":"standard","meta":{"footnotes":""},"categories":[298],"tags":[584,1051,674,1908,2553,6037,419,1435,33,1948,6036],"class_list":["post-6177","post","type-post","status-publish","format-standard","has-post-thumbnail","hentry","category-belgique","tag-ans","tag-commence","tag-construction","tag-fin","tag-paasch","tag-prendra","tag-probablement","tag-quatre","tag-sur","tag-tot","tag-worriken","generate-columns","tablet-grid-50","mobile-grid-100","grid-parent","grid-33"],"yoast_head":"<!-- This site is optimized with the Yoast SEO plugin v24.0 - https:\/\/yoast.com\/wordpress\/plugins\/seo\/ -->\n<title>Paasch sur Worriken 4.0: la construction commence \u00e0 la fin de 2026 au plus t\u00f4t et prendra probablement quatre ans | Vie Associative<\/title>\n<meta name=\"robots\" content=\"index, follow, max-snippet:-1, max-image-preview:large, max-video-preview:-1\" \/>\n<link rel=\"canonical\" href=\"https:\/\/vieassociative.be\/actualites\/paasch-sur-worriken-4-0-la-construction-commence-a-la-fin-de-2026-au-plus-tot-et-prendra-probablement-quatre-ans\/\" \/>\n<meta property=\"og:locale\" content=\"fr_FR\" \/>\n<meta property=\"og:type\" content=\"article\" \/>\n<meta property=\"og:title\" content=\"Paasch sur Worriken 4.0: la construction commence \u00e0 la fin de 2026 au plus t\u00f4t et prendra probablement quatre ans | Vie Associative\" \/>\n<meta property=\"og:description\" content=\"Le projet Worriken 4.0 est au centre des efforts de la DG pour moderniser largement le parc sportif et des f\u00eates Worriken \u00e0 B\u00fctgenbach. Pour\" \/>\n<meta property=\"og:url\" content=\"https:\/\/vieassociative.be\/actualites\/paasch-sur-worriken-4-0-la-construction-commence-a-la-fin-de-2026-au-plus-tot-et-prendra-probablement-quatre-ans\/\" \/>\n<meta property=\"og:site_name\" content=\"Vie Associative\" \/>\n<meta property=\"article:published_time\" content=\"2025-03-26T20:21:47+00:00\" \/>\n<meta property=\"og:image\" content=\"https:\/\/vieassociative.be\/actualites\/wp-content\/uploads\/2024\/09\/header_backgroundk-01-e1726694325946.png\" \/>\n\t<meta property=\"og:image:width\" content=\"279\" \/>\n\t<meta property=\"og:image:height\" content=\"92\" \/>\n\t<meta property=\"og:image:type\" content=\"image\/png\" \/>\n<meta name=\"author\" content=\"Julien\" \/>\n<meta name=\"twitter:card\" content=\"summary_large_image\" \/>\n<meta name=\"twitter:label1\" content=\"\u00c9crit par\" \/>\n\t<meta name=\"twitter:data1\" content=\"Julien\" \/>\n\t<meta name=\"twitter:label2\" content=\"Dur\u00e9e de lecture est.\" \/>\n\t<meta name=\"twitter:data2\" content=\"2 minutes\" \/>\n<script type=\"application\/ld+json\" class=\"yoast-schema-graph\">{\"@context\":\"https:\/\/schema.org\",\"@graph\":[{\"@type\":\"Article\",\"@id\":\"https:\/\/vieassociative.be\/actualites\/paasch-sur-worriken-4-0-la-construction-commence-a-la-fin-de-2026-au-plus-tot-et-prendra-probablement-quatre-ans\/#article\",\"isPartOf\":{\"@id\":\"https:\/\/vieassociative.be\/actualites\/paasch-sur-worriken-4-0-la-construction-commence-a-la-fin-de-2026-au-plus-tot-et-prendra-probablement-quatre-ans\/\"},\"author\":{\"name\":\"Julien\",\"@id\":\"https:\/\/vieassociative.be\/actualites\/#\/schema\/person\/b87ac4f82f9d4e7b7cec7395b679edc4\"},\"headline\":\"Paasch sur Worriken 4.0: la construction commence \u00e0 la fin de 2026 au plus t\u00f4t et prendra probablement quatre ans\",\"datePublished\":\"2025-03-26T20:21:47+00:00\",\"dateModified\":\"2025-03-26T20:21:47+00:00\",\"mainEntityOfPage\":{\"@id\":\"https:\/\/vieassociative.be\/actualites\/paasch-sur-worriken-4-0-la-construction-commence-a-la-fin-de-2026-au-plus-tot-et-prendra-probablement-quatre-ans\/\"},\"wordCount\":432,\"publisher\":{\"@id\":\"https:\/\/vieassociative.be\/actualites\/#organization\"},\"image\":{\"@id\":\"https:\/\/vieassociative.be\/actualites\/paasch-sur-worriken-4-0-la-construction-commence-a-la-fin-de-2026-au-plus-tot-et-prendra-probablement-quatre-ans\/#primaryimage\"},\"thumbnailUrl\":\"https:\/\/vieassociative.be\/actualites\/wp-content\/uploads\/2025\/03\/1743020507_Paasch-sur-Worriken-40-la-construction-commence-a-la-fin.jpg\",\"keywords\":[\"ans\",\"commenc\u00e9\",\"construction\",\"fin\",\"Paasch\",\"prendra\",\"probablement\",\"Quatre\",\"sur\",\"t\u00f4t\",\"Worriken\"],\"articleSection\":[\"Belgique\"],\"inLanguage\":\"fr-BE\"},{\"@type\":\"WebPage\",\"@id\":\"https:\/\/vieassociative.be\/actualites\/paasch-sur-worriken-4-0-la-construction-commence-a-la-fin-de-2026-au-plus-tot-et-prendra-probablement-quatre-ans\/\",\"url\":\"https:\/\/vieassociative.be\/actualites\/paasch-sur-worriken-4-0-la-construction-commence-a-la-fin-de-2026-au-plus-tot-et-prendra-probablement-quatre-ans\/\",\"name\":\"Paasch sur Worriken 4.0: la construction commence \u00e0 la fin de 2026 au plus t\u00f4t et prendra probablement quatre ans | Vie Associative\",\"isPartOf\":{\"@id\":\"https:\/\/vieassociative.be\/actualites\/#website\"},\"primaryImageOfPage\":{\"@id\":\"https:\/\/vieassociative.be\/actualites\/paasch-sur-worriken-4-0-la-construction-commence-a-la-fin-de-2026-au-plus-tot-et-prendra-probablement-quatre-ans\/#primaryimage\"},\"image\":{\"@id\":\"https:\/\/vieassociative.be\/actualites\/paasch-sur-worriken-4-0-la-construction-commence-a-la-fin-de-2026-au-plus-tot-et-prendra-probablement-quatre-ans\/#primaryimage\"},\"thumbnailUrl\":\"https:\/\/vieassociative.be\/actualites\/wp-content\/uploads\/2025\/03\/1743020507_Paasch-sur-Worriken-40-la-construction-commence-a-la-fin.jpg\",\"datePublished\":\"2025-03-26T20:21:47+00:00\",\"dateModified\":\"2025-03-26T20:21:47+00:00\",\"breadcrumb\":{\"@id\":\"https:\/\/vieassociative.be\/actualites\/paasch-sur-worriken-4-0-la-construction-commence-a-la-fin-de-2026-au-plus-tot-et-prendra-probablement-quatre-ans\/#breadcrumb\"},\"inLanguage\":\"fr-BE\",\"potentialAction\":[{\"@type\":\"ReadAction\",\"target\":[\"https:\/\/vieassociative.be\/actualites\/paasch-sur-worriken-4-0-la-construction-commence-a-la-fin-de-2026-au-plus-tot-et-prendra-probablement-quatre-ans\/\"]}]},{\"@type\":\"ImageObject\",\"inLanguage\":\"fr-BE\",\"@id\":\"https:\/\/vieassociative.be\/actualites\/paasch-sur-worriken-4-0-la-construction-commence-a-la-fin-de-2026-au-plus-tot-et-prendra-probablement-quatre-ans\/#primaryimage\",\"url\":\"https:\/\/vieassociative.be\/actualites\/wp-content\/uploads\/2025\/03\/1743020507_Paasch-sur-Worriken-40-la-construction-commence-a-la-fin.jpg\",\"contentUrl\":\"https:\/\/vieassociative.be\/actualites\/wp-content\/uploads\/2025\/03\/1743020507_Paasch-sur-Worriken-40-la-construction-commence-a-la-fin.jpg\",\"width\":1200,\"height\":900,\"caption\":\"Paasch sur Worriken 4.0: la construction commence \u00e0 la fin de 2026 au plus t\u00f4t et prendra probablement quatre ans\"},{\"@type\":\"BreadcrumbList\",\"@id\":\"https:\/\/vieassociative.be\/actualites\/paasch-sur-worriken-4-0-la-construction-commence-a-la-fin-de-2026-au-plus-tot-et-prendra-probablement-quatre-ans\/#breadcrumb\",\"itemListElement\":[{\"@type\":\"ListItem\",\"position\":1,\"name\":\"Accueil\",\"item\":\"https:\/\/vieassociative.be\/actualites\/\"},{\"@type\":\"ListItem\",\"position\":2,\"name\":\"Paasch sur Worriken 4.0: la construction commence \u00e0 la fin de 2026 au plus t\u00f4t et prendra probablement quatre ans\"}]},{\"@type\":\"WebSite\",\"@id\":\"https:\/\/vieassociative.be\/actualites\/#website\",\"url\":\"https:\/\/vieassociative.be\/actualites\/\",\"name\":\"Vie Associative\",\"description\":\"\",\"publisher\":{\"@id\":\"https:\/\/vieassociative.be\/actualites\/#organization\"},\"potentialAction\":[{\"@type\":\"SearchAction\",\"target\":{\"@type\":\"EntryPoint\",\"urlTemplate\":\"https:\/\/vieassociative.be\/actualites\/?s={search_term_string}\"},\"query-input\":{\"@type\":\"PropertyValueSpecification\",\"valueRequired\":true,\"valueName\":\"search_term_string\"}}],\"inLanguage\":\"fr-BE\"},{\"@type\":\"Organization\",\"@id\":\"https:\/\/vieassociative.be\/actualites\/#organization\",\"name\":\"Vie Associative\",\"url\":\"https:\/\/vieassociative.be\/actualites\/\",\"logo\":{\"@type\":\"ImageObject\",\"inLanguage\":\"fr-BE\",\"@id\":\"https:\/\/vieassociative.be\/actualites\/#\/schema\/logo\/image\/\",\"url\":\"https:\/\/vieassociative.be\/actualites\/wp-content\/uploads\/2024\/09\/cropped-vieassociative_favicon.ico.png\",\"contentUrl\":\"https:\/\/vieassociative.be\/actualites\/wp-content\/uploads\/2024\/09\/cropped-vieassociative_favicon.ico.png\",\"width\":512,\"height\":512,\"caption\":\"Vie Associative\"},\"image\":{\"@id\":\"https:\/\/vieassociative.be\/actualites\/#\/schema\/logo\/image\/\"}},{\"@type\":\"Person\",\"@id\":\"https:\/\/vieassociative.be\/actualites\/#\/schema\/person\/b87ac4f82f9d4e7b7cec7395b679edc4\",\"name\":\"Julien\",\"image\":{\"@type\":\"ImageObject\",\"inLanguage\":\"fr-BE\",\"@id\":\"https:\/\/vieassociative.be\/actualites\/#\/schema\/person\/image\/\",\"url\":\"https:\/\/vieassociative.be\/actualites\/wp-content\/uploads\/2024\/09\/vie-associative-1-150x150.jpg\",\"contentUrl\":\"https:\/\/vieassociative.be\/actualites\/wp-content\/uploads\/2024\/09\/vie-associative-1-150x150.jpg\",\"caption\":\"Julien\"},\"description\":\"Je suis Julien, r\u00e9dacteur pour Vie Associative. Passionn\u00e9 par le monde associatif depuis plus de 10 ans, j'ai \u00e0 c\u0153ur de partager des histoires inspirantes et de mettre en lumi\u00e8re les initiatives locales. Mon objectif est de sensibiliser et d'encourager l'engagement communautaire \u00e0 travers mes articles.\",\"sameAs\":[\"https:\/\/vieassociative.be\/\"]}]}<\/script>\n<!-- \/ Yoast SEO plugin. -->","yoast_head_json":{"title":"Paasch sur Worriken 4.0: la construction commence \u00e0 la fin de 2026 au plus t\u00f4t et prendra probablement quatre ans | Vie Associative","robots":{"index":"index","follow":"follow","max-snippet":"max-snippet:-1","max-image-preview":"max-image-preview:large","max-video-preview":"max-video-preview:-1"},"canonical":"https:\/\/vieassociative.be\/actualites\/paasch-sur-worriken-4-0-la-construction-commence-a-la-fin-de-2026-au-plus-tot-et-prendra-probablement-quatre-ans\/","og_locale":"fr_FR","og_type":"article","og_title":"Paasch sur Worriken 4.0: la construction commence \u00e0 la fin de 2026 au plus t\u00f4t et prendra probablement quatre ans | Vie Associative","og_description":"Le projet Worriken 4.0 est au centre des efforts de la DG pour moderniser largement le parc sportif et des f\u00eates Worriken \u00e0 B\u00fctgenbach. Pour","og_url":"https:\/\/vieassociative.be\/actualites\/paasch-sur-worriken-4-0-la-construction-commence-a-la-fin-de-2026-au-plus-tot-et-prendra-probablement-quatre-ans\/","og_site_name":"Vie Associative","article_published_time":"2025-03-26T20:21:47+00:00","og_image":[{"width":279,"height":92,"url":"https:\/\/vieassociative.be\/actualites\/wp-content\/uploads\/2024\/09\/header_backgroundk-01-e1726694325946.png","type":"image\/png"}],"author":"Julien","twitter_card":"summary_large_image","twitter_misc":{"\u00c9crit par":"Julien","Dur\u00e9e de lecture est.":"2 minutes"},"schema":{"@context":"https:\/\/schema.org","@graph":[{"@type":"Article","@id":"https:\/\/vieassociative.be\/actualites\/paasch-sur-worriken-4-0-la-construction-commence-a-la-fin-de-2026-au-plus-tot-et-prendra-probablement-quatre-ans\/#article","isPartOf":{"@id":"https:\/\/vieassociative.be\/actualites\/paasch-sur-worriken-4-0-la-construction-commence-a-la-fin-de-2026-au-plus-tot-et-prendra-probablement-quatre-ans\/"},"author":{"name":"Julien","@id":"https:\/\/vieassociative.be\/actualites\/#\/schema\/person\/b87ac4f82f9d4e7b7cec7395b679edc4"},"headline":"Paasch sur Worriken 4.0: la construction commence \u00e0 la fin de 2026 au plus t\u00f4t et prendra probablement quatre ans","datePublished":"2025-03-26T20:21:47+00:00","dateModified":"2025-03-26T20:21:47+00:00","mainEntityOfPage":{"@id":"https:\/\/vieassociative.be\/actualites\/paasch-sur-worriken-4-0-la-construction-commence-a-la-fin-de-2026-au-plus-tot-et-prendra-probablement-quatre-ans\/"},"wordCount":432,"publisher":{"@id":"https:\/\/vieassociative.be\/actualites\/#organization"},"image":{"@id":"https:\/\/vieassociative.be\/actualites\/paasch-sur-worriken-4-0-la-construction-commence-a-la-fin-de-2026-au-plus-tot-et-prendra-probablement-quatre-ans\/#primaryimage"},"thumbnailUrl":"https:\/\/vieassociative.be\/actualites\/wp-content\/uploads\/2025\/03\/1743020507_Paasch-sur-Worriken-40-la-construction-commence-a-la-fin.jpg","keywords":["ans","commenc\u00e9","construction","fin","Paasch","prendra","probablement","Quatre","sur","t\u00f4t","Worriken"],"articleSection":["Belgique"],"inLanguage":"fr-BE"},{"@type":"WebPage","@id":"https:\/\/vieassociative.be\/actualites\/paasch-sur-worriken-4-0-la-construction-commence-a-la-fin-de-2026-au-plus-tot-et-prendra-probablement-quatre-ans\/","url":"https:\/\/vieassociative.be\/actualites\/paasch-sur-worriken-4-0-la-construction-commence-a-la-fin-de-2026-au-plus-tot-et-prendra-probablement-quatre-ans\/","name":"Paasch sur Worriken 4.0: la construction commence \u00e0 la fin de 2026 au plus t\u00f4t et prendra probablement quatre ans | Vie Associative","isPartOf":{"@id":"https:\/\/vieassociative.be\/actualites\/#website"},"primaryImageOfPage":{"@id":"https:\/\/vieassociative.be\/actualites\/paasch-sur-worriken-4-0-la-construction-commence-a-la-fin-de-2026-au-plus-tot-et-prendra-probablement-quatre-ans\/#primaryimage"},"image":{"@id":"https:\/\/vieassociative.be\/actualites\/paasch-sur-worriken-4-0-la-construction-commence-a-la-fin-de-2026-au-plus-tot-et-prendra-probablement-quatre-ans\/#primaryimage"},"thumbnailUrl":"https:\/\/vieassociative.be\/actualites\/wp-content\/uploads\/2025\/03\/1743020507_Paasch-sur-Worriken-40-la-construction-commence-a-la-fin.jpg","datePublished":"2025-03-26T20:21:47+00:00","dateModified":"2025-03-26T20:21:47+00:00","breadcrumb":{"@id":"https:\/\/vieassociative.be\/actualites\/paasch-sur-worriken-4-0-la-construction-commence-a-la-fin-de-2026-au-plus-tot-et-prendra-probablement-quatre-ans\/#breadcrumb"},"inLanguage":"fr-BE","potentialAction":[{"@type":"ReadAction","target":["https:\/\/vieassociative.be\/actualites\/paasch-sur-worriken-4-0-la-construction-commence-a-la-fin-de-2026-au-plus-tot-et-prendra-probablement-quatre-ans\/"]}]},{"@type":"ImageObject","inLanguage":"fr-BE","@id":"https:\/\/vieassociative.be\/actualites\/paasch-sur-worriken-4-0-la-construction-commence-a-la-fin-de-2026-au-plus-tot-et-prendra-probablement-quatre-ans\/#primaryimage","url":"https:\/\/vieassociative.be\/actualites\/wp-content\/uploads\/2025\/03\/1743020507_Paasch-sur-Worriken-40-la-construction-commence-a-la-fin.jpg","contentUrl":"https:\/\/vieassociative.be\/actualites\/wp-content\/uploads\/2025\/03\/1743020507_Paasch-sur-Worriken-40-la-construction-commence-a-la-fin.jpg","width":1200,"height":900,"caption":"Paasch sur Worriken 4.0: la construction commence \u00e0 la fin de 2026 au plus t\u00f4t et prendra probablement quatre ans"},{"@type":"BreadcrumbList","@id":"https:\/\/vieassociative.be\/actualites\/paasch-sur-worriken-4-0-la-construction-commence-a-la-fin-de-2026-au-plus-tot-et-prendra-probablement-quatre-ans\/#breadcrumb","itemListElement":[{"@type":"ListItem","position":1,"name":"Accueil","item":"https:\/\/vieassociative.be\/actualites\/"},{"@type":"ListItem","position":2,"name":"Paasch sur Worriken 4.0: la construction commence \u00e0 la fin de 2026 au plus t\u00f4t et prendra probablement quatre ans"}]},{"@type":"WebSite","@id":"https:\/\/vieassociative.be\/actualites\/#website","url":"https:\/\/vieassociative.be\/actualites\/","name":"Vie Associative","description":"","publisher":{"@id":"https:\/\/vieassociative.be\/actualites\/#organization"},"potentialAction":[{"@type":"SearchAction","target":{"@type":"EntryPoint","urlTemplate":"https:\/\/vieassociative.be\/actualites\/?s={search_term_string}"},"query-input":{"@type":"PropertyValueSpecification","valueRequired":true,"valueName":"search_term_string"}}],"inLanguage":"fr-BE"},{"@type":"Organization","@id":"https:\/\/vieassociative.be\/actualites\/#organization","name":"Vie Associative","url":"https:\/\/vieassociative.be\/actualites\/","logo":{"@type":"ImageObject","inLanguage":"fr-BE","@id":"https:\/\/vieassociative.be\/actualites\/#\/schema\/logo\/image\/","url":"https:\/\/vieassociative.be\/actualites\/wp-content\/uploads\/2024\/09\/cropped-vieassociative_favicon.ico.png","contentUrl":"https:\/\/vieassociative.be\/actualites\/wp-content\/uploads\/2024\/09\/cropped-vieassociative_favicon.ico.png","width":512,"height":512,"caption":"Vie Associative"},"image":{"@id":"https:\/\/vieassociative.be\/actualites\/#\/schema\/logo\/image\/"}},{"@type":"Person","@id":"https:\/\/vieassociative.be\/actualites\/#\/schema\/person\/b87ac4f82f9d4e7b7cec7395b679edc4","name":"Julien","image":{"@type":"ImageObject","inLanguage":"fr-BE","@id":"https:\/\/vieassociative.be\/actualites\/#\/schema\/person\/image\/","url":"https:\/\/vieassociative.be\/actualites\/wp-content\/uploads\/2024\/09\/vie-associative-1-150x150.jpg","contentUrl":"https:\/\/vieassociative.be\/actualites\/wp-content\/uploads\/2024\/09\/vie-associative-1-150x150.jpg","caption":"Julien"},"description":"Je suis Julien, r\u00e9dacteur pour Vie Associative. Passionn\u00e9 par le monde associatif depuis plus de 10 ans, j'ai \u00e0 c\u0153ur de partager des histoires inspirantes et de mettre en lumi\u00e8re les initiatives locales. Mon objectif est de sensibiliser et d'encourager l'engagement communautaire \u00e0 travers mes articles.","sameAs":["https:\/\/vieassociative.be\/"]}]}},"_links":{"self":[{"href":"https:\/\/vieassociative.be\/actualites\/wp-json\/wp\/v2\/posts\/6177"}],"collection":[{"href":"https:\/\/vieassociative.be\/actualites\/wp-json\/wp\/v2\/posts"}],"about":[{"href":"https:\/\/vieassociative.be\/actualites\/wp-json\/wp\/v2\/types\/post"}],"author":[{"embeddable":true,"href":"https:\/\/vieassociative.be\/actualites\/wp-json\/wp\/v2\/users\/1"}],"replies":[{"embeddable":true,"href":"https:\/\/vieassociative.be\/actualites\/wp-json\/wp\/v2\/comments?post=6177"}],"version-history":[{"count":0,"href":"https:\/\/vieassociative.be\/actualites\/wp-json\/wp\/v2\/posts\/6177\/revisions"}],"wp:featuredmedia":[{"embeddable":true,"href":"https:\/\/vieassociative.be\/actualites\/wp-json\/wp\/v2\/media\/6178"}],"wp:attachment":[{"href":"https:\/\/vieassociative.be\/actualites\/wp-json\/wp\/v2\/media?parent=6177"}],"wp:term":[{"taxonomy":"category","embeddable":true,"href":"https:\/\/vieassociative.be\/actualites\/wp-json\/wp\/v2\/categories?post=6177"},{"taxonomy":"post_tag","embeddable":true,"href":"https:\/\/vieassociative.be\/actualites\/wp-json\/wp\/v2\/tags?post=6177"}],"curies":[{"name":"wp","href":"https:\/\/api.w.org\/{rel}","templated":true}]}}