{"id":6175,"date":"2025-03-26T20:20:11","date_gmt":"2025-03-26T19:20:11","guid":{"rendered":"https:\/\/vieassociative.be\/actualites\/cette-sonnette-de-bague-populaire-est-presque-a-moitie-en-ce-moment\/"},"modified":"2025-03-26T20:20:11","modified_gmt":"2025-03-26T19:20:11","slug":"cette-sonnette-de-bague-populaire-est-presque-a-moitie-en-ce-moment","status":"publish","type":"post","link":"https:\/\/vieassociative.be\/actualites\/cette-sonnette-de-bague-populaire-est-presque-a-moitie-en-ce-moment\/","title":{"rendered":"Cette sonnette de bague populaire est presque \u00e0 moiti\u00e9 en ce moment"},"content":{"rendered":"<div class=\"mt-4 leading-6 md:mb-8\">Faire tomber aux portes est tellement la derni\u00e8re g\u00e9n\u00e9ration.<\/div>\n<p><\/p>\n<p>Je me sens mieux dans ma vie depuis avoir install\u00e9 cette sonnette de porte. Jusqu&rsquo;\u00e0 pr\u00e9sent, la fonction de d\u00e9tection de mouvement n&rsquo;a rien captur\u00e9 de plus int\u00e9ressant que le chat de quartier occasionnel qui passe, mais j&rsquo;aime voir M. Nibbles faire ses rondes. De plus, je connais le raid du FBI t\u00f4t le matin avant de commencer \u00e0 crier \u00ab\u00a0sortez avec vos mains\u00a0\u00bb. <\/p>\n<div class=\"pogoClear mb-12 mt-10 rounded-md border-2 border-gray-100 py-7 shadow-xl md:py-6\">\n<div class=\"flex flex-wrap justify-between px-7 text-black no-underline md:flex-nowrap md:px-8\">\n<div class=\"order-1 mx-auto flex flex-col justify-center md:order-2 md:ml-4 md:w-full md:grow\">\n<div class=\"block cursor-pointer text-center font-akshar text-2xl font-medium leading-7 text-brand-green duration-200 ease-in-out hover:text-brand-green-700 md:text-left md:text-xl md:leading-6\">Sonnette \u00e0 anneau amazon\n                <\/div>\n<div class=\"mt-4 hidden md:flex md:justify-between\">\n<div class=\"self-end\">\n<div class=\"mb-0 h-11 md:flex md:flex-col md:justify-center\">\n<div class=\" font-sans leading-4 text-black\">\n<div class=\"flex flex-wrap items-center justify-center gap-x-1 md:justify-start\">\n        <span class=\"font-bold\"><\/p>\n<p>            99,99 $<br \/>\n                            <span class=\"font-medium\">\u00e0 Amazon<\/span><br \/>\n                    <\/span><br \/>\n                    <img decoding=\"async\" class=\"mt-0 h-(15px)\" src=\"https:\/\/vieassociative.be\/actualites\/wp-content\/uploads\/2025\/03\/Cette-sonnette-de-bague-populaire-est-presque-a-moitie-en.svg.svg+xml\" title=\"Amazon Prime\" alt=\"Amazon Prime\">\n            <\/div>\n<\/p><\/div>\n<\/p><\/div>\n<\/p><\/div>\n<div class=\"w-44 self-end\">\n                            <button class=\"flex justify-center items-center w-full bg-brand-green text-white text-base font-sans font-medium rounded-md hover:bg-brand-green-700 hover:cursor-pointer md:text-sm h-11\"><\/p>\n<p>    Conclure un accord<br \/>\n<\/button>\n                        <\/div>\n<\/p><\/div>\n<\/p><\/div>\n<div class=\"order-2 mt-5 h-auto w-full md:order-1 md:mt-0 md:hidden\">\n<div class=\"flex aspect-video items-center justify-center\">\n                                            <img decoding=\"async\" class=\"m-0 max-h-full max-w-full rounded-md\" src=\"https:\/\/vieassociative.be\/actualites\/wp-content\/uploads\/2025\/03\/Cette-sonnette-de-bague-populaire-est-presque-a-moitie-en.jpg\" alt=\"Toute nouvelle sonnette de batterie d'anneau, vid\u00e9o de la t\u00eate aux pieds, vue en direct avec des discussions \u00e0 double sens, et d\u00e9tection et alertes de mouvement (version 2024), nickel en satin\" width=\"auto\" height=\"auto\" loading=\"lazy\">\n                                    <\/div>\n<\/p><\/div>\n<div class=\"order-2 ml-2 hidden w-32 shrink-0 items-center md:order-1 md:ml-0 md:flex\">\n<div class=\"flex aspect-video items-center justify-center\">\n                                            <img decoding=\"async\" class=\"m-0 max-h-full max-w-full rounded-md\" src=\"https:\/\/vieassociative.be\/actualites\/wp-content\/uploads\/2025\/03\/Cette-sonnette-de-bague-populaire-est-presque-a-moitie-en.jpg\" alt=\"Toute nouvelle sonnette de batterie d'anneau, vid\u00e9o de la t\u00eate aux pieds, vue en direct avec des discussions \u00e0 double sens, et d\u00e9tection et alertes de mouvement (version 2024), nickel en satin\" width=\"auto\" height=\"auto\" loading=\"lazy\">\n                                    <\/div>\n<\/p><\/div>\n<div class=\"order-3 flex grow flex-wrap md:hidden md:grow-0\">\n<div class=\"mt-4 w-full\">\n                        <button class=\"flex justify-center items-center w-full bg-brand-green text-white text-base font-sans font-medium rounded-md hover:bg-brand-green-700 hover:cursor-pointer md:text-sm h-11\"><\/p>\n<p>    Conclure un accord<br \/>\n<\/button>\n                    <\/div>\n<div class=\"mx-2 mt-4 w-full\">\n<div class=\" font-sans leading-4 text-black\">\n<div class=\"flex flex-wrap items-center justify-center gap-x-1 md:justify-start\">\n        <span class=\"font-bold\"><\/p>\n<p>            99,99 $<br \/>\n                            <span class=\"font-medium\">\u00e0 Amazon<\/span><br \/>\n                    <\/span><br \/>\n                    <img decoding=\"async\" class=\"mt-0 h-(15px)\" src=\"https:\/\/vieassociative.be\/actualites\/wp-content\/uploads\/2025\/03\/Cette-sonnette-de-bague-populaire-est-presque-a-moitie-en.svg.svg+xml\" title=\"Amazon Prime\" alt=\"Amazon Prime\">\n            <\/div>\n<\/p><\/div>\n<\/p><\/div>\n<\/p><\/div>\n<\/p><\/div>\n<\/div>\n<p>S\u00e9rieusement, il est excellent pour v\u00e9rifier si les colis ont \u00e9t\u00e9 livr\u00e9s et pouvoir voir qui s&rsquo;est pr\u00e9sent\u00e9 \u00e0 votre porte avant de l&rsquo;ouvrir. Si vous \u00eates fr\u00e9quemment visit\u00e9 par des vendeurs qui souhaitent remplacer vos fen\u00eatres ou parler des co\u00fbts \u00e9nerg\u00e9tiques, il est beaucoup plus facile de dire \u00ab\u00a0Je suis un peu occup\u00e9 en ce moment, d\u00e9sol\u00e9\u00a0\u00bb via une interphone que face \u00e0 face. <\/p>\n<p>C&rsquo;est aussi l\u00e9gitimement bien. Lors de la vente en cours Amazon Big Spring, le prix de cette version de la sonnette de deuxi\u00e8me g\u00e9n\u00e9ration de Ring est le plus bas qu&rsquo;il ait jamais \u00e9t\u00e9 &#8211; 54,99 $, pr\u00e8s de la moiti\u00e9 du prix de la liste de 99,99 $. <\/p>\n<p>En plus d&rsquo;offrir une vid\u00e9o de la t\u00eate aux pieds, cette sonnette \u00e0 anneau est facile \u00e0 installer, facile \u00e0 charger via USB-C, propose \u00e0 la fois la vue en direct et les discussions bidirectionnelles, et fonctionne avec les appareils Alexa Amazon comme le DOT ECHO et le spectacle Echo, afin que vous puissiez surveiller votre bymne frontal mains libres. Si vous voulez \u00eatre super lisse, vous pouvez m\u00eame le charger avec un petit panneau solaire, \u00e9galement en vente.<\/p>\n<div class=\"pogoClear relative my-10 border-b-(1.5px) border-t-(1.5px) border-dashed border-black py-5 sm:my-14 sm:border-0 sm:py-0\" x-cloak x-data=\"{ commentsCount: null }\" x-init=\"commentsCount = await window.openweb.getMessagesCount(122432)\" x-show=\"commentsCount !== null &amp;&amp; commentsCount &gt; 0\">\n<div class=\"absolute top-1\/2 hidden w-full -translate-y-1\/2 border-t-(1.5px) border-dashed border-black sm:block\"><\/div>\n<div class=\"relative flex justify-center\">\n<div class=\"flex max-w-max items-center gap-x-3 bg-white px-5\">\n<div class=\"relative\">\n                <span class=\"absolute left-1\/2 top-1\/2 -translate-x-1\/2 -translate-y-1\/2 font-akshar text-sm font-medium text-black\" x-text=\"commentsCount\"><\/span><\/p>\n<p>                <svg class=\"h-8 w-8 text-black\">\n                    <use href=\"http:\/\/lifehacker.com\/images\/icons\/spritemap.svg#sprite-chat-bubble\"><\/use>\n                <\/svg>\n            <\/div>\n<p>            <span class=\"text-sm font-medium text-black\">Que pensez-vous jusqu&rsquo;\u00e0 pr\u00e9sent? <button class=\"font-semibold text-brand-green underline hover:text-brand-green-700\" onclick=\"window.openweb.scrollToComments(122432)\">Publier un commentaire.<\/button><\/span>\n        <\/div>\n<\/p><\/div>\n<\/div>\n<p><em>Shopping for Tech? Vie Associative peut vous aider \u00e0 prendre la bonne d\u00e9cision. Parcourez nos critiques technologiques et nos comparaisons en t\u00eate-\u00e0-t\u00eate pour tout, des ordinateurs portables et des montres intelligentes aux v\u00e9los \u00e9lectriques et aux gymnases \u00e0 domicile. Abonnez-vous \u00e0 notre newsletter d&rsquo;offres, ajoutez \u00e0 CART<\/em><em>pour les meilleures ventes envoy\u00e9es dans votre bo\u00eete de r\u00e9ception, ou parcourez nos meilleures listes directement sur Amazon, notamment:<\/em><\/p>\n<ul>\n<li>\n<p><em>Le meilleur \u00e9couteur surr\u00e9<\/em><\/p>\n<\/li>\n<li>\n<p><em>Les meilleurs \u00e9couteurs sans fil<\/em><\/p>\n<\/li>\n<li>\n<p><em>Les meilleurs ensembles d&rsquo;halt\u00e8res r\u00e9glables<\/em><\/p>\n<\/li>\n<li>\n<p><em>Les meilleurs projecteurs<\/em><\/p>\n<\/li>\n<\/ul>\n","protected":false},"excerpt":{"rendered":"<p>Faire tomber aux portes est tellement la derni\u00e8re g\u00e9n\u00e9ration. Je me sens mieux dans ma vie depuis avoir install\u00e9 cette sonnette de porte. Jusqu&rsquo;\u00e0 pr\u00e9sent,<\/p>\n","protected":false},"author":1,"featured_media":6176,"comment_status":"","ping_status":"","sticky":false,"template":"","format":"standard","meta":{"footnotes":""},"categories":[13],"tags":[4970,206,76,4637,1429,4115,340,5520],"class_list":["post-6175","post","type-post","status-publish","format-standard","has-post-thumbnail","hentry","category-technologie","tag-bague","tag-cette","tag-est","tag-moitie","tag-moment","tag-populaire","tag-presque","tag-sonnette","generate-columns","tablet-grid-50","mobile-grid-100","grid-parent","grid-33"],"yoast_head":"<!-- This site is optimized with the Yoast SEO plugin v24.0 - https:\/\/yoast.com\/wordpress\/plugins\/seo\/ -->\n<title>Cette sonnette de bague populaire est presque \u00e0 moiti\u00e9 en ce moment | Vie Associative<\/title>\n<meta name=\"robots\" content=\"index, follow, max-snippet:-1, max-image-preview:large, max-video-preview:-1\" \/>\n<link rel=\"canonical\" href=\"https:\/\/vieassociative.be\/actualites\/cette-sonnette-de-bague-populaire-est-presque-a-moitie-en-ce-moment\/\" \/>\n<meta property=\"og:locale\" content=\"fr_FR\" \/>\n<meta property=\"og:type\" content=\"article\" \/>\n<meta property=\"og:title\" content=\"Cette sonnette de bague populaire est presque \u00e0 moiti\u00e9 en ce moment | Vie Associative\" \/>\n<meta property=\"og:description\" content=\"Faire tomber aux portes est tellement la derni\u00e8re g\u00e9n\u00e9ration. Je me sens mieux dans ma vie depuis avoir install\u00e9 cette sonnette de porte. Jusqu&rsquo;\u00e0 pr\u00e9sent,\" \/>\n<meta property=\"og:url\" content=\"https:\/\/vieassociative.be\/actualites\/cette-sonnette-de-bague-populaire-est-presque-a-moitie-en-ce-moment\/\" \/>\n<meta property=\"og:site_name\" content=\"Vie Associative\" \/>\n<meta property=\"article:published_time\" content=\"2025-03-26T19:20:11+00:00\" \/>\n<meta property=\"og:image\" content=\"https:\/\/vieassociative.be\/actualites\/wp-content\/uploads\/2025\/03\/Cette-sonnette-de-bague-populaire-est-presque-a-moitie-en.svg.svg+xml\" \/>\n<meta name=\"author\" content=\"Julien\" \/>\n<meta name=\"twitter:card\" content=\"summary_large_image\" \/>\n<meta name=\"twitter:label1\" content=\"\u00c9crit par\" \/>\n\t<meta name=\"twitter:data1\" content=\"Julien\" \/>\n\t<meta name=\"twitter:label2\" content=\"Dur\u00e9e de lecture est.\" \/>\n\t<meta name=\"twitter:data2\" content=\"2 minutes\" \/>\n<script type=\"application\/ld+json\" class=\"yoast-schema-graph\">{\"@context\":\"https:\/\/schema.org\",\"@graph\":[{\"@type\":\"Article\",\"@id\":\"https:\/\/vieassociative.be\/actualites\/cette-sonnette-de-bague-populaire-est-presque-a-moitie-en-ce-moment\/#article\",\"isPartOf\":{\"@id\":\"https:\/\/vieassociative.be\/actualites\/cette-sonnette-de-bague-populaire-est-presque-a-moitie-en-ce-moment\/\"},\"author\":{\"name\":\"Julien\",\"@id\":\"https:\/\/vieassociative.be\/actualites\/#\/schema\/person\/b87ac4f82f9d4e7b7cec7395b679edc4\"},\"headline\":\"Cette sonnette de bague populaire est presque \u00e0 moiti\u00e9 en ce moment\",\"datePublished\":\"2025-03-26T19:20:11+00:00\",\"dateModified\":\"2025-03-26T19:20:11+00:00\",\"mainEntityOfPage\":{\"@id\":\"https:\/\/vieassociative.be\/actualites\/cette-sonnette-de-bague-populaire-est-presque-a-moitie-en-ce-moment\/\"},\"wordCount\":407,\"publisher\":{\"@id\":\"https:\/\/vieassociative.be\/actualites\/#organization\"},\"image\":{\"@id\":\"https:\/\/vieassociative.be\/actualites\/cette-sonnette-de-bague-populaire-est-presque-a-moitie-en-ce-moment\/#primaryimage\"},\"thumbnailUrl\":\"https:\/\/vieassociative.be\/actualites\/wp-content\/uploads\/2025\/03\/1743016811_Cette-sonnette-de-bague-populaire-est-presque-a-moitie-en.jpg\",\"keywords\":[\"bague\",\"cette\",\"est\",\"moiti\u00e9\",\"moment\",\"populaire\",\"presque\",\"sonnette\"],\"articleSection\":[\"Technologie\"],\"inLanguage\":\"fr-BE\"},{\"@type\":\"WebPage\",\"@id\":\"https:\/\/vieassociative.be\/actualites\/cette-sonnette-de-bague-populaire-est-presque-a-moitie-en-ce-moment\/\",\"url\":\"https:\/\/vieassociative.be\/actualites\/cette-sonnette-de-bague-populaire-est-presque-a-moitie-en-ce-moment\/\",\"name\":\"Cette sonnette de bague populaire est presque \u00e0 moiti\u00e9 en ce moment | Vie Associative\",\"isPartOf\":{\"@id\":\"https:\/\/vieassociative.be\/actualites\/#website\"},\"primaryImageOfPage\":{\"@id\":\"https:\/\/vieassociative.be\/actualites\/cette-sonnette-de-bague-populaire-est-presque-a-moitie-en-ce-moment\/#primaryimage\"},\"image\":{\"@id\":\"https:\/\/vieassociative.be\/actualites\/cette-sonnette-de-bague-populaire-est-presque-a-moitie-en-ce-moment\/#primaryimage\"},\"thumbnailUrl\":\"https:\/\/vieassociative.be\/actualites\/wp-content\/uploads\/2025\/03\/1743016811_Cette-sonnette-de-bague-populaire-est-presque-a-moitie-en.jpg\",\"datePublished\":\"2025-03-26T19:20:11+00:00\",\"dateModified\":\"2025-03-26T19:20:11+00:00\",\"breadcrumb\":{\"@id\":\"https:\/\/vieassociative.be\/actualites\/cette-sonnette-de-bague-populaire-est-presque-a-moitie-en-ce-moment\/#breadcrumb\"},\"inLanguage\":\"fr-BE\",\"potentialAction\":[{\"@type\":\"ReadAction\",\"target\":[\"https:\/\/vieassociative.be\/actualites\/cette-sonnette-de-bague-populaire-est-presque-a-moitie-en-ce-moment\/\"]}]},{\"@type\":\"ImageObject\",\"inLanguage\":\"fr-BE\",\"@id\":\"https:\/\/vieassociative.be\/actualites\/cette-sonnette-de-bague-populaire-est-presque-a-moitie-en-ce-moment\/#primaryimage\",\"url\":\"https:\/\/vieassociative.be\/actualites\/wp-content\/uploads\/2025\/03\/1743016811_Cette-sonnette-de-bague-populaire-est-presque-a-moitie-en.jpg\",\"contentUrl\":\"https:\/\/vieassociative.be\/actualites\/wp-content\/uploads\/2025\/03\/1743016811_Cette-sonnette-de-bague-populaire-est-presque-a-moitie-en.jpg\",\"width\":1200,\"height\":675,\"caption\":\"Cette sonnette de bague populaire est presque \u00e0 moiti\u00e9 en ce moment\"},{\"@type\":\"BreadcrumbList\",\"@id\":\"https:\/\/vieassociative.be\/actualites\/cette-sonnette-de-bague-populaire-est-presque-a-moitie-en-ce-moment\/#breadcrumb\",\"itemListElement\":[{\"@type\":\"ListItem\",\"position\":1,\"name\":\"Accueil\",\"item\":\"https:\/\/vieassociative.be\/actualites\/\"},{\"@type\":\"ListItem\",\"position\":2,\"name\":\"Cette sonnette de bague populaire est presque \u00e0 moiti\u00e9 en ce moment\"}]},{\"@type\":\"WebSite\",\"@id\":\"https:\/\/vieassociative.be\/actualites\/#website\",\"url\":\"https:\/\/vieassociative.be\/actualites\/\",\"name\":\"Vie Associative\",\"description\":\"\",\"publisher\":{\"@id\":\"https:\/\/vieassociative.be\/actualites\/#organization\"},\"potentialAction\":[{\"@type\":\"SearchAction\",\"target\":{\"@type\":\"EntryPoint\",\"urlTemplate\":\"https:\/\/vieassociative.be\/actualites\/?s={search_term_string}\"},\"query-input\":{\"@type\":\"PropertyValueSpecification\",\"valueRequired\":true,\"valueName\":\"search_term_string\"}}],\"inLanguage\":\"fr-BE\"},{\"@type\":\"Organization\",\"@id\":\"https:\/\/vieassociative.be\/actualites\/#organization\",\"name\":\"Vie Associative\",\"url\":\"https:\/\/vieassociative.be\/actualites\/\",\"logo\":{\"@type\":\"ImageObject\",\"inLanguage\":\"fr-BE\",\"@id\":\"https:\/\/vieassociative.be\/actualites\/#\/schema\/logo\/image\/\",\"url\":\"https:\/\/vieassociative.be\/actualites\/wp-content\/uploads\/2024\/09\/cropped-vieassociative_favicon.ico.png\",\"contentUrl\":\"https:\/\/vieassociative.be\/actualites\/wp-content\/uploads\/2024\/09\/cropped-vieassociative_favicon.ico.png\",\"width\":512,\"height\":512,\"caption\":\"Vie Associative\"},\"image\":{\"@id\":\"https:\/\/vieassociative.be\/actualites\/#\/schema\/logo\/image\/\"}},{\"@type\":\"Person\",\"@id\":\"https:\/\/vieassociative.be\/actualites\/#\/schema\/person\/b87ac4f82f9d4e7b7cec7395b679edc4\",\"name\":\"Julien\",\"image\":{\"@type\":\"ImageObject\",\"inLanguage\":\"fr-BE\",\"@id\":\"https:\/\/vieassociative.be\/actualites\/#\/schema\/person\/image\/\",\"url\":\"https:\/\/vieassociative.be\/actualites\/wp-content\/uploads\/2024\/09\/vie-associative-1-150x150.jpg\",\"contentUrl\":\"https:\/\/vieassociative.be\/actualites\/wp-content\/uploads\/2024\/09\/vie-associative-1-150x150.jpg\",\"caption\":\"Julien\"},\"description\":\"Je suis Julien, r\u00e9dacteur pour Vie Associative. Passionn\u00e9 par le monde associatif depuis plus de 10 ans, j'ai \u00e0 c\u0153ur de partager des histoires inspirantes et de mettre en lumi\u00e8re les initiatives locales. Mon objectif est de sensibiliser et d'encourager l'engagement communautaire \u00e0 travers mes articles.\",\"sameAs\":[\"https:\/\/vieassociative.be\/\"]}]}<\/script>\n<!-- \/ Yoast SEO plugin. -->","yoast_head_json":{"title":"Cette sonnette de bague populaire est presque \u00e0 moiti\u00e9 en ce moment | Vie Associative","robots":{"index":"index","follow":"follow","max-snippet":"max-snippet:-1","max-image-preview":"max-image-preview:large","max-video-preview":"max-video-preview:-1"},"canonical":"https:\/\/vieassociative.be\/actualites\/cette-sonnette-de-bague-populaire-est-presque-a-moitie-en-ce-moment\/","og_locale":"fr_FR","og_type":"article","og_title":"Cette sonnette de bague populaire est presque \u00e0 moiti\u00e9 en ce moment | Vie Associative","og_description":"Faire tomber aux portes est tellement la derni\u00e8re g\u00e9n\u00e9ration. Je me sens mieux dans ma vie depuis avoir install\u00e9 cette sonnette de porte. Jusqu&rsquo;\u00e0 pr\u00e9sent,","og_url":"https:\/\/vieassociative.be\/actualites\/cette-sonnette-de-bague-populaire-est-presque-a-moitie-en-ce-moment\/","og_site_name":"Vie Associative","article_published_time":"2025-03-26T19:20:11+00:00","og_image":[{"url":"https:\/\/vieassociative.be\/actualites\/wp-content\/uploads\/2025\/03\/Cette-sonnette-de-bague-populaire-est-presque-a-moitie-en.svg.svg+xml","type":"","width":"","height":""}],"author":"Julien","twitter_card":"summary_large_image","twitter_misc":{"\u00c9crit par":"Julien","Dur\u00e9e de lecture est.":"2 minutes"},"schema":{"@context":"https:\/\/schema.org","@graph":[{"@type":"Article","@id":"https:\/\/vieassociative.be\/actualites\/cette-sonnette-de-bague-populaire-est-presque-a-moitie-en-ce-moment\/#article","isPartOf":{"@id":"https:\/\/vieassociative.be\/actualites\/cette-sonnette-de-bague-populaire-est-presque-a-moitie-en-ce-moment\/"},"author":{"name":"Julien","@id":"https:\/\/vieassociative.be\/actualites\/#\/schema\/person\/b87ac4f82f9d4e7b7cec7395b679edc4"},"headline":"Cette sonnette de bague populaire est presque \u00e0 moiti\u00e9 en ce moment","datePublished":"2025-03-26T19:20:11+00:00","dateModified":"2025-03-26T19:20:11+00:00","mainEntityOfPage":{"@id":"https:\/\/vieassociative.be\/actualites\/cette-sonnette-de-bague-populaire-est-presque-a-moitie-en-ce-moment\/"},"wordCount":407,"publisher":{"@id":"https:\/\/vieassociative.be\/actualites\/#organization"},"image":{"@id":"https:\/\/vieassociative.be\/actualites\/cette-sonnette-de-bague-populaire-est-presque-a-moitie-en-ce-moment\/#primaryimage"},"thumbnailUrl":"https:\/\/vieassociative.be\/actualites\/wp-content\/uploads\/2025\/03\/1743016811_Cette-sonnette-de-bague-populaire-est-presque-a-moitie-en.jpg","keywords":["bague","cette","est","moiti\u00e9","moment","populaire","presque","sonnette"],"articleSection":["Technologie"],"inLanguage":"fr-BE"},{"@type":"WebPage","@id":"https:\/\/vieassociative.be\/actualites\/cette-sonnette-de-bague-populaire-est-presque-a-moitie-en-ce-moment\/","url":"https:\/\/vieassociative.be\/actualites\/cette-sonnette-de-bague-populaire-est-presque-a-moitie-en-ce-moment\/","name":"Cette sonnette de bague populaire est presque \u00e0 moiti\u00e9 en ce moment | Vie Associative","isPartOf":{"@id":"https:\/\/vieassociative.be\/actualites\/#website"},"primaryImageOfPage":{"@id":"https:\/\/vieassociative.be\/actualites\/cette-sonnette-de-bague-populaire-est-presque-a-moitie-en-ce-moment\/#primaryimage"},"image":{"@id":"https:\/\/vieassociative.be\/actualites\/cette-sonnette-de-bague-populaire-est-presque-a-moitie-en-ce-moment\/#primaryimage"},"thumbnailUrl":"https:\/\/vieassociative.be\/actualites\/wp-content\/uploads\/2025\/03\/1743016811_Cette-sonnette-de-bague-populaire-est-presque-a-moitie-en.jpg","datePublished":"2025-03-26T19:20:11+00:00","dateModified":"2025-03-26T19:20:11+00:00","breadcrumb":{"@id":"https:\/\/vieassociative.be\/actualites\/cette-sonnette-de-bague-populaire-est-presque-a-moitie-en-ce-moment\/#breadcrumb"},"inLanguage":"fr-BE","potentialAction":[{"@type":"ReadAction","target":["https:\/\/vieassociative.be\/actualites\/cette-sonnette-de-bague-populaire-est-presque-a-moitie-en-ce-moment\/"]}]},{"@type":"ImageObject","inLanguage":"fr-BE","@id":"https:\/\/vieassociative.be\/actualites\/cette-sonnette-de-bague-populaire-est-presque-a-moitie-en-ce-moment\/#primaryimage","url":"https:\/\/vieassociative.be\/actualites\/wp-content\/uploads\/2025\/03\/1743016811_Cette-sonnette-de-bague-populaire-est-presque-a-moitie-en.jpg","contentUrl":"https:\/\/vieassociative.be\/actualites\/wp-content\/uploads\/2025\/03\/1743016811_Cette-sonnette-de-bague-populaire-est-presque-a-moitie-en.jpg","width":1200,"height":675,"caption":"Cette sonnette de bague populaire est presque \u00e0 moiti\u00e9 en ce moment"},{"@type":"BreadcrumbList","@id":"https:\/\/vieassociative.be\/actualites\/cette-sonnette-de-bague-populaire-est-presque-a-moitie-en-ce-moment\/#breadcrumb","itemListElement":[{"@type":"ListItem","position":1,"name":"Accueil","item":"https:\/\/vieassociative.be\/actualites\/"},{"@type":"ListItem","position":2,"name":"Cette sonnette de bague populaire est presque \u00e0 moiti\u00e9 en ce moment"}]},{"@type":"WebSite","@id":"https:\/\/vieassociative.be\/actualites\/#website","url":"https:\/\/vieassociative.be\/actualites\/","name":"Vie Associative","description":"","publisher":{"@id":"https:\/\/vieassociative.be\/actualites\/#organization"},"potentialAction":[{"@type":"SearchAction","target":{"@type":"EntryPoint","urlTemplate":"https:\/\/vieassociative.be\/actualites\/?s={search_term_string}"},"query-input":{"@type":"PropertyValueSpecification","valueRequired":true,"valueName":"search_term_string"}}],"inLanguage":"fr-BE"},{"@type":"Organization","@id":"https:\/\/vieassociative.be\/actualites\/#organization","name":"Vie Associative","url":"https:\/\/vieassociative.be\/actualites\/","logo":{"@type":"ImageObject","inLanguage":"fr-BE","@id":"https:\/\/vieassociative.be\/actualites\/#\/schema\/logo\/image\/","url":"https:\/\/vieassociative.be\/actualites\/wp-content\/uploads\/2024\/09\/cropped-vieassociative_favicon.ico.png","contentUrl":"https:\/\/vieassociative.be\/actualites\/wp-content\/uploads\/2024\/09\/cropped-vieassociative_favicon.ico.png","width":512,"height":512,"caption":"Vie Associative"},"image":{"@id":"https:\/\/vieassociative.be\/actualites\/#\/schema\/logo\/image\/"}},{"@type":"Person","@id":"https:\/\/vieassociative.be\/actualites\/#\/schema\/person\/b87ac4f82f9d4e7b7cec7395b679edc4","name":"Julien","image":{"@type":"ImageObject","inLanguage":"fr-BE","@id":"https:\/\/vieassociative.be\/actualites\/#\/schema\/person\/image\/","url":"https:\/\/vieassociative.be\/actualites\/wp-content\/uploads\/2024\/09\/vie-associative-1-150x150.jpg","contentUrl":"https:\/\/vieassociative.be\/actualites\/wp-content\/uploads\/2024\/09\/vie-associative-1-150x150.jpg","caption":"Julien"},"description":"Je suis Julien, r\u00e9dacteur pour Vie Associative. Passionn\u00e9 par le monde associatif depuis plus de 10 ans, j'ai \u00e0 c\u0153ur de partager des histoires inspirantes et de mettre en lumi\u00e8re les initiatives locales. Mon objectif est de sensibiliser et d'encourager l'engagement communautaire \u00e0 travers mes articles.","sameAs":["https:\/\/vieassociative.be\/"]}]}},"_links":{"self":[{"href":"https:\/\/vieassociative.be\/actualites\/wp-json\/wp\/v2\/posts\/6175"}],"collection":[{"href":"https:\/\/vieassociative.be\/actualites\/wp-json\/wp\/v2\/posts"}],"about":[{"href":"https:\/\/vieassociative.be\/actualites\/wp-json\/wp\/v2\/types\/post"}],"author":[{"embeddable":true,"href":"https:\/\/vieassociative.be\/actualites\/wp-json\/wp\/v2\/users\/1"}],"replies":[{"embeddable":true,"href":"https:\/\/vieassociative.be\/actualites\/wp-json\/wp\/v2\/comments?post=6175"}],"version-history":[{"count":0,"href":"https:\/\/vieassociative.be\/actualites\/wp-json\/wp\/v2\/posts\/6175\/revisions"}],"wp:featuredmedia":[{"embeddable":true,"href":"https:\/\/vieassociative.be\/actualites\/wp-json\/wp\/v2\/media\/6176"}],"wp:attachment":[{"href":"https:\/\/vieassociative.be\/actualites\/wp-json\/wp\/v2\/media?parent=6175"}],"wp:term":[{"taxonomy":"category","embeddable":true,"href":"https:\/\/vieassociative.be\/actualites\/wp-json\/wp\/v2\/categories?post=6175"},{"taxonomy":"post_tag","embeddable":true,"href":"https:\/\/vieassociative.be\/actualites\/wp-json\/wp\/v2\/tags?post=6175"}],"curies":[{"name":"wp","href":"https:\/\/api.w.org\/{rel}","templated":true}]}}