{"id":6170,"date":"2025-03-26T15:17:21","date_gmt":"2025-03-26T14:17:21","guid":{"rendered":"https:\/\/vieassociative.be\/actualites\/herber-revers-pour-le-bayern-munich-et-kompany-davies-et-upamecano-ont-egalement-blesse\/"},"modified":"2025-03-26T15:17:21","modified_gmt":"2025-03-26T14:17:21","slug":"herber-revers-pour-le-bayern-munich-et-kompany-davies-et-upamecano-ont-egalement-blesse","status":"publish","type":"post","link":"https:\/\/vieassociative.be\/actualites\/herber-revers-pour-le-bayern-munich-et-kompany-davies-et-upamecano-ont-egalement-blesse\/","title":{"rendered":"Herber revers pour le Bayern Munich et Kompany: Davies et Upamecano ont \u00e9galement bless\u00e9"},"content":{"rendered":"<p><strong>Le FC Bayern et son entra\u00eeneur Vincent Kompany ont beaucoup de probl\u00e8mes sur la d\u00e9fensive. Alphonso Davies et Dayot Upamecano \u00e9chouent \u00e9galement il y a \u00e9galement.<\/strong><\/p>\n<p><span id=\"more-411960\"><\/span>Alphonso Davies? Pendant des mois! Dayot upamecano? Pendant des semaines! Le prochain diagnostic de frustration pour la d\u00e9fensive d\u00e9j\u00e0 d\u00e9cim\u00e9e du Bayern du FC a gauche \u00e0 gauche chez le directeur sportif Max Eberl avant les semaines cruciales de cette saison.<\/p>\n<p>\u00ab\u00a0Malheureusement, il y a toujours un risque que les joueurs reviennent des blessures pendant les pauses internationales &#8211; cette fois, cela nous a particuli\u00e8rement frapp\u00e9s.<\/p>\n<div id=\"attachment_411964\" class=\"wp-caption alignleft\" style=\"max-width: 300px\"><img fetchpriority=\"high\" decoding=\"async\" class=\"wp-image-411964 size-medium\" src=\"https:\/\/vieassociative.be\/actualites\/wp-content\/uploads\/2025\/03\/Herber-revers-pour-le-Bayern-Munich-et-Kompany-Davies-et.jpg\" alt=\"\" width=\"300\" height=\"189\"><\/p>\n<p class=\"wp-caption-text\">15.03.2025, Berlin: Dayot Upamecano du Bayern Munich se bat contre Andrej Ilic (R) de Berlin. Photo: Andreas Gora \/ DPA<\/p>\n<\/div>\n<p>\u00ab\u00a0Notre \u00e9quipe est forte et attrapera ces \u00e9checs\u00a0\u00bb, a soulign\u00e9 Eberl presque avec d\u00e9fi. \u00ab\u00a0Nous allons maintenant nous rapprocher. La qualit\u00e9 est l\u00e0 pour continuer \u00e0 poursuivre nos grands objectifs.\u00a0\u00bb<\/p>\n<p>Le d\u00e9fenseur \u00e9tranger Davies (24 ans) manquera les champions allemands du record de football pendant plusieurs mois. L&rsquo;international canadien a \u00e9t\u00e9 gravement bless\u00e9 lors du match international contre les \u00c9tats-Unis (2-1) lorsque son association a \u00e9t\u00e9 initialement accept\u00e9e. Comme l&rsquo;a annonc\u00e9 le FC Bayern apr\u00e8s une enqu\u00eate \u00e0 Munich, Davies a subi une d\u00e9chirure du ligament crois\u00e9 au genou droit et est toujours op\u00e9r\u00e9 aujourd&rsquo;hui.<\/p>\n<p>Une rupture de la blessure doit \u00e9galement prendre le d\u00e9fenseur central Upamecano (26). Des corps conjoints gratuits au genou gauche ont \u00e9t\u00e9 trouv\u00e9s dans l&rsquo;international fran\u00e7ais. Cela signifie que l&rsquo;entra\u00eeneur Vincent Kompany doit se passer de lui pendant plusieurs semaines. Dans le sud-cor\u00e9en Minjae Kim, un autre d\u00e9fenseur central est port\u00e9 disparu en raison de probl\u00e8mes de tendon d&rsquo;Achille. Il s&rsquo;agit de bien contr\u00f4ler le fardeau de Kim, a d\u00e9clar\u00e9 Kompany avant la pause internationale.<\/p>\n<div id=\"attachment_411965\" class=\"wp-caption alignleft\" style=\"max-width: 300px\"><img decoding=\"async\" class=\"wp-image-411965 size-medium\" src=\"https:\/\/vieassociative.be\/actualites\/wp-content\/uploads\/2025\/03\/1742998641_137_Herber-revers-pour-le-Bayern-Munich-et-Kompany-Davies-et.jpg\" alt=\"\" width=\"300\" height=\"222\"><\/p>\n<p class=\"wp-caption-text\">04.03.2025, Bavi\u00e8re, Munich: Alphonso Davies se trouve sur le podium. Photo: Sven Hoppe \/ DPS<\/p>\n<\/div>\n<p>Les Belges s&rsquo;effondrent de plus en plus de soutien \u00e0 la d\u00e9fense. Le rythme de Davies, qui avait sign\u00e9 un nouveau contrat jusqu&rsquo;\u00e0 l&rsquo;\u00e9t\u00e9 2030 d\u00e9but f\u00e9vrier, aucun des candidats de remplacement Hiroki Ito (25) et Rapha\u00ebl Guerreiro (31) dans leur r\u00e9pertoire.<\/p>\n<p>Pour Upamecano, comme par le pass\u00e9, \u00ab\u00a0M. Mr. Reliable\u00a0\u00bb Eric Dier (31 ans) peut intervenir. Avec l&rsquo;Anglais, dont le contrat expire fin juin, le club sait ce qu&rsquo;il a. Dier apporte \u00abquelque chose de fondamental\u00bb pour l&rsquo;\u00e9quipe parce qu&rsquo;il est tr\u00e8s professionnel et remplit toujours son r\u00f4le id\u00e9al, Kompany l&rsquo;a f\u00e9licit\u00e9. Josip Stanisic (24) serait \u00e9galement une option.<\/p>\n<p>Apr\u00e8s la pause internationale, les dirigeants de la Bundesliga sont les semaines d\u00e9cisives au cours desquelles des titres sont attribu\u00e9s. Samedi, le Munich Gates FC St. Pauli. La veille, le poursuivant Bayer Leverkusen peut temporairement s&rsquo;approcher de trois points avec un trio contre VFL Bochum, il y a pr\u00e8s de trois semaines dans la capitale bavaroise. (DPA)<\/p>\n","protected":false},"excerpt":{"rendered":"<p>Le FC Bayern et son entra\u00eeneur Vincent Kompany ont beaucoup de probl\u00e8mes sur la d\u00e9fensive. Alphonso Davies et Dayot Upamecano \u00e9chouent \u00e9galement il y a<\/p>\n","protected":false},"author":1,"featured_media":6171,"comment_status":"","ping_status":"","sticky":false,"template":"","format":"standard","meta":{"footnotes":""},"categories":[298],"tags":[2298,981,6034,172,6033,4024,3449,1374,81,3327,6035],"class_list":["post-6170","post","type-post","status-publish","format-standard","has-post-thumbnail","hentry","category-belgique","tag-bayern","tag-blesse","tag-davies","tag-egalement","tag-herber","tag-kompany","tag-munich","tag-ont","tag-pour","tag-revers","tag-upamecano","generate-columns","tablet-grid-50","mobile-grid-100","grid-parent","grid-33"],"yoast_head":"<!-- This site is optimized with the Yoast SEO plugin v24.0 - https:\/\/yoast.com\/wordpress\/plugins\/seo\/ -->\n<title>Herber revers pour le Bayern Munich et Kompany: Davies et Upamecano ont \u00e9galement bless\u00e9 | Vie Associative<\/title>\n<meta name=\"robots\" content=\"index, follow, max-snippet:-1, max-image-preview:large, max-video-preview:-1\" \/>\n<link rel=\"canonical\" href=\"https:\/\/vieassociative.be\/actualites\/herber-revers-pour-le-bayern-munich-et-kompany-davies-et-upamecano-ont-egalement-blesse\/\" \/>\n<meta property=\"og:locale\" content=\"fr_FR\" \/>\n<meta property=\"og:type\" content=\"article\" \/>\n<meta property=\"og:title\" content=\"Herber revers pour le Bayern Munich et Kompany: Davies et Upamecano ont \u00e9galement bless\u00e9 | Vie Associative\" \/>\n<meta property=\"og:description\" content=\"Le FC Bayern et son entra\u00eeneur Vincent Kompany ont beaucoup de probl\u00e8mes sur la d\u00e9fensive. Alphonso Davies et Dayot Upamecano \u00e9chouent \u00e9galement il y a\" \/>\n<meta property=\"og:url\" content=\"https:\/\/vieassociative.be\/actualites\/herber-revers-pour-le-bayern-munich-et-kompany-davies-et-upamecano-ont-egalement-blesse\/\" \/>\n<meta property=\"og:site_name\" content=\"Vie Associative\" \/>\n<meta property=\"article:published_time\" content=\"2025-03-26T14:17:21+00:00\" \/>\n<meta property=\"og:image\" content=\"https:\/\/vieassociative.be\/actualites\/wp-content\/uploads\/2024\/09\/header_backgroundk-01-e1726694325946.png\" \/>\n\t<meta property=\"og:image:width\" content=\"279\" \/>\n\t<meta property=\"og:image:height\" content=\"92\" \/>\n\t<meta property=\"og:image:type\" content=\"image\/png\" \/>\n<meta name=\"author\" content=\"Julien\" \/>\n<meta name=\"twitter:card\" content=\"summary_large_image\" \/>\n<meta name=\"twitter:label1\" content=\"\u00c9crit par\" \/>\n\t<meta name=\"twitter:data1\" content=\"Julien\" \/>\n\t<meta name=\"twitter:label2\" content=\"Dur\u00e9e de lecture est.\" \/>\n\t<meta name=\"twitter:data2\" content=\"2 minutes\" \/>\n<script type=\"application\/ld+json\" class=\"yoast-schema-graph\">{\"@context\":\"https:\/\/schema.org\",\"@graph\":[{\"@type\":\"Article\",\"@id\":\"https:\/\/vieassociative.be\/actualites\/herber-revers-pour-le-bayern-munich-et-kompany-davies-et-upamecano-ont-egalement-blesse\/#article\",\"isPartOf\":{\"@id\":\"https:\/\/vieassociative.be\/actualites\/herber-revers-pour-le-bayern-munich-et-kompany-davies-et-upamecano-ont-egalement-blesse\/\"},\"author\":{\"name\":\"Julien\",\"@id\":\"https:\/\/vieassociative.be\/actualites\/#\/schema\/person\/b87ac4f82f9d4e7b7cec7395b679edc4\"},\"headline\":\"Herber revers pour le Bayern Munich et Kompany: Davies et Upamecano ont \u00e9galement bless\u00e9\",\"datePublished\":\"2025-03-26T14:17:21+00:00\",\"dateModified\":\"2025-03-26T14:17:21+00:00\",\"mainEntityOfPage\":{\"@id\":\"https:\/\/vieassociative.be\/actualites\/herber-revers-pour-le-bayern-munich-et-kompany-davies-et-upamecano-ont-egalement-blesse\/\"},\"wordCount\":507,\"publisher\":{\"@id\":\"https:\/\/vieassociative.be\/actualites\/#organization\"},\"image\":{\"@id\":\"https:\/\/vieassociative.be\/actualites\/herber-revers-pour-le-bayern-munich-et-kompany-davies-et-upamecano-ont-egalement-blesse\/#primaryimage\"},\"thumbnailUrl\":\"https:\/\/vieassociative.be\/actualites\/wp-content\/uploads\/2025\/03\/1742998642_Herber-revers-pour-le-Bayern-Munich-et-Kompany-Davies-et.jpg\",\"keywords\":[\"Bayern\",\"blesse\",\"Davies\",\"\u00e9galement\",\"Herber\",\"Kompany\",\"Munich\",\"ont\",\"pour\",\"Revers\",\"Upamecano\"],\"articleSection\":[\"Belgique\"],\"inLanguage\":\"fr-BE\"},{\"@type\":\"WebPage\",\"@id\":\"https:\/\/vieassociative.be\/actualites\/herber-revers-pour-le-bayern-munich-et-kompany-davies-et-upamecano-ont-egalement-blesse\/\",\"url\":\"https:\/\/vieassociative.be\/actualites\/herber-revers-pour-le-bayern-munich-et-kompany-davies-et-upamecano-ont-egalement-blesse\/\",\"name\":\"Herber revers pour le Bayern Munich et Kompany: Davies et Upamecano ont \u00e9galement bless\u00e9 | Vie Associative\",\"isPartOf\":{\"@id\":\"https:\/\/vieassociative.be\/actualites\/#website\"},\"primaryImageOfPage\":{\"@id\":\"https:\/\/vieassociative.be\/actualites\/herber-revers-pour-le-bayern-munich-et-kompany-davies-et-upamecano-ont-egalement-blesse\/#primaryimage\"},\"image\":{\"@id\":\"https:\/\/vieassociative.be\/actualites\/herber-revers-pour-le-bayern-munich-et-kompany-davies-et-upamecano-ont-egalement-blesse\/#primaryimage\"},\"thumbnailUrl\":\"https:\/\/vieassociative.be\/actualites\/wp-content\/uploads\/2025\/03\/1742998642_Herber-revers-pour-le-Bayern-Munich-et-Kompany-Davies-et.jpg\",\"datePublished\":\"2025-03-26T14:17:21+00:00\",\"dateModified\":\"2025-03-26T14:17:21+00:00\",\"breadcrumb\":{\"@id\":\"https:\/\/vieassociative.be\/actualites\/herber-revers-pour-le-bayern-munich-et-kompany-davies-et-upamecano-ont-egalement-blesse\/#breadcrumb\"},\"inLanguage\":\"fr-BE\",\"potentialAction\":[{\"@type\":\"ReadAction\",\"target\":[\"https:\/\/vieassociative.be\/actualites\/herber-revers-pour-le-bayern-munich-et-kompany-davies-et-upamecano-ont-egalement-blesse\/\"]}]},{\"@type\":\"ImageObject\",\"inLanguage\":\"fr-BE\",\"@id\":\"https:\/\/vieassociative.be\/actualites\/herber-revers-pour-le-bayern-munich-et-kompany-davies-et-upamecano-ont-egalement-blesse\/#primaryimage\",\"url\":\"https:\/\/vieassociative.be\/actualites\/wp-content\/uploads\/2025\/03\/1742998642_Herber-revers-pour-le-Bayern-Munich-et-Kompany-Davies-et.jpg\",\"contentUrl\":\"https:\/\/vieassociative.be\/actualites\/wp-content\/uploads\/2025\/03\/1742998642_Herber-revers-pour-le-Bayern-Munich-et-Kompany-Davies-et.jpg\",\"width\":1200,\"height\":842,\"caption\":\"Herber revers pour le Bayern Munich et Kompany: Davies et Upamecano ont \u00e9galement bless\u00e9\"},{\"@type\":\"BreadcrumbList\",\"@id\":\"https:\/\/vieassociative.be\/actualites\/herber-revers-pour-le-bayern-munich-et-kompany-davies-et-upamecano-ont-egalement-blesse\/#breadcrumb\",\"itemListElement\":[{\"@type\":\"ListItem\",\"position\":1,\"name\":\"Accueil\",\"item\":\"https:\/\/vieassociative.be\/actualites\/\"},{\"@type\":\"ListItem\",\"position\":2,\"name\":\"Herber revers pour le Bayern Munich et Kompany: Davies et Upamecano ont \u00e9galement bless\u00e9\"}]},{\"@type\":\"WebSite\",\"@id\":\"https:\/\/vieassociative.be\/actualites\/#website\",\"url\":\"https:\/\/vieassociative.be\/actualites\/\",\"name\":\"Vie Associative\",\"description\":\"\",\"publisher\":{\"@id\":\"https:\/\/vieassociative.be\/actualites\/#organization\"},\"potentialAction\":[{\"@type\":\"SearchAction\",\"target\":{\"@type\":\"EntryPoint\",\"urlTemplate\":\"https:\/\/vieassociative.be\/actualites\/?s={search_term_string}\"},\"query-input\":{\"@type\":\"PropertyValueSpecification\",\"valueRequired\":true,\"valueName\":\"search_term_string\"}}],\"inLanguage\":\"fr-BE\"},{\"@type\":\"Organization\",\"@id\":\"https:\/\/vieassociative.be\/actualites\/#organization\",\"name\":\"Vie Associative\",\"url\":\"https:\/\/vieassociative.be\/actualites\/\",\"logo\":{\"@type\":\"ImageObject\",\"inLanguage\":\"fr-BE\",\"@id\":\"https:\/\/vieassociative.be\/actualites\/#\/schema\/logo\/image\/\",\"url\":\"https:\/\/vieassociative.be\/actualites\/wp-content\/uploads\/2024\/09\/cropped-vieassociative_favicon.ico.png\",\"contentUrl\":\"https:\/\/vieassociative.be\/actualites\/wp-content\/uploads\/2024\/09\/cropped-vieassociative_favicon.ico.png\",\"width\":512,\"height\":512,\"caption\":\"Vie Associative\"},\"image\":{\"@id\":\"https:\/\/vieassociative.be\/actualites\/#\/schema\/logo\/image\/\"}},{\"@type\":\"Person\",\"@id\":\"https:\/\/vieassociative.be\/actualites\/#\/schema\/person\/b87ac4f82f9d4e7b7cec7395b679edc4\",\"name\":\"Julien\",\"image\":{\"@type\":\"ImageObject\",\"inLanguage\":\"fr-BE\",\"@id\":\"https:\/\/vieassociative.be\/actualites\/#\/schema\/person\/image\/\",\"url\":\"https:\/\/vieassociative.be\/actualites\/wp-content\/uploads\/2024\/09\/vie-associative-1-150x150.jpg\",\"contentUrl\":\"https:\/\/vieassociative.be\/actualites\/wp-content\/uploads\/2024\/09\/vie-associative-1-150x150.jpg\",\"caption\":\"Julien\"},\"description\":\"Je suis Julien, r\u00e9dacteur pour Vie Associative. Passionn\u00e9 par le monde associatif depuis plus de 10 ans, j'ai \u00e0 c\u0153ur de partager des histoires inspirantes et de mettre en lumi\u00e8re les initiatives locales. Mon objectif est de sensibiliser et d'encourager l'engagement communautaire \u00e0 travers mes articles.\",\"sameAs\":[\"https:\/\/vieassociative.be\/\"]}]}<\/script>\n<!-- \/ Yoast SEO plugin. -->","yoast_head_json":{"title":"Herber revers pour le Bayern Munich et Kompany: Davies et Upamecano ont \u00e9galement bless\u00e9 | Vie Associative","robots":{"index":"index","follow":"follow","max-snippet":"max-snippet:-1","max-image-preview":"max-image-preview:large","max-video-preview":"max-video-preview:-1"},"canonical":"https:\/\/vieassociative.be\/actualites\/herber-revers-pour-le-bayern-munich-et-kompany-davies-et-upamecano-ont-egalement-blesse\/","og_locale":"fr_FR","og_type":"article","og_title":"Herber revers pour le Bayern Munich et Kompany: Davies et Upamecano ont \u00e9galement bless\u00e9 | Vie Associative","og_description":"Le FC Bayern et son entra\u00eeneur Vincent Kompany ont beaucoup de probl\u00e8mes sur la d\u00e9fensive. Alphonso Davies et Dayot Upamecano \u00e9chouent \u00e9galement il y a","og_url":"https:\/\/vieassociative.be\/actualites\/herber-revers-pour-le-bayern-munich-et-kompany-davies-et-upamecano-ont-egalement-blesse\/","og_site_name":"Vie Associative","article_published_time":"2025-03-26T14:17:21+00:00","og_image":[{"width":279,"height":92,"url":"https:\/\/vieassociative.be\/actualites\/wp-content\/uploads\/2024\/09\/header_backgroundk-01-e1726694325946.png","type":"image\/png"}],"author":"Julien","twitter_card":"summary_large_image","twitter_misc":{"\u00c9crit par":"Julien","Dur\u00e9e de lecture est.":"2 minutes"},"schema":{"@context":"https:\/\/schema.org","@graph":[{"@type":"Article","@id":"https:\/\/vieassociative.be\/actualites\/herber-revers-pour-le-bayern-munich-et-kompany-davies-et-upamecano-ont-egalement-blesse\/#article","isPartOf":{"@id":"https:\/\/vieassociative.be\/actualites\/herber-revers-pour-le-bayern-munich-et-kompany-davies-et-upamecano-ont-egalement-blesse\/"},"author":{"name":"Julien","@id":"https:\/\/vieassociative.be\/actualites\/#\/schema\/person\/b87ac4f82f9d4e7b7cec7395b679edc4"},"headline":"Herber revers pour le Bayern Munich et Kompany: Davies et Upamecano ont \u00e9galement bless\u00e9","datePublished":"2025-03-26T14:17:21+00:00","dateModified":"2025-03-26T14:17:21+00:00","mainEntityOfPage":{"@id":"https:\/\/vieassociative.be\/actualites\/herber-revers-pour-le-bayern-munich-et-kompany-davies-et-upamecano-ont-egalement-blesse\/"},"wordCount":507,"publisher":{"@id":"https:\/\/vieassociative.be\/actualites\/#organization"},"image":{"@id":"https:\/\/vieassociative.be\/actualites\/herber-revers-pour-le-bayern-munich-et-kompany-davies-et-upamecano-ont-egalement-blesse\/#primaryimage"},"thumbnailUrl":"https:\/\/vieassociative.be\/actualites\/wp-content\/uploads\/2025\/03\/1742998642_Herber-revers-pour-le-Bayern-Munich-et-Kompany-Davies-et.jpg","keywords":["Bayern","blesse","Davies","\u00e9galement","Herber","Kompany","Munich","ont","pour","Revers","Upamecano"],"articleSection":["Belgique"],"inLanguage":"fr-BE"},{"@type":"WebPage","@id":"https:\/\/vieassociative.be\/actualites\/herber-revers-pour-le-bayern-munich-et-kompany-davies-et-upamecano-ont-egalement-blesse\/","url":"https:\/\/vieassociative.be\/actualites\/herber-revers-pour-le-bayern-munich-et-kompany-davies-et-upamecano-ont-egalement-blesse\/","name":"Herber revers pour le Bayern Munich et Kompany: Davies et Upamecano ont \u00e9galement bless\u00e9 | Vie Associative","isPartOf":{"@id":"https:\/\/vieassociative.be\/actualites\/#website"},"primaryImageOfPage":{"@id":"https:\/\/vieassociative.be\/actualites\/herber-revers-pour-le-bayern-munich-et-kompany-davies-et-upamecano-ont-egalement-blesse\/#primaryimage"},"image":{"@id":"https:\/\/vieassociative.be\/actualites\/herber-revers-pour-le-bayern-munich-et-kompany-davies-et-upamecano-ont-egalement-blesse\/#primaryimage"},"thumbnailUrl":"https:\/\/vieassociative.be\/actualites\/wp-content\/uploads\/2025\/03\/1742998642_Herber-revers-pour-le-Bayern-Munich-et-Kompany-Davies-et.jpg","datePublished":"2025-03-26T14:17:21+00:00","dateModified":"2025-03-26T14:17:21+00:00","breadcrumb":{"@id":"https:\/\/vieassociative.be\/actualites\/herber-revers-pour-le-bayern-munich-et-kompany-davies-et-upamecano-ont-egalement-blesse\/#breadcrumb"},"inLanguage":"fr-BE","potentialAction":[{"@type":"ReadAction","target":["https:\/\/vieassociative.be\/actualites\/herber-revers-pour-le-bayern-munich-et-kompany-davies-et-upamecano-ont-egalement-blesse\/"]}]},{"@type":"ImageObject","inLanguage":"fr-BE","@id":"https:\/\/vieassociative.be\/actualites\/herber-revers-pour-le-bayern-munich-et-kompany-davies-et-upamecano-ont-egalement-blesse\/#primaryimage","url":"https:\/\/vieassociative.be\/actualites\/wp-content\/uploads\/2025\/03\/1742998642_Herber-revers-pour-le-Bayern-Munich-et-Kompany-Davies-et.jpg","contentUrl":"https:\/\/vieassociative.be\/actualites\/wp-content\/uploads\/2025\/03\/1742998642_Herber-revers-pour-le-Bayern-Munich-et-Kompany-Davies-et.jpg","width":1200,"height":842,"caption":"Herber revers pour le Bayern Munich et Kompany: Davies et Upamecano ont \u00e9galement bless\u00e9"},{"@type":"BreadcrumbList","@id":"https:\/\/vieassociative.be\/actualites\/herber-revers-pour-le-bayern-munich-et-kompany-davies-et-upamecano-ont-egalement-blesse\/#breadcrumb","itemListElement":[{"@type":"ListItem","position":1,"name":"Accueil","item":"https:\/\/vieassociative.be\/actualites\/"},{"@type":"ListItem","position":2,"name":"Herber revers pour le Bayern Munich et Kompany: Davies et Upamecano ont \u00e9galement bless\u00e9"}]},{"@type":"WebSite","@id":"https:\/\/vieassociative.be\/actualites\/#website","url":"https:\/\/vieassociative.be\/actualites\/","name":"Vie Associative","description":"","publisher":{"@id":"https:\/\/vieassociative.be\/actualites\/#organization"},"potentialAction":[{"@type":"SearchAction","target":{"@type":"EntryPoint","urlTemplate":"https:\/\/vieassociative.be\/actualites\/?s={search_term_string}"},"query-input":{"@type":"PropertyValueSpecification","valueRequired":true,"valueName":"search_term_string"}}],"inLanguage":"fr-BE"},{"@type":"Organization","@id":"https:\/\/vieassociative.be\/actualites\/#organization","name":"Vie Associative","url":"https:\/\/vieassociative.be\/actualites\/","logo":{"@type":"ImageObject","inLanguage":"fr-BE","@id":"https:\/\/vieassociative.be\/actualites\/#\/schema\/logo\/image\/","url":"https:\/\/vieassociative.be\/actualites\/wp-content\/uploads\/2024\/09\/cropped-vieassociative_favicon.ico.png","contentUrl":"https:\/\/vieassociative.be\/actualites\/wp-content\/uploads\/2024\/09\/cropped-vieassociative_favicon.ico.png","width":512,"height":512,"caption":"Vie Associative"},"image":{"@id":"https:\/\/vieassociative.be\/actualites\/#\/schema\/logo\/image\/"}},{"@type":"Person","@id":"https:\/\/vieassociative.be\/actualites\/#\/schema\/person\/b87ac4f82f9d4e7b7cec7395b679edc4","name":"Julien","image":{"@type":"ImageObject","inLanguage":"fr-BE","@id":"https:\/\/vieassociative.be\/actualites\/#\/schema\/person\/image\/","url":"https:\/\/vieassociative.be\/actualites\/wp-content\/uploads\/2024\/09\/vie-associative-1-150x150.jpg","contentUrl":"https:\/\/vieassociative.be\/actualites\/wp-content\/uploads\/2024\/09\/vie-associative-1-150x150.jpg","caption":"Julien"},"description":"Je suis Julien, r\u00e9dacteur pour Vie Associative. Passionn\u00e9 par le monde associatif depuis plus de 10 ans, j'ai \u00e0 c\u0153ur de partager des histoires inspirantes et de mettre en lumi\u00e8re les initiatives locales. Mon objectif est de sensibiliser et d'encourager l'engagement communautaire \u00e0 travers mes articles.","sameAs":["https:\/\/vieassociative.be\/"]}]}},"_links":{"self":[{"href":"https:\/\/vieassociative.be\/actualites\/wp-json\/wp\/v2\/posts\/6170"}],"collection":[{"href":"https:\/\/vieassociative.be\/actualites\/wp-json\/wp\/v2\/posts"}],"about":[{"href":"https:\/\/vieassociative.be\/actualites\/wp-json\/wp\/v2\/types\/post"}],"author":[{"embeddable":true,"href":"https:\/\/vieassociative.be\/actualites\/wp-json\/wp\/v2\/users\/1"}],"replies":[{"embeddable":true,"href":"https:\/\/vieassociative.be\/actualites\/wp-json\/wp\/v2\/comments?post=6170"}],"version-history":[{"count":0,"href":"https:\/\/vieassociative.be\/actualites\/wp-json\/wp\/v2\/posts\/6170\/revisions"}],"wp:featuredmedia":[{"embeddable":true,"href":"https:\/\/vieassociative.be\/actualites\/wp-json\/wp\/v2\/media\/6171"}],"wp:attachment":[{"href":"https:\/\/vieassociative.be\/actualites\/wp-json\/wp\/v2\/media?parent=6170"}],"wp:term":[{"taxonomy":"category","embeddable":true,"href":"https:\/\/vieassociative.be\/actualites\/wp-json\/wp\/v2\/categories?post=6170"},{"taxonomy":"post_tag","embeddable":true,"href":"https:\/\/vieassociative.be\/actualites\/wp-json\/wp\/v2\/tags?post=6170"}],"curies":[{"name":"wp","href":"https:\/\/api.w.org\/{rel}","templated":true}]}}