{"id":6168,"date":"2025-03-26T14:17:02","date_gmt":"2025-03-26T13:17:02","guid":{"rendered":"https:\/\/vieassociative.be\/actualites\/ces-ecouteurs-soundcore-space-a40-coutent-45-en-ce-moment\/"},"modified":"2025-03-26T14:17:02","modified_gmt":"2025-03-26T13:17:02","slug":"ces-ecouteurs-soundcore-space-a40-coutent-45-en-ce-moment","status":"publish","type":"post","link":"https:\/\/vieassociative.be\/actualites\/ces-ecouteurs-soundcore-space-a40-coutent-45-en-ce-moment\/","title":{"rendered":"Ces \u00e9couteurs SoundCore Space A40 co\u00fbtent 45 $ en ce moment"},"content":{"rendered":"<div class=\"mt-4 leading-6 md:mb-8\">\u00c0 45 $, l&rsquo;espace A40 n&rsquo;essaie pas de remplacer AirPods Pro, mais il offre un solide m\u00e9lange de performances et de fonctionnalit\u00e9s pour le prix.<\/div>\n<p><\/p>\n<p>La grande vente de printemps d&rsquo;Amazon est de retour pour la deuxi\u00e8me fois, et bien que ce ne soit pas tout \u00e0 fait des niveaux d&rsquo;excitation de la journ\u00e9e de premier ordre, il a encore quelques joyaux solides. Vous n&rsquo;avez pas besoin d&rsquo;\u00eatre un membre privil\u00e9gi\u00e9 pour participer, bien qu&rsquo;Amazon affirme que les utilisateurs principaux verront des remises plus profondes. Si vous n&rsquo;\u00eates pas d\u00e9j\u00e0 souscrit mais que vous envisagez quelques choses, cela pourrait \u00eatre utile de vous inscrire \u00e0 un essai gratuit de 30 jours, de charger votre panier, puis de plonger avant le retour du cycle de facturation.<\/p>\n<p>L&rsquo;une des meilleures d\u00e9couvertes de moins de 50 $ de la vente de cette semaine est l&rsquo;Anker Soundcore Space A40. \u00c0 44,99 $, contre 79,99 $, ces \u00e9couteurs sont un achat solide si vous recherchez un excellent audio et un comit\u00e9 de bruit sans d\u00e9penser beaucoup. Nomm\u00e9es les \u00ab\u00a0meilleurs \u00e9couteurs budg\u00e9taires de l&rsquo;ann\u00e9e 2022\u00a0\u00bb par PCMAG, ils offrent une annulation de bruit adaptative, ce qui fonctionne \u00e9tonnamment bien pour le prix (suffisamment pour noyer des bavardages d&rsquo;arri\u00e8re-plan ou le bourdonnement bas de la circulation). La qualit\u00e9 sonore penche chaude et basse, ce qui les rend excellentes pour l&rsquo;EDM ou le hip-hop, mais pas aussi nets pour les podcasts ou la musique acoustique. Ils prennent \u00e9galement en charge LDAC pour l&rsquo;audio haute r\u00e9solution, ce qui est rare dans cette gamme de prix. Vous remarquerez une meilleure profondeur et une meilleure clart\u00e9 si vous \u00eates dans des formats sans perte ou en streaming sur des abonnements musicaux de niveau sup\u00e9rieur. La dur\u00e9e de vie de la batterie est \u00e9galement solide, avec 10 heures avec ANC. Vous pouvez l&rsquo;\u00e9tirer \u00e0 50 heures avec le cas de charge &#8211; beaucoup pour les longs trajets ou un week-end sans chargeur.<\/p>\n<div class=\"pogoClear mb-12 mt-10 rounded-md border-2 border-gray-100 py-7 shadow-xl md:py-6\">\n<div class=\"flex flex-wrap justify-between px-7 text-black no-underline md:flex-nowrap md:px-8\">\n<div class=\"order-1 mx-auto flex flex-col justify-center md:order-2 md:ml-4 md:w-full md:grow\">\n<div class=\"block cursor-pointer text-center font-akshar text-2xl font-medium leading-7 text-brand-green duration-200 ease-in-out hover:text-brand-green-700 md:text-left md:text-xl md:leading-6\">Anker Soundcore Space A40\n                <\/div>\n<div class=\"mt-4 hidden md:flex md:justify-between\">\n<div class=\"self-end\">\n<div class=\"mb-0 h-11 md:flex md:flex-col md:justify-center\">\n<div class=\" font-sans leading-4 text-black\">\n<div class=\"flex flex-wrap items-center justify-center gap-x-1 md:justify-start\">\n        <span class=\"font-bold\"><\/p>\n<p>            44,99 $<br \/>\n                            <span class=\"font-medium\">\u00e0 Amazon<\/span><br \/>\n                    <\/span><br \/>\n                    <img decoding=\"async\" class=\"mt-0 h-(15px)\" src=\"https:\/\/vieassociative.be\/actualites\/wp-content\/uploads\/2025\/03\/Ces-ecouteurs-SoundCore-Space-A40-coutent-45-en-ce.svg.svg+xml\" title=\"Amazon Prime\" alt=\"Amazon Prime\">\n            <\/div>\n<div class=\"flex items-center justify-center gap-x-1 font-bold md:justify-start\">\n            <span class=\"text-sm line-through\">79,99 $<\/span><br \/>\n            <span class=\"text-sm text-brand-green\">\u00c9conomisez 35,00 $<\/span>\n        <\/div>\n<\/p><\/div>\n<\/p><\/div>\n<\/p><\/div>\n<div class=\"w-44 self-end\">\n                            <button class=\"flex justify-center items-center w-full bg-brand-green text-white text-base font-sans font-medium rounded-md hover:bg-brand-green-700 hover:cursor-pointer md:text-sm h-11\"><\/p>\n<p>    Conclure un accord<br \/>\n<\/button>\n                        <\/div>\n<\/p><\/div>\n<\/p><\/div>\n<div class=\"order-2 mt-5 h-auto w-full md:order-1 md:mt-0 md:hidden\">\n<div class=\"flex aspect-video items-center justify-center\">\n                                            <img decoding=\"async\" class=\"m-0 max-h-full max-w-full rounded-md\" src=\"https:\/\/vieassociative.be\/actualites\/wp-content\/uploads\/2025\/03\/Ces-ecouteurs-SoundCore-Space-A40-coutent-45-en-ce.jpg\" alt=\"Anker Soundcore Space A40\" width=\"auto\" height=\"auto\" loading=\"lazy\">\n                                    <\/div>\n<\/p><\/div>\n<div class=\"order-2 ml-2 hidden w-32 shrink-0 items-center md:order-1 md:ml-0 md:flex\">\n<div class=\"flex aspect-video items-center justify-center\">\n                                            <img decoding=\"async\" class=\"m-0 max-h-full max-w-full rounded-md\" src=\"https:\/\/vieassociative.be\/actualites\/wp-content\/uploads\/2025\/03\/Ces-ecouteurs-SoundCore-Space-A40-coutent-45-en-ce.jpg\" alt=\"Anker Soundcore Space A40\" width=\"auto\" height=\"auto\" loading=\"lazy\">\n                                    <\/div>\n<\/p><\/div>\n<div class=\"order-3 flex grow flex-wrap md:hidden md:grow-0\">\n<div class=\"mt-4 w-full\">\n                        <button class=\"flex justify-center items-center w-full bg-brand-green text-white text-base font-sans font-medium rounded-md hover:bg-brand-green-700 hover:cursor-pointer md:text-sm h-11\"><\/p>\n<p>    Conclure un accord<br \/>\n<\/button>\n                    <\/div>\n<div class=\"mx-2 mt-4 w-full\">\n<div class=\" font-sans leading-4 text-black\">\n<div class=\"flex flex-wrap items-center justify-center gap-x-1 md:justify-start\">\n        <span class=\"font-bold\"><\/p>\n<p>            44,99 $<br \/>\n                            <span class=\"font-medium\">\u00e0 Amazon<\/span><br \/>\n                    <\/span><br \/>\n                    <img decoding=\"async\" class=\"mt-0 h-(15px)\" src=\"https:\/\/vieassociative.be\/actualites\/wp-content\/uploads\/2025\/03\/Ces-ecouteurs-SoundCore-Space-A40-coutent-45-en-ce.svg.svg+xml\" title=\"Amazon Prime\" alt=\"Amazon Prime\">\n            <\/div>\n<div class=\"flex items-center justify-center gap-x-1 font-bold md:justify-start\">\n            <span class=\"text-sm line-through\">79,99 $<\/span><br \/>\n            <span class=\"text-sm text-brand-green\">\u00c9conomisez 35,00 $<\/span>\n        <\/div>\n<\/p><\/div>\n<\/p><\/div>\n<\/p><\/div>\n<\/p><\/div>\n<\/div>\n<p>Le support de l&rsquo;application est bon &#8211; vous pouvez modifier l&rsquo;\u00e9galiseur, basculer ANC et trouver des \u00e9couteurs perdus via l&rsquo;application de Soundcore, selon cette revue PCMAG. Cela dit, certaines choses pourraient \u00eatre utiles \u00e0 l&rsquo;esprit. Les commandes tactiles de ces \u00e9couteurs peuvent \u00eatre capricieuses, surtout si vous \u00eates le genre de personne qui s&rsquo;adapte fr\u00e9quemment \u00e0 l&rsquo;\u00e9coute. Et bien que le bruit de bruit fonctionne bien pour la plupart des utilisations quotidiennes, cela ne va pas battre les grands noms comme Sony ou Bose. De plus, l&rsquo;ajustement est ajust\u00e9 mais pas super s\u00fbr pour les s\u00e9ances d&rsquo;entra\u00eenement, ce qui est en train de consid\u00e9rer si vous les achetez pour le gymnase. Mais \u00e0 45 $, ils frappent bien au-dessus de leur poids et sont un vol pour tous ceux qui veulent un son propre, une longue dur\u00e9e de vie de la batterie et une ANC d\u00e9cente pour moins de 50 $.<\/p>\n<div class=\"pogoClear relative my-10 border-b-(1.5px) border-t-(1.5px) border-dashed border-black py-5 sm:my-14 sm:border-0 sm:py-0\" x-cloak x-data=\"{ commentsCount: null }\" x-init=\"commentsCount = await window.openweb.getMessagesCount(122420)\" x-show=\"commentsCount !== null &amp;&amp; commentsCount &gt; 0\">\n<div class=\"absolute top-1\/2 hidden w-full -translate-y-1\/2 border-t-(1.5px) border-dashed border-black sm:block\"><\/div>\n<div class=\"relative flex justify-center\">\n<div class=\"flex max-w-max items-center gap-x-3 bg-white px-5\">\n<div class=\"relative\">\n                <span class=\"absolute left-1\/2 top-1\/2 -translate-x-1\/2 -translate-y-1\/2 font-akshar text-sm font-medium text-black\" x-text=\"commentsCount\"><\/span><\/p>\n<p>                <svg class=\"h-8 w-8 text-black\">\n                    <use href=\"http:\/\/lifehacker.com\/images\/icons\/spritemap.svg#sprite-chat-bubble\"><\/use>\n                <\/svg>\n            <\/div>\n<p>            <span class=\"text-sm font-medium text-black\">Que pensez-vous jusqu&rsquo;\u00e0 pr\u00e9sent? <button class=\"font-semibold text-brand-green underline hover:text-brand-green-700\" onclick=\"window.openweb.scrollToComments(122420)\">Publier un commentaire.<\/button><\/span>\n        <\/div>\n<\/p><\/div>\n<\/div>\n<hr>\n<p><em>Shopping for Tech? Vie Associative peut vous aider \u00e0 prendre la bonne d\u00e9cision. Parcourez nos critiques technologiques et nos comparaisons en t\u00eate-\u00e0-t\u00eate pour tout, des ordinateurs portables et des montres intelligentes aux v\u00e9los \u00e9lectriques et aux gymnases \u00e0 domicile. Abonnez-vous \u00e0 notre newsletter d&rsquo;offres, ajoutez \u00e0 CART<\/em><em>pour les meilleures ventes envoy\u00e9es dans votre bo\u00eete de r\u00e9ception, ou parcourez nos meilleures listes directement sur Amazon, notamment:<\/em><\/p>\n<ul>\n<li>\n<p><em>Le meilleur \u00e9couteur surr\u00e9<\/em><\/p>\n<\/li>\n<li>\n<p><em>Les meilleurs \u00e9couteurs sans fil<\/em><\/p>\n<\/li>\n<li>\n<p><em>Les meilleurs ensembles d&rsquo;halt\u00e8res r\u00e9glables<\/em><\/p>\n<\/li>\n<li>\n<p><em>Les meilleurs projecteurs<\/em><\/p>\n<\/li>\n<\/ul>\n","protected":false},"excerpt":{"rendered":"<p>\u00c0 45 $, l&rsquo;espace A40 n&rsquo;essaie pas de remplacer AirPods Pro, mais il offre un solide m\u00e9lange de performances et de fonctionnalit\u00e9s pour le prix.<\/p>\n","protected":false},"author":1,"featured_media":6169,"comment_status":"","ping_status":"","sticky":false,"template":"","format":"standard","meta":{"footnotes":""},"categories":[13],"tags":[6032,248,2244,1537,1429,5381,6031],"class_list":["post-6168","post","type-post","status-publish","format-standard","has-post-thumbnail","hentry","category-technologie","tag-a40","tag-ces","tag-coutent","tag-ecouteurs","tag-moment","tag-soundcore","tag-space","generate-columns","tablet-grid-50","mobile-grid-100","grid-parent","grid-33"],"yoast_head":"<!-- This site is optimized with the Yoast SEO plugin v24.0 - https:\/\/yoast.com\/wordpress\/plugins\/seo\/ -->\n<title>Ces \u00e9couteurs SoundCore Space A40 co\u00fbtent 45 $ en ce moment | Vie Associative<\/title>\n<meta name=\"robots\" content=\"index, follow, max-snippet:-1, max-image-preview:large, max-video-preview:-1\" \/>\n<link rel=\"canonical\" href=\"https:\/\/vieassociative.be\/actualites\/ces-ecouteurs-soundcore-space-a40-coutent-45-en-ce-moment\/\" \/>\n<meta property=\"og:locale\" content=\"fr_FR\" \/>\n<meta property=\"og:type\" content=\"article\" \/>\n<meta property=\"og:title\" content=\"Ces \u00e9couteurs SoundCore Space A40 co\u00fbtent 45 $ en ce moment | Vie Associative\" \/>\n<meta property=\"og:description\" content=\"\u00c0 45 $, l&rsquo;espace A40 n&rsquo;essaie pas de remplacer AirPods Pro, mais il offre un solide m\u00e9lange de performances et de fonctionnalit\u00e9s pour le prix.\" \/>\n<meta property=\"og:url\" content=\"https:\/\/vieassociative.be\/actualites\/ces-ecouteurs-soundcore-space-a40-coutent-45-en-ce-moment\/\" \/>\n<meta property=\"og:site_name\" content=\"Vie Associative\" \/>\n<meta property=\"article:published_time\" content=\"2025-03-26T13:17:02+00:00\" \/>\n<meta property=\"og:image\" content=\"https:\/\/vieassociative.be\/actualites\/wp-content\/uploads\/2025\/03\/Ces-ecouteurs-SoundCore-Space-A40-coutent-45-en-ce.svg.svg+xml\" \/>\n<meta name=\"author\" content=\"Julien\" \/>\n<meta name=\"twitter:card\" content=\"summary_large_image\" \/>\n<meta name=\"twitter:label1\" content=\"\u00c9crit par\" \/>\n\t<meta name=\"twitter:data1\" content=\"Julien\" \/>\n\t<meta name=\"twitter:label2\" content=\"Dur\u00e9e de lecture est.\" \/>\n\t<meta name=\"twitter:data2\" content=\"3 minutes\" \/>\n<script type=\"application\/ld+json\" class=\"yoast-schema-graph\">{\"@context\":\"https:\/\/schema.org\",\"@graph\":[{\"@type\":\"Article\",\"@id\":\"https:\/\/vieassociative.be\/actualites\/ces-ecouteurs-soundcore-space-a40-coutent-45-en-ce-moment\/#article\",\"isPartOf\":{\"@id\":\"https:\/\/vieassociative.be\/actualites\/ces-ecouteurs-soundcore-space-a40-coutent-45-en-ce-moment\/\"},\"author\":{\"name\":\"Julien\",\"@id\":\"https:\/\/vieassociative.be\/actualites\/#\/schema\/person\/b87ac4f82f9d4e7b7cec7395b679edc4\"},\"headline\":\"Ces \u00e9couteurs SoundCore Space A40 co\u00fbtent 45 $ en ce moment\",\"datePublished\":\"2025-03-26T13:17:02+00:00\",\"dateModified\":\"2025-03-26T13:17:02+00:00\",\"mainEntityOfPage\":{\"@id\":\"https:\/\/vieassociative.be\/actualites\/ces-ecouteurs-soundcore-space-a40-coutent-45-en-ce-moment\/\"},\"wordCount\":615,\"publisher\":{\"@id\":\"https:\/\/vieassociative.be\/actualites\/#organization\"},\"image\":{\"@id\":\"https:\/\/vieassociative.be\/actualites\/ces-ecouteurs-soundcore-space-a40-coutent-45-en-ce-moment\/#primaryimage\"},\"thumbnailUrl\":\"https:\/\/vieassociative.be\/actualites\/wp-content\/uploads\/2025\/03\/Ces-ecouteurs-SoundCore-Space-A40-coutent-45-en-ce.png\",\"keywords\":[\"A40\",\"ces\",\"co\u00fbtent\",\"\u00e9couteurs\",\"moment\",\"SoundCore\",\"Space\"],\"articleSection\":[\"Technologie\"],\"inLanguage\":\"fr-BE\"},{\"@type\":\"WebPage\",\"@id\":\"https:\/\/vieassociative.be\/actualites\/ces-ecouteurs-soundcore-space-a40-coutent-45-en-ce-moment\/\",\"url\":\"https:\/\/vieassociative.be\/actualites\/ces-ecouteurs-soundcore-space-a40-coutent-45-en-ce-moment\/\",\"name\":\"Ces \u00e9couteurs SoundCore Space A40 co\u00fbtent 45 $ en ce moment | Vie Associative\",\"isPartOf\":{\"@id\":\"https:\/\/vieassociative.be\/actualites\/#website\"},\"primaryImageOfPage\":{\"@id\":\"https:\/\/vieassociative.be\/actualites\/ces-ecouteurs-soundcore-space-a40-coutent-45-en-ce-moment\/#primaryimage\"},\"image\":{\"@id\":\"https:\/\/vieassociative.be\/actualites\/ces-ecouteurs-soundcore-space-a40-coutent-45-en-ce-moment\/#primaryimage\"},\"thumbnailUrl\":\"https:\/\/vieassociative.be\/actualites\/wp-content\/uploads\/2025\/03\/Ces-ecouteurs-SoundCore-Space-A40-coutent-45-en-ce.png\",\"datePublished\":\"2025-03-26T13:17:02+00:00\",\"dateModified\":\"2025-03-26T13:17:02+00:00\",\"breadcrumb\":{\"@id\":\"https:\/\/vieassociative.be\/actualites\/ces-ecouteurs-soundcore-space-a40-coutent-45-en-ce-moment\/#breadcrumb\"},\"inLanguage\":\"fr-BE\",\"potentialAction\":[{\"@type\":\"ReadAction\",\"target\":[\"https:\/\/vieassociative.be\/actualites\/ces-ecouteurs-soundcore-space-a40-coutent-45-en-ce-moment\/\"]}]},{\"@type\":\"ImageObject\",\"inLanguage\":\"fr-BE\",\"@id\":\"https:\/\/vieassociative.be\/actualites\/ces-ecouteurs-soundcore-space-a40-coutent-45-en-ce-moment\/#primaryimage\",\"url\":\"https:\/\/vieassociative.be\/actualites\/wp-content\/uploads\/2025\/03\/Ces-ecouteurs-SoundCore-Space-A40-coutent-45-en-ce.png\",\"contentUrl\":\"https:\/\/vieassociative.be\/actualites\/wp-content\/uploads\/2025\/03\/Ces-ecouteurs-SoundCore-Space-A40-coutent-45-en-ce.png\",\"width\":1200,\"height\":675,\"caption\":\"Ces \u00e9couteurs SoundCore Space A40 co\u00fbtent 45 $ en ce moment\"},{\"@type\":\"BreadcrumbList\",\"@id\":\"https:\/\/vieassociative.be\/actualites\/ces-ecouteurs-soundcore-space-a40-coutent-45-en-ce-moment\/#breadcrumb\",\"itemListElement\":[{\"@type\":\"ListItem\",\"position\":1,\"name\":\"Accueil\",\"item\":\"https:\/\/vieassociative.be\/actualites\/\"},{\"@type\":\"ListItem\",\"position\":2,\"name\":\"Ces \u00e9couteurs SoundCore Space A40 co\u00fbtent 45 $ en ce moment\"}]},{\"@type\":\"WebSite\",\"@id\":\"https:\/\/vieassociative.be\/actualites\/#website\",\"url\":\"https:\/\/vieassociative.be\/actualites\/\",\"name\":\"Vie Associative\",\"description\":\"\",\"publisher\":{\"@id\":\"https:\/\/vieassociative.be\/actualites\/#organization\"},\"potentialAction\":[{\"@type\":\"SearchAction\",\"target\":{\"@type\":\"EntryPoint\",\"urlTemplate\":\"https:\/\/vieassociative.be\/actualites\/?s={search_term_string}\"},\"query-input\":{\"@type\":\"PropertyValueSpecification\",\"valueRequired\":true,\"valueName\":\"search_term_string\"}}],\"inLanguage\":\"fr-BE\"},{\"@type\":\"Organization\",\"@id\":\"https:\/\/vieassociative.be\/actualites\/#organization\",\"name\":\"Vie Associative\",\"url\":\"https:\/\/vieassociative.be\/actualites\/\",\"logo\":{\"@type\":\"ImageObject\",\"inLanguage\":\"fr-BE\",\"@id\":\"https:\/\/vieassociative.be\/actualites\/#\/schema\/logo\/image\/\",\"url\":\"https:\/\/vieassociative.be\/actualites\/wp-content\/uploads\/2024\/09\/cropped-vieassociative_favicon.ico.png\",\"contentUrl\":\"https:\/\/vieassociative.be\/actualites\/wp-content\/uploads\/2024\/09\/cropped-vieassociative_favicon.ico.png\",\"width\":512,\"height\":512,\"caption\":\"Vie Associative\"},\"image\":{\"@id\":\"https:\/\/vieassociative.be\/actualites\/#\/schema\/logo\/image\/\"}},{\"@type\":\"Person\",\"@id\":\"https:\/\/vieassociative.be\/actualites\/#\/schema\/person\/b87ac4f82f9d4e7b7cec7395b679edc4\",\"name\":\"Julien\",\"image\":{\"@type\":\"ImageObject\",\"inLanguage\":\"fr-BE\",\"@id\":\"https:\/\/vieassociative.be\/actualites\/#\/schema\/person\/image\/\",\"url\":\"https:\/\/vieassociative.be\/actualites\/wp-content\/uploads\/2024\/09\/vie-associative-1-150x150.jpg\",\"contentUrl\":\"https:\/\/vieassociative.be\/actualites\/wp-content\/uploads\/2024\/09\/vie-associative-1-150x150.jpg\",\"caption\":\"Julien\"},\"description\":\"Je suis Julien, r\u00e9dacteur pour Vie Associative. Passionn\u00e9 par le monde associatif depuis plus de 10 ans, j'ai \u00e0 c\u0153ur de partager des histoires inspirantes et de mettre en lumi\u00e8re les initiatives locales. Mon objectif est de sensibiliser et d'encourager l'engagement communautaire \u00e0 travers mes articles.\",\"sameAs\":[\"https:\/\/vieassociative.be\/\"]}]}<\/script>\n<!-- \/ Yoast SEO plugin. -->","yoast_head_json":{"title":"Ces \u00e9couteurs SoundCore Space A40 co\u00fbtent 45 $ en ce moment | Vie Associative","robots":{"index":"index","follow":"follow","max-snippet":"max-snippet:-1","max-image-preview":"max-image-preview:large","max-video-preview":"max-video-preview:-1"},"canonical":"https:\/\/vieassociative.be\/actualites\/ces-ecouteurs-soundcore-space-a40-coutent-45-en-ce-moment\/","og_locale":"fr_FR","og_type":"article","og_title":"Ces \u00e9couteurs SoundCore Space A40 co\u00fbtent 45 $ en ce moment | Vie Associative","og_description":"\u00c0 45 $, l&rsquo;espace A40 n&rsquo;essaie pas de remplacer AirPods Pro, mais il offre un solide m\u00e9lange de performances et de fonctionnalit\u00e9s pour le prix.","og_url":"https:\/\/vieassociative.be\/actualites\/ces-ecouteurs-soundcore-space-a40-coutent-45-en-ce-moment\/","og_site_name":"Vie Associative","article_published_time":"2025-03-26T13:17:02+00:00","og_image":[{"url":"https:\/\/vieassociative.be\/actualites\/wp-content\/uploads\/2025\/03\/Ces-ecouteurs-SoundCore-Space-A40-coutent-45-en-ce.svg.svg+xml","type":"","width":"","height":""}],"author":"Julien","twitter_card":"summary_large_image","twitter_misc":{"\u00c9crit par":"Julien","Dur\u00e9e de lecture est.":"3 minutes"},"schema":{"@context":"https:\/\/schema.org","@graph":[{"@type":"Article","@id":"https:\/\/vieassociative.be\/actualites\/ces-ecouteurs-soundcore-space-a40-coutent-45-en-ce-moment\/#article","isPartOf":{"@id":"https:\/\/vieassociative.be\/actualites\/ces-ecouteurs-soundcore-space-a40-coutent-45-en-ce-moment\/"},"author":{"name":"Julien","@id":"https:\/\/vieassociative.be\/actualites\/#\/schema\/person\/b87ac4f82f9d4e7b7cec7395b679edc4"},"headline":"Ces \u00e9couteurs SoundCore Space A40 co\u00fbtent 45 $ en ce moment","datePublished":"2025-03-26T13:17:02+00:00","dateModified":"2025-03-26T13:17:02+00:00","mainEntityOfPage":{"@id":"https:\/\/vieassociative.be\/actualites\/ces-ecouteurs-soundcore-space-a40-coutent-45-en-ce-moment\/"},"wordCount":615,"publisher":{"@id":"https:\/\/vieassociative.be\/actualites\/#organization"},"image":{"@id":"https:\/\/vieassociative.be\/actualites\/ces-ecouteurs-soundcore-space-a40-coutent-45-en-ce-moment\/#primaryimage"},"thumbnailUrl":"https:\/\/vieassociative.be\/actualites\/wp-content\/uploads\/2025\/03\/Ces-ecouteurs-SoundCore-Space-A40-coutent-45-en-ce.png","keywords":["A40","ces","co\u00fbtent","\u00e9couteurs","moment","SoundCore","Space"],"articleSection":["Technologie"],"inLanguage":"fr-BE"},{"@type":"WebPage","@id":"https:\/\/vieassociative.be\/actualites\/ces-ecouteurs-soundcore-space-a40-coutent-45-en-ce-moment\/","url":"https:\/\/vieassociative.be\/actualites\/ces-ecouteurs-soundcore-space-a40-coutent-45-en-ce-moment\/","name":"Ces \u00e9couteurs SoundCore Space A40 co\u00fbtent 45 $ en ce moment | Vie Associative","isPartOf":{"@id":"https:\/\/vieassociative.be\/actualites\/#website"},"primaryImageOfPage":{"@id":"https:\/\/vieassociative.be\/actualites\/ces-ecouteurs-soundcore-space-a40-coutent-45-en-ce-moment\/#primaryimage"},"image":{"@id":"https:\/\/vieassociative.be\/actualites\/ces-ecouteurs-soundcore-space-a40-coutent-45-en-ce-moment\/#primaryimage"},"thumbnailUrl":"https:\/\/vieassociative.be\/actualites\/wp-content\/uploads\/2025\/03\/Ces-ecouteurs-SoundCore-Space-A40-coutent-45-en-ce.png","datePublished":"2025-03-26T13:17:02+00:00","dateModified":"2025-03-26T13:17:02+00:00","breadcrumb":{"@id":"https:\/\/vieassociative.be\/actualites\/ces-ecouteurs-soundcore-space-a40-coutent-45-en-ce-moment\/#breadcrumb"},"inLanguage":"fr-BE","potentialAction":[{"@type":"ReadAction","target":["https:\/\/vieassociative.be\/actualites\/ces-ecouteurs-soundcore-space-a40-coutent-45-en-ce-moment\/"]}]},{"@type":"ImageObject","inLanguage":"fr-BE","@id":"https:\/\/vieassociative.be\/actualites\/ces-ecouteurs-soundcore-space-a40-coutent-45-en-ce-moment\/#primaryimage","url":"https:\/\/vieassociative.be\/actualites\/wp-content\/uploads\/2025\/03\/Ces-ecouteurs-SoundCore-Space-A40-coutent-45-en-ce.png","contentUrl":"https:\/\/vieassociative.be\/actualites\/wp-content\/uploads\/2025\/03\/Ces-ecouteurs-SoundCore-Space-A40-coutent-45-en-ce.png","width":1200,"height":675,"caption":"Ces \u00e9couteurs SoundCore Space A40 co\u00fbtent 45 $ en ce moment"},{"@type":"BreadcrumbList","@id":"https:\/\/vieassociative.be\/actualites\/ces-ecouteurs-soundcore-space-a40-coutent-45-en-ce-moment\/#breadcrumb","itemListElement":[{"@type":"ListItem","position":1,"name":"Accueil","item":"https:\/\/vieassociative.be\/actualites\/"},{"@type":"ListItem","position":2,"name":"Ces \u00e9couteurs SoundCore Space A40 co\u00fbtent 45 $ en ce moment"}]},{"@type":"WebSite","@id":"https:\/\/vieassociative.be\/actualites\/#website","url":"https:\/\/vieassociative.be\/actualites\/","name":"Vie Associative","description":"","publisher":{"@id":"https:\/\/vieassociative.be\/actualites\/#organization"},"potentialAction":[{"@type":"SearchAction","target":{"@type":"EntryPoint","urlTemplate":"https:\/\/vieassociative.be\/actualites\/?s={search_term_string}"},"query-input":{"@type":"PropertyValueSpecification","valueRequired":true,"valueName":"search_term_string"}}],"inLanguage":"fr-BE"},{"@type":"Organization","@id":"https:\/\/vieassociative.be\/actualites\/#organization","name":"Vie Associative","url":"https:\/\/vieassociative.be\/actualites\/","logo":{"@type":"ImageObject","inLanguage":"fr-BE","@id":"https:\/\/vieassociative.be\/actualites\/#\/schema\/logo\/image\/","url":"https:\/\/vieassociative.be\/actualites\/wp-content\/uploads\/2024\/09\/cropped-vieassociative_favicon.ico.png","contentUrl":"https:\/\/vieassociative.be\/actualites\/wp-content\/uploads\/2024\/09\/cropped-vieassociative_favicon.ico.png","width":512,"height":512,"caption":"Vie Associative"},"image":{"@id":"https:\/\/vieassociative.be\/actualites\/#\/schema\/logo\/image\/"}},{"@type":"Person","@id":"https:\/\/vieassociative.be\/actualites\/#\/schema\/person\/b87ac4f82f9d4e7b7cec7395b679edc4","name":"Julien","image":{"@type":"ImageObject","inLanguage":"fr-BE","@id":"https:\/\/vieassociative.be\/actualites\/#\/schema\/person\/image\/","url":"https:\/\/vieassociative.be\/actualites\/wp-content\/uploads\/2024\/09\/vie-associative-1-150x150.jpg","contentUrl":"https:\/\/vieassociative.be\/actualites\/wp-content\/uploads\/2024\/09\/vie-associative-1-150x150.jpg","caption":"Julien"},"description":"Je suis Julien, r\u00e9dacteur pour Vie Associative. Passionn\u00e9 par le monde associatif depuis plus de 10 ans, j'ai \u00e0 c\u0153ur de partager des histoires inspirantes et de mettre en lumi\u00e8re les initiatives locales. Mon objectif est de sensibiliser et d'encourager l'engagement communautaire \u00e0 travers mes articles.","sameAs":["https:\/\/vieassociative.be\/"]}]}},"_links":{"self":[{"href":"https:\/\/vieassociative.be\/actualites\/wp-json\/wp\/v2\/posts\/6168"}],"collection":[{"href":"https:\/\/vieassociative.be\/actualites\/wp-json\/wp\/v2\/posts"}],"about":[{"href":"https:\/\/vieassociative.be\/actualites\/wp-json\/wp\/v2\/types\/post"}],"author":[{"embeddable":true,"href":"https:\/\/vieassociative.be\/actualites\/wp-json\/wp\/v2\/users\/1"}],"replies":[{"embeddable":true,"href":"https:\/\/vieassociative.be\/actualites\/wp-json\/wp\/v2\/comments?post=6168"}],"version-history":[{"count":0,"href":"https:\/\/vieassociative.be\/actualites\/wp-json\/wp\/v2\/posts\/6168\/revisions"}],"wp:featuredmedia":[{"embeddable":true,"href":"https:\/\/vieassociative.be\/actualites\/wp-json\/wp\/v2\/media\/6169"}],"wp:attachment":[{"href":"https:\/\/vieassociative.be\/actualites\/wp-json\/wp\/v2\/media?parent=6168"}],"wp:term":[{"taxonomy":"category","embeddable":true,"href":"https:\/\/vieassociative.be\/actualites\/wp-json\/wp\/v2\/categories?post=6168"},{"taxonomy":"post_tag","embeddable":true,"href":"https:\/\/vieassociative.be\/actualites\/wp-json\/wp\/v2\/tags?post=6168"}],"curies":[{"name":"wp","href":"https:\/\/api.w.org\/{rel}","templated":true}]}}