{"id":6165,"date":"2025-03-26T09:19:23","date_gmt":"2025-03-26T08:19:23","guid":{"rendered":"https:\/\/vieassociative.be\/actualites\/mort-des-deux-ans-old-emile-en-france-grands-parents-du-garcon-en-garde-a-vue\/"},"modified":"2025-03-26T09:19:23","modified_gmt":"2025-03-26T08:19:23","slug":"mort-des-deux-ans-old-emile-en-france-grands-parents-du-garcon-en-garde-a-vue","status":"publish","type":"post","link":"https:\/\/vieassociative.be\/actualites\/mort-des-deux-ans-old-emile-en-france-grands-parents-du-garcon-en-garde-a-vue\/","title":{"rendered":"Mort des deux ans -old \u00c9mile en France: grands-parents du gar\u00e7on en garde \u00e0 vue"},"content":{"rendered":"<p><strong>Le cas de Little \u00c9mile a fait la une des journaux \u00e0 travers l&rsquo;Europe: \u00e0 l&rsquo;\u00e9t\u00e9 2023, le gar\u00e7on de deux ans dispara\u00eet dans un village fran\u00e7ais. Des mois plus tard, son cr\u00e2ne est trouv\u00e9, la cause du d\u00e9c\u00e8s reste claire. Maintenant, une partie de la famille est dans les vues des enqu\u00eateurs.<\/strong><\/p>\n<p><span id=\"more-411897\"><\/span>Plus d&rsquo;un an et demi apr\u00e8s la disparition des deux ans en \u00e9mile en France, les grands-parents de l&rsquo;enfant sont apparus aux enqu\u00eateurs. Au cours de la pr\u00e9sum\u00e9e meurtre intentionnelle et du retrait non autoris\u00e9 de l&rsquo;organisme, ils sont venus en garde \u00e0 vue, comme l&rsquo;a annonc\u00e9 le bureau du procureur Aix-en-Provence.<\/p>\n<div id=\"attachment_356386\" class=\"wp-caption alignleft\" style=\"max-width: 300px\"><img fetchpriority=\"high\" decoding=\"async\" class=\"wp-image-356386 size-medium\" src=\"https:\/\/vieassociative.be\/actualites\/wp-content\/uploads\/2025\/03\/Mort-des-deux-ans-old-Emile-en-France-grands-parents-du.jpg\" alt=\"\" width=\"300\" height=\"200\"  ><\/p>\n<p class=\"wp-caption-text\">07\/10\/2023, France, Le Vernet: Les b\u00e9n\u00e9voles participent \u00e0 une recherche d&rsquo;un \u00c9mile de deux ans et demi dans l&rsquo;Alpenorf Le Vernet Southern France. Photo: Nicolas Tucat \/ AFP \/ DPA<\/p>\n<\/div>\n<p>Deux enfants adultes du couple sont \u00e9galement entr\u00e9s en garde. Cela fait partie d&rsquo;une phase de l&rsquo;enqu\u00eate dans laquelle les informations qui avaient \u00e9t\u00e9 collect\u00e9es au cours des derniers mois seraient v\u00e9rifi\u00e9es, a indiqu\u00e9 l&rsquo;autorit\u00e9 d&rsquo;enqu\u00eate.<\/p>\n<p>Qu&rsquo;est-ce qui est connu jusqu&rsquo;\u00e0 pr\u00e9sent? \u00c9mile a disparu \u00e0 l&rsquo;\u00e9t\u00e9 2023 dans le sud du village de la montagne fran\u00e7aise de Le Vernet. Les deux ans et demi \u00e9taient en vacances avec ses grands-parents lorsqu&rsquo;ils l&rsquo;ont perdu de vue le 8 juillet dans la soir\u00e9e selon les informations pr\u00e9c\u00e9dentes. Deux t\u00e9moins ont d\u00e9clar\u00e9 avoir vu l&rsquo;enfant courir dans une rue.<\/p>\n<p>\u00c0 maintes reprises, la police avait fouill\u00e9 les environs avec un grand contingent dans les jours et les semaines qui ont suivi la disparition du gar\u00e7on. L&rsquo;affaire avait caus\u00e9 l&rsquo;horreur en France. Il y a pr\u00e8s d&rsquo;un an, un marcheur a trouv\u00e9 le cr\u00e2ne de l&rsquo;enfant pr\u00e8s du village.<\/p>\n<p>Apr\u00e8s la d\u00e9couverte de l&rsquo;os, les enqu\u00eateurs n&rsquo;avaient initialement aucune certitude quant \u00e0 la cause du d\u00e9c\u00e8s. \u00ab\u00a0Entre une chute de l&rsquo;enfant, le meurtre et le meurtre n\u00e9gligent, nous ne pouvons toujours pas consid\u00e9rer aucune th\u00e8se plus susceptible que l&rsquo;autre d&rsquo;expliquer la disparition et la mort de l&rsquo;enfant \u00c9mile\u00a0\u00bb, a d\u00e9clar\u00e9 le procureur Jean-Luc Blachon quelques jours. (DPA \/ CRE)<\/p>\n","protected":false},"excerpt":{"rendered":"<p>Le cas de Little \u00c9mile a fait la une des journaux \u00e0 travers l&rsquo;Europe: \u00e0 l&rsquo;\u00e9t\u00e9 2023, le gar\u00e7on de deux ans dispara\u00eet dans un<\/p>\n","protected":false},"author":1,"featured_media":6166,"comment_status":"","ping_status":"","sticky":false,"template":"","format":"standard","meta":{"footnotes":""},"categories":[298],"tags":[584,29,114,6029,2444,6030,903,1593,1717,3034],"class_list":["post-6165","post","type-post","status-publish","format-standard","has-post-thumbnail","hentry","category-belgique","tag-ans","tag-des","tag-deux","tag-emile","tag-france","tag-garcon","tag-garde","tag-grandsparents","tag-mort","tag-vue","generate-columns","tablet-grid-50","mobile-grid-100","grid-parent","grid-33"],"yoast_head":"<!-- This site is optimized with the Yoast SEO plugin v24.0 - https:\/\/yoast.com\/wordpress\/plugins\/seo\/ -->\n<title>Mort des deux ans -old \u00c9mile en France: grands-parents du gar\u00e7on en garde \u00e0 vue | Vie Associative<\/title>\n<meta name=\"robots\" content=\"index, follow, max-snippet:-1, max-image-preview:large, max-video-preview:-1\" \/>\n<link rel=\"canonical\" href=\"https:\/\/vieassociative.be\/actualites\/mort-des-deux-ans-old-emile-en-france-grands-parents-du-garcon-en-garde-a-vue\/\" \/>\n<meta property=\"og:locale\" content=\"fr_FR\" \/>\n<meta property=\"og:type\" content=\"article\" \/>\n<meta property=\"og:title\" content=\"Mort des deux ans -old \u00c9mile en France: grands-parents du gar\u00e7on en garde \u00e0 vue | Vie Associative\" \/>\n<meta property=\"og:description\" content=\"Le cas de Little \u00c9mile a fait la une des journaux \u00e0 travers l&rsquo;Europe: \u00e0 l&rsquo;\u00e9t\u00e9 2023, le gar\u00e7on de deux ans dispara\u00eet dans un\" \/>\n<meta property=\"og:url\" content=\"https:\/\/vieassociative.be\/actualites\/mort-des-deux-ans-old-emile-en-france-grands-parents-du-garcon-en-garde-a-vue\/\" \/>\n<meta property=\"og:site_name\" content=\"Vie Associative\" \/>\n<meta property=\"article:published_time\" content=\"2025-03-26T08:19:23+00:00\" \/>\n<meta property=\"og:image\" content=\"https:\/\/vieassociative.be\/actualites\/wp-content\/uploads\/2024\/09\/header_backgroundk-01-e1726694325946.png\" \/>\n\t<meta property=\"og:image:width\" content=\"279\" \/>\n\t<meta property=\"og:image:height\" content=\"92\" \/>\n\t<meta property=\"og:image:type\" content=\"image\/png\" \/>\n<meta name=\"author\" content=\"Julien\" \/>\n<meta name=\"twitter:card\" content=\"summary_large_image\" \/>\n<meta name=\"twitter:label1\" content=\"\u00c9crit par\" \/>\n\t<meta name=\"twitter:data1\" content=\"Julien\" \/>\n\t<meta name=\"twitter:label2\" content=\"Dur\u00e9e de lecture est.\" \/>\n\t<meta name=\"twitter:data2\" content=\"2 minutes\" \/>\n<script type=\"application\/ld+json\" class=\"yoast-schema-graph\">{\"@context\":\"https:\/\/schema.org\",\"@graph\":[{\"@type\":\"Article\",\"@id\":\"https:\/\/vieassociative.be\/actualites\/mort-des-deux-ans-old-emile-en-france-grands-parents-du-garcon-en-garde-a-vue\/#article\",\"isPartOf\":{\"@id\":\"https:\/\/vieassociative.be\/actualites\/mort-des-deux-ans-old-emile-en-france-grands-parents-du-garcon-en-garde-a-vue\/\"},\"author\":{\"name\":\"Julien\",\"@id\":\"https:\/\/vieassociative.be\/actualites\/#\/schema\/person\/b87ac4f82f9d4e7b7cec7395b679edc4\"},\"headline\":\"Mort des deux ans -old \u00c9mile en France: grands-parents du gar\u00e7on en garde \u00e0 vue\",\"datePublished\":\"2025-03-26T08:19:23+00:00\",\"dateModified\":\"2025-03-26T08:19:23+00:00\",\"mainEntityOfPage\":{\"@id\":\"https:\/\/vieassociative.be\/actualites\/mort-des-deux-ans-old-emile-en-france-grands-parents-du-garcon-en-garde-a-vue\/\"},\"wordCount\":408,\"publisher\":{\"@id\":\"https:\/\/vieassociative.be\/actualites\/#organization\"},\"image\":{\"@id\":\"https:\/\/vieassociative.be\/actualites\/mort-des-deux-ans-old-emile-en-france-grands-parents-du-garcon-en-garde-a-vue\/#primaryimage\"},\"thumbnailUrl\":\"https:\/\/vieassociative.be\/actualites\/wp-content\/uploads\/2025\/03\/1742977164_Mort-des-deux-ans-old-Emile-en-France-grands-parents-du.jpg\",\"keywords\":[\"ans\",\"Des\",\"deux\",\"\u00c9mile\",\"France\",\"gar\u00e7on\",\"garde\",\"grandsparents\",\"mort\",\"vue\"],\"articleSection\":[\"Belgique\"],\"inLanguage\":\"fr-BE\"},{\"@type\":\"WebPage\",\"@id\":\"https:\/\/vieassociative.be\/actualites\/mort-des-deux-ans-old-emile-en-france-grands-parents-du-garcon-en-garde-a-vue\/\",\"url\":\"https:\/\/vieassociative.be\/actualites\/mort-des-deux-ans-old-emile-en-france-grands-parents-du-garcon-en-garde-a-vue\/\",\"name\":\"Mort des deux ans -old \u00c9mile en France: grands-parents du gar\u00e7on en garde \u00e0 vue | Vie Associative\",\"isPartOf\":{\"@id\":\"https:\/\/vieassociative.be\/actualites\/#website\"},\"primaryImageOfPage\":{\"@id\":\"https:\/\/vieassociative.be\/actualites\/mort-des-deux-ans-old-emile-en-france-grands-parents-du-garcon-en-garde-a-vue\/#primaryimage\"},\"image\":{\"@id\":\"https:\/\/vieassociative.be\/actualites\/mort-des-deux-ans-old-emile-en-france-grands-parents-du-garcon-en-garde-a-vue\/#primaryimage\"},\"thumbnailUrl\":\"https:\/\/vieassociative.be\/actualites\/wp-content\/uploads\/2025\/03\/1742977164_Mort-des-deux-ans-old-Emile-en-France-grands-parents-du.jpg\",\"datePublished\":\"2025-03-26T08:19:23+00:00\",\"dateModified\":\"2025-03-26T08:19:23+00:00\",\"breadcrumb\":{\"@id\":\"https:\/\/vieassociative.be\/actualites\/mort-des-deux-ans-old-emile-en-france-grands-parents-du-garcon-en-garde-a-vue\/#breadcrumb\"},\"inLanguage\":\"fr-BE\",\"potentialAction\":[{\"@type\":\"ReadAction\",\"target\":[\"https:\/\/vieassociative.be\/actualites\/mort-des-deux-ans-old-emile-en-france-grands-parents-du-garcon-en-garde-a-vue\/\"]}]},{\"@type\":\"ImageObject\",\"inLanguage\":\"fr-BE\",\"@id\":\"https:\/\/vieassociative.be\/actualites\/mort-des-deux-ans-old-emile-en-france-grands-parents-du-garcon-en-garde-a-vue\/#primaryimage\",\"url\":\"https:\/\/vieassociative.be\/actualites\/wp-content\/uploads\/2025\/03\/1742977164_Mort-des-deux-ans-old-Emile-en-France-grands-parents-du.jpg\",\"contentUrl\":\"https:\/\/vieassociative.be\/actualites\/wp-content\/uploads\/2025\/03\/1742977164_Mort-des-deux-ans-old-Emile-en-France-grands-parents-du.jpg\",\"width\":1200,\"height\":800,\"caption\":\"Mort des deux ans -old \u00c9mile en France: grands-parents du gar\u00e7on en garde \u00e0 vue\"},{\"@type\":\"BreadcrumbList\",\"@id\":\"https:\/\/vieassociative.be\/actualites\/mort-des-deux-ans-old-emile-en-france-grands-parents-du-garcon-en-garde-a-vue\/#breadcrumb\",\"itemListElement\":[{\"@type\":\"ListItem\",\"position\":1,\"name\":\"Accueil\",\"item\":\"https:\/\/vieassociative.be\/actualites\/\"},{\"@type\":\"ListItem\",\"position\":2,\"name\":\"Mort des deux ans -old \u00c9mile en France: grands-parents du gar\u00e7on en garde \u00e0 vue\"}]},{\"@type\":\"WebSite\",\"@id\":\"https:\/\/vieassociative.be\/actualites\/#website\",\"url\":\"https:\/\/vieassociative.be\/actualites\/\",\"name\":\"Vie Associative\",\"description\":\"\",\"publisher\":{\"@id\":\"https:\/\/vieassociative.be\/actualites\/#organization\"},\"potentialAction\":[{\"@type\":\"SearchAction\",\"target\":{\"@type\":\"EntryPoint\",\"urlTemplate\":\"https:\/\/vieassociative.be\/actualites\/?s={search_term_string}\"},\"query-input\":{\"@type\":\"PropertyValueSpecification\",\"valueRequired\":true,\"valueName\":\"search_term_string\"}}],\"inLanguage\":\"fr-BE\"},{\"@type\":\"Organization\",\"@id\":\"https:\/\/vieassociative.be\/actualites\/#organization\",\"name\":\"Vie Associative\",\"url\":\"https:\/\/vieassociative.be\/actualites\/\",\"logo\":{\"@type\":\"ImageObject\",\"inLanguage\":\"fr-BE\",\"@id\":\"https:\/\/vieassociative.be\/actualites\/#\/schema\/logo\/image\/\",\"url\":\"https:\/\/vieassociative.be\/actualites\/wp-content\/uploads\/2024\/09\/cropped-vieassociative_favicon.ico.png\",\"contentUrl\":\"https:\/\/vieassociative.be\/actualites\/wp-content\/uploads\/2024\/09\/cropped-vieassociative_favicon.ico.png\",\"width\":512,\"height\":512,\"caption\":\"Vie Associative\"},\"image\":{\"@id\":\"https:\/\/vieassociative.be\/actualites\/#\/schema\/logo\/image\/\"}},{\"@type\":\"Person\",\"@id\":\"https:\/\/vieassociative.be\/actualites\/#\/schema\/person\/b87ac4f82f9d4e7b7cec7395b679edc4\",\"name\":\"Julien\",\"image\":{\"@type\":\"ImageObject\",\"inLanguage\":\"fr-BE\",\"@id\":\"https:\/\/vieassociative.be\/actualites\/#\/schema\/person\/image\/\",\"url\":\"https:\/\/vieassociative.be\/actualites\/wp-content\/uploads\/2024\/09\/vie-associative-1-150x150.jpg\",\"contentUrl\":\"https:\/\/vieassociative.be\/actualites\/wp-content\/uploads\/2024\/09\/vie-associative-1-150x150.jpg\",\"caption\":\"Julien\"},\"description\":\"Je suis Julien, r\u00e9dacteur pour Vie Associative. Passionn\u00e9 par le monde associatif depuis plus de 10 ans, j'ai \u00e0 c\u0153ur de partager des histoires inspirantes et de mettre en lumi\u00e8re les initiatives locales. Mon objectif est de sensibiliser et d'encourager l'engagement communautaire \u00e0 travers mes articles.\",\"sameAs\":[\"https:\/\/vieassociative.be\/\"]}]}<\/script>\n<!-- \/ Yoast SEO plugin. -->","yoast_head_json":{"title":"Mort des deux ans -old \u00c9mile en France: grands-parents du gar\u00e7on en garde \u00e0 vue | Vie Associative","robots":{"index":"index","follow":"follow","max-snippet":"max-snippet:-1","max-image-preview":"max-image-preview:large","max-video-preview":"max-video-preview:-1"},"canonical":"https:\/\/vieassociative.be\/actualites\/mort-des-deux-ans-old-emile-en-france-grands-parents-du-garcon-en-garde-a-vue\/","og_locale":"fr_FR","og_type":"article","og_title":"Mort des deux ans -old \u00c9mile en France: grands-parents du gar\u00e7on en garde \u00e0 vue | Vie Associative","og_description":"Le cas de Little \u00c9mile a fait la une des journaux \u00e0 travers l&rsquo;Europe: \u00e0 l&rsquo;\u00e9t\u00e9 2023, le gar\u00e7on de deux ans dispara\u00eet dans un","og_url":"https:\/\/vieassociative.be\/actualites\/mort-des-deux-ans-old-emile-en-france-grands-parents-du-garcon-en-garde-a-vue\/","og_site_name":"Vie Associative","article_published_time":"2025-03-26T08:19:23+00:00","og_image":[{"width":279,"height":92,"url":"https:\/\/vieassociative.be\/actualites\/wp-content\/uploads\/2024\/09\/header_backgroundk-01-e1726694325946.png","type":"image\/png"}],"author":"Julien","twitter_card":"summary_large_image","twitter_misc":{"\u00c9crit par":"Julien","Dur\u00e9e de lecture est.":"2 minutes"},"schema":{"@context":"https:\/\/schema.org","@graph":[{"@type":"Article","@id":"https:\/\/vieassociative.be\/actualites\/mort-des-deux-ans-old-emile-en-france-grands-parents-du-garcon-en-garde-a-vue\/#article","isPartOf":{"@id":"https:\/\/vieassociative.be\/actualites\/mort-des-deux-ans-old-emile-en-france-grands-parents-du-garcon-en-garde-a-vue\/"},"author":{"name":"Julien","@id":"https:\/\/vieassociative.be\/actualites\/#\/schema\/person\/b87ac4f82f9d4e7b7cec7395b679edc4"},"headline":"Mort des deux ans -old \u00c9mile en France: grands-parents du gar\u00e7on en garde \u00e0 vue","datePublished":"2025-03-26T08:19:23+00:00","dateModified":"2025-03-26T08:19:23+00:00","mainEntityOfPage":{"@id":"https:\/\/vieassociative.be\/actualites\/mort-des-deux-ans-old-emile-en-france-grands-parents-du-garcon-en-garde-a-vue\/"},"wordCount":408,"publisher":{"@id":"https:\/\/vieassociative.be\/actualites\/#organization"},"image":{"@id":"https:\/\/vieassociative.be\/actualites\/mort-des-deux-ans-old-emile-en-france-grands-parents-du-garcon-en-garde-a-vue\/#primaryimage"},"thumbnailUrl":"https:\/\/vieassociative.be\/actualites\/wp-content\/uploads\/2025\/03\/1742977164_Mort-des-deux-ans-old-Emile-en-France-grands-parents-du.jpg","keywords":["ans","Des","deux","\u00c9mile","France","gar\u00e7on","garde","grandsparents","mort","vue"],"articleSection":["Belgique"],"inLanguage":"fr-BE"},{"@type":"WebPage","@id":"https:\/\/vieassociative.be\/actualites\/mort-des-deux-ans-old-emile-en-france-grands-parents-du-garcon-en-garde-a-vue\/","url":"https:\/\/vieassociative.be\/actualites\/mort-des-deux-ans-old-emile-en-france-grands-parents-du-garcon-en-garde-a-vue\/","name":"Mort des deux ans -old \u00c9mile en France: grands-parents du gar\u00e7on en garde \u00e0 vue | Vie Associative","isPartOf":{"@id":"https:\/\/vieassociative.be\/actualites\/#website"},"primaryImageOfPage":{"@id":"https:\/\/vieassociative.be\/actualites\/mort-des-deux-ans-old-emile-en-france-grands-parents-du-garcon-en-garde-a-vue\/#primaryimage"},"image":{"@id":"https:\/\/vieassociative.be\/actualites\/mort-des-deux-ans-old-emile-en-france-grands-parents-du-garcon-en-garde-a-vue\/#primaryimage"},"thumbnailUrl":"https:\/\/vieassociative.be\/actualites\/wp-content\/uploads\/2025\/03\/1742977164_Mort-des-deux-ans-old-Emile-en-France-grands-parents-du.jpg","datePublished":"2025-03-26T08:19:23+00:00","dateModified":"2025-03-26T08:19:23+00:00","breadcrumb":{"@id":"https:\/\/vieassociative.be\/actualites\/mort-des-deux-ans-old-emile-en-france-grands-parents-du-garcon-en-garde-a-vue\/#breadcrumb"},"inLanguage":"fr-BE","potentialAction":[{"@type":"ReadAction","target":["https:\/\/vieassociative.be\/actualites\/mort-des-deux-ans-old-emile-en-france-grands-parents-du-garcon-en-garde-a-vue\/"]}]},{"@type":"ImageObject","inLanguage":"fr-BE","@id":"https:\/\/vieassociative.be\/actualites\/mort-des-deux-ans-old-emile-en-france-grands-parents-du-garcon-en-garde-a-vue\/#primaryimage","url":"https:\/\/vieassociative.be\/actualites\/wp-content\/uploads\/2025\/03\/1742977164_Mort-des-deux-ans-old-Emile-en-France-grands-parents-du.jpg","contentUrl":"https:\/\/vieassociative.be\/actualites\/wp-content\/uploads\/2025\/03\/1742977164_Mort-des-deux-ans-old-Emile-en-France-grands-parents-du.jpg","width":1200,"height":800,"caption":"Mort des deux ans -old \u00c9mile en France: grands-parents du gar\u00e7on en garde \u00e0 vue"},{"@type":"BreadcrumbList","@id":"https:\/\/vieassociative.be\/actualites\/mort-des-deux-ans-old-emile-en-france-grands-parents-du-garcon-en-garde-a-vue\/#breadcrumb","itemListElement":[{"@type":"ListItem","position":1,"name":"Accueil","item":"https:\/\/vieassociative.be\/actualites\/"},{"@type":"ListItem","position":2,"name":"Mort des deux ans -old \u00c9mile en France: grands-parents du gar\u00e7on en garde \u00e0 vue"}]},{"@type":"WebSite","@id":"https:\/\/vieassociative.be\/actualites\/#website","url":"https:\/\/vieassociative.be\/actualites\/","name":"Vie Associative","description":"","publisher":{"@id":"https:\/\/vieassociative.be\/actualites\/#organization"},"potentialAction":[{"@type":"SearchAction","target":{"@type":"EntryPoint","urlTemplate":"https:\/\/vieassociative.be\/actualites\/?s={search_term_string}"},"query-input":{"@type":"PropertyValueSpecification","valueRequired":true,"valueName":"search_term_string"}}],"inLanguage":"fr-BE"},{"@type":"Organization","@id":"https:\/\/vieassociative.be\/actualites\/#organization","name":"Vie Associative","url":"https:\/\/vieassociative.be\/actualites\/","logo":{"@type":"ImageObject","inLanguage":"fr-BE","@id":"https:\/\/vieassociative.be\/actualites\/#\/schema\/logo\/image\/","url":"https:\/\/vieassociative.be\/actualites\/wp-content\/uploads\/2024\/09\/cropped-vieassociative_favicon.ico.png","contentUrl":"https:\/\/vieassociative.be\/actualites\/wp-content\/uploads\/2024\/09\/cropped-vieassociative_favicon.ico.png","width":512,"height":512,"caption":"Vie Associative"},"image":{"@id":"https:\/\/vieassociative.be\/actualites\/#\/schema\/logo\/image\/"}},{"@type":"Person","@id":"https:\/\/vieassociative.be\/actualites\/#\/schema\/person\/b87ac4f82f9d4e7b7cec7395b679edc4","name":"Julien","image":{"@type":"ImageObject","inLanguage":"fr-BE","@id":"https:\/\/vieassociative.be\/actualites\/#\/schema\/person\/image\/","url":"https:\/\/vieassociative.be\/actualites\/wp-content\/uploads\/2024\/09\/vie-associative-1-150x150.jpg","contentUrl":"https:\/\/vieassociative.be\/actualites\/wp-content\/uploads\/2024\/09\/vie-associative-1-150x150.jpg","caption":"Julien"},"description":"Je suis Julien, r\u00e9dacteur pour Vie Associative. Passionn\u00e9 par le monde associatif depuis plus de 10 ans, j'ai \u00e0 c\u0153ur de partager des histoires inspirantes et de mettre en lumi\u00e8re les initiatives locales. Mon objectif est de sensibiliser et d'encourager l'engagement communautaire \u00e0 travers mes articles.","sameAs":["https:\/\/vieassociative.be\/"]}]}},"_links":{"self":[{"href":"https:\/\/vieassociative.be\/actualites\/wp-json\/wp\/v2\/posts\/6165"}],"collection":[{"href":"https:\/\/vieassociative.be\/actualites\/wp-json\/wp\/v2\/posts"}],"about":[{"href":"https:\/\/vieassociative.be\/actualites\/wp-json\/wp\/v2\/types\/post"}],"author":[{"embeddable":true,"href":"https:\/\/vieassociative.be\/actualites\/wp-json\/wp\/v2\/users\/1"}],"replies":[{"embeddable":true,"href":"https:\/\/vieassociative.be\/actualites\/wp-json\/wp\/v2\/comments?post=6165"}],"version-history":[{"count":0,"href":"https:\/\/vieassociative.be\/actualites\/wp-json\/wp\/v2\/posts\/6165\/revisions"}],"wp:featuredmedia":[{"embeddable":true,"href":"https:\/\/vieassociative.be\/actualites\/wp-json\/wp\/v2\/media\/6166"}],"wp:attachment":[{"href":"https:\/\/vieassociative.be\/actualites\/wp-json\/wp\/v2\/media?parent=6165"}],"wp:term":[{"taxonomy":"category","embeddable":true,"href":"https:\/\/vieassociative.be\/actualites\/wp-json\/wp\/v2\/categories?post=6165"},{"taxonomy":"post_tag","embeddable":true,"href":"https:\/\/vieassociative.be\/actualites\/wp-json\/wp\/v2\/tags?post=6165"}],"curies":[{"name":"wp","href":"https:\/\/api.w.org\/{rel}","templated":true}]}}