{"id":6163,"date":"2025-03-26T08:17:32","date_gmt":"2025-03-26T07:17:32","guid":{"rendered":"https:\/\/vieassociative.be\/actualites\/les-meilleures-offres-sur-les-trackers-de-fitness-et-les-montres-intelligentes-lors-de-la-grande-vente-de-printemps-damazon\/"},"modified":"2025-03-26T08:17:32","modified_gmt":"2025-03-26T07:17:32","slug":"les-meilleures-offres-sur-les-trackers-de-fitness-et-les-montres-intelligentes-lors-de-la-grande-vente-de-printemps-damazon","status":"publish","type":"post","link":"https:\/\/vieassociative.be\/actualites\/les-meilleures-offres-sur-les-trackers-de-fitness-et-les-montres-intelligentes-lors-de-la-grande-vente-de-printemps-damazon\/","title":{"rendered":"Les meilleures offres sur les trackers de fitness et les montres intelligentes lors de la grande vente de printemps d&rsquo;Amazon"},"content":{"rendered":"<div class=\"mt-4 leading-6 md:mb-8\">Les montres d&rsquo;Apple, Garmin, Fitbit et Samsung sont toutes en vente.<\/div>\n<p><\/p>\n<p>Amazon Big Spring Sale est maintenant, une mini version de Prime Day qui a inspir\u00e9 des ventes concurrentes chez Target et Walmart. De nombreux trackers de fitness et montres intelligentes font partie des articles \u00e0 prix r\u00e9duits. Voici mes choix pour les meilleures offres, y compris les montres d&rsquo;Apple, Garmin, Fitbit et Samsung.<\/p>\n<h2 id=\"apple-watches\">Montres Apple<\/h2>\n<p>Le <strong>Apple Watch SE<\/strong>la version la plus budg\u00e9taire de cette smartwatch, est disponible \u00e0 partir de 169 $ aujourd&rsquo;hui. (Comme pour toutes les montres Apple, le prix augmente si vous voulez une taille plus grande ou si vous achetez la version avec une connectivit\u00e9 cellulaire.) C&rsquo;est 32% sur le prix d&rsquo;origine de 249 $.<\/p>\n<p>Le <strong>Apple Watch Series 10<\/strong>celui que nous avons couronn\u00e9 le meilleur Apple Watch pour la plupart des gens, est disponible pour 299 $ et plus aujourd&rsquo;hui, en baisse par rapport au prix r\u00e9gulier de 399 $. Encore une fois, c&rsquo;est la version plus petite et non cellulaire, avec des mises \u00e0 niveau ajoutant un peu, mais toutes les tailles et types sont en vente.<\/p>\n<div class=\"pogoClear mb-12 mt-10 rounded-md border-2 border-gray-100 py-7 shadow-xl md:py-6\">\n<div class=\"flex flex-wrap justify-between px-7 text-black no-underline md:flex-nowrap md:px-8\">\n<div class=\"order-1 mx-auto flex flex-col justify-center md:order-2 md:ml-4 md:w-full md:grow\">\n<div class=\"block cursor-pointer text-center font-akshar text-2xl font-medium leading-7 text-brand-green duration-200 ease-in-out hover:text-brand-green-700 md:text-left md:text-xl md:leading-6\">Apple Watch Series 10 (GPS 42mm) avec \u00e9tui en aluminium Black \u00e0 Jet avec boucle de sport \u00e0 encre. Tracker de fitness, application ECG, affichage de r\u00e9tine toujours-on, Neutre en carbone\n                <\/div>\n<div class=\"mt-4 hidden md:flex md:justify-between\">\n<div class=\"self-end\">\n<div class=\"mb-0 h-11 md:flex md:flex-col md:justify-center\">\n<div class=\" font-sans leading-4 text-black\">\n<div class=\"flex flex-wrap items-center justify-center gap-x-1 md:justify-start\">\n        <span class=\"font-bold\"><\/p>\n<p>            299,00 $<br \/>\n                            <span class=\"font-medium\">\u00e0 Walmart<\/span><br \/>\n                    <\/span>\n            <\/div>\n<div class=\"flex items-center justify-center gap-x-1 font-bold md:justify-start\">\n            <span class=\"text-sm line-through\">399,00 $<\/span><br \/>\n            <span class=\"text-sm text-brand-green\">\u00c9conomisez 100,00 $<\/span>\n        <\/div>\n<\/p><\/div>\n<\/p><\/div>\n<\/p><\/div>\n<div class=\"w-44 self-end\">\n                            <button class=\"flex justify-center items-center w-full bg-brand-green text-white text-base font-sans font-medium rounded-md hover:bg-brand-green-700 hover:cursor-pointer md:text-sm h-11\"><\/p>\n<p>    Conclure un accord<br \/>\n<\/button>\n                        <\/div>\n<\/p><\/div>\n<\/p><\/div>\n<div class=\"order-2 mt-5 h-auto w-full md:order-1 md:mt-0 md:hidden\">\n<div class=\"flex aspect-video items-center justify-center\">\n                                            <img decoding=\"async\" class=\"m-0 max-h-full max-w-full rounded-md\" src=\"https:\/\/vieassociative.be\/actualites\/wp-content\/uploads\/2025\/03\/Les-meilleures-offres-sur-les-trackers-de-fitness-et-les.jpg\" alt=\"Apple Watch Series 10 (GPS 42mm) avec \u00e9tui en aluminium Black \u00e0 Jet avec boucle de sport \u00e0 encre. Tracker de fitness, application ECG, affichage de r\u00e9tine toujours-on, Neutre en carbone\" width=\"auto\" height=\"auto\" loading=\"lazy\">\n                                    <\/div>\n<\/p><\/div>\n<div class=\"order-2 ml-2 hidden w-32 shrink-0 items-center md:order-1 md:ml-0 md:flex\">\n<div class=\"flex aspect-video items-center justify-center\">\n                                            <img decoding=\"async\" class=\"m-0 max-h-full max-w-full rounded-md\" src=\"https:\/\/vieassociative.be\/actualites\/wp-content\/uploads\/2025\/03\/Les-meilleures-offres-sur-les-trackers-de-fitness-et-les.jpg\" alt=\"Apple Watch Series 10 (GPS 42mm) avec \u00e9tui en aluminium Black \u00e0 Jet avec boucle de sport \u00e0 encre. Tracker de fitness, application ECG, affichage de r\u00e9tine toujours-on, Neutre en carbone\" width=\"auto\" height=\"auto\" loading=\"lazy\">\n                                    <\/div>\n<\/p><\/div>\n<div class=\"order-3 flex grow flex-wrap md:hidden md:grow-0\">\n<div class=\"mt-4 w-full\">\n                        <button class=\"flex justify-center items-center w-full bg-brand-green text-white text-base font-sans font-medium rounded-md hover:bg-brand-green-700 hover:cursor-pointer md:text-sm h-11\"><\/p>\n<p>    Conclure un accord<br \/>\n<\/button>\n                    <\/div>\n<div class=\"mx-2 mt-4 w-full\">\n<div class=\" font-sans leading-4 text-black\">\n<div class=\"flex flex-wrap items-center justify-center gap-x-1 md:justify-start\">\n        <span class=\"font-bold\"><\/p>\n<p>            299,00 $<br \/>\n                            <span class=\"font-medium\">\u00e0 Walmart<\/span><br \/>\n                    <\/span>\n            <\/div>\n<div class=\"flex items-center justify-center gap-x-1 font-bold md:justify-start\">\n            <span class=\"text-sm line-through\">399,00 $<\/span><br \/>\n            <span class=\"text-sm text-brand-green\">\u00c9conomisez 100,00 $<\/span>\n        <\/div>\n<\/p><\/div>\n<\/p><\/div>\n<\/p><\/div>\n<\/p><\/div>\n<\/div>\n<h2 id=\"garmin-fitness-watches\">Montres Garmin Fitness<\/h2>\n<p>Garmin <strong>Pr\u00e9curseur 55<\/strong> est toujours sur cette vente il y a quelques jours, lorsque l&rsquo;\u00e9crivain de nos offres de Vie Associative, Daniel Oropeza, l&rsquo;a signal\u00e9 comme son accord pr\u00e9f\u00e9r\u00e9 de la journ\u00e9e. C&rsquo;est 149 $, un prix avantageux pour une montre de course qui fait toutes les bases. Il suivra votre rythme, votre emplacement, votre fr\u00e9quence cardiaque, votre sommeil et plus encore. Il a une sensation r\u00e9tro, avec son \u00e9cran MIP et sa navigation sur les bouton au lieu d&rsquo;un \u00e9cran tactile. Mais vous ne pouvez vraiment pas battre le prix. <\/p>\n<p>Deux autres montres de pr\u00e9curseur de g\u00e9n\u00e9ration plus ancienne sont \u00e9galement en vente aujourd&rsquo;hui, et comme elles se terminent toutes les deux par -55, vous savez qu&rsquo;ils ont le m\u00eame \u00e9cran MIP, qui r\u00e9fl\u00e9chit au soleil et a besoin d&rsquo;un r\u00e9tro-\u00e9clairage dans l&rsquo;obscurit\u00e9 pour les \u00e9clairer. (De nombreux coureurs pr\u00e9f\u00e8rent MIP aux \u00e9crans AMOLED de style Smartwatch, alors qui suis-je pour juger?) <\/p>\n<p>Mis \u00e0 part l&rsquo;\u00e9cran, le <strong>Pr\u00e9curseur 255<\/strong>un vol \u00e0 229 $ aujourd&rsquo;hui, et il est presque identique \u00e0 ma montre de course pr\u00e9f\u00e9r\u00e9e, The Forerunner 265. (La seule autre fonctionnalit\u00e9 majeure qui manque? Music Storage, mais vous pouvez obtenir un <strong>Forerunner 255 Musique<\/strong> pour seulement 20 $ de plus.) Cela dit, le <strong>Pr\u00e9curseur 265<\/strong> est <em>aussi<\/em> En vente aujourd&rsquo;hui, pour 399 $, soit 50 $ de r\u00e9duction sur son prix habituel. <\/p>\n<div class=\"pogoClear mb-12 mt-10 rounded-md border-2 border-gray-100 py-7 shadow-xl md:py-6\">\n<div class=\"flex flex-wrap justify-between px-7 text-black no-underline md:flex-nowrap md:px-8\">\n<div class=\"order-1 mx-auto flex flex-col justify-center md:order-2 md:ml-4 md:w-full md:grow\">\n<div class=\"block cursor-pointer text-center font-akshar text-2xl font-medium leading-7 text-brand-green duration-200 ease-in-out hover:text-brand-green-700 md:text-left md:text-xl md:leading-6\">Garmin Forerunner 255 GPS ex\u00e9cutant une smartwatch (gris)\n                <\/div>\n<div class=\"mt-4 hidden md:flex md:justify-between\">\n<div class=\"self-end\">\n<div class=\"mb-0 h-11 md:flex md:flex-col md:justify-center\">\n<div class=\" font-sans leading-4 text-black\">\n<div class=\"flex flex-wrap items-center justify-center gap-x-1 md:justify-start\">\n        <span class=\"font-bold\"><\/p>\n<p>            229,99 $<br \/>\n                            <span class=\"font-medium\">\u00e0 Walmart<\/span><br \/>\n                    <\/span>\n            <\/div>\n<div class=\"flex items-center justify-center gap-x-1 font-bold md:justify-start\">\n            <span class=\"text-sm line-through\">349,99 $<\/span><br \/>\n            <span class=\"text-sm text-brand-green\">\u00c9conomisez 120,00 $<\/span>\n        <\/div>\n<\/p><\/div>\n<\/p><\/div>\n<\/p><\/div>\n<div class=\"w-44 self-end\">\n                            <button class=\"flex justify-center items-center w-full bg-brand-green text-white text-base font-sans font-medium rounded-md hover:bg-brand-green-700 hover:cursor-pointer md:text-sm h-11\"><\/p>\n<p>    Conclure un accord<br \/>\n<\/button>\n                        <\/div>\n<\/p><\/div>\n<\/p><\/div>\n<div class=\"order-2 mt-5 h-auto w-full md:order-1 md:mt-0 md:hidden\">\n<div class=\"flex aspect-video items-center justify-center\">\n                                            <img decoding=\"async\" class=\"m-0 max-h-full max-w-full rounded-md\" src=\"https:\/\/vieassociative.be\/actualites\/wp-content\/uploads\/2025\/03\/1742973452_382_Les-meilleures-offres-sur-les-trackers-de-fitness-et-les.jpg\" alt=\"Garmin Forerunner 255 GPS ex\u00e9cutant une smartwatch (gris)\" width=\"auto\" height=\"auto\" loading=\"lazy\">\n                                    <\/div>\n<\/p><\/div>\n<div class=\"order-2 ml-2 hidden w-32 shrink-0 items-center md:order-1 md:ml-0 md:flex\">\n<div class=\"flex aspect-video items-center justify-center\">\n                                            <img decoding=\"async\" class=\"m-0 max-h-full max-w-full rounded-md\" src=\"https:\/\/vieassociative.be\/actualites\/wp-content\/uploads\/2025\/03\/1742973452_382_Les-meilleures-offres-sur-les-trackers-de-fitness-et-les.jpg\" alt=\"Garmin Forerunner 255 GPS ex\u00e9cutant une smartwatch (gris)\" width=\"auto\" height=\"auto\" loading=\"lazy\">\n                                    <\/div>\n<\/p><\/div>\n<div class=\"order-3 flex grow flex-wrap md:hidden md:grow-0\">\n<div class=\"mt-4 w-full\">\n                        <button class=\"flex justify-center items-center w-full bg-brand-green text-white text-base font-sans font-medium rounded-md hover:bg-brand-green-700 hover:cursor-pointer md:text-sm h-11\"><\/p>\n<p>    Conclure un accord<br \/>\n<\/button>\n                    <\/div>\n<div class=\"mx-2 mt-4 w-full\">\n<div class=\" font-sans leading-4 text-black\">\n<div class=\"flex flex-wrap items-center justify-center gap-x-1 md:justify-start\">\n        <span class=\"font-bold\"><\/p>\n<p>            229,99 $<br \/>\n                            <span class=\"font-medium\">\u00e0 Walmart<\/span><br \/>\n                    <\/span>\n            <\/div>\n<div class=\"flex items-center justify-center gap-x-1 font-bold md:justify-start\">\n            <span class=\"text-sm line-through\">349,99 $<\/span><br \/>\n            <span class=\"text-sm text-brand-green\">\u00c9conomisez 120,00 $<\/span>\n        <\/div>\n<\/p><\/div>\n<\/p><\/div>\n<\/p><\/div>\n<\/p><\/div>\n<\/div>\n<p>Garmin <strong>Pr\u00e9curseur 955<\/strong> est le grand fr\u00e8re du 255, avec des cartes embarqu\u00e9es qui le rendent id\u00e9al pour la randonn\u00e9e et la course \u00e0 pied. Il ne fait que 349 $, en baisse par rapport \u00e0 un prix d&rsquo;origine de 499 $ lors de sa sortie en 2022. Et si vous souhaitez opter pour la version solaire, pour recharger votre batterie lorsque vous \u00eates au soleil, le <strong>Pr\u00e9curseur 955 solaire<\/strong> est 399 $ aujourd&rsquo;hui.<\/p>\n<div class=\"pogoClear relative my-10 border-b-(1.5px) border-t-(1.5px) border-dashed border-black py-5 sm:my-14 sm:border-0 sm:py-0\" x-cloak x-data=\"{ commentsCount: null }\" x-init=\"commentsCount = await window.openweb.getMessagesCount(122411)\" x-show=\"commentsCount !== null &amp;&amp; commentsCount &gt; 0\">\n<div class=\"absolute top-1\/2 hidden w-full -translate-y-1\/2 border-t-(1.5px) border-dashed border-black sm:block\"><\/div>\n<div class=\"relative flex justify-center\">\n<div class=\"flex max-w-max items-center gap-x-3 bg-white px-5\">\n<div class=\"relative\">\n                <span class=\"absolute left-1\/2 top-1\/2 -translate-x-1\/2 -translate-y-1\/2 font-akshar text-sm font-medium text-black\" x-text=\"commentsCount\"><\/span><\/p>\n<p>                <svg class=\"h-8 w-8 text-black\">\n                    <use href=\"http:\/\/lifehacker.com\/images\/icons\/spritemap.svg#sprite-chat-bubble\"><\/use>\n                <\/svg>\n            <\/div>\n<p>            <span class=\"text-sm font-medium text-black\">Que pensez-vous jusqu&rsquo;\u00e0 pr\u00e9sent? <button class=\"font-semibold text-brand-green underline hover:text-brand-green-700\" onclick=\"window.openweb.scrollToComments(122411)\">Publier un commentaire.<\/button><\/span>\n        <\/div>\n<\/p><\/div>\n<\/div>\n<p>Si vous voulez quelque chose d&rsquo;un peu moins sp\u00e9cifique au sport, Garmin <strong>Vivoactive 5<\/strong> est de 217 $ aujourd&rsquo;hui, en baisse par rapport \u00e0 un prix r\u00e9gulier de 299 $. Il s&rsquo;agit de la smartwatch de Lifestyle qui a battu le Pixel Watch 3 dans ma comparaison en t\u00eate-\u00e0-t\u00eate. Si vous cherchez une nouvelle alternative aux montres intelligentes Fitbit, le Vivoactive 5 serait mon choix. Si vous voulez un <em>r\u00e9el<\/em> Fitbit, cependant, ceux-ci sont \u00e9galement en vente. <\/p>\n<h2 id=\"fitbit-trackers-and-smartwatches\">Trackers Fitbit et montres intelligentes<\/h2>\n<p>Tous les principaux mod\u00e8les de Fitbit sont en vente aujourd&rsquo;hui, y compris le style embl\u00e9matique du bracelet <strong>Charge 6<\/strong> Pour 119 $, \u00e0 l&rsquo;origine 159 $. Les opinions varient, mais si vous voulez la mienne: la charge 6 est la meilleure fitbit. (Si vous voulez une smartwatch, optez pour un Garmin.) <\/p>\n<p>Si vous \u00eates plus minimaliste, cependant, le <strong>Inspire 3<\/strong> vaut un coup d&rsquo;\u0153il. Normalement, venant 99 $, ce n&rsquo;est que 69 $ aujourd&rsquo;hui. L&rsquo;Inspire 3 n&rsquo;a pas son propre chipset GPS, \u00e0 la place sur votre t\u00e9l\u00e9phone pour l&#8217;emplacement. Ce n&rsquo;est \u00e9galement qu&rsquo;une exp\u00e9rience plus \u00e9pur\u00e9e \u00e0 d&rsquo;autres \u00e9gards, avec moins de types d&rsquo;exercices et moins d&rsquo;applications. <\/p>\n<div class=\"pogoClear mb-12 mt-10 rounded-md border-2 border-gray-100 py-7 shadow-xl md:py-6\">\n<div class=\"flex flex-wrap justify-between px-7 text-black no-underline md:flex-nowrap md:px-8\">\n<div class=\"order-1 mx-auto flex flex-col justify-center md:order-2 md:ml-4 md:w-full md:grow\">\n<div class=\"block cursor-pointer text-center font-akshar text-2xl font-medium leading-7 text-brand-green duration-200 ease-in-out hover:text-brand-green-700 md:text-left md:text-xl md:leading-6\">Fitbit Inspire 3 Tracker Health &#038; Fitness (Midnight Zen \/ Black)\n                <\/div>\n<div class=\"mt-4 hidden md:flex md:justify-between\">\n<div class=\"self-end\">\n<div class=\"mb-0 h-11 md:flex md:flex-col md:justify-center\">\n<div class=\" font-sans leading-4 text-black\">\n<div class=\"flex flex-wrap items-center justify-center gap-x-1 md:justify-start\">\n        <span class=\"font-bold\"><\/p>\n<p>            69,95 $<br \/>\n                            <span class=\"font-medium\">\u00e0 Walmart<\/span><br \/>\n                    <\/span>\n            <\/div>\n<div class=\"flex items-center justify-center gap-x-1 font-bold md:justify-start\">\n            <span class=\"text-sm line-through\">89,95 $<\/span><br \/>\n            <span class=\"text-sm text-brand-green\">\u00c9conomisez 20,00 $<\/span>\n        <\/div>\n<\/p><\/div>\n<\/p><\/div>\n<\/p><\/div>\n<div class=\"w-44 self-end\">\n                            <button class=\"flex justify-center items-center w-full bg-brand-green text-white text-base font-sans font-medium rounded-md hover:bg-brand-green-700 hover:cursor-pointer md:text-sm h-11\"><\/p>\n<p>    Conclure un accord<br \/>\n<\/button>\n                        <\/div>\n<\/p><\/div>\n<\/p><\/div>\n<div class=\"order-2 mt-5 h-auto w-full md:order-1 md:mt-0 md:hidden\">\n<div class=\"flex aspect-video items-center justify-center\">\n                                            <img decoding=\"async\" class=\"m-0 max-h-full max-w-full rounded-md\" src=\"https:\/\/vieassociative.be\/actualites\/wp-content\/uploads\/2025\/03\/1742973452_231_Les-meilleures-offres-sur-les-trackers-de-fitness-et-les.jpg\" alt=\"Fitbit Inspire 3 Tracker Health &#038; Fitness (Midnight Zen \/ Black)\" width=\"auto\" height=\"auto\" loading=\"lazy\">\n                                    <\/div>\n<\/p><\/div>\n<div class=\"order-2 ml-2 hidden w-32 shrink-0 items-center md:order-1 md:ml-0 md:flex\">\n<div class=\"flex aspect-video items-center justify-center\">\n                                            <img decoding=\"async\" class=\"m-0 max-h-full max-w-full rounded-md\" src=\"https:\/\/vieassociative.be\/actualites\/wp-content\/uploads\/2025\/03\/1742973452_231_Les-meilleures-offres-sur-les-trackers-de-fitness-et-les.jpg\" alt=\"Fitbit Inspire 3 Tracker Health &#038; Fitness (Midnight Zen \/ Black)\" width=\"auto\" height=\"auto\" loading=\"lazy\">\n                                    <\/div>\n<\/p><\/div>\n<div class=\"order-3 flex grow flex-wrap md:hidden md:grow-0\">\n<div class=\"mt-4 w-full\">\n                        <button class=\"flex justify-center items-center w-full bg-brand-green text-white text-base font-sans font-medium rounded-md hover:bg-brand-green-700 hover:cursor-pointer md:text-sm h-11\"><\/p>\n<p>    Conclure un accord<br \/>\n<\/button>\n                    <\/div>\n<div class=\"mx-2 mt-4 w-full\">\n<div class=\" font-sans leading-4 text-black\">\n<div class=\"flex flex-wrap items-center justify-center gap-x-1 md:justify-start\">\n        <span class=\"font-bold\"><\/p>\n<p>            69,95 $<br \/>\n                            <span class=\"font-medium\">\u00e0 Walmart<\/span><br \/>\n                    <\/span>\n            <\/div>\n<div class=\"flex items-center justify-center gap-x-1 font-bold md:justify-start\">\n            <span class=\"text-sm line-through\">89,95 $<\/span><br \/>\n            <span class=\"text-sm text-brand-green\">\u00c9conomisez 20,00 $<\/span>\n        <\/div>\n<\/p><\/div>\n<\/p><\/div>\n<\/p><\/div>\n<\/p><\/div>\n<\/div>\n<h2 id=\"samsung-watches\">Montres Samsung<\/h2>\n<p><strong>Samsung&rsquo;s Galaxy Watch Ultra<\/strong> est en vente aujourd&rsquo;hui pour seulement 409 $, contre 649 $. Il est disponible en taille de 47 mm avec connectivit\u00e9 cellulaire LTE, et est essentiellement la r\u00e9ponse de Samsung \u00e0 l&rsquo;Apple Watch Ultra 2. Nous avons plus de d\u00e9tails sur ses fonctionnalit\u00e9s ici. <\/p>\n<div class=\" relative flex justify-center py-16 md:left-1\/2 md:w-(780px) md:max-w-max md:-translate-x-1\/2\" x-data=\"{ showAll: false }\">\n<div class=\"w-max text-center sm:text-left\">\n<div class=\"flex flex-col items-center justify-between text-black sm:flex-row sm:px-6\">\n                <span class=\"text-xs italic sm:ml-7 sm:text-sm\">Les offres sont s\u00e9lectionn\u00e9es par notre \u00e9quipe de commerce<\/span><\/p><\/div>\n<\/p><\/div>\n<\/p><\/div>\n","protected":false},"excerpt":{"rendered":"<p>Les montres d&rsquo;Apple, Garmin, Fitbit et Samsung sont toutes en vente. Amazon Big Spring Sale est maintenant, une mini version de Prime Day qui a<\/p>\n","protected":false},"author":1,"featured_media":6164,"comment_status":"","ping_status":"","sticky":false,"template":"","format":"standard","meta":{"footnotes":""},"categories":[38],"tags":[1154,2703,1787,2170,14,353,79,3684,345,4943,33,5247,223],"class_list":["post-6163","post","type-post","status-publish","format-standard","has-post-thumbnail","hentry","category-sante","tag-damazon","tag-fitness","tag-grande","tag-intelligentes","tag-les","tag-lors","tag-meilleures","tag-montres","tag-offres","tag-printemps","tag-sur","tag-trackers","tag-vente","generate-columns","tablet-grid-50","mobile-grid-100","grid-parent","grid-33"],"yoast_head":"<!-- This site is optimized with the Yoast SEO plugin v24.0 - https:\/\/yoast.com\/wordpress\/plugins\/seo\/ -->\n<title>Les meilleures offres sur les trackers de fitness et les montres intelligentes lors de la grande vente de printemps d&#039;Amazon | Vie Associative<\/title>\n<meta name=\"robots\" content=\"index, follow, max-snippet:-1, max-image-preview:large, max-video-preview:-1\" \/>\n<link rel=\"canonical\" href=\"https:\/\/vieassociative.be\/actualites\/les-meilleures-offres-sur-les-trackers-de-fitness-et-les-montres-intelligentes-lors-de-la-grande-vente-de-printemps-damazon\/\" \/>\n<meta property=\"og:locale\" content=\"fr_FR\" \/>\n<meta property=\"og:type\" content=\"article\" \/>\n<meta property=\"og:title\" content=\"Les meilleures offres sur les trackers de fitness et les montres intelligentes lors de la grande vente de printemps d&#039;Amazon | Vie Associative\" \/>\n<meta property=\"og:description\" content=\"Les montres d&rsquo;Apple, Garmin, Fitbit et Samsung sont toutes en vente. Amazon Big Spring Sale est maintenant, une mini version de Prime Day qui a\" \/>\n<meta property=\"og:url\" content=\"https:\/\/vieassociative.be\/actualites\/les-meilleures-offres-sur-les-trackers-de-fitness-et-les-montres-intelligentes-lors-de-la-grande-vente-de-printemps-damazon\/\" \/>\n<meta property=\"og:site_name\" content=\"Vie Associative\" \/>\n<meta property=\"article:published_time\" content=\"2025-03-26T07:17:32+00:00\" \/>\n<meta property=\"og:image\" content=\"https:\/\/vieassociative.be\/actualites\/wp-content\/uploads\/2025\/03\/Les-meilleures-offres-sur-les-trackers-de-fitness-et-les.jpg\" \/>\n<meta name=\"author\" content=\"Julien\" \/>\n<meta name=\"twitter:card\" content=\"summary_large_image\" \/>\n<meta name=\"twitter:label1\" content=\"\u00c9crit par\" \/>\n\t<meta name=\"twitter:data1\" content=\"Julien\" \/>\n\t<meta name=\"twitter:label2\" content=\"Dur\u00e9e de lecture est.\" \/>\n\t<meta name=\"twitter:data2\" content=\"4 minutes\" \/>\n<script type=\"application\/ld+json\" class=\"yoast-schema-graph\">{\"@context\":\"https:\/\/schema.org\",\"@graph\":[{\"@type\":\"Article\",\"@id\":\"https:\/\/vieassociative.be\/actualites\/les-meilleures-offres-sur-les-trackers-de-fitness-et-les-montres-intelligentes-lors-de-la-grande-vente-de-printemps-damazon\/#article\",\"isPartOf\":{\"@id\":\"https:\/\/vieassociative.be\/actualites\/les-meilleures-offres-sur-les-trackers-de-fitness-et-les-montres-intelligentes-lors-de-la-grande-vente-de-printemps-damazon\/\"},\"author\":{\"name\":\"Julien\",\"@id\":\"https:\/\/vieassociative.be\/actualites\/#\/schema\/person\/b87ac4f82f9d4e7b7cec7395b679edc4\"},\"headline\":\"Les meilleures offres sur les trackers de fitness et les montres intelligentes lors de la grande vente de printemps d&rsquo;Amazon\",\"datePublished\":\"2025-03-26T07:17:32+00:00\",\"dateModified\":\"2025-03-26T07:17:32+00:00\",\"mainEntityOfPage\":{\"@id\":\"https:\/\/vieassociative.be\/actualites\/les-meilleures-offres-sur-les-trackers-de-fitness-et-les-montres-intelligentes-lors-de-la-grande-vente-de-printemps-damazon\/\"},\"wordCount\":854,\"publisher\":{\"@id\":\"https:\/\/vieassociative.be\/actualites\/#organization\"},\"image\":{\"@id\":\"https:\/\/vieassociative.be\/actualites\/les-meilleures-offres-sur-les-trackers-de-fitness-et-les-montres-intelligentes-lors-de-la-grande-vente-de-printemps-damazon\/#primaryimage\"},\"thumbnailUrl\":\"https:\/\/vieassociative.be\/actualites\/wp-content\/uploads\/2025\/03\/1742973452_Les-meilleures-offres-sur-les-trackers-de-fitness-et-les.jpg\",\"keywords\":[\"dAmazon\",\"fitness\",\"grande\",\"intelligentes\",\"Les\",\"lors\",\"meilleures\",\"montres\",\"offres\",\"printemps\",\"sur\",\"trackers\",\"vente\"],\"articleSection\":[\"Sant\u00e9\"],\"inLanguage\":\"fr-BE\"},{\"@type\":\"WebPage\",\"@id\":\"https:\/\/vieassociative.be\/actualites\/les-meilleures-offres-sur-les-trackers-de-fitness-et-les-montres-intelligentes-lors-de-la-grande-vente-de-printemps-damazon\/\",\"url\":\"https:\/\/vieassociative.be\/actualites\/les-meilleures-offres-sur-les-trackers-de-fitness-et-les-montres-intelligentes-lors-de-la-grande-vente-de-printemps-damazon\/\",\"name\":\"Les meilleures offres sur les trackers de fitness et les montres intelligentes lors de la grande vente de printemps d'Amazon | Vie Associative\",\"isPartOf\":{\"@id\":\"https:\/\/vieassociative.be\/actualites\/#website\"},\"primaryImageOfPage\":{\"@id\":\"https:\/\/vieassociative.be\/actualites\/les-meilleures-offres-sur-les-trackers-de-fitness-et-les-montres-intelligentes-lors-de-la-grande-vente-de-printemps-damazon\/#primaryimage\"},\"image\":{\"@id\":\"https:\/\/vieassociative.be\/actualites\/les-meilleures-offres-sur-les-trackers-de-fitness-et-les-montres-intelligentes-lors-de-la-grande-vente-de-printemps-damazon\/#primaryimage\"},\"thumbnailUrl\":\"https:\/\/vieassociative.be\/actualites\/wp-content\/uploads\/2025\/03\/1742973452_Les-meilleures-offres-sur-les-trackers-de-fitness-et-les.jpg\",\"datePublished\":\"2025-03-26T07:17:32+00:00\",\"dateModified\":\"2025-03-26T07:17:32+00:00\",\"breadcrumb\":{\"@id\":\"https:\/\/vieassociative.be\/actualites\/les-meilleures-offres-sur-les-trackers-de-fitness-et-les-montres-intelligentes-lors-de-la-grande-vente-de-printemps-damazon\/#breadcrumb\"},\"inLanguage\":\"fr-BE\",\"potentialAction\":[{\"@type\":\"ReadAction\",\"target\":[\"https:\/\/vieassociative.be\/actualites\/les-meilleures-offres-sur-les-trackers-de-fitness-et-les-montres-intelligentes-lors-de-la-grande-vente-de-printemps-damazon\/\"]}]},{\"@type\":\"ImageObject\",\"inLanguage\":\"fr-BE\",\"@id\":\"https:\/\/vieassociative.be\/actualites\/les-meilleures-offres-sur-les-trackers-de-fitness-et-les-montres-intelligentes-lors-de-la-grande-vente-de-printemps-damazon\/#primaryimage\",\"url\":\"https:\/\/vieassociative.be\/actualites\/wp-content\/uploads\/2025\/03\/1742973452_Les-meilleures-offres-sur-les-trackers-de-fitness-et-les.jpg\",\"contentUrl\":\"https:\/\/vieassociative.be\/actualites\/wp-content\/uploads\/2025\/03\/1742973452_Les-meilleures-offres-sur-les-trackers-de-fitness-et-les.jpg\",\"width\":1200,\"height\":675,\"caption\":\"Les meilleures offres sur les trackers de fitness et les montres intelligentes lors de la grande vente de printemps d'Amazon\"},{\"@type\":\"BreadcrumbList\",\"@id\":\"https:\/\/vieassociative.be\/actualites\/les-meilleures-offres-sur-les-trackers-de-fitness-et-les-montres-intelligentes-lors-de-la-grande-vente-de-printemps-damazon\/#breadcrumb\",\"itemListElement\":[{\"@type\":\"ListItem\",\"position\":1,\"name\":\"Accueil\",\"item\":\"https:\/\/vieassociative.be\/actualites\/\"},{\"@type\":\"ListItem\",\"position\":2,\"name\":\"Les meilleures offres sur les trackers de fitness et les montres intelligentes lors de la grande vente de printemps d&rsquo;Amazon\"}]},{\"@type\":\"WebSite\",\"@id\":\"https:\/\/vieassociative.be\/actualites\/#website\",\"url\":\"https:\/\/vieassociative.be\/actualites\/\",\"name\":\"Vie Associative\",\"description\":\"\",\"publisher\":{\"@id\":\"https:\/\/vieassociative.be\/actualites\/#organization\"},\"potentialAction\":[{\"@type\":\"SearchAction\",\"target\":{\"@type\":\"EntryPoint\",\"urlTemplate\":\"https:\/\/vieassociative.be\/actualites\/?s={search_term_string}\"},\"query-input\":{\"@type\":\"PropertyValueSpecification\",\"valueRequired\":true,\"valueName\":\"search_term_string\"}}],\"inLanguage\":\"fr-BE\"},{\"@type\":\"Organization\",\"@id\":\"https:\/\/vieassociative.be\/actualites\/#organization\",\"name\":\"Vie Associative\",\"url\":\"https:\/\/vieassociative.be\/actualites\/\",\"logo\":{\"@type\":\"ImageObject\",\"inLanguage\":\"fr-BE\",\"@id\":\"https:\/\/vieassociative.be\/actualites\/#\/schema\/logo\/image\/\",\"url\":\"https:\/\/vieassociative.be\/actualites\/wp-content\/uploads\/2024\/09\/cropped-vieassociative_favicon.ico.png\",\"contentUrl\":\"https:\/\/vieassociative.be\/actualites\/wp-content\/uploads\/2024\/09\/cropped-vieassociative_favicon.ico.png\",\"width\":512,\"height\":512,\"caption\":\"Vie Associative\"},\"image\":{\"@id\":\"https:\/\/vieassociative.be\/actualites\/#\/schema\/logo\/image\/\"}},{\"@type\":\"Person\",\"@id\":\"https:\/\/vieassociative.be\/actualites\/#\/schema\/person\/b87ac4f82f9d4e7b7cec7395b679edc4\",\"name\":\"Julien\",\"image\":{\"@type\":\"ImageObject\",\"inLanguage\":\"fr-BE\",\"@id\":\"https:\/\/vieassociative.be\/actualites\/#\/schema\/person\/image\/\",\"url\":\"https:\/\/vieassociative.be\/actualites\/wp-content\/uploads\/2024\/09\/vie-associative-1-150x150.jpg\",\"contentUrl\":\"https:\/\/vieassociative.be\/actualites\/wp-content\/uploads\/2024\/09\/vie-associative-1-150x150.jpg\",\"caption\":\"Julien\"},\"description\":\"Je suis Julien, r\u00e9dacteur pour Vie Associative. Passionn\u00e9 par le monde associatif depuis plus de 10 ans, j'ai \u00e0 c\u0153ur de partager des histoires inspirantes et de mettre en lumi\u00e8re les initiatives locales. Mon objectif est de sensibiliser et d'encourager l'engagement communautaire \u00e0 travers mes articles.\",\"sameAs\":[\"https:\/\/vieassociative.be\/\"]}]}<\/script>\n<!-- \/ Yoast SEO plugin. -->","yoast_head_json":{"title":"Les meilleures offres sur les trackers de fitness et les montres intelligentes lors de la grande vente de printemps d'Amazon | Vie Associative","robots":{"index":"index","follow":"follow","max-snippet":"max-snippet:-1","max-image-preview":"max-image-preview:large","max-video-preview":"max-video-preview:-1"},"canonical":"https:\/\/vieassociative.be\/actualites\/les-meilleures-offres-sur-les-trackers-de-fitness-et-les-montres-intelligentes-lors-de-la-grande-vente-de-printemps-damazon\/","og_locale":"fr_FR","og_type":"article","og_title":"Les meilleures offres sur les trackers de fitness et les montres intelligentes lors de la grande vente de printemps d'Amazon | Vie Associative","og_description":"Les montres d&rsquo;Apple, Garmin, Fitbit et Samsung sont toutes en vente. Amazon Big Spring Sale est maintenant, une mini version de Prime Day qui a","og_url":"https:\/\/vieassociative.be\/actualites\/les-meilleures-offres-sur-les-trackers-de-fitness-et-les-montres-intelligentes-lors-de-la-grande-vente-de-printemps-damazon\/","og_site_name":"Vie Associative","article_published_time":"2025-03-26T07:17:32+00:00","og_image":[{"url":"https:\/\/vieassociative.be\/actualites\/wp-content\/uploads\/2025\/03\/Les-meilleures-offres-sur-les-trackers-de-fitness-et-les.jpg","type":"","width":"","height":""}],"author":"Julien","twitter_card":"summary_large_image","twitter_misc":{"\u00c9crit par":"Julien","Dur\u00e9e de lecture est.":"4 minutes"},"schema":{"@context":"https:\/\/schema.org","@graph":[{"@type":"Article","@id":"https:\/\/vieassociative.be\/actualites\/les-meilleures-offres-sur-les-trackers-de-fitness-et-les-montres-intelligentes-lors-de-la-grande-vente-de-printemps-damazon\/#article","isPartOf":{"@id":"https:\/\/vieassociative.be\/actualites\/les-meilleures-offres-sur-les-trackers-de-fitness-et-les-montres-intelligentes-lors-de-la-grande-vente-de-printemps-damazon\/"},"author":{"name":"Julien","@id":"https:\/\/vieassociative.be\/actualites\/#\/schema\/person\/b87ac4f82f9d4e7b7cec7395b679edc4"},"headline":"Les meilleures offres sur les trackers de fitness et les montres intelligentes lors de la grande vente de printemps d&rsquo;Amazon","datePublished":"2025-03-26T07:17:32+00:00","dateModified":"2025-03-26T07:17:32+00:00","mainEntityOfPage":{"@id":"https:\/\/vieassociative.be\/actualites\/les-meilleures-offres-sur-les-trackers-de-fitness-et-les-montres-intelligentes-lors-de-la-grande-vente-de-printemps-damazon\/"},"wordCount":854,"publisher":{"@id":"https:\/\/vieassociative.be\/actualites\/#organization"},"image":{"@id":"https:\/\/vieassociative.be\/actualites\/les-meilleures-offres-sur-les-trackers-de-fitness-et-les-montres-intelligentes-lors-de-la-grande-vente-de-printemps-damazon\/#primaryimage"},"thumbnailUrl":"https:\/\/vieassociative.be\/actualites\/wp-content\/uploads\/2025\/03\/1742973452_Les-meilleures-offres-sur-les-trackers-de-fitness-et-les.jpg","keywords":["dAmazon","fitness","grande","intelligentes","Les","lors","meilleures","montres","offres","printemps","sur","trackers","vente"],"articleSection":["Sant\u00e9"],"inLanguage":"fr-BE"},{"@type":"WebPage","@id":"https:\/\/vieassociative.be\/actualites\/les-meilleures-offres-sur-les-trackers-de-fitness-et-les-montres-intelligentes-lors-de-la-grande-vente-de-printemps-damazon\/","url":"https:\/\/vieassociative.be\/actualites\/les-meilleures-offres-sur-les-trackers-de-fitness-et-les-montres-intelligentes-lors-de-la-grande-vente-de-printemps-damazon\/","name":"Les meilleures offres sur les trackers de fitness et les montres intelligentes lors de la grande vente de printemps d'Amazon | Vie Associative","isPartOf":{"@id":"https:\/\/vieassociative.be\/actualites\/#website"},"primaryImageOfPage":{"@id":"https:\/\/vieassociative.be\/actualites\/les-meilleures-offres-sur-les-trackers-de-fitness-et-les-montres-intelligentes-lors-de-la-grande-vente-de-printemps-damazon\/#primaryimage"},"image":{"@id":"https:\/\/vieassociative.be\/actualites\/les-meilleures-offres-sur-les-trackers-de-fitness-et-les-montres-intelligentes-lors-de-la-grande-vente-de-printemps-damazon\/#primaryimage"},"thumbnailUrl":"https:\/\/vieassociative.be\/actualites\/wp-content\/uploads\/2025\/03\/1742973452_Les-meilleures-offres-sur-les-trackers-de-fitness-et-les.jpg","datePublished":"2025-03-26T07:17:32+00:00","dateModified":"2025-03-26T07:17:32+00:00","breadcrumb":{"@id":"https:\/\/vieassociative.be\/actualites\/les-meilleures-offres-sur-les-trackers-de-fitness-et-les-montres-intelligentes-lors-de-la-grande-vente-de-printemps-damazon\/#breadcrumb"},"inLanguage":"fr-BE","potentialAction":[{"@type":"ReadAction","target":["https:\/\/vieassociative.be\/actualites\/les-meilleures-offres-sur-les-trackers-de-fitness-et-les-montres-intelligentes-lors-de-la-grande-vente-de-printemps-damazon\/"]}]},{"@type":"ImageObject","inLanguage":"fr-BE","@id":"https:\/\/vieassociative.be\/actualites\/les-meilleures-offres-sur-les-trackers-de-fitness-et-les-montres-intelligentes-lors-de-la-grande-vente-de-printemps-damazon\/#primaryimage","url":"https:\/\/vieassociative.be\/actualites\/wp-content\/uploads\/2025\/03\/1742973452_Les-meilleures-offres-sur-les-trackers-de-fitness-et-les.jpg","contentUrl":"https:\/\/vieassociative.be\/actualites\/wp-content\/uploads\/2025\/03\/1742973452_Les-meilleures-offres-sur-les-trackers-de-fitness-et-les.jpg","width":1200,"height":675,"caption":"Les meilleures offres sur les trackers de fitness et les montres intelligentes lors de la grande vente de printemps d'Amazon"},{"@type":"BreadcrumbList","@id":"https:\/\/vieassociative.be\/actualites\/les-meilleures-offres-sur-les-trackers-de-fitness-et-les-montres-intelligentes-lors-de-la-grande-vente-de-printemps-damazon\/#breadcrumb","itemListElement":[{"@type":"ListItem","position":1,"name":"Accueil","item":"https:\/\/vieassociative.be\/actualites\/"},{"@type":"ListItem","position":2,"name":"Les meilleures offres sur les trackers de fitness et les montres intelligentes lors de la grande vente de printemps d&rsquo;Amazon"}]},{"@type":"WebSite","@id":"https:\/\/vieassociative.be\/actualites\/#website","url":"https:\/\/vieassociative.be\/actualites\/","name":"Vie Associative","description":"","publisher":{"@id":"https:\/\/vieassociative.be\/actualites\/#organization"},"potentialAction":[{"@type":"SearchAction","target":{"@type":"EntryPoint","urlTemplate":"https:\/\/vieassociative.be\/actualites\/?s={search_term_string}"},"query-input":{"@type":"PropertyValueSpecification","valueRequired":true,"valueName":"search_term_string"}}],"inLanguage":"fr-BE"},{"@type":"Organization","@id":"https:\/\/vieassociative.be\/actualites\/#organization","name":"Vie Associative","url":"https:\/\/vieassociative.be\/actualites\/","logo":{"@type":"ImageObject","inLanguage":"fr-BE","@id":"https:\/\/vieassociative.be\/actualites\/#\/schema\/logo\/image\/","url":"https:\/\/vieassociative.be\/actualites\/wp-content\/uploads\/2024\/09\/cropped-vieassociative_favicon.ico.png","contentUrl":"https:\/\/vieassociative.be\/actualites\/wp-content\/uploads\/2024\/09\/cropped-vieassociative_favicon.ico.png","width":512,"height":512,"caption":"Vie Associative"},"image":{"@id":"https:\/\/vieassociative.be\/actualites\/#\/schema\/logo\/image\/"}},{"@type":"Person","@id":"https:\/\/vieassociative.be\/actualites\/#\/schema\/person\/b87ac4f82f9d4e7b7cec7395b679edc4","name":"Julien","image":{"@type":"ImageObject","inLanguage":"fr-BE","@id":"https:\/\/vieassociative.be\/actualites\/#\/schema\/person\/image\/","url":"https:\/\/vieassociative.be\/actualites\/wp-content\/uploads\/2024\/09\/vie-associative-1-150x150.jpg","contentUrl":"https:\/\/vieassociative.be\/actualites\/wp-content\/uploads\/2024\/09\/vie-associative-1-150x150.jpg","caption":"Julien"},"description":"Je suis Julien, r\u00e9dacteur pour Vie Associative. Passionn\u00e9 par le monde associatif depuis plus de 10 ans, j'ai \u00e0 c\u0153ur de partager des histoires inspirantes et de mettre en lumi\u00e8re les initiatives locales. Mon objectif est de sensibiliser et d'encourager l'engagement communautaire \u00e0 travers mes articles.","sameAs":["https:\/\/vieassociative.be\/"]}]}},"_links":{"self":[{"href":"https:\/\/vieassociative.be\/actualites\/wp-json\/wp\/v2\/posts\/6163"}],"collection":[{"href":"https:\/\/vieassociative.be\/actualites\/wp-json\/wp\/v2\/posts"}],"about":[{"href":"https:\/\/vieassociative.be\/actualites\/wp-json\/wp\/v2\/types\/post"}],"author":[{"embeddable":true,"href":"https:\/\/vieassociative.be\/actualites\/wp-json\/wp\/v2\/users\/1"}],"replies":[{"embeddable":true,"href":"https:\/\/vieassociative.be\/actualites\/wp-json\/wp\/v2\/comments?post=6163"}],"version-history":[{"count":0,"href":"https:\/\/vieassociative.be\/actualites\/wp-json\/wp\/v2\/posts\/6163\/revisions"}],"wp:featuredmedia":[{"embeddable":true,"href":"https:\/\/vieassociative.be\/actualites\/wp-json\/wp\/v2\/media\/6164"}],"wp:attachment":[{"href":"https:\/\/vieassociative.be\/actualites\/wp-json\/wp\/v2\/media?parent=6163"}],"wp:term":[{"taxonomy":"category","embeddable":true,"href":"https:\/\/vieassociative.be\/actualites\/wp-json\/wp\/v2\/categories?post=6163"},{"taxonomy":"post_tag","embeddable":true,"href":"https:\/\/vieassociative.be\/actualites\/wp-json\/wp\/v2\/tags?post=6163"}],"curies":[{"name":"wp","href":"https:\/\/api.w.org\/{rel}","templated":true}]}}