{"id":6157,"date":"2025-03-26T02:18:17","date_gmt":"2025-03-26T01:18:17","guid":{"rendered":"https:\/\/vieassociative.be\/actualites\/lensemble-de-la-gamme-pixel-9-est-reduit-lors-de-la-grande-vente-de-printemps-damazon\/"},"modified":"2025-03-26T02:18:17","modified_gmt":"2025-03-26T01:18:17","slug":"lensemble-de-la-gamme-pixel-9-est-reduit-lors-de-la-grande-vente-de-printemps-damazon","status":"publish","type":"post","link":"https:\/\/vieassociative.be\/actualites\/lensemble-de-la-gamme-pixel-9-est-reduit-lors-de-la-grande-vente-de-printemps-damazon\/","title":{"rendered":"L&rsquo;ensemble de la gamme Pixel 9 est r\u00e9duit lors de la grande vente de printemps d&rsquo;Amazon"},"content":{"rendered":"<div class=\"mt-4 leading-6 md:mb-8\">Les mod\u00e8les haut de gamme et les plus abordables sont en vente lors de la vente de printemps d&rsquo;Amazon.<\/div>\n<p><\/p>\n<p>Que vous soyez apr\u00e8s un support \u00e0 long terme, des cam\u00e9ras ph\u00e9nom\u00e9nales ou simplement un excellent t\u00e9l\u00e9phone polyvalent, la gamme Google Pixel 9 a beaucoup \u00e0 offrir. Et avec la vente de printemps Amazon, vous pouvez accrocher l&rsquo;un des trois t\u00e9l\u00e9phones de cette gamme \u00e0 une remise consid\u00e9rable. Que ce soit le Pixel 9 haut de gamme 9 Pro XL ou le Pixel 9 plus modeste, vous obtiendrez bien plus de 100 $ de rabais. Voici les trois appareils que vous pouvez choisir: <\/p>\n<ul>\n<li>\n<p>Google Pixel 9: 640 $ (\u00e9tait de 799 $) sur Amazon<\/p>\n<\/li>\n<li>\n<p>Google Pixel 9 Pro: 799 $ (999 $) sur Amazon<\/p>\n<\/li>\n<li>\n<p>Google Pixel 9 Pro XL: 899 $ (\u00e9tait 1099 $) sur Amazon<\/p>\n<\/li>\n<\/ul>\n<p>Le Pixel 9 d\u00e9finit une solide ligne de base pour la gamme Pixel. Il a un design simple mais \u00e9l\u00e9gant compact et adapt\u00e9 au budget. L&rsquo;affichage est excellent, offrant une r\u00e9solution nette, une luminosit\u00e9 incroyable et des visuels lisses. \u00c0 l&rsquo;arri\u00e8re, il dispose d&rsquo;une paire de cam\u00e9ras haute r\u00e9solution offrant des focales larges et ultra-larges. Et Google est \u00e0 la t\u00eate avec un chipset modeste qui alimente certaines fonctionnalit\u00e9s d&rsquo;IA impressionnantes et qui obtiendra une prise en charge logicielle \u00e0 long terme pour encore plus de valeur.<\/p>\n<p>Le Pixel 9 Pro prend tout ce que le Pixel 9 installe et le soul\u00e8ve d&rsquo;un cran. Il obtient un \u00e9cran encore plus net et plus brillant. Et son syst\u00e8me de cam\u00e9ras monte avec un tireur de selfie am\u00e9lior\u00e9 et un capteur de t\u00e9l\u00e9objectif 5x sur ce dos qui fait une \u00e9norme diff\u00e9rence lorsque vous voulez zoomer sur un sujet ou obtenir un joli flou bokeh. Et pour ceux d&rsquo;entre vous qui n&rsquo;aiment pas le changement de l&rsquo;industrie vers des t\u00e9l\u00e9phones de plus en plus grands, vous aimerez entendre que le Pixel 9 Pro a la m\u00eame taille que le Pixel 9. <\/p>\n<p>Pour ceux qui aiment l&rsquo;espace d&rsquo;\u00e9cran suppl\u00e9mentaire, le Pixel 9 Pro XL l&rsquo;apporte. Vous obtenez toutes les mises \u00e0 niveau du Pixel 9 Pro mais nich\u00e9es dans un t\u00e9l\u00e9phone plus grand. Ce mod\u00e8le arbore un \u00e9cran de 6,8 pouces et se l\u00e8ve jusqu&rsquo;\u00e0 une batterie de 5 060 mAh pour aider \u00e0 la long\u00e9vit\u00e9. <\/p>\n<div class=\"pogoClear relative my-10 border-b-(1.5px) border-t-(1.5px) border-dashed border-black py-5 sm:my-14 sm:border-0 sm:py-0\" x-cloak x-data=\"{ commentsCount: null }\" x-init=\"commentsCount = await window.openweb.getMessagesCount(122412)\" x-show=\"commentsCount !== null &amp;&amp; commentsCount &gt; 0\">\n<div class=\"absolute top-1\/2 hidden w-full -translate-y-1\/2 border-t-(1.5px) border-dashed border-black sm:block\"><\/div>\n<div class=\"relative flex justify-center\">\n<div class=\"flex max-w-max items-center gap-x-3 bg-white px-5\">\n<div class=\"relative\">\n                <span class=\"absolute left-1\/2 top-1\/2 -translate-x-1\/2 -translate-y-1\/2 font-akshar text-sm font-medium text-black\" x-text=\"commentsCount\"><\/span><\/p>\n<p>                <svg class=\"h-8 w-8 text-black\">\n                    <use href=\"http:\/\/lifehacker.com\/images\/icons\/spritemap.svg#sprite-chat-bubble\"><\/use>\n                <\/svg>\n            <\/div>\n<p>            <span class=\"text-sm font-medium text-black\">Que pensez-vous jusqu&rsquo;\u00e0 pr\u00e9sent? <button class=\"font-semibold text-brand-green underline hover:text-brand-green-700\" onclick=\"window.openweb.scrollToComments(122412)\">Publier un commentaire.<\/button><\/span>\n        <\/div>\n<\/p><\/div>\n<\/div>\n<p>Les trois mod\u00e8les sont livr\u00e9s avec une technologie pr\u00eate pour le futur, notamment le Wi-Fi 7, le support ESIM et la communication par satellite. Ils sont \u00e9galement construits agr\u00e9ables et robustes avec des cadres en aluminium, du dur Gorilla Glass Vict 2 et une protection cot\u00e9e en IP68 contre la poussi\u00e8re et le dunk dans l&rsquo;eau.<\/p>\n<p><em>Shopping for Tech? Vie Associative peut vous aider \u00e0 prendre la bonne d\u00e9cision. Parcourez nos critiques technologiques et nos comparaisons en t\u00eate-\u00e0-t\u00eate pour tout, des ordinateurs portables et des montres intelligentes aux v\u00e9los \u00e9lectriques et aux gymnases \u00e0 domicile. Abonnez-vous \u00e0 notre newsletter d&rsquo;offres, ajoutez \u00e0 CART<\/em><em>pour les meilleures ventes envoy\u00e9es dans votre bo\u00eete de r\u00e9ception, ou parcourez nos meilleures listes directement sur Amazon, notamment:<\/em><\/p>\n<ul>\n<li>\n<p><em>Le meilleur \u00e9couteur surr\u00e9<\/em><\/p>\n<\/li>\n<li>\n<p><em>Les meilleurs \u00e9couteurs sans fil<\/em><\/p>\n<\/li>\n<li>\n<p><em>Les meilleurs ensembles d&rsquo;halt\u00e8res r\u00e9glables<\/em><\/p>\n<\/li>\n<li>\n<p><em>Les meilleurs projecteurs<\/em><\/p>\n<\/li>\n<\/ul>\n","protected":false},"excerpt":{"rendered":"<p>Les mod\u00e8les haut de gamme et les plus abordables sont en vente lors de la vente de printemps d&rsquo;Amazon. Que vous soyez apr\u00e8s un support<\/p>\n","protected":false},"author":1,"featured_media":6158,"comment_status":"","ping_status":"","sticky":false,"template":"","format":"standard","meta":{"footnotes":""},"categories":[13],"tags":[1154,76,1490,1787,6021,353,1278,4943,6022,223],"class_list":["post-6157","post","type-post","status-publish","format-standard","has-post-thumbnail","hentry","category-technologie","tag-damazon","tag-est","tag-gamme","tag-grande","tag-lensemble","tag-lors","tag-pixel","tag-printemps","tag-reduit","tag-vente","generate-columns","tablet-grid-50","mobile-grid-100","grid-parent","grid-33"],"yoast_head":"<!-- This site is optimized with the Yoast SEO plugin v24.0 - https:\/\/yoast.com\/wordpress\/plugins\/seo\/ -->\n<title>L&#039;ensemble de la gamme Pixel 9 est r\u00e9duit lors de la grande vente de printemps d&#039;Amazon | Vie Associative<\/title>\n<meta name=\"robots\" content=\"index, follow, max-snippet:-1, max-image-preview:large, max-video-preview:-1\" \/>\n<link rel=\"canonical\" href=\"https:\/\/vieassociative.be\/actualites\/lensemble-de-la-gamme-pixel-9-est-reduit-lors-de-la-grande-vente-de-printemps-damazon\/\" \/>\n<meta property=\"og:locale\" content=\"fr_FR\" \/>\n<meta property=\"og:type\" content=\"article\" \/>\n<meta property=\"og:title\" content=\"L&#039;ensemble de la gamme Pixel 9 est r\u00e9duit lors de la grande vente de printemps d&#039;Amazon | Vie Associative\" \/>\n<meta property=\"og:description\" content=\"Les mod\u00e8les haut de gamme et les plus abordables sont en vente lors de la vente de printemps d&rsquo;Amazon. Que vous soyez apr\u00e8s un support\" \/>\n<meta property=\"og:url\" content=\"https:\/\/vieassociative.be\/actualites\/lensemble-de-la-gamme-pixel-9-est-reduit-lors-de-la-grande-vente-de-printemps-damazon\/\" \/>\n<meta property=\"og:site_name\" content=\"Vie Associative\" \/>\n<meta property=\"article:published_time\" content=\"2025-03-26T01:18:17+00:00\" \/>\n<meta property=\"og:image\" content=\"https:\/\/vieassociative.be\/actualites\/wp-content\/uploads\/2024\/09\/header_backgroundk-01-e1726694325946.png\" \/>\n\t<meta property=\"og:image:width\" content=\"279\" \/>\n\t<meta property=\"og:image:height\" content=\"92\" \/>\n\t<meta property=\"og:image:type\" content=\"image\/png\" \/>\n<meta name=\"author\" content=\"Julien\" \/>\n<meta name=\"twitter:card\" content=\"summary_large_image\" \/>\n<meta name=\"twitter:label1\" content=\"\u00c9crit par\" \/>\n\t<meta name=\"twitter:data1\" content=\"Julien\" \/>\n\t<meta name=\"twitter:label2\" content=\"Dur\u00e9e de lecture est.\" \/>\n\t<meta name=\"twitter:data2\" content=\"3 minutes\" \/>\n<script type=\"application\/ld+json\" class=\"yoast-schema-graph\">{\"@context\":\"https:\/\/schema.org\",\"@graph\":[{\"@type\":\"Article\",\"@id\":\"https:\/\/vieassociative.be\/actualites\/lensemble-de-la-gamme-pixel-9-est-reduit-lors-de-la-grande-vente-de-printemps-damazon\/#article\",\"isPartOf\":{\"@id\":\"https:\/\/vieassociative.be\/actualites\/lensemble-de-la-gamme-pixel-9-est-reduit-lors-de-la-grande-vente-de-printemps-damazon\/\"},\"author\":{\"name\":\"Julien\",\"@id\":\"https:\/\/vieassociative.be\/actualites\/#\/schema\/person\/b87ac4f82f9d4e7b7cec7395b679edc4\"},\"headline\":\"L&rsquo;ensemble de la gamme Pixel 9 est r\u00e9duit lors de la grande vente de printemps d&rsquo;Amazon\",\"datePublished\":\"2025-03-26T01:18:17+00:00\",\"dateModified\":\"2025-03-26T01:18:17+00:00\",\"mainEntityOfPage\":{\"@id\":\"https:\/\/vieassociative.be\/actualites\/lensemble-de-la-gamme-pixel-9-est-reduit-lors-de-la-grande-vente-de-printemps-damazon\/\"},\"wordCount\":565,\"publisher\":{\"@id\":\"https:\/\/vieassociative.be\/actualites\/#organization\"},\"image\":{\"@id\":\"https:\/\/vieassociative.be\/actualites\/lensemble-de-la-gamme-pixel-9-est-reduit-lors-de-la-grande-vente-de-printemps-damazon\/#primaryimage\"},\"thumbnailUrl\":\"https:\/\/vieassociative.be\/actualites\/wp-content\/uploads\/2025\/03\/Lensemble-de-la-gamme-Pixel-9-est-reduit-lors-de.jpg\",\"keywords\":[\"dAmazon\",\"est\",\"gamme\",\"grande\",\"Lensemble\",\"lors\",\"Pixel\",\"printemps\",\"r\u00e9duit\",\"vente\"],\"articleSection\":[\"Technologie\"],\"inLanguage\":\"fr-BE\"},{\"@type\":\"WebPage\",\"@id\":\"https:\/\/vieassociative.be\/actualites\/lensemble-de-la-gamme-pixel-9-est-reduit-lors-de-la-grande-vente-de-printemps-damazon\/\",\"url\":\"https:\/\/vieassociative.be\/actualites\/lensemble-de-la-gamme-pixel-9-est-reduit-lors-de-la-grande-vente-de-printemps-damazon\/\",\"name\":\"L'ensemble de la gamme Pixel 9 est r\u00e9duit lors de la grande vente de printemps d'Amazon | Vie Associative\",\"isPartOf\":{\"@id\":\"https:\/\/vieassociative.be\/actualites\/#website\"},\"primaryImageOfPage\":{\"@id\":\"https:\/\/vieassociative.be\/actualites\/lensemble-de-la-gamme-pixel-9-est-reduit-lors-de-la-grande-vente-de-printemps-damazon\/#primaryimage\"},\"image\":{\"@id\":\"https:\/\/vieassociative.be\/actualites\/lensemble-de-la-gamme-pixel-9-est-reduit-lors-de-la-grande-vente-de-printemps-damazon\/#primaryimage\"},\"thumbnailUrl\":\"https:\/\/vieassociative.be\/actualites\/wp-content\/uploads\/2025\/03\/Lensemble-de-la-gamme-Pixel-9-est-reduit-lors-de.jpg\",\"datePublished\":\"2025-03-26T01:18:17+00:00\",\"dateModified\":\"2025-03-26T01:18:17+00:00\",\"breadcrumb\":{\"@id\":\"https:\/\/vieassociative.be\/actualites\/lensemble-de-la-gamme-pixel-9-est-reduit-lors-de-la-grande-vente-de-printemps-damazon\/#breadcrumb\"},\"inLanguage\":\"fr-BE\",\"potentialAction\":[{\"@type\":\"ReadAction\",\"target\":[\"https:\/\/vieassociative.be\/actualites\/lensemble-de-la-gamme-pixel-9-est-reduit-lors-de-la-grande-vente-de-printemps-damazon\/\"]}]},{\"@type\":\"ImageObject\",\"inLanguage\":\"fr-BE\",\"@id\":\"https:\/\/vieassociative.be\/actualites\/lensemble-de-la-gamme-pixel-9-est-reduit-lors-de-la-grande-vente-de-printemps-damazon\/#primaryimage\",\"url\":\"https:\/\/vieassociative.be\/actualites\/wp-content\/uploads\/2025\/03\/Lensemble-de-la-gamme-Pixel-9-est-reduit-lors-de.jpg\",\"contentUrl\":\"https:\/\/vieassociative.be\/actualites\/wp-content\/uploads\/2025\/03\/Lensemble-de-la-gamme-Pixel-9-est-reduit-lors-de.jpg\",\"width\":1200,\"height\":675,\"caption\":\"L'ensemble de la gamme Pixel 9 est r\u00e9duit lors de la grande vente de printemps d'Amazon\"},{\"@type\":\"BreadcrumbList\",\"@id\":\"https:\/\/vieassociative.be\/actualites\/lensemble-de-la-gamme-pixel-9-est-reduit-lors-de-la-grande-vente-de-printemps-damazon\/#breadcrumb\",\"itemListElement\":[{\"@type\":\"ListItem\",\"position\":1,\"name\":\"Accueil\",\"item\":\"https:\/\/vieassociative.be\/actualites\/\"},{\"@type\":\"ListItem\",\"position\":2,\"name\":\"L&rsquo;ensemble de la gamme Pixel 9 est r\u00e9duit lors de la grande vente de printemps d&rsquo;Amazon\"}]},{\"@type\":\"WebSite\",\"@id\":\"https:\/\/vieassociative.be\/actualites\/#website\",\"url\":\"https:\/\/vieassociative.be\/actualites\/\",\"name\":\"Vie Associative\",\"description\":\"\",\"publisher\":{\"@id\":\"https:\/\/vieassociative.be\/actualites\/#organization\"},\"potentialAction\":[{\"@type\":\"SearchAction\",\"target\":{\"@type\":\"EntryPoint\",\"urlTemplate\":\"https:\/\/vieassociative.be\/actualites\/?s={search_term_string}\"},\"query-input\":{\"@type\":\"PropertyValueSpecification\",\"valueRequired\":true,\"valueName\":\"search_term_string\"}}],\"inLanguage\":\"fr-BE\"},{\"@type\":\"Organization\",\"@id\":\"https:\/\/vieassociative.be\/actualites\/#organization\",\"name\":\"Vie Associative\",\"url\":\"https:\/\/vieassociative.be\/actualites\/\",\"logo\":{\"@type\":\"ImageObject\",\"inLanguage\":\"fr-BE\",\"@id\":\"https:\/\/vieassociative.be\/actualites\/#\/schema\/logo\/image\/\",\"url\":\"https:\/\/vieassociative.be\/actualites\/wp-content\/uploads\/2024\/09\/cropped-vieassociative_favicon.ico.png\",\"contentUrl\":\"https:\/\/vieassociative.be\/actualites\/wp-content\/uploads\/2024\/09\/cropped-vieassociative_favicon.ico.png\",\"width\":512,\"height\":512,\"caption\":\"Vie Associative\"},\"image\":{\"@id\":\"https:\/\/vieassociative.be\/actualites\/#\/schema\/logo\/image\/\"}},{\"@type\":\"Person\",\"@id\":\"https:\/\/vieassociative.be\/actualites\/#\/schema\/person\/b87ac4f82f9d4e7b7cec7395b679edc4\",\"name\":\"Julien\",\"image\":{\"@type\":\"ImageObject\",\"inLanguage\":\"fr-BE\",\"@id\":\"https:\/\/vieassociative.be\/actualites\/#\/schema\/person\/image\/\",\"url\":\"https:\/\/vieassociative.be\/actualites\/wp-content\/uploads\/2024\/09\/vie-associative-1-150x150.jpg\",\"contentUrl\":\"https:\/\/vieassociative.be\/actualites\/wp-content\/uploads\/2024\/09\/vie-associative-1-150x150.jpg\",\"caption\":\"Julien\"},\"description\":\"Je suis Julien, r\u00e9dacteur pour Vie Associative. Passionn\u00e9 par le monde associatif depuis plus de 10 ans, j'ai \u00e0 c\u0153ur de partager des histoires inspirantes et de mettre en lumi\u00e8re les initiatives locales. Mon objectif est de sensibiliser et d'encourager l'engagement communautaire \u00e0 travers mes articles.\",\"sameAs\":[\"https:\/\/vieassociative.be\/\"]}]}<\/script>\n<!-- \/ Yoast SEO plugin. -->","yoast_head_json":{"title":"L'ensemble de la gamme Pixel 9 est r\u00e9duit lors de la grande vente de printemps d'Amazon | Vie Associative","robots":{"index":"index","follow":"follow","max-snippet":"max-snippet:-1","max-image-preview":"max-image-preview:large","max-video-preview":"max-video-preview:-1"},"canonical":"https:\/\/vieassociative.be\/actualites\/lensemble-de-la-gamme-pixel-9-est-reduit-lors-de-la-grande-vente-de-printemps-damazon\/","og_locale":"fr_FR","og_type":"article","og_title":"L'ensemble de la gamme Pixel 9 est r\u00e9duit lors de la grande vente de printemps d'Amazon | Vie Associative","og_description":"Les mod\u00e8les haut de gamme et les plus abordables sont en vente lors de la vente de printemps d&rsquo;Amazon. Que vous soyez apr\u00e8s un support","og_url":"https:\/\/vieassociative.be\/actualites\/lensemble-de-la-gamme-pixel-9-est-reduit-lors-de-la-grande-vente-de-printemps-damazon\/","og_site_name":"Vie Associative","article_published_time":"2025-03-26T01:18:17+00:00","og_image":[{"width":279,"height":92,"url":"https:\/\/vieassociative.be\/actualites\/wp-content\/uploads\/2024\/09\/header_backgroundk-01-e1726694325946.png","type":"image\/png"}],"author":"Julien","twitter_card":"summary_large_image","twitter_misc":{"\u00c9crit par":"Julien","Dur\u00e9e de lecture est.":"3 minutes"},"schema":{"@context":"https:\/\/schema.org","@graph":[{"@type":"Article","@id":"https:\/\/vieassociative.be\/actualites\/lensemble-de-la-gamme-pixel-9-est-reduit-lors-de-la-grande-vente-de-printemps-damazon\/#article","isPartOf":{"@id":"https:\/\/vieassociative.be\/actualites\/lensemble-de-la-gamme-pixel-9-est-reduit-lors-de-la-grande-vente-de-printemps-damazon\/"},"author":{"name":"Julien","@id":"https:\/\/vieassociative.be\/actualites\/#\/schema\/person\/b87ac4f82f9d4e7b7cec7395b679edc4"},"headline":"L&rsquo;ensemble de la gamme Pixel 9 est r\u00e9duit lors de la grande vente de printemps d&rsquo;Amazon","datePublished":"2025-03-26T01:18:17+00:00","dateModified":"2025-03-26T01:18:17+00:00","mainEntityOfPage":{"@id":"https:\/\/vieassociative.be\/actualites\/lensemble-de-la-gamme-pixel-9-est-reduit-lors-de-la-grande-vente-de-printemps-damazon\/"},"wordCount":565,"publisher":{"@id":"https:\/\/vieassociative.be\/actualites\/#organization"},"image":{"@id":"https:\/\/vieassociative.be\/actualites\/lensemble-de-la-gamme-pixel-9-est-reduit-lors-de-la-grande-vente-de-printemps-damazon\/#primaryimage"},"thumbnailUrl":"https:\/\/vieassociative.be\/actualites\/wp-content\/uploads\/2025\/03\/Lensemble-de-la-gamme-Pixel-9-est-reduit-lors-de.jpg","keywords":["dAmazon","est","gamme","grande","Lensemble","lors","Pixel","printemps","r\u00e9duit","vente"],"articleSection":["Technologie"],"inLanguage":"fr-BE"},{"@type":"WebPage","@id":"https:\/\/vieassociative.be\/actualites\/lensemble-de-la-gamme-pixel-9-est-reduit-lors-de-la-grande-vente-de-printemps-damazon\/","url":"https:\/\/vieassociative.be\/actualites\/lensemble-de-la-gamme-pixel-9-est-reduit-lors-de-la-grande-vente-de-printemps-damazon\/","name":"L'ensemble de la gamme Pixel 9 est r\u00e9duit lors de la grande vente de printemps d'Amazon | Vie Associative","isPartOf":{"@id":"https:\/\/vieassociative.be\/actualites\/#website"},"primaryImageOfPage":{"@id":"https:\/\/vieassociative.be\/actualites\/lensemble-de-la-gamme-pixel-9-est-reduit-lors-de-la-grande-vente-de-printemps-damazon\/#primaryimage"},"image":{"@id":"https:\/\/vieassociative.be\/actualites\/lensemble-de-la-gamme-pixel-9-est-reduit-lors-de-la-grande-vente-de-printemps-damazon\/#primaryimage"},"thumbnailUrl":"https:\/\/vieassociative.be\/actualites\/wp-content\/uploads\/2025\/03\/Lensemble-de-la-gamme-Pixel-9-est-reduit-lors-de.jpg","datePublished":"2025-03-26T01:18:17+00:00","dateModified":"2025-03-26T01:18:17+00:00","breadcrumb":{"@id":"https:\/\/vieassociative.be\/actualites\/lensemble-de-la-gamme-pixel-9-est-reduit-lors-de-la-grande-vente-de-printemps-damazon\/#breadcrumb"},"inLanguage":"fr-BE","potentialAction":[{"@type":"ReadAction","target":["https:\/\/vieassociative.be\/actualites\/lensemble-de-la-gamme-pixel-9-est-reduit-lors-de-la-grande-vente-de-printemps-damazon\/"]}]},{"@type":"ImageObject","inLanguage":"fr-BE","@id":"https:\/\/vieassociative.be\/actualites\/lensemble-de-la-gamme-pixel-9-est-reduit-lors-de-la-grande-vente-de-printemps-damazon\/#primaryimage","url":"https:\/\/vieassociative.be\/actualites\/wp-content\/uploads\/2025\/03\/Lensemble-de-la-gamme-Pixel-9-est-reduit-lors-de.jpg","contentUrl":"https:\/\/vieassociative.be\/actualites\/wp-content\/uploads\/2025\/03\/Lensemble-de-la-gamme-Pixel-9-est-reduit-lors-de.jpg","width":1200,"height":675,"caption":"L'ensemble de la gamme Pixel 9 est r\u00e9duit lors de la grande vente de printemps d'Amazon"},{"@type":"BreadcrumbList","@id":"https:\/\/vieassociative.be\/actualites\/lensemble-de-la-gamme-pixel-9-est-reduit-lors-de-la-grande-vente-de-printemps-damazon\/#breadcrumb","itemListElement":[{"@type":"ListItem","position":1,"name":"Accueil","item":"https:\/\/vieassociative.be\/actualites\/"},{"@type":"ListItem","position":2,"name":"L&rsquo;ensemble de la gamme Pixel 9 est r\u00e9duit lors de la grande vente de printemps d&rsquo;Amazon"}]},{"@type":"WebSite","@id":"https:\/\/vieassociative.be\/actualites\/#website","url":"https:\/\/vieassociative.be\/actualites\/","name":"Vie Associative","description":"","publisher":{"@id":"https:\/\/vieassociative.be\/actualites\/#organization"},"potentialAction":[{"@type":"SearchAction","target":{"@type":"EntryPoint","urlTemplate":"https:\/\/vieassociative.be\/actualites\/?s={search_term_string}"},"query-input":{"@type":"PropertyValueSpecification","valueRequired":true,"valueName":"search_term_string"}}],"inLanguage":"fr-BE"},{"@type":"Organization","@id":"https:\/\/vieassociative.be\/actualites\/#organization","name":"Vie Associative","url":"https:\/\/vieassociative.be\/actualites\/","logo":{"@type":"ImageObject","inLanguage":"fr-BE","@id":"https:\/\/vieassociative.be\/actualites\/#\/schema\/logo\/image\/","url":"https:\/\/vieassociative.be\/actualites\/wp-content\/uploads\/2024\/09\/cropped-vieassociative_favicon.ico.png","contentUrl":"https:\/\/vieassociative.be\/actualites\/wp-content\/uploads\/2024\/09\/cropped-vieassociative_favicon.ico.png","width":512,"height":512,"caption":"Vie Associative"},"image":{"@id":"https:\/\/vieassociative.be\/actualites\/#\/schema\/logo\/image\/"}},{"@type":"Person","@id":"https:\/\/vieassociative.be\/actualites\/#\/schema\/person\/b87ac4f82f9d4e7b7cec7395b679edc4","name":"Julien","image":{"@type":"ImageObject","inLanguage":"fr-BE","@id":"https:\/\/vieassociative.be\/actualites\/#\/schema\/person\/image\/","url":"https:\/\/vieassociative.be\/actualites\/wp-content\/uploads\/2024\/09\/vie-associative-1-150x150.jpg","contentUrl":"https:\/\/vieassociative.be\/actualites\/wp-content\/uploads\/2024\/09\/vie-associative-1-150x150.jpg","caption":"Julien"},"description":"Je suis Julien, r\u00e9dacteur pour Vie Associative. Passionn\u00e9 par le monde associatif depuis plus de 10 ans, j'ai \u00e0 c\u0153ur de partager des histoires inspirantes et de mettre en lumi\u00e8re les initiatives locales. Mon objectif est de sensibiliser et d'encourager l'engagement communautaire \u00e0 travers mes articles.","sameAs":["https:\/\/vieassociative.be\/"]}]}},"_links":{"self":[{"href":"https:\/\/vieassociative.be\/actualites\/wp-json\/wp\/v2\/posts\/6157"}],"collection":[{"href":"https:\/\/vieassociative.be\/actualites\/wp-json\/wp\/v2\/posts"}],"about":[{"href":"https:\/\/vieassociative.be\/actualites\/wp-json\/wp\/v2\/types\/post"}],"author":[{"embeddable":true,"href":"https:\/\/vieassociative.be\/actualites\/wp-json\/wp\/v2\/users\/1"}],"replies":[{"embeddable":true,"href":"https:\/\/vieassociative.be\/actualites\/wp-json\/wp\/v2\/comments?post=6157"}],"version-history":[{"count":0,"href":"https:\/\/vieassociative.be\/actualites\/wp-json\/wp\/v2\/posts\/6157\/revisions"}],"wp:featuredmedia":[{"embeddable":true,"href":"https:\/\/vieassociative.be\/actualites\/wp-json\/wp\/v2\/media\/6158"}],"wp:attachment":[{"href":"https:\/\/vieassociative.be\/actualites\/wp-json\/wp\/v2\/media?parent=6157"}],"wp:term":[{"taxonomy":"category","embeddable":true,"href":"https:\/\/vieassociative.be\/actualites\/wp-json\/wp\/v2\/categories?post=6157"},{"taxonomy":"post_tag","embeddable":true,"href":"https:\/\/vieassociative.be\/actualites\/wp-json\/wp\/v2\/tags?post=6157"}],"curies":[{"name":"wp","href":"https:\/\/api.w.org\/{rel}","templated":true}]}}