{"id":6156,"date":"2025-03-26T00:17:13","date_gmt":"2025-03-25T23:17:13","guid":{"rendered":"https:\/\/vieassociative.be\/actualites\/vous-pouvez-cultiver-un-micro-verger-dans-votre-jardin-2\/"},"modified":"2025-03-26T00:17:13","modified_gmt":"2025-03-25T23:17:13","slug":"vous-pouvez-cultiver-un-micro-verger-dans-votre-jardin-2","status":"publish","type":"post","link":"https:\/\/vieassociative.be\/actualites\/vous-pouvez-cultiver-un-micro-verger-dans-votre-jardin-2\/","title":{"rendered":"Vous pouvez cultiver un \u00abmicro-verger\u00bb dans votre jardin"},"content":{"rendered":"<div class=\"mt-4 leading-6 md:mb-8\">Il peut vous permettre de cultiver plusieurs fruits diff\u00e9rents \u00e0 la place d&rsquo;un ou deux grands arbres.<\/div>\n<p><\/p>\n<p>J&rsquo;ai un probl\u00e8me: mon jardin est une taille finie. Il ne contiendra que tant d&rsquo;arbres, m\u00eame si j&rsquo;essaie depuis des ann\u00e9es de me serrer plus. La solution pourrait \u00eatre un micro-verger, qui offre des avantages distincts. Premi\u00e8rement, tous les fruits de vos arbres sont accessibles (car rien n&rsquo;est aussi frustrant qu&rsquo;une p\u00eache juste hors de votre port\u00e9e) parce que les arbres sont gard\u00e9s petits et les fruits sont encourag\u00e9s \u00e0 se rapprocher du sol. Cette petite stature de l&rsquo;arbre signifie que vous pouvez emballer davantage dans un espace plus petit. \u00catre capable d&rsquo;avoir de nombreux arbres au lieu d&rsquo;un vous permet de diversifier votre r\u00e9colte, ou d&rsquo;am\u00e9liorer la pollinisation d&rsquo;un type d&rsquo;arbre fruitier en ayant quelques arbres du m\u00eame genre au lieu d&rsquo;un seul. <\/p>\n<p>Avec les arbres aussi petits, vous pouvez contr\u00f4ler plus facilement les ravageurs et les virus. Un petit arbre est beaucoup plus facile \u00e0 pulv\u00e9riser qu&rsquo;un arbre de quinze pieds. Pour faciliter cela, il y a une quantit\u00e9 croissante de reproduction crois\u00e9e dans les fruits pour rendre les arbres plus compacts et cr\u00e9er des races de fruits plus robustes. Vous pouvez maintenant faire pousser des olives et des agrumes dans le froid ou des pommes dans le d\u00e9sert. <\/p>\n<h2 id=\"start-by-choosing-the-right-root-stock\">Commencez par choisir le bon stock de racines<\/h2>\n<p>Quelque chose que vous ne savez peut-\u00eatre pas sur les arbres fruitiers que nous achetons aujourd&rsquo;hui, c&rsquo;est que presque aucun n&rsquo;est cultiv\u00e9 \u00e0 partir de graines. Au lieu de cela, une jeune branche d&rsquo;un arbre fruitier enti\u00e8rement cultiv\u00e9 (un scion) est greff\u00e9e au jeune tronc d&rsquo;un arbre compl\u00e8tement sans rapport (stockage) connu pour \u00eatre particuli\u00e8rement r\u00e9sistant aux maladies ou r\u00e9silitant aux intemp\u00e9ries, ou tr\u00e8s grand ou tr\u00e8s petit. Le scion se d\u00e9veloppera au lieu du stock de racines, et vous vous retrouvez avec un arbre fruitier qui a le fruit du scion et les caract\u00e9ristiques du stock racinaire, comme une nectarine naine. La raison la plus courante pour laquelle les gens choisissent le stock racine est la hauteur. Pour obtenir un micro-verger, vous voudrez choisir des arbres fruitiers cultiv\u00e9s sur des arbres de stock nains qui ne grandiront pas de plus de dix ou douze pieds, et il y a une diff\u00e9rence entre nain et semi-nain, qui est de 12 \u00e0 15 pieds et probablement trop grand pour un micro-orcheau. Vous allez tailler l&rsquo;arbre pour \u00eatre encore plus petit que la hauteur compl\u00e8te de 8 \u00e0 12 pieds, mais vous voulez commencer par un arbre qui est d\u00e9j\u00e0 pr\u00eat \u00e0 pousser aussi petit que possible. <\/p>\n<div class=\"eloquent-imagery-image\">\n<div class=\"flex justify-center\">\n                    <img decoding=\"async\" class=\"border border-gray-100\" src=\"https:\/\/vieassociative.be\/actualites\/wp-content\/uploads\/2025\/03\/Vous-pouvez-cultiver-un-micro-verger-dans-votre-jardin.jpg\" alt=\"p\u00eache naine\" width=\"2000\" height=\"1555\" loading=\"lazy\"  >\n            <\/div>\n<\/p><\/div>\n<h2 id=\"how-to-choose-your-fruit-tree-varieties\">Comment choisir vos vari\u00e9t\u00e9s d&rsquo;arbres fruitiers<\/h2>\n<p>J&rsquo;ai pass\u00e9 ce week-end dans One Green World, un d\u00e9taillant national d&rsquo;arbres fruitiers, d&rsquo;arbustes et de vignes. Ils ont le catalogue le plus profond d&rsquo;arbres fruitiers que j&rsquo;ai vus, avec pr\u00e8s d&rsquo;une centaine de vari\u00e9t\u00e9s de grenade seule. J&rsquo;ai parl\u00e9 \u00e0 Matt Voedisch, un membre d&rsquo;\u00e9quipage de One Green World, sur la fa\u00e7on de choisir des arbres pour un micro-orchard. J&rsquo;avais de la place dans ma cour avant pour quatre arbres pour commencer. J&rsquo;ai \u00e9tudi\u00e9 les mini ou les micro-vergers depuis quelques mois, et il semblait y avoir des tendances communes. Les pommes et les poires \u00e9taient courantes, et \u00e9tant donn\u00e9 la vari\u00e9t\u00e9 disponible sur le stock, cela avait du sens. Les prunes \u00e9taient populaires, tout comme les p\u00eaches. Cependant, la v\u00e9rit\u00e9 est que tout fruit serait appropri\u00e9, tant qu&rsquo;il est disponible sur le stock de racines naines, et cette vari\u00e9t\u00e9 est not\u00e9e pour votre zone de croissance. Cela pourrait inclure des m\u00fbres, des cerises, des olives et m\u00eame des agrumes. <\/p>\n<p>Voedisch m&rsquo;a encourag\u00e9 \u00e0 consid\u00e9rer Medlar et Persimmon, tous deux excellentes id\u00e9es, mais j&rsquo;\u00e9tais concentr\u00e9 sur les p\u00eaches et les grenades. Il m&rsquo;a guid\u00e9 vers un Eldorado et Bonanza Peach, qui sont tous deux disponibles \u00e0 l&rsquo;\u00e9chelle nationale. Je ne pouvais pas surmonter la petite taille de ces p\u00eaches &#8211; moins de trois pieds avec des racines, mais pleines de branches et de bourgeons. J&rsquo;ai choisi deux grenades de la vari\u00e9t\u00e9 Hydranar X Goulosha et j&rsquo;ai pu voir \u00e0 quoi ils ressembleraient adultes, car on a \u00e9t\u00e9 plant\u00e9 sur place.  <\/p>\n<div class=\"eloquent-imagery-image\">\n<div class=\"flex justify-center\">\n                    <img decoding=\"async\" class=\"border border-gray-100\" src=\"https:\/\/vieassociative.be\/actualites\/wp-content\/uploads\/2025\/03\/1742908617_440_Vous-pouvez-cultiver-un-micro-verger-dans-votre-jardin.jpg\" alt=\"Une grenade naine, pleinement adulte\" width=\"2000\" height=\"1248\" loading=\"lazy\"  >\n            <\/div>\n<\/p><\/div>\n<h2 id=\"when-to-prune-fruit-trees\">Quand tailler les arbres fruitiers<\/h2>\n<p>Dans certaines vid\u00e9os, j&rsquo;ai regard\u00e9 des jardiniers Micro Orchard sortir de Home Depot avec des arbres fruitiers de 8 pieds, et je les ai parcourir la hauteur de la hanche dans le parking pour s&rsquo;adapter \u00e0 leur voiture et commencer la taille. Je suis apparu dans One Green World avec des pruneaux, accumul\u00e9 pour faire cette \u00e9tape drastique, mais Voedisch a encourag\u00e9 la patience. En particulier pour les fruits \u00e0 fruits, le printemps est trop humide pour les grandes coupes, a-t-il d\u00e9clar\u00e9. Il a sugg\u00e9r\u00e9 d&rsquo;attendre des conditions s\u00e8ches cet \u00e9t\u00e9. <\/p>\n<p>G\u00e9n\u00e9ralement, les plantes sont taill\u00e9es en sommeil, apr\u00e8s fructification ou floraison. Ainsi, la fin de l&rsquo;\u00e9t\u00e9 serait le moment appropri\u00e9 pour tailler vos fruits de pierre et votre coing. Pour les pommes et les poires, le moment appropri\u00e9 est l&rsquo;automne ou l&rsquo;hiver. Les m\u00e9dailles sont taill\u00e9s \u00e0 la fin de l&rsquo;hiver ou au d\u00e9but du printemps. Bien qu&rsquo;il s&rsquo;agisse de r\u00e8gles g\u00e9n\u00e9rales, c&rsquo;est toujours une bonne id\u00e9e de v\u00e9rifier avec une p\u00e9pini\u00e8re locale pour les directives sur le moment de tailler, \u00e9tant donn\u00e9 les conditions m\u00e9t\u00e9orologiques locales une ann\u00e9e particuli\u00e8re. <\/p>\n<h2 id=\"how-to-start-prune-fruit-trees\">Comment commencer \u00e0 tailler les arbres fruitiers<\/h2>\n<p>Comprendre comment les nuances de l&rsquo;\u00e9lagage &#8211; en particulier, l&rsquo;angle et l&#8217;emplacement de la coupe &#8211; la croissance des arbres sera le succ\u00e8s de votre verger. En r\u00e8gle g\u00e9n\u00e9rale, ne prenez jamais plus d&rsquo;un tiers d&rsquo;une plante ou d&rsquo;une arbre \u00e0 la fois. Dans presque tous les cas pour un micro-verger, votre premi\u00e8re coupe sera de d\u00e9m\u00e9nager la plante \u00e0 la hauteur de la hanche, peu importe ce qui se d\u00e9veloppe au-dessus de cette coupe. Vous voulez que les coupes soient \u00e0 45 degr\u00e9s, donc la branche grandit de cette coupe. Pensez \u00e0 la coupe comme si elle formait un coude. <\/p>\n<div class=\"pogoClear relative my-10 border-b-(1.5px) border-t-(1.5px) border-dashed border-black py-5 sm:my-14 sm:border-0 sm:py-0\" x-cloak x-data=\"{ commentsCount: null }\" x-init=\"commentsCount = await window.openweb.getMessagesCount(122380)\" x-show=\"commentsCount !== null &amp;&amp; commentsCount &gt; 0\">\n<div class=\"absolute top-1\/2 hidden w-full -translate-y-1\/2 border-t-(1.5px) border-dashed border-black sm:block\"><\/div>\n<div class=\"relative flex justify-center\">\n<div class=\"flex max-w-max items-center gap-x-3 bg-white px-5\">\n<div class=\"relative\">\n                <span class=\"absolute left-1\/2 top-1\/2 -translate-x-1\/2 -translate-y-1\/2 font-akshar text-sm font-medium text-black\" x-text=\"commentsCount\"><\/span><\/p>\n<p>                <svg class=\"h-8 w-8 text-black\">\n                    <use href=\"http:\/\/lifehacker.com\/images\/icons\/spritemap.svg#sprite-chat-bubble\"><\/use>\n                <\/svg>\n            <\/div>\n<p>            <span class=\"text-sm font-medium text-black\">Que pensez-vous jusqu&rsquo;\u00e0 pr\u00e9sent? <button class=\"font-semibold text-brand-green underline hover:text-brand-green-700\" onclick=\"window.openweb.scrollToComments(122380)\">Publier un commentaire.<\/button><\/span>\n        <\/div>\n<\/p><\/div>\n<\/div>\n<p>Chaque coupe cr\u00e9e des branches, avec de nouvelles branches se formant du point de croissance (\u00e9peron) le plus proche de la branche que vous coupez. En coupant le tronc principal de votre arbre, vous obligerez l&rsquo;arbre \u00e0 former des branches \u00e0 cette jonction, qui se d\u00e9veloppera horizontalement, pas verticalement, et ils pousseront chacun plus de branches &#8211; et maintenant le fruit qui pousse sur ces branches sera beaucoup plus bas au sol. <\/p>\n<h2 id=\"how-to-prune-fruit-trees-over-the-long-term\">Comment tailler les arbres fruitiers \u00e0 long terme<\/h2>\n<p>Apr\u00e8s le lopage initial, les ann\u00e9es successives seront d&rsquo;aider votre arbre fruitier \u00e0 maintenir sa forme et son \u00e9quilibre. Vous voulez toujours que le centre de l&rsquo;arbre soit ouvert et a\u00e9r\u00e9, permettant au flux d&rsquo;air, au soleil et aux pollinisateurs de se d\u00e9placer. Il y a une plus grande probabilit\u00e9 de maladie lorsque les arbres ou les plantes ont beaucoup de feuilles ou de branches dans des quartiers bond\u00e9s, et moins vous produisez de fruits, plus les fruits sont plus gros et plus savoureux.<\/p>\n<p>Les premi\u00e8res coupes chaque ann\u00e9e devraient \u00eatre de retirer toutes les branches dirig\u00e9es vers l&rsquo;int\u00e9rieur, plut\u00f4t que vers l&rsquo;ext\u00e9rieur. Toutes les branches devraient se d\u00e9placer vers le haut et loin du centre. Ensuite, vous voudrez consid\u00e9rer les branches qui traversent d&rsquo;autres branches, qui devraient \u00eatre supprim\u00e9es. Toutes les petites branches mortes doivent \u00eatre coup\u00e9es. Enfin, sur chaque arbre, vous voulez \u00e9tablir trois \u00e0 quatre branches de plomb (dirigeants) qui laissent l&rsquo;arbre \u00e9quilibr\u00e9, avec ce grand centre a\u00e9r\u00e9. Il existe d&rsquo;excellentes vid\u00e9os sur la fa\u00e7on de tailler en utilisant cette m\u00e9thode. Au cours des premi\u00e8res ann\u00e9es, vous voudrez limiter vos fruits en arrachant les fleurs de l&rsquo;arbre (afin qu&rsquo;ils ne puissent pas d\u00e9velopper des fruits), donc l&rsquo;arbre a le temps de d\u00e9velopper des racines et des branches fortes.<\/p>\n<h2 id=\"concerns-about-micro-orchards\">Pr\u00e9occupations concernant les micro vergers<\/h2>\n<p>Il y a des inqui\u00e9tudes concernant le maintien des arbres aussi petits, et ils devraient affecter o\u00f9 vous plantez et comment vous maintenez votre micro-verger. Le stock nain n&rsquo;a souvent pas la m\u00eame r\u00e9sistance aux maladies que le stock plus grand ou r\u00e9gulier. Cela peut \u00eatre quelque peu annul\u00e9 en restant au-dessus de la pulv\u00e9risation de vos arbres avec les traitements appropri\u00e9s pour votre r\u00e9gion. Dans le nord-ouest humide, nous traitons les fruits de fruits avec du cuivre pour emp\u00eacher la boucle des feuilles et d&rsquo;autres maladies, et cela est rendu beaucoup plus facile en gardant les plantes petites. Un autre probl\u00e8me est que les racines ne seront pas aussi profondes et cela affectera la stabilit\u00e9 de l&rsquo;arbre. Les micro-vergers ne doivent pas \u00eatre utilis\u00e9s comme boucliers \u00e9oliens dans votre cour, et vous devriez envisager de joindre les arbres pour la stabilit\u00e9. Vous voudrez \u00eatre diligent lors de l&rsquo;\u00e9lagage du maintien de l&rsquo;\u00e9quilibre dans vos arbres pour vous aider \u00e0 r\u00e9soudre ce probl\u00e8me.<\/p>\n<div class=\"eloquent-imagery-image\">\n<div class=\"flex justify-center\">\n                    <img decoding=\"async\" class=\"border border-gray-100\" src=\"https:\/\/vieassociative.be\/actualites\/wp-content\/uploads\/2025\/03\/1742908617_317_Vous-pouvez-cultiver-un-micro-verger-dans-votre-jardin.jpg\" alt=\"Deux p\u00eaches naines dans le sol\" width=\"2000\" height=\"1097\" loading=\"lazy\"  >\n            <\/div>\n<\/p><\/div>\n<p>Samedi, j&rsquo;ai creus\u00e9 des trous \u00e0 peu pr\u00e8s trois fois la largeur et la profondeur des racines des arbres et plac\u00e9 mes nouveaux mini arbres dans la cour avant. Ces arbres sont si petits qu&rsquo;ils n&rsquo;auront pas besoin de cette coupe initiale de la hauteur de la hanche, mais l&rsquo;ann\u00e9e prochaine, je les \u00e9lagnerai pour les garder petites et, j&rsquo;esp\u00e8re, dans deux ans, je vous en r\u00e9colterai des fruits. <\/p>\n","protected":false},"excerpt":{"rendered":"<p>Il peut vous permettre de cultiver plusieurs fruits diff\u00e9rents \u00e0 la place d&rsquo;un ou deux grands arbres. J&rsquo;ai un probl\u00e8me: mon jardin est une taille<\/p>\n","protected":false},"author":1,"featured_media":6146,"comment_status":"","ping_status":"","sticky":false,"template":"","format":"standard","meta":{"footnotes":""},"categories":[40],"tags":[5921,166,321,6014,5,8,4],"class_list":["post-6156","post","type-post","status-publish","format-standard","has-post-thumbnail","hentry","category-maison","tag-cultiver","tag-dans","tag-jardin","tag-microverger","tag-pouvez","tag-votre","tag-vous","generate-columns","tablet-grid-50","mobile-grid-100","grid-parent","grid-33"],"yoast_head":"<!-- This site is optimized with the Yoast SEO plugin v24.0 - https:\/\/yoast.com\/wordpress\/plugins\/seo\/ -->\n<title>Vous pouvez cultiver un \u00abmicro-verger\u00bb dans votre jardin | Vie Associative<\/title>\n<meta name=\"robots\" content=\"index, follow, max-snippet:-1, max-image-preview:large, max-video-preview:-1\" \/>\n<link rel=\"canonical\" href=\"https:\/\/vieassociative.be\/actualites\/vous-pouvez-cultiver-un-micro-verger-dans-votre-jardin-2\/\" \/>\n<meta property=\"og:locale\" content=\"fr_FR\" \/>\n<meta property=\"og:type\" content=\"article\" \/>\n<meta property=\"og:title\" content=\"Vous pouvez cultiver un \u00abmicro-verger\u00bb dans votre jardin | Vie Associative\" \/>\n<meta property=\"og:description\" content=\"Il peut vous permettre de cultiver plusieurs fruits diff\u00e9rents \u00e0 la place d&rsquo;un ou deux grands arbres. J&rsquo;ai un probl\u00e8me: mon jardin est une taille\" \/>\n<meta property=\"og:url\" content=\"https:\/\/vieassociative.be\/actualites\/vous-pouvez-cultiver-un-micro-verger-dans-votre-jardin-2\/\" \/>\n<meta property=\"og:site_name\" content=\"Vie Associative\" \/>\n<meta property=\"article:published_time\" content=\"2025-03-25T23:17:13+00:00\" \/>\n<meta property=\"og:image\" content=\"https:\/\/vieassociative.be\/actualites\/wp-content\/uploads\/2025\/03\/Vous-pouvez-cultiver-un-micro-verger-dans-votre-jardin.jpg\" \/>\n<meta name=\"author\" content=\"Julien\" \/>\n<meta name=\"twitter:card\" content=\"summary_large_image\" \/>\n<meta name=\"twitter:label1\" content=\"\u00c9crit par\" \/>\n\t<meta name=\"twitter:data1\" content=\"Julien\" \/>\n\t<meta name=\"twitter:label2\" content=\"Dur\u00e9e de lecture est.\" \/>\n\t<meta name=\"twitter:data2\" content=\"8 minutes\" \/>\n<script type=\"application\/ld+json\" class=\"yoast-schema-graph\">{\"@context\":\"https:\/\/schema.org\",\"@graph\":[{\"@type\":\"Article\",\"@id\":\"https:\/\/vieassociative.be\/actualites\/vous-pouvez-cultiver-un-micro-verger-dans-votre-jardin-2\/#article\",\"isPartOf\":{\"@id\":\"https:\/\/vieassociative.be\/actualites\/vous-pouvez-cultiver-un-micro-verger-dans-votre-jardin-2\/\"},\"author\":{\"name\":\"Julien\",\"@id\":\"https:\/\/vieassociative.be\/actualites\/#\/schema\/person\/b87ac4f82f9d4e7b7cec7395b679edc4\"},\"headline\":\"Vous pouvez cultiver un \u00abmicro-verger\u00bb dans votre jardin\",\"datePublished\":\"2025-03-25T23:17:13+00:00\",\"dateModified\":\"2025-03-25T23:17:13+00:00\",\"mainEntityOfPage\":{\"@id\":\"https:\/\/vieassociative.be\/actualites\/vous-pouvez-cultiver-un-micro-verger-dans-votre-jardin-2\/\"},\"wordCount\":1696,\"publisher\":{\"@id\":\"https:\/\/vieassociative.be\/actualites\/#organization\"},\"image\":{\"@id\":\"https:\/\/vieassociative.be\/actualites\/vous-pouvez-cultiver-un-micro-verger-dans-votre-jardin-2\/#primaryimage\"},\"thumbnailUrl\":\"https:\/\/vieassociative.be\/actualites\/wp-content\/uploads\/2025\/03\/1742908617_Vous-pouvez-cultiver-un-micro-verger-dans-votre-jardin.jpg\",\"keywords\":[\"cultiver\",\"dans\",\"jardin\",\"microverger\",\"pouvez\",\"votre\",\"Vous\"],\"articleSection\":[\"Maison\"],\"inLanguage\":\"fr-BE\"},{\"@type\":\"WebPage\",\"@id\":\"https:\/\/vieassociative.be\/actualites\/vous-pouvez-cultiver-un-micro-verger-dans-votre-jardin-2\/\",\"url\":\"https:\/\/vieassociative.be\/actualites\/vous-pouvez-cultiver-un-micro-verger-dans-votre-jardin-2\/\",\"name\":\"Vous pouvez cultiver un \u00abmicro-verger\u00bb dans votre jardin | Vie Associative\",\"isPartOf\":{\"@id\":\"https:\/\/vieassociative.be\/actualites\/#website\"},\"primaryImageOfPage\":{\"@id\":\"https:\/\/vieassociative.be\/actualites\/vous-pouvez-cultiver-un-micro-verger-dans-votre-jardin-2\/#primaryimage\"},\"image\":{\"@id\":\"https:\/\/vieassociative.be\/actualites\/vous-pouvez-cultiver-un-micro-verger-dans-votre-jardin-2\/#primaryimage\"},\"thumbnailUrl\":\"https:\/\/vieassociative.be\/actualites\/wp-content\/uploads\/2025\/03\/1742908617_Vous-pouvez-cultiver-un-micro-verger-dans-votre-jardin.jpg\",\"datePublished\":\"2025-03-25T23:17:13+00:00\",\"dateModified\":\"2025-03-25T23:17:13+00:00\",\"breadcrumb\":{\"@id\":\"https:\/\/vieassociative.be\/actualites\/vous-pouvez-cultiver-un-micro-verger-dans-votre-jardin-2\/#breadcrumb\"},\"inLanguage\":\"fr-BE\",\"potentialAction\":[{\"@type\":\"ReadAction\",\"target\":[\"https:\/\/vieassociative.be\/actualites\/vous-pouvez-cultiver-un-micro-verger-dans-votre-jardin-2\/\"]}]},{\"@type\":\"ImageObject\",\"inLanguage\":\"fr-BE\",\"@id\":\"https:\/\/vieassociative.be\/actualites\/vous-pouvez-cultiver-un-micro-verger-dans-votre-jardin-2\/#primaryimage\",\"url\":\"https:\/\/vieassociative.be\/actualites\/wp-content\/uploads\/2025\/03\/1742908617_Vous-pouvez-cultiver-un-micro-verger-dans-votre-jardin.jpg\",\"contentUrl\":\"https:\/\/vieassociative.be\/actualites\/wp-content\/uploads\/2025\/03\/1742908617_Vous-pouvez-cultiver-un-micro-verger-dans-votre-jardin.jpg\",\"width\":1200,\"height\":675,\"caption\":\"Vous pouvez cultiver un \u00abmicro-verger\u00bb dans votre jardin\"},{\"@type\":\"BreadcrumbList\",\"@id\":\"https:\/\/vieassociative.be\/actualites\/vous-pouvez-cultiver-un-micro-verger-dans-votre-jardin-2\/#breadcrumb\",\"itemListElement\":[{\"@type\":\"ListItem\",\"position\":1,\"name\":\"Accueil\",\"item\":\"https:\/\/vieassociative.be\/actualites\/\"},{\"@type\":\"ListItem\",\"position\":2,\"name\":\"Vous pouvez cultiver un \u00abmicro-verger\u00bb dans votre jardin\"}]},{\"@type\":\"WebSite\",\"@id\":\"https:\/\/vieassociative.be\/actualites\/#website\",\"url\":\"https:\/\/vieassociative.be\/actualites\/\",\"name\":\"Vie Associative\",\"description\":\"\",\"publisher\":{\"@id\":\"https:\/\/vieassociative.be\/actualites\/#organization\"},\"potentialAction\":[{\"@type\":\"SearchAction\",\"target\":{\"@type\":\"EntryPoint\",\"urlTemplate\":\"https:\/\/vieassociative.be\/actualites\/?s={search_term_string}\"},\"query-input\":{\"@type\":\"PropertyValueSpecification\",\"valueRequired\":true,\"valueName\":\"search_term_string\"}}],\"inLanguage\":\"fr-BE\"},{\"@type\":\"Organization\",\"@id\":\"https:\/\/vieassociative.be\/actualites\/#organization\",\"name\":\"Vie Associative\",\"url\":\"https:\/\/vieassociative.be\/actualites\/\",\"logo\":{\"@type\":\"ImageObject\",\"inLanguage\":\"fr-BE\",\"@id\":\"https:\/\/vieassociative.be\/actualites\/#\/schema\/logo\/image\/\",\"url\":\"https:\/\/vieassociative.be\/actualites\/wp-content\/uploads\/2024\/09\/cropped-vieassociative_favicon.ico.png\",\"contentUrl\":\"https:\/\/vieassociative.be\/actualites\/wp-content\/uploads\/2024\/09\/cropped-vieassociative_favicon.ico.png\",\"width\":512,\"height\":512,\"caption\":\"Vie Associative\"},\"image\":{\"@id\":\"https:\/\/vieassociative.be\/actualites\/#\/schema\/logo\/image\/\"}},{\"@type\":\"Person\",\"@id\":\"https:\/\/vieassociative.be\/actualites\/#\/schema\/person\/b87ac4f82f9d4e7b7cec7395b679edc4\",\"name\":\"Julien\",\"image\":{\"@type\":\"ImageObject\",\"inLanguage\":\"fr-BE\",\"@id\":\"https:\/\/vieassociative.be\/actualites\/#\/schema\/person\/image\/\",\"url\":\"https:\/\/vieassociative.be\/actualites\/wp-content\/uploads\/2024\/09\/vie-associative-1-150x150.jpg\",\"contentUrl\":\"https:\/\/vieassociative.be\/actualites\/wp-content\/uploads\/2024\/09\/vie-associative-1-150x150.jpg\",\"caption\":\"Julien\"},\"description\":\"Je suis Julien, r\u00e9dacteur pour Vie Associative. Passionn\u00e9 par le monde associatif depuis plus de 10 ans, j'ai \u00e0 c\u0153ur de partager des histoires inspirantes et de mettre en lumi\u00e8re les initiatives locales. Mon objectif est de sensibiliser et d'encourager l'engagement communautaire \u00e0 travers mes articles.\",\"sameAs\":[\"https:\/\/vieassociative.be\/\"]}]}<\/script>\n<!-- \/ Yoast SEO plugin. -->","yoast_head_json":{"title":"Vous pouvez cultiver un \u00abmicro-verger\u00bb dans votre jardin | Vie Associative","robots":{"index":"index","follow":"follow","max-snippet":"max-snippet:-1","max-image-preview":"max-image-preview:large","max-video-preview":"max-video-preview:-1"},"canonical":"https:\/\/vieassociative.be\/actualites\/vous-pouvez-cultiver-un-micro-verger-dans-votre-jardin-2\/","og_locale":"fr_FR","og_type":"article","og_title":"Vous pouvez cultiver un \u00abmicro-verger\u00bb dans votre jardin | Vie Associative","og_description":"Il peut vous permettre de cultiver plusieurs fruits diff\u00e9rents \u00e0 la place d&rsquo;un ou deux grands arbres. J&rsquo;ai un probl\u00e8me: mon jardin est une taille","og_url":"https:\/\/vieassociative.be\/actualites\/vous-pouvez-cultiver-un-micro-verger-dans-votre-jardin-2\/","og_site_name":"Vie Associative","article_published_time":"2025-03-25T23:17:13+00:00","og_image":[{"url":"https:\/\/vieassociative.be\/actualites\/wp-content\/uploads\/2025\/03\/Vous-pouvez-cultiver-un-micro-verger-dans-votre-jardin.jpg","type":"","width":"","height":""}],"author":"Julien","twitter_card":"summary_large_image","twitter_misc":{"\u00c9crit par":"Julien","Dur\u00e9e de lecture est.":"8 minutes"},"schema":{"@context":"https:\/\/schema.org","@graph":[{"@type":"Article","@id":"https:\/\/vieassociative.be\/actualites\/vous-pouvez-cultiver-un-micro-verger-dans-votre-jardin-2\/#article","isPartOf":{"@id":"https:\/\/vieassociative.be\/actualites\/vous-pouvez-cultiver-un-micro-verger-dans-votre-jardin-2\/"},"author":{"name":"Julien","@id":"https:\/\/vieassociative.be\/actualites\/#\/schema\/person\/b87ac4f82f9d4e7b7cec7395b679edc4"},"headline":"Vous pouvez cultiver un \u00abmicro-verger\u00bb dans votre jardin","datePublished":"2025-03-25T23:17:13+00:00","dateModified":"2025-03-25T23:17:13+00:00","mainEntityOfPage":{"@id":"https:\/\/vieassociative.be\/actualites\/vous-pouvez-cultiver-un-micro-verger-dans-votre-jardin-2\/"},"wordCount":1696,"publisher":{"@id":"https:\/\/vieassociative.be\/actualites\/#organization"},"image":{"@id":"https:\/\/vieassociative.be\/actualites\/vous-pouvez-cultiver-un-micro-verger-dans-votre-jardin-2\/#primaryimage"},"thumbnailUrl":"https:\/\/vieassociative.be\/actualites\/wp-content\/uploads\/2025\/03\/1742908617_Vous-pouvez-cultiver-un-micro-verger-dans-votre-jardin.jpg","keywords":["cultiver","dans","jardin","microverger","pouvez","votre","Vous"],"articleSection":["Maison"],"inLanguage":"fr-BE"},{"@type":"WebPage","@id":"https:\/\/vieassociative.be\/actualites\/vous-pouvez-cultiver-un-micro-verger-dans-votre-jardin-2\/","url":"https:\/\/vieassociative.be\/actualites\/vous-pouvez-cultiver-un-micro-verger-dans-votre-jardin-2\/","name":"Vous pouvez cultiver un \u00abmicro-verger\u00bb dans votre jardin | Vie Associative","isPartOf":{"@id":"https:\/\/vieassociative.be\/actualites\/#website"},"primaryImageOfPage":{"@id":"https:\/\/vieassociative.be\/actualites\/vous-pouvez-cultiver-un-micro-verger-dans-votre-jardin-2\/#primaryimage"},"image":{"@id":"https:\/\/vieassociative.be\/actualites\/vous-pouvez-cultiver-un-micro-verger-dans-votre-jardin-2\/#primaryimage"},"thumbnailUrl":"https:\/\/vieassociative.be\/actualites\/wp-content\/uploads\/2025\/03\/1742908617_Vous-pouvez-cultiver-un-micro-verger-dans-votre-jardin.jpg","datePublished":"2025-03-25T23:17:13+00:00","dateModified":"2025-03-25T23:17:13+00:00","breadcrumb":{"@id":"https:\/\/vieassociative.be\/actualites\/vous-pouvez-cultiver-un-micro-verger-dans-votre-jardin-2\/#breadcrumb"},"inLanguage":"fr-BE","potentialAction":[{"@type":"ReadAction","target":["https:\/\/vieassociative.be\/actualites\/vous-pouvez-cultiver-un-micro-verger-dans-votre-jardin-2\/"]}]},{"@type":"ImageObject","inLanguage":"fr-BE","@id":"https:\/\/vieassociative.be\/actualites\/vous-pouvez-cultiver-un-micro-verger-dans-votre-jardin-2\/#primaryimage","url":"https:\/\/vieassociative.be\/actualites\/wp-content\/uploads\/2025\/03\/1742908617_Vous-pouvez-cultiver-un-micro-verger-dans-votre-jardin.jpg","contentUrl":"https:\/\/vieassociative.be\/actualites\/wp-content\/uploads\/2025\/03\/1742908617_Vous-pouvez-cultiver-un-micro-verger-dans-votre-jardin.jpg","width":1200,"height":675,"caption":"Vous pouvez cultiver un \u00abmicro-verger\u00bb dans votre jardin"},{"@type":"BreadcrumbList","@id":"https:\/\/vieassociative.be\/actualites\/vous-pouvez-cultiver-un-micro-verger-dans-votre-jardin-2\/#breadcrumb","itemListElement":[{"@type":"ListItem","position":1,"name":"Accueil","item":"https:\/\/vieassociative.be\/actualites\/"},{"@type":"ListItem","position":2,"name":"Vous pouvez cultiver un \u00abmicro-verger\u00bb dans votre jardin"}]},{"@type":"WebSite","@id":"https:\/\/vieassociative.be\/actualites\/#website","url":"https:\/\/vieassociative.be\/actualites\/","name":"Vie Associative","description":"","publisher":{"@id":"https:\/\/vieassociative.be\/actualites\/#organization"},"potentialAction":[{"@type":"SearchAction","target":{"@type":"EntryPoint","urlTemplate":"https:\/\/vieassociative.be\/actualites\/?s={search_term_string}"},"query-input":{"@type":"PropertyValueSpecification","valueRequired":true,"valueName":"search_term_string"}}],"inLanguage":"fr-BE"},{"@type":"Organization","@id":"https:\/\/vieassociative.be\/actualites\/#organization","name":"Vie Associative","url":"https:\/\/vieassociative.be\/actualites\/","logo":{"@type":"ImageObject","inLanguage":"fr-BE","@id":"https:\/\/vieassociative.be\/actualites\/#\/schema\/logo\/image\/","url":"https:\/\/vieassociative.be\/actualites\/wp-content\/uploads\/2024\/09\/cropped-vieassociative_favicon.ico.png","contentUrl":"https:\/\/vieassociative.be\/actualites\/wp-content\/uploads\/2024\/09\/cropped-vieassociative_favicon.ico.png","width":512,"height":512,"caption":"Vie Associative"},"image":{"@id":"https:\/\/vieassociative.be\/actualites\/#\/schema\/logo\/image\/"}},{"@type":"Person","@id":"https:\/\/vieassociative.be\/actualites\/#\/schema\/person\/b87ac4f82f9d4e7b7cec7395b679edc4","name":"Julien","image":{"@type":"ImageObject","inLanguage":"fr-BE","@id":"https:\/\/vieassociative.be\/actualites\/#\/schema\/person\/image\/","url":"https:\/\/vieassociative.be\/actualites\/wp-content\/uploads\/2024\/09\/vie-associative-1-150x150.jpg","contentUrl":"https:\/\/vieassociative.be\/actualites\/wp-content\/uploads\/2024\/09\/vie-associative-1-150x150.jpg","caption":"Julien"},"description":"Je suis Julien, r\u00e9dacteur pour Vie Associative. Passionn\u00e9 par le monde associatif depuis plus de 10 ans, j'ai \u00e0 c\u0153ur de partager des histoires inspirantes et de mettre en lumi\u00e8re les initiatives locales. Mon objectif est de sensibiliser et d'encourager l'engagement communautaire \u00e0 travers mes articles.","sameAs":["https:\/\/vieassociative.be\/"]}]}},"_links":{"self":[{"href":"https:\/\/vieassociative.be\/actualites\/wp-json\/wp\/v2\/posts\/6156"}],"collection":[{"href":"https:\/\/vieassociative.be\/actualites\/wp-json\/wp\/v2\/posts"}],"about":[{"href":"https:\/\/vieassociative.be\/actualites\/wp-json\/wp\/v2\/types\/post"}],"author":[{"embeddable":true,"href":"https:\/\/vieassociative.be\/actualites\/wp-json\/wp\/v2\/users\/1"}],"replies":[{"embeddable":true,"href":"https:\/\/vieassociative.be\/actualites\/wp-json\/wp\/v2\/comments?post=6156"}],"version-history":[{"count":0,"href":"https:\/\/vieassociative.be\/actualites\/wp-json\/wp\/v2\/posts\/6156\/revisions"}],"wp:featuredmedia":[{"embeddable":true,"href":"https:\/\/vieassociative.be\/actualites\/wp-json\/wp\/v2\/media\/6146"}],"wp:attachment":[{"href":"https:\/\/vieassociative.be\/actualites\/wp-json\/wp\/v2\/media?parent=6156"}],"wp:term":[{"taxonomy":"category","embeddable":true,"href":"https:\/\/vieassociative.be\/actualites\/wp-json\/wp\/v2\/categories?post=6156"},{"taxonomy":"post_tag","embeddable":true,"href":"https:\/\/vieassociative.be\/actualites\/wp-json\/wp\/v2\/tags?post=6156"}],"curies":[{"name":"wp","href":"https:\/\/api.w.org\/{rel}","templated":true}]}}