{"id":6151,"date":"2025-03-25T20:18:24","date_gmt":"2025-03-25T19:18:24","guid":{"rendered":"https:\/\/vieassociative.be\/actualites\/mes-airpods-preferes-sont-moins-chers-lors-de-la-grande-vente-de-printemps-damazon\/"},"modified":"2025-03-25T20:18:24","modified_gmt":"2025-03-25T19:18:24","slug":"mes-airpods-preferes-sont-moins-chers-lors-de-la-grande-vente-de-printemps-damazon","status":"publish","type":"post","link":"https:\/\/vieassociative.be\/actualites\/mes-airpods-preferes-sont-moins-chers-lors-de-la-grande-vente-de-printemps-damazon\/","title":{"rendered":"Mes AirPods pr\u00e9f\u00e9r\u00e9s sont moins chers lors de la grande vente de printemps d&rsquo;Amazon"},"content":{"rendered":"<div class=\"mt-4 leading-6 md:mb-8\">Les AirPods Pro sont fantastiques.<\/div>\n<p><\/p>\n<p>En tant que personne qui a pleinement adh\u00e9r\u00e9 \u00e0 l&rsquo;\u00e9cosyst\u00e8me de pomme, mes \u00e9couteurs de choix sont, \u00e9videmment, AirPods. Mais ce n&rsquo;est pas seulement parce que je suis un fanboy (bien que j&rsquo;en suis d\u00e9finitivement un): les AirPods, en particulier les AirPods Pro 2, sont des \u00e9couteurs fantastiques pour de nombreuses raisons. Et bien qu&rsquo;ils soient g\u00e9n\u00e9ralement un peu chers, Amazon les a actuellement en vente pour un 170 $ tr\u00e8s raisonnable, contre 249,99 $, pendant son grand printemps Sal<\/p>\n<div class=\"pogoClear mb-12 mt-10 rounded-md border-2 border-gray-100 py-7 shadow-xl md:py-6\">\n<div class=\"flex flex-wrap justify-between px-7 text-black no-underline md:flex-nowrap md:px-8\">\n<div class=\"order-1 mx-auto flex flex-col justify-center md:order-2 md:ml-4 md:w-full md:grow\">\n<div class=\"block cursor-pointer text-center font-akshar text-2xl font-medium leading-7 text-brand-green duration-200 ease-in-out hover:text-brand-green-700 md:text-left md:text-xl md:leading-6\">AirPods Pro (2e g\u00e9n\u00e9ration)\n                <\/div>\n<div class=\"mt-4 hidden md:flex md:justify-between\">\n<div class=\"self-end\">\n<div class=\"mb-0 h-11 md:flex md:flex-col md:justify-center\">\n<div class=\" font-sans leading-4 text-black\">\n<div class=\"flex flex-wrap items-center justify-center gap-x-1 md:justify-start\">\n        <span class=\"font-bold\"><\/p>\n<p>            169,99 $<br \/>\n                            <span class=\"font-medium\">\u00e0 Amazon<\/span><br \/>\n                    <\/span><br \/>\n                    <img decoding=\"async\" class=\"mt-0 h-(15px)\" src=\"https:\/\/vieassociative.be\/actualites\/wp-content\/uploads\/2025\/03\/Mes-AirPods-preferes-sont-moins-chers-lors-de-la-grande.svg.svg+xml\" title=\"Amazon Prime\" alt=\"Amazon Prime\">\n            <\/div>\n<div class=\"flex items-center justify-center gap-x-1 font-bold md:justify-start\">\n            <span class=\"text-sm line-through\">249,00 $<\/span><br \/>\n            <span class=\"text-sm text-brand-green\">\u00c9conomisez 79,01 $<\/span>\n        <\/div>\n<\/p><\/div>\n<\/p><\/div>\n<\/p><\/div>\n<div class=\"w-44 self-end\">\n                            <button class=\"flex justify-center items-center w-full bg-brand-green text-white text-base font-sans font-medium rounded-md hover:bg-brand-green-700 hover:cursor-pointer md:text-sm h-11\"><\/p>\n<p>    Conclure un accord<br \/>\n<\/button>\n                        <\/div>\n<\/p><\/div>\n<\/p><\/div>\n<div class=\"order-2 mt-5 h-auto w-full md:order-1 md:mt-0 md:hidden\">\n<div class=\"flex aspect-video items-center justify-center\">\n                                            <img decoding=\"async\" class=\"m-0 max-h-full max-w-full rounded-md\" src=\"https:\/\/vieassociative.be\/actualites\/wp-content\/uploads\/2025\/03\/Mes-AirPods-preferes-sont-moins-chers-lors-de-la-grande.jpg\" alt=\"Apple Airpods Pro (2e g\u00e9n\u00e9ration) avec cas de charge Magsafe (USB-C)\" width=\"auto\" height=\"auto\" loading=\"lazy\">\n                                    <\/div>\n<\/p><\/div>\n<div class=\"order-2 ml-2 hidden w-32 shrink-0 items-center md:order-1 md:ml-0 md:flex\">\n<div class=\"flex aspect-video items-center justify-center\">\n                                            <img decoding=\"async\" class=\"m-0 max-h-full max-w-full rounded-md\" src=\"https:\/\/vieassociative.be\/actualites\/wp-content\/uploads\/2025\/03\/Mes-AirPods-preferes-sont-moins-chers-lors-de-la-grande.jpg\" alt=\"Apple Airpods Pro (2e g\u00e9n\u00e9ration) avec cas de charge Magsafe (USB-C)\" width=\"auto\" height=\"auto\" loading=\"lazy\">\n                                    <\/div>\n<\/p><\/div>\n<div class=\"order-3 flex grow flex-wrap md:hidden md:grow-0\">\n<div class=\"mt-4 w-full\">\n                        <button class=\"flex justify-center items-center w-full bg-brand-green text-white text-base font-sans font-medium rounded-md hover:bg-brand-green-700 hover:cursor-pointer md:text-sm h-11\"><\/p>\n<p>    Conclure un accord<br \/>\n<\/button>\n                    <\/div>\n<div class=\"mx-2 mt-4 w-full\">\n<div class=\" font-sans leading-4 text-black\">\n<div class=\"flex flex-wrap items-center justify-center gap-x-1 md:justify-start\">\n        <span class=\"font-bold\"><\/p>\n<p>            169,99 $<br \/>\n                            <span class=\"font-medium\">\u00e0 Amazon<\/span><br \/>\n                    <\/span><br \/>\n                    <img decoding=\"async\" class=\"mt-0 h-(15px)\" src=\"https:\/\/vieassociative.be\/actualites\/wp-content\/uploads\/2025\/03\/Mes-AirPods-preferes-sont-moins-chers-lors-de-la-grande.svg.svg+xml\" title=\"Amazon Prime\" alt=\"Amazon Prime\">\n            <\/div>\n<div class=\"flex items-center justify-center gap-x-1 font-bold md:justify-start\">\n            <span class=\"text-sm line-through\">249,00 $<\/span><br \/>\n            <span class=\"text-sm text-brand-green\">\u00c9conomisez 79,01 $<\/span>\n        <\/div>\n<\/p><\/div>\n<\/p><\/div>\n<\/p><\/div>\n<\/p><\/div>\n<\/div>\n<p>Apple pourrait gifler son surnom \u00ab\u00a0pro\u00a0\u00bb dans la plupart des cat\u00e9gories de produits ces jours-ci, mais AirPods Pro est au moins livr\u00e9 avec un <em>parcelle<\/em> des fonctionnalit\u00e9s \u00e0 respecter le nom. Ils ne sont peut-\u00eatre pas destin\u00e9s aux \u00abprofessionnels\u00bb, mais vous obtenez des fonctionnalit\u00e9s que vous n&rsquo;obtenez pas sur d&rsquo;autres mod\u00e8les AirPods. <\/p>\n<p>D&rsquo;une part, l&rsquo;AirPods Pro est livr\u00e9 avec une excellente annulation de bruit. Bien que, honn\u00eatement, le sceau intra-auriculaire des pointes en silicone bloque suffisamment de bruit de fond pour que j&rsquo;allume presque le contr\u00f4le du bruit. En fait, parce que le sceau est si bon, vous obtenez \u00e9galement le mode de transparence, une option qui pompe <em>dans<\/em> Les sons autour de vous, vous pouvez donc \u00eatre conscient de votre environnement &#8211; ou m\u00eame avoir une conversation avec vos \u00e9couteurs. <\/p>\n<p>En parlant de conversations, une excellente fonctionnalit\u00e9 exclusive aux pros de deuxi\u00e8me g\u00e9n\u00e9ration est la conscience de la conversation: lorsque vous commencez \u00e0 parler en \u00e9coutant quelque chose, vos AirPods refuseront le volume et stimulent les voix des personnes \u00e0 qui vous parlez. Lorsque tout le monde cesse de parler, vos AirPods reviendront \u00e0 la normale. C&rsquo;est super. Une autre caract\u00e9ristique automatique est \u00ab\u00a0Audio adaptatif\u00a0\u00bb (transparence adaptative auparavant) qui peut r\u00e9duire tout son au-dessus de 85 dB, tout en conservant d&rsquo;autres sons au volume typique. De cette fa\u00e7on, vous pouvez suivre une conversation ou m\u00eame regarder une \u00e9mission de t\u00e9l\u00e9vision avec vos AirPods, mais si une ambulance se pr\u00e9cipite par vous, ses sir\u00e8nes sembleront \u00eatre un tr\u00e8s tol\u00e9rable de 85 dB. On pourrait penser que vous obtiendrez ces deux fonctionnalit\u00e9s sur AirPods Max, les \u00e9couteurs phares sur les oreilles d&rsquo;Apple, mais vous ne le faites pas: vous avez besoin des pros de deuxi\u00e8me g\u00e9n\u00e9ration pour cela.  <\/p>\n<p>Comme tous les AirPods, les pros sautent facilement parmi tous vos appareils Apple connect\u00e9s. Vous pourriez regarder une vid\u00e9o sur votre Mac, puis passer un appel sur votre iPhone et commencer \u00e0 discuter avec vos AirPods. Si vous avez un Apple TV, vous pouvez \u00e9galement passer \u00e0 vos AirPods, ce que je fais souvent, car je pr\u00e9f\u00e8re l&rsquo;exp\u00e9rience \u00e0 ma barre de son. <\/p>\n<p>Bien que toutes ces fonctionnalit\u00e9s soient g\u00e9niales, ce que cela se r\u00e9sume vraiment pour moi est une qualit\u00e9 sonore: les pros qui semblent bien, surtout pour des \u00e9couteurs aussi discret. Et, parce qu&rsquo;ils bloquent tellement le son, j&rsquo;ai l&rsquo;impression de pouvoir appr\u00e9cier la qualit\u00e9 de la musique que j&rsquo;\u00e9coute dans une vari\u00e9t\u00e9 de situations. J&rsquo;avais l&rsquo;habitude de suspendre ma musique avec mes anciens AirPods chaque fois qu&rsquo;un camion ou un bus bruyant me passait sur une promenade. Ce n&rsquo;est pas un probl\u00e8me avec les pros.<\/p>\n<div class=\"pogoClear relative my-10 border-b-(1.5px) border-t-(1.5px) border-dashed border-black py-5 sm:my-14 sm:border-0 sm:py-0\" x-cloak x-data=\"{ commentsCount: null }\" x-init=\"commentsCount = await window.openweb.getMessagesCount(118663)\" x-show=\"commentsCount !== null &amp;&amp; commentsCount &gt; 0\">\n<div class=\"absolute top-1\/2 hidden w-full -translate-y-1\/2 border-t-(1.5px) border-dashed border-black sm:block\"><\/div>\n<div class=\"relative flex justify-center\">\n<div class=\"flex max-w-max items-center gap-x-3 bg-white px-5\">\n<div class=\"relative\">\n                <span class=\"absolute left-1\/2 top-1\/2 -translate-x-1\/2 -translate-y-1\/2 font-akshar text-sm font-medium text-black\" x-text=\"commentsCount\"><\/span><\/p>\n<p>                <svg class=\"h-8 w-8 text-black\">\n                    <use href=\"http:\/\/lifehacker.com\/images\/icons\/spritemap.svg#sprite-chat-bubble\"><\/use>\n                <\/svg>\n            <\/div>\n<p>            <span class=\"text-sm font-medium text-black\">Que pensez-vous jusqu&rsquo;\u00e0 pr\u00e9sent? <button class=\"font-semibold text-brand-green underline hover:text-brand-green-700\" onclick=\"window.openweb.scrollToComments(118663)\">Publier un commentaire.<\/button><\/span>\n        <\/div>\n<\/p><\/div>\n<\/div>\n<p>De plus, maintenant qu&rsquo;il a \u00e9t\u00e9 approuv\u00e9 par la FDA, vous pouvez m\u00eame \u00eatre en mesure d&rsquo;utiliser ces AirPods comme aides auditives. Pas un mauvais avantage pour 169 $.<\/p>\n<h2 id=\"other-great-prime-day-deals-on-airpods\">Autres grandes offres de grande journ\u00e9e sur AirPods<\/h2>\n<p>Cela ne veut pas dire que les autres AirPods sont un mauvais choix: si vous n&rsquo;aimez pas le sceau serr\u00e9 des pros, vous pr\u00e9f\u00e9rez peut-\u00eatre l&rsquo;ajustement plus traditionnel des AirPods 4. Ils sont en vente pour 150 $ pour la vente de printemps, ou 100 $ si vous optez pour la version sans annulation de bruit. Il y a aussi un accord sur les AirPods USB-C Max, qui sont en baisse de 549 $ \u00e0 480 $. je <em>amour<\/em> Mes AirPods Max, mais ils sont difficiles \u00e0 recommander \u00e0 leur PDSF ridiculement cher. Maintenant, ils sont un peu plus faciles \u00e0 avaler, surtout parce qu&rsquo;ils viennent de recevoir un son sans perte sur les connexions c\u00e2bl\u00e9es.<\/p>\n<hr>\n<p><em>Shopping for Tech? Vie Associative peut vous aider \u00e0 prendre la bonne d\u00e9cision. Parcourez nos critiques technologiques et nos comparaisons en t\u00eate-\u00e0-t\u00eate pour tout, des ordinateurs portables et des montres intelligentes aux v\u00e9los \u00e9lectriques et aux gymnases \u00e0 domicile. Abonnez-vous \u00e0 notre newsletter d&rsquo;offres, ajoutez \u00e0 CART<\/em><em>pour les meilleures ventes envoy\u00e9es dans votre bo\u00eete de r\u00e9ception, ou parcourez nos meilleures listes directement sur Amazon, notamment:<\/em><\/p>\n<ul>\n<li>\n<p><em>Le meilleur \u00e9couteur surr\u00e9<\/em><\/p>\n<\/li>\n<li>\n<p><em>Les meilleurs \u00e9couteurs sans fil<\/em><\/p>\n<\/li>\n<li>\n<p><em>Les meilleurs ensembles d&rsquo;halt\u00e8res r\u00e9glables<\/em><\/p>\n<\/li>\n<li>\n<p><em>Les meilleurs projecteurs<\/em><\/p>\n<\/li>\n<\/ul>\n","protected":false},"excerpt":{"rendered":"<p>Les AirPods Pro sont fantastiques. En tant que personne qui a pleinement adh\u00e9r\u00e9 \u00e0 l&rsquo;\u00e9cosyst\u00e8me de pomme, mes \u00e9couteurs de choix sont, \u00e9videmment, AirPods. Mais<\/p>\n","protected":false},"author":1,"featured_media":6152,"comment_status":"","ping_status":"","sticky":false,"template":"","format":"standard","meta":{"footnotes":""},"categories":[13],"tags":[15,4753,1154,1787,353,87,469,89,4943,18,223],"class_list":["post-6151","post","type-post","status-publish","format-standard","has-post-thumbnail","hentry","category-technologie","tag-airpods","tag-chers","tag-damazon","tag-grande","tag-lors","tag-mes","tag-moins","tag-preferes","tag-printemps","tag-sont","tag-vente","generate-columns","tablet-grid-50","mobile-grid-100","grid-parent","grid-33"],"yoast_head":"<!-- This site is optimized with the Yoast SEO plugin v24.0 - https:\/\/yoast.com\/wordpress\/plugins\/seo\/ -->\n<title>Mes AirPods pr\u00e9f\u00e9r\u00e9s sont moins chers lors de la grande vente de printemps d&#039;Amazon | Vie Associative<\/title>\n<meta name=\"robots\" content=\"index, follow, max-snippet:-1, max-image-preview:large, max-video-preview:-1\" \/>\n<link rel=\"canonical\" href=\"https:\/\/vieassociative.be\/actualites\/mes-airpods-preferes-sont-moins-chers-lors-de-la-grande-vente-de-printemps-damazon\/\" \/>\n<meta property=\"og:locale\" content=\"fr_FR\" \/>\n<meta property=\"og:type\" content=\"article\" \/>\n<meta property=\"og:title\" content=\"Mes AirPods pr\u00e9f\u00e9r\u00e9s sont moins chers lors de la grande vente de printemps d&#039;Amazon | Vie Associative\" \/>\n<meta property=\"og:description\" content=\"Les AirPods Pro sont fantastiques. En tant que personne qui a pleinement adh\u00e9r\u00e9 \u00e0 l&rsquo;\u00e9cosyst\u00e8me de pomme, mes \u00e9couteurs de choix sont, \u00e9videmment, AirPods. Mais\" \/>\n<meta property=\"og:url\" content=\"https:\/\/vieassociative.be\/actualites\/mes-airpods-preferes-sont-moins-chers-lors-de-la-grande-vente-de-printemps-damazon\/\" \/>\n<meta property=\"og:site_name\" content=\"Vie Associative\" \/>\n<meta property=\"article:published_time\" content=\"2025-03-25T19:18:24+00:00\" \/>\n<meta property=\"og:image\" content=\"https:\/\/vieassociative.be\/actualites\/wp-content\/uploads\/2025\/03\/Mes-AirPods-preferes-sont-moins-chers-lors-de-la-grande.svg.svg+xml\" \/>\n<meta name=\"author\" content=\"Julien\" \/>\n<meta name=\"twitter:card\" content=\"summary_large_image\" \/>\n<meta name=\"twitter:label1\" content=\"\u00c9crit par\" \/>\n\t<meta name=\"twitter:data1\" content=\"Julien\" \/>\n\t<meta name=\"twitter:label2\" content=\"Dur\u00e9e de lecture est.\" \/>\n\t<meta name=\"twitter:data2\" content=\"4 minutes\" \/>\n<script type=\"application\/ld+json\" class=\"yoast-schema-graph\">{\"@context\":\"https:\/\/schema.org\",\"@graph\":[{\"@type\":\"Article\",\"@id\":\"https:\/\/vieassociative.be\/actualites\/mes-airpods-preferes-sont-moins-chers-lors-de-la-grande-vente-de-printemps-damazon\/#article\",\"isPartOf\":{\"@id\":\"https:\/\/vieassociative.be\/actualites\/mes-airpods-preferes-sont-moins-chers-lors-de-la-grande-vente-de-printemps-damazon\/\"},\"author\":{\"name\":\"Julien\",\"@id\":\"https:\/\/vieassociative.be\/actualites\/#\/schema\/person\/b87ac4f82f9d4e7b7cec7395b679edc4\"},\"headline\":\"Mes AirPods pr\u00e9f\u00e9r\u00e9s sont moins chers lors de la grande vente de printemps d&rsquo;Amazon\",\"datePublished\":\"2025-03-25T19:18:24+00:00\",\"dateModified\":\"2025-03-25T19:18:24+00:00\",\"mainEntityOfPage\":{\"@id\":\"https:\/\/vieassociative.be\/actualites\/mes-airpods-preferes-sont-moins-chers-lors-de-la-grande-vente-de-printemps-damazon\/\"},\"wordCount\":852,\"publisher\":{\"@id\":\"https:\/\/vieassociative.be\/actualites\/#organization\"},\"image\":{\"@id\":\"https:\/\/vieassociative.be\/actualites\/mes-airpods-preferes-sont-moins-chers-lors-de-la-grande-vente-de-printemps-damazon\/#primaryimage\"},\"thumbnailUrl\":\"https:\/\/vieassociative.be\/actualites\/wp-content\/uploads\/2025\/03\/Mes-AirPods-preferes-sont-moins-chers-lors-de-la-grande.png\",\"keywords\":[\"AirPods\",\"chers\",\"dAmazon\",\"grande\",\"lors\",\"Mes\",\"moins\",\"pr\u00e9f\u00e9r\u00e9s\",\"printemps\",\"sont\",\"vente\"],\"articleSection\":[\"Technologie\"],\"inLanguage\":\"fr-BE\"},{\"@type\":\"WebPage\",\"@id\":\"https:\/\/vieassociative.be\/actualites\/mes-airpods-preferes-sont-moins-chers-lors-de-la-grande-vente-de-printemps-damazon\/\",\"url\":\"https:\/\/vieassociative.be\/actualites\/mes-airpods-preferes-sont-moins-chers-lors-de-la-grande-vente-de-printemps-damazon\/\",\"name\":\"Mes AirPods pr\u00e9f\u00e9r\u00e9s sont moins chers lors de la grande vente de printemps d'Amazon | Vie Associative\",\"isPartOf\":{\"@id\":\"https:\/\/vieassociative.be\/actualites\/#website\"},\"primaryImageOfPage\":{\"@id\":\"https:\/\/vieassociative.be\/actualites\/mes-airpods-preferes-sont-moins-chers-lors-de-la-grande-vente-de-printemps-damazon\/#primaryimage\"},\"image\":{\"@id\":\"https:\/\/vieassociative.be\/actualites\/mes-airpods-preferes-sont-moins-chers-lors-de-la-grande-vente-de-printemps-damazon\/#primaryimage\"},\"thumbnailUrl\":\"https:\/\/vieassociative.be\/actualites\/wp-content\/uploads\/2025\/03\/Mes-AirPods-preferes-sont-moins-chers-lors-de-la-grande.png\",\"datePublished\":\"2025-03-25T19:18:24+00:00\",\"dateModified\":\"2025-03-25T19:18:24+00:00\",\"breadcrumb\":{\"@id\":\"https:\/\/vieassociative.be\/actualites\/mes-airpods-preferes-sont-moins-chers-lors-de-la-grande-vente-de-printemps-damazon\/#breadcrumb\"},\"inLanguage\":\"fr-BE\",\"potentialAction\":[{\"@type\":\"ReadAction\",\"target\":[\"https:\/\/vieassociative.be\/actualites\/mes-airpods-preferes-sont-moins-chers-lors-de-la-grande-vente-de-printemps-damazon\/\"]}]},{\"@type\":\"ImageObject\",\"inLanguage\":\"fr-BE\",\"@id\":\"https:\/\/vieassociative.be\/actualites\/mes-airpods-preferes-sont-moins-chers-lors-de-la-grande-vente-de-printemps-damazon\/#primaryimage\",\"url\":\"https:\/\/vieassociative.be\/actualites\/wp-content\/uploads\/2025\/03\/Mes-AirPods-preferes-sont-moins-chers-lors-de-la-grande.png\",\"contentUrl\":\"https:\/\/vieassociative.be\/actualites\/wp-content\/uploads\/2025\/03\/Mes-AirPods-preferes-sont-moins-chers-lors-de-la-grande.png\",\"width\":1200,\"height\":675,\"caption\":\"Mes AirPods pr\u00e9f\u00e9r\u00e9s sont moins chers lors de la grande vente de printemps d'Amazon\"},{\"@type\":\"BreadcrumbList\",\"@id\":\"https:\/\/vieassociative.be\/actualites\/mes-airpods-preferes-sont-moins-chers-lors-de-la-grande-vente-de-printemps-damazon\/#breadcrumb\",\"itemListElement\":[{\"@type\":\"ListItem\",\"position\":1,\"name\":\"Accueil\",\"item\":\"https:\/\/vieassociative.be\/actualites\/\"},{\"@type\":\"ListItem\",\"position\":2,\"name\":\"Mes AirPods pr\u00e9f\u00e9r\u00e9s sont moins chers lors de la grande vente de printemps d&rsquo;Amazon\"}]},{\"@type\":\"WebSite\",\"@id\":\"https:\/\/vieassociative.be\/actualites\/#website\",\"url\":\"https:\/\/vieassociative.be\/actualites\/\",\"name\":\"Vie Associative\",\"description\":\"\",\"publisher\":{\"@id\":\"https:\/\/vieassociative.be\/actualites\/#organization\"},\"potentialAction\":[{\"@type\":\"SearchAction\",\"target\":{\"@type\":\"EntryPoint\",\"urlTemplate\":\"https:\/\/vieassociative.be\/actualites\/?s={search_term_string}\"},\"query-input\":{\"@type\":\"PropertyValueSpecification\",\"valueRequired\":true,\"valueName\":\"search_term_string\"}}],\"inLanguage\":\"fr-BE\"},{\"@type\":\"Organization\",\"@id\":\"https:\/\/vieassociative.be\/actualites\/#organization\",\"name\":\"Vie Associative\",\"url\":\"https:\/\/vieassociative.be\/actualites\/\",\"logo\":{\"@type\":\"ImageObject\",\"inLanguage\":\"fr-BE\",\"@id\":\"https:\/\/vieassociative.be\/actualites\/#\/schema\/logo\/image\/\",\"url\":\"https:\/\/vieassociative.be\/actualites\/wp-content\/uploads\/2024\/09\/cropped-vieassociative_favicon.ico.png\",\"contentUrl\":\"https:\/\/vieassociative.be\/actualites\/wp-content\/uploads\/2024\/09\/cropped-vieassociative_favicon.ico.png\",\"width\":512,\"height\":512,\"caption\":\"Vie Associative\"},\"image\":{\"@id\":\"https:\/\/vieassociative.be\/actualites\/#\/schema\/logo\/image\/\"}},{\"@type\":\"Person\",\"@id\":\"https:\/\/vieassociative.be\/actualites\/#\/schema\/person\/b87ac4f82f9d4e7b7cec7395b679edc4\",\"name\":\"Julien\",\"image\":{\"@type\":\"ImageObject\",\"inLanguage\":\"fr-BE\",\"@id\":\"https:\/\/vieassociative.be\/actualites\/#\/schema\/person\/image\/\",\"url\":\"https:\/\/vieassociative.be\/actualites\/wp-content\/uploads\/2024\/09\/vie-associative-1-150x150.jpg\",\"contentUrl\":\"https:\/\/vieassociative.be\/actualites\/wp-content\/uploads\/2024\/09\/vie-associative-1-150x150.jpg\",\"caption\":\"Julien\"},\"description\":\"Je suis Julien, r\u00e9dacteur pour Vie Associative. Passionn\u00e9 par le monde associatif depuis plus de 10 ans, j'ai \u00e0 c\u0153ur de partager des histoires inspirantes et de mettre en lumi\u00e8re les initiatives locales. Mon objectif est de sensibiliser et d'encourager l'engagement communautaire \u00e0 travers mes articles.\",\"sameAs\":[\"https:\/\/vieassociative.be\/\"]}]}<\/script>\n<!-- \/ Yoast SEO plugin. -->","yoast_head_json":{"title":"Mes AirPods pr\u00e9f\u00e9r\u00e9s sont moins chers lors de la grande vente de printemps d'Amazon | Vie Associative","robots":{"index":"index","follow":"follow","max-snippet":"max-snippet:-1","max-image-preview":"max-image-preview:large","max-video-preview":"max-video-preview:-1"},"canonical":"https:\/\/vieassociative.be\/actualites\/mes-airpods-preferes-sont-moins-chers-lors-de-la-grande-vente-de-printemps-damazon\/","og_locale":"fr_FR","og_type":"article","og_title":"Mes AirPods pr\u00e9f\u00e9r\u00e9s sont moins chers lors de la grande vente de printemps d'Amazon | Vie Associative","og_description":"Les AirPods Pro sont fantastiques. En tant que personne qui a pleinement adh\u00e9r\u00e9 \u00e0 l&rsquo;\u00e9cosyst\u00e8me de pomme, mes \u00e9couteurs de choix sont, \u00e9videmment, AirPods. Mais","og_url":"https:\/\/vieassociative.be\/actualites\/mes-airpods-preferes-sont-moins-chers-lors-de-la-grande-vente-de-printemps-damazon\/","og_site_name":"Vie Associative","article_published_time":"2025-03-25T19:18:24+00:00","og_image":[{"url":"https:\/\/vieassociative.be\/actualites\/wp-content\/uploads\/2025\/03\/Mes-AirPods-preferes-sont-moins-chers-lors-de-la-grande.svg.svg+xml","type":"","width":"","height":""}],"author":"Julien","twitter_card":"summary_large_image","twitter_misc":{"\u00c9crit par":"Julien","Dur\u00e9e de lecture est.":"4 minutes"},"schema":{"@context":"https:\/\/schema.org","@graph":[{"@type":"Article","@id":"https:\/\/vieassociative.be\/actualites\/mes-airpods-preferes-sont-moins-chers-lors-de-la-grande-vente-de-printemps-damazon\/#article","isPartOf":{"@id":"https:\/\/vieassociative.be\/actualites\/mes-airpods-preferes-sont-moins-chers-lors-de-la-grande-vente-de-printemps-damazon\/"},"author":{"name":"Julien","@id":"https:\/\/vieassociative.be\/actualites\/#\/schema\/person\/b87ac4f82f9d4e7b7cec7395b679edc4"},"headline":"Mes AirPods pr\u00e9f\u00e9r\u00e9s sont moins chers lors de la grande vente de printemps d&rsquo;Amazon","datePublished":"2025-03-25T19:18:24+00:00","dateModified":"2025-03-25T19:18:24+00:00","mainEntityOfPage":{"@id":"https:\/\/vieassociative.be\/actualites\/mes-airpods-preferes-sont-moins-chers-lors-de-la-grande-vente-de-printemps-damazon\/"},"wordCount":852,"publisher":{"@id":"https:\/\/vieassociative.be\/actualites\/#organization"},"image":{"@id":"https:\/\/vieassociative.be\/actualites\/mes-airpods-preferes-sont-moins-chers-lors-de-la-grande-vente-de-printemps-damazon\/#primaryimage"},"thumbnailUrl":"https:\/\/vieassociative.be\/actualites\/wp-content\/uploads\/2025\/03\/Mes-AirPods-preferes-sont-moins-chers-lors-de-la-grande.png","keywords":["AirPods","chers","dAmazon","grande","lors","Mes","moins","pr\u00e9f\u00e9r\u00e9s","printemps","sont","vente"],"articleSection":["Technologie"],"inLanguage":"fr-BE"},{"@type":"WebPage","@id":"https:\/\/vieassociative.be\/actualites\/mes-airpods-preferes-sont-moins-chers-lors-de-la-grande-vente-de-printemps-damazon\/","url":"https:\/\/vieassociative.be\/actualites\/mes-airpods-preferes-sont-moins-chers-lors-de-la-grande-vente-de-printemps-damazon\/","name":"Mes AirPods pr\u00e9f\u00e9r\u00e9s sont moins chers lors de la grande vente de printemps d'Amazon | Vie Associative","isPartOf":{"@id":"https:\/\/vieassociative.be\/actualites\/#website"},"primaryImageOfPage":{"@id":"https:\/\/vieassociative.be\/actualites\/mes-airpods-preferes-sont-moins-chers-lors-de-la-grande-vente-de-printemps-damazon\/#primaryimage"},"image":{"@id":"https:\/\/vieassociative.be\/actualites\/mes-airpods-preferes-sont-moins-chers-lors-de-la-grande-vente-de-printemps-damazon\/#primaryimage"},"thumbnailUrl":"https:\/\/vieassociative.be\/actualites\/wp-content\/uploads\/2025\/03\/Mes-AirPods-preferes-sont-moins-chers-lors-de-la-grande.png","datePublished":"2025-03-25T19:18:24+00:00","dateModified":"2025-03-25T19:18:24+00:00","breadcrumb":{"@id":"https:\/\/vieassociative.be\/actualites\/mes-airpods-preferes-sont-moins-chers-lors-de-la-grande-vente-de-printemps-damazon\/#breadcrumb"},"inLanguage":"fr-BE","potentialAction":[{"@type":"ReadAction","target":["https:\/\/vieassociative.be\/actualites\/mes-airpods-preferes-sont-moins-chers-lors-de-la-grande-vente-de-printemps-damazon\/"]}]},{"@type":"ImageObject","inLanguage":"fr-BE","@id":"https:\/\/vieassociative.be\/actualites\/mes-airpods-preferes-sont-moins-chers-lors-de-la-grande-vente-de-printemps-damazon\/#primaryimage","url":"https:\/\/vieassociative.be\/actualites\/wp-content\/uploads\/2025\/03\/Mes-AirPods-preferes-sont-moins-chers-lors-de-la-grande.png","contentUrl":"https:\/\/vieassociative.be\/actualites\/wp-content\/uploads\/2025\/03\/Mes-AirPods-preferes-sont-moins-chers-lors-de-la-grande.png","width":1200,"height":675,"caption":"Mes AirPods pr\u00e9f\u00e9r\u00e9s sont moins chers lors de la grande vente de printemps d'Amazon"},{"@type":"BreadcrumbList","@id":"https:\/\/vieassociative.be\/actualites\/mes-airpods-preferes-sont-moins-chers-lors-de-la-grande-vente-de-printemps-damazon\/#breadcrumb","itemListElement":[{"@type":"ListItem","position":1,"name":"Accueil","item":"https:\/\/vieassociative.be\/actualites\/"},{"@type":"ListItem","position":2,"name":"Mes AirPods pr\u00e9f\u00e9r\u00e9s sont moins chers lors de la grande vente de printemps d&rsquo;Amazon"}]},{"@type":"WebSite","@id":"https:\/\/vieassociative.be\/actualites\/#website","url":"https:\/\/vieassociative.be\/actualites\/","name":"Vie Associative","description":"","publisher":{"@id":"https:\/\/vieassociative.be\/actualites\/#organization"},"potentialAction":[{"@type":"SearchAction","target":{"@type":"EntryPoint","urlTemplate":"https:\/\/vieassociative.be\/actualites\/?s={search_term_string}"},"query-input":{"@type":"PropertyValueSpecification","valueRequired":true,"valueName":"search_term_string"}}],"inLanguage":"fr-BE"},{"@type":"Organization","@id":"https:\/\/vieassociative.be\/actualites\/#organization","name":"Vie Associative","url":"https:\/\/vieassociative.be\/actualites\/","logo":{"@type":"ImageObject","inLanguage":"fr-BE","@id":"https:\/\/vieassociative.be\/actualites\/#\/schema\/logo\/image\/","url":"https:\/\/vieassociative.be\/actualites\/wp-content\/uploads\/2024\/09\/cropped-vieassociative_favicon.ico.png","contentUrl":"https:\/\/vieassociative.be\/actualites\/wp-content\/uploads\/2024\/09\/cropped-vieassociative_favicon.ico.png","width":512,"height":512,"caption":"Vie Associative"},"image":{"@id":"https:\/\/vieassociative.be\/actualites\/#\/schema\/logo\/image\/"}},{"@type":"Person","@id":"https:\/\/vieassociative.be\/actualites\/#\/schema\/person\/b87ac4f82f9d4e7b7cec7395b679edc4","name":"Julien","image":{"@type":"ImageObject","inLanguage":"fr-BE","@id":"https:\/\/vieassociative.be\/actualites\/#\/schema\/person\/image\/","url":"https:\/\/vieassociative.be\/actualites\/wp-content\/uploads\/2024\/09\/vie-associative-1-150x150.jpg","contentUrl":"https:\/\/vieassociative.be\/actualites\/wp-content\/uploads\/2024\/09\/vie-associative-1-150x150.jpg","caption":"Julien"},"description":"Je suis Julien, r\u00e9dacteur pour Vie Associative. Passionn\u00e9 par le monde associatif depuis plus de 10 ans, j'ai \u00e0 c\u0153ur de partager des histoires inspirantes et de mettre en lumi\u00e8re les initiatives locales. Mon objectif est de sensibiliser et d'encourager l'engagement communautaire \u00e0 travers mes articles.","sameAs":["https:\/\/vieassociative.be\/"]}]}},"_links":{"self":[{"href":"https:\/\/vieassociative.be\/actualites\/wp-json\/wp\/v2\/posts\/6151"}],"collection":[{"href":"https:\/\/vieassociative.be\/actualites\/wp-json\/wp\/v2\/posts"}],"about":[{"href":"https:\/\/vieassociative.be\/actualites\/wp-json\/wp\/v2\/types\/post"}],"author":[{"embeddable":true,"href":"https:\/\/vieassociative.be\/actualites\/wp-json\/wp\/v2\/users\/1"}],"replies":[{"embeddable":true,"href":"https:\/\/vieassociative.be\/actualites\/wp-json\/wp\/v2\/comments?post=6151"}],"version-history":[{"count":0,"href":"https:\/\/vieassociative.be\/actualites\/wp-json\/wp\/v2\/posts\/6151\/revisions"}],"wp:featuredmedia":[{"embeddable":true,"href":"https:\/\/vieassociative.be\/actualites\/wp-json\/wp\/v2\/media\/6152"}],"wp:attachment":[{"href":"https:\/\/vieassociative.be\/actualites\/wp-json\/wp\/v2\/media?parent=6151"}],"wp:term":[{"taxonomy":"category","embeddable":true,"href":"https:\/\/vieassociative.be\/actualites\/wp-json\/wp\/v2\/categories?post=6151"},{"taxonomy":"post_tag","embeddable":true,"href":"https:\/\/vieassociative.be\/actualites\/wp-json\/wp\/v2\/tags?post=6151"}],"curies":[{"name":"wp","href":"https:\/\/api.w.org\/{rel}","templated":true}]}}