{"id":6149,"date":"2025-03-25T19:20:23","date_gmt":"2025-03-25T18:20:23","guid":{"rendered":"https:\/\/vieassociative.be\/actualites\/vous-devez-supprimer-vos-donnees-23andme-maintenant\/"},"modified":"2025-03-25T19:20:23","modified_gmt":"2025-03-25T18:20:23","slug":"vous-devez-supprimer-vos-donnees-23andme-maintenant","status":"publish","type":"post","link":"https:\/\/vieassociative.be\/actualites\/vous-devez-supprimer-vos-donnees-23andme-maintenant\/","title":{"rendered":"Vous devez supprimer vos donn\u00e9es 23andMe maintenant"},"content":{"rendered":"<div class=\"mt-4 leading-6 md:mb-8\">Vos informations g\u00e9n\u00e9tiques pourraient \u00eatre vendues, mettant votre confidentialit\u00e9 en danger.<\/div>\n<p><\/p>\n<p>23andMe, la soci\u00e9t\u00e9 de tests g\u00e9n\u00e9tiques qui a collect\u00e9 des donn\u00e9es aupr\u00e8s de plus de 15 millions de clients, a d\u00e9pos\u00e9 un dossier de faillite du chapitre 11 et recherche un acheteur. Si vous \u00eates l&rsquo;un de ces millions qui a utilis\u00e9 le processus de s\u00e9quen\u00e7age d&rsquo;ADN de 23andMe, il existe un certain nombre de graves implications de confidentialit\u00e9 avec une vente potentielle &#8211; et il est temps de supprimer vos donn\u00e9es. <\/p>\n<h2 id=\"how-your-privacy-may-be-at-risk\">Comment votre vie priv\u00e9e peut \u00eatre en danger<\/h2>\n<p>Dans un sens g\u00e9n\u00e9ral, chaque fois que vous donnez vos donn\u00e9es \u00e0 une entreprise, vous c\u00e9dez un certain contr\u00f4le sur ce qui lui arrive. Comme le souligne 404 Media, dans le cas de 23andMe, cela inclut la fa\u00e7on dont vos informations g\u00e9n\u00e9tiques sont analys\u00e9es, mon\u00e9tis\u00e9es et s\u00e9curis\u00e9es, ainsi que si elles seront partag\u00e9es ou vendues (intentionnellement) ou divulgu\u00e9es ou pirat\u00e9es (involontairement). <\/p>\n<p>Bien que 23andMe ait d\u00e9clar\u00e9 que son d\u00e9p\u00f4t de faillite \u00ab\u00a0ne change pas la fa\u00e7on dont nous stockons, g\u00e9rons ou prot\u00e9geons les donn\u00e9es des consommateurs\u00a0\u00bb, il n&rsquo;y a pas non plus de moyen de savoir ce qui arrivera aux millions d&rsquo;informations g\u00e9n\u00e9tiques des utilisateurs entre les mains d&rsquo;un acheteur potentiel.<\/p>\n<p>Cela pr\u00e9sente un certain nombre de risques, selon les d\u00e9fenseurs de la vie priv\u00e9e interrog\u00e9s par le Washington Post. 23andMe a d\u00e9j\u00e0 subi une violation de donn\u00e9es en 2023 dans laquelle les pirates ont acc\u00e9d\u00e9 aux enregistrements d&rsquo;environ 7 millions de clients, et les utilisateurs font maintenant confiance \u00e0 une entreprise qui navigue en faillite pour maintenir ses informations s\u00e9curis\u00e9es \u00e0 l&rsquo;avenir. <\/p>\n<p>La d\u00e9claration de confidentialit\u00e9 de 23andMe laisse \u00e9galement ouverte la possibilit\u00e9 que vos donn\u00e9es soient vendues ou transf\u00e9r\u00e9es \u00e0 un acheteur comme un actif. Si les conditions et pratiques de confidentialit\u00e9 de cet acheteur diff\u00e8rent, vous \u00eates responsable du suivi de ces modifications &#8211; et \u00e0 quand remonte la derni\u00e8re fois que vous lisez r\u00e9ellement une politique de confidentialit\u00e9? <\/p>\n<p>Des organisations similaires \u00e0 23andMe ont partag\u00e9 les informations g\u00e9n\u00e9tiques des utilisateurs avec les forces de l&rsquo;ordre, les agences gouvernementales et les compagnies pharmaceutiques et d&rsquo;assurance, ce qui ouvre toute une s\u00e9rie de probl\u00e8mes de confidentialit\u00e9, de la police utilisant les donn\u00e9es pour identifier les suspects aux assureurs niant la couverture fond\u00e9e sur des facteurs de risque g\u00e9n\u00e9tiques. Vos donn\u00e9es g\u00e9n\u00e9tiques sont connect\u00e9es aux membres de votre famille, de sorte que toutes les invasions de la vie priv\u00e9e s&rsquo;\u00e9tendent \u00e9galement \u00e0 d&rsquo;autres personnes. <\/p>\n<div class=\"pogoClear relative my-10 border-b-(1.5px) border-t-(1.5px) border-dashed border-black py-5 sm:my-14 sm:border-0 sm:py-0\" x-cloak x-data=\"{ commentsCount: null }\" x-init=\"commentsCount = await window.openweb.getMessagesCount(122382)\" x-show=\"commentsCount !== null &amp;&amp; commentsCount &gt; 0\">\n<div class=\"absolute top-1\/2 hidden w-full -translate-y-1\/2 border-t-(1.5px) border-dashed border-black sm:block\"><\/div>\n<div class=\"relative flex justify-center\">\n<div class=\"flex max-w-max items-center gap-x-3 bg-white px-5\">\n<div class=\"relative\">\n                <span class=\"absolute left-1\/2 top-1\/2 -translate-x-1\/2 -translate-y-1\/2 font-akshar text-sm font-medium text-black\" x-text=\"commentsCount\"><\/span><\/p>\n<p>                <svg class=\"h-8 w-8 text-black\">\n                    <use href=\"http:\/\/lifehacker.com\/images\/icons\/spritemap.svg#sprite-chat-bubble\"><\/use>\n                <\/svg>\n            <\/div>\n<p>            <span class=\"text-sm font-medium text-black\">Que pensez-vous jusqu&rsquo;\u00e0 pr\u00e9sent? <button class=\"font-semibold text-brand-green underline hover:text-brand-green-700\" onclick=\"window.openweb.scrollToComments(122382)\">Publier un commentaire.<\/button><\/span>\n        <\/div>\n<\/p><\/div>\n<\/div>\n<p>23andMe lui-m\u00eame a collabor\u00e9 avec des soci\u00e9t\u00e9s pharmaceutiques comme GSK, et d&rsquo;autres bases de donn\u00e9es g\u00e9n\u00e9tiques ont cr\u00e9\u00e9 des partenariats similaires apr\u00e8s avoir \u00e9t\u00e9 vendus \u00e0 des entit\u00e9s \u00e0 but lucratif. <\/p>\n<h2 id=\"how-to-delete-your-23andme-data\">Comment supprimer vos donn\u00e9es 23andMe<\/h2>\n<p>Selon une alerte grand public du procureur g\u00e9n\u00e9ral de Californie, vous pouvez prendre quelques \u00e9tapes pour prot\u00e9ger vos donn\u00e9es contre les probl\u00e8mes de confidentialit\u00e9 potentiels. Tout d&rsquo;abord, vous voudrez supprimer vos donn\u00e9es g\u00e9n\u00e9tiques en utilisant les \u00e9tapes suivantes: <\/p>\n<ol>\n<li>\n<p>Connectez-vous \u00e0 votre compte sur le site Web 23andMe. <\/p>\n<\/li>\n<li>\n<p>Aller \u00e0 <strong>Param\u00e8tres<\/strong> > <strong>23andMe Donn\u00e9es<\/strong>.<\/p>\n<\/li>\n<li>\n<p>\u00c0 c\u00f4t\u00e9 des donn\u00e9es 23andMe, cliquez <strong>Voir<\/strong>. <\/p>\n<\/li>\n<li>\n<p>T\u00e9l\u00e9chargez vos donn\u00e9es si vous souhaitez garder une copie. <\/p>\n<\/li>\n<li>\n<p>Faire d\u00e9filer <strong>Supprimer les donn\u00e9es<\/strong> et cliquer <strong>Supprimer en permanence les donn\u00e9es<\/strong>. <\/p>\n<\/li>\n<li>\n<p>Cliquez sur le lien dans l&rsquo;e-mail de confirmation de 23andMe pour finaliser votre demande.  <\/p>\n<\/li>\n<\/ol>\n<p>Vous pouvez \u00e9galement demander que votre \u00e9chantillon de test soit d\u00e9truit sous <strong>Param\u00e8tres> Pr\u00e9f\u00e9rences<\/strong> et r\u00e9voquer le consentement pour que vos donn\u00e9es soient utilis\u00e9es dans la recherche sous <strong>Param\u00e8tres> Recherche et consentement des produits<\/strong>. <\/p>\n","protected":false},"excerpt":{"rendered":"<p>Vos informations g\u00e9n\u00e9tiques pourraient \u00eatre vendues, mettant votre confidentialit\u00e9 en danger. 23andMe, la soci\u00e9t\u00e9 de tests g\u00e9n\u00e9tiques qui a collect\u00e9 des donn\u00e9es aupr\u00e8s de plus<\/p>\n","protected":false},"author":1,"featured_media":6150,"comment_status":"","ping_status":"","sticky":false,"template":"","format":"standard","meta":{"footnotes":""},"categories":[13],"tags":[6018,1086,154,233,1200,27,4],"class_list":["post-6149","post","type-post","status-publish","format-standard","has-post-thumbnail","hentry","category-technologie","tag-23andme","tag-devez","tag-donnees","tag-maintenant","tag-supprimer","tag-vos","tag-vous","generate-columns","tablet-grid-50","mobile-grid-100","grid-parent","grid-33"],"yoast_head":"<!-- This site is optimized with the Yoast SEO plugin v24.0 - https:\/\/yoast.com\/wordpress\/plugins\/seo\/ -->\n<title>Vous devez supprimer vos donn\u00e9es 23andMe maintenant | Vie Associative<\/title>\n<meta name=\"robots\" content=\"index, follow, max-snippet:-1, max-image-preview:large, max-video-preview:-1\" \/>\n<link rel=\"canonical\" href=\"https:\/\/vieassociative.be\/actualites\/vous-devez-supprimer-vos-donnees-23andme-maintenant\/\" \/>\n<meta property=\"og:locale\" content=\"fr_FR\" \/>\n<meta property=\"og:type\" content=\"article\" \/>\n<meta property=\"og:title\" content=\"Vous devez supprimer vos donn\u00e9es 23andMe maintenant | Vie Associative\" \/>\n<meta property=\"og:description\" content=\"Vos informations g\u00e9n\u00e9tiques pourraient \u00eatre vendues, mettant votre confidentialit\u00e9 en danger. 23andMe, la soci\u00e9t\u00e9 de tests g\u00e9n\u00e9tiques qui a collect\u00e9 des donn\u00e9es aupr\u00e8s de plus\" \/>\n<meta property=\"og:url\" content=\"https:\/\/vieassociative.be\/actualites\/vous-devez-supprimer-vos-donnees-23andme-maintenant\/\" \/>\n<meta property=\"og:site_name\" content=\"Vie Associative\" \/>\n<meta property=\"article:published_time\" content=\"2025-03-25T18:20:23+00:00\" \/>\n<meta property=\"og:image\" content=\"https:\/\/vieassociative.be\/actualites\/wp-content\/uploads\/2024\/09\/header_backgroundk-01-e1726694325946.png\" \/>\n\t<meta property=\"og:image:width\" content=\"279\" \/>\n\t<meta property=\"og:image:height\" content=\"92\" \/>\n\t<meta property=\"og:image:type\" content=\"image\/png\" \/>\n<meta name=\"author\" content=\"Julien\" \/>\n<meta name=\"twitter:card\" content=\"summary_large_image\" \/>\n<meta name=\"twitter:label1\" content=\"\u00c9crit par\" \/>\n\t<meta name=\"twitter:data1\" content=\"Julien\" \/>\n\t<meta name=\"twitter:label2\" content=\"Dur\u00e9e de lecture est.\" \/>\n\t<meta name=\"twitter:data2\" content=\"3 minutes\" \/>\n<script type=\"application\/ld+json\" class=\"yoast-schema-graph\">{\"@context\":\"https:\/\/schema.org\",\"@graph\":[{\"@type\":\"Article\",\"@id\":\"https:\/\/vieassociative.be\/actualites\/vous-devez-supprimer-vos-donnees-23andme-maintenant\/#article\",\"isPartOf\":{\"@id\":\"https:\/\/vieassociative.be\/actualites\/vous-devez-supprimer-vos-donnees-23andme-maintenant\/\"},\"author\":{\"name\":\"Julien\",\"@id\":\"https:\/\/vieassociative.be\/actualites\/#\/schema\/person\/b87ac4f82f9d4e7b7cec7395b679edc4\"},\"headline\":\"Vous devez supprimer vos donn\u00e9es 23andMe maintenant\",\"datePublished\":\"2025-03-25T18:20:23+00:00\",\"dateModified\":\"2025-03-25T18:20:23+00:00\",\"mainEntityOfPage\":{\"@id\":\"https:\/\/vieassociative.be\/actualites\/vous-devez-supprimer-vos-donnees-23andme-maintenant\/\"},\"wordCount\":684,\"publisher\":{\"@id\":\"https:\/\/vieassociative.be\/actualites\/#organization\"},\"image\":{\"@id\":\"https:\/\/vieassociative.be\/actualites\/vous-devez-supprimer-vos-donnees-23andme-maintenant\/#primaryimage\"},\"thumbnailUrl\":\"https:\/\/vieassociative.be\/actualites\/wp-content\/uploads\/2025\/03\/Vous-devez-supprimer-vos-donnees-23andMe-maintenant.png\",\"keywords\":[\"23andMe\",\"devez\",\"donn\u00e9es\",\"maintenant\",\"supprimer\",\"vos\",\"Vous\"],\"articleSection\":[\"Technologie\"],\"inLanguage\":\"fr-BE\"},{\"@type\":\"WebPage\",\"@id\":\"https:\/\/vieassociative.be\/actualites\/vous-devez-supprimer-vos-donnees-23andme-maintenant\/\",\"url\":\"https:\/\/vieassociative.be\/actualites\/vous-devez-supprimer-vos-donnees-23andme-maintenant\/\",\"name\":\"Vous devez supprimer vos donn\u00e9es 23andMe maintenant | Vie Associative\",\"isPartOf\":{\"@id\":\"https:\/\/vieassociative.be\/actualites\/#website\"},\"primaryImageOfPage\":{\"@id\":\"https:\/\/vieassociative.be\/actualites\/vous-devez-supprimer-vos-donnees-23andme-maintenant\/#primaryimage\"},\"image\":{\"@id\":\"https:\/\/vieassociative.be\/actualites\/vous-devez-supprimer-vos-donnees-23andme-maintenant\/#primaryimage\"},\"thumbnailUrl\":\"https:\/\/vieassociative.be\/actualites\/wp-content\/uploads\/2025\/03\/Vous-devez-supprimer-vos-donnees-23andMe-maintenant.png\",\"datePublished\":\"2025-03-25T18:20:23+00:00\",\"dateModified\":\"2025-03-25T18:20:23+00:00\",\"breadcrumb\":{\"@id\":\"https:\/\/vieassociative.be\/actualites\/vous-devez-supprimer-vos-donnees-23andme-maintenant\/#breadcrumb\"},\"inLanguage\":\"fr-BE\",\"potentialAction\":[{\"@type\":\"ReadAction\",\"target\":[\"https:\/\/vieassociative.be\/actualites\/vous-devez-supprimer-vos-donnees-23andme-maintenant\/\"]}]},{\"@type\":\"ImageObject\",\"inLanguage\":\"fr-BE\",\"@id\":\"https:\/\/vieassociative.be\/actualites\/vous-devez-supprimer-vos-donnees-23andme-maintenant\/#primaryimage\",\"url\":\"https:\/\/vieassociative.be\/actualites\/wp-content\/uploads\/2025\/03\/Vous-devez-supprimer-vos-donnees-23andMe-maintenant.png\",\"contentUrl\":\"https:\/\/vieassociative.be\/actualites\/wp-content\/uploads\/2025\/03\/Vous-devez-supprimer-vos-donnees-23andMe-maintenant.png\",\"width\":1200,\"height\":675,\"caption\":\"Vous devez supprimer vos donn\u00e9es 23andMe maintenant\"},{\"@type\":\"BreadcrumbList\",\"@id\":\"https:\/\/vieassociative.be\/actualites\/vous-devez-supprimer-vos-donnees-23andme-maintenant\/#breadcrumb\",\"itemListElement\":[{\"@type\":\"ListItem\",\"position\":1,\"name\":\"Accueil\",\"item\":\"https:\/\/vieassociative.be\/actualites\/\"},{\"@type\":\"ListItem\",\"position\":2,\"name\":\"Vous devez supprimer vos donn\u00e9es 23andMe maintenant\"}]},{\"@type\":\"WebSite\",\"@id\":\"https:\/\/vieassociative.be\/actualites\/#website\",\"url\":\"https:\/\/vieassociative.be\/actualites\/\",\"name\":\"Vie Associative\",\"description\":\"\",\"publisher\":{\"@id\":\"https:\/\/vieassociative.be\/actualites\/#organization\"},\"potentialAction\":[{\"@type\":\"SearchAction\",\"target\":{\"@type\":\"EntryPoint\",\"urlTemplate\":\"https:\/\/vieassociative.be\/actualites\/?s={search_term_string}\"},\"query-input\":{\"@type\":\"PropertyValueSpecification\",\"valueRequired\":true,\"valueName\":\"search_term_string\"}}],\"inLanguage\":\"fr-BE\"},{\"@type\":\"Organization\",\"@id\":\"https:\/\/vieassociative.be\/actualites\/#organization\",\"name\":\"Vie Associative\",\"url\":\"https:\/\/vieassociative.be\/actualites\/\",\"logo\":{\"@type\":\"ImageObject\",\"inLanguage\":\"fr-BE\",\"@id\":\"https:\/\/vieassociative.be\/actualites\/#\/schema\/logo\/image\/\",\"url\":\"https:\/\/vieassociative.be\/actualites\/wp-content\/uploads\/2024\/09\/cropped-vieassociative_favicon.ico.png\",\"contentUrl\":\"https:\/\/vieassociative.be\/actualites\/wp-content\/uploads\/2024\/09\/cropped-vieassociative_favicon.ico.png\",\"width\":512,\"height\":512,\"caption\":\"Vie Associative\"},\"image\":{\"@id\":\"https:\/\/vieassociative.be\/actualites\/#\/schema\/logo\/image\/\"}},{\"@type\":\"Person\",\"@id\":\"https:\/\/vieassociative.be\/actualites\/#\/schema\/person\/b87ac4f82f9d4e7b7cec7395b679edc4\",\"name\":\"Julien\",\"image\":{\"@type\":\"ImageObject\",\"inLanguage\":\"fr-BE\",\"@id\":\"https:\/\/vieassociative.be\/actualites\/#\/schema\/person\/image\/\",\"url\":\"https:\/\/vieassociative.be\/actualites\/wp-content\/uploads\/2024\/09\/vie-associative-1-150x150.jpg\",\"contentUrl\":\"https:\/\/vieassociative.be\/actualites\/wp-content\/uploads\/2024\/09\/vie-associative-1-150x150.jpg\",\"caption\":\"Julien\"},\"description\":\"Je suis Julien, r\u00e9dacteur pour Vie Associative. Passionn\u00e9 par le monde associatif depuis plus de 10 ans, j'ai \u00e0 c\u0153ur de partager des histoires inspirantes et de mettre en lumi\u00e8re les initiatives locales. Mon objectif est de sensibiliser et d'encourager l'engagement communautaire \u00e0 travers mes articles.\",\"sameAs\":[\"https:\/\/vieassociative.be\/\"]}]}<\/script>\n<!-- \/ Yoast SEO plugin. -->","yoast_head_json":{"title":"Vous devez supprimer vos donn\u00e9es 23andMe maintenant | Vie Associative","robots":{"index":"index","follow":"follow","max-snippet":"max-snippet:-1","max-image-preview":"max-image-preview:large","max-video-preview":"max-video-preview:-1"},"canonical":"https:\/\/vieassociative.be\/actualites\/vous-devez-supprimer-vos-donnees-23andme-maintenant\/","og_locale":"fr_FR","og_type":"article","og_title":"Vous devez supprimer vos donn\u00e9es 23andMe maintenant | Vie Associative","og_description":"Vos informations g\u00e9n\u00e9tiques pourraient \u00eatre vendues, mettant votre confidentialit\u00e9 en danger. 23andMe, la soci\u00e9t\u00e9 de tests g\u00e9n\u00e9tiques qui a collect\u00e9 des donn\u00e9es aupr\u00e8s de plus","og_url":"https:\/\/vieassociative.be\/actualites\/vous-devez-supprimer-vos-donnees-23andme-maintenant\/","og_site_name":"Vie Associative","article_published_time":"2025-03-25T18:20:23+00:00","og_image":[{"width":279,"height":92,"url":"https:\/\/vieassociative.be\/actualites\/wp-content\/uploads\/2024\/09\/header_backgroundk-01-e1726694325946.png","type":"image\/png"}],"author":"Julien","twitter_card":"summary_large_image","twitter_misc":{"\u00c9crit par":"Julien","Dur\u00e9e de lecture est.":"3 minutes"},"schema":{"@context":"https:\/\/schema.org","@graph":[{"@type":"Article","@id":"https:\/\/vieassociative.be\/actualites\/vous-devez-supprimer-vos-donnees-23andme-maintenant\/#article","isPartOf":{"@id":"https:\/\/vieassociative.be\/actualites\/vous-devez-supprimer-vos-donnees-23andme-maintenant\/"},"author":{"name":"Julien","@id":"https:\/\/vieassociative.be\/actualites\/#\/schema\/person\/b87ac4f82f9d4e7b7cec7395b679edc4"},"headline":"Vous devez supprimer vos donn\u00e9es 23andMe maintenant","datePublished":"2025-03-25T18:20:23+00:00","dateModified":"2025-03-25T18:20:23+00:00","mainEntityOfPage":{"@id":"https:\/\/vieassociative.be\/actualites\/vous-devez-supprimer-vos-donnees-23andme-maintenant\/"},"wordCount":684,"publisher":{"@id":"https:\/\/vieassociative.be\/actualites\/#organization"},"image":{"@id":"https:\/\/vieassociative.be\/actualites\/vous-devez-supprimer-vos-donnees-23andme-maintenant\/#primaryimage"},"thumbnailUrl":"https:\/\/vieassociative.be\/actualites\/wp-content\/uploads\/2025\/03\/Vous-devez-supprimer-vos-donnees-23andMe-maintenant.png","keywords":["23andMe","devez","donn\u00e9es","maintenant","supprimer","vos","Vous"],"articleSection":["Technologie"],"inLanguage":"fr-BE"},{"@type":"WebPage","@id":"https:\/\/vieassociative.be\/actualites\/vous-devez-supprimer-vos-donnees-23andme-maintenant\/","url":"https:\/\/vieassociative.be\/actualites\/vous-devez-supprimer-vos-donnees-23andme-maintenant\/","name":"Vous devez supprimer vos donn\u00e9es 23andMe maintenant | Vie Associative","isPartOf":{"@id":"https:\/\/vieassociative.be\/actualites\/#website"},"primaryImageOfPage":{"@id":"https:\/\/vieassociative.be\/actualites\/vous-devez-supprimer-vos-donnees-23andme-maintenant\/#primaryimage"},"image":{"@id":"https:\/\/vieassociative.be\/actualites\/vous-devez-supprimer-vos-donnees-23andme-maintenant\/#primaryimage"},"thumbnailUrl":"https:\/\/vieassociative.be\/actualites\/wp-content\/uploads\/2025\/03\/Vous-devez-supprimer-vos-donnees-23andMe-maintenant.png","datePublished":"2025-03-25T18:20:23+00:00","dateModified":"2025-03-25T18:20:23+00:00","breadcrumb":{"@id":"https:\/\/vieassociative.be\/actualites\/vous-devez-supprimer-vos-donnees-23andme-maintenant\/#breadcrumb"},"inLanguage":"fr-BE","potentialAction":[{"@type":"ReadAction","target":["https:\/\/vieassociative.be\/actualites\/vous-devez-supprimer-vos-donnees-23andme-maintenant\/"]}]},{"@type":"ImageObject","inLanguage":"fr-BE","@id":"https:\/\/vieassociative.be\/actualites\/vous-devez-supprimer-vos-donnees-23andme-maintenant\/#primaryimage","url":"https:\/\/vieassociative.be\/actualites\/wp-content\/uploads\/2025\/03\/Vous-devez-supprimer-vos-donnees-23andMe-maintenant.png","contentUrl":"https:\/\/vieassociative.be\/actualites\/wp-content\/uploads\/2025\/03\/Vous-devez-supprimer-vos-donnees-23andMe-maintenant.png","width":1200,"height":675,"caption":"Vous devez supprimer vos donn\u00e9es 23andMe maintenant"},{"@type":"BreadcrumbList","@id":"https:\/\/vieassociative.be\/actualites\/vous-devez-supprimer-vos-donnees-23andme-maintenant\/#breadcrumb","itemListElement":[{"@type":"ListItem","position":1,"name":"Accueil","item":"https:\/\/vieassociative.be\/actualites\/"},{"@type":"ListItem","position":2,"name":"Vous devez supprimer vos donn\u00e9es 23andMe maintenant"}]},{"@type":"WebSite","@id":"https:\/\/vieassociative.be\/actualites\/#website","url":"https:\/\/vieassociative.be\/actualites\/","name":"Vie Associative","description":"","publisher":{"@id":"https:\/\/vieassociative.be\/actualites\/#organization"},"potentialAction":[{"@type":"SearchAction","target":{"@type":"EntryPoint","urlTemplate":"https:\/\/vieassociative.be\/actualites\/?s={search_term_string}"},"query-input":{"@type":"PropertyValueSpecification","valueRequired":true,"valueName":"search_term_string"}}],"inLanguage":"fr-BE"},{"@type":"Organization","@id":"https:\/\/vieassociative.be\/actualites\/#organization","name":"Vie Associative","url":"https:\/\/vieassociative.be\/actualites\/","logo":{"@type":"ImageObject","inLanguage":"fr-BE","@id":"https:\/\/vieassociative.be\/actualites\/#\/schema\/logo\/image\/","url":"https:\/\/vieassociative.be\/actualites\/wp-content\/uploads\/2024\/09\/cropped-vieassociative_favicon.ico.png","contentUrl":"https:\/\/vieassociative.be\/actualites\/wp-content\/uploads\/2024\/09\/cropped-vieassociative_favicon.ico.png","width":512,"height":512,"caption":"Vie Associative"},"image":{"@id":"https:\/\/vieassociative.be\/actualites\/#\/schema\/logo\/image\/"}},{"@type":"Person","@id":"https:\/\/vieassociative.be\/actualites\/#\/schema\/person\/b87ac4f82f9d4e7b7cec7395b679edc4","name":"Julien","image":{"@type":"ImageObject","inLanguage":"fr-BE","@id":"https:\/\/vieassociative.be\/actualites\/#\/schema\/person\/image\/","url":"https:\/\/vieassociative.be\/actualites\/wp-content\/uploads\/2024\/09\/vie-associative-1-150x150.jpg","contentUrl":"https:\/\/vieassociative.be\/actualites\/wp-content\/uploads\/2024\/09\/vie-associative-1-150x150.jpg","caption":"Julien"},"description":"Je suis Julien, r\u00e9dacteur pour Vie Associative. Passionn\u00e9 par le monde associatif depuis plus de 10 ans, j'ai \u00e0 c\u0153ur de partager des histoires inspirantes et de mettre en lumi\u00e8re les initiatives locales. Mon objectif est de sensibiliser et d'encourager l'engagement communautaire \u00e0 travers mes articles.","sameAs":["https:\/\/vieassociative.be\/"]}]}},"_links":{"self":[{"href":"https:\/\/vieassociative.be\/actualites\/wp-json\/wp\/v2\/posts\/6149"}],"collection":[{"href":"https:\/\/vieassociative.be\/actualites\/wp-json\/wp\/v2\/posts"}],"about":[{"href":"https:\/\/vieassociative.be\/actualites\/wp-json\/wp\/v2\/types\/post"}],"author":[{"embeddable":true,"href":"https:\/\/vieassociative.be\/actualites\/wp-json\/wp\/v2\/users\/1"}],"replies":[{"embeddable":true,"href":"https:\/\/vieassociative.be\/actualites\/wp-json\/wp\/v2\/comments?post=6149"}],"version-history":[{"count":0,"href":"https:\/\/vieassociative.be\/actualites\/wp-json\/wp\/v2\/posts\/6149\/revisions"}],"wp:featuredmedia":[{"embeddable":true,"href":"https:\/\/vieassociative.be\/actualites\/wp-json\/wp\/v2\/media\/6150"}],"wp:attachment":[{"href":"https:\/\/vieassociative.be\/actualites\/wp-json\/wp\/v2\/media?parent=6149"}],"wp:term":[{"taxonomy":"category","embeddable":true,"href":"https:\/\/vieassociative.be\/actualites\/wp-json\/wp\/v2\/categories?post=6149"},{"taxonomy":"post_tag","embeddable":true,"href":"https:\/\/vieassociative.be\/actualites\/wp-json\/wp\/v2\/tags?post=6149"}],"curies":[{"name":"wp","href":"https:\/\/api.w.org\/{rel}","templated":true}]}}