{"id":6147,"date":"2025-03-25T15:17:13","date_gmt":"2025-03-25T14:17:13","guid":{"rendered":"https:\/\/vieassociative.be\/actualites\/lettre-de-lettres-utilisation-du-telephone-portable-des-adultes-temps-eleve-pour-les-appels-a-responsable\/"},"modified":"2025-03-25T15:17:13","modified_gmt":"2025-03-25T14:17:13","slug":"lettre-de-lettres-utilisation-du-telephone-portable-des-adultes-temps-eleve-pour-les-appels-a-responsable","status":"publish","type":"post","link":"https:\/\/vieassociative.be\/actualites\/lettre-de-lettres-utilisation-du-telephone-portable-des-adultes-temps-eleve-pour-les-appels-a-responsable\/","title":{"rendered":"Lettre de lettres &#8211; utilisation du t\u00e9l\u00e9phone portable des adultes: temps \u00e9lev\u00e9 pour les appels \u00e0 responsable"},"content":{"rendered":"<p><strong>Pendant le \u00ab\u00a0Zug de la d\u00e9mocratie\u00a0\u00bb dans le PDG, l&rsquo;utilisation du t\u00e9l\u00e9phone portable et la haute consommation des m\u00e9dias \u00e9taient des sujets qui ont soulev\u00e9 tous les groupes. Les enfants qui s&rsquo;y sont prononc\u00e9s ont abord\u00e9 une r\u00e9alit\u00e9 douloureuse que nous ne sommes plus autoris\u00e9s \u00e0 ignorer.<\/strong><\/p>\n<p><span id=\"more-411918\"><\/span>C&rsquo;est difficile \u00e0 croire, mais les enfants se sont plaints que les adultes passent beaucoup trop de temps avec leurs t\u00e9l\u00e9phones portables. Ils esp\u00e8rent que les adultes de la piscine ne regardent plus l&rsquo;affichage de leur smartphone, mais sur ce qui se passe autour d&rsquo;eux &#8211; c&rsquo;\u00e9tait un exemple des enfants.<\/p>\n<p>Nous sommes tellement pris dans le monde des m\u00e9dias sociaux et des notifications constantes que nous perdons de vue nos enfants &#8211; notre responsabilit\u00e9 la plus importante.<\/p>\n<\/p>\n<div id=\"attachment_187146\" class=\"wp-caption alignleft\" style=\"max-width: 300px\"><img fetchpriority=\"high\" decoding=\"async\" class=\"wp-image-187146 size-medium\" src=\"https:\/\/vieassociative.be\/actualites\/wp-content\/uploads\/2025\/03\/Lettre-de-lettres-utilisation-du-telephone-portable-des-adultes.jpeg\" alt=\"\" width=\"300\" height=\"198\"  ><\/p>\n<p class=\"wp-caption-text\">08.09.2018, Hambourg: L&rsquo;Emil (M) \u00e0 sept ans tient une affiche avec l&rsquo;inscription \u00ab\u00a0Nous sommes bruyants parce que vous ne regardez que votre t\u00e9l\u00e9phone portable pendant un processus de d\u00e9monstration. Photo: Axel Heimken \/ DPA<\/p>\n<\/div>\n<p>Ce n&rsquo;est pas seulement le t\u00e9l\u00e9phone portable qui nous maintient pi\u00e9g\u00e9s avec son effet d&rsquo;aspiration, mais aussi la fa\u00e7on dont nous, en tant que soci\u00e9t\u00e9, permettons ce d\u00e9veloppement. Nous sommes les mod\u00e8les qui fa\u00e7onnent nos enfants et nous envoyons le message que la consommation des m\u00e9dias et la distraction num\u00e9rique sont plus importants que les relations interpersonnelles r\u00e9elles.<\/p>\n<p>Je me demande si nous sommes toujours conscients de la quantit\u00e9 de contact avec nos enfants.<\/p>\n<p>En tant que soci\u00e9t\u00e9, nous devons comprendre que le monde num\u00e9rique n&rsquo;est plus seulement un bon suppl\u00e9ment, mais une r\u00e9alit\u00e9 qui d\u00e9termine de plus en plus nos vies et notre vie de nos enfants. Mais c&rsquo;est notre travail d&rsquo;enseigner la bonne utilisation de cette technologie et de transmettre aux enfants que la valeur r\u00e9elle est r\u00e9elle &#8211; pas dans le parchemin incessant par les m\u00e9dias sociaux ou l&rsquo;examen constant des messages.<\/p>\n<p>Il est grand temps que nous arr\u00eations ce d\u00e9veloppement avant qu&rsquo;il ne soit trop tard.<\/p>\n<p>Avec des salutations inquiets,<\/p>\n<p><strong>25.03 2025 Elena Peters, m\u00e8re et d\u00e9put\u00e9e Vivant dans le PDG<\/strong><\/p>\n","protected":false},"excerpt":{"rendered":"<p>Pendant le \u00ab\u00a0Zug de la d\u00e9mocratie\u00a0\u00bb dans le PDG, l&rsquo;utilisation du t\u00e9l\u00e9phone portable et la haute consommation des m\u00e9dias \u00e9taient des sujets qui ont soulev\u00e9<\/p>\n","protected":false},"author":1,"featured_media":2567,"comment_status":"","ping_status":"","sticky":false,"template":"","format":"standard","meta":{"footnotes":""},"categories":[298],"tags":[899,2397,29,6017,14,2628,6015,170,81,2019,542,790,6016],"class_list":["post-6147","post","type-post","status-publish","format-standard","has-post-thumbnail","hentry","category-belgique","tag-adultes","tag-appels","tag-des","tag-eleve","tag-les","tag-lettre","tag-lettres","tag-portable","tag-pour","tag-responsable","tag-telephone","tag-temps","tag-utilisation","generate-columns","tablet-grid-50","mobile-grid-100","grid-parent","grid-33"],"yoast_head":"<!-- This site is optimized with the Yoast SEO plugin v24.0 - https:\/\/yoast.com\/wordpress\/plugins\/seo\/ -->\n<title>Lettre de lettres - utilisation du t\u00e9l\u00e9phone portable des adultes: temps \u00e9lev\u00e9 pour les appels \u00e0 responsable | Vie Associative<\/title>\n<meta name=\"robots\" content=\"index, follow, max-snippet:-1, max-image-preview:large, max-video-preview:-1\" \/>\n<link rel=\"canonical\" href=\"https:\/\/vieassociative.be\/actualites\/lettre-de-lettres-utilisation-du-telephone-portable-des-adultes-temps-eleve-pour-les-appels-a-responsable\/\" \/>\n<meta property=\"og:locale\" content=\"fr_FR\" \/>\n<meta property=\"og:type\" content=\"article\" \/>\n<meta property=\"og:title\" content=\"Lettre de lettres - utilisation du t\u00e9l\u00e9phone portable des adultes: temps \u00e9lev\u00e9 pour les appels \u00e0 responsable | Vie Associative\" \/>\n<meta property=\"og:description\" content=\"Pendant le \u00ab\u00a0Zug de la d\u00e9mocratie\u00a0\u00bb dans le PDG, l&rsquo;utilisation du t\u00e9l\u00e9phone portable et la haute consommation des m\u00e9dias \u00e9taient des sujets qui ont soulev\u00e9\" \/>\n<meta property=\"og:url\" content=\"https:\/\/vieassociative.be\/actualites\/lettre-de-lettres-utilisation-du-telephone-portable-des-adultes-temps-eleve-pour-les-appels-a-responsable\/\" \/>\n<meta property=\"og:site_name\" content=\"Vie Associative\" \/>\n<meta property=\"article:published_time\" content=\"2025-03-25T14:17:13+00:00\" \/>\n<meta property=\"og:image\" content=\"https:\/\/vieassociative.be\/actualites\/wp-content\/uploads\/2024\/09\/header_backgroundk-01-e1726694325946.png\" \/>\n\t<meta property=\"og:image:width\" content=\"279\" \/>\n\t<meta property=\"og:image:height\" content=\"92\" \/>\n\t<meta property=\"og:image:type\" content=\"image\/png\" \/>\n<meta name=\"author\" content=\"Julien\" \/>\n<meta name=\"twitter:card\" content=\"summary_large_image\" \/>\n<meta name=\"twitter:label1\" content=\"\u00c9crit par\" \/>\n\t<meta name=\"twitter:data1\" content=\"Julien\" \/>\n\t<meta name=\"twitter:label2\" content=\"Dur\u00e9e de lecture est.\" \/>\n\t<meta name=\"twitter:data2\" content=\"2 minutes\" \/>\n<script type=\"application\/ld+json\" class=\"yoast-schema-graph\">{\"@context\":\"https:\/\/schema.org\",\"@graph\":[{\"@type\":\"Article\",\"@id\":\"https:\/\/vieassociative.be\/actualites\/lettre-de-lettres-utilisation-du-telephone-portable-des-adultes-temps-eleve-pour-les-appels-a-responsable\/#article\",\"isPartOf\":{\"@id\":\"https:\/\/vieassociative.be\/actualites\/lettre-de-lettres-utilisation-du-telephone-portable-des-adultes-temps-eleve-pour-les-appels-a-responsable\/\"},\"author\":{\"name\":\"Julien\",\"@id\":\"https:\/\/vieassociative.be\/actualites\/#\/schema\/person\/b87ac4f82f9d4e7b7cec7395b679edc4\"},\"headline\":\"Lettre de lettres &#8211; utilisation du t\u00e9l\u00e9phone portable des adultes: temps \u00e9lev\u00e9 pour les appels \u00e0 responsable\",\"datePublished\":\"2025-03-25T14:17:13+00:00\",\"dateModified\":\"2025-03-25T14:17:13+00:00\",\"mainEntityOfPage\":{\"@id\":\"https:\/\/vieassociative.be\/actualites\/lettre-de-lettres-utilisation-du-telephone-portable-des-adultes-temps-eleve-pour-les-appels-a-responsable\/\"},\"wordCount\":399,\"publisher\":{\"@id\":\"https:\/\/vieassociative.be\/actualites\/#organization\"},\"image\":{\"@id\":\"https:\/\/vieassociative.be\/actualites\/lettre-de-lettres-utilisation-du-telephone-portable-des-adultes-temps-eleve-pour-les-appels-a-responsable\/#primaryimage\"},\"thumbnailUrl\":\"https:\/\/vieassociative.be\/actualites\/wp-content\/uploads\/2024\/11\/LETTRE-A-LA-REDACTION-\u2013-Audi-Bruxelles-dernier-avertissement-du.jpeg\",\"keywords\":[\"adultes\",\"appels\",\"Des\",\"\u00e9lev\u00e9\",\"Les\",\"lettre\",\"lettres\",\"portable\",\"pour\",\"responsable\",\"t\u00e9l\u00e9phone\",\"temps\",\"utilisation\"],\"articleSection\":[\"Belgique\"],\"inLanguage\":\"fr-BE\"},{\"@type\":\"WebPage\",\"@id\":\"https:\/\/vieassociative.be\/actualites\/lettre-de-lettres-utilisation-du-telephone-portable-des-adultes-temps-eleve-pour-les-appels-a-responsable\/\",\"url\":\"https:\/\/vieassociative.be\/actualites\/lettre-de-lettres-utilisation-du-telephone-portable-des-adultes-temps-eleve-pour-les-appels-a-responsable\/\",\"name\":\"Lettre de lettres - utilisation du t\u00e9l\u00e9phone portable des adultes: temps \u00e9lev\u00e9 pour les appels \u00e0 responsable | Vie Associative\",\"isPartOf\":{\"@id\":\"https:\/\/vieassociative.be\/actualites\/#website\"},\"primaryImageOfPage\":{\"@id\":\"https:\/\/vieassociative.be\/actualites\/lettre-de-lettres-utilisation-du-telephone-portable-des-adultes-temps-eleve-pour-les-appels-a-responsable\/#primaryimage\"},\"image\":{\"@id\":\"https:\/\/vieassociative.be\/actualites\/lettre-de-lettres-utilisation-du-telephone-portable-des-adultes-temps-eleve-pour-les-appels-a-responsable\/#primaryimage\"},\"thumbnailUrl\":\"https:\/\/vieassociative.be\/actualites\/wp-content\/uploads\/2024\/11\/LETTRE-A-LA-REDACTION-\u2013-Audi-Bruxelles-dernier-avertissement-du.jpeg\",\"datePublished\":\"2025-03-25T14:17:13+00:00\",\"dateModified\":\"2025-03-25T14:17:13+00:00\",\"breadcrumb\":{\"@id\":\"https:\/\/vieassociative.be\/actualites\/lettre-de-lettres-utilisation-du-telephone-portable-des-adultes-temps-eleve-pour-les-appels-a-responsable\/#breadcrumb\"},\"inLanguage\":\"fr-BE\",\"potentialAction\":[{\"@type\":\"ReadAction\",\"target\":[\"https:\/\/vieassociative.be\/actualites\/lettre-de-lettres-utilisation-du-telephone-portable-des-adultes-temps-eleve-pour-les-appels-a-responsable\/\"]}]},{\"@type\":\"ImageObject\",\"inLanguage\":\"fr-BE\",\"@id\":\"https:\/\/vieassociative.be\/actualites\/lettre-de-lettres-utilisation-du-telephone-portable-des-adultes-temps-eleve-pour-les-appels-a-responsable\/#primaryimage\",\"url\":\"https:\/\/vieassociative.be\/actualites\/wp-content\/uploads\/2024\/11\/LETTRE-A-LA-REDACTION-\u2013-Audi-Bruxelles-dernier-avertissement-du.jpeg\",\"contentUrl\":\"https:\/\/vieassociative.be\/actualites\/wp-content\/uploads\/2024\/11\/LETTRE-A-LA-REDACTION-\u2013-Audi-Bruxelles-dernier-avertissement-du.jpeg\",\"width\":1024,\"height\":747,\"caption\":\"LETTRE \u00c0 LA R\u00c9DACTION \u2013 Audi Bruxelles, dernier avertissement du gouffre\"},{\"@type\":\"BreadcrumbList\",\"@id\":\"https:\/\/vieassociative.be\/actualites\/lettre-de-lettres-utilisation-du-telephone-portable-des-adultes-temps-eleve-pour-les-appels-a-responsable\/#breadcrumb\",\"itemListElement\":[{\"@type\":\"ListItem\",\"position\":1,\"name\":\"Accueil\",\"item\":\"https:\/\/vieassociative.be\/actualites\/\"},{\"@type\":\"ListItem\",\"position\":2,\"name\":\"Lettre de lettres &#8211; utilisation du t\u00e9l\u00e9phone portable des adultes: temps \u00e9lev\u00e9 pour les appels \u00e0 responsable\"}]},{\"@type\":\"WebSite\",\"@id\":\"https:\/\/vieassociative.be\/actualites\/#website\",\"url\":\"https:\/\/vieassociative.be\/actualites\/\",\"name\":\"Vie Associative\",\"description\":\"\",\"publisher\":{\"@id\":\"https:\/\/vieassociative.be\/actualites\/#organization\"},\"potentialAction\":[{\"@type\":\"SearchAction\",\"target\":{\"@type\":\"EntryPoint\",\"urlTemplate\":\"https:\/\/vieassociative.be\/actualites\/?s={search_term_string}\"},\"query-input\":{\"@type\":\"PropertyValueSpecification\",\"valueRequired\":true,\"valueName\":\"search_term_string\"}}],\"inLanguage\":\"fr-BE\"},{\"@type\":\"Organization\",\"@id\":\"https:\/\/vieassociative.be\/actualites\/#organization\",\"name\":\"Vie Associative\",\"url\":\"https:\/\/vieassociative.be\/actualites\/\",\"logo\":{\"@type\":\"ImageObject\",\"inLanguage\":\"fr-BE\",\"@id\":\"https:\/\/vieassociative.be\/actualites\/#\/schema\/logo\/image\/\",\"url\":\"https:\/\/vieassociative.be\/actualites\/wp-content\/uploads\/2024\/09\/cropped-vieassociative_favicon.ico.png\",\"contentUrl\":\"https:\/\/vieassociative.be\/actualites\/wp-content\/uploads\/2024\/09\/cropped-vieassociative_favicon.ico.png\",\"width\":512,\"height\":512,\"caption\":\"Vie Associative\"},\"image\":{\"@id\":\"https:\/\/vieassociative.be\/actualites\/#\/schema\/logo\/image\/\"}},{\"@type\":\"Person\",\"@id\":\"https:\/\/vieassociative.be\/actualites\/#\/schema\/person\/b87ac4f82f9d4e7b7cec7395b679edc4\",\"name\":\"Julien\",\"image\":{\"@type\":\"ImageObject\",\"inLanguage\":\"fr-BE\",\"@id\":\"https:\/\/vieassociative.be\/actualites\/#\/schema\/person\/image\/\",\"url\":\"https:\/\/vieassociative.be\/actualites\/wp-content\/uploads\/2024\/09\/vie-associative-1-150x150.jpg\",\"contentUrl\":\"https:\/\/vieassociative.be\/actualites\/wp-content\/uploads\/2024\/09\/vie-associative-1-150x150.jpg\",\"caption\":\"Julien\"},\"description\":\"Je suis Julien, r\u00e9dacteur pour Vie Associative. Passionn\u00e9 par le monde associatif depuis plus de 10 ans, j'ai \u00e0 c\u0153ur de partager des histoires inspirantes et de mettre en lumi\u00e8re les initiatives locales. Mon objectif est de sensibiliser et d'encourager l'engagement communautaire \u00e0 travers mes articles.\",\"sameAs\":[\"https:\/\/vieassociative.be\/\"]}]}<\/script>\n<!-- \/ Yoast SEO plugin. -->","yoast_head_json":{"title":"Lettre de lettres - utilisation du t\u00e9l\u00e9phone portable des adultes: temps \u00e9lev\u00e9 pour les appels \u00e0 responsable | Vie Associative","robots":{"index":"index","follow":"follow","max-snippet":"max-snippet:-1","max-image-preview":"max-image-preview:large","max-video-preview":"max-video-preview:-1"},"canonical":"https:\/\/vieassociative.be\/actualites\/lettre-de-lettres-utilisation-du-telephone-portable-des-adultes-temps-eleve-pour-les-appels-a-responsable\/","og_locale":"fr_FR","og_type":"article","og_title":"Lettre de lettres - utilisation du t\u00e9l\u00e9phone portable des adultes: temps \u00e9lev\u00e9 pour les appels \u00e0 responsable | Vie Associative","og_description":"Pendant le \u00ab\u00a0Zug de la d\u00e9mocratie\u00a0\u00bb dans le PDG, l&rsquo;utilisation du t\u00e9l\u00e9phone portable et la haute consommation des m\u00e9dias \u00e9taient des sujets qui ont soulev\u00e9","og_url":"https:\/\/vieassociative.be\/actualites\/lettre-de-lettres-utilisation-du-telephone-portable-des-adultes-temps-eleve-pour-les-appels-a-responsable\/","og_site_name":"Vie Associative","article_published_time":"2025-03-25T14:17:13+00:00","og_image":[{"width":279,"height":92,"url":"https:\/\/vieassociative.be\/actualites\/wp-content\/uploads\/2024\/09\/header_backgroundk-01-e1726694325946.png","type":"image\/png"}],"author":"Julien","twitter_card":"summary_large_image","twitter_misc":{"\u00c9crit par":"Julien","Dur\u00e9e de lecture est.":"2 minutes"},"schema":{"@context":"https:\/\/schema.org","@graph":[{"@type":"Article","@id":"https:\/\/vieassociative.be\/actualites\/lettre-de-lettres-utilisation-du-telephone-portable-des-adultes-temps-eleve-pour-les-appels-a-responsable\/#article","isPartOf":{"@id":"https:\/\/vieassociative.be\/actualites\/lettre-de-lettres-utilisation-du-telephone-portable-des-adultes-temps-eleve-pour-les-appels-a-responsable\/"},"author":{"name":"Julien","@id":"https:\/\/vieassociative.be\/actualites\/#\/schema\/person\/b87ac4f82f9d4e7b7cec7395b679edc4"},"headline":"Lettre de lettres &#8211; utilisation du t\u00e9l\u00e9phone portable des adultes: temps \u00e9lev\u00e9 pour les appels \u00e0 responsable","datePublished":"2025-03-25T14:17:13+00:00","dateModified":"2025-03-25T14:17:13+00:00","mainEntityOfPage":{"@id":"https:\/\/vieassociative.be\/actualites\/lettre-de-lettres-utilisation-du-telephone-portable-des-adultes-temps-eleve-pour-les-appels-a-responsable\/"},"wordCount":399,"publisher":{"@id":"https:\/\/vieassociative.be\/actualites\/#organization"},"image":{"@id":"https:\/\/vieassociative.be\/actualites\/lettre-de-lettres-utilisation-du-telephone-portable-des-adultes-temps-eleve-pour-les-appels-a-responsable\/#primaryimage"},"thumbnailUrl":"https:\/\/vieassociative.be\/actualites\/wp-content\/uploads\/2024\/11\/LETTRE-A-LA-REDACTION-\u2013-Audi-Bruxelles-dernier-avertissement-du.jpeg","keywords":["adultes","appels","Des","\u00e9lev\u00e9","Les","lettre","lettres","portable","pour","responsable","t\u00e9l\u00e9phone","temps","utilisation"],"articleSection":["Belgique"],"inLanguage":"fr-BE"},{"@type":"WebPage","@id":"https:\/\/vieassociative.be\/actualites\/lettre-de-lettres-utilisation-du-telephone-portable-des-adultes-temps-eleve-pour-les-appels-a-responsable\/","url":"https:\/\/vieassociative.be\/actualites\/lettre-de-lettres-utilisation-du-telephone-portable-des-adultes-temps-eleve-pour-les-appels-a-responsable\/","name":"Lettre de lettres - utilisation du t\u00e9l\u00e9phone portable des adultes: temps \u00e9lev\u00e9 pour les appels \u00e0 responsable | Vie Associative","isPartOf":{"@id":"https:\/\/vieassociative.be\/actualites\/#website"},"primaryImageOfPage":{"@id":"https:\/\/vieassociative.be\/actualites\/lettre-de-lettres-utilisation-du-telephone-portable-des-adultes-temps-eleve-pour-les-appels-a-responsable\/#primaryimage"},"image":{"@id":"https:\/\/vieassociative.be\/actualites\/lettre-de-lettres-utilisation-du-telephone-portable-des-adultes-temps-eleve-pour-les-appels-a-responsable\/#primaryimage"},"thumbnailUrl":"https:\/\/vieassociative.be\/actualites\/wp-content\/uploads\/2024\/11\/LETTRE-A-LA-REDACTION-\u2013-Audi-Bruxelles-dernier-avertissement-du.jpeg","datePublished":"2025-03-25T14:17:13+00:00","dateModified":"2025-03-25T14:17:13+00:00","breadcrumb":{"@id":"https:\/\/vieassociative.be\/actualites\/lettre-de-lettres-utilisation-du-telephone-portable-des-adultes-temps-eleve-pour-les-appels-a-responsable\/#breadcrumb"},"inLanguage":"fr-BE","potentialAction":[{"@type":"ReadAction","target":["https:\/\/vieassociative.be\/actualites\/lettre-de-lettres-utilisation-du-telephone-portable-des-adultes-temps-eleve-pour-les-appels-a-responsable\/"]}]},{"@type":"ImageObject","inLanguage":"fr-BE","@id":"https:\/\/vieassociative.be\/actualites\/lettre-de-lettres-utilisation-du-telephone-portable-des-adultes-temps-eleve-pour-les-appels-a-responsable\/#primaryimage","url":"https:\/\/vieassociative.be\/actualites\/wp-content\/uploads\/2024\/11\/LETTRE-A-LA-REDACTION-\u2013-Audi-Bruxelles-dernier-avertissement-du.jpeg","contentUrl":"https:\/\/vieassociative.be\/actualites\/wp-content\/uploads\/2024\/11\/LETTRE-A-LA-REDACTION-\u2013-Audi-Bruxelles-dernier-avertissement-du.jpeg","width":1024,"height":747,"caption":"LETTRE \u00c0 LA R\u00c9DACTION \u2013 Audi Bruxelles, dernier avertissement du gouffre"},{"@type":"BreadcrumbList","@id":"https:\/\/vieassociative.be\/actualites\/lettre-de-lettres-utilisation-du-telephone-portable-des-adultes-temps-eleve-pour-les-appels-a-responsable\/#breadcrumb","itemListElement":[{"@type":"ListItem","position":1,"name":"Accueil","item":"https:\/\/vieassociative.be\/actualites\/"},{"@type":"ListItem","position":2,"name":"Lettre de lettres &#8211; utilisation du t\u00e9l\u00e9phone portable des adultes: temps \u00e9lev\u00e9 pour les appels \u00e0 responsable"}]},{"@type":"WebSite","@id":"https:\/\/vieassociative.be\/actualites\/#website","url":"https:\/\/vieassociative.be\/actualites\/","name":"Vie Associative","description":"","publisher":{"@id":"https:\/\/vieassociative.be\/actualites\/#organization"},"potentialAction":[{"@type":"SearchAction","target":{"@type":"EntryPoint","urlTemplate":"https:\/\/vieassociative.be\/actualites\/?s={search_term_string}"},"query-input":{"@type":"PropertyValueSpecification","valueRequired":true,"valueName":"search_term_string"}}],"inLanguage":"fr-BE"},{"@type":"Organization","@id":"https:\/\/vieassociative.be\/actualites\/#organization","name":"Vie Associative","url":"https:\/\/vieassociative.be\/actualites\/","logo":{"@type":"ImageObject","inLanguage":"fr-BE","@id":"https:\/\/vieassociative.be\/actualites\/#\/schema\/logo\/image\/","url":"https:\/\/vieassociative.be\/actualites\/wp-content\/uploads\/2024\/09\/cropped-vieassociative_favicon.ico.png","contentUrl":"https:\/\/vieassociative.be\/actualites\/wp-content\/uploads\/2024\/09\/cropped-vieassociative_favicon.ico.png","width":512,"height":512,"caption":"Vie Associative"},"image":{"@id":"https:\/\/vieassociative.be\/actualites\/#\/schema\/logo\/image\/"}},{"@type":"Person","@id":"https:\/\/vieassociative.be\/actualites\/#\/schema\/person\/b87ac4f82f9d4e7b7cec7395b679edc4","name":"Julien","image":{"@type":"ImageObject","inLanguage":"fr-BE","@id":"https:\/\/vieassociative.be\/actualites\/#\/schema\/person\/image\/","url":"https:\/\/vieassociative.be\/actualites\/wp-content\/uploads\/2024\/09\/vie-associative-1-150x150.jpg","contentUrl":"https:\/\/vieassociative.be\/actualites\/wp-content\/uploads\/2024\/09\/vie-associative-1-150x150.jpg","caption":"Julien"},"description":"Je suis Julien, r\u00e9dacteur pour Vie Associative. Passionn\u00e9 par le monde associatif depuis plus de 10 ans, j'ai \u00e0 c\u0153ur de partager des histoires inspirantes et de mettre en lumi\u00e8re les initiatives locales. Mon objectif est de sensibiliser et d'encourager l'engagement communautaire \u00e0 travers mes articles.","sameAs":["https:\/\/vieassociative.be\/"]}]}},"_links":{"self":[{"href":"https:\/\/vieassociative.be\/actualites\/wp-json\/wp\/v2\/posts\/6147"}],"collection":[{"href":"https:\/\/vieassociative.be\/actualites\/wp-json\/wp\/v2\/posts"}],"about":[{"href":"https:\/\/vieassociative.be\/actualites\/wp-json\/wp\/v2\/types\/post"}],"author":[{"embeddable":true,"href":"https:\/\/vieassociative.be\/actualites\/wp-json\/wp\/v2\/users\/1"}],"replies":[{"embeddable":true,"href":"https:\/\/vieassociative.be\/actualites\/wp-json\/wp\/v2\/comments?post=6147"}],"version-history":[{"count":0,"href":"https:\/\/vieassociative.be\/actualites\/wp-json\/wp\/v2\/posts\/6147\/revisions"}],"wp:featuredmedia":[{"embeddable":true,"href":"https:\/\/vieassociative.be\/actualites\/wp-json\/wp\/v2\/media\/2567"}],"wp:attachment":[{"href":"https:\/\/vieassociative.be\/actualites\/wp-json\/wp\/v2\/media?parent=6147"}],"wp:term":[{"taxonomy":"category","embeddable":true,"href":"https:\/\/vieassociative.be\/actualites\/wp-json\/wp\/v2\/categories?post=6147"},{"taxonomy":"post_tag","embeddable":true,"href":"https:\/\/vieassociative.be\/actualites\/wp-json\/wp\/v2\/tags?post=6147"}],"curies":[{"name":"wp","href":"https:\/\/api.w.org\/{rel}","templated":true}]}}