{"id":6139,"date":"2025-03-25T09:22:24","date_gmt":"2025-03-25T08:22:24","guid":{"rendered":"https:\/\/vieassociative.be\/actualites\/marcel-bauer-recoit-le-prix-de-la-litterature-de-la-dg\/"},"modified":"2025-03-25T09:22:24","modified_gmt":"2025-03-25T08:22:24","slug":"marcel-bauer-recoit-le-prix-de-la-litterature-de-la-dg","status":"publish","type":"post","link":"https:\/\/vieassociative.be\/actualites\/marcel-bauer-recoit-le-prix-de-la-litterature-de-la-dg\/","title":{"rendered":"Marcel Bauer re\u00e7oit le prix de la litt\u00e9rature de la DG"},"content":{"rendered":"<p><strong>Le 30 mars 2025, le journaliste et \u00e9crivain d&rsquo;Eupen Marcel Bauer recevra le prix de la litt\u00e9rature de la DG pour son roman \u00abShadow Children &#8211; A Childhood in War\u00bb. Comme le rapporte le pr\u00e9sident du Parlement, le vote du jury a \u00e9chou\u00e9 \u00e0 l&rsquo;unanimit\u00e9.<\/strong><\/p>\n<p><span id=\"more-411841\"><\/span>Le roman, qui a \u00e9t\u00e9 publi\u00e9 par The Rhein-Mosel-Verlag et qui a maintenant \u00e9t\u00e9 pr\u00e9sent dans la 5e \u00e9dition, d\u00e9crit le sort d&rsquo;un gar\u00e7on juif venu de Pologne et \u00e9chou\u00e9 dans le s\u00e9rage sur le Maas en 1936 apr\u00e8s une errance dans la moiti\u00e9 de l&rsquo;Europe. L\u00e0, la famille Rozenberg a \u00e9t\u00e9 surpris et obtenue de la famille Rozenberg des nationals-nationaux allemands qui ont poursuivi la \u00ab\u00a0chute de la race juive\u00a0\u00bb.<\/p>\n<div id=\"attachment_256600\" class=\"wp-caption alignleft\" style=\"max-width: 300px\"><img fetchpriority=\"high\" decoding=\"async\" class=\"wp-image-256600 size-medium\" src=\"https:\/\/vieassociative.be\/actualites\/wp-content\/uploads\/2025\/03\/Marcel-Bauer-recoit-le-prix-de-la-litterature-de-la.png\" alt=\"\" width=\"300\" height=\"206\"><\/p>\n<p class=\"wp-caption-text\">L&rsquo;enveloppe du livre de Marcel Bauer \u00ab\u00a0Shadow Children &#8211; A Childhood in War\u00a0\u00bb.<\/p>\n<\/div>\n<p>Une fois que la famille a \u00e9t\u00e9 temporairement immerg\u00e9e, certains de ses membres ont \u00e9t\u00e9 retrouv\u00e9s dans le cadre de la solution finale So-appelle de la question juive et expuls\u00e9e vers des camps de concentration allemands. Joshua et son fr\u00e8re Menahim ont \u00e9t\u00e9 captur\u00e9s par un r\u00e9seau que l&rsquo;\u00e9v\u00eaque de Li\u00e8ge et son justiaire Max Van avaient \u00e9lev\u00e9 la montagne pour sauver des enfants juifs.<\/p>\n<p>Joshua et son fr\u00e8re ont surv\u00e9cu \u00e0 la guerre dans une colonie de vacances \u00ab\u00a0Au Grand Air\u00a0\u00bb, que le pasteur Marcel Stenne a diverti dans le petit Ardennendorf Stoumont. En d\u00e9cembre 1944, lorsque la guerre \u00e9tait d\u00e9j\u00e0 termin\u00e9e, il a rattrap\u00e9 Joshua, car une bataille d\u00e9cisive de l&rsquo;offensive d&rsquo;Ardennes a \u00e9t\u00e9 touch\u00e9e \u00e0 Stoumont-La Gleiz.<\/p>\n<p>La c\u00e9r\u00e9monie de remise des prix sera men\u00e9e le 30 mars 2025 en tant qu&rsquo;\u00e9v\u00e9nement ferm\u00e9. En plus de Marcel Bauer pour le domaine de la litt\u00e9rature, Joseph Spoden re\u00e7oit le prix du domaine des affaires. \u00ab\u00a0Silvio Gesell &#8230; et la soci\u00e9t\u00e9 pour \u00e7a!\u00a0\u00bb est le titre. Le Dr Dirk EHNTS, porte-parole de la Samuel Pufendorf Society for Political Economics \u00e0 Berlin, d\u00e9tient l&rsquo;\u00e9loge.<\/p>\n<p>Le professeur Hubert Roland von der Uclouvain. Au d\u00e9but de la c\u00e9r\u00e9monie pour l&rsquo;attribution des prix parlementaires, Wilfried Jouten des archives parlementaires d\u00e9tient un court d\u00e9partement sur le sujet \u00ab\u00a050 ans de prix au Parlement de la communaut\u00e9 germanophone de Belgique (1975-2025)\u00a0\u00bb. (Cre)<\/p>\n","protected":false},"excerpt":{"rendered":"<p>Le 30 mars 2025, le journaliste et \u00e9crivain d&rsquo;Eupen Marcel Bauer recevra le prix de la litt\u00e9rature de la DG pour son roman \u00abShadow Children<\/p>\n","protected":false},"author":1,"featured_media":6140,"comment_status":"","ping_status":"","sticky":false,"template":"","format":"standard","meta":{"footnotes":""},"categories":[298],"tags":[3652,3465,3651,1399,4129],"class_list":["post-6139","post","type-post","status-publish","format-standard","has-post-thumbnail","hentry","category-belgique","tag-bauer","tag-litterature","tag-marcel","tag-prix","tag-recoit","generate-columns","tablet-grid-50","mobile-grid-100","grid-parent","grid-33"],"yoast_head":"<!-- This site is optimized with the Yoast SEO plugin v24.0 - https:\/\/yoast.com\/wordpress\/plugins\/seo\/ -->\n<title>Marcel Bauer re\u00e7oit le prix de la litt\u00e9rature de la DG | Vie Associative<\/title>\n<meta name=\"robots\" content=\"index, follow, max-snippet:-1, max-image-preview:large, max-video-preview:-1\" \/>\n<link rel=\"canonical\" href=\"https:\/\/vieassociative.be\/actualites\/marcel-bauer-recoit-le-prix-de-la-litterature-de-la-dg\/\" \/>\n<meta property=\"og:locale\" content=\"fr_FR\" \/>\n<meta property=\"og:type\" content=\"article\" \/>\n<meta property=\"og:title\" content=\"Marcel Bauer re\u00e7oit le prix de la litt\u00e9rature de la DG | Vie Associative\" \/>\n<meta property=\"og:description\" content=\"Le 30 mars 2025, le journaliste et \u00e9crivain d&rsquo;Eupen Marcel Bauer recevra le prix de la litt\u00e9rature de la DG pour son roman \u00abShadow Children\" \/>\n<meta property=\"og:url\" content=\"https:\/\/vieassociative.be\/actualites\/marcel-bauer-recoit-le-prix-de-la-litterature-de-la-dg\/\" \/>\n<meta property=\"og:site_name\" content=\"Vie Associative\" \/>\n<meta property=\"article:published_time\" content=\"2025-03-25T08:22:24+00:00\" \/>\n<meta property=\"og:image\" content=\"https:\/\/vieassociative.be\/actualites\/wp-content\/uploads\/2024\/09\/header_backgroundk-01-e1726694325946.png\" \/>\n\t<meta property=\"og:image:width\" content=\"279\" \/>\n\t<meta property=\"og:image:height\" content=\"92\" \/>\n\t<meta property=\"og:image:type\" content=\"image\/png\" \/>\n<meta name=\"author\" content=\"Julien\" \/>\n<meta name=\"twitter:card\" content=\"summary_large_image\" \/>\n<meta name=\"twitter:label1\" content=\"\u00c9crit par\" \/>\n\t<meta name=\"twitter:data1\" content=\"Julien\" \/>\n\t<meta name=\"twitter:label2\" content=\"Dur\u00e9e de lecture est.\" \/>\n\t<meta name=\"twitter:data2\" content=\"2 minutes\" \/>\n<script type=\"application\/ld+json\" class=\"yoast-schema-graph\">{\"@context\":\"https:\/\/schema.org\",\"@graph\":[{\"@type\":\"Article\",\"@id\":\"https:\/\/vieassociative.be\/actualites\/marcel-bauer-recoit-le-prix-de-la-litterature-de-la-dg\/#article\",\"isPartOf\":{\"@id\":\"https:\/\/vieassociative.be\/actualites\/marcel-bauer-recoit-le-prix-de-la-litterature-de-la-dg\/\"},\"author\":{\"name\":\"Julien\",\"@id\":\"https:\/\/vieassociative.be\/actualites\/#\/schema\/person\/b87ac4f82f9d4e7b7cec7395b679edc4\"},\"headline\":\"Marcel Bauer re\u00e7oit le prix de la litt\u00e9rature de la DG\",\"datePublished\":\"2025-03-25T08:22:24+00:00\",\"dateModified\":\"2025-03-25T08:22:24+00:00\",\"mainEntityOfPage\":{\"@id\":\"https:\/\/vieassociative.be\/actualites\/marcel-bauer-recoit-le-prix-de-la-litterature-de-la-dg\/\"},\"wordCount\":403,\"publisher\":{\"@id\":\"https:\/\/vieassociative.be\/actualites\/#organization\"},\"image\":{\"@id\":\"https:\/\/vieassociative.be\/actualites\/marcel-bauer-recoit-le-prix-de-la-litterature-de-la-dg\/#primaryimage\"},\"thumbnailUrl\":\"https:\/\/vieassociative.be\/actualites\/wp-content\/uploads\/2025\/03\/Marcel-Bauer-recoit-le-prix-de-la-litterature-de-la.jpeg\",\"keywords\":[\"Bauer\",\"litt\u00e9rature\",\"Marcel\",\"prix\",\"re\u00e7oit\"],\"articleSection\":[\"Belgique\"],\"inLanguage\":\"fr-BE\"},{\"@type\":\"WebPage\",\"@id\":\"https:\/\/vieassociative.be\/actualites\/marcel-bauer-recoit-le-prix-de-la-litterature-de-la-dg\/\",\"url\":\"https:\/\/vieassociative.be\/actualites\/marcel-bauer-recoit-le-prix-de-la-litterature-de-la-dg\/\",\"name\":\"Marcel Bauer re\u00e7oit le prix de la litt\u00e9rature de la DG | Vie Associative\",\"isPartOf\":{\"@id\":\"https:\/\/vieassociative.be\/actualites\/#website\"},\"primaryImageOfPage\":{\"@id\":\"https:\/\/vieassociative.be\/actualites\/marcel-bauer-recoit-le-prix-de-la-litterature-de-la-dg\/#primaryimage\"},\"image\":{\"@id\":\"https:\/\/vieassociative.be\/actualites\/marcel-bauer-recoit-le-prix-de-la-litterature-de-la-dg\/#primaryimage\"},\"thumbnailUrl\":\"https:\/\/vieassociative.be\/actualites\/wp-content\/uploads\/2025\/03\/Marcel-Bauer-recoit-le-prix-de-la-litterature-de-la.jpeg\",\"datePublished\":\"2025-03-25T08:22:24+00:00\",\"dateModified\":\"2025-03-25T08:22:24+00:00\",\"breadcrumb\":{\"@id\":\"https:\/\/vieassociative.be\/actualites\/marcel-bauer-recoit-le-prix-de-la-litterature-de-la-dg\/#breadcrumb\"},\"inLanguage\":\"fr-BE\",\"potentialAction\":[{\"@type\":\"ReadAction\",\"target\":[\"https:\/\/vieassociative.be\/actualites\/marcel-bauer-recoit-le-prix-de-la-litterature-de-la-dg\/\"]}]},{\"@type\":\"ImageObject\",\"inLanguage\":\"fr-BE\",\"@id\":\"https:\/\/vieassociative.be\/actualites\/marcel-bauer-recoit-le-prix-de-la-litterature-de-la-dg\/#primaryimage\",\"url\":\"https:\/\/vieassociative.be\/actualites\/wp-content\/uploads\/2025\/03\/Marcel-Bauer-recoit-le-prix-de-la-litterature-de-la.jpeg\",\"contentUrl\":\"https:\/\/vieassociative.be\/actualites\/wp-content\/uploads\/2025\/03\/Marcel-Bauer-recoit-le-prix-de-la-litterature-de-la.jpeg\",\"width\":900,\"height\":600,\"caption\":\"Marcel Bauer re\u00e7oit le prix de la litt\u00e9rature de la DG\"},{\"@type\":\"BreadcrumbList\",\"@id\":\"https:\/\/vieassociative.be\/actualites\/marcel-bauer-recoit-le-prix-de-la-litterature-de-la-dg\/#breadcrumb\",\"itemListElement\":[{\"@type\":\"ListItem\",\"position\":1,\"name\":\"Accueil\",\"item\":\"https:\/\/vieassociative.be\/actualites\/\"},{\"@type\":\"ListItem\",\"position\":2,\"name\":\"Marcel Bauer re\u00e7oit le prix de la litt\u00e9rature de la DG\"}]},{\"@type\":\"WebSite\",\"@id\":\"https:\/\/vieassociative.be\/actualites\/#website\",\"url\":\"https:\/\/vieassociative.be\/actualites\/\",\"name\":\"Vie Associative\",\"description\":\"\",\"publisher\":{\"@id\":\"https:\/\/vieassociative.be\/actualites\/#organization\"},\"potentialAction\":[{\"@type\":\"SearchAction\",\"target\":{\"@type\":\"EntryPoint\",\"urlTemplate\":\"https:\/\/vieassociative.be\/actualites\/?s={search_term_string}\"},\"query-input\":{\"@type\":\"PropertyValueSpecification\",\"valueRequired\":true,\"valueName\":\"search_term_string\"}}],\"inLanguage\":\"fr-BE\"},{\"@type\":\"Organization\",\"@id\":\"https:\/\/vieassociative.be\/actualites\/#organization\",\"name\":\"Vie Associative\",\"url\":\"https:\/\/vieassociative.be\/actualites\/\",\"logo\":{\"@type\":\"ImageObject\",\"inLanguage\":\"fr-BE\",\"@id\":\"https:\/\/vieassociative.be\/actualites\/#\/schema\/logo\/image\/\",\"url\":\"https:\/\/vieassociative.be\/actualites\/wp-content\/uploads\/2024\/09\/cropped-vieassociative_favicon.ico.png\",\"contentUrl\":\"https:\/\/vieassociative.be\/actualites\/wp-content\/uploads\/2024\/09\/cropped-vieassociative_favicon.ico.png\",\"width\":512,\"height\":512,\"caption\":\"Vie Associative\"},\"image\":{\"@id\":\"https:\/\/vieassociative.be\/actualites\/#\/schema\/logo\/image\/\"}},{\"@type\":\"Person\",\"@id\":\"https:\/\/vieassociative.be\/actualites\/#\/schema\/person\/b87ac4f82f9d4e7b7cec7395b679edc4\",\"name\":\"Julien\",\"image\":{\"@type\":\"ImageObject\",\"inLanguage\":\"fr-BE\",\"@id\":\"https:\/\/vieassociative.be\/actualites\/#\/schema\/person\/image\/\",\"url\":\"https:\/\/vieassociative.be\/actualites\/wp-content\/uploads\/2024\/09\/vie-associative-1-150x150.jpg\",\"contentUrl\":\"https:\/\/vieassociative.be\/actualites\/wp-content\/uploads\/2024\/09\/vie-associative-1-150x150.jpg\",\"caption\":\"Julien\"},\"description\":\"Je suis Julien, r\u00e9dacteur pour Vie Associative. Passionn\u00e9 par le monde associatif depuis plus de 10 ans, j'ai \u00e0 c\u0153ur de partager des histoires inspirantes et de mettre en lumi\u00e8re les initiatives locales. Mon objectif est de sensibiliser et d'encourager l'engagement communautaire \u00e0 travers mes articles.\",\"sameAs\":[\"https:\/\/vieassociative.be\/\"]}]}<\/script>\n<!-- \/ Yoast SEO plugin. -->","yoast_head_json":{"title":"Marcel Bauer re\u00e7oit le prix de la litt\u00e9rature de la DG | Vie Associative","robots":{"index":"index","follow":"follow","max-snippet":"max-snippet:-1","max-image-preview":"max-image-preview:large","max-video-preview":"max-video-preview:-1"},"canonical":"https:\/\/vieassociative.be\/actualites\/marcel-bauer-recoit-le-prix-de-la-litterature-de-la-dg\/","og_locale":"fr_FR","og_type":"article","og_title":"Marcel Bauer re\u00e7oit le prix de la litt\u00e9rature de la DG | Vie Associative","og_description":"Le 30 mars 2025, le journaliste et \u00e9crivain d&rsquo;Eupen Marcel Bauer recevra le prix de la litt\u00e9rature de la DG pour son roman \u00abShadow Children","og_url":"https:\/\/vieassociative.be\/actualites\/marcel-bauer-recoit-le-prix-de-la-litterature-de-la-dg\/","og_site_name":"Vie Associative","article_published_time":"2025-03-25T08:22:24+00:00","og_image":[{"width":279,"height":92,"url":"https:\/\/vieassociative.be\/actualites\/wp-content\/uploads\/2024\/09\/header_backgroundk-01-e1726694325946.png","type":"image\/png"}],"author":"Julien","twitter_card":"summary_large_image","twitter_misc":{"\u00c9crit par":"Julien","Dur\u00e9e de lecture est.":"2 minutes"},"schema":{"@context":"https:\/\/schema.org","@graph":[{"@type":"Article","@id":"https:\/\/vieassociative.be\/actualites\/marcel-bauer-recoit-le-prix-de-la-litterature-de-la-dg\/#article","isPartOf":{"@id":"https:\/\/vieassociative.be\/actualites\/marcel-bauer-recoit-le-prix-de-la-litterature-de-la-dg\/"},"author":{"name":"Julien","@id":"https:\/\/vieassociative.be\/actualites\/#\/schema\/person\/b87ac4f82f9d4e7b7cec7395b679edc4"},"headline":"Marcel Bauer re\u00e7oit le prix de la litt\u00e9rature de la DG","datePublished":"2025-03-25T08:22:24+00:00","dateModified":"2025-03-25T08:22:24+00:00","mainEntityOfPage":{"@id":"https:\/\/vieassociative.be\/actualites\/marcel-bauer-recoit-le-prix-de-la-litterature-de-la-dg\/"},"wordCount":403,"publisher":{"@id":"https:\/\/vieassociative.be\/actualites\/#organization"},"image":{"@id":"https:\/\/vieassociative.be\/actualites\/marcel-bauer-recoit-le-prix-de-la-litterature-de-la-dg\/#primaryimage"},"thumbnailUrl":"https:\/\/vieassociative.be\/actualites\/wp-content\/uploads\/2025\/03\/Marcel-Bauer-recoit-le-prix-de-la-litterature-de-la.jpeg","keywords":["Bauer","litt\u00e9rature","Marcel","prix","re\u00e7oit"],"articleSection":["Belgique"],"inLanguage":"fr-BE"},{"@type":"WebPage","@id":"https:\/\/vieassociative.be\/actualites\/marcel-bauer-recoit-le-prix-de-la-litterature-de-la-dg\/","url":"https:\/\/vieassociative.be\/actualites\/marcel-bauer-recoit-le-prix-de-la-litterature-de-la-dg\/","name":"Marcel Bauer re\u00e7oit le prix de la litt\u00e9rature de la DG | Vie Associative","isPartOf":{"@id":"https:\/\/vieassociative.be\/actualites\/#website"},"primaryImageOfPage":{"@id":"https:\/\/vieassociative.be\/actualites\/marcel-bauer-recoit-le-prix-de-la-litterature-de-la-dg\/#primaryimage"},"image":{"@id":"https:\/\/vieassociative.be\/actualites\/marcel-bauer-recoit-le-prix-de-la-litterature-de-la-dg\/#primaryimage"},"thumbnailUrl":"https:\/\/vieassociative.be\/actualites\/wp-content\/uploads\/2025\/03\/Marcel-Bauer-recoit-le-prix-de-la-litterature-de-la.jpeg","datePublished":"2025-03-25T08:22:24+00:00","dateModified":"2025-03-25T08:22:24+00:00","breadcrumb":{"@id":"https:\/\/vieassociative.be\/actualites\/marcel-bauer-recoit-le-prix-de-la-litterature-de-la-dg\/#breadcrumb"},"inLanguage":"fr-BE","potentialAction":[{"@type":"ReadAction","target":["https:\/\/vieassociative.be\/actualites\/marcel-bauer-recoit-le-prix-de-la-litterature-de-la-dg\/"]}]},{"@type":"ImageObject","inLanguage":"fr-BE","@id":"https:\/\/vieassociative.be\/actualites\/marcel-bauer-recoit-le-prix-de-la-litterature-de-la-dg\/#primaryimage","url":"https:\/\/vieassociative.be\/actualites\/wp-content\/uploads\/2025\/03\/Marcel-Bauer-recoit-le-prix-de-la-litterature-de-la.jpeg","contentUrl":"https:\/\/vieassociative.be\/actualites\/wp-content\/uploads\/2025\/03\/Marcel-Bauer-recoit-le-prix-de-la-litterature-de-la.jpeg","width":900,"height":600,"caption":"Marcel Bauer re\u00e7oit le prix de la litt\u00e9rature de la DG"},{"@type":"BreadcrumbList","@id":"https:\/\/vieassociative.be\/actualites\/marcel-bauer-recoit-le-prix-de-la-litterature-de-la-dg\/#breadcrumb","itemListElement":[{"@type":"ListItem","position":1,"name":"Accueil","item":"https:\/\/vieassociative.be\/actualites\/"},{"@type":"ListItem","position":2,"name":"Marcel Bauer re\u00e7oit le prix de la litt\u00e9rature de la DG"}]},{"@type":"WebSite","@id":"https:\/\/vieassociative.be\/actualites\/#website","url":"https:\/\/vieassociative.be\/actualites\/","name":"Vie Associative","description":"","publisher":{"@id":"https:\/\/vieassociative.be\/actualites\/#organization"},"potentialAction":[{"@type":"SearchAction","target":{"@type":"EntryPoint","urlTemplate":"https:\/\/vieassociative.be\/actualites\/?s={search_term_string}"},"query-input":{"@type":"PropertyValueSpecification","valueRequired":true,"valueName":"search_term_string"}}],"inLanguage":"fr-BE"},{"@type":"Organization","@id":"https:\/\/vieassociative.be\/actualites\/#organization","name":"Vie Associative","url":"https:\/\/vieassociative.be\/actualites\/","logo":{"@type":"ImageObject","inLanguage":"fr-BE","@id":"https:\/\/vieassociative.be\/actualites\/#\/schema\/logo\/image\/","url":"https:\/\/vieassociative.be\/actualites\/wp-content\/uploads\/2024\/09\/cropped-vieassociative_favicon.ico.png","contentUrl":"https:\/\/vieassociative.be\/actualites\/wp-content\/uploads\/2024\/09\/cropped-vieassociative_favicon.ico.png","width":512,"height":512,"caption":"Vie Associative"},"image":{"@id":"https:\/\/vieassociative.be\/actualites\/#\/schema\/logo\/image\/"}},{"@type":"Person","@id":"https:\/\/vieassociative.be\/actualites\/#\/schema\/person\/b87ac4f82f9d4e7b7cec7395b679edc4","name":"Julien","image":{"@type":"ImageObject","inLanguage":"fr-BE","@id":"https:\/\/vieassociative.be\/actualites\/#\/schema\/person\/image\/","url":"https:\/\/vieassociative.be\/actualites\/wp-content\/uploads\/2024\/09\/vie-associative-1-150x150.jpg","contentUrl":"https:\/\/vieassociative.be\/actualites\/wp-content\/uploads\/2024\/09\/vie-associative-1-150x150.jpg","caption":"Julien"},"description":"Je suis Julien, r\u00e9dacteur pour Vie Associative. Passionn\u00e9 par le monde associatif depuis plus de 10 ans, j'ai \u00e0 c\u0153ur de partager des histoires inspirantes et de mettre en lumi\u00e8re les initiatives locales. Mon objectif est de sensibiliser et d'encourager l'engagement communautaire \u00e0 travers mes articles.","sameAs":["https:\/\/vieassociative.be\/"]}]}},"_links":{"self":[{"href":"https:\/\/vieassociative.be\/actualites\/wp-json\/wp\/v2\/posts\/6139"}],"collection":[{"href":"https:\/\/vieassociative.be\/actualites\/wp-json\/wp\/v2\/posts"}],"about":[{"href":"https:\/\/vieassociative.be\/actualites\/wp-json\/wp\/v2\/types\/post"}],"author":[{"embeddable":true,"href":"https:\/\/vieassociative.be\/actualites\/wp-json\/wp\/v2\/users\/1"}],"replies":[{"embeddable":true,"href":"https:\/\/vieassociative.be\/actualites\/wp-json\/wp\/v2\/comments?post=6139"}],"version-history":[{"count":0,"href":"https:\/\/vieassociative.be\/actualites\/wp-json\/wp\/v2\/posts\/6139\/revisions"}],"wp:featuredmedia":[{"embeddable":true,"href":"https:\/\/vieassociative.be\/actualites\/wp-json\/wp\/v2\/media\/6140"}],"wp:attachment":[{"href":"https:\/\/vieassociative.be\/actualites\/wp-json\/wp\/v2\/media?parent=6139"}],"wp:term":[{"taxonomy":"category","embeddable":true,"href":"https:\/\/vieassociative.be\/actualites\/wp-json\/wp\/v2\/categories?post=6139"},{"taxonomy":"post_tag","embeddable":true,"href":"https:\/\/vieassociative.be\/actualites\/wp-json\/wp\/v2\/tags?post=6139"}],"curies":[{"name":"wp","href":"https:\/\/api.w.org\/{rel}","templated":true}]}}