{"id":6132,"date":"2025-03-25T03:17:20","date_gmt":"2025-03-25T02:17:20","guid":{"rendered":"https:\/\/vieassociative.be\/actualites\/memoire-des-germandes-secrase-il-y-a-dix-ans\/"},"modified":"2025-03-25T03:17:20","modified_gmt":"2025-03-25T02:17:20","slug":"memoire-des-germandes-secrase-il-y-a-dix-ans","status":"publish","type":"post","link":"https:\/\/vieassociative.be\/actualites\/memoire-des-germandes-secrase-il-y-a-dix-ans\/","title":{"rendered":"M\u00e9moire des germandes s&rsquo;\u00e9crase il y a dix ans"},"content":{"rendered":"<p><strong>Il y a dix ans, une merde Airbus sur le chemin de D\u00fcsseldorf dans les Alpes. C&rsquo;est un anniversaire \u00e9motionnel &#8211; en particulier dans la ville particuli\u00e8rement touch\u00e9e de Haltern Am See.<\/strong><\/p>\n<p><span id=\"more-411860\"><\/span>Roses de couleur cr\u00e8me, sonnerie des cloches et des pri\u00e8res: dix ans apr\u00e8s l&rsquo;accident d&rsquo;une machine \u00e0 germanes sur le chemin de Barcelone \u00e0 D\u00fcsseldorf, les nombreux d\u00e9c\u00e8s ont \u00e9t\u00e9 rappel\u00e9s lors des c\u00e9l\u00e9brations comm\u00e9moratives.<\/p>\n<p>\u00c0 Haltern Am, voir \u00e0 l&rsquo;extr\u00e9mit\u00e9 nord de la r\u00e9gion de Ruhr, plusieurs centaines de personnes se sont r\u00e9unies dans la cour d&rsquo;\u00e9cole du Joseph K\u00f6nig-gymnasium. 16 jeunes et deux enseignants de l&rsquo;\u00e9cole \u00e9taient sur le chemin du retour d&rsquo;un \u00e9change d&rsquo;Espagne \u00e0 bord de la machine \u00e0 accident.<\/p>\n<p>Au total, 150 personnes sont d\u00e9c\u00e9d\u00e9es le 24 mars 2015 dans l&rsquo;accident des Alpes fran\u00e7aises. Selon les enqu\u00eateurs, le Capilot malade mental a d\u00e9lib\u00e9r\u00e9ment conduit l&rsquo;accident \u00e0 prendre vie.<\/p>\n<div id=\"attachment_411864\" class=\"wp-caption alignleft\" style=\"max-width: 300px\"><img fetchpriority=\"high\" decoding=\"async\" class=\"wp-image-411864 size-medium\" src=\"https:\/\/vieassociative.be\/actualites\/wp-content\/uploads\/2025\/03\/Memoire-des-germandes-secrase-il-y-a-dix-ans.jpg\" alt=\"\" width=\"300\" height=\"200\"><\/p>\n<p class=\"wp-caption-text\">24.03.2025, France, Le Vernet: Les membres des victimes de l&rsquo;accident d&rsquo;avion Germanwings se rassemblent dix ans apr\u00e8s l&rsquo;accident le 24 mars 2025 dans les Alpes fran\u00e7aises, pr\u00e8s de Le Vernet, au sud de la France. Une boule de soleil dor\u00e9e \u00e0 cinq m\u00e8tres (en arri\u00e8re-plan) rappelle les victimes. Photo: Laurent Cipriani \/ AP \/ DPA<\/p>\n<\/div>\n<p><strong>-Les roses rappellent le groupe espagnol:<\/strong> \u00c0 l&rsquo;occasion du dixi\u00e8me anniversaire du dixi\u00e8me anniversaire de Cremefin Roses dans la cour de l&rsquo;\u00e9cole du lyc\u00e9e. Une station comm\u00e9morative rappelle les victimes de l&rsquo;accident de la communaut\u00e9 scolaire, qui se retournaient d&rsquo;un \u00e9change avec l&rsquo;\u00e9cole partenaire espagnole. 18 cerises ornementales japonaises ont \u00e9t\u00e9 plant\u00e9es pour eux dans la cour d&rsquo;\u00e9cole &#8211; bient\u00f4t ils fleuriront \u00e0 nouveau.<\/p>\n<p>\u00c0 10 h 41, il est devenu tr\u00e8s calme dans la cour de l&rsquo;\u00e9cole et dans toute la ville. C&rsquo;est le moment o\u00f9 il y a dix ans, la machine Germanwings a bris\u00e9 dans les Alpes fran\u00e7aises.<\/p>\n<p>Les camarades de classe de l&rsquo;\u00e9poque ont quitt\u00e9 le lyc\u00e9e pendant longtemps, les \u00e9l\u00e8ves d&rsquo;aujourd&rsquo;hui n&rsquo;ont m\u00eame pas remarqu\u00e9 le chagrin \u00e0 l&rsquo;\u00e9cole il y a dix ans. N\u00e9anmoins, la m\u00e9moire du lyc\u00e9e reste importante, a d\u00e9clar\u00e9 le directeur Christian Krahl. \u00ab\u00a0Nous voulons \u00eatre proches de ceux qui sont encore infiniment tristes.\u00a0\u00bb<\/p>\n<p>Le fait que les jeunes et leurs professeurs aient \u00e9t\u00e9 d\u00e9chir\u00e9s il y a si soudainement dix ans avaient \u00e9galement un message aux \u00e9tudiants aujourd&rsquo;hui, a d\u00e9clar\u00e9 l&rsquo;officier pastoral Stephanie R\u00fcsweg. \u00ab\u00a0Le temps qui vous est donn\u00e9 est un cadeau\u00a0\u00bb, a-t-elle soulign\u00e9. \u00ab\u00a0Dites \u00e0 vos proches aujourd&rsquo;hui que vous les aimez. Prenez votre temps pour vos amis, pr\u00e9cis\u00e9ment parce que notre temps est si pic et limit\u00e9\u00a0\u00bb, a-t-elle d\u00e9clar\u00e9 aux \u00e9tudiants. \u00ab\u00a0C&rsquo;est ainsi que la vie de mort gagne. Donc, l&rsquo;amour pour la mort gagne.\u00a0\u00bb<\/p>\n<div id=\"attachment_411865\" class=\"wp-caption alignleft\" style=\"max-width: 300px\"><img decoding=\"async\" class=\"wp-image-411865 size-medium\" src=\"https:\/\/vieassociative.be\/actualites\/wp-content\/uploads\/2025\/03\/1742869040_42_Memoire-des-germandes-secrase-il-y-a-dix-ans.jpg\" alt=\"\" width=\"300\" height=\"200\"><\/p>\n<p class=\"wp-caption-text\">24.03.2025, Rhin-Westphalie du Nord, Haltern Am Voir: Les repr\u00e9sentants de la classe avec Christian Krahl, directeur, ont d\u00e9missionn\u00e9 lors d&rsquo;une comm\u00e9moration pour les victimes de la machine Germanwings il y a dix ans dans la cour de l&rsquo;\u00e9cole du Joseph K\u00f6nig-Gymnasium Rosen. Photo: Rolf Vennenbernd \/ DPA<\/p>\n<\/div>\n<p><strong>&#8211; \u00ab\u00a0Nous ne t&rsquo;oublions pas\u00a0\u00bb: <\/strong> Dans le cimeti\u00e8re urbain de Haltern, o\u00f9 une classe symbolique rappelle le groupe et certains des jeunes sont enterr\u00e9s, des couronnes ont \u00e9t\u00e9 d\u00e9pos\u00e9es \u00e0 l&rsquo;anniversaire. \u00ab\u00a0Nous ne vous oublions pas\u00a0\u00bb, a d\u00e9clar\u00e9 le maire de Haltern, Andreas Stegemann. L&rsquo;accident de Germanwings fait d\u00e9finitivement partie de l&rsquo;histoire de la ville. Le soir, un service comm\u00e9moratif est pr\u00e9vu dans l&rsquo;\u00e9glise Saint-Sixtus.<\/p>\n<p>De nombreux membres de la famille des victimes de l&rsquo;accident se sont rendus ensemble \u00e0 Le Vernet pr\u00e8s de l&#8217;emplacement du crash dans les Alpes fran\u00e7aises pour l&rsquo;anniversaire. Pour beaucoup, c&rsquo;est toujours l&rsquo;endroit o\u00f9 ils se sentent le plus proche du d\u00e9funt.<\/p>\n<p>Lors d&rsquo;une comm\u00e9moration pour les parents les plus proches, plus de 300 personnes se sont r\u00e9unies. Le suralien a con\u00e7u les fun\u00e9railles, rappel\u00e9 le d\u00e9funt avec des mots personnels et des contributions musicales d\u00e9di\u00e9es \u00e0 eux. Ce fut un moment tr\u00e8s \u00e9mouvant, a d\u00e9clar\u00e9 un participant.<\/p>\n<p>Par la suite, de nombreux deuill\u00e9s se sont dirig\u00e9s vers le site de crash \u00e9loign\u00e9. L\u00e0, une boule de soleil de cinq m\u00e8tres rappelle les victimes. Il se compose de 149 \u00e9l\u00e9ments plaqu\u00e9s en or &#8211; le copilote n&rsquo;\u00e9tait d\u00e9lib\u00e9r\u00e9ment pas pris en compte. (DPA)<\/p>\n<p><strong><em>Sur le sujet, voir \u00e9galement l&rsquo;article suivant sur OD:<\/em><\/strong><\/p>\n<div class=\"responsive-embed widescreen\">\n<blockquote class=\"wp-embedded-content\" data-secret=\"cJ5ygfvCTL\">\n<p>TV Tip &#8211; La compr\u00e9hension incroyable: le crash de la machine Germanwings dans les Alpes marque la 10e fois<\/p>\n<\/blockquote>\n<p><iframe loading=\"lazy\" class=\"wp-embedded-content\" sandbox=\"allow-scripts\" security=\"restricted\" style=\"position: absolute; visibility: hidden;\" title=\"\u201eTV-TIPP \u2013 Das Unfassbare begreifen: Der Absturz der Germanwings-Maschine in den Alpen j\u00e4hrt sich zum 10. Mal\u201c \u2014 Ostbelgien Direkt\" src=\"https:\/\/ostbelgiendirekt.be\/about:blank\" data-secret=\"cJ5ygfvCTL\" width=\"500\" height=\"282\" frameborder=\"0\" marginwidth=\"0\" marginheight=\"0\" scrolling=\"no\" data-rocket-lazyload=\"fitvidscompatible\" data-lazy-src=\"https:\/\/ostbelgiendirekt.be\/tv-tipp-das-unfassbare-410942\/embed#?secret=OM2QsOyEAM#?secret=cJ5ygfvCTL\"><\/iframe><noscript><iframe class=\"wp-embedded-content\" sandbox=\"allow-scripts\" security=\"restricted\" style=\"position: absolute; visibility: hidden;\" title=\"\u201eTV-TIPP \u2013 Das Unfassbare begreifen: Der Absturz der Germanwings-Maschine in den Alpen j\u00e4hrt sich zum 10. Mal\u201c \u2014 Ostbelgien Direkt\" src=\"https:\/\/ostbelgiendirekt.be\/tv-tipp-das-unfassbare-410942\/embed#?secret=OM2QsOyEAM#?secret=cJ5ygfvCTL\" data-secret=\"cJ5ygfvCTL\" width=\"500\" height=\"282\" frameborder=\"0\" marginwidth=\"0\" marginheight=\"0\" scrolling=\"no\"><\/iframe><\/noscript><\/p>\n<\/div>\n","protected":false},"excerpt":{"rendered":"<p>Il y a dix ans, une merde Airbus sur le chemin de D\u00fcsseldorf dans les Alpes. C&rsquo;est un anniversaire \u00e9motionnel &#8211; en particulier dans la<\/p>\n","protected":false},"author":1,"featured_media":6133,"comment_status":"","ping_status":"","sticky":false,"template":"","format":"standard","meta":{"footnotes":""},"categories":[298],"tags":[584,29,117,6012,2419,6013],"class_list":["post-6132","post","type-post","status-publish","format-standard","has-post-thumbnail","hentry","category-belgique","tag-ans","tag-des","tag-dix","tag-germandes","tag-memoire","tag-secrase","generate-columns","tablet-grid-50","mobile-grid-100","grid-parent","grid-33"],"yoast_head":"<!-- This site is optimized with the Yoast SEO plugin v24.0 - https:\/\/yoast.com\/wordpress\/plugins\/seo\/ -->\n<title>M\u00e9moire des germandes s&#039;\u00e9crase il y a dix ans | Vie Associative<\/title>\n<meta name=\"robots\" content=\"index, follow, max-snippet:-1, max-image-preview:large, max-video-preview:-1\" \/>\n<link rel=\"canonical\" href=\"https:\/\/vieassociative.be\/actualites\/memoire-des-germandes-secrase-il-y-a-dix-ans\/\" \/>\n<meta property=\"og:locale\" content=\"fr_FR\" \/>\n<meta property=\"og:type\" content=\"article\" \/>\n<meta property=\"og:title\" content=\"M\u00e9moire des germandes s&#039;\u00e9crase il y a dix ans | Vie Associative\" \/>\n<meta property=\"og:description\" content=\"Il y a dix ans, une merde Airbus sur le chemin de D\u00fcsseldorf dans les Alpes. C&rsquo;est un anniversaire \u00e9motionnel &#8211; en particulier dans la\" \/>\n<meta property=\"og:url\" content=\"https:\/\/vieassociative.be\/actualites\/memoire-des-germandes-secrase-il-y-a-dix-ans\/\" \/>\n<meta property=\"og:site_name\" content=\"Vie Associative\" \/>\n<meta property=\"article:published_time\" content=\"2025-03-25T02:17:20+00:00\" \/>\n<meta property=\"og:image\" content=\"https:\/\/vieassociative.be\/actualites\/wp-content\/uploads\/2024\/09\/header_backgroundk-01-e1726694325946.png\" \/>\n\t<meta property=\"og:image:width\" content=\"279\" \/>\n\t<meta property=\"og:image:height\" content=\"92\" \/>\n\t<meta property=\"og:image:type\" content=\"image\/png\" \/>\n<meta name=\"author\" content=\"Julien\" \/>\n<meta name=\"twitter:card\" content=\"summary_large_image\" \/>\n<meta name=\"twitter:label1\" content=\"\u00c9crit par\" \/>\n\t<meta name=\"twitter:data1\" content=\"Julien\" \/>\n\t<meta name=\"twitter:label2\" content=\"Dur\u00e9e de lecture est.\" \/>\n\t<meta name=\"twitter:data2\" content=\"4 minutes\" \/>\n<script type=\"application\/ld+json\" class=\"yoast-schema-graph\">{\"@context\":\"https:\/\/schema.org\",\"@graph\":[{\"@type\":\"Article\",\"@id\":\"https:\/\/vieassociative.be\/actualites\/memoire-des-germandes-secrase-il-y-a-dix-ans\/#article\",\"isPartOf\":{\"@id\":\"https:\/\/vieassociative.be\/actualites\/memoire-des-germandes-secrase-il-y-a-dix-ans\/\"},\"author\":{\"name\":\"Julien\",\"@id\":\"https:\/\/vieassociative.be\/actualites\/#\/schema\/person\/b87ac4f82f9d4e7b7cec7395b679edc4\"},\"headline\":\"M\u00e9moire des germandes s&rsquo;\u00e9crase il y a dix ans\",\"datePublished\":\"2025-03-25T02:17:20+00:00\",\"dateModified\":\"2025-03-25T02:17:20+00:00\",\"mainEntityOfPage\":{\"@id\":\"https:\/\/vieassociative.be\/actualites\/memoire-des-germandes-secrase-il-y-a-dix-ans\/\"},\"wordCount\":822,\"publisher\":{\"@id\":\"https:\/\/vieassociative.be\/actualites\/#organization\"},\"image\":{\"@id\":\"https:\/\/vieassociative.be\/actualites\/memoire-des-germandes-secrase-il-y-a-dix-ans\/#primaryimage\"},\"thumbnailUrl\":\"https:\/\/vieassociative.be\/actualites\/wp-content\/uploads\/2025\/03\/1742869040_Memoire-des-germandes-secrase-il-y-a-dix-ans.jpg\",\"keywords\":[\"ans\",\"Des\",\"Dix\",\"germandes\",\"m\u00e9moire\",\"s\u00e9crase\"],\"articleSection\":[\"Belgique\"],\"inLanguage\":\"fr-BE\"},{\"@type\":\"WebPage\",\"@id\":\"https:\/\/vieassociative.be\/actualites\/memoire-des-germandes-secrase-il-y-a-dix-ans\/\",\"url\":\"https:\/\/vieassociative.be\/actualites\/memoire-des-germandes-secrase-il-y-a-dix-ans\/\",\"name\":\"M\u00e9moire des germandes s'\u00e9crase il y a dix ans | Vie Associative\",\"isPartOf\":{\"@id\":\"https:\/\/vieassociative.be\/actualites\/#website\"},\"primaryImageOfPage\":{\"@id\":\"https:\/\/vieassociative.be\/actualites\/memoire-des-germandes-secrase-il-y-a-dix-ans\/#primaryimage\"},\"image\":{\"@id\":\"https:\/\/vieassociative.be\/actualites\/memoire-des-germandes-secrase-il-y-a-dix-ans\/#primaryimage\"},\"thumbnailUrl\":\"https:\/\/vieassociative.be\/actualites\/wp-content\/uploads\/2025\/03\/1742869040_Memoire-des-germandes-secrase-il-y-a-dix-ans.jpg\",\"datePublished\":\"2025-03-25T02:17:20+00:00\",\"dateModified\":\"2025-03-25T02:17:20+00:00\",\"breadcrumb\":{\"@id\":\"https:\/\/vieassociative.be\/actualites\/memoire-des-germandes-secrase-il-y-a-dix-ans\/#breadcrumb\"},\"inLanguage\":\"fr-BE\",\"potentialAction\":[{\"@type\":\"ReadAction\",\"target\":[\"https:\/\/vieassociative.be\/actualites\/memoire-des-germandes-secrase-il-y-a-dix-ans\/\"]}]},{\"@type\":\"ImageObject\",\"inLanguage\":\"fr-BE\",\"@id\":\"https:\/\/vieassociative.be\/actualites\/memoire-des-germandes-secrase-il-y-a-dix-ans\/#primaryimage\",\"url\":\"https:\/\/vieassociative.be\/actualites\/wp-content\/uploads\/2025\/03\/1742869040_Memoire-des-germandes-secrase-il-y-a-dix-ans.jpg\",\"contentUrl\":\"https:\/\/vieassociative.be\/actualites\/wp-content\/uploads\/2025\/03\/1742869040_Memoire-des-germandes-secrase-il-y-a-dix-ans.jpg\",\"width\":1200,\"height\":745,\"caption\":\"M\u00e9moire des germandes s'\u00e9crase il y a dix ans\"},{\"@type\":\"BreadcrumbList\",\"@id\":\"https:\/\/vieassociative.be\/actualites\/memoire-des-germandes-secrase-il-y-a-dix-ans\/#breadcrumb\",\"itemListElement\":[{\"@type\":\"ListItem\",\"position\":1,\"name\":\"Accueil\",\"item\":\"https:\/\/vieassociative.be\/actualites\/\"},{\"@type\":\"ListItem\",\"position\":2,\"name\":\"M\u00e9moire des germandes s&rsquo;\u00e9crase il y a dix ans\"}]},{\"@type\":\"WebSite\",\"@id\":\"https:\/\/vieassociative.be\/actualites\/#website\",\"url\":\"https:\/\/vieassociative.be\/actualites\/\",\"name\":\"Vie Associative\",\"description\":\"\",\"publisher\":{\"@id\":\"https:\/\/vieassociative.be\/actualites\/#organization\"},\"potentialAction\":[{\"@type\":\"SearchAction\",\"target\":{\"@type\":\"EntryPoint\",\"urlTemplate\":\"https:\/\/vieassociative.be\/actualites\/?s={search_term_string}\"},\"query-input\":{\"@type\":\"PropertyValueSpecification\",\"valueRequired\":true,\"valueName\":\"search_term_string\"}}],\"inLanguage\":\"fr-BE\"},{\"@type\":\"Organization\",\"@id\":\"https:\/\/vieassociative.be\/actualites\/#organization\",\"name\":\"Vie Associative\",\"url\":\"https:\/\/vieassociative.be\/actualites\/\",\"logo\":{\"@type\":\"ImageObject\",\"inLanguage\":\"fr-BE\",\"@id\":\"https:\/\/vieassociative.be\/actualites\/#\/schema\/logo\/image\/\",\"url\":\"https:\/\/vieassociative.be\/actualites\/wp-content\/uploads\/2024\/09\/cropped-vieassociative_favicon.ico.png\",\"contentUrl\":\"https:\/\/vieassociative.be\/actualites\/wp-content\/uploads\/2024\/09\/cropped-vieassociative_favicon.ico.png\",\"width\":512,\"height\":512,\"caption\":\"Vie Associative\"},\"image\":{\"@id\":\"https:\/\/vieassociative.be\/actualites\/#\/schema\/logo\/image\/\"}},{\"@type\":\"Person\",\"@id\":\"https:\/\/vieassociative.be\/actualites\/#\/schema\/person\/b87ac4f82f9d4e7b7cec7395b679edc4\",\"name\":\"Julien\",\"image\":{\"@type\":\"ImageObject\",\"inLanguage\":\"fr-BE\",\"@id\":\"https:\/\/vieassociative.be\/actualites\/#\/schema\/person\/image\/\",\"url\":\"https:\/\/vieassociative.be\/actualites\/wp-content\/uploads\/2024\/09\/vie-associative-1-150x150.jpg\",\"contentUrl\":\"https:\/\/vieassociative.be\/actualites\/wp-content\/uploads\/2024\/09\/vie-associative-1-150x150.jpg\",\"caption\":\"Julien\"},\"description\":\"Je suis Julien, r\u00e9dacteur pour Vie Associative. Passionn\u00e9 par le monde associatif depuis plus de 10 ans, j'ai \u00e0 c\u0153ur de partager des histoires inspirantes et de mettre en lumi\u00e8re les initiatives locales. Mon objectif est de sensibiliser et d'encourager l'engagement communautaire \u00e0 travers mes articles.\",\"sameAs\":[\"https:\/\/vieassociative.be\/\"]}]}<\/script>\n<!-- \/ Yoast SEO plugin. -->","yoast_head_json":{"title":"M\u00e9moire des germandes s'\u00e9crase il y a dix ans | Vie Associative","robots":{"index":"index","follow":"follow","max-snippet":"max-snippet:-1","max-image-preview":"max-image-preview:large","max-video-preview":"max-video-preview:-1"},"canonical":"https:\/\/vieassociative.be\/actualites\/memoire-des-germandes-secrase-il-y-a-dix-ans\/","og_locale":"fr_FR","og_type":"article","og_title":"M\u00e9moire des germandes s'\u00e9crase il y a dix ans | Vie Associative","og_description":"Il y a dix ans, une merde Airbus sur le chemin de D\u00fcsseldorf dans les Alpes. C&rsquo;est un anniversaire \u00e9motionnel &#8211; en particulier dans la","og_url":"https:\/\/vieassociative.be\/actualites\/memoire-des-germandes-secrase-il-y-a-dix-ans\/","og_site_name":"Vie Associative","article_published_time":"2025-03-25T02:17:20+00:00","og_image":[{"width":279,"height":92,"url":"https:\/\/vieassociative.be\/actualites\/wp-content\/uploads\/2024\/09\/header_backgroundk-01-e1726694325946.png","type":"image\/png"}],"author":"Julien","twitter_card":"summary_large_image","twitter_misc":{"\u00c9crit par":"Julien","Dur\u00e9e de lecture est.":"4 minutes"},"schema":{"@context":"https:\/\/schema.org","@graph":[{"@type":"Article","@id":"https:\/\/vieassociative.be\/actualites\/memoire-des-germandes-secrase-il-y-a-dix-ans\/#article","isPartOf":{"@id":"https:\/\/vieassociative.be\/actualites\/memoire-des-germandes-secrase-il-y-a-dix-ans\/"},"author":{"name":"Julien","@id":"https:\/\/vieassociative.be\/actualites\/#\/schema\/person\/b87ac4f82f9d4e7b7cec7395b679edc4"},"headline":"M\u00e9moire des germandes s&rsquo;\u00e9crase il y a dix ans","datePublished":"2025-03-25T02:17:20+00:00","dateModified":"2025-03-25T02:17:20+00:00","mainEntityOfPage":{"@id":"https:\/\/vieassociative.be\/actualites\/memoire-des-germandes-secrase-il-y-a-dix-ans\/"},"wordCount":822,"publisher":{"@id":"https:\/\/vieassociative.be\/actualites\/#organization"},"image":{"@id":"https:\/\/vieassociative.be\/actualites\/memoire-des-germandes-secrase-il-y-a-dix-ans\/#primaryimage"},"thumbnailUrl":"https:\/\/vieassociative.be\/actualites\/wp-content\/uploads\/2025\/03\/1742869040_Memoire-des-germandes-secrase-il-y-a-dix-ans.jpg","keywords":["ans","Des","Dix","germandes","m\u00e9moire","s\u00e9crase"],"articleSection":["Belgique"],"inLanguage":"fr-BE"},{"@type":"WebPage","@id":"https:\/\/vieassociative.be\/actualites\/memoire-des-germandes-secrase-il-y-a-dix-ans\/","url":"https:\/\/vieassociative.be\/actualites\/memoire-des-germandes-secrase-il-y-a-dix-ans\/","name":"M\u00e9moire des germandes s'\u00e9crase il y a dix ans | Vie Associative","isPartOf":{"@id":"https:\/\/vieassociative.be\/actualites\/#website"},"primaryImageOfPage":{"@id":"https:\/\/vieassociative.be\/actualites\/memoire-des-germandes-secrase-il-y-a-dix-ans\/#primaryimage"},"image":{"@id":"https:\/\/vieassociative.be\/actualites\/memoire-des-germandes-secrase-il-y-a-dix-ans\/#primaryimage"},"thumbnailUrl":"https:\/\/vieassociative.be\/actualites\/wp-content\/uploads\/2025\/03\/1742869040_Memoire-des-germandes-secrase-il-y-a-dix-ans.jpg","datePublished":"2025-03-25T02:17:20+00:00","dateModified":"2025-03-25T02:17:20+00:00","breadcrumb":{"@id":"https:\/\/vieassociative.be\/actualites\/memoire-des-germandes-secrase-il-y-a-dix-ans\/#breadcrumb"},"inLanguage":"fr-BE","potentialAction":[{"@type":"ReadAction","target":["https:\/\/vieassociative.be\/actualites\/memoire-des-germandes-secrase-il-y-a-dix-ans\/"]}]},{"@type":"ImageObject","inLanguage":"fr-BE","@id":"https:\/\/vieassociative.be\/actualites\/memoire-des-germandes-secrase-il-y-a-dix-ans\/#primaryimage","url":"https:\/\/vieassociative.be\/actualites\/wp-content\/uploads\/2025\/03\/1742869040_Memoire-des-germandes-secrase-il-y-a-dix-ans.jpg","contentUrl":"https:\/\/vieassociative.be\/actualites\/wp-content\/uploads\/2025\/03\/1742869040_Memoire-des-germandes-secrase-il-y-a-dix-ans.jpg","width":1200,"height":745,"caption":"M\u00e9moire des germandes s'\u00e9crase il y a dix ans"},{"@type":"BreadcrumbList","@id":"https:\/\/vieassociative.be\/actualites\/memoire-des-germandes-secrase-il-y-a-dix-ans\/#breadcrumb","itemListElement":[{"@type":"ListItem","position":1,"name":"Accueil","item":"https:\/\/vieassociative.be\/actualites\/"},{"@type":"ListItem","position":2,"name":"M\u00e9moire des germandes s&rsquo;\u00e9crase il y a dix ans"}]},{"@type":"WebSite","@id":"https:\/\/vieassociative.be\/actualites\/#website","url":"https:\/\/vieassociative.be\/actualites\/","name":"Vie Associative","description":"","publisher":{"@id":"https:\/\/vieassociative.be\/actualites\/#organization"},"potentialAction":[{"@type":"SearchAction","target":{"@type":"EntryPoint","urlTemplate":"https:\/\/vieassociative.be\/actualites\/?s={search_term_string}"},"query-input":{"@type":"PropertyValueSpecification","valueRequired":true,"valueName":"search_term_string"}}],"inLanguage":"fr-BE"},{"@type":"Organization","@id":"https:\/\/vieassociative.be\/actualites\/#organization","name":"Vie Associative","url":"https:\/\/vieassociative.be\/actualites\/","logo":{"@type":"ImageObject","inLanguage":"fr-BE","@id":"https:\/\/vieassociative.be\/actualites\/#\/schema\/logo\/image\/","url":"https:\/\/vieassociative.be\/actualites\/wp-content\/uploads\/2024\/09\/cropped-vieassociative_favicon.ico.png","contentUrl":"https:\/\/vieassociative.be\/actualites\/wp-content\/uploads\/2024\/09\/cropped-vieassociative_favicon.ico.png","width":512,"height":512,"caption":"Vie Associative"},"image":{"@id":"https:\/\/vieassociative.be\/actualites\/#\/schema\/logo\/image\/"}},{"@type":"Person","@id":"https:\/\/vieassociative.be\/actualites\/#\/schema\/person\/b87ac4f82f9d4e7b7cec7395b679edc4","name":"Julien","image":{"@type":"ImageObject","inLanguage":"fr-BE","@id":"https:\/\/vieassociative.be\/actualites\/#\/schema\/person\/image\/","url":"https:\/\/vieassociative.be\/actualites\/wp-content\/uploads\/2024\/09\/vie-associative-1-150x150.jpg","contentUrl":"https:\/\/vieassociative.be\/actualites\/wp-content\/uploads\/2024\/09\/vie-associative-1-150x150.jpg","caption":"Julien"},"description":"Je suis Julien, r\u00e9dacteur pour Vie Associative. Passionn\u00e9 par le monde associatif depuis plus de 10 ans, j'ai \u00e0 c\u0153ur de partager des histoires inspirantes et de mettre en lumi\u00e8re les initiatives locales. Mon objectif est de sensibiliser et d'encourager l'engagement communautaire \u00e0 travers mes articles.","sameAs":["https:\/\/vieassociative.be\/"]}]}},"_links":{"self":[{"href":"https:\/\/vieassociative.be\/actualites\/wp-json\/wp\/v2\/posts\/6132"}],"collection":[{"href":"https:\/\/vieassociative.be\/actualites\/wp-json\/wp\/v2\/posts"}],"about":[{"href":"https:\/\/vieassociative.be\/actualites\/wp-json\/wp\/v2\/types\/post"}],"author":[{"embeddable":true,"href":"https:\/\/vieassociative.be\/actualites\/wp-json\/wp\/v2\/users\/1"}],"replies":[{"embeddable":true,"href":"https:\/\/vieassociative.be\/actualites\/wp-json\/wp\/v2\/comments?post=6132"}],"version-history":[{"count":0,"href":"https:\/\/vieassociative.be\/actualites\/wp-json\/wp\/v2\/posts\/6132\/revisions"}],"wp:featuredmedia":[{"embeddable":true,"href":"https:\/\/vieassociative.be\/actualites\/wp-json\/wp\/v2\/media\/6133"}],"wp:attachment":[{"href":"https:\/\/vieassociative.be\/actualites\/wp-json\/wp\/v2\/media?parent=6132"}],"wp:term":[{"taxonomy":"category","embeddable":true,"href":"https:\/\/vieassociative.be\/actualites\/wp-json\/wp\/v2\/categories?post=6132"},{"taxonomy":"post_tag","embeddable":true,"href":"https:\/\/vieassociative.be\/actualites\/wp-json\/wp\/v2\/tags?post=6132"}],"curies":[{"name":"wp","href":"https:\/\/api.w.org\/{rel}","templated":true}]}}