{"id":6128,"date":"2025-03-25T01:20:31","date_gmt":"2025-03-25T00:20:31","guid":{"rendered":"https:\/\/vieassociative.be\/actualites\/apple-a-finalement-fait-que-les-nouveaux-airpods-dignent-dacheter\/"},"modified":"2025-03-25T01:20:31","modified_gmt":"2025-03-25T00:20:31","slug":"apple-a-finalement-fait-que-les-nouveaux-airpods-dignent-dacheter","status":"publish","type":"post","link":"https:\/\/vieassociative.be\/actualites\/apple-a-finalement-fait-que-les-nouveaux-airpods-dignent-dacheter\/","title":{"rendered":"Apple a finalement fait que les nouveaux AirPods dignent d&rsquo;acheter"},"content":{"rendered":"<div class=\"mt-4 leading-6 md:mb-8\">Une mise \u00e0 jour \u00e0 venir ajoutera deux excellentes fonctionnalit\u00e9s au nouveau AirPods Max.<\/div>\n<p><\/p>\n<p>L&rsquo;ann\u00e9e derni\u00e8re, j&rsquo;ai inform\u00e9 les lecteurs que les AirPods Max \u00ab\u00a0de deuxi\u00e8me g\u00e9n\u00e9ration\u00a0\u00bb \u00e9taient en fait une pire affaire que la paire d&rsquo;origine. Apple facturait 549 $ pour des \u00e9couteurs pratiquement identiques \u00e0 la paire lanc\u00e9e en 2020, uniquement avec USB-C au lieu de la foudre. De plus, Apple a pris <em>loin<\/em> Une fonctionnalit\u00e9 avec la paire USB-C: Contrairement au Lightning AirPods Max, le mod\u00e8le USB-C n&rsquo;\u00e9tait pas compatible avec l&rsquo;adaptateur 3,5 mm, ce qui signifie que vous ne pouviez pas les utiliser pour la lecture filaire. <\/p>\n<p>\u00c9tant donn\u00e9 que les Airpods Lightning Max sont fr\u00e9quemment en vente par environ 150 $, il semblait idiot de recommander les AirPods plus r\u00e9cents et plus chers max &#8211; \u00e0 moins que vous ne puissiez vraiment vivre sans USB-C. Autrement dit, jusqu&rsquo;\u00e0 aujourd&rsquo;hui, quand Apple a fait une excellente annonce AirPods Max. Lorsque Apple publie iOS 18.4 le mois prochain (ainsi que MacOS Sequoia 15.4), la soci\u00e9t\u00e9 \u00e9mettra une mise \u00e0 jour rare AirPods Max: ces \u00e9couteurs prendront en charge audio sans perte et audio de latence ultra-bas, car Apple autorisera d\u00e9sormais une connexion filaire sur USB-C. <\/p>\n<div class=\"pogoClear mb-12 mt-10 rounded-md border-2 border-gray-100 py-7 shadow-xl md:py-6\">\n<div class=\"flex flex-wrap justify-between px-7 text-black no-underline md:flex-nowrap md:px-8\">\n<div class=\"order-1 mx-auto flex flex-col justify-center md:order-2 md:ml-4 md:w-full md:grow\">\n<div class=\"block cursor-pointer text-center font-akshar text-2xl font-medium leading-7 text-brand-green duration-200 ease-in-out hover:text-brand-green-700 md:text-left md:text-xl md:leading-6\">AirPods Max (USB-C)\n                <\/div>\n<div class=\"mt-4 hidden md:flex md:justify-between\">\n<div class=\"self-end\">\n<div class=\"mb-0 h-11 md:flex md:flex-col md:justify-center\">\n<div class=\" font-sans leading-4 text-black\">\n<div class=\"flex flex-wrap items-center justify-center gap-x-1 md:justify-start\">\n        <span class=\"font-bold\"><\/p>\n<p>            479,99 $<br \/>\n                            <span class=\"font-medium\">\u00e0 Amazon<\/span><br \/>\n                    <\/span><br \/>\n                    <img decoding=\"async\" class=\"mt-0 h-(15px)\" src=\"https:\/\/vieassociative.be\/actualites\/wp-content\/uploads\/2025\/03\/Apple-a-finalement-fait-que-les-nouveaux-AirPods-dignent-dacheter.svg.svg+xml\" title=\"Amazon Prime\" alt=\"Amazon Prime\">\n            <\/div>\n<div class=\"flex items-center justify-center gap-x-1 font-bold md:justify-start\">\n            <span class=\"text-sm line-through\">549,00 $<\/span><br \/>\n            <span class=\"text-sm text-brand-green\">\u00c9conomisez 69,01 $<\/span>\n        <\/div>\n<\/p><\/div>\n<\/p><\/div>\n<\/p><\/div>\n<div class=\"w-44 self-end\">\n                            <button class=\"flex justify-center items-center w-full bg-brand-green text-white text-base font-sans font-medium rounded-md hover:bg-brand-green-700 hover:cursor-pointer md:text-sm h-11\"><\/p>\n<p>    Faire un magasin maintenant<br \/>\n<\/button>\n                        <\/div>\n<\/p><\/div>\n<\/p><\/div>\n<div class=\"order-2 mt-5 h-auto w-full md:order-1 md:mt-0 md:hidden\">\n<div class=\"flex aspect-video items-center justify-center\">\n                                            <img decoding=\"async\" class=\"m-0 max-h-full max-w-full rounded-md\" src=\"https:\/\/vieassociative.be\/actualites\/wp-content\/uploads\/2025\/03\/Apple-a-finalement-fait-que-les-nouveaux-AirPods-dignent-dacheter.jpg\" alt=\"Apple AirPods Max Wireless Over-Areau casque, annulation de bruit actif de niveau pro-niveau, mode transparence, audio spatial personnalis\u00e9, charge USB-C, \u00e9couteur Bluetooth pour iPhone - Midnight\" width=\"auto\" height=\"auto\" loading=\"lazy\">\n                                    <\/div>\n<\/p><\/div>\n<div class=\"order-2 ml-2 hidden w-32 shrink-0 items-center md:order-1 md:ml-0 md:flex\">\n<div class=\"flex aspect-video items-center justify-center\">\n                                            <img decoding=\"async\" class=\"m-0 max-h-full max-w-full rounded-md\" src=\"https:\/\/vieassociative.be\/actualites\/wp-content\/uploads\/2025\/03\/Apple-a-finalement-fait-que-les-nouveaux-AirPods-dignent-dacheter.jpg\" alt=\"Apple AirPods Max Wireless Over-Areau casque, annulation de bruit actif de niveau pro-niveau, mode transparence, audio spatial personnalis\u00e9, charge USB-C, \u00e9couteur Bluetooth pour iPhone - Midnight\" width=\"auto\" height=\"auto\" loading=\"lazy\">\n                                    <\/div>\n<\/p><\/div>\n<div class=\"order-3 flex grow flex-wrap md:hidden md:grow-0\">\n<div class=\"mt-4 w-full\">\n                        <button class=\"flex justify-center items-center w-full bg-brand-green text-white text-base font-sans font-medium rounded-md hover:bg-brand-green-700 hover:cursor-pointer md:text-sm h-11\"><\/p>\n<p>    Faire un magasin maintenant<br \/>\n<\/button>\n                    <\/div>\n<div class=\"mx-2 mt-4 w-full\">\n<div class=\" font-sans leading-4 text-black\">\n<div class=\"flex flex-wrap items-center justify-center gap-x-1 md:justify-start\">\n        <span class=\"font-bold\"><\/p>\n<p>            479,99 $<br \/>\n                            <span class=\"font-medium\">\u00e0 Amazon<\/span><br \/>\n                    <\/span><br \/>\n                    <img decoding=\"async\" class=\"mt-0 h-(15px)\" src=\"https:\/\/vieassociative.be\/actualites\/wp-content\/uploads\/2025\/03\/Apple-a-finalement-fait-que-les-nouveaux-AirPods-dignent-dacheter.svg.svg+xml\" title=\"Amazon Prime\" alt=\"Amazon Prime\">\n            <\/div>\n<div class=\"flex items-center justify-center gap-x-1 font-bold md:justify-start\">\n            <span class=\"text-sm line-through\">549,00 $<\/span><br \/>\n            <span class=\"text-sm text-brand-green\">\u00c9conomisez 69,01 $<\/span>\n        <\/div>\n<\/p><\/div>\n<\/p><\/div>\n<\/p><\/div>\n<\/p><\/div>\n<\/div>\n<h2 id=\"lossless-audio-vs-bluetooth\">Audio sans perte contre Bluetooth<\/h2>\n<p>Commen\u00e7ons par l&rsquo;audio sans perte. Bien que la qualit\u00e9 sans fil d&rsquo;AirPods soit excellente, elle n&rsquo;est pas parfaite. Afin de faire passer la musique \u00e0 partir d&rsquo;un appareil comme votre iPhone ou votre Mac \u00e0 vos AirPods sur Bluetooth, ces fichiers doivent \u00eatre compress\u00e9s. Alors que la compression est venue un <em>long<\/em> Depuis l&rsquo;\u00e9poque des fichiers MP3, vous perdez des informations dans le processus. Vous ne le remarquerez peut-\u00eatre pas, surtout avec une bonne paire d&rsquo;\u00e9couteurs sans fil, mais si vous comparez directement un codec perte comme AAC (ce qu&rsquo;Apple utilise pour le streaming Bluetooth) et ALAC (codec audio Apple Lossless) sur des \u00e9couteurs de haute qualit\u00e9, vous pouvez entendre une diff\u00e9rence.<\/p>\n<p>AirPods Max prendra en charge le streaming et les t\u00e9l\u00e9chargements ALAC via une connexion USB-C. Vous pouvez brancher vos AirPods sur votre Mac, iPhone ou iPad et \u00e9couter de la musique sans perte de donn\u00e9es. Cela dit, soyez averti: ces fichiers seront beaucoup plus grands que la musique compress\u00e9e \u00e0 laquelle vous pourriez \u00eatre habitu\u00e9, alors gardez cela \u00e0 l&rsquo;esprit avant de t\u00e9l\u00e9charger ou de diffuser de grandes quantit\u00e9s de musique sans perte. <\/p>\n<h2 id=\"apple-wants-professionals-making-music-with-airpods-max\">Apple veut que les professionnels fassent de la musique avec AirPods Max<\/h2>\n<p>L&rsquo;autre grande mise \u00e0 jour ici est l&rsquo;audio de latence ultra-low. Traditionnellement, les \u00e9couteurs sans fil ont \u00e9t\u00e9 impossibles \u00e0 utiliser pour tout ce qui n\u00e9cessite une r\u00e9troaction audio en temps r\u00e9el. En effet, Bluetooth Audio est livr\u00e9 avec \u00ab\u00a0latence\u00a0\u00bb ou un retard entre la source audio et la sortie cible. Ce n&rsquo;est pas un probl\u00e8me lors du streaming de la musique ou des livres audio, ou m\u00eame lorsque vous regardez des \u00e9missions et des films, car le retard est suffisamment minutieux pour \u00eatre sans cons\u00e9quence. <\/p>\n<p>Cependant, si vous \u00eates un musicien professionnel, ce retard est impraticable. Essayez d&rsquo;enregistrer une piste lorsque vous \u00e9coutez des commentaires en temps r\u00e9el sur une paire d&rsquo;\u00e9couteurs sans fil, et vous passerez un mauvais moment.  <\/p>\n<p>Maintenant qu&rsquo;AirPods Max avec USB-C peut \u00eatre utilis\u00e9 avec une connexion c\u00e2bl\u00e9e, cela change. Avec iOS 18.4, vous pouvez brancher vos AirPods Max directement dans une source, comme votre Mac, via USB-C, et profiter de l&rsquo;audio de latence ultra-bas. Apple dit m\u00eame que ce mod\u00e8le AirPods Max est le seul casque \u00e0 offrir aux musiciens la possibilit\u00e9 de cr\u00e9er et de m\u00e9langer de la musique avec un son spatial personnalis\u00e9 avec un suivi de la t\u00eate \u00e0 l&rsquo;esprit. Je n&rsquo;ai jamais \u00e9t\u00e9 un grand fan de cette fonctionnalit\u00e9, mais peut-\u00eatre qu&rsquo;une fois que les artistes peuvent concevoir des pistes avec le suivi de la t\u00eate tout en utilisant AirPods Max, cela peut s&rsquo;am\u00e9liorer. <\/p>\n<p>L&rsquo;entreprise vante \u00e9galement les avantages de cette latence r\u00e9duite pour les jeux et la diffusion en direct. Apple dit qu&rsquo;il n&rsquo;y a aucun retard de r\u00e9ponse ici, et l&rsquo;exp\u00e9rience est \u00ab\u00a0au pair\u00a0\u00bb avec les haut-parleurs int\u00e9gr\u00e9s de votre iPhone, iPad ou Mac.<\/p>\n<div class=\"pogoClear relative my-10 border-b-(1.5px) border-t-(1.5px) border-dashed border-black py-5 sm:my-14 sm:border-0 sm:py-0\" x-cloak x-data=\"{ commentsCount: null }\" x-init=\"commentsCount = await window.openweb.getMessagesCount(122375)\" x-show=\"commentsCount !== null &amp;&amp; commentsCount &gt; 0\">\n<div class=\"absolute top-1\/2 hidden w-full -translate-y-1\/2 border-t-(1.5px) border-dashed border-black sm:block\"><\/div>\n<div class=\"relative flex justify-center\">\n<div class=\"flex max-w-max items-center gap-x-3 bg-white px-5\">\n<div class=\"relative\">\n                <span class=\"absolute left-1\/2 top-1\/2 -translate-x-1\/2 -translate-y-1\/2 font-akshar text-sm font-medium text-black\" x-text=\"commentsCount\"><\/span><\/p>\n<p>                <svg class=\"h-8 w-8 text-black\">\n                    <use href=\"http:\/\/lifehacker.com\/images\/icons\/spritemap.svg#sprite-chat-bubble\"><\/use>\n                <\/svg>\n            <\/div>\n<p>            <span class=\"text-sm font-medium text-black\">Que pensez-vous jusqu&rsquo;\u00e0 pr\u00e9sent? <button class=\"font-semibold text-brand-green underline hover:text-brand-green-700\" onclick=\"window.openweb.scrollToComments(122375)\">Publier un commentaire.<\/button><\/span>\n        <\/div>\n<\/p><\/div>\n<\/div>\n<h2 id=\"og-airpods-max-are-left-behind\">OG AirPods Max est laiss\u00e9 pour compte<\/h2>\n<p>Si vous \u00eates un propri\u00e9taire d&rsquo;origine AirPods Max (comme moi), aucune de ces nouvelles ne s&rsquo;applique \u00e0 vous. Malheureusement, la lecture filaire sans perte et l&rsquo;audio de latence ultra-low sont exclusives aux AirPods USB-C Max &#8211; m\u00eame si les AirPods MAX d&rsquo;origine prennent en charge la lecture filaire sur un adaptateur de 3,5 mm \u00e0 Lightning.<\/p>\n<p>Apple n&rsquo;a pas pr\u00e9cis\u00e9 pourquoi c&rsquo;\u00e9tait le cas &#8211; il y a peut-\u00eatre une limitation technique entre Lightning et USB-C &#8211; mais j&rsquo;imagine qu&rsquo;il aide \u00e9galement que la soci\u00e9t\u00e9 ait maintenant deux nouveaux avantages \u00e0 mettre en \u00e9vidence avec son \u00ab\u00a0nouveau\u00a0\u00bb AirPods Max. N&rsquo;oubliez pas que ces \u00e9couteurs \u00e9taient fondamentalement les m\u00eames, moins le port et certaines nouvelles couleurs, donc maintenant Apple peut pointer vers ces fonctionnalit\u00e9s comme exclusivit\u00e9s, et des raisons d&rsquo;acheter les AirPods Max sur les AirPods plus \u00e2g\u00e9s plus anciens. <\/p>\n<p>Si vous \u00eates un audiophile ancr\u00e9 dans l&rsquo;\u00e9cosyst\u00e8me Apple, alors, oui: c&rsquo;est une raison d&rsquo;acheter le nouveau mod\u00e8le. Le support audio sans perte est g\u00e9nial, surtout si vous avez les fichiers audio sans perte \u00e0 lire. Et si vous avez un int\u00e9r\u00eat ou un besoin pour une paire d&rsquo;\u00e9couteurs pour la cr\u00e9ation de musique, tant mieux.<\/p>\n<p>Cependant, \u00e0 moins de ces besoins, je recommanderais toujours de comparer les prix entre les AirPods Lightning et USB-C Max. Les magasins r\u00e9duisent le prix du nouveau mod\u00e8le plus qu&rsquo;auparavant, mais si vous trouvez une bonne affaire sur les \u00e9couteurs Lightning, consid\u00e9rez-les. Si vous ne vous souciez pas de l&rsquo;USB-C, de l&rsquo;audio sans perte ou de la latence ultra-low, et que vous voulez juste une paire d&rsquo;\u00e9couteurs sans fil de haute qualit\u00e9 qui fonctionnent bien avec vos appareils Apple, vous serez bien servi par la paire d&rsquo;origine, surtout si vous pouvez d\u00e9chiqueter quelques chiffres sur l&rsquo;\u00e9tiquette de prix.<\/p>\n","protected":false},"excerpt":{"rendered":"<p>Une mise \u00e0 jour \u00e0 venir ajoutera deux excellentes fonctionnalit\u00e9s au nouveau AirPods Max. L&rsquo;ann\u00e9e derni\u00e8re, j&rsquo;ai inform\u00e9 les lecteurs que les AirPods Max \u00ab\u00a0de<\/p>\n","protected":false},"author":1,"featured_media":6129,"comment_status":"","ping_status":"","sticky":false,"template":"","format":"standard","meta":{"footnotes":""},"categories":[13],"tags":[15,54,4190,6011,635,3707,14,2052],"class_list":["post-6128","post","type-post","status-publish","format-standard","has-post-thumbnail","hentry","category-technologie","tag-airpods","tag-apple","tag-dacheter","tag-dignent","tag-fait","tag-finalement","tag-les","tag-nouveaux","generate-columns","tablet-grid-50","mobile-grid-100","grid-parent","grid-33"],"yoast_head":"<!-- This site is optimized with the Yoast SEO plugin v24.0 - https:\/\/yoast.com\/wordpress\/plugins\/seo\/ -->\n<title>Apple a finalement fait que les nouveaux AirPods dignent d&#039;acheter | Vie Associative<\/title>\n<meta name=\"robots\" content=\"index, follow, max-snippet:-1, max-image-preview:large, max-video-preview:-1\" \/>\n<link rel=\"canonical\" href=\"https:\/\/vieassociative.be\/actualites\/apple-a-finalement-fait-que-les-nouveaux-airpods-dignent-dacheter\/\" \/>\n<meta property=\"og:locale\" content=\"fr_FR\" \/>\n<meta property=\"og:type\" content=\"article\" \/>\n<meta property=\"og:title\" content=\"Apple a finalement fait que les nouveaux AirPods dignent d&#039;acheter | Vie Associative\" \/>\n<meta property=\"og:description\" content=\"Une mise \u00e0 jour \u00e0 venir ajoutera deux excellentes fonctionnalit\u00e9s au nouveau AirPods Max. L&rsquo;ann\u00e9e derni\u00e8re, j&rsquo;ai inform\u00e9 les lecteurs que les AirPods Max \u00ab\u00a0de\" \/>\n<meta property=\"og:url\" content=\"https:\/\/vieassociative.be\/actualites\/apple-a-finalement-fait-que-les-nouveaux-airpods-dignent-dacheter\/\" \/>\n<meta property=\"og:site_name\" content=\"Vie Associative\" \/>\n<meta property=\"article:published_time\" content=\"2025-03-25T00:20:31+00:00\" \/>\n<meta property=\"og:image\" content=\"https:\/\/vieassociative.be\/actualites\/wp-content\/uploads\/2025\/03\/Apple-a-finalement-fait-que-les-nouveaux-AirPods-dignent-dacheter.svg.svg+xml\" \/>\n<meta name=\"author\" content=\"Julien\" \/>\n<meta name=\"twitter:card\" content=\"summary_large_image\" \/>\n<meta name=\"twitter:label1\" content=\"\u00c9crit par\" \/>\n\t<meta name=\"twitter:data1\" content=\"Julien\" \/>\n\t<meta name=\"twitter:label2\" content=\"Dur\u00e9e de lecture est.\" \/>\n\t<meta name=\"twitter:data2\" content=\"5 minutes\" \/>\n<script type=\"application\/ld+json\" class=\"yoast-schema-graph\">{\"@context\":\"https:\/\/schema.org\",\"@graph\":[{\"@type\":\"Article\",\"@id\":\"https:\/\/vieassociative.be\/actualites\/apple-a-finalement-fait-que-les-nouveaux-airpods-dignent-dacheter\/#article\",\"isPartOf\":{\"@id\":\"https:\/\/vieassociative.be\/actualites\/apple-a-finalement-fait-que-les-nouveaux-airpods-dignent-dacheter\/\"},\"author\":{\"name\":\"Julien\",\"@id\":\"https:\/\/vieassociative.be\/actualites\/#\/schema\/person\/b87ac4f82f9d4e7b7cec7395b679edc4\"},\"headline\":\"Apple a finalement fait que les nouveaux AirPods dignent d&rsquo;acheter\",\"datePublished\":\"2025-03-25T00:20:31+00:00\",\"dateModified\":\"2025-03-25T00:20:31+00:00\",\"mainEntityOfPage\":{\"@id\":\"https:\/\/vieassociative.be\/actualites\/apple-a-finalement-fait-que-les-nouveaux-airpods-dignent-dacheter\/\"},\"wordCount\":1095,\"publisher\":{\"@id\":\"https:\/\/vieassociative.be\/actualites\/#organization\"},\"image\":{\"@id\":\"https:\/\/vieassociative.be\/actualites\/apple-a-finalement-fait-que-les-nouveaux-airpods-dignent-dacheter\/#primaryimage\"},\"thumbnailUrl\":\"https:\/\/vieassociative.be\/actualites\/wp-content\/uploads\/2025\/03\/Apple-a-finalement-fait-que-les-nouveaux-AirPods-dignent-dacheter.png\",\"keywords\":[\"AirPods\",\"Apple\",\"dacheter\",\"dignent\",\"fait\",\"finalement\",\"Les\",\"nouveaux\"],\"articleSection\":[\"Technologie\"],\"inLanguage\":\"fr-BE\"},{\"@type\":\"WebPage\",\"@id\":\"https:\/\/vieassociative.be\/actualites\/apple-a-finalement-fait-que-les-nouveaux-airpods-dignent-dacheter\/\",\"url\":\"https:\/\/vieassociative.be\/actualites\/apple-a-finalement-fait-que-les-nouveaux-airpods-dignent-dacheter\/\",\"name\":\"Apple a finalement fait que les nouveaux AirPods dignent d'acheter | Vie Associative\",\"isPartOf\":{\"@id\":\"https:\/\/vieassociative.be\/actualites\/#website\"},\"primaryImageOfPage\":{\"@id\":\"https:\/\/vieassociative.be\/actualites\/apple-a-finalement-fait-que-les-nouveaux-airpods-dignent-dacheter\/#primaryimage\"},\"image\":{\"@id\":\"https:\/\/vieassociative.be\/actualites\/apple-a-finalement-fait-que-les-nouveaux-airpods-dignent-dacheter\/#primaryimage\"},\"thumbnailUrl\":\"https:\/\/vieassociative.be\/actualites\/wp-content\/uploads\/2025\/03\/Apple-a-finalement-fait-que-les-nouveaux-AirPods-dignent-dacheter.png\",\"datePublished\":\"2025-03-25T00:20:31+00:00\",\"dateModified\":\"2025-03-25T00:20:31+00:00\",\"breadcrumb\":{\"@id\":\"https:\/\/vieassociative.be\/actualites\/apple-a-finalement-fait-que-les-nouveaux-airpods-dignent-dacheter\/#breadcrumb\"},\"inLanguage\":\"fr-BE\",\"potentialAction\":[{\"@type\":\"ReadAction\",\"target\":[\"https:\/\/vieassociative.be\/actualites\/apple-a-finalement-fait-que-les-nouveaux-airpods-dignent-dacheter\/\"]}]},{\"@type\":\"ImageObject\",\"inLanguage\":\"fr-BE\",\"@id\":\"https:\/\/vieassociative.be\/actualites\/apple-a-finalement-fait-que-les-nouveaux-airpods-dignent-dacheter\/#primaryimage\",\"url\":\"https:\/\/vieassociative.be\/actualites\/wp-content\/uploads\/2025\/03\/Apple-a-finalement-fait-que-les-nouveaux-AirPods-dignent-dacheter.png\",\"contentUrl\":\"https:\/\/vieassociative.be\/actualites\/wp-content\/uploads\/2025\/03\/Apple-a-finalement-fait-que-les-nouveaux-AirPods-dignent-dacheter.png\",\"width\":1200,\"height\":675,\"caption\":\"Apple a finalement fait que les nouveaux AirPods dignent d'acheter\"},{\"@type\":\"BreadcrumbList\",\"@id\":\"https:\/\/vieassociative.be\/actualites\/apple-a-finalement-fait-que-les-nouveaux-airpods-dignent-dacheter\/#breadcrumb\",\"itemListElement\":[{\"@type\":\"ListItem\",\"position\":1,\"name\":\"Accueil\",\"item\":\"https:\/\/vieassociative.be\/actualites\/\"},{\"@type\":\"ListItem\",\"position\":2,\"name\":\"Apple a finalement fait que les nouveaux AirPods dignent d&rsquo;acheter\"}]},{\"@type\":\"WebSite\",\"@id\":\"https:\/\/vieassociative.be\/actualites\/#website\",\"url\":\"https:\/\/vieassociative.be\/actualites\/\",\"name\":\"Vie Associative\",\"description\":\"\",\"publisher\":{\"@id\":\"https:\/\/vieassociative.be\/actualites\/#organization\"},\"potentialAction\":[{\"@type\":\"SearchAction\",\"target\":{\"@type\":\"EntryPoint\",\"urlTemplate\":\"https:\/\/vieassociative.be\/actualites\/?s={search_term_string}\"},\"query-input\":{\"@type\":\"PropertyValueSpecification\",\"valueRequired\":true,\"valueName\":\"search_term_string\"}}],\"inLanguage\":\"fr-BE\"},{\"@type\":\"Organization\",\"@id\":\"https:\/\/vieassociative.be\/actualites\/#organization\",\"name\":\"Vie Associative\",\"url\":\"https:\/\/vieassociative.be\/actualites\/\",\"logo\":{\"@type\":\"ImageObject\",\"inLanguage\":\"fr-BE\",\"@id\":\"https:\/\/vieassociative.be\/actualites\/#\/schema\/logo\/image\/\",\"url\":\"https:\/\/vieassociative.be\/actualites\/wp-content\/uploads\/2024\/09\/cropped-vieassociative_favicon.ico.png\",\"contentUrl\":\"https:\/\/vieassociative.be\/actualites\/wp-content\/uploads\/2024\/09\/cropped-vieassociative_favicon.ico.png\",\"width\":512,\"height\":512,\"caption\":\"Vie Associative\"},\"image\":{\"@id\":\"https:\/\/vieassociative.be\/actualites\/#\/schema\/logo\/image\/\"}},{\"@type\":\"Person\",\"@id\":\"https:\/\/vieassociative.be\/actualites\/#\/schema\/person\/b87ac4f82f9d4e7b7cec7395b679edc4\",\"name\":\"Julien\",\"image\":{\"@type\":\"ImageObject\",\"inLanguage\":\"fr-BE\",\"@id\":\"https:\/\/vieassociative.be\/actualites\/#\/schema\/person\/image\/\",\"url\":\"https:\/\/vieassociative.be\/actualites\/wp-content\/uploads\/2024\/09\/vie-associative-1-150x150.jpg\",\"contentUrl\":\"https:\/\/vieassociative.be\/actualites\/wp-content\/uploads\/2024\/09\/vie-associative-1-150x150.jpg\",\"caption\":\"Julien\"},\"description\":\"Je suis Julien, r\u00e9dacteur pour Vie Associative. Passionn\u00e9 par le monde associatif depuis plus de 10 ans, j'ai \u00e0 c\u0153ur de partager des histoires inspirantes et de mettre en lumi\u00e8re les initiatives locales. Mon objectif est de sensibiliser et d'encourager l'engagement communautaire \u00e0 travers mes articles.\",\"sameAs\":[\"https:\/\/vieassociative.be\/\"]}]}<\/script>\n<!-- \/ Yoast SEO plugin. -->","yoast_head_json":{"title":"Apple a finalement fait que les nouveaux AirPods dignent d'acheter | Vie Associative","robots":{"index":"index","follow":"follow","max-snippet":"max-snippet:-1","max-image-preview":"max-image-preview:large","max-video-preview":"max-video-preview:-1"},"canonical":"https:\/\/vieassociative.be\/actualites\/apple-a-finalement-fait-que-les-nouveaux-airpods-dignent-dacheter\/","og_locale":"fr_FR","og_type":"article","og_title":"Apple a finalement fait que les nouveaux AirPods dignent d'acheter | Vie Associative","og_description":"Une mise \u00e0 jour \u00e0 venir ajoutera deux excellentes fonctionnalit\u00e9s au nouveau AirPods Max. L&rsquo;ann\u00e9e derni\u00e8re, j&rsquo;ai inform\u00e9 les lecteurs que les AirPods Max \u00ab\u00a0de","og_url":"https:\/\/vieassociative.be\/actualites\/apple-a-finalement-fait-que-les-nouveaux-airpods-dignent-dacheter\/","og_site_name":"Vie Associative","article_published_time":"2025-03-25T00:20:31+00:00","og_image":[{"url":"https:\/\/vieassociative.be\/actualites\/wp-content\/uploads\/2025\/03\/Apple-a-finalement-fait-que-les-nouveaux-AirPods-dignent-dacheter.svg.svg+xml","type":"","width":"","height":""}],"author":"Julien","twitter_card":"summary_large_image","twitter_misc":{"\u00c9crit par":"Julien","Dur\u00e9e de lecture est.":"5 minutes"},"schema":{"@context":"https:\/\/schema.org","@graph":[{"@type":"Article","@id":"https:\/\/vieassociative.be\/actualites\/apple-a-finalement-fait-que-les-nouveaux-airpods-dignent-dacheter\/#article","isPartOf":{"@id":"https:\/\/vieassociative.be\/actualites\/apple-a-finalement-fait-que-les-nouveaux-airpods-dignent-dacheter\/"},"author":{"name":"Julien","@id":"https:\/\/vieassociative.be\/actualites\/#\/schema\/person\/b87ac4f82f9d4e7b7cec7395b679edc4"},"headline":"Apple a finalement fait que les nouveaux AirPods dignent d&rsquo;acheter","datePublished":"2025-03-25T00:20:31+00:00","dateModified":"2025-03-25T00:20:31+00:00","mainEntityOfPage":{"@id":"https:\/\/vieassociative.be\/actualites\/apple-a-finalement-fait-que-les-nouveaux-airpods-dignent-dacheter\/"},"wordCount":1095,"publisher":{"@id":"https:\/\/vieassociative.be\/actualites\/#organization"},"image":{"@id":"https:\/\/vieassociative.be\/actualites\/apple-a-finalement-fait-que-les-nouveaux-airpods-dignent-dacheter\/#primaryimage"},"thumbnailUrl":"https:\/\/vieassociative.be\/actualites\/wp-content\/uploads\/2025\/03\/Apple-a-finalement-fait-que-les-nouveaux-AirPods-dignent-dacheter.png","keywords":["AirPods","Apple","dacheter","dignent","fait","finalement","Les","nouveaux"],"articleSection":["Technologie"],"inLanguage":"fr-BE"},{"@type":"WebPage","@id":"https:\/\/vieassociative.be\/actualites\/apple-a-finalement-fait-que-les-nouveaux-airpods-dignent-dacheter\/","url":"https:\/\/vieassociative.be\/actualites\/apple-a-finalement-fait-que-les-nouveaux-airpods-dignent-dacheter\/","name":"Apple a finalement fait que les nouveaux AirPods dignent d'acheter | Vie Associative","isPartOf":{"@id":"https:\/\/vieassociative.be\/actualites\/#website"},"primaryImageOfPage":{"@id":"https:\/\/vieassociative.be\/actualites\/apple-a-finalement-fait-que-les-nouveaux-airpods-dignent-dacheter\/#primaryimage"},"image":{"@id":"https:\/\/vieassociative.be\/actualites\/apple-a-finalement-fait-que-les-nouveaux-airpods-dignent-dacheter\/#primaryimage"},"thumbnailUrl":"https:\/\/vieassociative.be\/actualites\/wp-content\/uploads\/2025\/03\/Apple-a-finalement-fait-que-les-nouveaux-AirPods-dignent-dacheter.png","datePublished":"2025-03-25T00:20:31+00:00","dateModified":"2025-03-25T00:20:31+00:00","breadcrumb":{"@id":"https:\/\/vieassociative.be\/actualites\/apple-a-finalement-fait-que-les-nouveaux-airpods-dignent-dacheter\/#breadcrumb"},"inLanguage":"fr-BE","potentialAction":[{"@type":"ReadAction","target":["https:\/\/vieassociative.be\/actualites\/apple-a-finalement-fait-que-les-nouveaux-airpods-dignent-dacheter\/"]}]},{"@type":"ImageObject","inLanguage":"fr-BE","@id":"https:\/\/vieassociative.be\/actualites\/apple-a-finalement-fait-que-les-nouveaux-airpods-dignent-dacheter\/#primaryimage","url":"https:\/\/vieassociative.be\/actualites\/wp-content\/uploads\/2025\/03\/Apple-a-finalement-fait-que-les-nouveaux-AirPods-dignent-dacheter.png","contentUrl":"https:\/\/vieassociative.be\/actualites\/wp-content\/uploads\/2025\/03\/Apple-a-finalement-fait-que-les-nouveaux-AirPods-dignent-dacheter.png","width":1200,"height":675,"caption":"Apple a finalement fait que les nouveaux AirPods dignent d'acheter"},{"@type":"BreadcrumbList","@id":"https:\/\/vieassociative.be\/actualites\/apple-a-finalement-fait-que-les-nouveaux-airpods-dignent-dacheter\/#breadcrumb","itemListElement":[{"@type":"ListItem","position":1,"name":"Accueil","item":"https:\/\/vieassociative.be\/actualites\/"},{"@type":"ListItem","position":2,"name":"Apple a finalement fait que les nouveaux AirPods dignent d&rsquo;acheter"}]},{"@type":"WebSite","@id":"https:\/\/vieassociative.be\/actualites\/#website","url":"https:\/\/vieassociative.be\/actualites\/","name":"Vie Associative","description":"","publisher":{"@id":"https:\/\/vieassociative.be\/actualites\/#organization"},"potentialAction":[{"@type":"SearchAction","target":{"@type":"EntryPoint","urlTemplate":"https:\/\/vieassociative.be\/actualites\/?s={search_term_string}"},"query-input":{"@type":"PropertyValueSpecification","valueRequired":true,"valueName":"search_term_string"}}],"inLanguage":"fr-BE"},{"@type":"Organization","@id":"https:\/\/vieassociative.be\/actualites\/#organization","name":"Vie Associative","url":"https:\/\/vieassociative.be\/actualites\/","logo":{"@type":"ImageObject","inLanguage":"fr-BE","@id":"https:\/\/vieassociative.be\/actualites\/#\/schema\/logo\/image\/","url":"https:\/\/vieassociative.be\/actualites\/wp-content\/uploads\/2024\/09\/cropped-vieassociative_favicon.ico.png","contentUrl":"https:\/\/vieassociative.be\/actualites\/wp-content\/uploads\/2024\/09\/cropped-vieassociative_favicon.ico.png","width":512,"height":512,"caption":"Vie Associative"},"image":{"@id":"https:\/\/vieassociative.be\/actualites\/#\/schema\/logo\/image\/"}},{"@type":"Person","@id":"https:\/\/vieassociative.be\/actualites\/#\/schema\/person\/b87ac4f82f9d4e7b7cec7395b679edc4","name":"Julien","image":{"@type":"ImageObject","inLanguage":"fr-BE","@id":"https:\/\/vieassociative.be\/actualites\/#\/schema\/person\/image\/","url":"https:\/\/vieassociative.be\/actualites\/wp-content\/uploads\/2024\/09\/vie-associative-1-150x150.jpg","contentUrl":"https:\/\/vieassociative.be\/actualites\/wp-content\/uploads\/2024\/09\/vie-associative-1-150x150.jpg","caption":"Julien"},"description":"Je suis Julien, r\u00e9dacteur pour Vie Associative. Passionn\u00e9 par le monde associatif depuis plus de 10 ans, j'ai \u00e0 c\u0153ur de partager des histoires inspirantes et de mettre en lumi\u00e8re les initiatives locales. Mon objectif est de sensibiliser et d'encourager l'engagement communautaire \u00e0 travers mes articles.","sameAs":["https:\/\/vieassociative.be\/"]}]}},"_links":{"self":[{"href":"https:\/\/vieassociative.be\/actualites\/wp-json\/wp\/v2\/posts\/6128"}],"collection":[{"href":"https:\/\/vieassociative.be\/actualites\/wp-json\/wp\/v2\/posts"}],"about":[{"href":"https:\/\/vieassociative.be\/actualites\/wp-json\/wp\/v2\/types\/post"}],"author":[{"embeddable":true,"href":"https:\/\/vieassociative.be\/actualites\/wp-json\/wp\/v2\/users\/1"}],"replies":[{"embeddable":true,"href":"https:\/\/vieassociative.be\/actualites\/wp-json\/wp\/v2\/comments?post=6128"}],"version-history":[{"count":0,"href":"https:\/\/vieassociative.be\/actualites\/wp-json\/wp\/v2\/posts\/6128\/revisions"}],"wp:featuredmedia":[{"embeddable":true,"href":"https:\/\/vieassociative.be\/actualites\/wp-json\/wp\/v2\/media\/6129"}],"wp:attachment":[{"href":"https:\/\/vieassociative.be\/actualites\/wp-json\/wp\/v2\/media?parent=6128"}],"wp:term":[{"taxonomy":"category","embeddable":true,"href":"https:\/\/vieassociative.be\/actualites\/wp-json\/wp\/v2\/categories?post=6128"},{"taxonomy":"post_tag","embeddable":true,"href":"https:\/\/vieassociative.be\/actualites\/wp-json\/wp\/v2\/tags?post=6128"}],"curies":[{"name":"wp","href":"https:\/\/api.w.org\/{rel}","templated":true}]}}