{"id":6120,"date":"2025-03-24T15:19:22","date_gmt":"2025-03-24T14:19:22","guid":{"rendered":"https:\/\/vieassociative.be\/actualites\/plusieurs-cas-de-fraude-des-reunions-de-reglage-illegales-a-eupen\/"},"modified":"2025-03-24T15:19:22","modified_gmt":"2025-03-24T14:19:22","slug":"plusieurs-cas-de-fraude-des-reunions-de-reglage-illegales-a-eupen","status":"publish","type":"post","link":"https:\/\/vieassociative.be\/actualites\/plusieurs-cas-de-fraude-des-reunions-de-reglage-illegales-a-eupen\/","title":{"rendered":"Plusieurs cas de fraude &#8211; des r\u00e9unions de r\u00e9glage ill\u00e9gales \u00e0 Eupen"},"content":{"rendered":"<p><strong>La zone de police de Weser-G\u00f6hl rapporte plusieurs incidents dans son rapport sur les missions le week-end dernier.<\/strong><\/p>\n<p><span id=\"more-411853\"><\/span><strong>&#8211; Vol \u00e0 Eynatten:<\/strong> Le 21 mars \u00e0 14 h, un homme \u00e0 la r\u00e9ception du commissaire de police de Raeren rapporte qu&rsquo;une somme forte de l&rsquo;argent de la caisse enregistr\u00e9e de la soci\u00e9t\u00e9 dans laquelle il travaille a \u00e9t\u00e9 vol\u00e9e. L&rsquo;homme explique ce qui suit: vers 13 h 00, un client pr\u00e9sum\u00e9 vient \u00e0 l&rsquo;entreprise sur Aachener Str. C&rsquo;est pourquoi le vendeur se rend \u00e0 son bureau et obtient une liste de prix. Il revient ensuite au client potentiel. Peu de temps apr\u00e8s, un deuxi\u00e8me homme appara\u00eet \u00e0 c\u00f4t\u00e9 du client et les 2 personnes expliquent, voulant acqu\u00e9rir l&rsquo;objet et l&rsquo;obtenir vers 17 heures. Ceci est m\u00e9fiant pour le vendeur, puis trouve dans son bureau qu&rsquo;une grosse somme d&rsquo;argent a disparu de sa caisse enregistreuse. Lorsqu&rsquo;il visite le client et son accompagnement, ils ne peuvent plus \u00eatre trouv\u00e9s.<\/p>\n<p><strong>&#8211; Accident de la circulation avec dommages mat\u00e9riels \u00e0 Eupen:<\/strong> Le 21 mars \u00e0 15 h 15, les services de police seront signal\u00e9s \u00e0 un accident de la circulation avec des dommages mat\u00e9riels sur Aachener Strasse \u00e0 Eupen. Un homme (conducteur A) se dirige vers la gare et veut se garer en arri\u00e8re dans une entr\u00e9e. Ce faisant, il se tient en diagonale avec son v\u00e9hicule sur la voie du milieu et surplombe un v\u00e9hicule (conducteur B) qui est sur la piste. Il y a une collision entre le c\u00f4t\u00e9 gauche du conducteur A et l&rsquo;avant sur le c\u00f4t\u00e9 droit du conducteur B. Le conducteur A doit \u00eatre demand\u00e9 plusieurs fois par les policiers de se comporter calmement. Personne n&rsquo;a \u00e9t\u00e9 bless\u00e9.<\/p>\n<p><strong>&#8211; Fraude informatique \u00e0 Kelmis:<\/strong> Le 21 mars, vers 17 h 25, une femme de Kelmis rapporte qu&rsquo;elle voulait cr\u00e9er un compte avec le d\u00e9taillant en ligne \u00ab\u00a0Zalando\u00a0\u00bb afin de faire plus tard des achats. Le site Web qu&rsquo;elle a visit\u00e9 est probablement une fraude. Il entre dans ses coordonn\u00e9es bancaires. Le 19 mars 2025 \u00e0 16 h, elle remarque que plus de 10 fois l&rsquo;argent de son compte \u00e0 un compte appel\u00e9 \u00ab\u00a0Napol\u00e9on Casino\u00a0\u00bb a \u00e9t\u00e9 transf\u00e9r\u00e9.<\/p>\n<p><strong>&#8211; Propri\u00e9t\u00e9 et consommation des Narcotiques:<\/strong> Le 22 mars \u00e0 00 h 50, un v\u00e9hicule sera v\u00e9rifi\u00e9 dans le cadre d&rsquo;un contr\u00f4le de la circulation \u00e0 Eupen. L&rsquo;odeur du cannabis doit \u00eatre per\u00e7ue. Le passager indique qu&rsquo;il s&rsquo;agit d&rsquo;un probl\u00e8me de probl\u00e8me et remet volontairement au policier environ 2,5 grammes de m\u00e9dicament. Un protocole contre la jeune femme de B\u00fctgenbach est cr\u00e9\u00e9.<\/p>\n<p>Vers 13 h 15, un conducteur est v\u00e9rifi\u00e9, qui a un signe de consommation de drogue. Le test de salive a la pr\u00e9sence de THC. L&rsquo;homme de Welkenraedt est \u00e9galement enregistr\u00e9.<\/p>\n<p><strong>&#8211; Accident de la circulation avec dommages mat\u00e9riels \u00e0 Eupen:<\/strong> Le 22 mars \u00e0 11h30, la zone de police de Weser-G\u00f6hl sera signal\u00e9e sur Herbestheer Strasse \u00e0 la station-service de Lukoil. La f\u00eate A, venant de l&rsquo;autoroute vers Eupen, veut tourner \u00e0 gauche et se lance dans la m\u00e9diane. Le v\u00e9hicule qui roule derri\u00e8re (f\u00eate B), la voiture roule sur le c\u00f4t\u00e9 et il y a un accident de la circulation. Puisqu&rsquo;il y a des probl\u00e8mes linguistiques et des d\u00e9saccords lors du remplissage du rapport sur les accidents europ\u00e9ens, la police est appel\u00e9e. Les v\u00e9hicules ont \u00e9t\u00e9 rapidement plac\u00e9s sur le c\u00f4t\u00e9 et le rapport d&rsquo;accident a \u00e9t\u00e9 rempli correctement.<\/p>\n<p><b>&#8211; Fraude dans Eupen: <\/b>Le 22 mars \u00e0 15 h 35, une femme d&rsquo;Eupen rapporte avoir \u00e9t\u00e9 victime de fraude. Elle contacte la plate-forme Messenger avec un profil Facebook appel\u00e9 \u00ab\u00a0Chatons \u00e0 l&rsquo;adoptant\u00a0\u00bb. La femme effectue un acompte et devrait \u00eatre le 22 mars. \u00c0 15h00, allez dans une maison sur Habsburgerweg \u00e0 Eupen pour prendre le chat. Lorsqu&rsquo;ils arrivent \u00e0 l&rsquo;adresse mentionn\u00e9e, les r\u00e9sidents sont compl\u00e8tement sans m\u00e9fiance.<\/p>\n<p><b>&#8211; Accident de double circulation \u00e0 Kettenis: <\/b>Le 22 mars \u00e0 15 h 50, deux accidents de la circulation seront signal\u00e9s au m\u00eame endroit, \u00e0 l&rsquo;intersection entre Aachener Strasse et Winkelstra\u00dfe et Talstrasse \u00e0 Kettenis.<\/p>\n<p>Le premier accident en a marre entre une jeune femme et un enfant. Le conducteur se tient au feu rouge \u00e0 Winkelstrasse. \u00c0 Green, il roule puis freine parce qu&rsquo;un enfant traverse la rue avec un e-scooter. Apr\u00e8s qu&rsquo;elle s&rsquo;\u00e9tait assur\u00e9e que son feu de circulation \u00e9tait effectivement vert, elle part \u00e0 nouveau et un deuxi\u00e8me enfant traverse la rue avec un e-scooter. Il y a une l\u00e9g\u00e8re collision. L&rsquo;e-scooter est l\u00e9g\u00e8rement pli\u00e9, l&rsquo;enfant n&rsquo;est pas bless\u00e9.<\/p>\n<p>Le deuxi\u00e8me accident a eu lieu \u00e0 l&rsquo;intersection, de sorte que le trafic a d\u00fb \u00eatre bri\u00e8vement r\u00e9glement\u00e9 par des policiers. Les deux v\u00e9hicules ont des dommages (ailes et blocs moteurs sur le premier v\u00e9hicule et pare-chocs arri\u00e8re et coffre sur le deuxi\u00e8me v\u00e9hicule), mais peuvent \u00eatre retir\u00e9s de la route afin que la circulation circule \u00e0 nouveau. Personne n&rsquo;a \u00e9t\u00e9 bless\u00e9. Liquid a manqu\u00e9 d&rsquo;un v\u00e9hicule et sur la route, les pompiers ont \u00e9t\u00e9 appel\u00e9s \u00e0 nettoyer sur place.<\/p>\n<p><b>&#8211; R\u00e9union de r\u00e9glage ill\u00e9gal \u00e0 Eupen: Le 22 mars \u00e0 22 h 30, une r\u00e9union de r\u00e9glage ill\u00e9gale a eu lieu dans la zone industrielle d&rsquo;Eupen. Dans ce contexte, un accident de la circulation a eu lieu avec une personne bless\u00e9e. Une voiture d\u00e9rivante avait frapp\u00e9 un spectateur de France sur la jambe. Jusqu&rsquo;\u00e0 200 v\u00e9hicules et 350 personnes \u00e9taient temporairement sur place avant que les v\u00e9hicules ne soient d\u00e9duits vers Li\u00e8ge.<\/b><\/p>\n","protected":false},"excerpt":{"rendered":"<p>La zone de police de Weser-G\u00f6hl rapporte plusieurs incidents dans son rapport sur les missions le week-end dernier. &#8211; Vol \u00e0 Eynatten: Le 21 mars<\/p>\n","protected":false},"author":1,"featured_media":1939,"comment_status":"","ping_status":"","sticky":false,"template":"","format":"standard","meta":{"footnotes":""},"categories":[298],"tags":[2691,29,2329,1577,6008,3320,4359,6007],"class_list":["post-6120","post","type-post","status-publish","format-standard","has-post-thumbnail","hentry","category-belgique","tag-cas","tag-des","tag-eupen","tag-fraude","tag-illegales","tag-plusieurs","tag-reglage","tag-reunions","generate-columns","tablet-grid-50","mobile-grid-100","grid-parent","grid-33"],"yoast_head":"<!-- This site is optimized with the Yoast SEO plugin v24.0 - https:\/\/yoast.com\/wordpress\/plugins\/seo\/ -->\n<title>Plusieurs cas de fraude - des r\u00e9unions de r\u00e9glage ill\u00e9gales \u00e0 Eupen | Vie Associative<\/title>\n<meta name=\"robots\" content=\"index, follow, max-snippet:-1, max-image-preview:large, max-video-preview:-1\" \/>\n<link rel=\"canonical\" href=\"https:\/\/vieassociative.be\/actualites\/plusieurs-cas-de-fraude-des-reunions-de-reglage-illegales-a-eupen\/\" \/>\n<meta property=\"og:locale\" content=\"fr_FR\" \/>\n<meta property=\"og:type\" content=\"article\" \/>\n<meta property=\"og:title\" content=\"Plusieurs cas de fraude - des r\u00e9unions de r\u00e9glage ill\u00e9gales \u00e0 Eupen | Vie Associative\" \/>\n<meta property=\"og:description\" content=\"La zone de police de Weser-G\u00f6hl rapporte plusieurs incidents dans son rapport sur les missions le week-end dernier. &#8211; Vol \u00e0 Eynatten: Le 21 mars\" \/>\n<meta property=\"og:url\" content=\"https:\/\/vieassociative.be\/actualites\/plusieurs-cas-de-fraude-des-reunions-de-reglage-illegales-a-eupen\/\" \/>\n<meta property=\"og:site_name\" content=\"Vie Associative\" \/>\n<meta property=\"article:published_time\" content=\"2025-03-24T14:19:22+00:00\" \/>\n<meta property=\"og:image\" content=\"https:\/\/vieassociative.be\/actualites\/wp-content\/uploads\/2024\/09\/header_backgroundk-01-e1726694325946.png\" \/>\n\t<meta property=\"og:image:width\" content=\"279\" \/>\n\t<meta property=\"og:image:height\" content=\"92\" \/>\n\t<meta property=\"og:image:type\" content=\"image\/png\" \/>\n<meta name=\"author\" content=\"Julien\" \/>\n<meta name=\"twitter:card\" content=\"summary_large_image\" \/>\n<meta name=\"twitter:label1\" content=\"\u00c9crit par\" \/>\n\t<meta name=\"twitter:data1\" content=\"Julien\" \/>\n\t<meta name=\"twitter:label2\" content=\"Dur\u00e9e de lecture est.\" \/>\n\t<meta name=\"twitter:data2\" content=\"5 minutes\" \/>\n<script type=\"application\/ld+json\" class=\"yoast-schema-graph\">{\"@context\":\"https:\/\/schema.org\",\"@graph\":[{\"@type\":\"Article\",\"@id\":\"https:\/\/vieassociative.be\/actualites\/plusieurs-cas-de-fraude-des-reunions-de-reglage-illegales-a-eupen\/#article\",\"isPartOf\":{\"@id\":\"https:\/\/vieassociative.be\/actualites\/plusieurs-cas-de-fraude-des-reunions-de-reglage-illegales-a-eupen\/\"},\"author\":{\"name\":\"Julien\",\"@id\":\"https:\/\/vieassociative.be\/actualites\/#\/schema\/person\/b87ac4f82f9d4e7b7cec7395b679edc4\"},\"headline\":\"Plusieurs cas de fraude &#8211; des r\u00e9unions de r\u00e9glage ill\u00e9gales \u00e0 Eupen\",\"datePublished\":\"2025-03-24T14:19:22+00:00\",\"dateModified\":\"2025-03-24T14:19:22+00:00\",\"mainEntityOfPage\":{\"@id\":\"https:\/\/vieassociative.be\/actualites\/plusieurs-cas-de-fraude-des-reunions-de-reglage-illegales-a-eupen\/\"},\"wordCount\":967,\"publisher\":{\"@id\":\"https:\/\/vieassociative.be\/actualites\/#organization\"},\"image\":{\"@id\":\"https:\/\/vieassociative.be\/actualites\/plusieurs-cas-de-fraude-des-reunions-de-reglage-illegales-a-eupen\/#primaryimage\"},\"thumbnailUrl\":\"https:\/\/vieassociative.be\/actualites\/wp-content\/uploads\/2024\/11\/Raeren-Le-conducteur-tombe-dans-un-micro-sommeil-a-midi.jpeg\",\"keywords\":[\"cas\",\"Des\",\"Eupen\",\"fraude\",\"ill\u00e9gales\",\"Plusieurs\",\"r\u00e9glage\",\"r\u00e9unions\"],\"articleSection\":[\"Belgique\"],\"inLanguage\":\"fr-BE\"},{\"@type\":\"WebPage\",\"@id\":\"https:\/\/vieassociative.be\/actualites\/plusieurs-cas-de-fraude-des-reunions-de-reglage-illegales-a-eupen\/\",\"url\":\"https:\/\/vieassociative.be\/actualites\/plusieurs-cas-de-fraude-des-reunions-de-reglage-illegales-a-eupen\/\",\"name\":\"Plusieurs cas de fraude - des r\u00e9unions de r\u00e9glage ill\u00e9gales \u00e0 Eupen | Vie Associative\",\"isPartOf\":{\"@id\":\"https:\/\/vieassociative.be\/actualites\/#website\"},\"primaryImageOfPage\":{\"@id\":\"https:\/\/vieassociative.be\/actualites\/plusieurs-cas-de-fraude-des-reunions-de-reglage-illegales-a-eupen\/#primaryimage\"},\"image\":{\"@id\":\"https:\/\/vieassociative.be\/actualites\/plusieurs-cas-de-fraude-des-reunions-de-reglage-illegales-a-eupen\/#primaryimage\"},\"thumbnailUrl\":\"https:\/\/vieassociative.be\/actualites\/wp-content\/uploads\/2024\/11\/Raeren-Le-conducteur-tombe-dans-un-micro-sommeil-a-midi.jpeg\",\"datePublished\":\"2025-03-24T14:19:22+00:00\",\"dateModified\":\"2025-03-24T14:19:22+00:00\",\"breadcrumb\":{\"@id\":\"https:\/\/vieassociative.be\/actualites\/plusieurs-cas-de-fraude-des-reunions-de-reglage-illegales-a-eupen\/#breadcrumb\"},\"inLanguage\":\"fr-BE\",\"potentialAction\":[{\"@type\":\"ReadAction\",\"target\":[\"https:\/\/vieassociative.be\/actualites\/plusieurs-cas-de-fraude-des-reunions-de-reglage-illegales-a-eupen\/\"]}]},{\"@type\":\"ImageObject\",\"inLanguage\":\"fr-BE\",\"@id\":\"https:\/\/vieassociative.be\/actualites\/plusieurs-cas-de-fraude-des-reunions-de-reglage-illegales-a-eupen\/#primaryimage\",\"url\":\"https:\/\/vieassociative.be\/actualites\/wp-content\/uploads\/2024\/11\/Raeren-Le-conducteur-tombe-dans-un-micro-sommeil-a-midi.jpeg\",\"contentUrl\":\"https:\/\/vieassociative.be\/actualites\/wp-content\/uploads\/2024\/11\/Raeren-Le-conducteur-tombe-dans-un-micro-sommeil-a-midi.jpeg\",\"width\":1200,\"height\":800,\"caption\":\"Raeren : Le conducteur tombe dans un micro-sommeil \u00e0 midi\"},{\"@type\":\"BreadcrumbList\",\"@id\":\"https:\/\/vieassociative.be\/actualites\/plusieurs-cas-de-fraude-des-reunions-de-reglage-illegales-a-eupen\/#breadcrumb\",\"itemListElement\":[{\"@type\":\"ListItem\",\"position\":1,\"name\":\"Accueil\",\"item\":\"https:\/\/vieassociative.be\/actualites\/\"},{\"@type\":\"ListItem\",\"position\":2,\"name\":\"Plusieurs cas de fraude &#8211; des r\u00e9unions de r\u00e9glage ill\u00e9gales \u00e0 Eupen\"}]},{\"@type\":\"WebSite\",\"@id\":\"https:\/\/vieassociative.be\/actualites\/#website\",\"url\":\"https:\/\/vieassociative.be\/actualites\/\",\"name\":\"Vie Associative\",\"description\":\"\",\"publisher\":{\"@id\":\"https:\/\/vieassociative.be\/actualites\/#organization\"},\"potentialAction\":[{\"@type\":\"SearchAction\",\"target\":{\"@type\":\"EntryPoint\",\"urlTemplate\":\"https:\/\/vieassociative.be\/actualites\/?s={search_term_string}\"},\"query-input\":{\"@type\":\"PropertyValueSpecification\",\"valueRequired\":true,\"valueName\":\"search_term_string\"}}],\"inLanguage\":\"fr-BE\"},{\"@type\":\"Organization\",\"@id\":\"https:\/\/vieassociative.be\/actualites\/#organization\",\"name\":\"Vie Associative\",\"url\":\"https:\/\/vieassociative.be\/actualites\/\",\"logo\":{\"@type\":\"ImageObject\",\"inLanguage\":\"fr-BE\",\"@id\":\"https:\/\/vieassociative.be\/actualites\/#\/schema\/logo\/image\/\",\"url\":\"https:\/\/vieassociative.be\/actualites\/wp-content\/uploads\/2024\/09\/cropped-vieassociative_favicon.ico.png\",\"contentUrl\":\"https:\/\/vieassociative.be\/actualites\/wp-content\/uploads\/2024\/09\/cropped-vieassociative_favicon.ico.png\",\"width\":512,\"height\":512,\"caption\":\"Vie Associative\"},\"image\":{\"@id\":\"https:\/\/vieassociative.be\/actualites\/#\/schema\/logo\/image\/\"}},{\"@type\":\"Person\",\"@id\":\"https:\/\/vieassociative.be\/actualites\/#\/schema\/person\/b87ac4f82f9d4e7b7cec7395b679edc4\",\"name\":\"Julien\",\"image\":{\"@type\":\"ImageObject\",\"inLanguage\":\"fr-BE\",\"@id\":\"https:\/\/vieassociative.be\/actualites\/#\/schema\/person\/image\/\",\"url\":\"https:\/\/vieassociative.be\/actualites\/wp-content\/uploads\/2024\/09\/vie-associative-1-150x150.jpg\",\"contentUrl\":\"https:\/\/vieassociative.be\/actualites\/wp-content\/uploads\/2024\/09\/vie-associative-1-150x150.jpg\",\"caption\":\"Julien\"},\"description\":\"Je suis Julien, r\u00e9dacteur pour Vie Associative. Passionn\u00e9 par le monde associatif depuis plus de 10 ans, j'ai \u00e0 c\u0153ur de partager des histoires inspirantes et de mettre en lumi\u00e8re les initiatives locales. Mon objectif est de sensibiliser et d'encourager l'engagement communautaire \u00e0 travers mes articles.\",\"sameAs\":[\"https:\/\/vieassociative.be\/\"]}]}<\/script>\n<!-- \/ Yoast SEO plugin. -->","yoast_head_json":{"title":"Plusieurs cas de fraude - des r\u00e9unions de r\u00e9glage ill\u00e9gales \u00e0 Eupen | Vie Associative","robots":{"index":"index","follow":"follow","max-snippet":"max-snippet:-1","max-image-preview":"max-image-preview:large","max-video-preview":"max-video-preview:-1"},"canonical":"https:\/\/vieassociative.be\/actualites\/plusieurs-cas-de-fraude-des-reunions-de-reglage-illegales-a-eupen\/","og_locale":"fr_FR","og_type":"article","og_title":"Plusieurs cas de fraude - des r\u00e9unions de r\u00e9glage ill\u00e9gales \u00e0 Eupen | Vie Associative","og_description":"La zone de police de Weser-G\u00f6hl rapporte plusieurs incidents dans son rapport sur les missions le week-end dernier. &#8211; Vol \u00e0 Eynatten: Le 21 mars","og_url":"https:\/\/vieassociative.be\/actualites\/plusieurs-cas-de-fraude-des-reunions-de-reglage-illegales-a-eupen\/","og_site_name":"Vie Associative","article_published_time":"2025-03-24T14:19:22+00:00","og_image":[{"width":279,"height":92,"url":"https:\/\/vieassociative.be\/actualites\/wp-content\/uploads\/2024\/09\/header_backgroundk-01-e1726694325946.png","type":"image\/png"}],"author":"Julien","twitter_card":"summary_large_image","twitter_misc":{"\u00c9crit par":"Julien","Dur\u00e9e de lecture est.":"5 minutes"},"schema":{"@context":"https:\/\/schema.org","@graph":[{"@type":"Article","@id":"https:\/\/vieassociative.be\/actualites\/plusieurs-cas-de-fraude-des-reunions-de-reglage-illegales-a-eupen\/#article","isPartOf":{"@id":"https:\/\/vieassociative.be\/actualites\/plusieurs-cas-de-fraude-des-reunions-de-reglage-illegales-a-eupen\/"},"author":{"name":"Julien","@id":"https:\/\/vieassociative.be\/actualites\/#\/schema\/person\/b87ac4f82f9d4e7b7cec7395b679edc4"},"headline":"Plusieurs cas de fraude &#8211; des r\u00e9unions de r\u00e9glage ill\u00e9gales \u00e0 Eupen","datePublished":"2025-03-24T14:19:22+00:00","dateModified":"2025-03-24T14:19:22+00:00","mainEntityOfPage":{"@id":"https:\/\/vieassociative.be\/actualites\/plusieurs-cas-de-fraude-des-reunions-de-reglage-illegales-a-eupen\/"},"wordCount":967,"publisher":{"@id":"https:\/\/vieassociative.be\/actualites\/#organization"},"image":{"@id":"https:\/\/vieassociative.be\/actualites\/plusieurs-cas-de-fraude-des-reunions-de-reglage-illegales-a-eupen\/#primaryimage"},"thumbnailUrl":"https:\/\/vieassociative.be\/actualites\/wp-content\/uploads\/2024\/11\/Raeren-Le-conducteur-tombe-dans-un-micro-sommeil-a-midi.jpeg","keywords":["cas","Des","Eupen","fraude","ill\u00e9gales","Plusieurs","r\u00e9glage","r\u00e9unions"],"articleSection":["Belgique"],"inLanguage":"fr-BE"},{"@type":"WebPage","@id":"https:\/\/vieassociative.be\/actualites\/plusieurs-cas-de-fraude-des-reunions-de-reglage-illegales-a-eupen\/","url":"https:\/\/vieassociative.be\/actualites\/plusieurs-cas-de-fraude-des-reunions-de-reglage-illegales-a-eupen\/","name":"Plusieurs cas de fraude - des r\u00e9unions de r\u00e9glage ill\u00e9gales \u00e0 Eupen | Vie Associative","isPartOf":{"@id":"https:\/\/vieassociative.be\/actualites\/#website"},"primaryImageOfPage":{"@id":"https:\/\/vieassociative.be\/actualites\/plusieurs-cas-de-fraude-des-reunions-de-reglage-illegales-a-eupen\/#primaryimage"},"image":{"@id":"https:\/\/vieassociative.be\/actualites\/plusieurs-cas-de-fraude-des-reunions-de-reglage-illegales-a-eupen\/#primaryimage"},"thumbnailUrl":"https:\/\/vieassociative.be\/actualites\/wp-content\/uploads\/2024\/11\/Raeren-Le-conducteur-tombe-dans-un-micro-sommeil-a-midi.jpeg","datePublished":"2025-03-24T14:19:22+00:00","dateModified":"2025-03-24T14:19:22+00:00","breadcrumb":{"@id":"https:\/\/vieassociative.be\/actualites\/plusieurs-cas-de-fraude-des-reunions-de-reglage-illegales-a-eupen\/#breadcrumb"},"inLanguage":"fr-BE","potentialAction":[{"@type":"ReadAction","target":["https:\/\/vieassociative.be\/actualites\/plusieurs-cas-de-fraude-des-reunions-de-reglage-illegales-a-eupen\/"]}]},{"@type":"ImageObject","inLanguage":"fr-BE","@id":"https:\/\/vieassociative.be\/actualites\/plusieurs-cas-de-fraude-des-reunions-de-reglage-illegales-a-eupen\/#primaryimage","url":"https:\/\/vieassociative.be\/actualites\/wp-content\/uploads\/2024\/11\/Raeren-Le-conducteur-tombe-dans-un-micro-sommeil-a-midi.jpeg","contentUrl":"https:\/\/vieassociative.be\/actualites\/wp-content\/uploads\/2024\/11\/Raeren-Le-conducteur-tombe-dans-un-micro-sommeil-a-midi.jpeg","width":1200,"height":800,"caption":"Raeren : Le conducteur tombe dans un micro-sommeil \u00e0 midi"},{"@type":"BreadcrumbList","@id":"https:\/\/vieassociative.be\/actualites\/plusieurs-cas-de-fraude-des-reunions-de-reglage-illegales-a-eupen\/#breadcrumb","itemListElement":[{"@type":"ListItem","position":1,"name":"Accueil","item":"https:\/\/vieassociative.be\/actualites\/"},{"@type":"ListItem","position":2,"name":"Plusieurs cas de fraude &#8211; des r\u00e9unions de r\u00e9glage ill\u00e9gales \u00e0 Eupen"}]},{"@type":"WebSite","@id":"https:\/\/vieassociative.be\/actualites\/#website","url":"https:\/\/vieassociative.be\/actualites\/","name":"Vie Associative","description":"","publisher":{"@id":"https:\/\/vieassociative.be\/actualites\/#organization"},"potentialAction":[{"@type":"SearchAction","target":{"@type":"EntryPoint","urlTemplate":"https:\/\/vieassociative.be\/actualites\/?s={search_term_string}"},"query-input":{"@type":"PropertyValueSpecification","valueRequired":true,"valueName":"search_term_string"}}],"inLanguage":"fr-BE"},{"@type":"Organization","@id":"https:\/\/vieassociative.be\/actualites\/#organization","name":"Vie Associative","url":"https:\/\/vieassociative.be\/actualites\/","logo":{"@type":"ImageObject","inLanguage":"fr-BE","@id":"https:\/\/vieassociative.be\/actualites\/#\/schema\/logo\/image\/","url":"https:\/\/vieassociative.be\/actualites\/wp-content\/uploads\/2024\/09\/cropped-vieassociative_favicon.ico.png","contentUrl":"https:\/\/vieassociative.be\/actualites\/wp-content\/uploads\/2024\/09\/cropped-vieassociative_favicon.ico.png","width":512,"height":512,"caption":"Vie Associative"},"image":{"@id":"https:\/\/vieassociative.be\/actualites\/#\/schema\/logo\/image\/"}},{"@type":"Person","@id":"https:\/\/vieassociative.be\/actualites\/#\/schema\/person\/b87ac4f82f9d4e7b7cec7395b679edc4","name":"Julien","image":{"@type":"ImageObject","inLanguage":"fr-BE","@id":"https:\/\/vieassociative.be\/actualites\/#\/schema\/person\/image\/","url":"https:\/\/vieassociative.be\/actualites\/wp-content\/uploads\/2024\/09\/vie-associative-1-150x150.jpg","contentUrl":"https:\/\/vieassociative.be\/actualites\/wp-content\/uploads\/2024\/09\/vie-associative-1-150x150.jpg","caption":"Julien"},"description":"Je suis Julien, r\u00e9dacteur pour Vie Associative. Passionn\u00e9 par le monde associatif depuis plus de 10 ans, j'ai \u00e0 c\u0153ur de partager des histoires inspirantes et de mettre en lumi\u00e8re les initiatives locales. Mon objectif est de sensibiliser et d'encourager l'engagement communautaire \u00e0 travers mes articles.","sameAs":["https:\/\/vieassociative.be\/"]}]}},"_links":{"self":[{"href":"https:\/\/vieassociative.be\/actualites\/wp-json\/wp\/v2\/posts\/6120"}],"collection":[{"href":"https:\/\/vieassociative.be\/actualites\/wp-json\/wp\/v2\/posts"}],"about":[{"href":"https:\/\/vieassociative.be\/actualites\/wp-json\/wp\/v2\/types\/post"}],"author":[{"embeddable":true,"href":"https:\/\/vieassociative.be\/actualites\/wp-json\/wp\/v2\/users\/1"}],"replies":[{"embeddable":true,"href":"https:\/\/vieassociative.be\/actualites\/wp-json\/wp\/v2\/comments?post=6120"}],"version-history":[{"count":0,"href":"https:\/\/vieassociative.be\/actualites\/wp-json\/wp\/v2\/posts\/6120\/revisions"}],"wp:featuredmedia":[{"embeddable":true,"href":"https:\/\/vieassociative.be\/actualites\/wp-json\/wp\/v2\/media\/1939"}],"wp:attachment":[{"href":"https:\/\/vieassociative.be\/actualites\/wp-json\/wp\/v2\/media?parent=6120"}],"wp:term":[{"taxonomy":"category","embeddable":true,"href":"https:\/\/vieassociative.be\/actualites\/wp-json\/wp\/v2\/categories?post=6120"},{"taxonomy":"post_tag","embeddable":true,"href":"https:\/\/vieassociative.be\/actualites\/wp-json\/wp\/v2\/tags?post=6120"}],"curies":[{"name":"wp","href":"https:\/\/api.w.org\/{rel}","templated":true}]}}