{"id":6112,"date":"2025-03-24T09:21:45","date_gmt":"2025-03-24T08:21:45","guid":{"rendered":"https:\/\/vieassociative.be\/actualites\/ministre-du-sport-dg-cheeky-et-dg-ministre-de-leducation-franssen-renforcer-les-competences-de-natation\/"},"modified":"2025-03-24T09:21:45","modified_gmt":"2025-03-24T08:21:45","slug":"ministre-du-sport-dg-cheeky-et-dg-ministre-de-leducation-franssen-renforcer-les-competences-de-natation","status":"publish","type":"post","link":"https:\/\/vieassociative.be\/actualites\/ministre-du-sport-dg-cheeky-et-dg-ministre-de-leducation-franssen-renforcer-les-competences-de-natation\/","title":{"rendered":"Ministre du Sport DG Cheeky et DG ministre de l&rsquo;\u00c9ducation Franssen: Renforcer les comp\u00e9tences de natation"},"content":{"rendered":"<p><strong>Le ministre des Sports et le ministre de l&rsquo;\u00c9ducation de la DG, Gregor Cheeky (PFF) et J\u00e9r\u00f4me Franssen (CSP) soulignent conjointement l&rsquo;importance d&rsquo;une bonne formation de natation pour les enfants du primaire. L&rsquo;accent est mis sur les laissez-passer de natation et le test de natation annuel au cours de la 4e ann\u00e9e scolaire.<\/strong><\/p>\n<p><span id=\"more-411791\"><\/span>\u00ab\u00a0Les laissez-passer de natation qui sont distribu\u00e9s au cours de ces semaines sont un instrument prouv\u00e9 pour documenter sp\u00e9cifiquement et promouvoir progressivement les comp\u00e9tences de natation des \u00e9l\u00e8ves. Les diff\u00e9rents niveaux ont donn\u00e9 aux enfants une orientation claire gr\u00e2ce \u00e0 leurs progr\u00e8s dans l&rsquo;eau et sont motiv\u00e9s \u00e0 am\u00e9liorer continuellement leurs comp\u00e9tences en natation\u00a0\u00bb, a d\u00e9clar\u00e9 un communiqu\u00e9 de presse commun.<\/p>\n<div id=\"attachment_411798\" class=\"wp-caption alignleft\" style=\"max-width: 300px\"><img fetchpriority=\"high\" decoding=\"async\" class=\"wp-image-411798 size-medium\" src=\"https:\/\/vieassociative.be\/actualites\/wp-content\/uploads\/2025\/03\/Ministre-du-Sport-DG-Cheeky-et-DG-ministre-de-lEducation.jpg\" alt=\"\" width=\"300\" height=\"200\"  ><\/p>\n<p class=\"wp-caption-text\">Le ministre des Sports Gregor Cheeky (L) et le ministre de l&rsquo;\u00c9ducation J\u00e9r\u00f4me Franssen (R). Photos: Patrick von Staufenberg<\/p>\n<\/div>\n<p>\u00ab\u00a0La natation est une capacit\u00e9 essentielle qui est d&rsquo;une grande importance non seulement pour la s\u00e9curit\u00e9 dans l&rsquo;eau, mais aussi pour le d\u00e9veloppement personnel et le sport. Avec les laissez-passer de natation, nous accompagnons les enfants sur leur chemin vers un nageur s\u00fbr et exp\u00e9riment\u00e9\u00a0\u00bb, souligne le ministre du Sports effront\u00e9.<\/p>\n<p>L&rsquo;entra\u00eenement de natation a \u00e9t\u00e9 affect\u00e9 dans le nord de la DG dans le nord de la DG au cours des derni\u00e8res ann\u00e9es en raison de la fermeture longue des salles de bains \u00e0 Eupen et Kelmis. C&rsquo;est aussi pourquoi il y a beaucoup de rattrapage \u00e0 faire dans ce pays.<\/p>\n<p>Un autre \u00e9l\u00e9ment central de la formation de natation est le test de natation annuel de la 4e ann\u00e9e scolaire selon Meinjng des deux ministres. Cela aide \u00e0 v\u00e9rifier, aider et apprendre comment leur capacit\u00e9 de nage se d\u00e9veloppe.<\/p>\n<p>Le ministre de l&rsquo;\u00c9ducation Franssen soutient cette mesure: \u00ab\u00a0Les laissez-passer de natation et le test de natation annuel nous aident \u00e0 observer et \u00e0 promouvoir soigneusement les progr\u00e8s des \u00e9tudiants. (Cre)<\/p>\n<p><i>Remarque &#8211; De plus amples informations sur les laissez-passer de natation et le test de natation annuel peuvent \u00eatre trouv\u00e9s \u00e0 <u>www.ostbelgiensport.be<\/u> ainsi que sur le portail \u00e9ducatif de la DG <u>www.ostbelgienbildung.be<\/u><\/i><\/p>\n","protected":false},"excerpt":{"rendered":"<p>Le ministre des Sports et le ministre de l&rsquo;\u00c9ducation de la DG, Gregor Cheeky (PFF) et J\u00e9r\u00f4me Franssen (CSP) soulignent conjointement l&rsquo;importance d&rsquo;une bonne formation<\/p>\n","protected":false},"author":1,"featured_media":6113,"comment_status":"","ping_status":"","sticky":false,"template":"","format":"standard","meta":{"footnotes":""},"categories":[298],"tags":[5831,2017,2934,1805,14,1245,6004,547,47],"class_list":["post-6112","post","type-post","status-publish","format-standard","has-post-thumbnail","hentry","category-belgique","tag-cheeky","tag-competences","tag-franssen","tag-leducation","tag-les","tag-ministre","tag-natation","tag-renforcer","tag-sport","generate-columns","tablet-grid-50","mobile-grid-100","grid-parent","grid-33"],"yoast_head":"<!-- This site is optimized with the Yoast SEO plugin v24.0 - https:\/\/yoast.com\/wordpress\/plugins\/seo\/ -->\n<title>Ministre du Sport DG Cheeky et DG ministre de l&#039;\u00c9ducation Franssen: Renforcer les comp\u00e9tences de natation | Vie Associative<\/title>\n<meta name=\"robots\" content=\"index, follow, max-snippet:-1, max-image-preview:large, max-video-preview:-1\" \/>\n<link rel=\"canonical\" href=\"https:\/\/vieassociative.be\/actualites\/ministre-du-sport-dg-cheeky-et-dg-ministre-de-leducation-franssen-renforcer-les-competences-de-natation\/\" \/>\n<meta property=\"og:locale\" content=\"fr_FR\" \/>\n<meta property=\"og:type\" content=\"article\" \/>\n<meta property=\"og:title\" content=\"Ministre du Sport DG Cheeky et DG ministre de l&#039;\u00c9ducation Franssen: Renforcer les comp\u00e9tences de natation | Vie Associative\" \/>\n<meta property=\"og:description\" content=\"Le ministre des Sports et le ministre de l&rsquo;\u00c9ducation de la DG, Gregor Cheeky (PFF) et J\u00e9r\u00f4me Franssen (CSP) soulignent conjointement l&rsquo;importance d&rsquo;une bonne formation\" \/>\n<meta property=\"og:url\" content=\"https:\/\/vieassociative.be\/actualites\/ministre-du-sport-dg-cheeky-et-dg-ministre-de-leducation-franssen-renforcer-les-competences-de-natation\/\" \/>\n<meta property=\"og:site_name\" content=\"Vie Associative\" \/>\n<meta property=\"article:published_time\" content=\"2025-03-24T08:21:45+00:00\" \/>\n<meta property=\"og:image\" content=\"https:\/\/vieassociative.be\/actualites\/wp-content\/uploads\/2024\/09\/header_backgroundk-01-e1726694325946.png\" \/>\n\t<meta property=\"og:image:width\" content=\"279\" \/>\n\t<meta property=\"og:image:height\" content=\"92\" \/>\n\t<meta property=\"og:image:type\" content=\"image\/png\" \/>\n<meta name=\"author\" content=\"Julien\" \/>\n<meta name=\"twitter:card\" content=\"summary_large_image\" \/>\n<meta name=\"twitter:label1\" content=\"\u00c9crit par\" \/>\n\t<meta name=\"twitter:data1\" content=\"Julien\" \/>\n\t<meta name=\"twitter:label2\" content=\"Dur\u00e9e de lecture est.\" \/>\n\t<meta name=\"twitter:data2\" content=\"2 minutes\" \/>\n<script type=\"application\/ld+json\" class=\"yoast-schema-graph\">{\"@context\":\"https:\/\/schema.org\",\"@graph\":[{\"@type\":\"Article\",\"@id\":\"https:\/\/vieassociative.be\/actualites\/ministre-du-sport-dg-cheeky-et-dg-ministre-de-leducation-franssen-renforcer-les-competences-de-natation\/#article\",\"isPartOf\":{\"@id\":\"https:\/\/vieassociative.be\/actualites\/ministre-du-sport-dg-cheeky-et-dg-ministre-de-leducation-franssen-renforcer-les-competences-de-natation\/\"},\"author\":{\"name\":\"Julien\",\"@id\":\"https:\/\/vieassociative.be\/actualites\/#\/schema\/person\/b87ac4f82f9d4e7b7cec7395b679edc4\"},\"headline\":\"Ministre du Sport DG Cheeky et DG ministre de l&rsquo;\u00c9ducation Franssen: Renforcer les comp\u00e9tences de natation\",\"datePublished\":\"2025-03-24T08:21:45+00:00\",\"dateModified\":\"2025-03-24T08:21:45+00:00\",\"mainEntityOfPage\":{\"@id\":\"https:\/\/vieassociative.be\/actualites\/ministre-du-sport-dg-cheeky-et-dg-ministre-de-leducation-franssen-renforcer-les-competences-de-natation\/\"},\"wordCount\":391,\"publisher\":{\"@id\":\"https:\/\/vieassociative.be\/actualites\/#organization\"},\"image\":{\"@id\":\"https:\/\/vieassociative.be\/actualites\/ministre-du-sport-dg-cheeky-et-dg-ministre-de-leducation-franssen-renforcer-les-competences-de-natation\/#primaryimage\"},\"thumbnailUrl\":\"https:\/\/vieassociative.be\/actualites\/wp-content\/uploads\/2025\/03\/1742804505_Ministre-du-Sport-DG-Cheeky-et-DG-ministre-de-lEducation.jpg\",\"keywords\":[\"Cheeky\",\"comp\u00e9tences\",\"Franssen\",\"l\u00e9ducation\",\"Les\",\"ministre\",\"natation\",\"renforcer\",\"sport\"],\"articleSection\":[\"Belgique\"],\"inLanguage\":\"fr-BE\"},{\"@type\":\"WebPage\",\"@id\":\"https:\/\/vieassociative.be\/actualites\/ministre-du-sport-dg-cheeky-et-dg-ministre-de-leducation-franssen-renforcer-les-competences-de-natation\/\",\"url\":\"https:\/\/vieassociative.be\/actualites\/ministre-du-sport-dg-cheeky-et-dg-ministre-de-leducation-franssen-renforcer-les-competences-de-natation\/\",\"name\":\"Ministre du Sport DG Cheeky et DG ministre de l'\u00c9ducation Franssen: Renforcer les comp\u00e9tences de natation | Vie Associative\",\"isPartOf\":{\"@id\":\"https:\/\/vieassociative.be\/actualites\/#website\"},\"primaryImageOfPage\":{\"@id\":\"https:\/\/vieassociative.be\/actualites\/ministre-du-sport-dg-cheeky-et-dg-ministre-de-leducation-franssen-renforcer-les-competences-de-natation\/#primaryimage\"},\"image\":{\"@id\":\"https:\/\/vieassociative.be\/actualites\/ministre-du-sport-dg-cheeky-et-dg-ministre-de-leducation-franssen-renforcer-les-competences-de-natation\/#primaryimage\"},\"thumbnailUrl\":\"https:\/\/vieassociative.be\/actualites\/wp-content\/uploads\/2025\/03\/1742804505_Ministre-du-Sport-DG-Cheeky-et-DG-ministre-de-lEducation.jpg\",\"datePublished\":\"2025-03-24T08:21:45+00:00\",\"dateModified\":\"2025-03-24T08:21:45+00:00\",\"breadcrumb\":{\"@id\":\"https:\/\/vieassociative.be\/actualites\/ministre-du-sport-dg-cheeky-et-dg-ministre-de-leducation-franssen-renforcer-les-competences-de-natation\/#breadcrumb\"},\"inLanguage\":\"fr-BE\",\"potentialAction\":[{\"@type\":\"ReadAction\",\"target\":[\"https:\/\/vieassociative.be\/actualites\/ministre-du-sport-dg-cheeky-et-dg-ministre-de-leducation-franssen-renforcer-les-competences-de-natation\/\"]}]},{\"@type\":\"ImageObject\",\"inLanguage\":\"fr-BE\",\"@id\":\"https:\/\/vieassociative.be\/actualites\/ministre-du-sport-dg-cheeky-et-dg-ministre-de-leducation-franssen-renforcer-les-competences-de-natation\/#primaryimage\",\"url\":\"https:\/\/vieassociative.be\/actualites\/wp-content\/uploads\/2025\/03\/1742804505_Ministre-du-Sport-DG-Cheeky-et-DG-ministre-de-lEducation.jpg\",\"contentUrl\":\"https:\/\/vieassociative.be\/actualites\/wp-content\/uploads\/2025\/03\/1742804505_Ministre-du-Sport-DG-Cheeky-et-DG-ministre-de-lEducation.jpg\",\"width\":900,\"height\":640,\"caption\":\"Ministre du Sport DG Cheeky et DG ministre de l'\u00c9ducation Franssen: Renforcer les comp\u00e9tences de natation\"},{\"@type\":\"BreadcrumbList\",\"@id\":\"https:\/\/vieassociative.be\/actualites\/ministre-du-sport-dg-cheeky-et-dg-ministre-de-leducation-franssen-renforcer-les-competences-de-natation\/#breadcrumb\",\"itemListElement\":[{\"@type\":\"ListItem\",\"position\":1,\"name\":\"Accueil\",\"item\":\"https:\/\/vieassociative.be\/actualites\/\"},{\"@type\":\"ListItem\",\"position\":2,\"name\":\"Ministre du Sport DG Cheeky et DG ministre de l&rsquo;\u00c9ducation Franssen: Renforcer les comp\u00e9tences de natation\"}]},{\"@type\":\"WebSite\",\"@id\":\"https:\/\/vieassociative.be\/actualites\/#website\",\"url\":\"https:\/\/vieassociative.be\/actualites\/\",\"name\":\"Vie Associative\",\"description\":\"\",\"publisher\":{\"@id\":\"https:\/\/vieassociative.be\/actualites\/#organization\"},\"potentialAction\":[{\"@type\":\"SearchAction\",\"target\":{\"@type\":\"EntryPoint\",\"urlTemplate\":\"https:\/\/vieassociative.be\/actualites\/?s={search_term_string}\"},\"query-input\":{\"@type\":\"PropertyValueSpecification\",\"valueRequired\":true,\"valueName\":\"search_term_string\"}}],\"inLanguage\":\"fr-BE\"},{\"@type\":\"Organization\",\"@id\":\"https:\/\/vieassociative.be\/actualites\/#organization\",\"name\":\"Vie Associative\",\"url\":\"https:\/\/vieassociative.be\/actualites\/\",\"logo\":{\"@type\":\"ImageObject\",\"inLanguage\":\"fr-BE\",\"@id\":\"https:\/\/vieassociative.be\/actualites\/#\/schema\/logo\/image\/\",\"url\":\"https:\/\/vieassociative.be\/actualites\/wp-content\/uploads\/2024\/09\/cropped-vieassociative_favicon.ico.png\",\"contentUrl\":\"https:\/\/vieassociative.be\/actualites\/wp-content\/uploads\/2024\/09\/cropped-vieassociative_favicon.ico.png\",\"width\":512,\"height\":512,\"caption\":\"Vie Associative\"},\"image\":{\"@id\":\"https:\/\/vieassociative.be\/actualites\/#\/schema\/logo\/image\/\"}},{\"@type\":\"Person\",\"@id\":\"https:\/\/vieassociative.be\/actualites\/#\/schema\/person\/b87ac4f82f9d4e7b7cec7395b679edc4\",\"name\":\"Julien\",\"image\":{\"@type\":\"ImageObject\",\"inLanguage\":\"fr-BE\",\"@id\":\"https:\/\/vieassociative.be\/actualites\/#\/schema\/person\/image\/\",\"url\":\"https:\/\/vieassociative.be\/actualites\/wp-content\/uploads\/2024\/09\/vie-associative-1-150x150.jpg\",\"contentUrl\":\"https:\/\/vieassociative.be\/actualites\/wp-content\/uploads\/2024\/09\/vie-associative-1-150x150.jpg\",\"caption\":\"Julien\"},\"description\":\"Je suis Julien, r\u00e9dacteur pour Vie Associative. Passionn\u00e9 par le monde associatif depuis plus de 10 ans, j'ai \u00e0 c\u0153ur de partager des histoires inspirantes et de mettre en lumi\u00e8re les initiatives locales. Mon objectif est de sensibiliser et d'encourager l'engagement communautaire \u00e0 travers mes articles.\",\"sameAs\":[\"https:\/\/vieassociative.be\/\"]}]}<\/script>\n<!-- \/ Yoast SEO plugin. -->","yoast_head_json":{"title":"Ministre du Sport DG Cheeky et DG ministre de l'\u00c9ducation Franssen: Renforcer les comp\u00e9tences de natation | Vie Associative","robots":{"index":"index","follow":"follow","max-snippet":"max-snippet:-1","max-image-preview":"max-image-preview:large","max-video-preview":"max-video-preview:-1"},"canonical":"https:\/\/vieassociative.be\/actualites\/ministre-du-sport-dg-cheeky-et-dg-ministre-de-leducation-franssen-renforcer-les-competences-de-natation\/","og_locale":"fr_FR","og_type":"article","og_title":"Ministre du Sport DG Cheeky et DG ministre de l'\u00c9ducation Franssen: Renforcer les comp\u00e9tences de natation | Vie Associative","og_description":"Le ministre des Sports et le ministre de l&rsquo;\u00c9ducation de la DG, Gregor Cheeky (PFF) et J\u00e9r\u00f4me Franssen (CSP) soulignent conjointement l&rsquo;importance d&rsquo;une bonne formation","og_url":"https:\/\/vieassociative.be\/actualites\/ministre-du-sport-dg-cheeky-et-dg-ministre-de-leducation-franssen-renforcer-les-competences-de-natation\/","og_site_name":"Vie Associative","article_published_time":"2025-03-24T08:21:45+00:00","og_image":[{"width":279,"height":92,"url":"https:\/\/vieassociative.be\/actualites\/wp-content\/uploads\/2024\/09\/header_backgroundk-01-e1726694325946.png","type":"image\/png"}],"author":"Julien","twitter_card":"summary_large_image","twitter_misc":{"\u00c9crit par":"Julien","Dur\u00e9e de lecture est.":"2 minutes"},"schema":{"@context":"https:\/\/schema.org","@graph":[{"@type":"Article","@id":"https:\/\/vieassociative.be\/actualites\/ministre-du-sport-dg-cheeky-et-dg-ministre-de-leducation-franssen-renforcer-les-competences-de-natation\/#article","isPartOf":{"@id":"https:\/\/vieassociative.be\/actualites\/ministre-du-sport-dg-cheeky-et-dg-ministre-de-leducation-franssen-renforcer-les-competences-de-natation\/"},"author":{"name":"Julien","@id":"https:\/\/vieassociative.be\/actualites\/#\/schema\/person\/b87ac4f82f9d4e7b7cec7395b679edc4"},"headline":"Ministre du Sport DG Cheeky et DG ministre de l&rsquo;\u00c9ducation Franssen: Renforcer les comp\u00e9tences de natation","datePublished":"2025-03-24T08:21:45+00:00","dateModified":"2025-03-24T08:21:45+00:00","mainEntityOfPage":{"@id":"https:\/\/vieassociative.be\/actualites\/ministre-du-sport-dg-cheeky-et-dg-ministre-de-leducation-franssen-renforcer-les-competences-de-natation\/"},"wordCount":391,"publisher":{"@id":"https:\/\/vieassociative.be\/actualites\/#organization"},"image":{"@id":"https:\/\/vieassociative.be\/actualites\/ministre-du-sport-dg-cheeky-et-dg-ministre-de-leducation-franssen-renforcer-les-competences-de-natation\/#primaryimage"},"thumbnailUrl":"https:\/\/vieassociative.be\/actualites\/wp-content\/uploads\/2025\/03\/1742804505_Ministre-du-Sport-DG-Cheeky-et-DG-ministre-de-lEducation.jpg","keywords":["Cheeky","comp\u00e9tences","Franssen","l\u00e9ducation","Les","ministre","natation","renforcer","sport"],"articleSection":["Belgique"],"inLanguage":"fr-BE"},{"@type":"WebPage","@id":"https:\/\/vieassociative.be\/actualites\/ministre-du-sport-dg-cheeky-et-dg-ministre-de-leducation-franssen-renforcer-les-competences-de-natation\/","url":"https:\/\/vieassociative.be\/actualites\/ministre-du-sport-dg-cheeky-et-dg-ministre-de-leducation-franssen-renforcer-les-competences-de-natation\/","name":"Ministre du Sport DG Cheeky et DG ministre de l'\u00c9ducation Franssen: Renforcer les comp\u00e9tences de natation | Vie Associative","isPartOf":{"@id":"https:\/\/vieassociative.be\/actualites\/#website"},"primaryImageOfPage":{"@id":"https:\/\/vieassociative.be\/actualites\/ministre-du-sport-dg-cheeky-et-dg-ministre-de-leducation-franssen-renforcer-les-competences-de-natation\/#primaryimage"},"image":{"@id":"https:\/\/vieassociative.be\/actualites\/ministre-du-sport-dg-cheeky-et-dg-ministre-de-leducation-franssen-renforcer-les-competences-de-natation\/#primaryimage"},"thumbnailUrl":"https:\/\/vieassociative.be\/actualites\/wp-content\/uploads\/2025\/03\/1742804505_Ministre-du-Sport-DG-Cheeky-et-DG-ministre-de-lEducation.jpg","datePublished":"2025-03-24T08:21:45+00:00","dateModified":"2025-03-24T08:21:45+00:00","breadcrumb":{"@id":"https:\/\/vieassociative.be\/actualites\/ministre-du-sport-dg-cheeky-et-dg-ministre-de-leducation-franssen-renforcer-les-competences-de-natation\/#breadcrumb"},"inLanguage":"fr-BE","potentialAction":[{"@type":"ReadAction","target":["https:\/\/vieassociative.be\/actualites\/ministre-du-sport-dg-cheeky-et-dg-ministre-de-leducation-franssen-renforcer-les-competences-de-natation\/"]}]},{"@type":"ImageObject","inLanguage":"fr-BE","@id":"https:\/\/vieassociative.be\/actualites\/ministre-du-sport-dg-cheeky-et-dg-ministre-de-leducation-franssen-renforcer-les-competences-de-natation\/#primaryimage","url":"https:\/\/vieassociative.be\/actualites\/wp-content\/uploads\/2025\/03\/1742804505_Ministre-du-Sport-DG-Cheeky-et-DG-ministre-de-lEducation.jpg","contentUrl":"https:\/\/vieassociative.be\/actualites\/wp-content\/uploads\/2025\/03\/1742804505_Ministre-du-Sport-DG-Cheeky-et-DG-ministre-de-lEducation.jpg","width":900,"height":640,"caption":"Ministre du Sport DG Cheeky et DG ministre de l'\u00c9ducation Franssen: Renforcer les comp\u00e9tences de natation"},{"@type":"BreadcrumbList","@id":"https:\/\/vieassociative.be\/actualites\/ministre-du-sport-dg-cheeky-et-dg-ministre-de-leducation-franssen-renforcer-les-competences-de-natation\/#breadcrumb","itemListElement":[{"@type":"ListItem","position":1,"name":"Accueil","item":"https:\/\/vieassociative.be\/actualites\/"},{"@type":"ListItem","position":2,"name":"Ministre du Sport DG Cheeky et DG ministre de l&rsquo;\u00c9ducation Franssen: Renforcer les comp\u00e9tences de natation"}]},{"@type":"WebSite","@id":"https:\/\/vieassociative.be\/actualites\/#website","url":"https:\/\/vieassociative.be\/actualites\/","name":"Vie Associative","description":"","publisher":{"@id":"https:\/\/vieassociative.be\/actualites\/#organization"},"potentialAction":[{"@type":"SearchAction","target":{"@type":"EntryPoint","urlTemplate":"https:\/\/vieassociative.be\/actualites\/?s={search_term_string}"},"query-input":{"@type":"PropertyValueSpecification","valueRequired":true,"valueName":"search_term_string"}}],"inLanguage":"fr-BE"},{"@type":"Organization","@id":"https:\/\/vieassociative.be\/actualites\/#organization","name":"Vie Associative","url":"https:\/\/vieassociative.be\/actualites\/","logo":{"@type":"ImageObject","inLanguage":"fr-BE","@id":"https:\/\/vieassociative.be\/actualites\/#\/schema\/logo\/image\/","url":"https:\/\/vieassociative.be\/actualites\/wp-content\/uploads\/2024\/09\/cropped-vieassociative_favicon.ico.png","contentUrl":"https:\/\/vieassociative.be\/actualites\/wp-content\/uploads\/2024\/09\/cropped-vieassociative_favicon.ico.png","width":512,"height":512,"caption":"Vie Associative"},"image":{"@id":"https:\/\/vieassociative.be\/actualites\/#\/schema\/logo\/image\/"}},{"@type":"Person","@id":"https:\/\/vieassociative.be\/actualites\/#\/schema\/person\/b87ac4f82f9d4e7b7cec7395b679edc4","name":"Julien","image":{"@type":"ImageObject","inLanguage":"fr-BE","@id":"https:\/\/vieassociative.be\/actualites\/#\/schema\/person\/image\/","url":"https:\/\/vieassociative.be\/actualites\/wp-content\/uploads\/2024\/09\/vie-associative-1-150x150.jpg","contentUrl":"https:\/\/vieassociative.be\/actualites\/wp-content\/uploads\/2024\/09\/vie-associative-1-150x150.jpg","caption":"Julien"},"description":"Je suis Julien, r\u00e9dacteur pour Vie Associative. Passionn\u00e9 par le monde associatif depuis plus de 10 ans, j'ai \u00e0 c\u0153ur de partager des histoires inspirantes et de mettre en lumi\u00e8re les initiatives locales. Mon objectif est de sensibiliser et d'encourager l'engagement communautaire \u00e0 travers mes articles.","sameAs":["https:\/\/vieassociative.be\/"]}]}},"_links":{"self":[{"href":"https:\/\/vieassociative.be\/actualites\/wp-json\/wp\/v2\/posts\/6112"}],"collection":[{"href":"https:\/\/vieassociative.be\/actualites\/wp-json\/wp\/v2\/posts"}],"about":[{"href":"https:\/\/vieassociative.be\/actualites\/wp-json\/wp\/v2\/types\/post"}],"author":[{"embeddable":true,"href":"https:\/\/vieassociative.be\/actualites\/wp-json\/wp\/v2\/users\/1"}],"replies":[{"embeddable":true,"href":"https:\/\/vieassociative.be\/actualites\/wp-json\/wp\/v2\/comments?post=6112"}],"version-history":[{"count":0,"href":"https:\/\/vieassociative.be\/actualites\/wp-json\/wp\/v2\/posts\/6112\/revisions"}],"wp:featuredmedia":[{"embeddable":true,"href":"https:\/\/vieassociative.be\/actualites\/wp-json\/wp\/v2\/media\/6113"}],"wp:attachment":[{"href":"https:\/\/vieassociative.be\/actualites\/wp-json\/wp\/v2\/media?parent=6112"}],"wp:term":[{"taxonomy":"category","embeddable":true,"href":"https:\/\/vieassociative.be\/actualites\/wp-json\/wp\/v2\/categories?post=6112"},{"taxonomy":"post_tag","embeddable":true,"href":"https:\/\/vieassociative.be\/actualites\/wp-json\/wp\/v2\/tags?post=6112"}],"curies":[{"name":"wp","href":"https:\/\/api.w.org\/{rel}","templated":true}]}}