{"id":6110,"date":"2025-03-24T08:20:33","date_gmt":"2025-03-24T07:20:33","guid":{"rendered":"https:\/\/vieassociative.be\/actualites\/vous-pouvez-enfin-modifier-votre-flux-par-defaut-sur-les-threads\/"},"modified":"2025-03-24T08:20:33","modified_gmt":"2025-03-24T07:20:33","slug":"vous-pouvez-enfin-modifier-votre-flux-par-defaut-sur-les-threads","status":"publish","type":"post","link":"https:\/\/vieassociative.be\/actualites\/vous-pouvez-enfin-modifier-votre-flux-par-defaut-sur-les-threads\/","title":{"rendered":"Vous pouvez enfin modifier votre flux par d\u00e9faut sur les threads"},"content":{"rendered":"<div class=\"mt-4 leading-6 md:mb-8\">Vous ne pouvez pas supprimer le flux pour vous, mais vous pouvez d\u00e9sormais en d\u00e9finir un autre comme votre d\u00e9faut.<\/div>\n<p><\/p>\n<p>Cela s&rsquo;est finalement produit: Threads vous permet officiellement de choisir un flux par d\u00e9faut pour voir lorsque vous ouvrez l&rsquo;application, que ce soit \u00ab\u00a0suivant\u00a0\u00bb ou un flux personnalis\u00e9 que vous avez cr\u00e9\u00e9 vous-m\u00eame. Cela signifie que lorsque vous ouvrez les threads, vous pourrez afficher les publications \u00e0 partir des comptes que vous avez choisi de suivre, au lieu de voir ce que l&rsquo;algorithme veut que vous fassiez. Meta teste cette fonctionnalit\u00e9 depuis quelques mois et le d\u00e9place maintenant \u00e0 tout le monde &#8211; en plus de quelques autres nouvelles fonctionnalit\u00e9s. <\/p>\n<h2 id=\"how-to-change-threads-default-feed-to-following\">Comment modifier le flux par d\u00e9faut des threads \u00e0 suivre<\/h2>\n<p>Le processus de modification de votre flux par d\u00e9faut est simple. Suivez ces \u00e9tapes:<\/p>\n<ol>\n<li>\n<p>Ouvrez l&rsquo;application Threads sur votre t\u00e9l\u00e9phone et acc\u00e9dez au <strong>Maison<\/strong> languette. <\/p>\n<\/li>\n<li>\n<p>Vous verrez tous vos flux dans diff\u00e9rents onglets en haut de l&rsquo;\u00e9cran, juste en dessous du logo Threads. Appuyez et maintenez l&rsquo;un de ces flux et s\u00e9lectionnez <strong>Modifier les flux<\/strong>. <\/p>\n<\/li>\n<li>\n<p>Cela r\u00e9v\u00e8lera tous vos flux dans une liste. Tenez n&rsquo;importe quel flux ici et faites-le glisser vers le haut ou vers le bas pour r\u00e9organiser la liste. Le premier de la liste deviendra automatiquement votre nouveau flux par d\u00e9faut. <\/p>\n<\/li>\n<\/ol>\n<p>N&rsquo;h\u00e9sitez pas \u00e0 le r\u00e9gler sur le suivi ou tout flux personnalis\u00e9 que vous avez cr\u00e9\u00e9. Notez que cette fonctionnalit\u00e9 est d\u00e9ploy\u00e9e lentement, donc cela peut prendre un certain temps avant de le voir sur votre t\u00e9l\u00e9phone.<\/p>\n<h2 id=\"other-updates-to-threads\">Autres mises \u00e0 jour des threads<\/h2>\n<p>Avec la m\u00eame mise \u00e0 jour, Threads a ajout\u00e9 quelques fonctionnalit\u00e9s plus utiles \u00e0 l&rsquo;application. Mon pr\u00e9f\u00e9r\u00e9 est le nouveau lecteur vid\u00e9o, qui a enfin des commandes de lecture de base et une barre de progression auquel vous pouvez facilement acc\u00e9der. Il y a un nouveau bouton Play \/ Pause entre les boutons de rembobinage et de transfert. Vous pouvez utiliser ces boutons pour sauter ou vers l&rsquo;avant de 10 secondes \u00e0 la fois. La barre de progression appara\u00eet sous chaque vid\u00e9o et elle est assez grande pour nettoyer les vid\u00e9os. C&rsquo;est un grand changement: sans ces fonctionnalit\u00e9s, regarder des vid\u00e9os sur les fils ressemblait souvent \u00e0 regarder des gifs en boucle. <\/p>\n<p>Vous pouvez \u00e9galement limiter les r\u00e9ponses et les citations de vos messages. Lorsque vous composez un nouveau message dans les threads, appuyez sur le <strong>Tout le monde peut r\u00e9pondre et citer<\/strong> bouton, situ\u00e9 \u00e0 gauche du bouton Post. Cela vous permet de limiter les r\u00e9ponses et la citation \u00e0 vos abonn\u00e9s, les comptes mentionn\u00e9s ou les comptes que vous suivez. <\/p>\n<p>Par ailleurs, Meta teste la possibilit\u00e9 d&rsquo;ajouter jusqu&rsquo;\u00e0 10 sujets \u00e0 votre profil de threads. Appuyer sur ces sujets vous conduit \u00e0 des conversations autour de ces sujets, similaires \u00e0 la fa\u00e7on dont les hashtags fonctionnent sur d&rsquo;autres plateformes de m\u00e9dias sociaux. Lorsque vous composez un nouveau message dans les threads, vous pouvez voir un bouton qui vous permet d&rsquo;ajouter un sujet tendance au message. Si vous l&rsquo;utilisez, votre message pourrait atteindre un public plus large que d&rsquo;habitude.<\/p>\n","protected":false},"excerpt":{"rendered":"<p>Vous ne pouvez pas supprimer le flux pour vous, mais vous pouvez d\u00e9sormais en d\u00e9finir un autre comme votre d\u00e9faut. Cela s&rsquo;est finalement produit: Threads<\/p>\n","protected":false},"author":1,"featured_media":6111,"comment_status":"","ping_status":"","sticky":false,"template":"","format":"standard","meta":{"footnotes":""},"categories":[13],"tags":[2930,545,34,14,1830,676,5,33,3455,8,4],"class_list":["post-6110","post","type-post","status-publish","format-standard","has-post-thumbnail","hentry","category-technologie","tag-defaut","tag-enfin","tag-flux","tag-les","tag-modifier","tag-par","tag-pouvez","tag-sur","tag-threads","tag-votre","tag-vous","generate-columns","tablet-grid-50","mobile-grid-100","grid-parent","grid-33"],"yoast_head":"<!-- This site is optimized with the Yoast SEO plugin v24.0 - https:\/\/yoast.com\/wordpress\/plugins\/seo\/ -->\n<title>Vous pouvez enfin modifier votre flux par d\u00e9faut sur les threads | Vie Associative<\/title>\n<meta name=\"robots\" content=\"index, follow, max-snippet:-1, max-image-preview:large, max-video-preview:-1\" \/>\n<link rel=\"canonical\" href=\"https:\/\/vieassociative.be\/actualites\/vous-pouvez-enfin-modifier-votre-flux-par-defaut-sur-les-threads\/\" \/>\n<meta property=\"og:locale\" content=\"fr_FR\" \/>\n<meta property=\"og:type\" content=\"article\" \/>\n<meta property=\"og:title\" content=\"Vous pouvez enfin modifier votre flux par d\u00e9faut sur les threads | Vie Associative\" \/>\n<meta property=\"og:description\" content=\"Vous ne pouvez pas supprimer le flux pour vous, mais vous pouvez d\u00e9sormais en d\u00e9finir un autre comme votre d\u00e9faut. Cela s&rsquo;est finalement produit: Threads\" \/>\n<meta property=\"og:url\" content=\"https:\/\/vieassociative.be\/actualites\/vous-pouvez-enfin-modifier-votre-flux-par-defaut-sur-les-threads\/\" \/>\n<meta property=\"og:site_name\" content=\"Vie Associative\" \/>\n<meta property=\"article:published_time\" content=\"2025-03-24T07:20:33+00:00\" \/>\n<meta property=\"og:image\" content=\"https:\/\/vieassociative.be\/actualites\/wp-content\/uploads\/2024\/09\/header_backgroundk-01-e1726694325946.png\" \/>\n\t<meta property=\"og:image:width\" content=\"279\" \/>\n\t<meta property=\"og:image:height\" content=\"92\" \/>\n\t<meta property=\"og:image:type\" content=\"image\/png\" \/>\n<meta name=\"author\" content=\"Julien\" \/>\n<meta name=\"twitter:card\" content=\"summary_large_image\" \/>\n<meta name=\"twitter:label1\" content=\"\u00c9crit par\" \/>\n\t<meta name=\"twitter:data1\" content=\"Julien\" \/>\n\t<meta name=\"twitter:label2\" content=\"Dur\u00e9e de lecture est.\" \/>\n\t<meta name=\"twitter:data2\" content=\"3 minutes\" \/>\n<script type=\"application\/ld+json\" class=\"yoast-schema-graph\">{\"@context\":\"https:\/\/schema.org\",\"@graph\":[{\"@type\":\"Article\",\"@id\":\"https:\/\/vieassociative.be\/actualites\/vous-pouvez-enfin-modifier-votre-flux-par-defaut-sur-les-threads\/#article\",\"isPartOf\":{\"@id\":\"https:\/\/vieassociative.be\/actualites\/vous-pouvez-enfin-modifier-votre-flux-par-defaut-sur-les-threads\/\"},\"author\":{\"name\":\"Julien\",\"@id\":\"https:\/\/vieassociative.be\/actualites\/#\/schema\/person\/b87ac4f82f9d4e7b7cec7395b679edc4\"},\"headline\":\"Vous pouvez enfin modifier votre flux par d\u00e9faut sur les threads\",\"datePublished\":\"2025-03-24T07:20:33+00:00\",\"dateModified\":\"2025-03-24T07:20:33+00:00\",\"mainEntityOfPage\":{\"@id\":\"https:\/\/vieassociative.be\/actualites\/vous-pouvez-enfin-modifier-votre-flux-par-defaut-sur-les-threads\/\"},\"wordCount\":560,\"publisher\":{\"@id\":\"https:\/\/vieassociative.be\/actualites\/#organization\"},\"image\":{\"@id\":\"https:\/\/vieassociative.be\/actualites\/vous-pouvez-enfin-modifier-votre-flux-par-defaut-sur-les-threads\/#primaryimage\"},\"thumbnailUrl\":\"https:\/\/vieassociative.be\/actualites\/wp-content\/uploads\/2025\/03\/Vous-pouvez-enfin-modifier-votre-flux-par-defaut-sur-les.jpg\",\"keywords\":[\"d\u00e9faut\",\"enfin\",\"flux\",\"Les\",\"modifier\",\"par\",\"pouvez\",\"sur\",\"Threads\",\"votre\",\"Vous\"],\"articleSection\":[\"Technologie\"],\"inLanguage\":\"fr-BE\"},{\"@type\":\"WebPage\",\"@id\":\"https:\/\/vieassociative.be\/actualites\/vous-pouvez-enfin-modifier-votre-flux-par-defaut-sur-les-threads\/\",\"url\":\"https:\/\/vieassociative.be\/actualites\/vous-pouvez-enfin-modifier-votre-flux-par-defaut-sur-les-threads\/\",\"name\":\"Vous pouvez enfin modifier votre flux par d\u00e9faut sur les threads | Vie Associative\",\"isPartOf\":{\"@id\":\"https:\/\/vieassociative.be\/actualites\/#website\"},\"primaryImageOfPage\":{\"@id\":\"https:\/\/vieassociative.be\/actualites\/vous-pouvez-enfin-modifier-votre-flux-par-defaut-sur-les-threads\/#primaryimage\"},\"image\":{\"@id\":\"https:\/\/vieassociative.be\/actualites\/vous-pouvez-enfin-modifier-votre-flux-par-defaut-sur-les-threads\/#primaryimage\"},\"thumbnailUrl\":\"https:\/\/vieassociative.be\/actualites\/wp-content\/uploads\/2025\/03\/Vous-pouvez-enfin-modifier-votre-flux-par-defaut-sur-les.jpg\",\"datePublished\":\"2025-03-24T07:20:33+00:00\",\"dateModified\":\"2025-03-24T07:20:33+00:00\",\"breadcrumb\":{\"@id\":\"https:\/\/vieassociative.be\/actualites\/vous-pouvez-enfin-modifier-votre-flux-par-defaut-sur-les-threads\/#breadcrumb\"},\"inLanguage\":\"fr-BE\",\"potentialAction\":[{\"@type\":\"ReadAction\",\"target\":[\"https:\/\/vieassociative.be\/actualites\/vous-pouvez-enfin-modifier-votre-flux-par-defaut-sur-les-threads\/\"]}]},{\"@type\":\"ImageObject\",\"inLanguage\":\"fr-BE\",\"@id\":\"https:\/\/vieassociative.be\/actualites\/vous-pouvez-enfin-modifier-votre-flux-par-defaut-sur-les-threads\/#primaryimage\",\"url\":\"https:\/\/vieassociative.be\/actualites\/wp-content\/uploads\/2025\/03\/Vous-pouvez-enfin-modifier-votre-flux-par-defaut-sur-les.jpg\",\"contentUrl\":\"https:\/\/vieassociative.be\/actualites\/wp-content\/uploads\/2025\/03\/Vous-pouvez-enfin-modifier-votre-flux-par-defaut-sur-les.jpg\",\"width\":1200,\"height\":675,\"caption\":\"Vous pouvez enfin modifier votre flux par d\u00e9faut sur les threads\"},{\"@type\":\"BreadcrumbList\",\"@id\":\"https:\/\/vieassociative.be\/actualites\/vous-pouvez-enfin-modifier-votre-flux-par-defaut-sur-les-threads\/#breadcrumb\",\"itemListElement\":[{\"@type\":\"ListItem\",\"position\":1,\"name\":\"Accueil\",\"item\":\"https:\/\/vieassociative.be\/actualites\/\"},{\"@type\":\"ListItem\",\"position\":2,\"name\":\"Vous pouvez enfin modifier votre flux par d\u00e9faut sur les threads\"}]},{\"@type\":\"WebSite\",\"@id\":\"https:\/\/vieassociative.be\/actualites\/#website\",\"url\":\"https:\/\/vieassociative.be\/actualites\/\",\"name\":\"Vie Associative\",\"description\":\"\",\"publisher\":{\"@id\":\"https:\/\/vieassociative.be\/actualites\/#organization\"},\"potentialAction\":[{\"@type\":\"SearchAction\",\"target\":{\"@type\":\"EntryPoint\",\"urlTemplate\":\"https:\/\/vieassociative.be\/actualites\/?s={search_term_string}\"},\"query-input\":{\"@type\":\"PropertyValueSpecification\",\"valueRequired\":true,\"valueName\":\"search_term_string\"}}],\"inLanguage\":\"fr-BE\"},{\"@type\":\"Organization\",\"@id\":\"https:\/\/vieassociative.be\/actualites\/#organization\",\"name\":\"Vie Associative\",\"url\":\"https:\/\/vieassociative.be\/actualites\/\",\"logo\":{\"@type\":\"ImageObject\",\"inLanguage\":\"fr-BE\",\"@id\":\"https:\/\/vieassociative.be\/actualites\/#\/schema\/logo\/image\/\",\"url\":\"https:\/\/vieassociative.be\/actualites\/wp-content\/uploads\/2024\/09\/cropped-vieassociative_favicon.ico.png\",\"contentUrl\":\"https:\/\/vieassociative.be\/actualites\/wp-content\/uploads\/2024\/09\/cropped-vieassociative_favicon.ico.png\",\"width\":512,\"height\":512,\"caption\":\"Vie Associative\"},\"image\":{\"@id\":\"https:\/\/vieassociative.be\/actualites\/#\/schema\/logo\/image\/\"}},{\"@type\":\"Person\",\"@id\":\"https:\/\/vieassociative.be\/actualites\/#\/schema\/person\/b87ac4f82f9d4e7b7cec7395b679edc4\",\"name\":\"Julien\",\"image\":{\"@type\":\"ImageObject\",\"inLanguage\":\"fr-BE\",\"@id\":\"https:\/\/vieassociative.be\/actualites\/#\/schema\/person\/image\/\",\"url\":\"https:\/\/vieassociative.be\/actualites\/wp-content\/uploads\/2024\/09\/vie-associative-1-150x150.jpg\",\"contentUrl\":\"https:\/\/vieassociative.be\/actualites\/wp-content\/uploads\/2024\/09\/vie-associative-1-150x150.jpg\",\"caption\":\"Julien\"},\"description\":\"Je suis Julien, r\u00e9dacteur pour Vie Associative. Passionn\u00e9 par le monde associatif depuis plus de 10 ans, j'ai \u00e0 c\u0153ur de partager des histoires inspirantes et de mettre en lumi\u00e8re les initiatives locales. Mon objectif est de sensibiliser et d'encourager l'engagement communautaire \u00e0 travers mes articles.\",\"sameAs\":[\"https:\/\/vieassociative.be\/\"]}]}<\/script>\n<!-- \/ Yoast SEO plugin. -->","yoast_head_json":{"title":"Vous pouvez enfin modifier votre flux par d\u00e9faut sur les threads | Vie Associative","robots":{"index":"index","follow":"follow","max-snippet":"max-snippet:-1","max-image-preview":"max-image-preview:large","max-video-preview":"max-video-preview:-1"},"canonical":"https:\/\/vieassociative.be\/actualites\/vous-pouvez-enfin-modifier-votre-flux-par-defaut-sur-les-threads\/","og_locale":"fr_FR","og_type":"article","og_title":"Vous pouvez enfin modifier votre flux par d\u00e9faut sur les threads | Vie Associative","og_description":"Vous ne pouvez pas supprimer le flux pour vous, mais vous pouvez d\u00e9sormais en d\u00e9finir un autre comme votre d\u00e9faut. Cela s&rsquo;est finalement produit: Threads","og_url":"https:\/\/vieassociative.be\/actualites\/vous-pouvez-enfin-modifier-votre-flux-par-defaut-sur-les-threads\/","og_site_name":"Vie Associative","article_published_time":"2025-03-24T07:20:33+00:00","og_image":[{"width":279,"height":92,"url":"https:\/\/vieassociative.be\/actualites\/wp-content\/uploads\/2024\/09\/header_backgroundk-01-e1726694325946.png","type":"image\/png"}],"author":"Julien","twitter_card":"summary_large_image","twitter_misc":{"\u00c9crit par":"Julien","Dur\u00e9e de lecture est.":"3 minutes"},"schema":{"@context":"https:\/\/schema.org","@graph":[{"@type":"Article","@id":"https:\/\/vieassociative.be\/actualites\/vous-pouvez-enfin-modifier-votre-flux-par-defaut-sur-les-threads\/#article","isPartOf":{"@id":"https:\/\/vieassociative.be\/actualites\/vous-pouvez-enfin-modifier-votre-flux-par-defaut-sur-les-threads\/"},"author":{"name":"Julien","@id":"https:\/\/vieassociative.be\/actualites\/#\/schema\/person\/b87ac4f82f9d4e7b7cec7395b679edc4"},"headline":"Vous pouvez enfin modifier votre flux par d\u00e9faut sur les threads","datePublished":"2025-03-24T07:20:33+00:00","dateModified":"2025-03-24T07:20:33+00:00","mainEntityOfPage":{"@id":"https:\/\/vieassociative.be\/actualites\/vous-pouvez-enfin-modifier-votre-flux-par-defaut-sur-les-threads\/"},"wordCount":560,"publisher":{"@id":"https:\/\/vieassociative.be\/actualites\/#organization"},"image":{"@id":"https:\/\/vieassociative.be\/actualites\/vous-pouvez-enfin-modifier-votre-flux-par-defaut-sur-les-threads\/#primaryimage"},"thumbnailUrl":"https:\/\/vieassociative.be\/actualites\/wp-content\/uploads\/2025\/03\/Vous-pouvez-enfin-modifier-votre-flux-par-defaut-sur-les.jpg","keywords":["d\u00e9faut","enfin","flux","Les","modifier","par","pouvez","sur","Threads","votre","Vous"],"articleSection":["Technologie"],"inLanguage":"fr-BE"},{"@type":"WebPage","@id":"https:\/\/vieassociative.be\/actualites\/vous-pouvez-enfin-modifier-votre-flux-par-defaut-sur-les-threads\/","url":"https:\/\/vieassociative.be\/actualites\/vous-pouvez-enfin-modifier-votre-flux-par-defaut-sur-les-threads\/","name":"Vous pouvez enfin modifier votre flux par d\u00e9faut sur les threads | Vie Associative","isPartOf":{"@id":"https:\/\/vieassociative.be\/actualites\/#website"},"primaryImageOfPage":{"@id":"https:\/\/vieassociative.be\/actualites\/vous-pouvez-enfin-modifier-votre-flux-par-defaut-sur-les-threads\/#primaryimage"},"image":{"@id":"https:\/\/vieassociative.be\/actualites\/vous-pouvez-enfin-modifier-votre-flux-par-defaut-sur-les-threads\/#primaryimage"},"thumbnailUrl":"https:\/\/vieassociative.be\/actualites\/wp-content\/uploads\/2025\/03\/Vous-pouvez-enfin-modifier-votre-flux-par-defaut-sur-les.jpg","datePublished":"2025-03-24T07:20:33+00:00","dateModified":"2025-03-24T07:20:33+00:00","breadcrumb":{"@id":"https:\/\/vieassociative.be\/actualites\/vous-pouvez-enfin-modifier-votre-flux-par-defaut-sur-les-threads\/#breadcrumb"},"inLanguage":"fr-BE","potentialAction":[{"@type":"ReadAction","target":["https:\/\/vieassociative.be\/actualites\/vous-pouvez-enfin-modifier-votre-flux-par-defaut-sur-les-threads\/"]}]},{"@type":"ImageObject","inLanguage":"fr-BE","@id":"https:\/\/vieassociative.be\/actualites\/vous-pouvez-enfin-modifier-votre-flux-par-defaut-sur-les-threads\/#primaryimage","url":"https:\/\/vieassociative.be\/actualites\/wp-content\/uploads\/2025\/03\/Vous-pouvez-enfin-modifier-votre-flux-par-defaut-sur-les.jpg","contentUrl":"https:\/\/vieassociative.be\/actualites\/wp-content\/uploads\/2025\/03\/Vous-pouvez-enfin-modifier-votre-flux-par-defaut-sur-les.jpg","width":1200,"height":675,"caption":"Vous pouvez enfin modifier votre flux par d\u00e9faut sur les threads"},{"@type":"BreadcrumbList","@id":"https:\/\/vieassociative.be\/actualites\/vous-pouvez-enfin-modifier-votre-flux-par-defaut-sur-les-threads\/#breadcrumb","itemListElement":[{"@type":"ListItem","position":1,"name":"Accueil","item":"https:\/\/vieassociative.be\/actualites\/"},{"@type":"ListItem","position":2,"name":"Vous pouvez enfin modifier votre flux par d\u00e9faut sur les threads"}]},{"@type":"WebSite","@id":"https:\/\/vieassociative.be\/actualites\/#website","url":"https:\/\/vieassociative.be\/actualites\/","name":"Vie Associative","description":"","publisher":{"@id":"https:\/\/vieassociative.be\/actualites\/#organization"},"potentialAction":[{"@type":"SearchAction","target":{"@type":"EntryPoint","urlTemplate":"https:\/\/vieassociative.be\/actualites\/?s={search_term_string}"},"query-input":{"@type":"PropertyValueSpecification","valueRequired":true,"valueName":"search_term_string"}}],"inLanguage":"fr-BE"},{"@type":"Organization","@id":"https:\/\/vieassociative.be\/actualites\/#organization","name":"Vie Associative","url":"https:\/\/vieassociative.be\/actualites\/","logo":{"@type":"ImageObject","inLanguage":"fr-BE","@id":"https:\/\/vieassociative.be\/actualites\/#\/schema\/logo\/image\/","url":"https:\/\/vieassociative.be\/actualites\/wp-content\/uploads\/2024\/09\/cropped-vieassociative_favicon.ico.png","contentUrl":"https:\/\/vieassociative.be\/actualites\/wp-content\/uploads\/2024\/09\/cropped-vieassociative_favicon.ico.png","width":512,"height":512,"caption":"Vie Associative"},"image":{"@id":"https:\/\/vieassociative.be\/actualites\/#\/schema\/logo\/image\/"}},{"@type":"Person","@id":"https:\/\/vieassociative.be\/actualites\/#\/schema\/person\/b87ac4f82f9d4e7b7cec7395b679edc4","name":"Julien","image":{"@type":"ImageObject","inLanguage":"fr-BE","@id":"https:\/\/vieassociative.be\/actualites\/#\/schema\/person\/image\/","url":"https:\/\/vieassociative.be\/actualites\/wp-content\/uploads\/2024\/09\/vie-associative-1-150x150.jpg","contentUrl":"https:\/\/vieassociative.be\/actualites\/wp-content\/uploads\/2024\/09\/vie-associative-1-150x150.jpg","caption":"Julien"},"description":"Je suis Julien, r\u00e9dacteur pour Vie Associative. Passionn\u00e9 par le monde associatif depuis plus de 10 ans, j'ai \u00e0 c\u0153ur de partager des histoires inspirantes et de mettre en lumi\u00e8re les initiatives locales. Mon objectif est de sensibiliser et d'encourager l'engagement communautaire \u00e0 travers mes articles.","sameAs":["https:\/\/vieassociative.be\/"]}]}},"_links":{"self":[{"href":"https:\/\/vieassociative.be\/actualites\/wp-json\/wp\/v2\/posts\/6110"}],"collection":[{"href":"https:\/\/vieassociative.be\/actualites\/wp-json\/wp\/v2\/posts"}],"about":[{"href":"https:\/\/vieassociative.be\/actualites\/wp-json\/wp\/v2\/types\/post"}],"author":[{"embeddable":true,"href":"https:\/\/vieassociative.be\/actualites\/wp-json\/wp\/v2\/users\/1"}],"replies":[{"embeddable":true,"href":"https:\/\/vieassociative.be\/actualites\/wp-json\/wp\/v2\/comments?post=6110"}],"version-history":[{"count":0,"href":"https:\/\/vieassociative.be\/actualites\/wp-json\/wp\/v2\/posts\/6110\/revisions"}],"wp:featuredmedia":[{"embeddable":true,"href":"https:\/\/vieassociative.be\/actualites\/wp-json\/wp\/v2\/media\/6111"}],"wp:attachment":[{"href":"https:\/\/vieassociative.be\/actualites\/wp-json\/wp\/v2\/media?parent=6110"}],"wp:term":[{"taxonomy":"category","embeddable":true,"href":"https:\/\/vieassociative.be\/actualites\/wp-json\/wp\/v2\/categories?post=6110"},{"taxonomy":"post_tag","embeddable":true,"href":"https:\/\/vieassociative.be\/actualites\/wp-json\/wp\/v2\/tags?post=6110"}],"curies":[{"name":"wp","href":"https:\/\/api.w.org\/{rel}","templated":true}]}}