{"id":6095,"date":"2025-03-23T15:17:24","date_gmt":"2025-03-23T14:17:24","guid":{"rendered":"https:\/\/vieassociative.be\/actualites\/francis-est-de-retour-au-vatican-apres-cinq-semaines\/"},"modified":"2025-03-23T15:17:24","modified_gmt":"2025-03-23T14:17:24","slug":"francis-est-de-retour-au-vatican-apres-cinq-semaines","status":"publish","type":"post","link":"https:\/\/vieassociative.be\/actualites\/francis-est-de-retour-au-vatican-apres-cinq-semaines\/","title":{"rendered":"Francis est de retour au Vatican apr\u00e8s cinq semaines"},"content":{"rendered":"<p><strong>Apr\u00e8s 38 jours \u00e0 l&rsquo;h\u00f4pital, Francis est de retour \u00e0 la maison. Auparavant, il montre les cam\u00e9ras de la clinique Gemelli pour la premi\u00e8re fois. Et fait une escale surprenante.<\/strong><\/p>\n<p><span id=\"more-411780\"><\/span>Apr\u00e8s plus de cinq semaines \u00e0 l&rsquo;h\u00f4pital, le pape Fran\u00e7ois est de retour au Vatican. Le chef de l&rsquo;\u00e9glise catholique de 88 ans a \u00e9t\u00e9 ramen\u00e9 \u00e0 sa r\u00e9sidence dans une voiture Colonne avec une petite voiture de la clinique de l&rsquo;Universit\u00e9 Gemelli \u00e0 Rome.<\/p>\n<p>Auparavant, Francis s&rsquo;\u00e9tait montr\u00e9 au public pour la premi\u00e8re fois sur un balcon de la clinique. En fauteuil roulant et avec une voix faible, il a remerci\u00e9 le soutien du monde entier. Plusieurs milliers de personnes l&rsquo;ont applaudi d&rsquo;en bas.<\/p>\n<p>Selon la clinique, Francis a maintenant surv\u00e9cu \u00e0 sa pneumonie mena\u00e7ant la vie, mais a toujours une infection. Le chef de plus de 1,4 milliard de catholiques dans le monde devrait maintenant passer les prochaines semaines dans sa r\u00e9sidence Casa Santa Marta, o\u00f9 il continuera d&rsquo;\u00eatre trait\u00e9 par un m\u00e9decin.<\/p>\n<div id=\"attachment_411783\" class=\"wp-caption alignleft\" style=\"max-width: 300px\"><img fetchpriority=\"high\" decoding=\"async\" class=\"wp-image-411783 size-medium\" src=\"https:\/\/vieassociative.be\/actualites\/wp-content\/uploads\/2025\/03\/Francis-est-de-retour-au-Vatican-apres-cinq-semaines.jpg\" alt=\"\" width=\"300\" height=\"200\"><\/p>\n<p class=\"wp-caption-text\">23.03.2025, Italie, Rome: le pape Fran\u00e7ois appara\u00eet apr\u00e8s la pri\u00e8re traditionnelle d&rsquo;Angelus dans une fen\u00eatre de l&rsquo;h\u00f4pital Gemelli de Rome. Ponfex, 88 ans, avait eu sa premi\u00e8re apparition publique dans cinq semaines avant sa lib\u00e9ration apr\u00e8s avoir surv\u00e9cu \u00e0 une grave pneumonie, qui a menac\u00e9 sa vie deux fois. Le pape Fran\u00e7ois a \u00e9t\u00e9 lib\u00e9r\u00e9 de l&rsquo;h\u00f4pital. Photo: Oliver Weiken \/ DPA<\/p>\n<\/div>\n<p>Les m\u00e9decins \u00e9taient satisfaits des progr\u00e8s. Dans l&rsquo;apparition sur le balcon qui n&rsquo;a m\u00eame pas dur\u00e9 une minute, le pape semblait toujours tr\u00e8s faible. De toute \u00e9vidence, il a \u00e9galement eu un effort pour lever la main \u00e0 la b\u00e9n\u00e9diction devant la foule en attente.<\/p>\n<p><b>&#8211; Le pape doit \u00e9viter des groupes de personnes: <\/b>Les m\u00e9decins recommandent du repos au moins deux mois. En raison de ses voies respiratoires attaqu\u00e9es, Francis devrait \u00e9galement \u00e9viter les foules. Il n&rsquo;est pas certain qu&rsquo;il puisse participer aux c\u00e9l\u00e9brations de P\u00e2ques le mois prochain. L&rsquo;Argentin &#8211; avec un nom bourgeois Jorge Mario Bergoglio &#8211; est maintenant le deuxi\u00e8me plus ancien pontife de l&rsquo;histoire. En tant que successeur du pape allemand Beno\u00eet XVI. Il est au pouvoir depuis douze ans.<\/p>\n<p>Sur le chemin du retour au Vatican, Francis a mis une escale dans sa petite fiat 500 dans la basilique Santa Maria Maggiore, son \u00e9glise pr\u00e9f\u00e9r\u00e9e au centre de Rome. Il le fait donc toujours avant de voyager et \u00e0 d&rsquo;autres occasions importantes. Il veut \u00e9galement \u00eatre enterr\u00e9 dans le Marienkirche &#8211; pas dans la basilique Saint-Pierre. Francis \u00e9tait assis dans la voiture dans la voiture. Dans son nez, il portait un tuyau \u00e0 travers lequel il avait fourni de l&rsquo;oxyg\u00e8ne.<\/p>\n<p><strong>&#8211; Premiers probl\u00e8mes avant No\u00ebl:<\/strong> Francis avait du mal avec la bronchite depuis la course \u00e0 No\u00ebl. Bien qu&rsquo;il y ait r\u00e9sist\u00e9 pendant des semaines, il a finalement d\u00fb se rendre \u00e0 l&rsquo;h\u00f4pital Gemelli le 14 f\u00e9vrier, la clinique de papes \u00e0 l&rsquo;ouest de Rome. Une pneumonie grave y a \u00e9t\u00e9 diagnostiqu\u00e9e, qui avait enregistr\u00e9 les deux poumons. En attendant, les inqui\u00e9tudes \u00e0 son sujet \u00e9taient tr\u00e8s grandes.<\/p>\n<div id=\"attachment_411787\" class=\"wp-caption alignleft\" style=\"max-width: 300px\"><img decoding=\"async\" class=\"wp-image-411787 size-medium\" src=\"https:\/\/vieassociative.be\/actualites\/wp-content\/uploads\/2025\/03\/1742739444_365_Francis-est-de-retour-au-Vatican-apres-cinq-semaines.jpg\" alt=\"\" width=\"300\" height=\"200\"><\/p>\n<p class=\"wp-caption-text\">23.03.2025, Italie, Rome: Le pape Fran\u00e7ois quitte l&rsquo;Agostino gemelli polyclinique \u00e0 Rome dans une voiture. Photo: Marco Ravagli \/ AP \/ DPA<\/p>\n<\/div>\n<p>Le m\u00e9decin traitant Sergio Alfieri a rapport\u00e9 que le pape \u00e9tait \u00e0 l&rsquo;h\u00f4pital deux fois \u00e0 l&rsquo;h\u00f4pital pendant 38 jours. Parfois, les reins ne fonctionnaient pas non plus pleins. Il a eu de graves attaques \u00e0 plusieurs reprises, c&rsquo;est pourquoi il a \u00e9t\u00e9 ventil\u00e9 pendant longtemps sur un masque sur la bouche et le nez avec une aide m\u00e9canique. Cependant, selon les m\u00e9decins, il n&rsquo;est jamais devenu artificiellement ventil\u00e9 &#8211; par exemple par intubation.<\/p>\n<p><b>&#8211; Aide toujours sur le tuyau dans le nez: <\/b>Dans sa r\u00e9sidence, le pape est maintenant encore fourni en oxyg\u00e8ne via le tuyau dans le nez. De plus, la respiration et la th\u00e9rapie de mouvement se poursuivent. Il n&rsquo;y a pas de dates publiques jusqu&rsquo;\u00e0 pr\u00e9sent. Depuis l&rsquo;accouchement, le Vatican n&rsquo;avait publi\u00e9 qu&rsquo;une seule photo de lui &#8211; et seulement par derri\u00e8re, devant l&rsquo;autel d&rsquo;une chapelle de la clinique. Francis a \u00e9galement parl\u00e9 avec un message audio, mais c&rsquo;\u00e9tait difficile \u00e0 comprendre.<\/p>\n<p>En cons\u00e9quence, la surprise de la nouvelle du licenciement \u00e0 venir a \u00e9t\u00e9 samedi soir. Francis n&rsquo;est pas consid\u00e9r\u00e9 comme un patient facile. Le m\u00e9decin en chef Alfieri a rapport\u00e9 que le pape avait esp\u00e9r\u00e9 un retour au Vatican depuis quelques jours maintenant. En raison de la maladie, la pri\u00e8re habituelle du dimanche a de nouveau \u00e9chou\u00e9. Dans un texte \u00e9crit, Franziskus a remerci\u00e9 pour les croyants du monde entier qui avaient pri\u00e9 pour lui ces derni\u00e8res semaines \u00ab\u00a0avec tant de patience et de pers\u00e9v\u00e9rance\u00a0\u00bb.<\/p>\n<p><b>&#8211; Programme des prochaines semaines incertaines: <\/b>D\u00e9but avril, il y a une r\u00e9union avec le roi britannique Charles III. pr\u00e9vu. En mai, il y a en fait un voyage en Turquie, bien qu&rsquo;il n&rsquo;ait jamais \u00e9t\u00e9 officiellement annonc\u00e9. Il n&rsquo;est \u00e9galement pas certain que le pape puisse donner la b\u00e9n\u00e9diction Urbi et Orbi (la ville et la terre) \u00e0 P\u00e2ques.<\/p>\n<p>Les jours de P\u00e2ques sont g\u00e9n\u00e9ralement un marathon d&rsquo;\u00e9v\u00e9nement pour le Pontifx. Cette ann\u00e9e, il y a particuli\u00e8rement de nombreux p\u00e8lerins \u00e0 Rome car 2025 est une ann\u00e9e sainte selon la compr\u00e9hension catholique. (DPA)<\/p>\n","protected":false},"excerpt":{"rendered":"<p>Apr\u00e8s 38 jours \u00e0 l&rsquo;h\u00f4pital, Francis est de retour \u00e0 la maison. Auparavant, il montre les cam\u00e9ras de la clinique Gemelli pour la premi\u00e8re fois.<\/p>\n","protected":false},"author":1,"featured_media":6096,"comment_status":"","ping_status":"","sticky":false,"template":"","format":"standard","meta":{"footnotes":""},"categories":[298],"tags":[472,317,76,5989,787,3098,5990],"class_list":["post-6095","post","type-post","status-publish","format-standard","has-post-thumbnail","hentry","category-belgique","tag-apres","tag-cinq","tag-est","tag-francis","tag-retour","tag-semaines","tag-vatican","generate-columns","tablet-grid-50","mobile-grid-100","grid-parent","grid-33"],"yoast_head":"<!-- This site is optimized with the Yoast SEO plugin v24.0 - https:\/\/yoast.com\/wordpress\/plugins\/seo\/ -->\n<title>Francis est de retour au Vatican apr\u00e8s cinq semaines | Vie Associative<\/title>\n<meta name=\"robots\" content=\"index, follow, max-snippet:-1, max-image-preview:large, max-video-preview:-1\" \/>\n<link rel=\"canonical\" href=\"https:\/\/vieassociative.be\/actualites\/francis-est-de-retour-au-vatican-apres-cinq-semaines\/\" \/>\n<meta property=\"og:locale\" content=\"fr_FR\" \/>\n<meta property=\"og:type\" content=\"article\" \/>\n<meta property=\"og:title\" content=\"Francis est de retour au Vatican apr\u00e8s cinq semaines | Vie Associative\" \/>\n<meta property=\"og:description\" content=\"Apr\u00e8s 38 jours \u00e0 l&rsquo;h\u00f4pital, Francis est de retour \u00e0 la maison. Auparavant, il montre les cam\u00e9ras de la clinique Gemelli pour la premi\u00e8re fois.\" \/>\n<meta property=\"og:url\" content=\"https:\/\/vieassociative.be\/actualites\/francis-est-de-retour-au-vatican-apres-cinq-semaines\/\" \/>\n<meta property=\"og:site_name\" content=\"Vie Associative\" \/>\n<meta property=\"article:published_time\" content=\"2025-03-23T14:17:24+00:00\" \/>\n<meta property=\"og:image\" content=\"https:\/\/vieassociative.be\/actualites\/wp-content\/uploads\/2024\/09\/header_backgroundk-01-e1726694325946.png\" \/>\n\t<meta property=\"og:image:width\" content=\"279\" \/>\n\t<meta property=\"og:image:height\" content=\"92\" \/>\n\t<meta property=\"og:image:type\" content=\"image\/png\" \/>\n<meta name=\"author\" content=\"Julien\" \/>\n<meta name=\"twitter:card\" content=\"summary_large_image\" \/>\n<meta name=\"twitter:label1\" content=\"\u00c9crit par\" \/>\n\t<meta name=\"twitter:data1\" content=\"Julien\" \/>\n\t<meta name=\"twitter:label2\" content=\"Dur\u00e9e de lecture est.\" \/>\n\t<meta name=\"twitter:data2\" content=\"5 minutes\" \/>\n<script type=\"application\/ld+json\" class=\"yoast-schema-graph\">{\"@context\":\"https:\/\/schema.org\",\"@graph\":[{\"@type\":\"Article\",\"@id\":\"https:\/\/vieassociative.be\/actualites\/francis-est-de-retour-au-vatican-apres-cinq-semaines\/#article\",\"isPartOf\":{\"@id\":\"https:\/\/vieassociative.be\/actualites\/francis-est-de-retour-au-vatican-apres-cinq-semaines\/\"},\"author\":{\"name\":\"Julien\",\"@id\":\"https:\/\/vieassociative.be\/actualites\/#\/schema\/person\/b87ac4f82f9d4e7b7cec7395b679edc4\"},\"headline\":\"Francis est de retour au Vatican apr\u00e8s cinq semaines\",\"datePublished\":\"2025-03-23T14:17:24+00:00\",\"dateModified\":\"2025-03-23T14:17:24+00:00\",\"mainEntityOfPage\":{\"@id\":\"https:\/\/vieassociative.be\/actualites\/francis-est-de-retour-au-vatican-apres-cinq-semaines\/\"},\"wordCount\":958,\"publisher\":{\"@id\":\"https:\/\/vieassociative.be\/actualites\/#organization\"},\"image\":{\"@id\":\"https:\/\/vieassociative.be\/actualites\/francis-est-de-retour-au-vatican-apres-cinq-semaines\/#primaryimage\"},\"thumbnailUrl\":\"https:\/\/vieassociative.be\/actualites\/wp-content\/uploads\/2025\/03\/1742739445_Francis-est-de-retour-au-Vatican-apres-cinq-semaines.jpg\",\"keywords\":[\"Apr\u00e8s\",\"Cinq\",\"est\",\"Francis\",\"retour\",\"semaines\",\"Vatican\"],\"articleSection\":[\"Belgique\"],\"inLanguage\":\"fr-BE\"},{\"@type\":\"WebPage\",\"@id\":\"https:\/\/vieassociative.be\/actualites\/francis-est-de-retour-au-vatican-apres-cinq-semaines\/\",\"url\":\"https:\/\/vieassociative.be\/actualites\/francis-est-de-retour-au-vatican-apres-cinq-semaines\/\",\"name\":\"Francis est de retour au Vatican apr\u00e8s cinq semaines | Vie Associative\",\"isPartOf\":{\"@id\":\"https:\/\/vieassociative.be\/actualites\/#website\"},\"primaryImageOfPage\":{\"@id\":\"https:\/\/vieassociative.be\/actualites\/francis-est-de-retour-au-vatican-apres-cinq-semaines\/#primaryimage\"},\"image\":{\"@id\":\"https:\/\/vieassociative.be\/actualites\/francis-est-de-retour-au-vatican-apres-cinq-semaines\/#primaryimage\"},\"thumbnailUrl\":\"https:\/\/vieassociative.be\/actualites\/wp-content\/uploads\/2025\/03\/1742739445_Francis-est-de-retour-au-Vatican-apres-cinq-semaines.jpg\",\"datePublished\":\"2025-03-23T14:17:24+00:00\",\"dateModified\":\"2025-03-23T14:17:24+00:00\",\"breadcrumb\":{\"@id\":\"https:\/\/vieassociative.be\/actualites\/francis-est-de-retour-au-vatican-apres-cinq-semaines\/#breadcrumb\"},\"inLanguage\":\"fr-BE\",\"potentialAction\":[{\"@type\":\"ReadAction\",\"target\":[\"https:\/\/vieassociative.be\/actualites\/francis-est-de-retour-au-vatican-apres-cinq-semaines\/\"]}]},{\"@type\":\"ImageObject\",\"inLanguage\":\"fr-BE\",\"@id\":\"https:\/\/vieassociative.be\/actualites\/francis-est-de-retour-au-vatican-apres-cinq-semaines\/#primaryimage\",\"url\":\"https:\/\/vieassociative.be\/actualites\/wp-content\/uploads\/2025\/03\/1742739445_Francis-est-de-retour-au-Vatican-apres-cinq-semaines.jpg\",\"contentUrl\":\"https:\/\/vieassociative.be\/actualites\/wp-content\/uploads\/2025\/03\/1742739445_Francis-est-de-retour-au-Vatican-apres-cinq-semaines.jpg\",\"width\":1200,\"height\":800,\"caption\":\"Francis est de retour au Vatican apr\u00e8s cinq semaines\"},{\"@type\":\"BreadcrumbList\",\"@id\":\"https:\/\/vieassociative.be\/actualites\/francis-est-de-retour-au-vatican-apres-cinq-semaines\/#breadcrumb\",\"itemListElement\":[{\"@type\":\"ListItem\",\"position\":1,\"name\":\"Accueil\",\"item\":\"https:\/\/vieassociative.be\/actualites\/\"},{\"@type\":\"ListItem\",\"position\":2,\"name\":\"Francis est de retour au Vatican apr\u00e8s cinq semaines\"}]},{\"@type\":\"WebSite\",\"@id\":\"https:\/\/vieassociative.be\/actualites\/#website\",\"url\":\"https:\/\/vieassociative.be\/actualites\/\",\"name\":\"Vie Associative\",\"description\":\"\",\"publisher\":{\"@id\":\"https:\/\/vieassociative.be\/actualites\/#organization\"},\"potentialAction\":[{\"@type\":\"SearchAction\",\"target\":{\"@type\":\"EntryPoint\",\"urlTemplate\":\"https:\/\/vieassociative.be\/actualites\/?s={search_term_string}\"},\"query-input\":{\"@type\":\"PropertyValueSpecification\",\"valueRequired\":true,\"valueName\":\"search_term_string\"}}],\"inLanguage\":\"fr-BE\"},{\"@type\":\"Organization\",\"@id\":\"https:\/\/vieassociative.be\/actualites\/#organization\",\"name\":\"Vie Associative\",\"url\":\"https:\/\/vieassociative.be\/actualites\/\",\"logo\":{\"@type\":\"ImageObject\",\"inLanguage\":\"fr-BE\",\"@id\":\"https:\/\/vieassociative.be\/actualites\/#\/schema\/logo\/image\/\",\"url\":\"https:\/\/vieassociative.be\/actualites\/wp-content\/uploads\/2024\/09\/cropped-vieassociative_favicon.ico.png\",\"contentUrl\":\"https:\/\/vieassociative.be\/actualites\/wp-content\/uploads\/2024\/09\/cropped-vieassociative_favicon.ico.png\",\"width\":512,\"height\":512,\"caption\":\"Vie Associative\"},\"image\":{\"@id\":\"https:\/\/vieassociative.be\/actualites\/#\/schema\/logo\/image\/\"}},{\"@type\":\"Person\",\"@id\":\"https:\/\/vieassociative.be\/actualites\/#\/schema\/person\/b87ac4f82f9d4e7b7cec7395b679edc4\",\"name\":\"Julien\",\"image\":{\"@type\":\"ImageObject\",\"inLanguage\":\"fr-BE\",\"@id\":\"https:\/\/vieassociative.be\/actualites\/#\/schema\/person\/image\/\",\"url\":\"https:\/\/vieassociative.be\/actualites\/wp-content\/uploads\/2024\/09\/vie-associative-1-150x150.jpg\",\"contentUrl\":\"https:\/\/vieassociative.be\/actualites\/wp-content\/uploads\/2024\/09\/vie-associative-1-150x150.jpg\",\"caption\":\"Julien\"},\"description\":\"Je suis Julien, r\u00e9dacteur pour Vie Associative. Passionn\u00e9 par le monde associatif depuis plus de 10 ans, j'ai \u00e0 c\u0153ur de partager des histoires inspirantes et de mettre en lumi\u00e8re les initiatives locales. Mon objectif est de sensibiliser et d'encourager l'engagement communautaire \u00e0 travers mes articles.\",\"sameAs\":[\"https:\/\/vieassociative.be\/\"]}]}<\/script>\n<!-- \/ Yoast SEO plugin. -->","yoast_head_json":{"title":"Francis est de retour au Vatican apr\u00e8s cinq semaines | Vie Associative","robots":{"index":"index","follow":"follow","max-snippet":"max-snippet:-1","max-image-preview":"max-image-preview:large","max-video-preview":"max-video-preview:-1"},"canonical":"https:\/\/vieassociative.be\/actualites\/francis-est-de-retour-au-vatican-apres-cinq-semaines\/","og_locale":"fr_FR","og_type":"article","og_title":"Francis est de retour au Vatican apr\u00e8s cinq semaines | Vie Associative","og_description":"Apr\u00e8s 38 jours \u00e0 l&rsquo;h\u00f4pital, Francis est de retour \u00e0 la maison. Auparavant, il montre les cam\u00e9ras de la clinique Gemelli pour la premi\u00e8re fois.","og_url":"https:\/\/vieassociative.be\/actualites\/francis-est-de-retour-au-vatican-apres-cinq-semaines\/","og_site_name":"Vie Associative","article_published_time":"2025-03-23T14:17:24+00:00","og_image":[{"width":279,"height":92,"url":"https:\/\/vieassociative.be\/actualites\/wp-content\/uploads\/2024\/09\/header_backgroundk-01-e1726694325946.png","type":"image\/png"}],"author":"Julien","twitter_card":"summary_large_image","twitter_misc":{"\u00c9crit par":"Julien","Dur\u00e9e de lecture est.":"5 minutes"},"schema":{"@context":"https:\/\/schema.org","@graph":[{"@type":"Article","@id":"https:\/\/vieassociative.be\/actualites\/francis-est-de-retour-au-vatican-apres-cinq-semaines\/#article","isPartOf":{"@id":"https:\/\/vieassociative.be\/actualites\/francis-est-de-retour-au-vatican-apres-cinq-semaines\/"},"author":{"name":"Julien","@id":"https:\/\/vieassociative.be\/actualites\/#\/schema\/person\/b87ac4f82f9d4e7b7cec7395b679edc4"},"headline":"Francis est de retour au Vatican apr\u00e8s cinq semaines","datePublished":"2025-03-23T14:17:24+00:00","dateModified":"2025-03-23T14:17:24+00:00","mainEntityOfPage":{"@id":"https:\/\/vieassociative.be\/actualites\/francis-est-de-retour-au-vatican-apres-cinq-semaines\/"},"wordCount":958,"publisher":{"@id":"https:\/\/vieassociative.be\/actualites\/#organization"},"image":{"@id":"https:\/\/vieassociative.be\/actualites\/francis-est-de-retour-au-vatican-apres-cinq-semaines\/#primaryimage"},"thumbnailUrl":"https:\/\/vieassociative.be\/actualites\/wp-content\/uploads\/2025\/03\/1742739445_Francis-est-de-retour-au-Vatican-apres-cinq-semaines.jpg","keywords":["Apr\u00e8s","Cinq","est","Francis","retour","semaines","Vatican"],"articleSection":["Belgique"],"inLanguage":"fr-BE"},{"@type":"WebPage","@id":"https:\/\/vieassociative.be\/actualites\/francis-est-de-retour-au-vatican-apres-cinq-semaines\/","url":"https:\/\/vieassociative.be\/actualites\/francis-est-de-retour-au-vatican-apres-cinq-semaines\/","name":"Francis est de retour au Vatican apr\u00e8s cinq semaines | Vie Associative","isPartOf":{"@id":"https:\/\/vieassociative.be\/actualites\/#website"},"primaryImageOfPage":{"@id":"https:\/\/vieassociative.be\/actualites\/francis-est-de-retour-au-vatican-apres-cinq-semaines\/#primaryimage"},"image":{"@id":"https:\/\/vieassociative.be\/actualites\/francis-est-de-retour-au-vatican-apres-cinq-semaines\/#primaryimage"},"thumbnailUrl":"https:\/\/vieassociative.be\/actualites\/wp-content\/uploads\/2025\/03\/1742739445_Francis-est-de-retour-au-Vatican-apres-cinq-semaines.jpg","datePublished":"2025-03-23T14:17:24+00:00","dateModified":"2025-03-23T14:17:24+00:00","breadcrumb":{"@id":"https:\/\/vieassociative.be\/actualites\/francis-est-de-retour-au-vatican-apres-cinq-semaines\/#breadcrumb"},"inLanguage":"fr-BE","potentialAction":[{"@type":"ReadAction","target":["https:\/\/vieassociative.be\/actualites\/francis-est-de-retour-au-vatican-apres-cinq-semaines\/"]}]},{"@type":"ImageObject","inLanguage":"fr-BE","@id":"https:\/\/vieassociative.be\/actualites\/francis-est-de-retour-au-vatican-apres-cinq-semaines\/#primaryimage","url":"https:\/\/vieassociative.be\/actualites\/wp-content\/uploads\/2025\/03\/1742739445_Francis-est-de-retour-au-Vatican-apres-cinq-semaines.jpg","contentUrl":"https:\/\/vieassociative.be\/actualites\/wp-content\/uploads\/2025\/03\/1742739445_Francis-est-de-retour-au-Vatican-apres-cinq-semaines.jpg","width":1200,"height":800,"caption":"Francis est de retour au Vatican apr\u00e8s cinq semaines"},{"@type":"BreadcrumbList","@id":"https:\/\/vieassociative.be\/actualites\/francis-est-de-retour-au-vatican-apres-cinq-semaines\/#breadcrumb","itemListElement":[{"@type":"ListItem","position":1,"name":"Accueil","item":"https:\/\/vieassociative.be\/actualites\/"},{"@type":"ListItem","position":2,"name":"Francis est de retour au Vatican apr\u00e8s cinq semaines"}]},{"@type":"WebSite","@id":"https:\/\/vieassociative.be\/actualites\/#website","url":"https:\/\/vieassociative.be\/actualites\/","name":"Vie Associative","description":"","publisher":{"@id":"https:\/\/vieassociative.be\/actualites\/#organization"},"potentialAction":[{"@type":"SearchAction","target":{"@type":"EntryPoint","urlTemplate":"https:\/\/vieassociative.be\/actualites\/?s={search_term_string}"},"query-input":{"@type":"PropertyValueSpecification","valueRequired":true,"valueName":"search_term_string"}}],"inLanguage":"fr-BE"},{"@type":"Organization","@id":"https:\/\/vieassociative.be\/actualites\/#organization","name":"Vie Associative","url":"https:\/\/vieassociative.be\/actualites\/","logo":{"@type":"ImageObject","inLanguage":"fr-BE","@id":"https:\/\/vieassociative.be\/actualites\/#\/schema\/logo\/image\/","url":"https:\/\/vieassociative.be\/actualites\/wp-content\/uploads\/2024\/09\/cropped-vieassociative_favicon.ico.png","contentUrl":"https:\/\/vieassociative.be\/actualites\/wp-content\/uploads\/2024\/09\/cropped-vieassociative_favicon.ico.png","width":512,"height":512,"caption":"Vie Associative"},"image":{"@id":"https:\/\/vieassociative.be\/actualites\/#\/schema\/logo\/image\/"}},{"@type":"Person","@id":"https:\/\/vieassociative.be\/actualites\/#\/schema\/person\/b87ac4f82f9d4e7b7cec7395b679edc4","name":"Julien","image":{"@type":"ImageObject","inLanguage":"fr-BE","@id":"https:\/\/vieassociative.be\/actualites\/#\/schema\/person\/image\/","url":"https:\/\/vieassociative.be\/actualites\/wp-content\/uploads\/2024\/09\/vie-associative-1-150x150.jpg","contentUrl":"https:\/\/vieassociative.be\/actualites\/wp-content\/uploads\/2024\/09\/vie-associative-1-150x150.jpg","caption":"Julien"},"description":"Je suis Julien, r\u00e9dacteur pour Vie Associative. Passionn\u00e9 par le monde associatif depuis plus de 10 ans, j'ai \u00e0 c\u0153ur de partager des histoires inspirantes et de mettre en lumi\u00e8re les initiatives locales. Mon objectif est de sensibiliser et d'encourager l'engagement communautaire \u00e0 travers mes articles.","sameAs":["https:\/\/vieassociative.be\/"]}]}},"_links":{"self":[{"href":"https:\/\/vieassociative.be\/actualites\/wp-json\/wp\/v2\/posts\/6095"}],"collection":[{"href":"https:\/\/vieassociative.be\/actualites\/wp-json\/wp\/v2\/posts"}],"about":[{"href":"https:\/\/vieassociative.be\/actualites\/wp-json\/wp\/v2\/types\/post"}],"author":[{"embeddable":true,"href":"https:\/\/vieassociative.be\/actualites\/wp-json\/wp\/v2\/users\/1"}],"replies":[{"embeddable":true,"href":"https:\/\/vieassociative.be\/actualites\/wp-json\/wp\/v2\/comments?post=6095"}],"version-history":[{"count":0,"href":"https:\/\/vieassociative.be\/actualites\/wp-json\/wp\/v2\/posts\/6095\/revisions"}],"wp:featuredmedia":[{"embeddable":true,"href":"https:\/\/vieassociative.be\/actualites\/wp-json\/wp\/v2\/media\/6096"}],"wp:attachment":[{"href":"https:\/\/vieassociative.be\/actualites\/wp-json\/wp\/v2\/media?parent=6095"}],"wp:term":[{"taxonomy":"category","embeddable":true,"href":"https:\/\/vieassociative.be\/actualites\/wp-json\/wp\/v2\/categories?post=6095"},{"taxonomy":"post_tag","embeddable":true,"href":"https:\/\/vieassociative.be\/actualites\/wp-json\/wp\/v2\/tags?post=6095"}],"curies":[{"name":"wp","href":"https:\/\/api.w.org\/{rel}","templated":true}]}}