{"id":6083,"date":"2025-03-23T03:19:23","date_gmt":"2025-03-23T02:19:23","guid":{"rendered":"https:\/\/vieassociative.be\/actualites\/usa-donald-trump-revoque-les-communiques-de-securite-pour-joe-biden-antony-flashing-et-kamala-harris\/"},"modified":"2025-03-23T03:19:23","modified_gmt":"2025-03-23T02:19:23","slug":"usa-donald-trump-revoque-les-communiques-de-securite-pour-joe-biden-antony-flashing-et-kamala-harris","status":"publish","type":"post","link":"https:\/\/vieassociative.be\/actualites\/usa-donald-trump-revoque-les-communiques-de-securite-pour-joe-biden-antony-flashing-et-kamala-harris\/","title":{"rendered":"USA: Donald Trump r\u00e9voque les communiqu\u00e9s de s\u00e9curit\u00e9 pour Joe Biden, Antony Flashing et Kamala Harris"},"content":{"rendered":"<p><strong>D\u00e8s f\u00e9vrier, le pr\u00e9sident am\u00e9ricain a annonc\u00e9 qu&rsquo;il voulait emp\u00eacher les opposants politiques d&rsquo;acc\u00e9der \u00e0 des informations confidentielles. Maintenant, il fait s\u00e9rieusement.<\/strong><\/p>\n<p><span id=\"more-411733\"><\/span>Dans un m\u00e9morandum, le pr\u00e9sident am\u00e9ricain Donald Trump a r\u00e9voqu\u00e9 les communiqu\u00e9s de s\u00e9curit\u00e9 pour son pr\u00e9d\u00e9cesseur Joe Biden, dont l&rsquo;ancien vice-pr\u00e9sident Kamala Harris et d&rsquo;autres d\u00e9mocrates de premier plan et opposants politiques. Il a constat\u00e9 que l&rsquo;acc\u00e8s aux friches de ces personnes n&rsquo;\u00e9tait \u00ab\u00a0plus sous un int\u00e9r\u00eat national\u00a0\u00bb, dit-il.<\/p>\n<p>Le m\u00e9morandum appelle un total de 15 personnes, dont l&rsquo;ancienne ministre des Affaires \u00e9trang\u00e8res Antony Blinken et l&rsquo;ancien candidat oppos\u00e9 de Trump dans sa premi\u00e8re course pr\u00e9sidentielle, Hillary Clinton. En outre, tous les membres de la famille Bidens devraient \u00eatre retir\u00e9s de leur approbation de s\u00e9curit\u00e9.<\/p>\n<div id=\"attachment_406211\" class=\"wp-caption alignleft\" style=\"max-width: 300px\"><img fetchpriority=\"high\" decoding=\"async\" class=\"wp-image-406211 size-medium\" src=\"https:\/\/vieassociative.be\/actualites\/wp-content\/uploads\/2025\/01\/1736993841_497_Accord-sur-le-cessez-le-feu-a-Gaza-et-la-liberation-des.jpg\" alt=\"\" width=\"300\" height=\"200\"><\/p>\n<p class=\"wp-caption-text\">15\/01\/2025, \u00c9tats-Unis, Washington: le pr\u00e9sident am\u00e9ricain Joe Biden (M) avec la vice-pr\u00e9sidente Kamala Harris et le ministre des Affaires \u00e9trang\u00e8res Anthony clignotant dans la salle crois\u00e9e de la Maison Blanche. Photo: Evan Vucci \/ AP \/ DPA<\/p>\n<\/div>\n<p>Trump a demand\u00e9 aux chefs des d\u00e9partements et autorit\u00e9s concern\u00e9s de r\u00e9voquer les communiqu\u00e9s de s\u00e9curit\u00e9 et de priver imm\u00e9diatement les personnes mentionn\u00e9es. De plus, \u00abl&rsquo;acc\u00e8s non accompagn\u00e9 aux installations s\u00e9curis\u00e9s des \u00c9tats-Unis\u00bb devrait leur \u00eatre refus\u00e9.<\/p>\n<p>L&rsquo;\u00e9tape n&rsquo;est pas surprenante. Trump avait d\u00e9j\u00e0 annonc\u00e9 d\u00e9but f\u00e9vrier pour vouloir refuser \u00e0 certains opposants politiques l&rsquo;acc\u00e8s \u00e0 des informations confidentielles.<\/p>\n<p>Dans le cas de Bidens, cela signifie \u00e9galement que les agences de renseignement quotidiennes ne re\u00e7oivent plus. Trump a justifi\u00e9 l&rsquo;\u00e9tape en f\u00e9vrier avec le fait que Biden avait \u00e9galement refus\u00e9 l&rsquo;acc\u00e8s \u00e0 certaines informations sur la s\u00e9curit\u00e9 nationale apr\u00e8s son entr\u00e9e en fonction en 2021. \u00c0 cette \u00e9poque, Biden avait justifi\u00e9 cela avec le \u00ab\u00a0comportement erratique\u00a0\u00bb de Trump. Habituellement, les anciens pr\u00e9sidents conservent une certaine approbation de la s\u00e9curit\u00e9 m\u00eame apr\u00e8s avoir quitt\u00e9 le bureau. (DPA)<\/p>\n","protected":false},"excerpt":{"rendered":"<p>D\u00e8s f\u00e9vrier, le pr\u00e9sident am\u00e9ricain a annonc\u00e9 qu&rsquo;il voulait emp\u00eacher les opposants politiques d&rsquo;acc\u00e9der \u00e0 des informations confidentielles. Maintenant, il fait s\u00e9rieusement. Dans un m\u00e9morandum,<\/p>\n","protected":false},"author":1,"featured_media":6084,"comment_status":"","ping_status":"","sticky":false,"template":"","format":"standard","meta":{"footnotes":""},"categories":[298],"tags":[5983,3147,5982,2424,5984,2429,255,2428,14,81,5981,151,2425,2664],"class_list":["post-6083","post","type-post","status-publish","format-standard","has-post-thumbnail","hentry","category-belgique","tag-antony","tag-biden","tag-communiques","tag-donald","tag-flashing","tag-harris","tag-joe","tag-kamala","tag-les","tag-pour","tag-revoque","tag-securite","tag-trump","tag-usa","generate-columns","tablet-grid-50","mobile-grid-100","grid-parent","grid-33"],"yoast_head":"<!-- This site is optimized with the Yoast SEO plugin v24.0 - https:\/\/yoast.com\/wordpress\/plugins\/seo\/ -->\n<title>USA: Donald Trump r\u00e9voque les communiqu\u00e9s de s\u00e9curit\u00e9 pour Joe Biden, Antony Flashing et Kamala Harris | Vie Associative<\/title>\n<meta name=\"robots\" content=\"index, follow, max-snippet:-1, max-image-preview:large, max-video-preview:-1\" \/>\n<link rel=\"canonical\" href=\"https:\/\/vieassociative.be\/actualites\/usa-donald-trump-revoque-les-communiques-de-securite-pour-joe-biden-antony-flashing-et-kamala-harris\/\" \/>\n<meta property=\"og:locale\" content=\"fr_FR\" \/>\n<meta property=\"og:type\" content=\"article\" \/>\n<meta property=\"og:title\" content=\"USA: Donald Trump r\u00e9voque les communiqu\u00e9s de s\u00e9curit\u00e9 pour Joe Biden, Antony Flashing et Kamala Harris | Vie Associative\" \/>\n<meta property=\"og:description\" content=\"D\u00e8s f\u00e9vrier, le pr\u00e9sident am\u00e9ricain a annonc\u00e9 qu&rsquo;il voulait emp\u00eacher les opposants politiques d&rsquo;acc\u00e9der \u00e0 des informations confidentielles. Maintenant, il fait s\u00e9rieusement. Dans un m\u00e9morandum,\" \/>\n<meta property=\"og:url\" content=\"https:\/\/vieassociative.be\/actualites\/usa-donald-trump-revoque-les-communiques-de-securite-pour-joe-biden-antony-flashing-et-kamala-harris\/\" \/>\n<meta property=\"og:site_name\" content=\"Vie Associative\" \/>\n<meta property=\"article:published_time\" content=\"2025-03-23T02:19:23+00:00\" \/>\n<meta property=\"og:image\" content=\"https:\/\/vieassociative.be\/actualites\/wp-content\/uploads\/2024\/09\/header_backgroundk-01-e1726694325946.png\" \/>\n\t<meta property=\"og:image:width\" content=\"279\" \/>\n\t<meta property=\"og:image:height\" content=\"92\" \/>\n\t<meta property=\"og:image:type\" content=\"image\/png\" \/>\n<meta name=\"author\" content=\"Julien\" \/>\n<meta name=\"twitter:card\" content=\"summary_large_image\" \/>\n<meta name=\"twitter:label1\" content=\"\u00c9crit par\" \/>\n\t<meta name=\"twitter:data1\" content=\"Julien\" \/>\n\t<meta name=\"twitter:label2\" content=\"Dur\u00e9e de lecture est.\" \/>\n\t<meta name=\"twitter:data2\" content=\"2 minutes\" \/>\n<script type=\"application\/ld+json\" class=\"yoast-schema-graph\">{\"@context\":\"https:\/\/schema.org\",\"@graph\":[{\"@type\":\"Article\",\"@id\":\"https:\/\/vieassociative.be\/actualites\/usa-donald-trump-revoque-les-communiques-de-securite-pour-joe-biden-antony-flashing-et-kamala-harris\/#article\",\"isPartOf\":{\"@id\":\"https:\/\/vieassociative.be\/actualites\/usa-donald-trump-revoque-les-communiques-de-securite-pour-joe-biden-antony-flashing-et-kamala-harris\/\"},\"author\":{\"name\":\"Julien\",\"@id\":\"https:\/\/vieassociative.be\/actualites\/#\/schema\/person\/b87ac4f82f9d4e7b7cec7395b679edc4\"},\"headline\":\"USA: Donald Trump r\u00e9voque les communiqu\u00e9s de s\u00e9curit\u00e9 pour Joe Biden, Antony Flashing et Kamala Harris\",\"datePublished\":\"2025-03-23T02:19:23+00:00\",\"dateModified\":\"2025-03-23T02:19:23+00:00\",\"mainEntityOfPage\":{\"@id\":\"https:\/\/vieassociative.be\/actualites\/usa-donald-trump-revoque-les-communiques-de-securite-pour-joe-biden-antony-flashing-et-kamala-harris\/\"},\"wordCount\":370,\"publisher\":{\"@id\":\"https:\/\/vieassociative.be\/actualites\/#organization\"},\"image\":{\"@id\":\"https:\/\/vieassociative.be\/actualites\/usa-donald-trump-revoque-les-communiques-de-securite-pour-joe-biden-antony-flashing-et-kamala-harris\/#primaryimage\"},\"thumbnailUrl\":\"https:\/\/vieassociative.be\/actualites\/wp-content\/uploads\/2025\/03\/USA-Donald-Trump-revoque-les-communiques-de-securite-pour-Joe.jpg\",\"keywords\":[\"Antony\",\"Biden\",\"communiqu\u00e9s\",\"Donald\",\"Flashing\",\"Harris\",\"Joe\",\"Kamala\",\"Les\",\"pour\",\"r\u00e9voque\",\"s\u00e9curit\u00e9\",\"Trump\",\"USA\"],\"articleSection\":[\"Belgique\"],\"inLanguage\":\"fr-BE\"},{\"@type\":\"WebPage\",\"@id\":\"https:\/\/vieassociative.be\/actualites\/usa-donald-trump-revoque-les-communiques-de-securite-pour-joe-biden-antony-flashing-et-kamala-harris\/\",\"url\":\"https:\/\/vieassociative.be\/actualites\/usa-donald-trump-revoque-les-communiques-de-securite-pour-joe-biden-antony-flashing-et-kamala-harris\/\",\"name\":\"USA: Donald Trump r\u00e9voque les communiqu\u00e9s de s\u00e9curit\u00e9 pour Joe Biden, Antony Flashing et Kamala Harris | Vie Associative\",\"isPartOf\":{\"@id\":\"https:\/\/vieassociative.be\/actualites\/#website\"},\"primaryImageOfPage\":{\"@id\":\"https:\/\/vieassociative.be\/actualites\/usa-donald-trump-revoque-les-communiques-de-securite-pour-joe-biden-antony-flashing-et-kamala-harris\/#primaryimage\"},\"image\":{\"@id\":\"https:\/\/vieassociative.be\/actualites\/usa-donald-trump-revoque-les-communiques-de-securite-pour-joe-biden-antony-flashing-et-kamala-harris\/#primaryimage\"},\"thumbnailUrl\":\"https:\/\/vieassociative.be\/actualites\/wp-content\/uploads\/2025\/03\/USA-Donald-Trump-revoque-les-communiques-de-securite-pour-Joe.jpg\",\"datePublished\":\"2025-03-23T02:19:23+00:00\",\"dateModified\":\"2025-03-23T02:19:23+00:00\",\"breadcrumb\":{\"@id\":\"https:\/\/vieassociative.be\/actualites\/usa-donald-trump-revoque-les-communiques-de-securite-pour-joe-biden-antony-flashing-et-kamala-harris\/#breadcrumb\"},\"inLanguage\":\"fr-BE\",\"potentialAction\":[{\"@type\":\"ReadAction\",\"target\":[\"https:\/\/vieassociative.be\/actualites\/usa-donald-trump-revoque-les-communiques-de-securite-pour-joe-biden-antony-flashing-et-kamala-harris\/\"]}]},{\"@type\":\"ImageObject\",\"inLanguage\":\"fr-BE\",\"@id\":\"https:\/\/vieassociative.be\/actualites\/usa-donald-trump-revoque-les-communiques-de-securite-pour-joe-biden-antony-flashing-et-kamala-harris\/#primaryimage\",\"url\":\"https:\/\/vieassociative.be\/actualites\/wp-content\/uploads\/2025\/03\/USA-Donald-Trump-revoque-les-communiques-de-securite-pour-Joe.jpg\",\"contentUrl\":\"https:\/\/vieassociative.be\/actualites\/wp-content\/uploads\/2025\/03\/USA-Donald-Trump-revoque-les-communiques-de-securite-pour-Joe.jpg\",\"width\":1200,\"height\":800,\"caption\":\"USA: Donald Trump r\u00e9voque les communiqu\u00e9s de s\u00e9curit\u00e9 pour Joe Biden, Antony Flashing et Kamala Harris\"},{\"@type\":\"BreadcrumbList\",\"@id\":\"https:\/\/vieassociative.be\/actualites\/usa-donald-trump-revoque-les-communiques-de-securite-pour-joe-biden-antony-flashing-et-kamala-harris\/#breadcrumb\",\"itemListElement\":[{\"@type\":\"ListItem\",\"position\":1,\"name\":\"Accueil\",\"item\":\"https:\/\/vieassociative.be\/actualites\/\"},{\"@type\":\"ListItem\",\"position\":2,\"name\":\"USA: Donald Trump r\u00e9voque les communiqu\u00e9s de s\u00e9curit\u00e9 pour Joe Biden, Antony Flashing et Kamala Harris\"}]},{\"@type\":\"WebSite\",\"@id\":\"https:\/\/vieassociative.be\/actualites\/#website\",\"url\":\"https:\/\/vieassociative.be\/actualites\/\",\"name\":\"Vie Associative\",\"description\":\"\",\"publisher\":{\"@id\":\"https:\/\/vieassociative.be\/actualites\/#organization\"},\"potentialAction\":[{\"@type\":\"SearchAction\",\"target\":{\"@type\":\"EntryPoint\",\"urlTemplate\":\"https:\/\/vieassociative.be\/actualites\/?s={search_term_string}\"},\"query-input\":{\"@type\":\"PropertyValueSpecification\",\"valueRequired\":true,\"valueName\":\"search_term_string\"}}],\"inLanguage\":\"fr-BE\"},{\"@type\":\"Organization\",\"@id\":\"https:\/\/vieassociative.be\/actualites\/#organization\",\"name\":\"Vie Associative\",\"url\":\"https:\/\/vieassociative.be\/actualites\/\",\"logo\":{\"@type\":\"ImageObject\",\"inLanguage\":\"fr-BE\",\"@id\":\"https:\/\/vieassociative.be\/actualites\/#\/schema\/logo\/image\/\",\"url\":\"https:\/\/vieassociative.be\/actualites\/wp-content\/uploads\/2024\/09\/cropped-vieassociative_favicon.ico.png\",\"contentUrl\":\"https:\/\/vieassociative.be\/actualites\/wp-content\/uploads\/2024\/09\/cropped-vieassociative_favicon.ico.png\",\"width\":512,\"height\":512,\"caption\":\"Vie Associative\"},\"image\":{\"@id\":\"https:\/\/vieassociative.be\/actualites\/#\/schema\/logo\/image\/\"}},{\"@type\":\"Person\",\"@id\":\"https:\/\/vieassociative.be\/actualites\/#\/schema\/person\/b87ac4f82f9d4e7b7cec7395b679edc4\",\"name\":\"Julien\",\"image\":{\"@type\":\"ImageObject\",\"inLanguage\":\"fr-BE\",\"@id\":\"https:\/\/vieassociative.be\/actualites\/#\/schema\/person\/image\/\",\"url\":\"https:\/\/vieassociative.be\/actualites\/wp-content\/uploads\/2024\/09\/vie-associative-1-150x150.jpg\",\"contentUrl\":\"https:\/\/vieassociative.be\/actualites\/wp-content\/uploads\/2024\/09\/vie-associative-1-150x150.jpg\",\"caption\":\"Julien\"},\"description\":\"Je suis Julien, r\u00e9dacteur pour Vie Associative. Passionn\u00e9 par le monde associatif depuis plus de 10 ans, j'ai \u00e0 c\u0153ur de partager des histoires inspirantes et de mettre en lumi\u00e8re les initiatives locales. Mon objectif est de sensibiliser et d'encourager l'engagement communautaire \u00e0 travers mes articles.\",\"sameAs\":[\"https:\/\/vieassociative.be\/\"]}]}<\/script>\n<!-- \/ Yoast SEO plugin. -->","yoast_head_json":{"title":"USA: Donald Trump r\u00e9voque les communiqu\u00e9s de s\u00e9curit\u00e9 pour Joe Biden, Antony Flashing et Kamala Harris | Vie Associative","robots":{"index":"index","follow":"follow","max-snippet":"max-snippet:-1","max-image-preview":"max-image-preview:large","max-video-preview":"max-video-preview:-1"},"canonical":"https:\/\/vieassociative.be\/actualites\/usa-donald-trump-revoque-les-communiques-de-securite-pour-joe-biden-antony-flashing-et-kamala-harris\/","og_locale":"fr_FR","og_type":"article","og_title":"USA: Donald Trump r\u00e9voque les communiqu\u00e9s de s\u00e9curit\u00e9 pour Joe Biden, Antony Flashing et Kamala Harris | Vie Associative","og_description":"D\u00e8s f\u00e9vrier, le pr\u00e9sident am\u00e9ricain a annonc\u00e9 qu&rsquo;il voulait emp\u00eacher les opposants politiques d&rsquo;acc\u00e9der \u00e0 des informations confidentielles. Maintenant, il fait s\u00e9rieusement. Dans un m\u00e9morandum,","og_url":"https:\/\/vieassociative.be\/actualites\/usa-donald-trump-revoque-les-communiques-de-securite-pour-joe-biden-antony-flashing-et-kamala-harris\/","og_site_name":"Vie Associative","article_published_time":"2025-03-23T02:19:23+00:00","og_image":[{"width":279,"height":92,"url":"https:\/\/vieassociative.be\/actualites\/wp-content\/uploads\/2024\/09\/header_backgroundk-01-e1726694325946.png","type":"image\/png"}],"author":"Julien","twitter_card":"summary_large_image","twitter_misc":{"\u00c9crit par":"Julien","Dur\u00e9e de lecture est.":"2 minutes"},"schema":{"@context":"https:\/\/schema.org","@graph":[{"@type":"Article","@id":"https:\/\/vieassociative.be\/actualites\/usa-donald-trump-revoque-les-communiques-de-securite-pour-joe-biden-antony-flashing-et-kamala-harris\/#article","isPartOf":{"@id":"https:\/\/vieassociative.be\/actualites\/usa-donald-trump-revoque-les-communiques-de-securite-pour-joe-biden-antony-flashing-et-kamala-harris\/"},"author":{"name":"Julien","@id":"https:\/\/vieassociative.be\/actualites\/#\/schema\/person\/b87ac4f82f9d4e7b7cec7395b679edc4"},"headline":"USA: Donald Trump r\u00e9voque les communiqu\u00e9s de s\u00e9curit\u00e9 pour Joe Biden, Antony Flashing et Kamala Harris","datePublished":"2025-03-23T02:19:23+00:00","dateModified":"2025-03-23T02:19:23+00:00","mainEntityOfPage":{"@id":"https:\/\/vieassociative.be\/actualites\/usa-donald-trump-revoque-les-communiques-de-securite-pour-joe-biden-antony-flashing-et-kamala-harris\/"},"wordCount":370,"publisher":{"@id":"https:\/\/vieassociative.be\/actualites\/#organization"},"image":{"@id":"https:\/\/vieassociative.be\/actualites\/usa-donald-trump-revoque-les-communiques-de-securite-pour-joe-biden-antony-flashing-et-kamala-harris\/#primaryimage"},"thumbnailUrl":"https:\/\/vieassociative.be\/actualites\/wp-content\/uploads\/2025\/03\/USA-Donald-Trump-revoque-les-communiques-de-securite-pour-Joe.jpg","keywords":["Antony","Biden","communiqu\u00e9s","Donald","Flashing","Harris","Joe","Kamala","Les","pour","r\u00e9voque","s\u00e9curit\u00e9","Trump","USA"],"articleSection":["Belgique"],"inLanguage":"fr-BE"},{"@type":"WebPage","@id":"https:\/\/vieassociative.be\/actualites\/usa-donald-trump-revoque-les-communiques-de-securite-pour-joe-biden-antony-flashing-et-kamala-harris\/","url":"https:\/\/vieassociative.be\/actualites\/usa-donald-trump-revoque-les-communiques-de-securite-pour-joe-biden-antony-flashing-et-kamala-harris\/","name":"USA: Donald Trump r\u00e9voque les communiqu\u00e9s de s\u00e9curit\u00e9 pour Joe Biden, Antony Flashing et Kamala Harris | Vie Associative","isPartOf":{"@id":"https:\/\/vieassociative.be\/actualites\/#website"},"primaryImageOfPage":{"@id":"https:\/\/vieassociative.be\/actualites\/usa-donald-trump-revoque-les-communiques-de-securite-pour-joe-biden-antony-flashing-et-kamala-harris\/#primaryimage"},"image":{"@id":"https:\/\/vieassociative.be\/actualites\/usa-donald-trump-revoque-les-communiques-de-securite-pour-joe-biden-antony-flashing-et-kamala-harris\/#primaryimage"},"thumbnailUrl":"https:\/\/vieassociative.be\/actualites\/wp-content\/uploads\/2025\/03\/USA-Donald-Trump-revoque-les-communiques-de-securite-pour-Joe.jpg","datePublished":"2025-03-23T02:19:23+00:00","dateModified":"2025-03-23T02:19:23+00:00","breadcrumb":{"@id":"https:\/\/vieassociative.be\/actualites\/usa-donald-trump-revoque-les-communiques-de-securite-pour-joe-biden-antony-flashing-et-kamala-harris\/#breadcrumb"},"inLanguage":"fr-BE","potentialAction":[{"@type":"ReadAction","target":["https:\/\/vieassociative.be\/actualites\/usa-donald-trump-revoque-les-communiques-de-securite-pour-joe-biden-antony-flashing-et-kamala-harris\/"]}]},{"@type":"ImageObject","inLanguage":"fr-BE","@id":"https:\/\/vieassociative.be\/actualites\/usa-donald-trump-revoque-les-communiques-de-securite-pour-joe-biden-antony-flashing-et-kamala-harris\/#primaryimage","url":"https:\/\/vieassociative.be\/actualites\/wp-content\/uploads\/2025\/03\/USA-Donald-Trump-revoque-les-communiques-de-securite-pour-Joe.jpg","contentUrl":"https:\/\/vieassociative.be\/actualites\/wp-content\/uploads\/2025\/03\/USA-Donald-Trump-revoque-les-communiques-de-securite-pour-Joe.jpg","width":1200,"height":800,"caption":"USA: Donald Trump r\u00e9voque les communiqu\u00e9s de s\u00e9curit\u00e9 pour Joe Biden, Antony Flashing et Kamala Harris"},{"@type":"BreadcrumbList","@id":"https:\/\/vieassociative.be\/actualites\/usa-donald-trump-revoque-les-communiques-de-securite-pour-joe-biden-antony-flashing-et-kamala-harris\/#breadcrumb","itemListElement":[{"@type":"ListItem","position":1,"name":"Accueil","item":"https:\/\/vieassociative.be\/actualites\/"},{"@type":"ListItem","position":2,"name":"USA: Donald Trump r\u00e9voque les communiqu\u00e9s de s\u00e9curit\u00e9 pour Joe Biden, Antony Flashing et Kamala Harris"}]},{"@type":"WebSite","@id":"https:\/\/vieassociative.be\/actualites\/#website","url":"https:\/\/vieassociative.be\/actualites\/","name":"Vie Associative","description":"","publisher":{"@id":"https:\/\/vieassociative.be\/actualites\/#organization"},"potentialAction":[{"@type":"SearchAction","target":{"@type":"EntryPoint","urlTemplate":"https:\/\/vieassociative.be\/actualites\/?s={search_term_string}"},"query-input":{"@type":"PropertyValueSpecification","valueRequired":true,"valueName":"search_term_string"}}],"inLanguage":"fr-BE"},{"@type":"Organization","@id":"https:\/\/vieassociative.be\/actualites\/#organization","name":"Vie Associative","url":"https:\/\/vieassociative.be\/actualites\/","logo":{"@type":"ImageObject","inLanguage":"fr-BE","@id":"https:\/\/vieassociative.be\/actualites\/#\/schema\/logo\/image\/","url":"https:\/\/vieassociative.be\/actualites\/wp-content\/uploads\/2024\/09\/cropped-vieassociative_favicon.ico.png","contentUrl":"https:\/\/vieassociative.be\/actualites\/wp-content\/uploads\/2024\/09\/cropped-vieassociative_favicon.ico.png","width":512,"height":512,"caption":"Vie Associative"},"image":{"@id":"https:\/\/vieassociative.be\/actualites\/#\/schema\/logo\/image\/"}},{"@type":"Person","@id":"https:\/\/vieassociative.be\/actualites\/#\/schema\/person\/b87ac4f82f9d4e7b7cec7395b679edc4","name":"Julien","image":{"@type":"ImageObject","inLanguage":"fr-BE","@id":"https:\/\/vieassociative.be\/actualites\/#\/schema\/person\/image\/","url":"https:\/\/vieassociative.be\/actualites\/wp-content\/uploads\/2024\/09\/vie-associative-1-150x150.jpg","contentUrl":"https:\/\/vieassociative.be\/actualites\/wp-content\/uploads\/2024\/09\/vie-associative-1-150x150.jpg","caption":"Julien"},"description":"Je suis Julien, r\u00e9dacteur pour Vie Associative. Passionn\u00e9 par le monde associatif depuis plus de 10 ans, j'ai \u00e0 c\u0153ur de partager des histoires inspirantes et de mettre en lumi\u00e8re les initiatives locales. Mon objectif est de sensibiliser et d'encourager l'engagement communautaire \u00e0 travers mes articles.","sameAs":["https:\/\/vieassociative.be\/"]}]}},"_links":{"self":[{"href":"https:\/\/vieassociative.be\/actualites\/wp-json\/wp\/v2\/posts\/6083"}],"collection":[{"href":"https:\/\/vieassociative.be\/actualites\/wp-json\/wp\/v2\/posts"}],"about":[{"href":"https:\/\/vieassociative.be\/actualites\/wp-json\/wp\/v2\/types\/post"}],"author":[{"embeddable":true,"href":"https:\/\/vieassociative.be\/actualites\/wp-json\/wp\/v2\/users\/1"}],"replies":[{"embeddable":true,"href":"https:\/\/vieassociative.be\/actualites\/wp-json\/wp\/v2\/comments?post=6083"}],"version-history":[{"count":0,"href":"https:\/\/vieassociative.be\/actualites\/wp-json\/wp\/v2\/posts\/6083\/revisions"}],"wp:featuredmedia":[{"embeddable":true,"href":"https:\/\/vieassociative.be\/actualites\/wp-json\/wp\/v2\/media\/6084"}],"wp:attachment":[{"href":"https:\/\/vieassociative.be\/actualites\/wp-json\/wp\/v2\/media?parent=6083"}],"wp:term":[{"taxonomy":"category","embeddable":true,"href":"https:\/\/vieassociative.be\/actualites\/wp-json\/wp\/v2\/categories?post=6083"},{"taxonomy":"post_tag","embeddable":true,"href":"https:\/\/vieassociative.be\/actualites\/wp-json\/wp\/v2\/tags?post=6083"}],"curies":[{"name":"wp","href":"https:\/\/api.w.org\/{rel}","templated":true}]}}