{"id":6076,"date":"2025-03-22T21:22:02","date_gmt":"2025-03-22T20:22:02","guid":{"rendered":"https:\/\/vieassociative.be\/actualites\/van-der-poel-remporte-le-classique-milan-sanremo-avec-pogacar-apres-une-finale-captivante-avec-pogacar\/"},"modified":"2025-03-22T21:22:02","modified_gmt":"2025-03-22T20:22:02","slug":"van-der-poel-remporte-le-classique-milan-sanremo-avec-pogacar-apres-une-finale-captivante-avec-pogacar","status":"publish","type":"post","link":"https:\/\/vieassociative.be\/actualites\/van-der-poel-remporte-le-classique-milan-sanremo-avec-pogacar-apres-une-finale-captivante-avec-pogacar\/","title":{"rendered":"Van der Poel remporte le classique Milan-Sanremo avec Pogacar apr\u00e8s une finale captivante avec Pogacar"},"content":{"rendered":"<p><strong>La saison de cyclisme 2025 acc\u00e9l\u00e8re la vitesse. Mathieu van der Poel et Tadej Pogacar ont un grand \u00e9change de coups dans la course traditionnelle sur 289 kilom\u00e8tres.<\/strong><\/p>\n<p><span id=\"more-411740\"><\/span>Seul Mathieu van der Poel sur le Poggio a par\u00e9 les attaques les plus pointues de Tadej Pogacar avec des couleurs volantes, puis l&rsquo;ex-champion du monde bruisse avec un sprint de classe sup\u00e9rieure pour une nouvelle victoire sur Via Roma. La superstar du cyclisme n\u00e9erlandais a triomph\u00e9 pour la deuxi\u00e8me fois apr\u00e8s 2023 au classique du printemps Milan-Sanremo.<\/p>\n<p>Van der Poel a gagn\u00e9 dans la 116e \u00e9dition dans le sprint d&rsquo;un groupe de trois apr\u00e8s 289 kilom\u00e8tres avant le double champion du monde de contre-la-montre Filippo Ganna et Pogacar, qui doit continuer \u00e0 attendre sa premi\u00e8re victoire \u00e0 Sanremo. Les pilotes allemands autour de l&rsquo;ex-voleur John Degenkolb n&rsquo;ont jou\u00e9 aucun r\u00f4le dans le premier point culminant de l&rsquo;ann\u00e9e cyclable 2025.<\/p>\n<div id=\"attachment_411746\" class=\"wp-caption alignleft\" style=\"max-width: 300px\"><img fetchpriority=\"high\" decoding=\"async\" class=\"wp-image-411746 size-medium\" src=\"https:\/\/vieassociative.be\/actualites\/wp-content\/uploads\/2025\/03\/Van-der-Poel-remporte-le-classique-Milan-Sanremo-avec-Pogacar-apres.jpg\" alt=\"\" width=\"300\" height=\"200\"><\/p>\n<p class=\"wp-caption-text\">22\/03\/2025, Italie, Sanremo: Mathieu van der Poel \u00e9treint son partenaire Roxanne Bertels apr\u00e8s sa victoire dans la course d&rsquo;\u00e9lite masculine. Photo: Massimo Paolone \/ Lapresse \/ AP \/ DPA<\/p>\n<\/div>\n<p>\u00ab\u00a0C&rsquo;est difficile \u00e0 croire. J&rsquo;\u00e9tais tr\u00e8s concentr\u00e9. Je savais que Tadej \u00e9tait tr\u00e8s fort. Je me sentais bien. C&rsquo;est la troisi\u00e8me victoire d&rsquo;une s\u00e9rie pour notre \u00e9quipe, ce qui est unique\u00a0\u00bb, a d\u00e9clar\u00e9 Van der Poel et a ajout\u00e9 \u00e0 l&rsquo;attaque de Pogacar contre le Poggio et la Cipressa: \u00ab\u00a0Il a essay\u00e9 de passer du temps. Mais je pensais que c&rsquo;\u00e9tait un peu surpris. a ouvert le sprint sur la ligne des 200 m\u00e8tres.<\/p>\n<p><strong>&#8211; \u00c9change de coups sur le Poggio:<\/strong> Pogacar et Van der Poel avaient pr\u00e9c\u00e9demment livr\u00e9 un \u00e9change \u00e0 couper le souffle de coups sur le Poggio. \u00c0 maintes reprises, le champion de la tourn\u00e9e a conduit des attaques nettes, mais le champion du monde de la croix est toujours rest\u00e9 sur la roue arri\u00e8re. Apr\u00e8s tout, c&rsquo;est Van der Poel qui a commenc\u00e9 une attaque surprise juste avant le passage \u00e0 niveau comme lors de sa victoire en 2023. Pogacar n&rsquo;a pas pu \u00eatre attrap\u00e9 cette fois, alors les deux sont all\u00e9s ensemble dans la descente fr\u00e9n\u00e9tique.<\/p>\n<p>Le rythme \u00e0 la mont\u00e9e a \u00e9t\u00e9 trop rapide pour l&rsquo;ancien champion du monde de contre-la-montre Ganna, mais l&rsquo;italien avec le grand moteur a pu compenser le shortening derri\u00e8re les derniers kilom\u00e8tres. Dans le sprint, cependant, il n&rsquo;avait \u00e9galement aucune chance contre van der Poel.<\/p>\n<p><strong>&#8211; Le vainqueur de l&rsquo;ann\u00e9e derni\u00e8re, Philipsen, a quitt\u00e9:<\/strong> Pogacar et sa solide \u00e9quipe autour de Cologne Nils Politt sur la Cipressa ont fourni une d\u00e9cision pr\u00e9liminaire. L&rsquo;\u00e9quipe des EAU a frapp\u00e9 un nombre \u00e9lev\u00e9 de barres avant que Pogacar aient d\u00e9chir\u00e9 le terrain avec un autre aff\u00fbtage de rythme. Seuls Van der Poel et Ganna pouvaient toujours suivre que le sprinter tel que les vainqueurs de l&rsquo;ann\u00e9e derni\u00e8re et son co\u00e9quipier de Van-Boel Jasper Philipsen (Belgique) devaient \u00eatre d\u00e9molis.<\/p>\n<div id=\"attachment_411750\" class=\"wp-caption alignleft\" style=\"max-width: 300px\"><img decoding=\"async\" class=\"wp-image-411750 size-medium\" src=\"https:\/\/vieassociative.be\/actualites\/wp-content\/uploads\/2025\/03\/1742674922_416_Van-der-Poel-remporte-le-classique-Milan-Sanremo-avec-Pogacar-apres.jpg\" alt=\"\" width=\"300\" height=\"200\"><\/p>\n<p class=\"wp-caption-text\">22\/03\/2025, Italie, Sanremo: Tadej Pogacar (R) m\u00e8ne avant Mathieu van der Poel. Photo: Massimo Paolone \/ Lapresse \/ AP \/ DPA<\/p>\n<\/div>\n<p>Avec cela, le Slov\u00e8ne avait fait sa premi\u00e8re destination, car l&rsquo;ann\u00e9e derni\u00e8re, il avait \u00e9troitement regard\u00e9 le sprint d&rsquo;un groupe de haut niveau contre les hommes tr\u00e8s rapides comme Philipsen et Michael Matthews. Mais en tant que soliste comme sa victoire convaincante r\u00e9cemment au Strade Bianche, le joueur de 26 ans n&rsquo;est pas arriv\u00e9 \u00e0 Sanremo.<\/p>\n<p>Pour Pogacar, c&rsquo;\u00e9tait la cinqui\u00e8me tentative infructueuse de gagner \u00e0 LA Classicissima. \u00ab\u00a0Milan-san Remo m&rsquo;apportera dans la tombe &#8230; Je suis si proche, mais c&rsquo;est si loin, c&rsquo;est incroyable\u00a0\u00bb, avait frapp\u00e9 Pogacar \u00e0 l&rsquo;avance.<\/p>\n<p><strong>-Marts Pogacar \u00e0 Paris-Roubaix?<\/strong> La star du v\u00e9lo veut forcer la chasse aux cinq monuments cette ann\u00e9e. Pogacar a gagn\u00e9 au moins une fois par le pass\u00e9. Il manque toujours Milan-Sanremo et Paris-Roubaix. Il n&rsquo;a pas encore d\u00e9cid\u00e9 si Pogacar s&rsquo;attaquera \u00e0 la pav\u00e9e pav\u00e9e.<\/p>\n<p>Seuls les anciens tailles belges Eddy Merckx, Rik Van Looy et Roger de Vlaeminck ont \u200b\u200bremport\u00e9 des victoires dans les cinq grands classiques. Mais c&rsquo;\u00e9tait il y a environ 50 ans. (DPA)<\/p>\n","protected":false},"excerpt":{"rendered":"<p>La saison de cyclisme 2025 acc\u00e9l\u00e8re la vitesse. Mathieu van der Poel et Tadej Pogacar ont un grand \u00e9change de coups dans la course traditionnelle<\/p>\n","protected":false},"author":1,"featured_media":6077,"comment_status":"","ping_status":"","sticky":false,"template":"","format":"standard","meta":{"footnotes":""},"categories":[298],"tags":[472,61,5977,3642,668,879,5975,5974,5976,2809,110,4100],"class_list":["post-6076","post","type-post","status-publish","format-standard","has-post-thumbnail","hentry","category-belgique","tag-apres","tag-avec","tag-captivante","tag-classique","tag-der","tag-finale","tag-milansanremo","tag-poel","tag-pogacar","tag-remporte","tag-une","tag-van","generate-columns","tablet-grid-50","mobile-grid-100","grid-parent","grid-33"],"yoast_head":"<!-- This site is optimized with the Yoast SEO plugin v24.0 - https:\/\/yoast.com\/wordpress\/plugins\/seo\/ -->\n<title>Van der Poel remporte le classique Milan-Sanremo avec Pogacar apr\u00e8s une finale captivante avec Pogacar | Vie Associative<\/title>\n<meta name=\"robots\" content=\"index, follow, max-snippet:-1, max-image-preview:large, max-video-preview:-1\" \/>\n<link rel=\"canonical\" href=\"https:\/\/vieassociative.be\/actualites\/van-der-poel-remporte-le-classique-milan-sanremo-avec-pogacar-apres-une-finale-captivante-avec-pogacar\/\" \/>\n<meta property=\"og:locale\" content=\"fr_FR\" \/>\n<meta property=\"og:type\" content=\"article\" \/>\n<meta property=\"og:title\" content=\"Van der Poel remporte le classique Milan-Sanremo avec Pogacar apr\u00e8s une finale captivante avec Pogacar | Vie Associative\" \/>\n<meta property=\"og:description\" content=\"La saison de cyclisme 2025 acc\u00e9l\u00e8re la vitesse. Mathieu van der Poel et Tadej Pogacar ont un grand \u00e9change de coups dans la course traditionnelle\" \/>\n<meta property=\"og:url\" content=\"https:\/\/vieassociative.be\/actualites\/van-der-poel-remporte-le-classique-milan-sanremo-avec-pogacar-apres-une-finale-captivante-avec-pogacar\/\" \/>\n<meta property=\"og:site_name\" content=\"Vie Associative\" \/>\n<meta property=\"article:published_time\" content=\"2025-03-22T20:22:02+00:00\" \/>\n<meta property=\"og:image\" content=\"https:\/\/vieassociative.be\/actualites\/wp-content\/uploads\/2024\/09\/header_backgroundk-01-e1726694325946.png\" \/>\n\t<meta property=\"og:image:width\" content=\"279\" \/>\n\t<meta property=\"og:image:height\" content=\"92\" \/>\n\t<meta property=\"og:image:type\" content=\"image\/png\" \/>\n<meta name=\"author\" content=\"Julien\" \/>\n<meta name=\"twitter:card\" content=\"summary_large_image\" \/>\n<meta name=\"twitter:label1\" content=\"\u00c9crit par\" \/>\n\t<meta name=\"twitter:data1\" content=\"Julien\" \/>\n\t<meta name=\"twitter:label2\" content=\"Dur\u00e9e de lecture est.\" \/>\n\t<meta name=\"twitter:data2\" content=\"3 minutes\" \/>\n<script type=\"application\/ld+json\" class=\"yoast-schema-graph\">{\"@context\":\"https:\/\/schema.org\",\"@graph\":[{\"@type\":\"Article\",\"@id\":\"https:\/\/vieassociative.be\/actualites\/van-der-poel-remporte-le-classique-milan-sanremo-avec-pogacar-apres-une-finale-captivante-avec-pogacar\/#article\",\"isPartOf\":{\"@id\":\"https:\/\/vieassociative.be\/actualites\/van-der-poel-remporte-le-classique-milan-sanremo-avec-pogacar-apres-une-finale-captivante-avec-pogacar\/\"},\"author\":{\"name\":\"Julien\",\"@id\":\"https:\/\/vieassociative.be\/actualites\/#\/schema\/person\/b87ac4f82f9d4e7b7cec7395b679edc4\"},\"headline\":\"Van der Poel remporte le classique Milan-Sanremo avec Pogacar apr\u00e8s une finale captivante avec Pogacar\",\"datePublished\":\"2025-03-22T20:22:02+00:00\",\"dateModified\":\"2025-03-22T20:22:02+00:00\",\"mainEntityOfPage\":{\"@id\":\"https:\/\/vieassociative.be\/actualites\/van-der-poel-remporte-le-classique-milan-sanremo-avec-pogacar-apres-une-finale-captivante-avec-pogacar\/\"},\"wordCount\":730,\"publisher\":{\"@id\":\"https:\/\/vieassociative.be\/actualites\/#organization\"},\"image\":{\"@id\":\"https:\/\/vieassociative.be\/actualites\/van-der-poel-remporte-le-classique-milan-sanremo-avec-pogacar-apres-une-finale-captivante-avec-pogacar\/#primaryimage\"},\"thumbnailUrl\":\"https:\/\/vieassociative.be\/actualites\/wp-content\/uploads\/2025\/03\/1742674922_Van-der-Poel-remporte-le-classique-Milan-Sanremo-avec-Pogacar-apres.jpg\",\"keywords\":[\"Apr\u00e8s\",\"avec\",\"captivante\",\"classique\",\"der\",\"finale\",\"MilanSanremo\",\"Poel\",\"Pogacar\",\"remport\u00e9\",\"une\",\"Van\"],\"articleSection\":[\"Belgique\"],\"inLanguage\":\"fr-BE\"},{\"@type\":\"WebPage\",\"@id\":\"https:\/\/vieassociative.be\/actualites\/van-der-poel-remporte-le-classique-milan-sanremo-avec-pogacar-apres-une-finale-captivante-avec-pogacar\/\",\"url\":\"https:\/\/vieassociative.be\/actualites\/van-der-poel-remporte-le-classique-milan-sanremo-avec-pogacar-apres-une-finale-captivante-avec-pogacar\/\",\"name\":\"Van der Poel remporte le classique Milan-Sanremo avec Pogacar apr\u00e8s une finale captivante avec Pogacar | Vie Associative\",\"isPartOf\":{\"@id\":\"https:\/\/vieassociative.be\/actualites\/#website\"},\"primaryImageOfPage\":{\"@id\":\"https:\/\/vieassociative.be\/actualites\/van-der-poel-remporte-le-classique-milan-sanremo-avec-pogacar-apres-une-finale-captivante-avec-pogacar\/#primaryimage\"},\"image\":{\"@id\":\"https:\/\/vieassociative.be\/actualites\/van-der-poel-remporte-le-classique-milan-sanremo-avec-pogacar-apres-une-finale-captivante-avec-pogacar\/#primaryimage\"},\"thumbnailUrl\":\"https:\/\/vieassociative.be\/actualites\/wp-content\/uploads\/2025\/03\/1742674922_Van-der-Poel-remporte-le-classique-Milan-Sanremo-avec-Pogacar-apres.jpg\",\"datePublished\":\"2025-03-22T20:22:02+00:00\",\"dateModified\":\"2025-03-22T20:22:02+00:00\",\"breadcrumb\":{\"@id\":\"https:\/\/vieassociative.be\/actualites\/van-der-poel-remporte-le-classique-milan-sanremo-avec-pogacar-apres-une-finale-captivante-avec-pogacar\/#breadcrumb\"},\"inLanguage\":\"fr-BE\",\"potentialAction\":[{\"@type\":\"ReadAction\",\"target\":[\"https:\/\/vieassociative.be\/actualites\/van-der-poel-remporte-le-classique-milan-sanremo-avec-pogacar-apres-une-finale-captivante-avec-pogacar\/\"]}]},{\"@type\":\"ImageObject\",\"inLanguage\":\"fr-BE\",\"@id\":\"https:\/\/vieassociative.be\/actualites\/van-der-poel-remporte-le-classique-milan-sanremo-avec-pogacar-apres-une-finale-captivante-avec-pogacar\/#primaryimage\",\"url\":\"https:\/\/vieassociative.be\/actualites\/wp-content\/uploads\/2025\/03\/1742674922_Van-der-Poel-remporte-le-classique-Milan-Sanremo-avec-Pogacar-apres.jpg\",\"contentUrl\":\"https:\/\/vieassociative.be\/actualites\/wp-content\/uploads\/2025\/03\/1742674922_Van-der-Poel-remporte-le-classique-Milan-Sanremo-avec-Pogacar-apres.jpg\",\"width\":1200,\"height\":800,\"caption\":\"Van der Poel remporte le classique Milan-Sanremo avec Pogacar apr\u00e8s une finale captivante avec Pogacar\"},{\"@type\":\"BreadcrumbList\",\"@id\":\"https:\/\/vieassociative.be\/actualites\/van-der-poel-remporte-le-classique-milan-sanremo-avec-pogacar-apres-une-finale-captivante-avec-pogacar\/#breadcrumb\",\"itemListElement\":[{\"@type\":\"ListItem\",\"position\":1,\"name\":\"Accueil\",\"item\":\"https:\/\/vieassociative.be\/actualites\/\"},{\"@type\":\"ListItem\",\"position\":2,\"name\":\"Van der Poel remporte le classique Milan-Sanremo avec Pogacar apr\u00e8s une finale captivante avec Pogacar\"}]},{\"@type\":\"WebSite\",\"@id\":\"https:\/\/vieassociative.be\/actualites\/#website\",\"url\":\"https:\/\/vieassociative.be\/actualites\/\",\"name\":\"Vie Associative\",\"description\":\"\",\"publisher\":{\"@id\":\"https:\/\/vieassociative.be\/actualites\/#organization\"},\"potentialAction\":[{\"@type\":\"SearchAction\",\"target\":{\"@type\":\"EntryPoint\",\"urlTemplate\":\"https:\/\/vieassociative.be\/actualites\/?s={search_term_string}\"},\"query-input\":{\"@type\":\"PropertyValueSpecification\",\"valueRequired\":true,\"valueName\":\"search_term_string\"}}],\"inLanguage\":\"fr-BE\"},{\"@type\":\"Organization\",\"@id\":\"https:\/\/vieassociative.be\/actualites\/#organization\",\"name\":\"Vie Associative\",\"url\":\"https:\/\/vieassociative.be\/actualites\/\",\"logo\":{\"@type\":\"ImageObject\",\"inLanguage\":\"fr-BE\",\"@id\":\"https:\/\/vieassociative.be\/actualites\/#\/schema\/logo\/image\/\",\"url\":\"https:\/\/vieassociative.be\/actualites\/wp-content\/uploads\/2024\/09\/cropped-vieassociative_favicon.ico.png\",\"contentUrl\":\"https:\/\/vieassociative.be\/actualites\/wp-content\/uploads\/2024\/09\/cropped-vieassociative_favicon.ico.png\",\"width\":512,\"height\":512,\"caption\":\"Vie Associative\"},\"image\":{\"@id\":\"https:\/\/vieassociative.be\/actualites\/#\/schema\/logo\/image\/\"}},{\"@type\":\"Person\",\"@id\":\"https:\/\/vieassociative.be\/actualites\/#\/schema\/person\/b87ac4f82f9d4e7b7cec7395b679edc4\",\"name\":\"Julien\",\"image\":{\"@type\":\"ImageObject\",\"inLanguage\":\"fr-BE\",\"@id\":\"https:\/\/vieassociative.be\/actualites\/#\/schema\/person\/image\/\",\"url\":\"https:\/\/vieassociative.be\/actualites\/wp-content\/uploads\/2024\/09\/vie-associative-1-150x150.jpg\",\"contentUrl\":\"https:\/\/vieassociative.be\/actualites\/wp-content\/uploads\/2024\/09\/vie-associative-1-150x150.jpg\",\"caption\":\"Julien\"},\"description\":\"Je suis Julien, r\u00e9dacteur pour Vie Associative. Passionn\u00e9 par le monde associatif depuis plus de 10 ans, j'ai \u00e0 c\u0153ur de partager des histoires inspirantes et de mettre en lumi\u00e8re les initiatives locales. Mon objectif est de sensibiliser et d'encourager l'engagement communautaire \u00e0 travers mes articles.\",\"sameAs\":[\"https:\/\/vieassociative.be\/\"]}]}<\/script>\n<!-- \/ Yoast SEO plugin. -->","yoast_head_json":{"title":"Van der Poel remporte le classique Milan-Sanremo avec Pogacar apr\u00e8s une finale captivante avec Pogacar | Vie Associative","robots":{"index":"index","follow":"follow","max-snippet":"max-snippet:-1","max-image-preview":"max-image-preview:large","max-video-preview":"max-video-preview:-1"},"canonical":"https:\/\/vieassociative.be\/actualites\/van-der-poel-remporte-le-classique-milan-sanremo-avec-pogacar-apres-une-finale-captivante-avec-pogacar\/","og_locale":"fr_FR","og_type":"article","og_title":"Van der Poel remporte le classique Milan-Sanremo avec Pogacar apr\u00e8s une finale captivante avec Pogacar | Vie Associative","og_description":"La saison de cyclisme 2025 acc\u00e9l\u00e8re la vitesse. Mathieu van der Poel et Tadej Pogacar ont un grand \u00e9change de coups dans la course traditionnelle","og_url":"https:\/\/vieassociative.be\/actualites\/van-der-poel-remporte-le-classique-milan-sanremo-avec-pogacar-apres-une-finale-captivante-avec-pogacar\/","og_site_name":"Vie Associative","article_published_time":"2025-03-22T20:22:02+00:00","og_image":[{"width":279,"height":92,"url":"https:\/\/vieassociative.be\/actualites\/wp-content\/uploads\/2024\/09\/header_backgroundk-01-e1726694325946.png","type":"image\/png"}],"author":"Julien","twitter_card":"summary_large_image","twitter_misc":{"\u00c9crit par":"Julien","Dur\u00e9e de lecture est.":"3 minutes"},"schema":{"@context":"https:\/\/schema.org","@graph":[{"@type":"Article","@id":"https:\/\/vieassociative.be\/actualites\/van-der-poel-remporte-le-classique-milan-sanremo-avec-pogacar-apres-une-finale-captivante-avec-pogacar\/#article","isPartOf":{"@id":"https:\/\/vieassociative.be\/actualites\/van-der-poel-remporte-le-classique-milan-sanremo-avec-pogacar-apres-une-finale-captivante-avec-pogacar\/"},"author":{"name":"Julien","@id":"https:\/\/vieassociative.be\/actualites\/#\/schema\/person\/b87ac4f82f9d4e7b7cec7395b679edc4"},"headline":"Van der Poel remporte le classique Milan-Sanremo avec Pogacar apr\u00e8s une finale captivante avec Pogacar","datePublished":"2025-03-22T20:22:02+00:00","dateModified":"2025-03-22T20:22:02+00:00","mainEntityOfPage":{"@id":"https:\/\/vieassociative.be\/actualites\/van-der-poel-remporte-le-classique-milan-sanremo-avec-pogacar-apres-une-finale-captivante-avec-pogacar\/"},"wordCount":730,"publisher":{"@id":"https:\/\/vieassociative.be\/actualites\/#organization"},"image":{"@id":"https:\/\/vieassociative.be\/actualites\/van-der-poel-remporte-le-classique-milan-sanremo-avec-pogacar-apres-une-finale-captivante-avec-pogacar\/#primaryimage"},"thumbnailUrl":"https:\/\/vieassociative.be\/actualites\/wp-content\/uploads\/2025\/03\/1742674922_Van-der-Poel-remporte-le-classique-Milan-Sanremo-avec-Pogacar-apres.jpg","keywords":["Apr\u00e8s","avec","captivante","classique","der","finale","MilanSanremo","Poel","Pogacar","remport\u00e9","une","Van"],"articleSection":["Belgique"],"inLanguage":"fr-BE"},{"@type":"WebPage","@id":"https:\/\/vieassociative.be\/actualites\/van-der-poel-remporte-le-classique-milan-sanremo-avec-pogacar-apres-une-finale-captivante-avec-pogacar\/","url":"https:\/\/vieassociative.be\/actualites\/van-der-poel-remporte-le-classique-milan-sanremo-avec-pogacar-apres-une-finale-captivante-avec-pogacar\/","name":"Van der Poel remporte le classique Milan-Sanremo avec Pogacar apr\u00e8s une finale captivante avec Pogacar | Vie Associative","isPartOf":{"@id":"https:\/\/vieassociative.be\/actualites\/#website"},"primaryImageOfPage":{"@id":"https:\/\/vieassociative.be\/actualites\/van-der-poel-remporte-le-classique-milan-sanremo-avec-pogacar-apres-une-finale-captivante-avec-pogacar\/#primaryimage"},"image":{"@id":"https:\/\/vieassociative.be\/actualites\/van-der-poel-remporte-le-classique-milan-sanremo-avec-pogacar-apres-une-finale-captivante-avec-pogacar\/#primaryimage"},"thumbnailUrl":"https:\/\/vieassociative.be\/actualites\/wp-content\/uploads\/2025\/03\/1742674922_Van-der-Poel-remporte-le-classique-Milan-Sanremo-avec-Pogacar-apres.jpg","datePublished":"2025-03-22T20:22:02+00:00","dateModified":"2025-03-22T20:22:02+00:00","breadcrumb":{"@id":"https:\/\/vieassociative.be\/actualites\/van-der-poel-remporte-le-classique-milan-sanremo-avec-pogacar-apres-une-finale-captivante-avec-pogacar\/#breadcrumb"},"inLanguage":"fr-BE","potentialAction":[{"@type":"ReadAction","target":["https:\/\/vieassociative.be\/actualites\/van-der-poel-remporte-le-classique-milan-sanremo-avec-pogacar-apres-une-finale-captivante-avec-pogacar\/"]}]},{"@type":"ImageObject","inLanguage":"fr-BE","@id":"https:\/\/vieassociative.be\/actualites\/van-der-poel-remporte-le-classique-milan-sanremo-avec-pogacar-apres-une-finale-captivante-avec-pogacar\/#primaryimage","url":"https:\/\/vieassociative.be\/actualites\/wp-content\/uploads\/2025\/03\/1742674922_Van-der-Poel-remporte-le-classique-Milan-Sanremo-avec-Pogacar-apres.jpg","contentUrl":"https:\/\/vieassociative.be\/actualites\/wp-content\/uploads\/2025\/03\/1742674922_Van-der-Poel-remporte-le-classique-Milan-Sanremo-avec-Pogacar-apres.jpg","width":1200,"height":800,"caption":"Van der Poel remporte le classique Milan-Sanremo avec Pogacar apr\u00e8s une finale captivante avec Pogacar"},{"@type":"BreadcrumbList","@id":"https:\/\/vieassociative.be\/actualites\/van-der-poel-remporte-le-classique-milan-sanremo-avec-pogacar-apres-une-finale-captivante-avec-pogacar\/#breadcrumb","itemListElement":[{"@type":"ListItem","position":1,"name":"Accueil","item":"https:\/\/vieassociative.be\/actualites\/"},{"@type":"ListItem","position":2,"name":"Van der Poel remporte le classique Milan-Sanremo avec Pogacar apr\u00e8s une finale captivante avec Pogacar"}]},{"@type":"WebSite","@id":"https:\/\/vieassociative.be\/actualites\/#website","url":"https:\/\/vieassociative.be\/actualites\/","name":"Vie Associative","description":"","publisher":{"@id":"https:\/\/vieassociative.be\/actualites\/#organization"},"potentialAction":[{"@type":"SearchAction","target":{"@type":"EntryPoint","urlTemplate":"https:\/\/vieassociative.be\/actualites\/?s={search_term_string}"},"query-input":{"@type":"PropertyValueSpecification","valueRequired":true,"valueName":"search_term_string"}}],"inLanguage":"fr-BE"},{"@type":"Organization","@id":"https:\/\/vieassociative.be\/actualites\/#organization","name":"Vie Associative","url":"https:\/\/vieassociative.be\/actualites\/","logo":{"@type":"ImageObject","inLanguage":"fr-BE","@id":"https:\/\/vieassociative.be\/actualites\/#\/schema\/logo\/image\/","url":"https:\/\/vieassociative.be\/actualites\/wp-content\/uploads\/2024\/09\/cropped-vieassociative_favicon.ico.png","contentUrl":"https:\/\/vieassociative.be\/actualites\/wp-content\/uploads\/2024\/09\/cropped-vieassociative_favicon.ico.png","width":512,"height":512,"caption":"Vie Associative"},"image":{"@id":"https:\/\/vieassociative.be\/actualites\/#\/schema\/logo\/image\/"}},{"@type":"Person","@id":"https:\/\/vieassociative.be\/actualites\/#\/schema\/person\/b87ac4f82f9d4e7b7cec7395b679edc4","name":"Julien","image":{"@type":"ImageObject","inLanguage":"fr-BE","@id":"https:\/\/vieassociative.be\/actualites\/#\/schema\/person\/image\/","url":"https:\/\/vieassociative.be\/actualites\/wp-content\/uploads\/2024\/09\/vie-associative-1-150x150.jpg","contentUrl":"https:\/\/vieassociative.be\/actualites\/wp-content\/uploads\/2024\/09\/vie-associative-1-150x150.jpg","caption":"Julien"},"description":"Je suis Julien, r\u00e9dacteur pour Vie Associative. Passionn\u00e9 par le monde associatif depuis plus de 10 ans, j'ai \u00e0 c\u0153ur de partager des histoires inspirantes et de mettre en lumi\u00e8re les initiatives locales. Mon objectif est de sensibiliser et d'encourager l'engagement communautaire \u00e0 travers mes articles.","sameAs":["https:\/\/vieassociative.be\/"]}]}},"_links":{"self":[{"href":"https:\/\/vieassociative.be\/actualites\/wp-json\/wp\/v2\/posts\/6076"}],"collection":[{"href":"https:\/\/vieassociative.be\/actualites\/wp-json\/wp\/v2\/posts"}],"about":[{"href":"https:\/\/vieassociative.be\/actualites\/wp-json\/wp\/v2\/types\/post"}],"author":[{"embeddable":true,"href":"https:\/\/vieassociative.be\/actualites\/wp-json\/wp\/v2\/users\/1"}],"replies":[{"embeddable":true,"href":"https:\/\/vieassociative.be\/actualites\/wp-json\/wp\/v2\/comments?post=6076"}],"version-history":[{"count":0,"href":"https:\/\/vieassociative.be\/actualites\/wp-json\/wp\/v2\/posts\/6076\/revisions"}],"wp:featuredmedia":[{"embeddable":true,"href":"https:\/\/vieassociative.be\/actualites\/wp-json\/wp\/v2\/media\/6077"}],"wp:attachment":[{"href":"https:\/\/vieassociative.be\/actualites\/wp-json\/wp\/v2\/media?parent=6076"}],"wp:term":[{"taxonomy":"category","embeddable":true,"href":"https:\/\/vieassociative.be\/actualites\/wp-json\/wp\/v2\/categories?post=6076"},{"taxonomy":"post_tag","embeddable":true,"href":"https:\/\/vieassociative.be\/actualites\/wp-json\/wp\/v2\/tags?post=6076"}],"curies":[{"name":"wp","href":"https:\/\/api.w.org\/{rel}","templated":true}]}}