{"id":6069,"date":"2025-03-22T15:19:15","date_gmt":"2025-03-22T14:19:15","guid":{"rendered":"https:\/\/vieassociative.be\/actualites\/ladversaire-le-plus-celebre-dali-george-foreman-est-mort\/"},"modified":"2025-03-22T15:19:15","modified_gmt":"2025-03-22T14:19:15","slug":"ladversaire-le-plus-celebre-dali-george-foreman-est-mort","status":"publish","type":"post","link":"https:\/\/vieassociative.be\/actualites\/ladversaire-le-plus-celebre-dali-george-foreman-est-mort\/","title":{"rendered":"L&rsquo;adversaire le plus c\u00e9l\u00e8bre d&rsquo;Ali George Foreman est mort"},"content":{"rendered":"<p><strong>Devant 100 000 spectateurs contre Muhammad Ali, sur le tr\u00f4ne \u00e0 l&rsquo;\u00e2ge de 45 ans: George Foreman \u00e9tait l&rsquo;un des plus importants de la boxe. Il a \u00e9galement r\u00e9ussi apr\u00e8s sa carri\u00e8re.<\/strong><\/p>\n<p><span id=\"more-411720\"><\/span>La derni\u00e8re photo publi\u00e9e par George Foreman l&rsquo;a montr\u00e9 lors de la consommation d&rsquo;un morceau de g\u00e2teau. La l\u00e9gende am\u00e9ricaine s&rsquo;est livr\u00e9e \u00e0 l&rsquo;histoire des sports de boxe exactement 50 ans apr\u00e8s le l\u00e9gendaire grondement dans la jungle contre Muhammad Ali dans les souvenirs de l&rsquo;un des plus grands moments.<\/p>\n<p>\u00ab\u00a0Je reviens sur le meilleur moment de ma vie &#8211; c\u00e9l\u00e9brez avec un morceau de g\u00e2teau avec moi\u00a0\u00bb, a \u00e9crit Foreman en octobre de l&rsquo;ann\u00e9e derni\u00e8re sur les r\u00e9seaux sociaux pour l&rsquo;\u00e9change de coups devant 100 000 spectateurs compl\u00e8tement euphoris\u00e9s. Le duel entre Foreman et Ali le 30 octobre 1974 \u00e0 Kinshasa est consid\u00e9r\u00e9 comme le plus grand match de boxe pour beaucoup. C&rsquo;\u00e9tait le seul des 81 duels que Foreman a perdu par KO.<\/p>\n<div id=\"attachment_411724\" class=\"wp-caption alignleft\" style=\"max-width: 266px\"><img fetchpriority=\"high\" decoding=\"async\" class=\"wp-image-411724 size-medium\" src=\"https:\/\/vieassociative.be\/actualites\/wp-content\/uploads\/2025\/03\/Ladversaire-le-plus-celebre-dAli-George-Foreman-est-mort.jpg\" alt=\"\" width=\"266\" height=\"300\"><\/p>\n<p class=\"wp-caption-text\">25\/03\/1997, \u00c9tats-Unis, West Hollywood: Muhammad Ali (L) et George Foreman sont venus \u00e0 une f\u00eate des Oscars de la Vanity Fair \u00e0 West Hollywood, en Californie, le 24 mars 1997. Photo: EJ Flynn \/ AP \/ DPA<\/p>\n<\/div>\n<p><strong>&#8211; \u00ab\u00a0Un pouvoir du bien\u00a0\u00bb:<\/strong> Vendredi soir (heure locale), sa famille a rapport\u00e9 le compte: le champion olympique et plusieurs champions du monde professionnels sont morts avec sa famille. Foreman avait 76 ans.<\/p>\n<p>\u00ab\u00a0Nos c\u0153urs sont bris\u00e9s\u00a0\u00bb, a-t-il d\u00e9clar\u00e9 dans le message. \u00ab\u00a0En tant que pr\u00e9dicateur de cr\u00e9ancier, mari d\u00e9vou\u00e9, p\u00e8re aimant et fier grand-p\u00e8re et arri\u00e8re-grand-p\u00e8re, sa vie a \u00e9t\u00e9 fa\u00e7onn\u00e9e par une croyance, une humilit\u00e9 et une d\u00e9termination constantes.\u00a0\u00bb Apr\u00e8s Joe Frazier, qui a perdu le titre de Coupe du monde contre Foreman dans une lutte m\u00e9morable en 1973, et Ali est d\u00e9c\u00e9d\u00e9 le Texaner comme le dernier des trois tr\u00e8s grands boxeurs am\u00e9ricains des ann\u00e9es 1970. Frazier est d\u00e9c\u00e9d\u00e9 en 2011, Ali en 2016.<\/p>\n<p>Foreman \u00e9tait tr\u00e8s respect\u00e9 en tant que \u00ab\u00a0philanthrope, participant olympique et champion du monde deux fois en poids lourd. Sa famille l&rsquo;a d\u00e9crit comme \u00abun pouvoir de bien\u00bb et \u00abhomme avec discipline et conviction\u00bb. La famille a remerci\u00e9 pour la sympathie et les pri\u00e8res et a demand\u00e9 la paix, \u00ab\u00a0alors que nous appr\u00e9cions la vie extraordinaire d&rsquo;un homme que nous avons \u00e9t\u00e9 autoris\u00e9s \u00e0 appeler le n\u00f4tre\u00a0\u00bb.<\/p>\n<p><strong>&#8211; succ\u00e8s des ann\u00e9es 1960 aux ann\u00e9es 1990:<\/strong> L&rsquo;ancien champion du monde Mike Tyson s&rsquo;est plaint sur le X. \u00ab\u00a0Sa contribution \u00e0 la boxe et au-del\u00e0\u00a0\u00bb, il ne sera jamais oubli\u00e9 \u00ab\u00a0, a-t-il \u00e9crit sur son ancien coll\u00e8gue. Foreman est devenu champion olympique \u00e0 Mexico en 1968 et s&rsquo;est battu contre Ali et Frazier dans les ann\u00e9es 1970.<\/p>\n<p>En 1987, il a c\u00e9l\u00e9br\u00e9 un brillant retour apr\u00e8s pr\u00e8s de dix ans de pause, dans les ann\u00e9es 1990, il est devenu le plus ancien champion du monde des poids lourds de l&rsquo;histoire de la boxe \u00e0 l&rsquo;\u00e2ge de 45 ans. Le K.-O.-Sieg pour conqu\u00e9rir le titre contre le Michael Moorer auparavant invaincu (\u00e0 cette \u00e9poque 26) est l&rsquo;un des retours les plus impressionnants de l&rsquo;histoire du sport.<\/p>\n<p>Par la suite, Foreman a d\u00e9fendu avec succ\u00e8s son titre de Coupe du monde contre Axel Schulz allemand \u00e0 46 ans. Les deux combats ont eu lieu dans le c\u00e9l\u00e8bre MGM Grand Hotel de Las Vegas. \u00ab\u00a0George \u00e9tait quelque chose de tr\u00e8s sp\u00e9cial. Pour moi, c&rsquo;\u00e9tait le plus grand que je puisse encore le combattre \u00e0 l&rsquo;\u00e9poque\u00a0\u00bb, a d\u00e9clar\u00e9 Schulz de l&rsquo;agence de presse allemande.<\/p>\n<div id=\"attachment_411725\" class=\"wp-caption alignleft\" style=\"max-width: 300px\"><img decoding=\"async\" class=\"wp-image-411725 size-medium\" src=\"https:\/\/vieassociative.be\/actualites\/wp-content\/uploads\/2025\/03\/1742653155_710_Ladversaire-le-plus-celebre-dAli-George-Foreman-est-mort.jpg\" alt=\"\" width=\"300\" height=\"200\"><\/p>\n<p class=\"wp-caption-text\">17 octobre 1989, -, -: les anciens champions du monde des poids lourds de la boxe, Joe Frazier (LR), George Foreman et Muhammad Ali. La l\u00e9gende de la boxe am\u00e9ricaine George Foreman est d\u00e9c\u00e9d\u00e9e \u00e0 l&rsquo;\u00e2ge de 76 ans, comme l&rsquo;a annonc\u00e9 sa famille. Photo: PA Photos \/ PA Wire \/ DPA<\/p>\n<\/div>\n<p>La ville natale de Foreman Houston a \u00e9galement salu\u00e9 la l\u00e9gende de la boxe. \u00ab\u00a0Georges Weg des rues du cinqui\u00e8me est devenu un succ\u00e8s de boxe et commercial. Il n&rsquo;a jamais oubli\u00e9 d&rsquo;o\u00f9 il venait et son engagement envers notre ville est rest\u00e9 ininterrompu\u00a0\u00bb, a d\u00e9clar\u00e9 le maire de Houston, John Whitmire. Le c\u0153ur du contrema\u00eetre \u00e9tait \u00ab\u00a0aussi grand que son puissant coup\u00a0\u00bb.<\/p>\n<p><strong>&#8211; entrepreneurs \u00e0 succ\u00e8s apr\u00e8s la carri\u00e8re:<\/strong> Foreman n&rsquo;\u00e9tait pas seulement un gros boxer, mais aussi un homme des gros tons. Il a d\u00e9clar\u00e9 que la BBC en 2014 pour le Fiston du si\u00e8cle contre Ali qu&rsquo;il avait presque pris la lutte contre la piti\u00e9. Foreman avait l&rsquo;hypoth\u00e8se qu&rsquo;Ali \u00e9tait fauch\u00e9e. \u00ab\u00a0J&rsquo;ai dit que je sortirais et le tuer, et les gens ont dit:\u00a0\u00bb S&rsquo;il vous pla\u00eet, ne dites pas que vous voulez tuer Muhammad \u00ab\u00a0, a d\u00e9clar\u00e9 Foreman.\u00a0\u00bb C&rsquo;\u00e9tait tr\u00e8s diff\u00e9rent \u00e0 Kinshasa.<\/p>\n<p>Apr\u00e8s sa premi\u00e8re d\u00e9mission en 1977, Foreman s&rsquo;est consacr\u00e9 \u00e0 la foi chr\u00e9tienne et est devenu pr\u00e9dicateur. Plus tard, il est sorti du ring apr\u00e8s son dernier adieu. Il a \u00e9galement travaill\u00e9 comme commentateur sportif et \u00e9tait heureux de voir sur des talk-shows dans le monde entier.<\/p>\n<p>En tant qu&rsquo;entrepreneur, il a r\u00e9ussi \u00e0 placer le George Foreman Grill dans de nombreux m\u00e9nages du monde entier. On estime que l&rsquo;ancien champion du monde de boxe aurait gagn\u00e9 plus de 200 millions de dollars avec le mod\u00e8le d&rsquo;entreprise et donc beaucoup plus que dans sa carri\u00e8re sportive active. (DPA)<\/p>\n","protected":false},"excerpt":{"rendered":"<p>Devant 100 000 spectateurs contre Muhammad Ali, sur le tr\u00f4ne \u00e0 l&rsquo;\u00e2ge de 45 ans: George Foreman \u00e9tait l&rsquo;un des plus importants de la boxe.<\/p>\n","protected":false},"author":1,"featured_media":6070,"comment_status":"","ping_status":"","sticky":false,"template":"","format":"standard","meta":{"footnotes":""},"categories":[298],"tags":[3843,5971,76,5973,5972,5970,1717],"class_list":["post-6069","post","type-post","status-publish","format-standard","has-post-thumbnail","hentry","category-belgique","tag-celebre","tag-dali","tag-est","tag-foreman","tag-george","tag-ladversaire","tag-mort","generate-columns","tablet-grid-50","mobile-grid-100","grid-parent","grid-33"],"yoast_head":"<!-- This site is optimized with the Yoast SEO plugin v24.0 - https:\/\/yoast.com\/wordpress\/plugins\/seo\/ -->\n<title>L&#039;adversaire le plus c\u00e9l\u00e8bre d&#039;Ali George Foreman est mort | Vie Associative<\/title>\n<meta name=\"robots\" content=\"index, follow, max-snippet:-1, max-image-preview:large, max-video-preview:-1\" \/>\n<link rel=\"canonical\" href=\"https:\/\/vieassociative.be\/actualites\/ladversaire-le-plus-celebre-dali-george-foreman-est-mort\/\" \/>\n<meta property=\"og:locale\" content=\"fr_FR\" \/>\n<meta property=\"og:type\" content=\"article\" \/>\n<meta property=\"og:title\" content=\"L&#039;adversaire le plus c\u00e9l\u00e8bre d&#039;Ali George Foreman est mort | Vie Associative\" \/>\n<meta property=\"og:description\" content=\"Devant 100 000 spectateurs contre Muhammad Ali, sur le tr\u00f4ne \u00e0 l&rsquo;\u00e2ge de 45 ans: George Foreman \u00e9tait l&rsquo;un des plus importants de la boxe.\" \/>\n<meta property=\"og:url\" content=\"https:\/\/vieassociative.be\/actualites\/ladversaire-le-plus-celebre-dali-george-foreman-est-mort\/\" \/>\n<meta property=\"og:site_name\" content=\"Vie Associative\" \/>\n<meta property=\"article:published_time\" content=\"2025-03-22T14:19:15+00:00\" \/>\n<meta property=\"og:image\" content=\"https:\/\/vieassociative.be\/actualites\/wp-content\/uploads\/2024\/09\/header_backgroundk-01-e1726694325946.png\" \/>\n\t<meta property=\"og:image:width\" content=\"279\" \/>\n\t<meta property=\"og:image:height\" content=\"92\" \/>\n\t<meta property=\"og:image:type\" content=\"image\/png\" \/>\n<meta name=\"author\" content=\"Julien\" \/>\n<meta name=\"twitter:card\" content=\"summary_large_image\" \/>\n<meta name=\"twitter:label1\" content=\"\u00c9crit par\" \/>\n\t<meta name=\"twitter:data1\" content=\"Julien\" \/>\n\t<meta name=\"twitter:label2\" content=\"Dur\u00e9e de lecture est.\" \/>\n\t<meta name=\"twitter:data2\" content=\"5 minutes\" \/>\n<script type=\"application\/ld+json\" class=\"yoast-schema-graph\">{\"@context\":\"https:\/\/schema.org\",\"@graph\":[{\"@type\":\"Article\",\"@id\":\"https:\/\/vieassociative.be\/actualites\/ladversaire-le-plus-celebre-dali-george-foreman-est-mort\/#article\",\"isPartOf\":{\"@id\":\"https:\/\/vieassociative.be\/actualites\/ladversaire-le-plus-celebre-dali-george-foreman-est-mort\/\"},\"author\":{\"name\":\"Julien\",\"@id\":\"https:\/\/vieassociative.be\/actualites\/#\/schema\/person\/b87ac4f82f9d4e7b7cec7395b679edc4\"},\"headline\":\"L&rsquo;adversaire le plus c\u00e9l\u00e8bre d&rsquo;Ali George Foreman est mort\",\"datePublished\":\"2025-03-22T14:19:15+00:00\",\"dateModified\":\"2025-03-22T14:19:15+00:00\",\"mainEntityOfPage\":{\"@id\":\"https:\/\/vieassociative.be\/actualites\/ladversaire-le-plus-celebre-dali-george-foreman-est-mort\/\"},\"wordCount\":963,\"publisher\":{\"@id\":\"https:\/\/vieassociative.be\/actualites\/#organization\"},\"image\":{\"@id\":\"https:\/\/vieassociative.be\/actualites\/ladversaire-le-plus-celebre-dali-george-foreman-est-mort\/#primaryimage\"},\"thumbnailUrl\":\"https:\/\/vieassociative.be\/actualites\/wp-content\/uploads\/2025\/03\/1742653155_Ladversaire-le-plus-celebre-dAli-George-Foreman-est-mort.jpg\",\"keywords\":[\"c\u00e9l\u00e8bre\",\"dAli\",\"est\",\"Foreman\",\"George\",\"Ladversaire\",\"mort\"],\"articleSection\":[\"Belgique\"],\"inLanguage\":\"fr-BE\"},{\"@type\":\"WebPage\",\"@id\":\"https:\/\/vieassociative.be\/actualites\/ladversaire-le-plus-celebre-dali-george-foreman-est-mort\/\",\"url\":\"https:\/\/vieassociative.be\/actualites\/ladversaire-le-plus-celebre-dali-george-foreman-est-mort\/\",\"name\":\"L'adversaire le plus c\u00e9l\u00e8bre d'Ali George Foreman est mort | Vie Associative\",\"isPartOf\":{\"@id\":\"https:\/\/vieassociative.be\/actualites\/#website\"},\"primaryImageOfPage\":{\"@id\":\"https:\/\/vieassociative.be\/actualites\/ladversaire-le-plus-celebre-dali-george-foreman-est-mort\/#primaryimage\"},\"image\":{\"@id\":\"https:\/\/vieassociative.be\/actualites\/ladversaire-le-plus-celebre-dali-george-foreman-est-mort\/#primaryimage\"},\"thumbnailUrl\":\"https:\/\/vieassociative.be\/actualites\/wp-content\/uploads\/2025\/03\/1742653155_Ladversaire-le-plus-celebre-dAli-George-Foreman-est-mort.jpg\",\"datePublished\":\"2025-03-22T14:19:15+00:00\",\"dateModified\":\"2025-03-22T14:19:15+00:00\",\"breadcrumb\":{\"@id\":\"https:\/\/vieassociative.be\/actualites\/ladversaire-le-plus-celebre-dali-george-foreman-est-mort\/#breadcrumb\"},\"inLanguage\":\"fr-BE\",\"potentialAction\":[{\"@type\":\"ReadAction\",\"target\":[\"https:\/\/vieassociative.be\/actualites\/ladversaire-le-plus-celebre-dali-george-foreman-est-mort\/\"]}]},{\"@type\":\"ImageObject\",\"inLanguage\":\"fr-BE\",\"@id\":\"https:\/\/vieassociative.be\/actualites\/ladversaire-le-plus-celebre-dali-george-foreman-est-mort\/#primaryimage\",\"url\":\"https:\/\/vieassociative.be\/actualites\/wp-content\/uploads\/2025\/03\/1742653155_Ladversaire-le-plus-celebre-dAli-George-Foreman-est-mort.jpg\",\"contentUrl\":\"https:\/\/vieassociative.be\/actualites\/wp-content\/uploads\/2025\/03\/1742653155_Ladversaire-le-plus-celebre-dAli-George-Foreman-est-mort.jpg\",\"width\":1200,\"height\":847,\"caption\":\"L'adversaire le plus c\u00e9l\u00e8bre d'Ali George Foreman est mort\"},{\"@type\":\"BreadcrumbList\",\"@id\":\"https:\/\/vieassociative.be\/actualites\/ladversaire-le-plus-celebre-dali-george-foreman-est-mort\/#breadcrumb\",\"itemListElement\":[{\"@type\":\"ListItem\",\"position\":1,\"name\":\"Accueil\",\"item\":\"https:\/\/vieassociative.be\/actualites\/\"},{\"@type\":\"ListItem\",\"position\":2,\"name\":\"L&rsquo;adversaire le plus c\u00e9l\u00e8bre d&rsquo;Ali George Foreman est mort\"}]},{\"@type\":\"WebSite\",\"@id\":\"https:\/\/vieassociative.be\/actualites\/#website\",\"url\":\"https:\/\/vieassociative.be\/actualites\/\",\"name\":\"Vie Associative\",\"description\":\"\",\"publisher\":{\"@id\":\"https:\/\/vieassociative.be\/actualites\/#organization\"},\"potentialAction\":[{\"@type\":\"SearchAction\",\"target\":{\"@type\":\"EntryPoint\",\"urlTemplate\":\"https:\/\/vieassociative.be\/actualites\/?s={search_term_string}\"},\"query-input\":{\"@type\":\"PropertyValueSpecification\",\"valueRequired\":true,\"valueName\":\"search_term_string\"}}],\"inLanguage\":\"fr-BE\"},{\"@type\":\"Organization\",\"@id\":\"https:\/\/vieassociative.be\/actualites\/#organization\",\"name\":\"Vie Associative\",\"url\":\"https:\/\/vieassociative.be\/actualites\/\",\"logo\":{\"@type\":\"ImageObject\",\"inLanguage\":\"fr-BE\",\"@id\":\"https:\/\/vieassociative.be\/actualites\/#\/schema\/logo\/image\/\",\"url\":\"https:\/\/vieassociative.be\/actualites\/wp-content\/uploads\/2024\/09\/cropped-vieassociative_favicon.ico.png\",\"contentUrl\":\"https:\/\/vieassociative.be\/actualites\/wp-content\/uploads\/2024\/09\/cropped-vieassociative_favicon.ico.png\",\"width\":512,\"height\":512,\"caption\":\"Vie Associative\"},\"image\":{\"@id\":\"https:\/\/vieassociative.be\/actualites\/#\/schema\/logo\/image\/\"}},{\"@type\":\"Person\",\"@id\":\"https:\/\/vieassociative.be\/actualites\/#\/schema\/person\/b87ac4f82f9d4e7b7cec7395b679edc4\",\"name\":\"Julien\",\"image\":{\"@type\":\"ImageObject\",\"inLanguage\":\"fr-BE\",\"@id\":\"https:\/\/vieassociative.be\/actualites\/#\/schema\/person\/image\/\",\"url\":\"https:\/\/vieassociative.be\/actualites\/wp-content\/uploads\/2024\/09\/vie-associative-1-150x150.jpg\",\"contentUrl\":\"https:\/\/vieassociative.be\/actualites\/wp-content\/uploads\/2024\/09\/vie-associative-1-150x150.jpg\",\"caption\":\"Julien\"},\"description\":\"Je suis Julien, r\u00e9dacteur pour Vie Associative. Passionn\u00e9 par le monde associatif depuis plus de 10 ans, j'ai \u00e0 c\u0153ur de partager des histoires inspirantes et de mettre en lumi\u00e8re les initiatives locales. Mon objectif est de sensibiliser et d'encourager l'engagement communautaire \u00e0 travers mes articles.\",\"sameAs\":[\"https:\/\/vieassociative.be\/\"]}]}<\/script>\n<!-- \/ Yoast SEO plugin. -->","yoast_head_json":{"title":"L'adversaire le plus c\u00e9l\u00e8bre d'Ali George Foreman est mort | Vie Associative","robots":{"index":"index","follow":"follow","max-snippet":"max-snippet:-1","max-image-preview":"max-image-preview:large","max-video-preview":"max-video-preview:-1"},"canonical":"https:\/\/vieassociative.be\/actualites\/ladversaire-le-plus-celebre-dali-george-foreman-est-mort\/","og_locale":"fr_FR","og_type":"article","og_title":"L'adversaire le plus c\u00e9l\u00e8bre d'Ali George Foreman est mort | Vie Associative","og_description":"Devant 100 000 spectateurs contre Muhammad Ali, sur le tr\u00f4ne \u00e0 l&rsquo;\u00e2ge de 45 ans: George Foreman \u00e9tait l&rsquo;un des plus importants de la boxe.","og_url":"https:\/\/vieassociative.be\/actualites\/ladversaire-le-plus-celebre-dali-george-foreman-est-mort\/","og_site_name":"Vie Associative","article_published_time":"2025-03-22T14:19:15+00:00","og_image":[{"width":279,"height":92,"url":"https:\/\/vieassociative.be\/actualites\/wp-content\/uploads\/2024\/09\/header_backgroundk-01-e1726694325946.png","type":"image\/png"}],"author":"Julien","twitter_card":"summary_large_image","twitter_misc":{"\u00c9crit par":"Julien","Dur\u00e9e de lecture est.":"5 minutes"},"schema":{"@context":"https:\/\/schema.org","@graph":[{"@type":"Article","@id":"https:\/\/vieassociative.be\/actualites\/ladversaire-le-plus-celebre-dali-george-foreman-est-mort\/#article","isPartOf":{"@id":"https:\/\/vieassociative.be\/actualites\/ladversaire-le-plus-celebre-dali-george-foreman-est-mort\/"},"author":{"name":"Julien","@id":"https:\/\/vieassociative.be\/actualites\/#\/schema\/person\/b87ac4f82f9d4e7b7cec7395b679edc4"},"headline":"L&rsquo;adversaire le plus c\u00e9l\u00e8bre d&rsquo;Ali George Foreman est mort","datePublished":"2025-03-22T14:19:15+00:00","dateModified":"2025-03-22T14:19:15+00:00","mainEntityOfPage":{"@id":"https:\/\/vieassociative.be\/actualites\/ladversaire-le-plus-celebre-dali-george-foreman-est-mort\/"},"wordCount":963,"publisher":{"@id":"https:\/\/vieassociative.be\/actualites\/#organization"},"image":{"@id":"https:\/\/vieassociative.be\/actualites\/ladversaire-le-plus-celebre-dali-george-foreman-est-mort\/#primaryimage"},"thumbnailUrl":"https:\/\/vieassociative.be\/actualites\/wp-content\/uploads\/2025\/03\/1742653155_Ladversaire-le-plus-celebre-dAli-George-Foreman-est-mort.jpg","keywords":["c\u00e9l\u00e8bre","dAli","est","Foreman","George","Ladversaire","mort"],"articleSection":["Belgique"],"inLanguage":"fr-BE"},{"@type":"WebPage","@id":"https:\/\/vieassociative.be\/actualites\/ladversaire-le-plus-celebre-dali-george-foreman-est-mort\/","url":"https:\/\/vieassociative.be\/actualites\/ladversaire-le-plus-celebre-dali-george-foreman-est-mort\/","name":"L'adversaire le plus c\u00e9l\u00e8bre d'Ali George Foreman est mort | Vie Associative","isPartOf":{"@id":"https:\/\/vieassociative.be\/actualites\/#website"},"primaryImageOfPage":{"@id":"https:\/\/vieassociative.be\/actualites\/ladversaire-le-plus-celebre-dali-george-foreman-est-mort\/#primaryimage"},"image":{"@id":"https:\/\/vieassociative.be\/actualites\/ladversaire-le-plus-celebre-dali-george-foreman-est-mort\/#primaryimage"},"thumbnailUrl":"https:\/\/vieassociative.be\/actualites\/wp-content\/uploads\/2025\/03\/1742653155_Ladversaire-le-plus-celebre-dAli-George-Foreman-est-mort.jpg","datePublished":"2025-03-22T14:19:15+00:00","dateModified":"2025-03-22T14:19:15+00:00","breadcrumb":{"@id":"https:\/\/vieassociative.be\/actualites\/ladversaire-le-plus-celebre-dali-george-foreman-est-mort\/#breadcrumb"},"inLanguage":"fr-BE","potentialAction":[{"@type":"ReadAction","target":["https:\/\/vieassociative.be\/actualites\/ladversaire-le-plus-celebre-dali-george-foreman-est-mort\/"]}]},{"@type":"ImageObject","inLanguage":"fr-BE","@id":"https:\/\/vieassociative.be\/actualites\/ladversaire-le-plus-celebre-dali-george-foreman-est-mort\/#primaryimage","url":"https:\/\/vieassociative.be\/actualites\/wp-content\/uploads\/2025\/03\/1742653155_Ladversaire-le-plus-celebre-dAli-George-Foreman-est-mort.jpg","contentUrl":"https:\/\/vieassociative.be\/actualites\/wp-content\/uploads\/2025\/03\/1742653155_Ladversaire-le-plus-celebre-dAli-George-Foreman-est-mort.jpg","width":1200,"height":847,"caption":"L'adversaire le plus c\u00e9l\u00e8bre d'Ali George Foreman est mort"},{"@type":"BreadcrumbList","@id":"https:\/\/vieassociative.be\/actualites\/ladversaire-le-plus-celebre-dali-george-foreman-est-mort\/#breadcrumb","itemListElement":[{"@type":"ListItem","position":1,"name":"Accueil","item":"https:\/\/vieassociative.be\/actualites\/"},{"@type":"ListItem","position":2,"name":"L&rsquo;adversaire le plus c\u00e9l\u00e8bre d&rsquo;Ali George Foreman est mort"}]},{"@type":"WebSite","@id":"https:\/\/vieassociative.be\/actualites\/#website","url":"https:\/\/vieassociative.be\/actualites\/","name":"Vie Associative","description":"","publisher":{"@id":"https:\/\/vieassociative.be\/actualites\/#organization"},"potentialAction":[{"@type":"SearchAction","target":{"@type":"EntryPoint","urlTemplate":"https:\/\/vieassociative.be\/actualites\/?s={search_term_string}"},"query-input":{"@type":"PropertyValueSpecification","valueRequired":true,"valueName":"search_term_string"}}],"inLanguage":"fr-BE"},{"@type":"Organization","@id":"https:\/\/vieassociative.be\/actualites\/#organization","name":"Vie Associative","url":"https:\/\/vieassociative.be\/actualites\/","logo":{"@type":"ImageObject","inLanguage":"fr-BE","@id":"https:\/\/vieassociative.be\/actualites\/#\/schema\/logo\/image\/","url":"https:\/\/vieassociative.be\/actualites\/wp-content\/uploads\/2024\/09\/cropped-vieassociative_favicon.ico.png","contentUrl":"https:\/\/vieassociative.be\/actualites\/wp-content\/uploads\/2024\/09\/cropped-vieassociative_favicon.ico.png","width":512,"height":512,"caption":"Vie Associative"},"image":{"@id":"https:\/\/vieassociative.be\/actualites\/#\/schema\/logo\/image\/"}},{"@type":"Person","@id":"https:\/\/vieassociative.be\/actualites\/#\/schema\/person\/b87ac4f82f9d4e7b7cec7395b679edc4","name":"Julien","image":{"@type":"ImageObject","inLanguage":"fr-BE","@id":"https:\/\/vieassociative.be\/actualites\/#\/schema\/person\/image\/","url":"https:\/\/vieassociative.be\/actualites\/wp-content\/uploads\/2024\/09\/vie-associative-1-150x150.jpg","contentUrl":"https:\/\/vieassociative.be\/actualites\/wp-content\/uploads\/2024\/09\/vie-associative-1-150x150.jpg","caption":"Julien"},"description":"Je suis Julien, r\u00e9dacteur pour Vie Associative. Passionn\u00e9 par le monde associatif depuis plus de 10 ans, j'ai \u00e0 c\u0153ur de partager des histoires inspirantes et de mettre en lumi\u00e8re les initiatives locales. Mon objectif est de sensibiliser et d'encourager l'engagement communautaire \u00e0 travers mes articles.","sameAs":["https:\/\/vieassociative.be\/"]}]}},"_links":{"self":[{"href":"https:\/\/vieassociative.be\/actualites\/wp-json\/wp\/v2\/posts\/6069"}],"collection":[{"href":"https:\/\/vieassociative.be\/actualites\/wp-json\/wp\/v2\/posts"}],"about":[{"href":"https:\/\/vieassociative.be\/actualites\/wp-json\/wp\/v2\/types\/post"}],"author":[{"embeddable":true,"href":"https:\/\/vieassociative.be\/actualites\/wp-json\/wp\/v2\/users\/1"}],"replies":[{"embeddable":true,"href":"https:\/\/vieassociative.be\/actualites\/wp-json\/wp\/v2\/comments?post=6069"}],"version-history":[{"count":0,"href":"https:\/\/vieassociative.be\/actualites\/wp-json\/wp\/v2\/posts\/6069\/revisions"}],"wp:featuredmedia":[{"embeddable":true,"href":"https:\/\/vieassociative.be\/actualites\/wp-json\/wp\/v2\/media\/6070"}],"wp:attachment":[{"href":"https:\/\/vieassociative.be\/actualites\/wp-json\/wp\/v2\/media?parent=6069"}],"wp:term":[{"taxonomy":"category","embeddable":true,"href":"https:\/\/vieassociative.be\/actualites\/wp-json\/wp\/v2\/categories?post=6069"},{"taxonomy":"post_tag","embeddable":true,"href":"https:\/\/vieassociative.be\/actualites\/wp-json\/wp\/v2\/tags?post=6069"}],"curies":[{"name":"wp","href":"https:\/\/api.w.org\/{rel}","templated":true}]}}