{"id":6063,"date":"2025-03-22T09:21:12","date_gmt":"2025-03-22T08:21:12","guid":{"rendered":"https:\/\/vieassociative.be\/actualites\/une-ordonnance-de-leopold-pour-ancienne-deputes-au-parlement-dg-lundi-est-ce-toujours-a-jour\/"},"modified":"2025-03-22T09:21:12","modified_gmt":"2025-03-22T08:21:12","slug":"une-ordonnance-de-leopold-pour-ancienne-deputes-au-parlement-dg-lundi-est-ce-toujours-a-jour","status":"publish","type":"post","link":"https:\/\/vieassociative.be\/actualites\/une-ordonnance-de-leopold-pour-ancienne-deputes-au-parlement-dg-lundi-est-ce-toujours-a-jour\/","title":{"rendered":"Une ordonnance de L\u00e9opold pour (ancienne) d\u00e9put\u00e9s au Parlement DG lundi: est-ce toujours \u00e0 jour?"},"content":{"rendered":"<p><strong>Apr\u00e8s la session pl\u00e9ni\u00e8re du Parlement du DG le lundi 24 mars 2025, l&rsquo;ordre national a \u00e9t\u00e9 attribu\u00e9 pour la p\u00e9riode l\u00e9gislative 2019-2024. Cela soul\u00e8ve \u00e0 nouveau la question de savoir si il est encore \u00e0 jour que les politiciens re\u00e7oivent une ordonnance dans le contexte de leur activit\u00e9 parlementaire, pour laquelle ils sont compens\u00e9s financi\u00e8rement.<\/strong><\/p>\n<p><span id=\"more-411559\"><\/span>Le r\u00e9gnant suivant ou ancien d\u00e9put\u00e9 sera d\u00e9cern\u00e9 lundi soir:<\/p>\n<ul>\n<li><strong>Patricia Creutz-Vilvoye (CSP):<\/strong> Officier de l&rsquo;ordonnance de L\u00e9opold<\/li>\n<li><strong>Evelyn Jadin (PFF):<\/strong> Knight of the L\u00e9opold Order<\/li>\n<li><strong>Robert Nelles (CSP):<\/strong> Knight of the L\u00e9opold Order<\/li>\n<li><strong>Liesa Scholzen (prodg):<\/strong> Knight of the L\u00e9opold Order<\/li>\n<li><strong>Charles Servaty (SP):<\/strong> Commandant de l&rsquo;Ordre de L\u00e9opold<\/li>\n<li><strong>Lydia Klinkenberg (prodg):<\/strong> Commandant de l&rsquo;Ordre de L\u00e9opold<\/li>\n<\/ul>\n<p>Lors de la c\u00e9r\u00e9monie de remise des prix pour la p\u00e9riode l\u00e9gislative 2014-2019 il y a cinq ans, un d\u00e9bat sur le sens et le but de l&rsquo;attribution des ordres et des titres d&rsquo;honneur avaient d\u00e9j\u00e0 \u00e9t\u00e9 d\u00e9clench\u00e9s chez les politiciens.<\/p>\n<p>Le d\u00e9put\u00e9 Vivant Michael Balter, Alain Mertes et Diana Stiel \u00e9taient d&rsquo;avis que \u00ab\u00a0l&rsquo;attribution de l&rsquo;ordre et des titres honorifiques devrait \u00eatre compl\u00e8tement aboli, en particulier parce que tous les politiciens re\u00e7oivent une r\u00e9mun\u00e9ration pour leur bureau, qui est g\u00e9n\u00e9ralement assez g\u00e9n\u00e9reux que trop rare\u00a0\u00bb.<\/p>\n<div id=\"attachment_387494\" class=\"wp-caption alignleft\" style=\"max-width: 300px\"><img fetchpriority=\"high\" decoding=\"async\" class=\"wp-image-387494 size-medium\" src=\"https:\/\/vieassociative.be\/actualites\/wp-content\/uploads\/2025\/03\/Une-ordonnance-de-Leopold-pour-ancienne-deputes-au-Parlement-DG.jpg\" alt=\"\" width=\"300\" height=\"174\"  ><\/p>\n<p class=\"wp-caption-text\">Le s\u00e9nateur Liesa Scholzen (L, Prodg) et la pr\u00e9sidente parlementaire Patricia Creutz (R, CSP) recevront lundi une ordonnance. Photo: Patrick von Staufenberg<\/p>\n<\/div>\n<p>Selon Vivant, il est tr\u00e8s facile pour un parlementaire de recevoir une ordonnance: \u00ab\u00a0Au moins huit ans, divis\u00e9 en deux p\u00e9riodes l\u00e9gislatives, suffit, par exemple, d&rsquo;\u00eatre propos\u00e9 pour le premier prix avec le chevalier de l&rsquo;ordonnance de L\u00e9opold. Qu&rsquo;il ait \u00e9t\u00e9 impliqu\u00e9 et ne sert que chez des personnes ou que seulement son temps n&rsquo;a pas d&rsquo;importance.\u00a0\u00bb D\u00e9but 2019, Michael Balter et Alain Mertes, qui \u00e9taient tous deux membre du PDG depuis plus de 10 ans, ont \u00e9galement \u00e9t\u00e9 propos\u00e9s par le Parlement pour une commande, mais les deux auraient rejet\u00e9 l&rsquo;ordre, \u00ab\u00a0sachant que cela ne sera plus en mesure de dire ou de promouvoir dans ces ordonnances\u00a0\u00bb, a d\u00e9clar\u00e9 Vivant.<\/p>\n<p>Au printemps 2020, Kirsten Neycken-Bartholemy (SP, Knight of the L\u00e9opold Order), Freddy Cremer (Prodg, Knight of the Leopold Order), Lydia Klinkenberg (Prodg, chevalier de l&rsquo;ordre de L\u00e9opold), Alexander Miesen (Pff, chevalier de Leopold), Perra Schmitz (Prodg, chevalier. Marcel Strougmayer (SP, chevalier de l&rsquo;Ordre de L\u00e9opold), Alfons Velz (Prodg, Knight of the Leopold Order), Antonios Antoniadis (Sp, commandant de l&rsquo;Ordre de L\u00e9opold), Oliver Paasch (Prodg, Gro\u00dfkreuz Des Kronenorden) et Isabelle Weykman (PFF, grand officier \u00e0 sc\u00e9nario de Leop Organe).<\/p>\n<p>Conclusion de Vivant: \u00ab\u00a0Les infirmi\u00e8res des maisons de retraite et des h\u00f4pitaux font beaucoup pour leurs coll\u00e8gues \u00eatres humains. Cela dans des conditions de travail de plus en plus difficiles. Ils ne s&rsquo;attendent pas \u00e0 des titres ou des ordres honorifiques. Cependant, nous, les politiciens, avons l&rsquo;obligation d&rsquo;am\u00e9liorer enfin et d&rsquo;\u00e9liminer les conditions de travail.\u00a0\u00bb (Cre)<\/p>\n","protected":false},"excerpt":{"rendered":"<p>Apr\u00e8s la session pl\u00e9ni\u00e8re du Parlement du DG le lundi 24 mars 2025, l&rsquo;ordre national a \u00e9t\u00e9 attribu\u00e9 pour la p\u00e9riode l\u00e9gislative 2019-2024. Cela soul\u00e8ve<\/p>\n","protected":false},"author":1,"featured_media":6064,"comment_status":"","ping_status":"","sticky":false,"template":"","format":"standard","meta":{"footnotes":""},"categories":[298],"tags":[5668,5966,5967,53,5965,550,5964,2895,81,572,110],"class_list":["post-6063","post","type-post","status-publish","format-standard","has-post-thumbnail","hentry","category-belgique","tag-ancienne","tag-deputes","tag-estce","tag-jour","tag-leopold","tag-lundi","tag-ordonnance","tag-parlement","tag-pour","tag-toujours","tag-une","generate-columns","tablet-grid-50","mobile-grid-100","grid-parent","grid-33"],"yoast_head":"<!-- This site is optimized with the Yoast SEO plugin v24.0 - https:\/\/yoast.com\/wordpress\/plugins\/seo\/ -->\n<title>Une ordonnance de L\u00e9opold pour (ancienne) d\u00e9put\u00e9s au Parlement DG lundi: est-ce toujours \u00e0 jour? | Vie Associative<\/title>\n<meta name=\"robots\" content=\"index, follow, max-snippet:-1, max-image-preview:large, max-video-preview:-1\" \/>\n<link rel=\"canonical\" href=\"https:\/\/vieassociative.be\/actualites\/une-ordonnance-de-leopold-pour-ancienne-deputes-au-parlement-dg-lundi-est-ce-toujours-a-jour\/\" \/>\n<meta property=\"og:locale\" content=\"fr_FR\" \/>\n<meta property=\"og:type\" content=\"article\" \/>\n<meta property=\"og:title\" content=\"Une ordonnance de L\u00e9opold pour (ancienne) d\u00e9put\u00e9s au Parlement DG lundi: est-ce toujours \u00e0 jour? | Vie Associative\" \/>\n<meta property=\"og:description\" content=\"Apr\u00e8s la session pl\u00e9ni\u00e8re du Parlement du DG le lundi 24 mars 2025, l&rsquo;ordre national a \u00e9t\u00e9 attribu\u00e9 pour la p\u00e9riode l\u00e9gislative 2019-2024. Cela soul\u00e8ve\" \/>\n<meta property=\"og:url\" content=\"https:\/\/vieassociative.be\/actualites\/une-ordonnance-de-leopold-pour-ancienne-deputes-au-parlement-dg-lundi-est-ce-toujours-a-jour\/\" \/>\n<meta property=\"og:site_name\" content=\"Vie Associative\" \/>\n<meta property=\"article:published_time\" content=\"2025-03-22T08:21:12+00:00\" \/>\n<meta property=\"og:image\" content=\"https:\/\/vieassociative.be\/actualites\/wp-content\/uploads\/2024\/09\/header_backgroundk-01-e1726694325946.png\" \/>\n\t<meta property=\"og:image:width\" content=\"279\" \/>\n\t<meta property=\"og:image:height\" content=\"92\" \/>\n\t<meta property=\"og:image:type\" content=\"image\/png\" \/>\n<meta name=\"author\" content=\"Julien\" \/>\n<meta name=\"twitter:card\" content=\"summary_large_image\" \/>\n<meta name=\"twitter:label1\" content=\"\u00c9crit par\" \/>\n\t<meta name=\"twitter:data1\" content=\"Julien\" \/>\n\t<meta name=\"twitter:label2\" content=\"Dur\u00e9e de lecture est.\" \/>\n\t<meta name=\"twitter:data2\" content=\"3 minutes\" \/>\n<script type=\"application\/ld+json\" class=\"yoast-schema-graph\">{\"@context\":\"https:\/\/schema.org\",\"@graph\":[{\"@type\":\"Article\",\"@id\":\"https:\/\/vieassociative.be\/actualites\/une-ordonnance-de-leopold-pour-ancienne-deputes-au-parlement-dg-lundi-est-ce-toujours-a-jour\/#article\",\"isPartOf\":{\"@id\":\"https:\/\/vieassociative.be\/actualites\/une-ordonnance-de-leopold-pour-ancienne-deputes-au-parlement-dg-lundi-est-ce-toujours-a-jour\/\"},\"author\":{\"name\":\"Julien\",\"@id\":\"https:\/\/vieassociative.be\/actualites\/#\/schema\/person\/b87ac4f82f9d4e7b7cec7395b679edc4\"},\"headline\":\"Une ordonnance de L\u00e9opold pour (ancienne) d\u00e9put\u00e9s au Parlement DG lundi: est-ce toujours \u00e0 jour?\",\"datePublished\":\"2025-03-22T08:21:12+00:00\",\"dateModified\":\"2025-03-22T08:21:12+00:00\",\"mainEntityOfPage\":{\"@id\":\"https:\/\/vieassociative.be\/actualites\/une-ordonnance-de-leopold-pour-ancienne-deputes-au-parlement-dg-lundi-est-ce-toujours-a-jour\/\"},\"wordCount\":551,\"publisher\":{\"@id\":\"https:\/\/vieassociative.be\/actualites\/#organization\"},\"image\":{\"@id\":\"https:\/\/vieassociative.be\/actualites\/une-ordonnance-de-leopold-pour-ancienne-deputes-au-parlement-dg-lundi-est-ce-toujours-a-jour\/#primaryimage\"},\"thumbnailUrl\":\"https:\/\/vieassociative.be\/actualites\/wp-content\/uploads\/2025\/03\/Une-ordonnance-de-Leopold-pour-ancienne-deputes-au-Parlement-DG.jpeg\",\"keywords\":[\"ancienne\",\"d\u00e9put\u00e9s\",\"estce\",\"jour\",\"L\u00e9opold\",\"lundi\",\"ordonnance\",\"Parlement\",\"pour\",\"toujours\",\"une\"],\"articleSection\":[\"Belgique\"],\"inLanguage\":\"fr-BE\"},{\"@type\":\"WebPage\",\"@id\":\"https:\/\/vieassociative.be\/actualites\/une-ordonnance-de-leopold-pour-ancienne-deputes-au-parlement-dg-lundi-est-ce-toujours-a-jour\/\",\"url\":\"https:\/\/vieassociative.be\/actualites\/une-ordonnance-de-leopold-pour-ancienne-deputes-au-parlement-dg-lundi-est-ce-toujours-a-jour\/\",\"name\":\"Une ordonnance de L\u00e9opold pour (ancienne) d\u00e9put\u00e9s au Parlement DG lundi: est-ce toujours \u00e0 jour? | Vie Associative\",\"isPartOf\":{\"@id\":\"https:\/\/vieassociative.be\/actualites\/#website\"},\"primaryImageOfPage\":{\"@id\":\"https:\/\/vieassociative.be\/actualites\/une-ordonnance-de-leopold-pour-ancienne-deputes-au-parlement-dg-lundi-est-ce-toujours-a-jour\/#primaryimage\"},\"image\":{\"@id\":\"https:\/\/vieassociative.be\/actualites\/une-ordonnance-de-leopold-pour-ancienne-deputes-au-parlement-dg-lundi-est-ce-toujours-a-jour\/#primaryimage\"},\"thumbnailUrl\":\"https:\/\/vieassociative.be\/actualites\/wp-content\/uploads\/2025\/03\/Une-ordonnance-de-Leopold-pour-ancienne-deputes-au-Parlement-DG.jpeg\",\"datePublished\":\"2025-03-22T08:21:12+00:00\",\"dateModified\":\"2025-03-22T08:21:12+00:00\",\"breadcrumb\":{\"@id\":\"https:\/\/vieassociative.be\/actualites\/une-ordonnance-de-leopold-pour-ancienne-deputes-au-parlement-dg-lundi-est-ce-toujours-a-jour\/#breadcrumb\"},\"inLanguage\":\"fr-BE\",\"potentialAction\":[{\"@type\":\"ReadAction\",\"target\":[\"https:\/\/vieassociative.be\/actualites\/une-ordonnance-de-leopold-pour-ancienne-deputes-au-parlement-dg-lundi-est-ce-toujours-a-jour\/\"]}]},{\"@type\":\"ImageObject\",\"inLanguage\":\"fr-BE\",\"@id\":\"https:\/\/vieassociative.be\/actualites\/une-ordonnance-de-leopold-pour-ancienne-deputes-au-parlement-dg-lundi-est-ce-toujours-a-jour\/#primaryimage\",\"url\":\"https:\/\/vieassociative.be\/actualites\/wp-content\/uploads\/2025\/03\/Une-ordonnance-de-Leopold-pour-ancienne-deputes-au-Parlement-DG.jpeg\",\"contentUrl\":\"https:\/\/vieassociative.be\/actualites\/wp-content\/uploads\/2025\/03\/Une-ordonnance-de-Leopold-pour-ancienne-deputes-au-Parlement-DG.jpeg\",\"width\":900,\"height\":531,\"caption\":\"Une ordonnance de L\u00e9opold pour (ancienne) d\u00e9put\u00e9s au Parlement DG lundi: est-ce toujours \u00e0 jour?\"},{\"@type\":\"BreadcrumbList\",\"@id\":\"https:\/\/vieassociative.be\/actualites\/une-ordonnance-de-leopold-pour-ancienne-deputes-au-parlement-dg-lundi-est-ce-toujours-a-jour\/#breadcrumb\",\"itemListElement\":[{\"@type\":\"ListItem\",\"position\":1,\"name\":\"Accueil\",\"item\":\"https:\/\/vieassociative.be\/actualites\/\"},{\"@type\":\"ListItem\",\"position\":2,\"name\":\"Une ordonnance de L\u00e9opold pour (ancienne) d\u00e9put\u00e9s au Parlement DG lundi: est-ce toujours \u00e0 jour?\"}]},{\"@type\":\"WebSite\",\"@id\":\"https:\/\/vieassociative.be\/actualites\/#website\",\"url\":\"https:\/\/vieassociative.be\/actualites\/\",\"name\":\"Vie Associative\",\"description\":\"\",\"publisher\":{\"@id\":\"https:\/\/vieassociative.be\/actualites\/#organization\"},\"potentialAction\":[{\"@type\":\"SearchAction\",\"target\":{\"@type\":\"EntryPoint\",\"urlTemplate\":\"https:\/\/vieassociative.be\/actualites\/?s={search_term_string}\"},\"query-input\":{\"@type\":\"PropertyValueSpecification\",\"valueRequired\":true,\"valueName\":\"search_term_string\"}}],\"inLanguage\":\"fr-BE\"},{\"@type\":\"Organization\",\"@id\":\"https:\/\/vieassociative.be\/actualites\/#organization\",\"name\":\"Vie Associative\",\"url\":\"https:\/\/vieassociative.be\/actualites\/\",\"logo\":{\"@type\":\"ImageObject\",\"inLanguage\":\"fr-BE\",\"@id\":\"https:\/\/vieassociative.be\/actualites\/#\/schema\/logo\/image\/\",\"url\":\"https:\/\/vieassociative.be\/actualites\/wp-content\/uploads\/2024\/09\/cropped-vieassociative_favicon.ico.png\",\"contentUrl\":\"https:\/\/vieassociative.be\/actualites\/wp-content\/uploads\/2024\/09\/cropped-vieassociative_favicon.ico.png\",\"width\":512,\"height\":512,\"caption\":\"Vie Associative\"},\"image\":{\"@id\":\"https:\/\/vieassociative.be\/actualites\/#\/schema\/logo\/image\/\"}},{\"@type\":\"Person\",\"@id\":\"https:\/\/vieassociative.be\/actualites\/#\/schema\/person\/b87ac4f82f9d4e7b7cec7395b679edc4\",\"name\":\"Julien\",\"image\":{\"@type\":\"ImageObject\",\"inLanguage\":\"fr-BE\",\"@id\":\"https:\/\/vieassociative.be\/actualites\/#\/schema\/person\/image\/\",\"url\":\"https:\/\/vieassociative.be\/actualites\/wp-content\/uploads\/2024\/09\/vie-associative-1-150x150.jpg\",\"contentUrl\":\"https:\/\/vieassociative.be\/actualites\/wp-content\/uploads\/2024\/09\/vie-associative-1-150x150.jpg\",\"caption\":\"Julien\"},\"description\":\"Je suis Julien, r\u00e9dacteur pour Vie Associative. Passionn\u00e9 par le monde associatif depuis plus de 10 ans, j'ai \u00e0 c\u0153ur de partager des histoires inspirantes et de mettre en lumi\u00e8re les initiatives locales. Mon objectif est de sensibiliser et d'encourager l'engagement communautaire \u00e0 travers mes articles.\",\"sameAs\":[\"https:\/\/vieassociative.be\/\"]}]}<\/script>\n<!-- \/ Yoast SEO plugin. -->","yoast_head_json":{"title":"Une ordonnance de L\u00e9opold pour (ancienne) d\u00e9put\u00e9s au Parlement DG lundi: est-ce toujours \u00e0 jour? | Vie Associative","robots":{"index":"index","follow":"follow","max-snippet":"max-snippet:-1","max-image-preview":"max-image-preview:large","max-video-preview":"max-video-preview:-1"},"canonical":"https:\/\/vieassociative.be\/actualites\/une-ordonnance-de-leopold-pour-ancienne-deputes-au-parlement-dg-lundi-est-ce-toujours-a-jour\/","og_locale":"fr_FR","og_type":"article","og_title":"Une ordonnance de L\u00e9opold pour (ancienne) d\u00e9put\u00e9s au Parlement DG lundi: est-ce toujours \u00e0 jour? | Vie Associative","og_description":"Apr\u00e8s la session pl\u00e9ni\u00e8re du Parlement du DG le lundi 24 mars 2025, l&rsquo;ordre national a \u00e9t\u00e9 attribu\u00e9 pour la p\u00e9riode l\u00e9gislative 2019-2024. Cela soul\u00e8ve","og_url":"https:\/\/vieassociative.be\/actualites\/une-ordonnance-de-leopold-pour-ancienne-deputes-au-parlement-dg-lundi-est-ce-toujours-a-jour\/","og_site_name":"Vie Associative","article_published_time":"2025-03-22T08:21:12+00:00","og_image":[{"width":279,"height":92,"url":"https:\/\/vieassociative.be\/actualites\/wp-content\/uploads\/2024\/09\/header_backgroundk-01-e1726694325946.png","type":"image\/png"}],"author":"Julien","twitter_card":"summary_large_image","twitter_misc":{"\u00c9crit par":"Julien","Dur\u00e9e de lecture est.":"3 minutes"},"schema":{"@context":"https:\/\/schema.org","@graph":[{"@type":"Article","@id":"https:\/\/vieassociative.be\/actualites\/une-ordonnance-de-leopold-pour-ancienne-deputes-au-parlement-dg-lundi-est-ce-toujours-a-jour\/#article","isPartOf":{"@id":"https:\/\/vieassociative.be\/actualites\/une-ordonnance-de-leopold-pour-ancienne-deputes-au-parlement-dg-lundi-est-ce-toujours-a-jour\/"},"author":{"name":"Julien","@id":"https:\/\/vieassociative.be\/actualites\/#\/schema\/person\/b87ac4f82f9d4e7b7cec7395b679edc4"},"headline":"Une ordonnance de L\u00e9opold pour (ancienne) d\u00e9put\u00e9s au Parlement DG lundi: est-ce toujours \u00e0 jour?","datePublished":"2025-03-22T08:21:12+00:00","dateModified":"2025-03-22T08:21:12+00:00","mainEntityOfPage":{"@id":"https:\/\/vieassociative.be\/actualites\/une-ordonnance-de-leopold-pour-ancienne-deputes-au-parlement-dg-lundi-est-ce-toujours-a-jour\/"},"wordCount":551,"publisher":{"@id":"https:\/\/vieassociative.be\/actualites\/#organization"},"image":{"@id":"https:\/\/vieassociative.be\/actualites\/une-ordonnance-de-leopold-pour-ancienne-deputes-au-parlement-dg-lundi-est-ce-toujours-a-jour\/#primaryimage"},"thumbnailUrl":"https:\/\/vieassociative.be\/actualites\/wp-content\/uploads\/2025\/03\/Une-ordonnance-de-Leopold-pour-ancienne-deputes-au-Parlement-DG.jpeg","keywords":["ancienne","d\u00e9put\u00e9s","estce","jour","L\u00e9opold","lundi","ordonnance","Parlement","pour","toujours","une"],"articleSection":["Belgique"],"inLanguage":"fr-BE"},{"@type":"WebPage","@id":"https:\/\/vieassociative.be\/actualites\/une-ordonnance-de-leopold-pour-ancienne-deputes-au-parlement-dg-lundi-est-ce-toujours-a-jour\/","url":"https:\/\/vieassociative.be\/actualites\/une-ordonnance-de-leopold-pour-ancienne-deputes-au-parlement-dg-lundi-est-ce-toujours-a-jour\/","name":"Une ordonnance de L\u00e9opold pour (ancienne) d\u00e9put\u00e9s au Parlement DG lundi: est-ce toujours \u00e0 jour? | Vie Associative","isPartOf":{"@id":"https:\/\/vieassociative.be\/actualites\/#website"},"primaryImageOfPage":{"@id":"https:\/\/vieassociative.be\/actualites\/une-ordonnance-de-leopold-pour-ancienne-deputes-au-parlement-dg-lundi-est-ce-toujours-a-jour\/#primaryimage"},"image":{"@id":"https:\/\/vieassociative.be\/actualites\/une-ordonnance-de-leopold-pour-ancienne-deputes-au-parlement-dg-lundi-est-ce-toujours-a-jour\/#primaryimage"},"thumbnailUrl":"https:\/\/vieassociative.be\/actualites\/wp-content\/uploads\/2025\/03\/Une-ordonnance-de-Leopold-pour-ancienne-deputes-au-Parlement-DG.jpeg","datePublished":"2025-03-22T08:21:12+00:00","dateModified":"2025-03-22T08:21:12+00:00","breadcrumb":{"@id":"https:\/\/vieassociative.be\/actualites\/une-ordonnance-de-leopold-pour-ancienne-deputes-au-parlement-dg-lundi-est-ce-toujours-a-jour\/#breadcrumb"},"inLanguage":"fr-BE","potentialAction":[{"@type":"ReadAction","target":["https:\/\/vieassociative.be\/actualites\/une-ordonnance-de-leopold-pour-ancienne-deputes-au-parlement-dg-lundi-est-ce-toujours-a-jour\/"]}]},{"@type":"ImageObject","inLanguage":"fr-BE","@id":"https:\/\/vieassociative.be\/actualites\/une-ordonnance-de-leopold-pour-ancienne-deputes-au-parlement-dg-lundi-est-ce-toujours-a-jour\/#primaryimage","url":"https:\/\/vieassociative.be\/actualites\/wp-content\/uploads\/2025\/03\/Une-ordonnance-de-Leopold-pour-ancienne-deputes-au-Parlement-DG.jpeg","contentUrl":"https:\/\/vieassociative.be\/actualites\/wp-content\/uploads\/2025\/03\/Une-ordonnance-de-Leopold-pour-ancienne-deputes-au-Parlement-DG.jpeg","width":900,"height":531,"caption":"Une ordonnance de L\u00e9opold pour (ancienne) d\u00e9put\u00e9s au Parlement DG lundi: est-ce toujours \u00e0 jour?"},{"@type":"BreadcrumbList","@id":"https:\/\/vieassociative.be\/actualites\/une-ordonnance-de-leopold-pour-ancienne-deputes-au-parlement-dg-lundi-est-ce-toujours-a-jour\/#breadcrumb","itemListElement":[{"@type":"ListItem","position":1,"name":"Accueil","item":"https:\/\/vieassociative.be\/actualites\/"},{"@type":"ListItem","position":2,"name":"Une ordonnance de L\u00e9opold pour (ancienne) d\u00e9put\u00e9s au Parlement DG lundi: est-ce toujours \u00e0 jour?"}]},{"@type":"WebSite","@id":"https:\/\/vieassociative.be\/actualites\/#website","url":"https:\/\/vieassociative.be\/actualites\/","name":"Vie Associative","description":"","publisher":{"@id":"https:\/\/vieassociative.be\/actualites\/#organization"},"potentialAction":[{"@type":"SearchAction","target":{"@type":"EntryPoint","urlTemplate":"https:\/\/vieassociative.be\/actualites\/?s={search_term_string}"},"query-input":{"@type":"PropertyValueSpecification","valueRequired":true,"valueName":"search_term_string"}}],"inLanguage":"fr-BE"},{"@type":"Organization","@id":"https:\/\/vieassociative.be\/actualites\/#organization","name":"Vie Associative","url":"https:\/\/vieassociative.be\/actualites\/","logo":{"@type":"ImageObject","inLanguage":"fr-BE","@id":"https:\/\/vieassociative.be\/actualites\/#\/schema\/logo\/image\/","url":"https:\/\/vieassociative.be\/actualites\/wp-content\/uploads\/2024\/09\/cropped-vieassociative_favicon.ico.png","contentUrl":"https:\/\/vieassociative.be\/actualites\/wp-content\/uploads\/2024\/09\/cropped-vieassociative_favicon.ico.png","width":512,"height":512,"caption":"Vie Associative"},"image":{"@id":"https:\/\/vieassociative.be\/actualites\/#\/schema\/logo\/image\/"}},{"@type":"Person","@id":"https:\/\/vieassociative.be\/actualites\/#\/schema\/person\/b87ac4f82f9d4e7b7cec7395b679edc4","name":"Julien","image":{"@type":"ImageObject","inLanguage":"fr-BE","@id":"https:\/\/vieassociative.be\/actualites\/#\/schema\/person\/image\/","url":"https:\/\/vieassociative.be\/actualites\/wp-content\/uploads\/2024\/09\/vie-associative-1-150x150.jpg","contentUrl":"https:\/\/vieassociative.be\/actualites\/wp-content\/uploads\/2024\/09\/vie-associative-1-150x150.jpg","caption":"Julien"},"description":"Je suis Julien, r\u00e9dacteur pour Vie Associative. Passionn\u00e9 par le monde associatif depuis plus de 10 ans, j'ai \u00e0 c\u0153ur de partager des histoires inspirantes et de mettre en lumi\u00e8re les initiatives locales. Mon objectif est de sensibiliser et d'encourager l'engagement communautaire \u00e0 travers mes articles.","sameAs":["https:\/\/vieassociative.be\/"]}]}},"_links":{"self":[{"href":"https:\/\/vieassociative.be\/actualites\/wp-json\/wp\/v2\/posts\/6063"}],"collection":[{"href":"https:\/\/vieassociative.be\/actualites\/wp-json\/wp\/v2\/posts"}],"about":[{"href":"https:\/\/vieassociative.be\/actualites\/wp-json\/wp\/v2\/types\/post"}],"author":[{"embeddable":true,"href":"https:\/\/vieassociative.be\/actualites\/wp-json\/wp\/v2\/users\/1"}],"replies":[{"embeddable":true,"href":"https:\/\/vieassociative.be\/actualites\/wp-json\/wp\/v2\/comments?post=6063"}],"version-history":[{"count":0,"href":"https:\/\/vieassociative.be\/actualites\/wp-json\/wp\/v2\/posts\/6063\/revisions"}],"wp:featuredmedia":[{"embeddable":true,"href":"https:\/\/vieassociative.be\/actualites\/wp-json\/wp\/v2\/media\/6064"}],"wp:attachment":[{"href":"https:\/\/vieassociative.be\/actualites\/wp-json\/wp\/v2\/media?parent=6063"}],"wp:term":[{"taxonomy":"category","embeddable":true,"href":"https:\/\/vieassociative.be\/actualites\/wp-json\/wp\/v2\/categories?post=6063"},{"taxonomy":"post_tag","embeddable":true,"href":"https:\/\/vieassociative.be\/actualites\/wp-json\/wp\/v2\/tags?post=6063"}],"curies":[{"name":"wp","href":"https:\/\/api.w.org\/{rel}","templated":true}]}}