{"id":6057,"date":"2025-03-22T03:17:29","date_gmt":"2025-03-22T02:17:29","guid":{"rendered":"https:\/\/vieassociative.be\/actualites\/nouveau-record-quotidien-aujourdhui-le-21-mars-le-plus-chaud-de-tous-les-temps\/"},"modified":"2025-03-22T03:17:29","modified_gmt":"2025-03-22T02:17:29","slug":"nouveau-record-quotidien-aujourdhui-le-21-mars-le-plus-chaud-de-tous-les-temps","status":"publish","type":"post","link":"https:\/\/vieassociative.be\/actualites\/nouveau-record-quotidien-aujourdhui-le-21-mars-le-plus-chaud-de-tous-les-temps\/","title":{"rendered":"Nouveau record quotidien: aujourd&rsquo;hui le 21 mars le plus chaud de tous les temps"},"content":{"rendered":"<p><strong>En raison des pr\u00e9visions m\u00e9t\u00e9orologiques r\u00e9centes, il fallait s&rsquo;y attendre: un nouveau record quotidien a \u00e9t\u00e9 \u00e9tabli vendredi. Le 21 mars est le plus chaud jamais mesur\u00e9 en Belgique.<\/strong><\/p>\n<p><span id=\"more-411673\"><\/span>Le thermom\u00e8tre \u00e0 UCCLE (Bruxelles) est pass\u00e9 \u00e0 19,8 degr\u00e9s et a battu l&rsquo;ancien record plus chaud pour un 21 mars, \u00e0 19,7 degr\u00e9s et est venu de 1938. Il n&rsquo;a m\u00eame pas \u00e9t\u00e9 exclu que les temp\u00e9ratures puissent continuer \u00e0 augmenter pendant la journ\u00e9e.<\/p>\n<p>Et quelle est la prochaine \u00e9tape? Le ciel est nuageux dans la nuit de samedi et il peut y avoir de la pluie dans certaines r\u00e9gions. Le vent bas \u00e0 mod\u00e9r\u00e9 du sud-est se situe entre 7 et 13 degr\u00e9s dans un vent faible \u00e0 mod\u00e9r\u00e9.<\/p>\n<p>La pr\u00e9diction du week-end: samedi, il existe initialement de nombreux champs de nuages \u200b\u200b\u00e0 partir desquels une pluie peut tomber localement. Dans l&rsquo;apr\u00e8s-midi, le soleil sera un peu plus visible, mais l&rsquo;atmosph\u00e8re sera instable. En cons\u00e9quence, les douches peuvent se d\u00e9velopper, qui peuvent prendre le ventre \u00e0 la fin de la journ\u00e9e. Il reste doux avec des valeurs maximales de 15 \u00e0 19 degr\u00e9s. Le vent sera mod\u00e9r\u00e9 du sud au sud-est.<\/p>\n<div id=\"attachment_411682\" class=\"wp-caption alignleft\" style=\"max-width: 300px\"><img fetchpriority=\"high\" decoding=\"async\" class=\"wp-image-411682 size-medium\" src=\"https:\/\/vieassociative.be\/actualites\/wp-content\/uploads\/2025\/03\/Nouveau-record-quotidien-aujourdhui-le-21-mars-le-plus-chaud.jpg\" alt=\"\" width=\"300\" height=\"200\"><\/p>\n<p class=\"wp-caption-text\">21.03.2025, Espagne, \u00c1vila: stand du d\u00e9luge de la rivi\u00e8re Adaja sur la Plaza de Toros de \u00c1vila au nord-ouest de la capitale Madrid. Photo: Rafael Bastante \/ Europa Press \/ DPA<\/p>\n<\/div>\n<p>Le ciel change alternativement samedi soir et dimanche soir. Il y a toujours le risque de douches locales. Les valeurs faibles sont comprises entre 3 et 11 degr\u00e9s dans un vent faible \u00e0 partir d&rsquo;une direction changeante ou du sud-est.<\/p>\n<p>Dimanche, il y a un m\u00e9lange de sections ensoleill\u00e9es et parfois des champs de nuages \u200b\u200b\u00e9pais. Les douches locales sont possibles, mais elle reste s\u00e8che dans de nombreux endroits. En fin d&rsquo;apr\u00e8s-midi et dans la soir\u00e9e, le rel\u00e2chement devient plus grand. Les temp\u00e9ratures maximales se situent entre 12 et 16 degr\u00e9s dans un vent d\u00e9clinant initialement mod\u00e9r\u00e9 et plus tard d&rsquo;une direction sud<\/p>\n<p>\u00ab\u00a0Les temp\u00e9ratures \u00e9lev\u00e9es dispara\u00eetront dans la semaine \u00e0 venir\u00a0\u00bb, explique le m\u00e9t\u00e9orologue Davd Dehenauw. Lundi, il restera doux \u00e0 16 degr\u00e9s, mais dans les jours suivants, les temp\u00e9ratures chuteront progressivement \u00e0 13 degr\u00e9s. Le risque de douches de pluie locales demeure toute la semaine.<\/p>\n<p>Alors que les gens sont heureux du temps printanier ensoleill\u00e9 dans ce pays, le Portugal provoque de fortes pluies, des temp\u00eates et des vagues \u00e9lev\u00e9es pour les inondations dans le sud de la France. L&rsquo;Espagne et le Portugal sont particuli\u00e8rement touch\u00e9s, o\u00f9 les services m\u00e9t\u00e9orologiques devaient consacrer de nombreux avertissements. (Cre)<\/p>\n","protected":false},"excerpt":{"rendered":"<p>En raison des pr\u00e9visions m\u00e9t\u00e9orologiques r\u00e9centes, il fallait s&rsquo;y attendre: un nouveau record quotidien a \u00e9t\u00e9 \u00e9tabli vendredi. Le 21 mars est le plus chaud<\/p>\n","protected":false},"author":1,"featured_media":6058,"comment_status":"","ping_status":"","sticky":false,"template":"","format":"standard","meta":{"footnotes":""},"categories":[298],"tags":[2330,1176,14,3221,553,5962,2568,790,546],"class_list":["post-6057","post","type-post","status-publish","format-standard","has-post-thumbnail","hentry","category-belgique","tag-aujourdhui","tag-chaud","tag-les","tag-mars","tag-nouveau","tag-quotidien","tag-record","tag-temps","tag-tous","generate-columns","tablet-grid-50","mobile-grid-100","grid-parent","grid-33"],"yoast_head":"<!-- This site is optimized with the Yoast SEO plugin v24.0 - https:\/\/yoast.com\/wordpress\/plugins\/seo\/ -->\n<title>Nouveau record quotidien: aujourd&#039;hui le 21 mars le plus chaud de tous les temps | Vie Associative<\/title>\n<meta name=\"robots\" content=\"index, follow, max-snippet:-1, max-image-preview:large, max-video-preview:-1\" \/>\n<link rel=\"canonical\" href=\"https:\/\/vieassociative.be\/actualites\/nouveau-record-quotidien-aujourdhui-le-21-mars-le-plus-chaud-de-tous-les-temps\/\" \/>\n<meta property=\"og:locale\" content=\"fr_FR\" \/>\n<meta property=\"og:type\" content=\"article\" \/>\n<meta property=\"og:title\" content=\"Nouveau record quotidien: aujourd&#039;hui le 21 mars le plus chaud de tous les temps | Vie Associative\" \/>\n<meta property=\"og:description\" content=\"En raison des pr\u00e9visions m\u00e9t\u00e9orologiques r\u00e9centes, il fallait s&rsquo;y attendre: un nouveau record quotidien a \u00e9t\u00e9 \u00e9tabli vendredi. Le 21 mars est le plus chaud\" \/>\n<meta property=\"og:url\" content=\"https:\/\/vieassociative.be\/actualites\/nouveau-record-quotidien-aujourdhui-le-21-mars-le-plus-chaud-de-tous-les-temps\/\" \/>\n<meta property=\"og:site_name\" content=\"Vie Associative\" \/>\n<meta property=\"article:published_time\" content=\"2025-03-22T02:17:29+00:00\" \/>\n<meta property=\"og:image\" content=\"https:\/\/vieassociative.be\/actualites\/wp-content\/uploads\/2024\/09\/header_backgroundk-01-e1726694325946.png\" \/>\n\t<meta property=\"og:image:width\" content=\"279\" \/>\n\t<meta property=\"og:image:height\" content=\"92\" \/>\n\t<meta property=\"og:image:type\" content=\"image\/png\" \/>\n<meta name=\"author\" content=\"Julien\" \/>\n<meta name=\"twitter:card\" content=\"summary_large_image\" \/>\n<meta name=\"twitter:label1\" content=\"\u00c9crit par\" \/>\n\t<meta name=\"twitter:data1\" content=\"Julien\" \/>\n\t<meta name=\"twitter:label2\" content=\"Dur\u00e9e de lecture est.\" \/>\n\t<meta name=\"twitter:data2\" content=\"2 minutes\" \/>\n<script type=\"application\/ld+json\" class=\"yoast-schema-graph\">{\"@context\":\"https:\/\/schema.org\",\"@graph\":[{\"@type\":\"Article\",\"@id\":\"https:\/\/vieassociative.be\/actualites\/nouveau-record-quotidien-aujourdhui-le-21-mars-le-plus-chaud-de-tous-les-temps\/#article\",\"isPartOf\":{\"@id\":\"https:\/\/vieassociative.be\/actualites\/nouveau-record-quotidien-aujourdhui-le-21-mars-le-plus-chaud-de-tous-les-temps\/\"},\"author\":{\"name\":\"Julien\",\"@id\":\"https:\/\/vieassociative.be\/actualites\/#\/schema\/person\/b87ac4f82f9d4e7b7cec7395b679edc4\"},\"headline\":\"Nouveau record quotidien: aujourd&rsquo;hui le 21 mars le plus chaud de tous les temps\",\"datePublished\":\"2025-03-22T02:17:29+00:00\",\"dateModified\":\"2025-03-22T02:17:29+00:00\",\"mainEntityOfPage\":{\"@id\":\"https:\/\/vieassociative.be\/actualites\/nouveau-record-quotidien-aujourdhui-le-21-mars-le-plus-chaud-de-tous-les-temps\/\"},\"wordCount\":462,\"publisher\":{\"@id\":\"https:\/\/vieassociative.be\/actualites\/#organization\"},\"image\":{\"@id\":\"https:\/\/vieassociative.be\/actualites\/nouveau-record-quotidien-aujourdhui-le-21-mars-le-plus-chaud-de-tous-les-temps\/#primaryimage\"},\"thumbnailUrl\":\"https:\/\/vieassociative.be\/actualites\/wp-content\/uploads\/2025\/03\/1742609849_Nouveau-record-quotidien-aujourdhui-le-21-mars-le-plus-chaud.jpg\",\"keywords\":[\"aujourdhui\",\"chaud\",\"Les\",\"mars\",\"nouveau\",\"quotidien\",\"record\",\"temps\",\"tous\"],\"articleSection\":[\"Belgique\"],\"inLanguage\":\"fr-BE\"},{\"@type\":\"WebPage\",\"@id\":\"https:\/\/vieassociative.be\/actualites\/nouveau-record-quotidien-aujourdhui-le-21-mars-le-plus-chaud-de-tous-les-temps\/\",\"url\":\"https:\/\/vieassociative.be\/actualites\/nouveau-record-quotidien-aujourdhui-le-21-mars-le-plus-chaud-de-tous-les-temps\/\",\"name\":\"Nouveau record quotidien: aujourd'hui le 21 mars le plus chaud de tous les temps | Vie Associative\",\"isPartOf\":{\"@id\":\"https:\/\/vieassociative.be\/actualites\/#website\"},\"primaryImageOfPage\":{\"@id\":\"https:\/\/vieassociative.be\/actualites\/nouveau-record-quotidien-aujourdhui-le-21-mars-le-plus-chaud-de-tous-les-temps\/#primaryimage\"},\"image\":{\"@id\":\"https:\/\/vieassociative.be\/actualites\/nouveau-record-quotidien-aujourdhui-le-21-mars-le-plus-chaud-de-tous-les-temps\/#primaryimage\"},\"thumbnailUrl\":\"https:\/\/vieassociative.be\/actualites\/wp-content\/uploads\/2025\/03\/1742609849_Nouveau-record-quotidien-aujourdhui-le-21-mars-le-plus-chaud.jpg\",\"datePublished\":\"2025-03-22T02:17:29+00:00\",\"dateModified\":\"2025-03-22T02:17:29+00:00\",\"breadcrumb\":{\"@id\":\"https:\/\/vieassociative.be\/actualites\/nouveau-record-quotidien-aujourdhui-le-21-mars-le-plus-chaud-de-tous-les-temps\/#breadcrumb\"},\"inLanguage\":\"fr-BE\",\"potentialAction\":[{\"@type\":\"ReadAction\",\"target\":[\"https:\/\/vieassociative.be\/actualites\/nouveau-record-quotidien-aujourdhui-le-21-mars-le-plus-chaud-de-tous-les-temps\/\"]}]},{\"@type\":\"ImageObject\",\"inLanguage\":\"fr-BE\",\"@id\":\"https:\/\/vieassociative.be\/actualites\/nouveau-record-quotidien-aujourdhui-le-21-mars-le-plus-chaud-de-tous-les-temps\/#primaryimage\",\"url\":\"https:\/\/vieassociative.be\/actualites\/wp-content\/uploads\/2025\/03\/1742609849_Nouveau-record-quotidien-aujourdhui-le-21-mars-le-plus-chaud.jpg\",\"contentUrl\":\"https:\/\/vieassociative.be\/actualites\/wp-content\/uploads\/2025\/03\/1742609849_Nouveau-record-quotidien-aujourdhui-le-21-mars-le-plus-chaud.jpg\",\"width\":1200,\"height\":800,\"caption\":\"Nouveau record quotidien: aujourd'hui le 21 mars le plus chaud de tous les temps\"},{\"@type\":\"BreadcrumbList\",\"@id\":\"https:\/\/vieassociative.be\/actualites\/nouveau-record-quotidien-aujourdhui-le-21-mars-le-plus-chaud-de-tous-les-temps\/#breadcrumb\",\"itemListElement\":[{\"@type\":\"ListItem\",\"position\":1,\"name\":\"Accueil\",\"item\":\"https:\/\/vieassociative.be\/actualites\/\"},{\"@type\":\"ListItem\",\"position\":2,\"name\":\"Nouveau record quotidien: aujourd&rsquo;hui le 21 mars le plus chaud de tous les temps\"}]},{\"@type\":\"WebSite\",\"@id\":\"https:\/\/vieassociative.be\/actualites\/#website\",\"url\":\"https:\/\/vieassociative.be\/actualites\/\",\"name\":\"Vie Associative\",\"description\":\"\",\"publisher\":{\"@id\":\"https:\/\/vieassociative.be\/actualites\/#organization\"},\"potentialAction\":[{\"@type\":\"SearchAction\",\"target\":{\"@type\":\"EntryPoint\",\"urlTemplate\":\"https:\/\/vieassociative.be\/actualites\/?s={search_term_string}\"},\"query-input\":{\"@type\":\"PropertyValueSpecification\",\"valueRequired\":true,\"valueName\":\"search_term_string\"}}],\"inLanguage\":\"fr-BE\"},{\"@type\":\"Organization\",\"@id\":\"https:\/\/vieassociative.be\/actualites\/#organization\",\"name\":\"Vie Associative\",\"url\":\"https:\/\/vieassociative.be\/actualites\/\",\"logo\":{\"@type\":\"ImageObject\",\"inLanguage\":\"fr-BE\",\"@id\":\"https:\/\/vieassociative.be\/actualites\/#\/schema\/logo\/image\/\",\"url\":\"https:\/\/vieassociative.be\/actualites\/wp-content\/uploads\/2024\/09\/cropped-vieassociative_favicon.ico.png\",\"contentUrl\":\"https:\/\/vieassociative.be\/actualites\/wp-content\/uploads\/2024\/09\/cropped-vieassociative_favicon.ico.png\",\"width\":512,\"height\":512,\"caption\":\"Vie Associative\"},\"image\":{\"@id\":\"https:\/\/vieassociative.be\/actualites\/#\/schema\/logo\/image\/\"}},{\"@type\":\"Person\",\"@id\":\"https:\/\/vieassociative.be\/actualites\/#\/schema\/person\/b87ac4f82f9d4e7b7cec7395b679edc4\",\"name\":\"Julien\",\"image\":{\"@type\":\"ImageObject\",\"inLanguage\":\"fr-BE\",\"@id\":\"https:\/\/vieassociative.be\/actualites\/#\/schema\/person\/image\/\",\"url\":\"https:\/\/vieassociative.be\/actualites\/wp-content\/uploads\/2024\/09\/vie-associative-1-150x150.jpg\",\"contentUrl\":\"https:\/\/vieassociative.be\/actualites\/wp-content\/uploads\/2024\/09\/vie-associative-1-150x150.jpg\",\"caption\":\"Julien\"},\"description\":\"Je suis Julien, r\u00e9dacteur pour Vie Associative. Passionn\u00e9 par le monde associatif depuis plus de 10 ans, j'ai \u00e0 c\u0153ur de partager des histoires inspirantes et de mettre en lumi\u00e8re les initiatives locales. Mon objectif est de sensibiliser et d'encourager l'engagement communautaire \u00e0 travers mes articles.\",\"sameAs\":[\"https:\/\/vieassociative.be\/\"]}]}<\/script>\n<!-- \/ Yoast SEO plugin. -->","yoast_head_json":{"title":"Nouveau record quotidien: aujourd'hui le 21 mars le plus chaud de tous les temps | Vie Associative","robots":{"index":"index","follow":"follow","max-snippet":"max-snippet:-1","max-image-preview":"max-image-preview:large","max-video-preview":"max-video-preview:-1"},"canonical":"https:\/\/vieassociative.be\/actualites\/nouveau-record-quotidien-aujourdhui-le-21-mars-le-plus-chaud-de-tous-les-temps\/","og_locale":"fr_FR","og_type":"article","og_title":"Nouveau record quotidien: aujourd'hui le 21 mars le plus chaud de tous les temps | Vie Associative","og_description":"En raison des pr\u00e9visions m\u00e9t\u00e9orologiques r\u00e9centes, il fallait s&rsquo;y attendre: un nouveau record quotidien a \u00e9t\u00e9 \u00e9tabli vendredi. Le 21 mars est le plus chaud","og_url":"https:\/\/vieassociative.be\/actualites\/nouveau-record-quotidien-aujourdhui-le-21-mars-le-plus-chaud-de-tous-les-temps\/","og_site_name":"Vie Associative","article_published_time":"2025-03-22T02:17:29+00:00","og_image":[{"width":279,"height":92,"url":"https:\/\/vieassociative.be\/actualites\/wp-content\/uploads\/2024\/09\/header_backgroundk-01-e1726694325946.png","type":"image\/png"}],"author":"Julien","twitter_card":"summary_large_image","twitter_misc":{"\u00c9crit par":"Julien","Dur\u00e9e de lecture est.":"2 minutes"},"schema":{"@context":"https:\/\/schema.org","@graph":[{"@type":"Article","@id":"https:\/\/vieassociative.be\/actualites\/nouveau-record-quotidien-aujourdhui-le-21-mars-le-plus-chaud-de-tous-les-temps\/#article","isPartOf":{"@id":"https:\/\/vieassociative.be\/actualites\/nouveau-record-quotidien-aujourdhui-le-21-mars-le-plus-chaud-de-tous-les-temps\/"},"author":{"name":"Julien","@id":"https:\/\/vieassociative.be\/actualites\/#\/schema\/person\/b87ac4f82f9d4e7b7cec7395b679edc4"},"headline":"Nouveau record quotidien: aujourd&rsquo;hui le 21 mars le plus chaud de tous les temps","datePublished":"2025-03-22T02:17:29+00:00","dateModified":"2025-03-22T02:17:29+00:00","mainEntityOfPage":{"@id":"https:\/\/vieassociative.be\/actualites\/nouveau-record-quotidien-aujourdhui-le-21-mars-le-plus-chaud-de-tous-les-temps\/"},"wordCount":462,"publisher":{"@id":"https:\/\/vieassociative.be\/actualites\/#organization"},"image":{"@id":"https:\/\/vieassociative.be\/actualites\/nouveau-record-quotidien-aujourdhui-le-21-mars-le-plus-chaud-de-tous-les-temps\/#primaryimage"},"thumbnailUrl":"https:\/\/vieassociative.be\/actualites\/wp-content\/uploads\/2025\/03\/1742609849_Nouveau-record-quotidien-aujourdhui-le-21-mars-le-plus-chaud.jpg","keywords":["aujourdhui","chaud","Les","mars","nouveau","quotidien","record","temps","tous"],"articleSection":["Belgique"],"inLanguage":"fr-BE"},{"@type":"WebPage","@id":"https:\/\/vieassociative.be\/actualites\/nouveau-record-quotidien-aujourdhui-le-21-mars-le-plus-chaud-de-tous-les-temps\/","url":"https:\/\/vieassociative.be\/actualites\/nouveau-record-quotidien-aujourdhui-le-21-mars-le-plus-chaud-de-tous-les-temps\/","name":"Nouveau record quotidien: aujourd'hui le 21 mars le plus chaud de tous les temps | Vie Associative","isPartOf":{"@id":"https:\/\/vieassociative.be\/actualites\/#website"},"primaryImageOfPage":{"@id":"https:\/\/vieassociative.be\/actualites\/nouveau-record-quotidien-aujourdhui-le-21-mars-le-plus-chaud-de-tous-les-temps\/#primaryimage"},"image":{"@id":"https:\/\/vieassociative.be\/actualites\/nouveau-record-quotidien-aujourdhui-le-21-mars-le-plus-chaud-de-tous-les-temps\/#primaryimage"},"thumbnailUrl":"https:\/\/vieassociative.be\/actualites\/wp-content\/uploads\/2025\/03\/1742609849_Nouveau-record-quotidien-aujourdhui-le-21-mars-le-plus-chaud.jpg","datePublished":"2025-03-22T02:17:29+00:00","dateModified":"2025-03-22T02:17:29+00:00","breadcrumb":{"@id":"https:\/\/vieassociative.be\/actualites\/nouveau-record-quotidien-aujourdhui-le-21-mars-le-plus-chaud-de-tous-les-temps\/#breadcrumb"},"inLanguage":"fr-BE","potentialAction":[{"@type":"ReadAction","target":["https:\/\/vieassociative.be\/actualites\/nouveau-record-quotidien-aujourdhui-le-21-mars-le-plus-chaud-de-tous-les-temps\/"]}]},{"@type":"ImageObject","inLanguage":"fr-BE","@id":"https:\/\/vieassociative.be\/actualites\/nouveau-record-quotidien-aujourdhui-le-21-mars-le-plus-chaud-de-tous-les-temps\/#primaryimage","url":"https:\/\/vieassociative.be\/actualites\/wp-content\/uploads\/2025\/03\/1742609849_Nouveau-record-quotidien-aujourdhui-le-21-mars-le-plus-chaud.jpg","contentUrl":"https:\/\/vieassociative.be\/actualites\/wp-content\/uploads\/2025\/03\/1742609849_Nouveau-record-quotidien-aujourdhui-le-21-mars-le-plus-chaud.jpg","width":1200,"height":800,"caption":"Nouveau record quotidien: aujourd'hui le 21 mars le plus chaud de tous les temps"},{"@type":"BreadcrumbList","@id":"https:\/\/vieassociative.be\/actualites\/nouveau-record-quotidien-aujourdhui-le-21-mars-le-plus-chaud-de-tous-les-temps\/#breadcrumb","itemListElement":[{"@type":"ListItem","position":1,"name":"Accueil","item":"https:\/\/vieassociative.be\/actualites\/"},{"@type":"ListItem","position":2,"name":"Nouveau record quotidien: aujourd&rsquo;hui le 21 mars le plus chaud de tous les temps"}]},{"@type":"WebSite","@id":"https:\/\/vieassociative.be\/actualites\/#website","url":"https:\/\/vieassociative.be\/actualites\/","name":"Vie Associative","description":"","publisher":{"@id":"https:\/\/vieassociative.be\/actualites\/#organization"},"potentialAction":[{"@type":"SearchAction","target":{"@type":"EntryPoint","urlTemplate":"https:\/\/vieassociative.be\/actualites\/?s={search_term_string}"},"query-input":{"@type":"PropertyValueSpecification","valueRequired":true,"valueName":"search_term_string"}}],"inLanguage":"fr-BE"},{"@type":"Organization","@id":"https:\/\/vieassociative.be\/actualites\/#organization","name":"Vie Associative","url":"https:\/\/vieassociative.be\/actualites\/","logo":{"@type":"ImageObject","inLanguage":"fr-BE","@id":"https:\/\/vieassociative.be\/actualites\/#\/schema\/logo\/image\/","url":"https:\/\/vieassociative.be\/actualites\/wp-content\/uploads\/2024\/09\/cropped-vieassociative_favicon.ico.png","contentUrl":"https:\/\/vieassociative.be\/actualites\/wp-content\/uploads\/2024\/09\/cropped-vieassociative_favicon.ico.png","width":512,"height":512,"caption":"Vie Associative"},"image":{"@id":"https:\/\/vieassociative.be\/actualites\/#\/schema\/logo\/image\/"}},{"@type":"Person","@id":"https:\/\/vieassociative.be\/actualites\/#\/schema\/person\/b87ac4f82f9d4e7b7cec7395b679edc4","name":"Julien","image":{"@type":"ImageObject","inLanguage":"fr-BE","@id":"https:\/\/vieassociative.be\/actualites\/#\/schema\/person\/image\/","url":"https:\/\/vieassociative.be\/actualites\/wp-content\/uploads\/2024\/09\/vie-associative-1-150x150.jpg","contentUrl":"https:\/\/vieassociative.be\/actualites\/wp-content\/uploads\/2024\/09\/vie-associative-1-150x150.jpg","caption":"Julien"},"description":"Je suis Julien, r\u00e9dacteur pour Vie Associative. Passionn\u00e9 par le monde associatif depuis plus de 10 ans, j'ai \u00e0 c\u0153ur de partager des histoires inspirantes et de mettre en lumi\u00e8re les initiatives locales. Mon objectif est de sensibiliser et d'encourager l'engagement communautaire \u00e0 travers mes articles.","sameAs":["https:\/\/vieassociative.be\/"]}]}},"_links":{"self":[{"href":"https:\/\/vieassociative.be\/actualites\/wp-json\/wp\/v2\/posts\/6057"}],"collection":[{"href":"https:\/\/vieassociative.be\/actualites\/wp-json\/wp\/v2\/posts"}],"about":[{"href":"https:\/\/vieassociative.be\/actualites\/wp-json\/wp\/v2\/types\/post"}],"author":[{"embeddable":true,"href":"https:\/\/vieassociative.be\/actualites\/wp-json\/wp\/v2\/users\/1"}],"replies":[{"embeddable":true,"href":"https:\/\/vieassociative.be\/actualites\/wp-json\/wp\/v2\/comments?post=6057"}],"version-history":[{"count":0,"href":"https:\/\/vieassociative.be\/actualites\/wp-json\/wp\/v2\/posts\/6057\/revisions"}],"wp:featuredmedia":[{"embeddable":true,"href":"https:\/\/vieassociative.be\/actualites\/wp-json\/wp\/v2\/media\/6058"}],"wp:attachment":[{"href":"https:\/\/vieassociative.be\/actualites\/wp-json\/wp\/v2\/media?parent=6057"}],"wp:term":[{"taxonomy":"category","embeddable":true,"href":"https:\/\/vieassociative.be\/actualites\/wp-json\/wp\/v2\/categories?post=6057"},{"taxonomy":"post_tag","embeddable":true,"href":"https:\/\/vieassociative.be\/actualites\/wp-json\/wp\/v2\/tags?post=6057"}],"curies":[{"name":"wp","href":"https:\/\/api.w.org\/{rel}","templated":true}]}}