{"id":6055,"date":"2025-03-22T02:19:28","date_gmt":"2025-03-22T01:19:28","guid":{"rendered":"https:\/\/vieassociative.be\/actualites\/les-samsung-galaxy-buds-3-coutent-99-en-ce-moment\/"},"modified":"2025-03-22T02:19:28","modified_gmt":"2025-03-22T01:19:28","slug":"les-samsung-galaxy-buds-3-coutent-99-en-ce-moment","status":"publish","type":"post","link":"https:\/\/vieassociative.be\/actualites\/les-samsung-galaxy-buds-3-coutent-99-en-ce-moment\/","title":{"rendered":"Les Samsung Galaxy Buds 3 co\u00fbtent 99 $ en ce moment"},"content":{"rendered":"<div class=\"mt-4 leading-6 md:mb-8\">Obtenez une annulation active du bruit avec une conception ouverte, une protection contre les \u00e9l\u00e9ments et une traduction en direct.<\/div>\n<p><\/p>\n<p>Vous pouvez penser \u00e0 la s\u00e9rie Galaxy Buds comme la version d&rsquo;Android des AirPods. Les Samsung Galaxy Buds 3 sont la version ouverte du Galaxy Buds 3 Pro, qui sont tous deux sortis l&rsquo;\u00e9t\u00e9 dernier. En ce moment, vous pouvez obtenir le Galaxy Buds 3 pour <strong>99,99 $<\/strong> (\u00e0 l&rsquo;origine 179,99 $) directement sur le site Web de Samsung lors du choix de \u00ab\u00a0non\u00a0\u00bb sous le cr\u00e9dit de commerce de Samsung. Il s&rsquo;agit du prix le plus bas que ces \u00e9couteurs ont \u00e9t\u00e9 depuis leur r\u00e9cente version, selon les outils de suivi des prix. <\/p>\n<div class=\"pogoClear mb-12 mt-10 rounded-md border-2 border-gray-100 py-7 shadow-xl md:py-6\">\n<div class=\"flex flex-wrap justify-between px-7 text-black no-underline md:flex-nowrap md:px-8\">\n<div class=\"order-1 mx-auto flex flex-col justify-center md:order-2 md:ml-4 md:w-full md:grow\">\n<div class=\"block cursor-pointer text-center font-akshar text-2xl font-medium leading-7 text-brand-green duration-200 ease-in-out hover:text-brand-green-700 md:text-left md:text-xl md:leading-6\">Samsung Galaxy Buds 3\n                <\/div>\n<div class=\"mt-4 hidden md:flex md:justify-between\">\n<div class=\"self-end\">\n<div class=\"mb-0 h-11 md:flex md:flex-col md:justify-center\">\n<div class=\" font-sans leading-4 text-black\">\n<div class=\"flex flex-wrap items-center justify-center gap-x-1 md:justify-start\">\n        <span class=\"font-bold\"><\/p>\n<p>            99,99 $<br \/>\n                            <span class=\"font-medium\">\u00e0 Samsung<\/span><br \/>\n                    <\/span>\n            <\/div>\n<div class=\"flex items-center justify-center gap-x-1 font-bold md:justify-start\">\n            <span class=\"text-sm line-through\">179,99 $<\/span><br \/>\n            <span class=\"text-sm text-brand-green\">\u00c9conomisez 80,00 $<\/span>\n        <\/div>\n<\/p><\/div>\n<\/p><\/div>\n<\/p><\/div>\n<div class=\"w-44 self-end\">\n                            <button class=\"flex justify-center items-center w-full bg-brand-green text-white text-base font-sans font-medium rounded-md hover:bg-brand-green-700 hover:cursor-pointer md:text-sm h-11\"><\/p>\n<p>    Conclure un accord<br \/>\n<\/button>\n                        <\/div>\n<\/p><\/div>\n<\/p><\/div>\n<div class=\"order-2 mt-5 h-auto w-full md:order-1 md:mt-0 md:hidden\">\n<div class=\"flex aspect-video items-center justify-center\">\n                                            <img decoding=\"async\" class=\"m-0 max-h-full max-w-full rounded-md\" src=\"https:\/\/vieassociative.be\/actualites\/wp-content\/uploads\/2025\/03\/Les-Samsung-Galaxy-Buds-3-coutent-99-en-ce.jpg\" alt=\"Samsung Galaxy Buds 3\" width=\"auto\" height=\"auto\" loading=\"lazy\">\n                                    <\/div>\n<\/p><\/div>\n<div class=\"order-2 ml-2 hidden w-32 shrink-0 items-center md:order-1 md:ml-0 md:flex\">\n<div class=\"flex aspect-video items-center justify-center\">\n                                            <img decoding=\"async\" class=\"m-0 max-h-full max-w-full rounded-md\" src=\"https:\/\/vieassociative.be\/actualites\/wp-content\/uploads\/2025\/03\/Les-Samsung-Galaxy-Buds-3-coutent-99-en-ce.jpg\" alt=\"Samsung Galaxy Buds 3\" width=\"auto\" height=\"auto\" loading=\"lazy\">\n                                    <\/div>\n<\/p><\/div>\n<div class=\"order-3 flex grow flex-wrap md:hidden md:grow-0\">\n<div class=\"mt-4 w-full\">\n                        <button class=\"flex justify-center items-center w-full bg-brand-green text-white text-base font-sans font-medium rounded-md hover:bg-brand-green-700 hover:cursor-pointer md:text-sm h-11\"><\/p>\n<p>    Conclure un accord<br \/>\n<\/button>\n                    <\/div>\n<div class=\"mx-2 mt-4 w-full\">\n<div class=\" font-sans leading-4 text-black\">\n<div class=\"flex flex-wrap items-center justify-center gap-x-1 md:justify-start\">\n        <span class=\"font-bold\"><\/p>\n<p>            99,99 $<br \/>\n                            <span class=\"font-medium\">\u00e0 Samsung<\/span><br \/>\n                    <\/span>\n            <\/div>\n<div class=\"flex items-center justify-center gap-x-1 font-bold md:justify-start\">\n            <span class=\"text-sm line-through\">179,99 $<\/span><br \/>\n            <span class=\"text-sm text-brand-green\">\u00c9conomisez 80,00 $<\/span>\n        <\/div>\n<\/p><\/div>\n<\/p><\/div>\n<\/p><\/div>\n<\/p><\/div>\n<\/div>\n<p>Les Galaxy Buds 3 sont lourds. Ils ont des capteurs de d\u00e9tection d&rsquo;oreille, ils s&rsquo;arr\u00eatent donc automatiquement et reprennent lorsque vous les prenez et que vous les \u00e9teignez. Ils ont 360 audio, qui est une fonction sonore immersive qui est similaire \u00e0 un effet de son surround. La cote IP57 signifie qu&rsquo;ils peuvent g\u00e9rer des cours d&rsquo;eau soutenus du puits d&rsquo;eau. Si vous avez un t\u00e9l\u00e9phone Samsung, vous obtiendrez un appariement automatique et un passage \u00e0 partir des appareils Samsung, mais la fonction la plus cool est la traduction bas\u00e9e sur Galaxy AI, qui peut traduire les mots prononc\u00e9s entre deux parties ou vid\u00e9os de votre t\u00e9l\u00e9phone.<\/p>\n<p>Les \u00e9couteurs ouverts sont parfaits pour les gens qui n&rsquo;aiment pas coller des bourgeons \u00e0 l&rsquo;int\u00e9rieur de leurs oreilles et \/ ou aiment \u00eatre conscients de leur environnement m\u00eame lors de l&rsquo;\u00e9coute de leurs m\u00e9dias. Le compromis est des basses plus faibles et plus de saignements sonores. Cependant, la qualit\u00e9 audio sur eux est toujours impressionnante, et l&rsquo;ANC sur eux fonctionne \u00e9tonnamment bien pour les \u00e9couteurs de l&rsquo;ANC, selon la revue de PCMAG.<\/p>\n<p>Pour moins de 100 $, c&rsquo;est une excellente valeur pour les utilisateurs d&rsquo;Android ou Apple, mais si vous \u00eates un utilisateur de Samsung, vous obtenez une bien meilleure exp\u00e9rience utilisateur et Bang pour votre argent. Mais si vous voulez un meilleur an<strong> 209,99 $ <\/strong>(\u00e0 l&rsquo;origine 249,99 $).<\/p>\n<div class=\"mx-auto mt-8 w-full max-w-4xl\">\n<div id=\"video-container-ClxlDGmv9ao\"><\/div>\n<\/div>\n","protected":false},"excerpt":{"rendered":"<p>Obtenez une annulation active du bruit avec une conception ouverte, une protection contre les \u00e9l\u00e9ments et une traduction en direct. Vous pouvez penser \u00e0 la<\/p>\n","protected":false},"author":1,"featured_media":6056,"comment_status":"","ping_status":"","sticky":false,"template":"","format":"standard","meta":{"footnotes":""},"categories":[13],"tags":[4282,2244,4183,14,1429,1878],"class_list":["post-6055","post","type-post","status-publish","format-standard","has-post-thumbnail","hentry","category-technologie","tag-buds","tag-coutent","tag-galaxy","tag-les","tag-moment","tag-samsung","generate-columns","tablet-grid-50","mobile-grid-100","grid-parent","grid-33"],"yoast_head":"<!-- This site is optimized with the Yoast SEO plugin v24.0 - https:\/\/yoast.com\/wordpress\/plugins\/seo\/ -->\n<title>Les Samsung Galaxy Buds 3 co\u00fbtent 99 $ en ce moment | Vie Associative<\/title>\n<meta name=\"robots\" content=\"index, follow, max-snippet:-1, max-image-preview:large, max-video-preview:-1\" \/>\n<link rel=\"canonical\" href=\"https:\/\/vieassociative.be\/actualites\/les-samsung-galaxy-buds-3-coutent-99-en-ce-moment\/\" \/>\n<meta property=\"og:locale\" content=\"fr_FR\" \/>\n<meta property=\"og:type\" content=\"article\" \/>\n<meta property=\"og:title\" content=\"Les Samsung Galaxy Buds 3 co\u00fbtent 99 $ en ce moment | Vie Associative\" \/>\n<meta property=\"og:description\" content=\"Obtenez une annulation active du bruit avec une conception ouverte, une protection contre les \u00e9l\u00e9ments et une traduction en direct. Vous pouvez penser \u00e0 la\" \/>\n<meta property=\"og:url\" content=\"https:\/\/vieassociative.be\/actualites\/les-samsung-galaxy-buds-3-coutent-99-en-ce-moment\/\" \/>\n<meta property=\"og:site_name\" content=\"Vie Associative\" \/>\n<meta property=\"article:published_time\" content=\"2025-03-22T01:19:28+00:00\" \/>\n<meta property=\"og:image\" content=\"https:\/\/vieassociative.be\/actualites\/wp-content\/uploads\/2025\/03\/Les-Samsung-Galaxy-Buds-3-coutent-99-en-ce.jpg\" \/>\n<meta name=\"author\" content=\"Julien\" \/>\n<meta name=\"twitter:card\" content=\"summary_large_image\" \/>\n<meta name=\"twitter:label1\" content=\"\u00c9crit par\" \/>\n\t<meta name=\"twitter:data1\" content=\"Julien\" \/>\n\t<meta name=\"twitter:label2\" content=\"Dur\u00e9e de lecture est.\" \/>\n\t<meta name=\"twitter:data2\" content=\"2 minutes\" \/>\n<script type=\"application\/ld+json\" class=\"yoast-schema-graph\">{\"@context\":\"https:\/\/schema.org\",\"@graph\":[{\"@type\":\"Article\",\"@id\":\"https:\/\/vieassociative.be\/actualites\/les-samsung-galaxy-buds-3-coutent-99-en-ce-moment\/#article\",\"isPartOf\":{\"@id\":\"https:\/\/vieassociative.be\/actualites\/les-samsung-galaxy-buds-3-coutent-99-en-ce-moment\/\"},\"author\":{\"name\":\"Julien\",\"@id\":\"https:\/\/vieassociative.be\/actualites\/#\/schema\/person\/b87ac4f82f9d4e7b7cec7395b679edc4\"},\"headline\":\"Les Samsung Galaxy Buds 3 co\u00fbtent 99 $ en ce moment\",\"datePublished\":\"2025-03-22T01:19:28+00:00\",\"dateModified\":\"2025-03-22T01:19:28+00:00\",\"mainEntityOfPage\":{\"@id\":\"https:\/\/vieassociative.be\/actualites\/les-samsung-galaxy-buds-3-coutent-99-en-ce-moment\/\"},\"wordCount\":377,\"publisher\":{\"@id\":\"https:\/\/vieassociative.be\/actualites\/#organization\"},\"image\":{\"@id\":\"https:\/\/vieassociative.be\/actualites\/les-samsung-galaxy-buds-3-coutent-99-en-ce-moment\/#primaryimage\"},\"thumbnailUrl\":\"https:\/\/vieassociative.be\/actualites\/wp-content\/uploads\/2025\/03\/Les-Samsung-Galaxy-Buds-3-coutent-99-en-ce.png\",\"keywords\":[\"Buds\",\"co\u00fbtent\",\"Galaxy\",\"Les\",\"moment\",\"Samsung\"],\"articleSection\":[\"Technologie\"],\"inLanguage\":\"fr-BE\"},{\"@type\":\"WebPage\",\"@id\":\"https:\/\/vieassociative.be\/actualites\/les-samsung-galaxy-buds-3-coutent-99-en-ce-moment\/\",\"url\":\"https:\/\/vieassociative.be\/actualites\/les-samsung-galaxy-buds-3-coutent-99-en-ce-moment\/\",\"name\":\"Les Samsung Galaxy Buds 3 co\u00fbtent 99 $ en ce moment | Vie Associative\",\"isPartOf\":{\"@id\":\"https:\/\/vieassociative.be\/actualites\/#website\"},\"primaryImageOfPage\":{\"@id\":\"https:\/\/vieassociative.be\/actualites\/les-samsung-galaxy-buds-3-coutent-99-en-ce-moment\/#primaryimage\"},\"image\":{\"@id\":\"https:\/\/vieassociative.be\/actualites\/les-samsung-galaxy-buds-3-coutent-99-en-ce-moment\/#primaryimage\"},\"thumbnailUrl\":\"https:\/\/vieassociative.be\/actualites\/wp-content\/uploads\/2025\/03\/Les-Samsung-Galaxy-Buds-3-coutent-99-en-ce.png\",\"datePublished\":\"2025-03-22T01:19:28+00:00\",\"dateModified\":\"2025-03-22T01:19:28+00:00\",\"breadcrumb\":{\"@id\":\"https:\/\/vieassociative.be\/actualites\/les-samsung-galaxy-buds-3-coutent-99-en-ce-moment\/#breadcrumb\"},\"inLanguage\":\"fr-BE\",\"potentialAction\":[{\"@type\":\"ReadAction\",\"target\":[\"https:\/\/vieassociative.be\/actualites\/les-samsung-galaxy-buds-3-coutent-99-en-ce-moment\/\"]}]},{\"@type\":\"ImageObject\",\"inLanguage\":\"fr-BE\",\"@id\":\"https:\/\/vieassociative.be\/actualites\/les-samsung-galaxy-buds-3-coutent-99-en-ce-moment\/#primaryimage\",\"url\":\"https:\/\/vieassociative.be\/actualites\/wp-content\/uploads\/2025\/03\/Les-Samsung-Galaxy-Buds-3-coutent-99-en-ce.png\",\"contentUrl\":\"https:\/\/vieassociative.be\/actualites\/wp-content\/uploads\/2025\/03\/Les-Samsung-Galaxy-Buds-3-coutent-99-en-ce.png\",\"width\":1200,\"height\":675,\"caption\":\"Les Samsung Galaxy Buds 3 co\u00fbtent 99 $ en ce moment\"},{\"@type\":\"BreadcrumbList\",\"@id\":\"https:\/\/vieassociative.be\/actualites\/les-samsung-galaxy-buds-3-coutent-99-en-ce-moment\/#breadcrumb\",\"itemListElement\":[{\"@type\":\"ListItem\",\"position\":1,\"name\":\"Accueil\",\"item\":\"https:\/\/vieassociative.be\/actualites\/\"},{\"@type\":\"ListItem\",\"position\":2,\"name\":\"Les Samsung Galaxy Buds 3 co\u00fbtent 99 $ en ce moment\"}]},{\"@type\":\"WebSite\",\"@id\":\"https:\/\/vieassociative.be\/actualites\/#website\",\"url\":\"https:\/\/vieassociative.be\/actualites\/\",\"name\":\"Vie Associative\",\"description\":\"\",\"publisher\":{\"@id\":\"https:\/\/vieassociative.be\/actualites\/#organization\"},\"potentialAction\":[{\"@type\":\"SearchAction\",\"target\":{\"@type\":\"EntryPoint\",\"urlTemplate\":\"https:\/\/vieassociative.be\/actualites\/?s={search_term_string}\"},\"query-input\":{\"@type\":\"PropertyValueSpecification\",\"valueRequired\":true,\"valueName\":\"search_term_string\"}}],\"inLanguage\":\"fr-BE\"},{\"@type\":\"Organization\",\"@id\":\"https:\/\/vieassociative.be\/actualites\/#organization\",\"name\":\"Vie Associative\",\"url\":\"https:\/\/vieassociative.be\/actualites\/\",\"logo\":{\"@type\":\"ImageObject\",\"inLanguage\":\"fr-BE\",\"@id\":\"https:\/\/vieassociative.be\/actualites\/#\/schema\/logo\/image\/\",\"url\":\"https:\/\/vieassociative.be\/actualites\/wp-content\/uploads\/2024\/09\/cropped-vieassociative_favicon.ico.png\",\"contentUrl\":\"https:\/\/vieassociative.be\/actualites\/wp-content\/uploads\/2024\/09\/cropped-vieassociative_favicon.ico.png\",\"width\":512,\"height\":512,\"caption\":\"Vie Associative\"},\"image\":{\"@id\":\"https:\/\/vieassociative.be\/actualites\/#\/schema\/logo\/image\/\"}},{\"@type\":\"Person\",\"@id\":\"https:\/\/vieassociative.be\/actualites\/#\/schema\/person\/b87ac4f82f9d4e7b7cec7395b679edc4\",\"name\":\"Julien\",\"image\":{\"@type\":\"ImageObject\",\"inLanguage\":\"fr-BE\",\"@id\":\"https:\/\/vieassociative.be\/actualites\/#\/schema\/person\/image\/\",\"url\":\"https:\/\/vieassociative.be\/actualites\/wp-content\/uploads\/2024\/09\/vie-associative-1-150x150.jpg\",\"contentUrl\":\"https:\/\/vieassociative.be\/actualites\/wp-content\/uploads\/2024\/09\/vie-associative-1-150x150.jpg\",\"caption\":\"Julien\"},\"description\":\"Je suis Julien, r\u00e9dacteur pour Vie Associative. Passionn\u00e9 par le monde associatif depuis plus de 10 ans, j'ai \u00e0 c\u0153ur de partager des histoires inspirantes et de mettre en lumi\u00e8re les initiatives locales. Mon objectif est de sensibiliser et d'encourager l'engagement communautaire \u00e0 travers mes articles.\",\"sameAs\":[\"https:\/\/vieassociative.be\/\"]}]}<\/script>\n<!-- \/ Yoast SEO plugin. -->","yoast_head_json":{"title":"Les Samsung Galaxy Buds 3 co\u00fbtent 99 $ en ce moment | Vie Associative","robots":{"index":"index","follow":"follow","max-snippet":"max-snippet:-1","max-image-preview":"max-image-preview:large","max-video-preview":"max-video-preview:-1"},"canonical":"https:\/\/vieassociative.be\/actualites\/les-samsung-galaxy-buds-3-coutent-99-en-ce-moment\/","og_locale":"fr_FR","og_type":"article","og_title":"Les Samsung Galaxy Buds 3 co\u00fbtent 99 $ en ce moment | Vie Associative","og_description":"Obtenez une annulation active du bruit avec une conception ouverte, une protection contre les \u00e9l\u00e9ments et une traduction en direct. Vous pouvez penser \u00e0 la","og_url":"https:\/\/vieassociative.be\/actualites\/les-samsung-galaxy-buds-3-coutent-99-en-ce-moment\/","og_site_name":"Vie Associative","article_published_time":"2025-03-22T01:19:28+00:00","og_image":[{"url":"https:\/\/vieassociative.be\/actualites\/wp-content\/uploads\/2025\/03\/Les-Samsung-Galaxy-Buds-3-coutent-99-en-ce.jpg","type":"","width":"","height":""}],"author":"Julien","twitter_card":"summary_large_image","twitter_misc":{"\u00c9crit par":"Julien","Dur\u00e9e de lecture est.":"2 minutes"},"schema":{"@context":"https:\/\/schema.org","@graph":[{"@type":"Article","@id":"https:\/\/vieassociative.be\/actualites\/les-samsung-galaxy-buds-3-coutent-99-en-ce-moment\/#article","isPartOf":{"@id":"https:\/\/vieassociative.be\/actualites\/les-samsung-galaxy-buds-3-coutent-99-en-ce-moment\/"},"author":{"name":"Julien","@id":"https:\/\/vieassociative.be\/actualites\/#\/schema\/person\/b87ac4f82f9d4e7b7cec7395b679edc4"},"headline":"Les Samsung Galaxy Buds 3 co\u00fbtent 99 $ en ce moment","datePublished":"2025-03-22T01:19:28+00:00","dateModified":"2025-03-22T01:19:28+00:00","mainEntityOfPage":{"@id":"https:\/\/vieassociative.be\/actualites\/les-samsung-galaxy-buds-3-coutent-99-en-ce-moment\/"},"wordCount":377,"publisher":{"@id":"https:\/\/vieassociative.be\/actualites\/#organization"},"image":{"@id":"https:\/\/vieassociative.be\/actualites\/les-samsung-galaxy-buds-3-coutent-99-en-ce-moment\/#primaryimage"},"thumbnailUrl":"https:\/\/vieassociative.be\/actualites\/wp-content\/uploads\/2025\/03\/Les-Samsung-Galaxy-Buds-3-coutent-99-en-ce.png","keywords":["Buds","co\u00fbtent","Galaxy","Les","moment","Samsung"],"articleSection":["Technologie"],"inLanguage":"fr-BE"},{"@type":"WebPage","@id":"https:\/\/vieassociative.be\/actualites\/les-samsung-galaxy-buds-3-coutent-99-en-ce-moment\/","url":"https:\/\/vieassociative.be\/actualites\/les-samsung-galaxy-buds-3-coutent-99-en-ce-moment\/","name":"Les Samsung Galaxy Buds 3 co\u00fbtent 99 $ en ce moment | Vie Associative","isPartOf":{"@id":"https:\/\/vieassociative.be\/actualites\/#website"},"primaryImageOfPage":{"@id":"https:\/\/vieassociative.be\/actualites\/les-samsung-galaxy-buds-3-coutent-99-en-ce-moment\/#primaryimage"},"image":{"@id":"https:\/\/vieassociative.be\/actualites\/les-samsung-galaxy-buds-3-coutent-99-en-ce-moment\/#primaryimage"},"thumbnailUrl":"https:\/\/vieassociative.be\/actualites\/wp-content\/uploads\/2025\/03\/Les-Samsung-Galaxy-Buds-3-coutent-99-en-ce.png","datePublished":"2025-03-22T01:19:28+00:00","dateModified":"2025-03-22T01:19:28+00:00","breadcrumb":{"@id":"https:\/\/vieassociative.be\/actualites\/les-samsung-galaxy-buds-3-coutent-99-en-ce-moment\/#breadcrumb"},"inLanguage":"fr-BE","potentialAction":[{"@type":"ReadAction","target":["https:\/\/vieassociative.be\/actualites\/les-samsung-galaxy-buds-3-coutent-99-en-ce-moment\/"]}]},{"@type":"ImageObject","inLanguage":"fr-BE","@id":"https:\/\/vieassociative.be\/actualites\/les-samsung-galaxy-buds-3-coutent-99-en-ce-moment\/#primaryimage","url":"https:\/\/vieassociative.be\/actualites\/wp-content\/uploads\/2025\/03\/Les-Samsung-Galaxy-Buds-3-coutent-99-en-ce.png","contentUrl":"https:\/\/vieassociative.be\/actualites\/wp-content\/uploads\/2025\/03\/Les-Samsung-Galaxy-Buds-3-coutent-99-en-ce.png","width":1200,"height":675,"caption":"Les Samsung Galaxy Buds 3 co\u00fbtent 99 $ en ce moment"},{"@type":"BreadcrumbList","@id":"https:\/\/vieassociative.be\/actualites\/les-samsung-galaxy-buds-3-coutent-99-en-ce-moment\/#breadcrumb","itemListElement":[{"@type":"ListItem","position":1,"name":"Accueil","item":"https:\/\/vieassociative.be\/actualites\/"},{"@type":"ListItem","position":2,"name":"Les Samsung Galaxy Buds 3 co\u00fbtent 99 $ en ce moment"}]},{"@type":"WebSite","@id":"https:\/\/vieassociative.be\/actualites\/#website","url":"https:\/\/vieassociative.be\/actualites\/","name":"Vie Associative","description":"","publisher":{"@id":"https:\/\/vieassociative.be\/actualites\/#organization"},"potentialAction":[{"@type":"SearchAction","target":{"@type":"EntryPoint","urlTemplate":"https:\/\/vieassociative.be\/actualites\/?s={search_term_string}"},"query-input":{"@type":"PropertyValueSpecification","valueRequired":true,"valueName":"search_term_string"}}],"inLanguage":"fr-BE"},{"@type":"Organization","@id":"https:\/\/vieassociative.be\/actualites\/#organization","name":"Vie Associative","url":"https:\/\/vieassociative.be\/actualites\/","logo":{"@type":"ImageObject","inLanguage":"fr-BE","@id":"https:\/\/vieassociative.be\/actualites\/#\/schema\/logo\/image\/","url":"https:\/\/vieassociative.be\/actualites\/wp-content\/uploads\/2024\/09\/cropped-vieassociative_favicon.ico.png","contentUrl":"https:\/\/vieassociative.be\/actualites\/wp-content\/uploads\/2024\/09\/cropped-vieassociative_favicon.ico.png","width":512,"height":512,"caption":"Vie Associative"},"image":{"@id":"https:\/\/vieassociative.be\/actualites\/#\/schema\/logo\/image\/"}},{"@type":"Person","@id":"https:\/\/vieassociative.be\/actualites\/#\/schema\/person\/b87ac4f82f9d4e7b7cec7395b679edc4","name":"Julien","image":{"@type":"ImageObject","inLanguage":"fr-BE","@id":"https:\/\/vieassociative.be\/actualites\/#\/schema\/person\/image\/","url":"https:\/\/vieassociative.be\/actualites\/wp-content\/uploads\/2024\/09\/vie-associative-1-150x150.jpg","contentUrl":"https:\/\/vieassociative.be\/actualites\/wp-content\/uploads\/2024\/09\/vie-associative-1-150x150.jpg","caption":"Julien"},"description":"Je suis Julien, r\u00e9dacteur pour Vie Associative. Passionn\u00e9 par le monde associatif depuis plus de 10 ans, j'ai \u00e0 c\u0153ur de partager des histoires inspirantes et de mettre en lumi\u00e8re les initiatives locales. Mon objectif est de sensibiliser et d'encourager l'engagement communautaire \u00e0 travers mes articles.","sameAs":["https:\/\/vieassociative.be\/"]}]}},"_links":{"self":[{"href":"https:\/\/vieassociative.be\/actualites\/wp-json\/wp\/v2\/posts\/6055"}],"collection":[{"href":"https:\/\/vieassociative.be\/actualites\/wp-json\/wp\/v2\/posts"}],"about":[{"href":"https:\/\/vieassociative.be\/actualites\/wp-json\/wp\/v2\/types\/post"}],"author":[{"embeddable":true,"href":"https:\/\/vieassociative.be\/actualites\/wp-json\/wp\/v2\/users\/1"}],"replies":[{"embeddable":true,"href":"https:\/\/vieassociative.be\/actualites\/wp-json\/wp\/v2\/comments?post=6055"}],"version-history":[{"count":0,"href":"https:\/\/vieassociative.be\/actualites\/wp-json\/wp\/v2\/posts\/6055\/revisions"}],"wp:featuredmedia":[{"embeddable":true,"href":"https:\/\/vieassociative.be\/actualites\/wp-json\/wp\/v2\/media\/6056"}],"wp:attachment":[{"href":"https:\/\/vieassociative.be\/actualites\/wp-json\/wp\/v2\/media?parent=6055"}],"wp:term":[{"taxonomy":"category","embeddable":true,"href":"https:\/\/vieassociative.be\/actualites\/wp-json\/wp\/v2\/categories?post=6055"},{"taxonomy":"post_tag","embeddable":true,"href":"https:\/\/vieassociative.be\/actualites\/wp-json\/wp\/v2\/tags?post=6055"}],"curies":[{"name":"wp","href":"https:\/\/api.w.org\/{rel}","templated":true}]}}