{"id":6048,"date":"2025-03-21T21:17:47","date_gmt":"2025-03-21T20:17:47","guid":{"rendered":"https:\/\/vieassociative.be\/actualites\/earth-hour-samedi-il-sera-sombre-a-bruxelles\/"},"modified":"2025-03-21T21:17:47","modified_gmt":"2025-03-21T20:17:47","slug":"earth-hour-samedi-il-sera-sombre-a-bruxelles","status":"publish","type":"post","link":"https:\/\/vieassociative.be\/actualites\/earth-hour-samedi-il-sera-sombre-a-bruxelles\/","title":{"rendered":"\u00ab\u00a0Earth Hour\u00a0\u00bb: samedi, il sera sombre \u00e0 Bruxelles"},"content":{"rendered":"<p>Le \u00ab\u00a0Earth Hour\u00a0\u00bb aura lieu \u00e0 Bruxelles samedi soir. Le Grand&rsquo;Place ainsi que plusieurs b\u00e2timents symboliques tels que l&rsquo;atomique ou la bourse de Bruxelles sont envelopp\u00e9s dans l&rsquo;obscurit\u00e9.<\/p>\n<p><span id=\"more-411685\"><\/span>Les lumi\u00e8res s&rsquo;\u00e9teignent pendant une heure \u00e0 partir de 20h30. Ne paniquez pas, cependant, car la capitale belge participe \u00e0 la campagne mondiale de protection de l&rsquo;environnement \u00ab\u00a0une heure pour la plan\u00e8te\u00a0\u00bb, qui a \u00e9t\u00e9 lanc\u00e9e par le WWF.<\/p>\n<p><b>&#8211; L&rsquo;initiative \u00ab\u00a0Earth Hour\u00a0\u00bb, qu&rsquo;est-ce que c&rsquo;est vraiment? <\/b>L&rsquo;initiative sert \u00e0 sensibiliser \u00e0 la consommation d&rsquo;\u00e9nergie et \u00e0 la pollution lumineuse. Le \u00abEarth Hour\u00bb avait pris les r\u00e9sultats en Australie en 2007, et il est maintenant consid\u00e9r\u00e9 comme la plus grande campagne de protection de l&rsquo;environnement au monde.<\/p>\n<p>Pour ceux qui veulent vivre l&rsquo;\u00e9v\u00e9nement au c\u0153ur de la ville, il y a enfin un spectacle de pompiers \u00e0 partir de 20 h 30 qui illumine le Grand &lsquo;.<\/p>\n","protected":false},"excerpt":{"rendered":"<p>Le \u00ab\u00a0Earth Hour\u00a0\u00bb aura lieu \u00e0 Bruxelles samedi soir. Le Grand&rsquo;Place ainsi que plusieurs b\u00e2timents symboliques tels que l&rsquo;atomique ou la bourse de Bruxelles sont<\/p>\n","protected":false},"author":1,"featured_media":6049,"comment_status":"","ping_status":"","sticky":false,"template":"","format":"standard","meta":{"footnotes":""},"categories":[298],"tags":[455,5957,5958,355,3230,3863],"class_list":["post-6048","post","type-post","status-publish","format-standard","has-post-thumbnail","hentry","category-belgique","tag-bruxelles","tag-earth","tag-hour","tag-samedi","tag-sera","tag-sombre","generate-columns","tablet-grid-50","mobile-grid-100","grid-parent","grid-33"],"yoast_head":"<!-- This site is optimized with the Yoast SEO plugin v24.0 - https:\/\/yoast.com\/wordpress\/plugins\/seo\/ -->\n<title>&quot;Earth Hour&quot;: samedi, il sera sombre \u00e0 Bruxelles | Vie Associative<\/title>\n<meta name=\"robots\" content=\"index, follow, max-snippet:-1, max-image-preview:large, max-video-preview:-1\" \/>\n<link rel=\"canonical\" href=\"https:\/\/vieassociative.be\/actualites\/earth-hour-samedi-il-sera-sombre-a-bruxelles\/\" \/>\n<meta property=\"og:locale\" content=\"fr_FR\" \/>\n<meta property=\"og:type\" content=\"article\" \/>\n<meta property=\"og:title\" content=\"&quot;Earth Hour&quot;: samedi, il sera sombre \u00e0 Bruxelles | Vie Associative\" \/>\n<meta property=\"og:description\" content=\"Le \u00ab\u00a0Earth Hour\u00a0\u00bb aura lieu \u00e0 Bruxelles samedi soir. Le Grand&rsquo;Place ainsi que plusieurs b\u00e2timents symboliques tels que l&rsquo;atomique ou la bourse de Bruxelles sont\" \/>\n<meta property=\"og:url\" content=\"https:\/\/vieassociative.be\/actualites\/earth-hour-samedi-il-sera-sombre-a-bruxelles\/\" \/>\n<meta property=\"og:site_name\" content=\"Vie Associative\" \/>\n<meta property=\"article:published_time\" content=\"2025-03-21T20:17:47+00:00\" \/>\n<meta property=\"og:image\" content=\"https:\/\/vieassociative.be\/actualites\/wp-content\/uploads\/2024\/09\/header_backgroundk-01-e1726694325946.png\" \/>\n\t<meta property=\"og:image:width\" content=\"279\" \/>\n\t<meta property=\"og:image:height\" content=\"92\" \/>\n\t<meta property=\"og:image:type\" content=\"image\/png\" \/>\n<meta name=\"author\" content=\"Julien\" \/>\n<meta name=\"twitter:card\" content=\"summary_large_image\" \/>\n<meta name=\"twitter:label1\" content=\"\u00c9crit par\" \/>\n\t<meta name=\"twitter:data1\" content=\"Julien\" \/>\n\t<meta name=\"twitter:label2\" content=\"Dur\u00e9e de lecture est.\" \/>\n\t<meta name=\"twitter:data2\" content=\"1 minute\" \/>\n<script type=\"application\/ld+json\" class=\"yoast-schema-graph\">{\"@context\":\"https:\/\/schema.org\",\"@graph\":[{\"@type\":\"Article\",\"@id\":\"https:\/\/vieassociative.be\/actualites\/earth-hour-samedi-il-sera-sombre-a-bruxelles\/#article\",\"isPartOf\":{\"@id\":\"https:\/\/vieassociative.be\/actualites\/earth-hour-samedi-il-sera-sombre-a-bruxelles\/\"},\"author\":{\"name\":\"Julien\",\"@id\":\"https:\/\/vieassociative.be\/actualites\/#\/schema\/person\/b87ac4f82f9d4e7b7cec7395b679edc4\"},\"headline\":\"\u00ab\u00a0Earth Hour\u00a0\u00bb: samedi, il sera sombre \u00e0 Bruxelles\",\"datePublished\":\"2025-03-21T20:17:47+00:00\",\"dateModified\":\"2025-03-21T20:17:47+00:00\",\"mainEntityOfPage\":{\"@id\":\"https:\/\/vieassociative.be\/actualites\/earth-hour-samedi-il-sera-sombre-a-bruxelles\/\"},\"wordCount\":162,\"publisher\":{\"@id\":\"https:\/\/vieassociative.be\/actualites\/#organization\"},\"image\":{\"@id\":\"https:\/\/vieassociative.be\/actualites\/earth-hour-samedi-il-sera-sombre-a-bruxelles\/#primaryimage\"},\"thumbnailUrl\":\"https:\/\/vieassociative.be\/actualites\/wp-content\/uploads\/2025\/03\/Earth-Hour-samedi-il-sera-sombre-a-Bruxelles.jpeg\",\"keywords\":[\"Bruxelles\",\"Earth\",\"Hour\",\"samedi\",\"sera\",\"sombre\"],\"articleSection\":[\"Belgique\"],\"inLanguage\":\"fr-BE\"},{\"@type\":\"WebPage\",\"@id\":\"https:\/\/vieassociative.be\/actualites\/earth-hour-samedi-il-sera-sombre-a-bruxelles\/\",\"url\":\"https:\/\/vieassociative.be\/actualites\/earth-hour-samedi-il-sera-sombre-a-bruxelles\/\",\"name\":\"\\\"Earth Hour\\\": samedi, il sera sombre \u00e0 Bruxelles | Vie Associative\",\"isPartOf\":{\"@id\":\"https:\/\/vieassociative.be\/actualites\/#website\"},\"primaryImageOfPage\":{\"@id\":\"https:\/\/vieassociative.be\/actualites\/earth-hour-samedi-il-sera-sombre-a-bruxelles\/#primaryimage\"},\"image\":{\"@id\":\"https:\/\/vieassociative.be\/actualites\/earth-hour-samedi-il-sera-sombre-a-bruxelles\/#primaryimage\"},\"thumbnailUrl\":\"https:\/\/vieassociative.be\/actualites\/wp-content\/uploads\/2025\/03\/Earth-Hour-samedi-il-sera-sombre-a-Bruxelles.jpeg\",\"datePublished\":\"2025-03-21T20:17:47+00:00\",\"dateModified\":\"2025-03-21T20:17:47+00:00\",\"breadcrumb\":{\"@id\":\"https:\/\/vieassociative.be\/actualites\/earth-hour-samedi-il-sera-sombre-a-bruxelles\/#breadcrumb\"},\"inLanguage\":\"fr-BE\",\"potentialAction\":[{\"@type\":\"ReadAction\",\"target\":[\"https:\/\/vieassociative.be\/actualites\/earth-hour-samedi-il-sera-sombre-a-bruxelles\/\"]}]},{\"@type\":\"ImageObject\",\"inLanguage\":\"fr-BE\",\"@id\":\"https:\/\/vieassociative.be\/actualites\/earth-hour-samedi-il-sera-sombre-a-bruxelles\/#primaryimage\",\"url\":\"https:\/\/vieassociative.be\/actualites\/wp-content\/uploads\/2025\/03\/Earth-Hour-samedi-il-sera-sombre-a-Bruxelles.jpeg\",\"contentUrl\":\"https:\/\/vieassociative.be\/actualites\/wp-content\/uploads\/2025\/03\/Earth-Hour-samedi-il-sera-sombre-a-Bruxelles.jpeg\",\"width\":900,\"height\":300,\"caption\":\"\\\"Earth Hour\\\": samedi, il sera sombre \u00e0 Bruxelles\"},{\"@type\":\"BreadcrumbList\",\"@id\":\"https:\/\/vieassociative.be\/actualites\/earth-hour-samedi-il-sera-sombre-a-bruxelles\/#breadcrumb\",\"itemListElement\":[{\"@type\":\"ListItem\",\"position\":1,\"name\":\"Accueil\",\"item\":\"https:\/\/vieassociative.be\/actualites\/\"},{\"@type\":\"ListItem\",\"position\":2,\"name\":\"\u00ab\u00a0Earth Hour\u00a0\u00bb: samedi, il sera sombre \u00e0 Bruxelles\"}]},{\"@type\":\"WebSite\",\"@id\":\"https:\/\/vieassociative.be\/actualites\/#website\",\"url\":\"https:\/\/vieassociative.be\/actualites\/\",\"name\":\"Vie Associative\",\"description\":\"\",\"publisher\":{\"@id\":\"https:\/\/vieassociative.be\/actualites\/#organization\"},\"potentialAction\":[{\"@type\":\"SearchAction\",\"target\":{\"@type\":\"EntryPoint\",\"urlTemplate\":\"https:\/\/vieassociative.be\/actualites\/?s={search_term_string}\"},\"query-input\":{\"@type\":\"PropertyValueSpecification\",\"valueRequired\":true,\"valueName\":\"search_term_string\"}}],\"inLanguage\":\"fr-BE\"},{\"@type\":\"Organization\",\"@id\":\"https:\/\/vieassociative.be\/actualites\/#organization\",\"name\":\"Vie Associative\",\"url\":\"https:\/\/vieassociative.be\/actualites\/\",\"logo\":{\"@type\":\"ImageObject\",\"inLanguage\":\"fr-BE\",\"@id\":\"https:\/\/vieassociative.be\/actualites\/#\/schema\/logo\/image\/\",\"url\":\"https:\/\/vieassociative.be\/actualites\/wp-content\/uploads\/2024\/09\/cropped-vieassociative_favicon.ico.png\",\"contentUrl\":\"https:\/\/vieassociative.be\/actualites\/wp-content\/uploads\/2024\/09\/cropped-vieassociative_favicon.ico.png\",\"width\":512,\"height\":512,\"caption\":\"Vie Associative\"},\"image\":{\"@id\":\"https:\/\/vieassociative.be\/actualites\/#\/schema\/logo\/image\/\"}},{\"@type\":\"Person\",\"@id\":\"https:\/\/vieassociative.be\/actualites\/#\/schema\/person\/b87ac4f82f9d4e7b7cec7395b679edc4\",\"name\":\"Julien\",\"image\":{\"@type\":\"ImageObject\",\"inLanguage\":\"fr-BE\",\"@id\":\"https:\/\/vieassociative.be\/actualites\/#\/schema\/person\/image\/\",\"url\":\"https:\/\/vieassociative.be\/actualites\/wp-content\/uploads\/2024\/09\/vie-associative-1-150x150.jpg\",\"contentUrl\":\"https:\/\/vieassociative.be\/actualites\/wp-content\/uploads\/2024\/09\/vie-associative-1-150x150.jpg\",\"caption\":\"Julien\"},\"description\":\"Je suis Julien, r\u00e9dacteur pour Vie Associative. Passionn\u00e9 par le monde associatif depuis plus de 10 ans, j'ai \u00e0 c\u0153ur de partager des histoires inspirantes et de mettre en lumi\u00e8re les initiatives locales. Mon objectif est de sensibiliser et d'encourager l'engagement communautaire \u00e0 travers mes articles.\",\"sameAs\":[\"https:\/\/vieassociative.be\/\"]}]}<\/script>\n<!-- \/ Yoast SEO plugin. -->","yoast_head_json":{"title":"\"Earth Hour\": samedi, il sera sombre \u00e0 Bruxelles | Vie Associative","robots":{"index":"index","follow":"follow","max-snippet":"max-snippet:-1","max-image-preview":"max-image-preview:large","max-video-preview":"max-video-preview:-1"},"canonical":"https:\/\/vieassociative.be\/actualites\/earth-hour-samedi-il-sera-sombre-a-bruxelles\/","og_locale":"fr_FR","og_type":"article","og_title":"\"Earth Hour\": samedi, il sera sombre \u00e0 Bruxelles | Vie Associative","og_description":"Le \u00ab\u00a0Earth Hour\u00a0\u00bb aura lieu \u00e0 Bruxelles samedi soir. Le Grand&rsquo;Place ainsi que plusieurs b\u00e2timents symboliques tels que l&rsquo;atomique ou la bourse de Bruxelles sont","og_url":"https:\/\/vieassociative.be\/actualites\/earth-hour-samedi-il-sera-sombre-a-bruxelles\/","og_site_name":"Vie Associative","article_published_time":"2025-03-21T20:17:47+00:00","og_image":[{"width":279,"height":92,"url":"https:\/\/vieassociative.be\/actualites\/wp-content\/uploads\/2024\/09\/header_backgroundk-01-e1726694325946.png","type":"image\/png"}],"author":"Julien","twitter_card":"summary_large_image","twitter_misc":{"\u00c9crit par":"Julien","Dur\u00e9e de lecture est.":"1 minute"},"schema":{"@context":"https:\/\/schema.org","@graph":[{"@type":"Article","@id":"https:\/\/vieassociative.be\/actualites\/earth-hour-samedi-il-sera-sombre-a-bruxelles\/#article","isPartOf":{"@id":"https:\/\/vieassociative.be\/actualites\/earth-hour-samedi-il-sera-sombre-a-bruxelles\/"},"author":{"name":"Julien","@id":"https:\/\/vieassociative.be\/actualites\/#\/schema\/person\/b87ac4f82f9d4e7b7cec7395b679edc4"},"headline":"\u00ab\u00a0Earth Hour\u00a0\u00bb: samedi, il sera sombre \u00e0 Bruxelles","datePublished":"2025-03-21T20:17:47+00:00","dateModified":"2025-03-21T20:17:47+00:00","mainEntityOfPage":{"@id":"https:\/\/vieassociative.be\/actualites\/earth-hour-samedi-il-sera-sombre-a-bruxelles\/"},"wordCount":162,"publisher":{"@id":"https:\/\/vieassociative.be\/actualites\/#organization"},"image":{"@id":"https:\/\/vieassociative.be\/actualites\/earth-hour-samedi-il-sera-sombre-a-bruxelles\/#primaryimage"},"thumbnailUrl":"https:\/\/vieassociative.be\/actualites\/wp-content\/uploads\/2025\/03\/Earth-Hour-samedi-il-sera-sombre-a-Bruxelles.jpeg","keywords":["Bruxelles","Earth","Hour","samedi","sera","sombre"],"articleSection":["Belgique"],"inLanguage":"fr-BE"},{"@type":"WebPage","@id":"https:\/\/vieassociative.be\/actualites\/earth-hour-samedi-il-sera-sombre-a-bruxelles\/","url":"https:\/\/vieassociative.be\/actualites\/earth-hour-samedi-il-sera-sombre-a-bruxelles\/","name":"\"Earth Hour\": samedi, il sera sombre \u00e0 Bruxelles | Vie Associative","isPartOf":{"@id":"https:\/\/vieassociative.be\/actualites\/#website"},"primaryImageOfPage":{"@id":"https:\/\/vieassociative.be\/actualites\/earth-hour-samedi-il-sera-sombre-a-bruxelles\/#primaryimage"},"image":{"@id":"https:\/\/vieassociative.be\/actualites\/earth-hour-samedi-il-sera-sombre-a-bruxelles\/#primaryimage"},"thumbnailUrl":"https:\/\/vieassociative.be\/actualites\/wp-content\/uploads\/2025\/03\/Earth-Hour-samedi-il-sera-sombre-a-Bruxelles.jpeg","datePublished":"2025-03-21T20:17:47+00:00","dateModified":"2025-03-21T20:17:47+00:00","breadcrumb":{"@id":"https:\/\/vieassociative.be\/actualites\/earth-hour-samedi-il-sera-sombre-a-bruxelles\/#breadcrumb"},"inLanguage":"fr-BE","potentialAction":[{"@type":"ReadAction","target":["https:\/\/vieassociative.be\/actualites\/earth-hour-samedi-il-sera-sombre-a-bruxelles\/"]}]},{"@type":"ImageObject","inLanguage":"fr-BE","@id":"https:\/\/vieassociative.be\/actualites\/earth-hour-samedi-il-sera-sombre-a-bruxelles\/#primaryimage","url":"https:\/\/vieassociative.be\/actualites\/wp-content\/uploads\/2025\/03\/Earth-Hour-samedi-il-sera-sombre-a-Bruxelles.jpeg","contentUrl":"https:\/\/vieassociative.be\/actualites\/wp-content\/uploads\/2025\/03\/Earth-Hour-samedi-il-sera-sombre-a-Bruxelles.jpeg","width":900,"height":300,"caption":"\"Earth Hour\": samedi, il sera sombre \u00e0 Bruxelles"},{"@type":"BreadcrumbList","@id":"https:\/\/vieassociative.be\/actualites\/earth-hour-samedi-il-sera-sombre-a-bruxelles\/#breadcrumb","itemListElement":[{"@type":"ListItem","position":1,"name":"Accueil","item":"https:\/\/vieassociative.be\/actualites\/"},{"@type":"ListItem","position":2,"name":"\u00ab\u00a0Earth Hour\u00a0\u00bb: samedi, il sera sombre \u00e0 Bruxelles"}]},{"@type":"WebSite","@id":"https:\/\/vieassociative.be\/actualites\/#website","url":"https:\/\/vieassociative.be\/actualites\/","name":"Vie Associative","description":"","publisher":{"@id":"https:\/\/vieassociative.be\/actualites\/#organization"},"potentialAction":[{"@type":"SearchAction","target":{"@type":"EntryPoint","urlTemplate":"https:\/\/vieassociative.be\/actualites\/?s={search_term_string}"},"query-input":{"@type":"PropertyValueSpecification","valueRequired":true,"valueName":"search_term_string"}}],"inLanguage":"fr-BE"},{"@type":"Organization","@id":"https:\/\/vieassociative.be\/actualites\/#organization","name":"Vie Associative","url":"https:\/\/vieassociative.be\/actualites\/","logo":{"@type":"ImageObject","inLanguage":"fr-BE","@id":"https:\/\/vieassociative.be\/actualites\/#\/schema\/logo\/image\/","url":"https:\/\/vieassociative.be\/actualites\/wp-content\/uploads\/2024\/09\/cropped-vieassociative_favicon.ico.png","contentUrl":"https:\/\/vieassociative.be\/actualites\/wp-content\/uploads\/2024\/09\/cropped-vieassociative_favicon.ico.png","width":512,"height":512,"caption":"Vie Associative"},"image":{"@id":"https:\/\/vieassociative.be\/actualites\/#\/schema\/logo\/image\/"}},{"@type":"Person","@id":"https:\/\/vieassociative.be\/actualites\/#\/schema\/person\/b87ac4f82f9d4e7b7cec7395b679edc4","name":"Julien","image":{"@type":"ImageObject","inLanguage":"fr-BE","@id":"https:\/\/vieassociative.be\/actualites\/#\/schema\/person\/image\/","url":"https:\/\/vieassociative.be\/actualites\/wp-content\/uploads\/2024\/09\/vie-associative-1-150x150.jpg","contentUrl":"https:\/\/vieassociative.be\/actualites\/wp-content\/uploads\/2024\/09\/vie-associative-1-150x150.jpg","caption":"Julien"},"description":"Je suis Julien, r\u00e9dacteur pour Vie Associative. Passionn\u00e9 par le monde associatif depuis plus de 10 ans, j'ai \u00e0 c\u0153ur de partager des histoires inspirantes et de mettre en lumi\u00e8re les initiatives locales. Mon objectif est de sensibiliser et d'encourager l'engagement communautaire \u00e0 travers mes articles.","sameAs":["https:\/\/vieassociative.be\/"]}]}},"_links":{"self":[{"href":"https:\/\/vieassociative.be\/actualites\/wp-json\/wp\/v2\/posts\/6048"}],"collection":[{"href":"https:\/\/vieassociative.be\/actualites\/wp-json\/wp\/v2\/posts"}],"about":[{"href":"https:\/\/vieassociative.be\/actualites\/wp-json\/wp\/v2\/types\/post"}],"author":[{"embeddable":true,"href":"https:\/\/vieassociative.be\/actualites\/wp-json\/wp\/v2\/users\/1"}],"replies":[{"embeddable":true,"href":"https:\/\/vieassociative.be\/actualites\/wp-json\/wp\/v2\/comments?post=6048"}],"version-history":[{"count":0,"href":"https:\/\/vieassociative.be\/actualites\/wp-json\/wp\/v2\/posts\/6048\/revisions"}],"wp:featuredmedia":[{"embeddable":true,"href":"https:\/\/vieassociative.be\/actualites\/wp-json\/wp\/v2\/media\/6049"}],"wp:attachment":[{"href":"https:\/\/vieassociative.be\/actualites\/wp-json\/wp\/v2\/media?parent=6048"}],"wp:term":[{"taxonomy":"category","embeddable":true,"href":"https:\/\/vieassociative.be\/actualites\/wp-json\/wp\/v2\/categories?post=6048"},{"taxonomy":"post_tag","embeddable":true,"href":"https:\/\/vieassociative.be\/actualites\/wp-json\/wp\/v2\/tags?post=6048"}],"curies":[{"name":"wp","href":"https:\/\/api.w.org\/{rel}","templated":true}]}}