{"id":6037,"date":"2025-03-21T09:17:58","date_gmt":"2025-03-21T08:17:58","guid":{"rendered":"https:\/\/vieassociative.be\/actualites\/a-venn-le-drapeau-rouge-souffle-en-raison-du-risque-de-feu\/"},"modified":"2025-03-21T09:17:58","modified_gmt":"2025-03-21T08:17:58","slug":"a-venn-le-drapeau-rouge-souffle-en-raison-du-risque-de-feu","status":"publish","type":"post","link":"https:\/\/vieassociative.be\/actualites\/a-venn-le-drapeau-rouge-souffle-en-raison-du-risque-de-feu\/","title":{"rendered":"\u00c0 Venn, le drapeau rouge souffle en raison du risque de feu"},"content":{"rendered":"<p><strong>Si vous voulez utiliser ces jours de printemps ensoleill\u00e9s pour visiter le Hohen Venn, alors il vous est bien conseill\u00e9 de faire votre promenade ou de faire de la randonn\u00e9e ailleurs.<\/strong><\/p>\n<p><span id=\"more-411585\"><\/span>Le drapeau rouge a \u00e9t\u00e9 soulev\u00e9 dans la r\u00e9serve naturelle de Hohes Venn en raison du risque d&rsquo;incendie, rapporte la Wallonie (transports publics). La mesure sera maintenue tant que les conditions s\u00e8ches actuelles dureront.<\/p>\n<p>Le drapeau rouge signifie qu&rsquo;il est interdit de faire de la randonn\u00e9e dans la zone affect\u00e9e du haut Venn. Il a \u00e9t\u00e9 hiss\u00e9 \u00e0 divers points aux entr\u00e9es des chemins. Patrouilla devrait surveiller la conformit\u00e9 \u00e0 la mesure.<\/p>\n<p>L&rsquo;objectif est de prot\u00e9ger les randonneurs contre les incendies violents et de forme de foudre qui dans une zone venteuse dans laquelle l&rsquo;herbe a s\u00e9ch\u00e9 apr\u00e8s l&rsquo;hiver permet \u00e0 l&rsquo;incendie d&rsquo;aller rapidement, de sortir et de les approcher.<\/p>\n<p>En avril 2011, 1 200 hectares br\u00fbl\u00e9s \u00e0 Venn. Le drapeau rouge est g\u00e9n\u00e9ralement hiss\u00e9 en avril lorsque l&rsquo;hiver se termine. \u00ab\u00a0Cette ann\u00e9e, nous sommes un peu en avance sur la saison\u00a0\u00bb, a d\u00e9clar\u00e9 un porte-parole des transports publics.<\/p>\n<p><em><strong>Sur le sujet, voir \u00e9galement l&rsquo;article suivant sur OD:<\/strong><\/em><\/p>\n<div class=\"responsive-embed widescreen\">\n<blockquote class=\"wp-embedded-content\" data-secret=\"gRZvGEXtr6\">\n<p>Patrick Spies appelle \u00e0 des mesures accrues pour pr\u00e9venir les incendies de for\u00eat en Wallonie<\/p>\n<\/blockquote>\n<p><iframe loading=\"lazy\" class=\"wp-embedded-content\" sandbox=\"allow-scripts\" security=\"restricted\" style=\"position: absolute; visibility: hidden;\" title=\"\u201ePatrick Spies fordert verst\u00e4rkte Ma\u00dfnahmen zur Pr\u00e4vention von Waldbr\u00e4nden in der Wallonie\u201c \u2014 Ostbelgien Direkt\" src=\"https:\/\/ostbelgiendirekt.be\/about:blank\" data-secret=\"gRZvGEXtr6\" width=\"500\" height=\"282\" frameborder=\"0\" marginwidth=\"0\" marginheight=\"0\" scrolling=\"no\" data-rocket-lazyload=\"fitvidscompatible\" data-lazy-src=\"https:\/\/ostbelgiendirekt.be\/praevention-von-waldbraenden-411536\/embed#?secret=G8ktGdKHxm#?secret=gRZvGEXtr6\"><\/iframe><noscript><iframe class=\"wp-embedded-content\" sandbox=\"allow-scripts\" security=\"restricted\" style=\"position: absolute; visibility: hidden;\" title=\"\u201ePatrick Spies fordert verst\u00e4rkte Ma\u00dfnahmen zur Pr\u00e4vention von Waldbr\u00e4nden in der Wallonie\u201c \u2014 Ostbelgien Direkt\" src=\"https:\/\/ostbelgiendirekt.be\/praevention-von-waldbraenden-411536\/embed#?secret=G8ktGdKHxm#?secret=gRZvGEXtr6\" data-secret=\"gRZvGEXtr6\" width=\"500\" height=\"282\" frameborder=\"0\" marginwidth=\"0\" marginheight=\"0\" scrolling=\"no\"><\/iframe><\/noscript><\/p>\n<\/div>\n","protected":false},"excerpt":{"rendered":"<p>Si vous voulez utiliser ces jours de printemps ensoleill\u00e9s pour visiter le Hohen Venn, alors il vous est bien conseill\u00e9 de faire votre promenade ou<\/p>\n","protected":false},"author":1,"featured_media":6038,"comment_status":"","ping_status":"","sticky":false,"template":"","format":"standard","meta":{"footnotes":""},"categories":[298],"tags":[5949,2114,3261,2800,2556,5950,5948],"class_list":["post-6037","post","type-post","status-publish","format-standard","has-post-thumbnail","hentry","category-belgique","tag-drapeau","tag-feu","tag-raison","tag-risque","tag-rouge","tag-souffle","tag-venn","generate-columns","tablet-grid-50","mobile-grid-100","grid-parent","grid-33"],"yoast_head":"<!-- This site is optimized with the Yoast SEO plugin v24.0 - https:\/\/yoast.com\/wordpress\/plugins\/seo\/ -->\n<title>\u00c0 Venn, le drapeau rouge souffle en raison du risque de feu | Vie Associative<\/title>\n<meta name=\"robots\" content=\"index, follow, max-snippet:-1, max-image-preview:large, max-video-preview:-1\" \/>\n<link rel=\"canonical\" href=\"https:\/\/vieassociative.be\/actualites\/a-venn-le-drapeau-rouge-souffle-en-raison-du-risque-de-feu\/\" \/>\n<meta property=\"og:locale\" content=\"fr_FR\" \/>\n<meta property=\"og:type\" content=\"article\" \/>\n<meta property=\"og:title\" content=\"\u00c0 Venn, le drapeau rouge souffle en raison du risque de feu | Vie Associative\" \/>\n<meta property=\"og:description\" content=\"Si vous voulez utiliser ces jours de printemps ensoleill\u00e9s pour visiter le Hohen Venn, alors il vous est bien conseill\u00e9 de faire votre promenade ou\" \/>\n<meta property=\"og:url\" content=\"https:\/\/vieassociative.be\/actualites\/a-venn-le-drapeau-rouge-souffle-en-raison-du-risque-de-feu\/\" \/>\n<meta property=\"og:site_name\" content=\"Vie Associative\" \/>\n<meta property=\"article:published_time\" content=\"2025-03-21T08:17:58+00:00\" \/>\n<meta property=\"og:image\" content=\"https:\/\/vieassociative.be\/actualites\/wp-content\/uploads\/2024\/09\/header_backgroundk-01-e1726694325946.png\" \/>\n\t<meta property=\"og:image:width\" content=\"279\" \/>\n\t<meta property=\"og:image:height\" content=\"92\" \/>\n\t<meta property=\"og:image:type\" content=\"image\/png\" \/>\n<meta name=\"author\" content=\"Julien\" \/>\n<meta name=\"twitter:card\" content=\"summary_large_image\" \/>\n<meta name=\"twitter:label1\" content=\"\u00c9crit par\" \/>\n\t<meta name=\"twitter:data1\" content=\"Julien\" \/>\n\t<meta name=\"twitter:label2\" content=\"Dur\u00e9e de lecture est.\" \/>\n\t<meta name=\"twitter:data2\" content=\"1 minute\" \/>\n<script type=\"application\/ld+json\" class=\"yoast-schema-graph\">{\"@context\":\"https:\/\/schema.org\",\"@graph\":[{\"@type\":\"Article\",\"@id\":\"https:\/\/vieassociative.be\/actualites\/a-venn-le-drapeau-rouge-souffle-en-raison-du-risque-de-feu\/#article\",\"isPartOf\":{\"@id\":\"https:\/\/vieassociative.be\/actualites\/a-venn-le-drapeau-rouge-souffle-en-raison-du-risque-de-feu\/\"},\"author\":{\"name\":\"Julien\",\"@id\":\"https:\/\/vieassociative.be\/actualites\/#\/schema\/person\/b87ac4f82f9d4e7b7cec7395b679edc4\"},\"headline\":\"\u00c0 Venn, le drapeau rouge souffle en raison du risque de feu\",\"datePublished\":\"2025-03-21T08:17:58+00:00\",\"dateModified\":\"2025-03-21T08:17:58+00:00\",\"mainEntityOfPage\":{\"@id\":\"https:\/\/vieassociative.be\/actualites\/a-venn-le-drapeau-rouge-souffle-en-raison-du-risque-de-feu\/\"},\"wordCount\":234,\"publisher\":{\"@id\":\"https:\/\/vieassociative.be\/actualites\/#organization\"},\"image\":{\"@id\":\"https:\/\/vieassociative.be\/actualites\/a-venn-le-drapeau-rouge-souffle-en-raison-du-risque-de-feu\/#primaryimage\"},\"thumbnailUrl\":\"https:\/\/vieassociative.be\/actualites\/wp-content\/uploads\/2025\/03\/A-Venn-le-drapeau-rouge-souffle-en-raison-du-risque.jpeg\",\"keywords\":[\"drapeau\",\"feu\",\"raison\",\"risque\",\"rouge\",\"souffle\",\"Venn\"],\"articleSection\":[\"Belgique\"],\"inLanguage\":\"fr-BE\"},{\"@type\":\"WebPage\",\"@id\":\"https:\/\/vieassociative.be\/actualites\/a-venn-le-drapeau-rouge-souffle-en-raison-du-risque-de-feu\/\",\"url\":\"https:\/\/vieassociative.be\/actualites\/a-venn-le-drapeau-rouge-souffle-en-raison-du-risque-de-feu\/\",\"name\":\"\u00c0 Venn, le drapeau rouge souffle en raison du risque de feu | Vie Associative\",\"isPartOf\":{\"@id\":\"https:\/\/vieassociative.be\/actualites\/#website\"},\"primaryImageOfPage\":{\"@id\":\"https:\/\/vieassociative.be\/actualites\/a-venn-le-drapeau-rouge-souffle-en-raison-du-risque-de-feu\/#primaryimage\"},\"image\":{\"@id\":\"https:\/\/vieassociative.be\/actualites\/a-venn-le-drapeau-rouge-souffle-en-raison-du-risque-de-feu\/#primaryimage\"},\"thumbnailUrl\":\"https:\/\/vieassociative.be\/actualites\/wp-content\/uploads\/2025\/03\/A-Venn-le-drapeau-rouge-souffle-en-raison-du-risque.jpeg\",\"datePublished\":\"2025-03-21T08:17:58+00:00\",\"dateModified\":\"2025-03-21T08:17:58+00:00\",\"breadcrumb\":{\"@id\":\"https:\/\/vieassociative.be\/actualites\/a-venn-le-drapeau-rouge-souffle-en-raison-du-risque-de-feu\/#breadcrumb\"},\"inLanguage\":\"fr-BE\",\"potentialAction\":[{\"@type\":\"ReadAction\",\"target\":[\"https:\/\/vieassociative.be\/actualites\/a-venn-le-drapeau-rouge-souffle-en-raison-du-risque-de-feu\/\"]}]},{\"@type\":\"ImageObject\",\"inLanguage\":\"fr-BE\",\"@id\":\"https:\/\/vieassociative.be\/actualites\/a-venn-le-drapeau-rouge-souffle-en-raison-du-risque-de-feu\/#primaryimage\",\"url\":\"https:\/\/vieassociative.be\/actualites\/wp-content\/uploads\/2025\/03\/A-Venn-le-drapeau-rouge-souffle-en-raison-du-risque.jpeg\",\"contentUrl\":\"https:\/\/vieassociative.be\/actualites\/wp-content\/uploads\/2025\/03\/A-Venn-le-drapeau-rouge-souffle-en-raison-du-risque.jpeg\",\"width\":1200,\"height\":800,\"caption\":\"\u00c0 Venn, le drapeau rouge souffle en raison du risque de feu\"},{\"@type\":\"BreadcrumbList\",\"@id\":\"https:\/\/vieassociative.be\/actualites\/a-venn-le-drapeau-rouge-souffle-en-raison-du-risque-de-feu\/#breadcrumb\",\"itemListElement\":[{\"@type\":\"ListItem\",\"position\":1,\"name\":\"Accueil\",\"item\":\"https:\/\/vieassociative.be\/actualites\/\"},{\"@type\":\"ListItem\",\"position\":2,\"name\":\"\u00c0 Venn, le drapeau rouge souffle en raison du risque de feu\"}]},{\"@type\":\"WebSite\",\"@id\":\"https:\/\/vieassociative.be\/actualites\/#website\",\"url\":\"https:\/\/vieassociative.be\/actualites\/\",\"name\":\"Vie Associative\",\"description\":\"\",\"publisher\":{\"@id\":\"https:\/\/vieassociative.be\/actualites\/#organization\"},\"potentialAction\":[{\"@type\":\"SearchAction\",\"target\":{\"@type\":\"EntryPoint\",\"urlTemplate\":\"https:\/\/vieassociative.be\/actualites\/?s={search_term_string}\"},\"query-input\":{\"@type\":\"PropertyValueSpecification\",\"valueRequired\":true,\"valueName\":\"search_term_string\"}}],\"inLanguage\":\"fr-BE\"},{\"@type\":\"Organization\",\"@id\":\"https:\/\/vieassociative.be\/actualites\/#organization\",\"name\":\"Vie Associative\",\"url\":\"https:\/\/vieassociative.be\/actualites\/\",\"logo\":{\"@type\":\"ImageObject\",\"inLanguage\":\"fr-BE\",\"@id\":\"https:\/\/vieassociative.be\/actualites\/#\/schema\/logo\/image\/\",\"url\":\"https:\/\/vieassociative.be\/actualites\/wp-content\/uploads\/2024\/09\/cropped-vieassociative_favicon.ico.png\",\"contentUrl\":\"https:\/\/vieassociative.be\/actualites\/wp-content\/uploads\/2024\/09\/cropped-vieassociative_favicon.ico.png\",\"width\":512,\"height\":512,\"caption\":\"Vie Associative\"},\"image\":{\"@id\":\"https:\/\/vieassociative.be\/actualites\/#\/schema\/logo\/image\/\"}},{\"@type\":\"Person\",\"@id\":\"https:\/\/vieassociative.be\/actualites\/#\/schema\/person\/b87ac4f82f9d4e7b7cec7395b679edc4\",\"name\":\"Julien\",\"image\":{\"@type\":\"ImageObject\",\"inLanguage\":\"fr-BE\",\"@id\":\"https:\/\/vieassociative.be\/actualites\/#\/schema\/person\/image\/\",\"url\":\"https:\/\/vieassociative.be\/actualites\/wp-content\/uploads\/2024\/09\/vie-associative-1-150x150.jpg\",\"contentUrl\":\"https:\/\/vieassociative.be\/actualites\/wp-content\/uploads\/2024\/09\/vie-associative-1-150x150.jpg\",\"caption\":\"Julien\"},\"description\":\"Je suis Julien, r\u00e9dacteur pour Vie Associative. Passionn\u00e9 par le monde associatif depuis plus de 10 ans, j'ai \u00e0 c\u0153ur de partager des histoires inspirantes et de mettre en lumi\u00e8re les initiatives locales. Mon objectif est de sensibiliser et d'encourager l'engagement communautaire \u00e0 travers mes articles.\",\"sameAs\":[\"https:\/\/vieassociative.be\/\"]}]}<\/script>\n<!-- \/ Yoast SEO plugin. -->","yoast_head_json":{"title":"\u00c0 Venn, le drapeau rouge souffle en raison du risque de feu | Vie Associative","robots":{"index":"index","follow":"follow","max-snippet":"max-snippet:-1","max-image-preview":"max-image-preview:large","max-video-preview":"max-video-preview:-1"},"canonical":"https:\/\/vieassociative.be\/actualites\/a-venn-le-drapeau-rouge-souffle-en-raison-du-risque-de-feu\/","og_locale":"fr_FR","og_type":"article","og_title":"\u00c0 Venn, le drapeau rouge souffle en raison du risque de feu | Vie Associative","og_description":"Si vous voulez utiliser ces jours de printemps ensoleill\u00e9s pour visiter le Hohen Venn, alors il vous est bien conseill\u00e9 de faire votre promenade ou","og_url":"https:\/\/vieassociative.be\/actualites\/a-venn-le-drapeau-rouge-souffle-en-raison-du-risque-de-feu\/","og_site_name":"Vie Associative","article_published_time":"2025-03-21T08:17:58+00:00","og_image":[{"width":279,"height":92,"url":"https:\/\/vieassociative.be\/actualites\/wp-content\/uploads\/2024\/09\/header_backgroundk-01-e1726694325946.png","type":"image\/png"}],"author":"Julien","twitter_card":"summary_large_image","twitter_misc":{"\u00c9crit par":"Julien","Dur\u00e9e de lecture est.":"1 minute"},"schema":{"@context":"https:\/\/schema.org","@graph":[{"@type":"Article","@id":"https:\/\/vieassociative.be\/actualites\/a-venn-le-drapeau-rouge-souffle-en-raison-du-risque-de-feu\/#article","isPartOf":{"@id":"https:\/\/vieassociative.be\/actualites\/a-venn-le-drapeau-rouge-souffle-en-raison-du-risque-de-feu\/"},"author":{"name":"Julien","@id":"https:\/\/vieassociative.be\/actualites\/#\/schema\/person\/b87ac4f82f9d4e7b7cec7395b679edc4"},"headline":"\u00c0 Venn, le drapeau rouge souffle en raison du risque de feu","datePublished":"2025-03-21T08:17:58+00:00","dateModified":"2025-03-21T08:17:58+00:00","mainEntityOfPage":{"@id":"https:\/\/vieassociative.be\/actualites\/a-venn-le-drapeau-rouge-souffle-en-raison-du-risque-de-feu\/"},"wordCount":234,"publisher":{"@id":"https:\/\/vieassociative.be\/actualites\/#organization"},"image":{"@id":"https:\/\/vieassociative.be\/actualites\/a-venn-le-drapeau-rouge-souffle-en-raison-du-risque-de-feu\/#primaryimage"},"thumbnailUrl":"https:\/\/vieassociative.be\/actualites\/wp-content\/uploads\/2025\/03\/A-Venn-le-drapeau-rouge-souffle-en-raison-du-risque.jpeg","keywords":["drapeau","feu","raison","risque","rouge","souffle","Venn"],"articleSection":["Belgique"],"inLanguage":"fr-BE"},{"@type":"WebPage","@id":"https:\/\/vieassociative.be\/actualites\/a-venn-le-drapeau-rouge-souffle-en-raison-du-risque-de-feu\/","url":"https:\/\/vieassociative.be\/actualites\/a-venn-le-drapeau-rouge-souffle-en-raison-du-risque-de-feu\/","name":"\u00c0 Venn, le drapeau rouge souffle en raison du risque de feu | Vie Associative","isPartOf":{"@id":"https:\/\/vieassociative.be\/actualites\/#website"},"primaryImageOfPage":{"@id":"https:\/\/vieassociative.be\/actualites\/a-venn-le-drapeau-rouge-souffle-en-raison-du-risque-de-feu\/#primaryimage"},"image":{"@id":"https:\/\/vieassociative.be\/actualites\/a-venn-le-drapeau-rouge-souffle-en-raison-du-risque-de-feu\/#primaryimage"},"thumbnailUrl":"https:\/\/vieassociative.be\/actualites\/wp-content\/uploads\/2025\/03\/A-Venn-le-drapeau-rouge-souffle-en-raison-du-risque.jpeg","datePublished":"2025-03-21T08:17:58+00:00","dateModified":"2025-03-21T08:17:58+00:00","breadcrumb":{"@id":"https:\/\/vieassociative.be\/actualites\/a-venn-le-drapeau-rouge-souffle-en-raison-du-risque-de-feu\/#breadcrumb"},"inLanguage":"fr-BE","potentialAction":[{"@type":"ReadAction","target":["https:\/\/vieassociative.be\/actualites\/a-venn-le-drapeau-rouge-souffle-en-raison-du-risque-de-feu\/"]}]},{"@type":"ImageObject","inLanguage":"fr-BE","@id":"https:\/\/vieassociative.be\/actualites\/a-venn-le-drapeau-rouge-souffle-en-raison-du-risque-de-feu\/#primaryimage","url":"https:\/\/vieassociative.be\/actualites\/wp-content\/uploads\/2025\/03\/A-Venn-le-drapeau-rouge-souffle-en-raison-du-risque.jpeg","contentUrl":"https:\/\/vieassociative.be\/actualites\/wp-content\/uploads\/2025\/03\/A-Venn-le-drapeau-rouge-souffle-en-raison-du-risque.jpeg","width":1200,"height":800,"caption":"\u00c0 Venn, le drapeau rouge souffle en raison du risque de feu"},{"@type":"BreadcrumbList","@id":"https:\/\/vieassociative.be\/actualites\/a-venn-le-drapeau-rouge-souffle-en-raison-du-risque-de-feu\/#breadcrumb","itemListElement":[{"@type":"ListItem","position":1,"name":"Accueil","item":"https:\/\/vieassociative.be\/actualites\/"},{"@type":"ListItem","position":2,"name":"\u00c0 Venn, le drapeau rouge souffle en raison du risque de feu"}]},{"@type":"WebSite","@id":"https:\/\/vieassociative.be\/actualites\/#website","url":"https:\/\/vieassociative.be\/actualites\/","name":"Vie Associative","description":"","publisher":{"@id":"https:\/\/vieassociative.be\/actualites\/#organization"},"potentialAction":[{"@type":"SearchAction","target":{"@type":"EntryPoint","urlTemplate":"https:\/\/vieassociative.be\/actualites\/?s={search_term_string}"},"query-input":{"@type":"PropertyValueSpecification","valueRequired":true,"valueName":"search_term_string"}}],"inLanguage":"fr-BE"},{"@type":"Organization","@id":"https:\/\/vieassociative.be\/actualites\/#organization","name":"Vie Associative","url":"https:\/\/vieassociative.be\/actualites\/","logo":{"@type":"ImageObject","inLanguage":"fr-BE","@id":"https:\/\/vieassociative.be\/actualites\/#\/schema\/logo\/image\/","url":"https:\/\/vieassociative.be\/actualites\/wp-content\/uploads\/2024\/09\/cropped-vieassociative_favicon.ico.png","contentUrl":"https:\/\/vieassociative.be\/actualites\/wp-content\/uploads\/2024\/09\/cropped-vieassociative_favicon.ico.png","width":512,"height":512,"caption":"Vie Associative"},"image":{"@id":"https:\/\/vieassociative.be\/actualites\/#\/schema\/logo\/image\/"}},{"@type":"Person","@id":"https:\/\/vieassociative.be\/actualites\/#\/schema\/person\/b87ac4f82f9d4e7b7cec7395b679edc4","name":"Julien","image":{"@type":"ImageObject","inLanguage":"fr-BE","@id":"https:\/\/vieassociative.be\/actualites\/#\/schema\/person\/image\/","url":"https:\/\/vieassociative.be\/actualites\/wp-content\/uploads\/2024\/09\/vie-associative-1-150x150.jpg","contentUrl":"https:\/\/vieassociative.be\/actualites\/wp-content\/uploads\/2024\/09\/vie-associative-1-150x150.jpg","caption":"Julien"},"description":"Je suis Julien, r\u00e9dacteur pour Vie Associative. Passionn\u00e9 par le monde associatif depuis plus de 10 ans, j'ai \u00e0 c\u0153ur de partager des histoires inspirantes et de mettre en lumi\u00e8re les initiatives locales. Mon objectif est de sensibiliser et d'encourager l'engagement communautaire \u00e0 travers mes articles.","sameAs":["https:\/\/vieassociative.be\/"]}]}},"_links":{"self":[{"href":"https:\/\/vieassociative.be\/actualites\/wp-json\/wp\/v2\/posts\/6037"}],"collection":[{"href":"https:\/\/vieassociative.be\/actualites\/wp-json\/wp\/v2\/posts"}],"about":[{"href":"https:\/\/vieassociative.be\/actualites\/wp-json\/wp\/v2\/types\/post"}],"author":[{"embeddable":true,"href":"https:\/\/vieassociative.be\/actualites\/wp-json\/wp\/v2\/users\/1"}],"replies":[{"embeddable":true,"href":"https:\/\/vieassociative.be\/actualites\/wp-json\/wp\/v2\/comments?post=6037"}],"version-history":[{"count":0,"href":"https:\/\/vieassociative.be\/actualites\/wp-json\/wp\/v2\/posts\/6037\/revisions"}],"wp:featuredmedia":[{"embeddable":true,"href":"https:\/\/vieassociative.be\/actualites\/wp-json\/wp\/v2\/media\/6038"}],"wp:attachment":[{"href":"https:\/\/vieassociative.be\/actualites\/wp-json\/wp\/v2\/media?parent=6037"}],"wp:term":[{"taxonomy":"category","embeddable":true,"href":"https:\/\/vieassociative.be\/actualites\/wp-json\/wp\/v2\/categories?post=6037"},{"taxonomy":"post_tag","embeddable":true,"href":"https:\/\/vieassociative.be\/actualites\/wp-json\/wp\/v2\/tags?post=6037"}],"curies":[{"name":"wp","href":"https:\/\/api.w.org\/{rel}","templated":true}]}}