{"id":6031,"date":"2025-03-21T03:17:38","date_gmt":"2025-03-21T02:17:38","guid":{"rendered":"https:\/\/vieassociative.be\/actualites\/1-3-faillite-contre-lukraine-red-devils-mene-1-0-jusqua-la-67e-minute-puis-donnez-le-jeu-hors-de-la-main\/"},"modified":"2025-03-21T03:17:38","modified_gmt":"2025-03-21T02:17:38","slug":"1-3-faillite-contre-lukraine-red-devils-mene-1-0-jusqua-la-67e-minute-puis-donnez-le-jeu-hors-de-la-main","status":"publish","type":"post","link":"https:\/\/vieassociative.be\/actualites\/1-3-faillite-contre-lukraine-red-devils-mene-1-0-jusqua-la-67e-minute-puis-donnez-le-jeu-hors-de-la-main\/","title":{"rendered":"1: 3 Faillite contre l&rsquo;Ukraine: Red Devils m\u00e8ne 1-0 jusqu&rsquo;\u00e0 la 67e minute, puis donnez le jeu hors de la main"},"content":{"rendered":"<p><strong>L&rsquo;\u00e9quipe nationale de football belge a pris un faux d\u00e9part sous son nouvel entra\u00eeneur-chef Rudi Garcia. Lors de la premi\u00e8re \u00e9tape des s\u00e9ries \u00e9liminatoires de la A-League de la Ligue des nations, les Red Devils ont perdu jeudi \u00e0 Murcia en espagnol contre l&rsquo;Ukraine malgr\u00e9 une avance de 1-0 \u00e0 la 67e minute 1: 3.<\/strong><\/p>\n<p><span id=\"more-411624\"><\/span>Les Belges ont eu une raison raisonnablement bonne en premi\u00e8re mi-temps apr\u00e8s un d\u00e9part nerveux et ont pris les devants peu de temps avant le sifflet \u00e0 mi-temps \u00e0 travers une t\u00eate de Lukaku. Apr\u00e8s le changement de c\u00f4t\u00e9s, cependant, ils se sont effondr\u00e9s et ont conc\u00e9d\u00e9 trois buts en seulement 13 minutes.<\/p>\n<p>La formation initiale belge: Courtois &#8211; Meunier, de Winter, Mechele, de Cuyper &#8211; Debast, Tielemans, de Bruyne &#8211; De Ketelaere, Lukaku, Trossard.<\/p>\n<p>Rudi Garcia a d\u00e9cid\u00e9 de faire confiance aux quatre \u00ab\u00a0vieilles mains\u00a0\u00bb (Courtois, Meunier, de Bruyne, Lukaku) lors de sa premi\u00e8re lors de sa premi\u00e8re, mais surprise par une d\u00e9fense centrale qui se composait de Mechele et de De Winter, tandis que Debast a \u00e9t\u00e9 mis en place un niveau plus haut dans le milieu de terrain d\u00e9fensif.<\/p>\n<div id=\"attachment_411650\" class=\"wp-caption alignleft\" style=\"max-width: 300px\"><img fetchpriority=\"high\" decoding=\"async\" class=\"wp-image-411650 size-medium\" src=\"https:\/\/vieassociative.be\/actualites\/wp-content\/uploads\/2025\/03\/1-3-Faillite-contre-lUkraine-Red-Devils-mene-1-0-jusqua.jpg\" alt=\"\" width=\"300\" height=\"200\"><\/p>\n<p class=\"wp-caption-text\">Le gardien national de la Belgique Thibaut Courtois. Photo: Shutterstock<\/p>\n<\/div>\n<p>Cependant, l&rsquo;Ukraine a eu la premi\u00e8re chance du jeu. Apr\u00e8s un joli mouvement sur le c\u00f4t\u00e9 droit, Zinchenko est pass\u00e9 trop facilement au milieu et a transmis le ballon \u00e0 Yaremchuk. L&rsquo;ancien Genter et Br\u00fcgger ont trouv\u00e9 un coin de tir dans une petite pi\u00e8ce, mais Courtois a montr\u00e9 un premier grand d\u00e9fil\u00e9 pour bannir le danger.<\/p>\n<p>Les Red Devils ont bien r\u00e9agi avec deux coups de feu de De Bruyne et Trossard. Apr\u00e8s un quart d&rsquo;heure, Lukaku a \u00e9t\u00e9 envoy\u00e9 par De Bruyne, mais Lunin est sorti \u00e0 temps et a clarifi\u00e9 la situation.<\/p>\n<p>Les Belges n&rsquo;ont laiss\u00e9 aucun air pour respirer la d\u00e9fense ukrainienne et ont rapidement conquis le ballon. En raison d&rsquo;inexactitudes et de glissements, cependant, ils ne pouvaient pas vraiment appara\u00eetre devant la porte de Lunin.<\/p>\n<p>Les deux routiniateurs de Bruyne et Lukaku, qui ont marqu\u00e9 son 86e but pour l&rsquo;\u00e9quipe nationale, ont eu la meilleure chance de faire le match. Apr\u00e8s un coup franc de la gauche, De Bruyne a parfaitement apport\u00e9 le ballon aux tireurs de but record de la Belgique, qui l&rsquo;ont dirig\u00e9 devant Lunine avec une t\u00eate (0: 1, 40.).<\/p>\n<div id=\"attachment_411651\" class=\"wp-caption alignleft\" style=\"max-width: 300px\"><img decoding=\"async\" class=\"wp-image-411651 size-medium\" src=\"https:\/\/vieassociative.be\/actualites\/wp-content\/uploads\/2025\/03\/1742523458_712_1-3-Faillite-contre-lUkraine-Red-Devils-mene-1-0-jusqua.jpg\" alt=\"\" width=\"300\" height=\"200\"  ><\/p>\n<p class=\"wp-caption-text\">Le milieu de terrain de la Belgique, Youri Tielemans. Photo: RBFA<\/p>\n<\/div>\n<p>Apr\u00e8s le changement de c\u00f4t\u00e9s, il a fallu un peu plus de cinq minutes pour la premi\u00e8re tentative \u00e0 voir. De Bruyne a essay\u00e9 un dangereux braft \u00e0 distance, mais Lunin a sorti le ballon. Trois minutes plus tard, le joueur de Manchester City a essay\u00e9 \u00e0 nouveau, mais cette fois, le gardien ukrainien a attrap\u00e9 le ballon sans aucun probl\u00e8me.<\/p>\n<p>Apr\u00e8s une heure, l&rsquo;Ukraine a r\u00e9agi avec un merveilleux coup franc de Zinchenko depuis le centre. Le co\u00e9quipier de Trossard a frapp\u00e9 le poteau.<\/p>\n<p>Mais lorsque les joueurs belges ont commenc\u00e9 \u00e0 s&rsquo;endormir lentement, Hutsuliak a utilis\u00e9 une grave erreur de De Winter pour atteindre l&rsquo;\u00e9galisation. L&rsquo;avocat de la d\u00e9fense a eu des probl\u00e8mes de traitement d&rsquo;un laissez-passer de Trossard, afin que l&rsquo;attaquant ukrainien se l\u00e8ve seul \u00e0 Courtois qui ne pouvait rien faire (1: 1, 66.).<\/p>\n<p>Le jeu a alors chang\u00e9 soudainement. Les Ukrainiens ont \u00e9t\u00e9 transform\u00e9s et ont pris d&rsquo;assaut le but de Courtois. La d\u00e9fensive belge s&rsquo;est lanc\u00e9e dans la natation et l&rsquo;Ukraine a m\u00eame pris les devants apr\u00e8s un bon mouvement que Vanat a ferm\u00e9 sur le court post (2: 1, 73.).<\/p>\n<p>Les Red Devils ne se sont plus remis de ce revers et ont continu\u00e9 \u00e0 descendre. Cinq minutes apr\u00e8s le deuxi\u00e8me but, Zabarnyi a saut\u00e9 apr\u00e8s un coup de pied sur le long poteau et a tir\u00e9 le ballon plus rapidement que Courtois dans le but (3: 1, 78.).<\/p>\n<p>Apr\u00e8s tout, la r\u00e9action de la Belgique \u00e0 ce triple coup n&rsquo;est jamais venue. Les Red Devils se sont accroch\u00e9s apr\u00e8s le coup de sifflet final et sont d\u00e9j\u00e0 debout avec leur dos au mur. Vous devez montrer un visage compl\u00e8tement diff\u00e9rent dimanche dans le match match de match en play-off \u00e0 Genk si vous voulez rester en A-League de la Ligue des nations et croire en ce qui concerne la qualification de la Coupe du monde qui a commenc\u00e9 en juin. (Cre)<\/p>\n","protected":false},"excerpt":{"rendered":"<p>L&rsquo;\u00e9quipe nationale de football belge a pris un faux d\u00e9part sous son nouvel entra\u00eeneur-chef Rudi Garcia. Lors de la premi\u00e8re \u00e9tape des s\u00e9ries \u00e9liminatoires de<\/p>\n","protected":false},"author":1,"featured_media":6032,"comment_status":"","ping_status":"","sticky":false,"template":"","format":"standard","meta":{"footnotes":""},"categories":[298],"tags":[5942,796,3313,5943,3947,2494,477,1269,3403,569,5541,140,402,3312],"class_list":["post-6031","post","type-post","status-publish","format-standard","has-post-thumbnail","hentry","category-belgique","tag-67e","tag-contre","tag-devils","tag-donnez","tag-faillite","tag-hors","tag-jeu","tag-jusqua","tag-lukraine","tag-main","tag-mene","tag-minute","tag-puis","tag-red","generate-columns","tablet-grid-50","mobile-grid-100","grid-parent","grid-33"],"yoast_head":"<!-- This site is optimized with the Yoast SEO plugin v24.0 - https:\/\/yoast.com\/wordpress\/plugins\/seo\/ -->\n<title>1: 3 Faillite contre l&#039;Ukraine: Red Devils m\u00e8ne 1-0 jusqu&#039;\u00e0 la 67e minute, puis donnez le jeu hors de la main | Vie Associative<\/title>\n<meta name=\"robots\" content=\"index, follow, max-snippet:-1, max-image-preview:large, max-video-preview:-1\" \/>\n<link rel=\"canonical\" href=\"https:\/\/vieassociative.be\/actualites\/1-3-faillite-contre-lukraine-red-devils-mene-1-0-jusqua-la-67e-minute-puis-donnez-le-jeu-hors-de-la-main\/\" \/>\n<meta property=\"og:locale\" content=\"fr_FR\" \/>\n<meta property=\"og:type\" content=\"article\" \/>\n<meta property=\"og:title\" content=\"1: 3 Faillite contre l&#039;Ukraine: Red Devils m\u00e8ne 1-0 jusqu&#039;\u00e0 la 67e minute, puis donnez le jeu hors de la main | Vie Associative\" \/>\n<meta property=\"og:description\" content=\"L&rsquo;\u00e9quipe nationale de football belge a pris un faux d\u00e9part sous son nouvel entra\u00eeneur-chef Rudi Garcia. Lors de la premi\u00e8re \u00e9tape des s\u00e9ries \u00e9liminatoires de\" \/>\n<meta property=\"og:url\" content=\"https:\/\/vieassociative.be\/actualites\/1-3-faillite-contre-lukraine-red-devils-mene-1-0-jusqua-la-67e-minute-puis-donnez-le-jeu-hors-de-la-main\/\" \/>\n<meta property=\"og:site_name\" content=\"Vie Associative\" \/>\n<meta property=\"article:published_time\" content=\"2025-03-21T02:17:38+00:00\" \/>\n<meta property=\"og:image\" content=\"https:\/\/vieassociative.be\/actualites\/wp-content\/uploads\/2024\/09\/header_backgroundk-01-e1726694325946.png\" \/>\n\t<meta property=\"og:image:width\" content=\"279\" \/>\n\t<meta property=\"og:image:height\" content=\"92\" \/>\n\t<meta property=\"og:image:type\" content=\"image\/png\" \/>\n<meta name=\"author\" content=\"Julien\" \/>\n<meta name=\"twitter:card\" content=\"summary_large_image\" \/>\n<meta name=\"twitter:label1\" content=\"\u00c9crit par\" \/>\n\t<meta name=\"twitter:data1\" content=\"Julien\" \/>\n\t<meta name=\"twitter:label2\" content=\"Dur\u00e9e de lecture est.\" \/>\n\t<meta name=\"twitter:data2\" content=\"4 minutes\" \/>\n<script type=\"application\/ld+json\" class=\"yoast-schema-graph\">{\"@context\":\"https:\/\/schema.org\",\"@graph\":[{\"@type\":\"Article\",\"@id\":\"https:\/\/vieassociative.be\/actualites\/1-3-faillite-contre-lukraine-red-devils-mene-1-0-jusqua-la-67e-minute-puis-donnez-le-jeu-hors-de-la-main\/#article\",\"isPartOf\":{\"@id\":\"https:\/\/vieassociative.be\/actualites\/1-3-faillite-contre-lukraine-red-devils-mene-1-0-jusqua-la-67e-minute-puis-donnez-le-jeu-hors-de-la-main\/\"},\"author\":{\"name\":\"Julien\",\"@id\":\"https:\/\/vieassociative.be\/actualites\/#\/schema\/person\/b87ac4f82f9d4e7b7cec7395b679edc4\"},\"headline\":\"1: 3 Faillite contre l&rsquo;Ukraine: Red Devils m\u00e8ne 1-0 jusqu&rsquo;\u00e0 la 67e minute, puis donnez le jeu hors de la main\",\"datePublished\":\"2025-03-21T02:17:38+00:00\",\"dateModified\":\"2025-03-21T02:17:38+00:00\",\"mainEntityOfPage\":{\"@id\":\"https:\/\/vieassociative.be\/actualites\/1-3-faillite-contre-lukraine-red-devils-mene-1-0-jusqua-la-67e-minute-puis-donnez-le-jeu-hors-de-la-main\/\"},\"wordCount\":782,\"publisher\":{\"@id\":\"https:\/\/vieassociative.be\/actualites\/#organization\"},\"image\":{\"@id\":\"https:\/\/vieassociative.be\/actualites\/1-3-faillite-contre-lukraine-red-devils-mene-1-0-jusqua-la-67e-minute-puis-donnez-le-jeu-hors-de-la-main\/#primaryimage\"},\"thumbnailUrl\":\"https:\/\/vieassociative.be\/actualites\/wp-content\/uploads\/2025\/03\/1742523458_1-3-Faillite-contre-lUkraine-Red-Devils-mene-1-0-jusqua.jpg\",\"keywords\":[\"67e\",\"contre\",\"Devils\",\"donnez\",\"faillite\",\"hors\",\"jeu\",\"jusqu\u00e0\",\"lUkraine\",\"main\",\"m\u00e8ne\",\"minute\",\"puis\",\"Red\"],\"articleSection\":[\"Belgique\"],\"inLanguage\":\"fr-BE\"},{\"@type\":\"WebPage\",\"@id\":\"https:\/\/vieassociative.be\/actualites\/1-3-faillite-contre-lukraine-red-devils-mene-1-0-jusqua-la-67e-minute-puis-donnez-le-jeu-hors-de-la-main\/\",\"url\":\"https:\/\/vieassociative.be\/actualites\/1-3-faillite-contre-lukraine-red-devils-mene-1-0-jusqua-la-67e-minute-puis-donnez-le-jeu-hors-de-la-main\/\",\"name\":\"1: 3 Faillite contre l'Ukraine: Red Devils m\u00e8ne 1-0 jusqu'\u00e0 la 67e minute, puis donnez le jeu hors de la main | Vie Associative\",\"isPartOf\":{\"@id\":\"https:\/\/vieassociative.be\/actualites\/#website\"},\"primaryImageOfPage\":{\"@id\":\"https:\/\/vieassociative.be\/actualites\/1-3-faillite-contre-lukraine-red-devils-mene-1-0-jusqua-la-67e-minute-puis-donnez-le-jeu-hors-de-la-main\/#primaryimage\"},\"image\":{\"@id\":\"https:\/\/vieassociative.be\/actualites\/1-3-faillite-contre-lukraine-red-devils-mene-1-0-jusqua-la-67e-minute-puis-donnez-le-jeu-hors-de-la-main\/#primaryimage\"},\"thumbnailUrl\":\"https:\/\/vieassociative.be\/actualites\/wp-content\/uploads\/2025\/03\/1742523458_1-3-Faillite-contre-lUkraine-Red-Devils-mene-1-0-jusqua.jpg\",\"datePublished\":\"2025-03-21T02:17:38+00:00\",\"dateModified\":\"2025-03-21T02:17:38+00:00\",\"breadcrumb\":{\"@id\":\"https:\/\/vieassociative.be\/actualites\/1-3-faillite-contre-lukraine-red-devils-mene-1-0-jusqua-la-67e-minute-puis-donnez-le-jeu-hors-de-la-main\/#breadcrumb\"},\"inLanguage\":\"fr-BE\",\"potentialAction\":[{\"@type\":\"ReadAction\",\"target\":[\"https:\/\/vieassociative.be\/actualites\/1-3-faillite-contre-lukraine-red-devils-mene-1-0-jusqua-la-67e-minute-puis-donnez-le-jeu-hors-de-la-main\/\"]}]},{\"@type\":\"ImageObject\",\"inLanguage\":\"fr-BE\",\"@id\":\"https:\/\/vieassociative.be\/actualites\/1-3-faillite-contre-lukraine-red-devils-mene-1-0-jusqua-la-67e-minute-puis-donnez-le-jeu-hors-de-la-main\/#primaryimage\",\"url\":\"https:\/\/vieassociative.be\/actualites\/wp-content\/uploads\/2025\/03\/1742523458_1-3-Faillite-contre-lUkraine-Red-Devils-mene-1-0-jusqua.jpg\",\"contentUrl\":\"https:\/\/vieassociative.be\/actualites\/wp-content\/uploads\/2025\/03\/1742523458_1-3-Faillite-contre-lUkraine-Red-Devils-mene-1-0-jusqua.jpg\",\"width\":1200,\"height\":800,\"caption\":\"1: 3 Faillite contre l'Ukraine: Red Devils m\u00e8ne 1-0 jusqu'\u00e0 la 67e minute, puis donnez le jeu hors de la main\"},{\"@type\":\"BreadcrumbList\",\"@id\":\"https:\/\/vieassociative.be\/actualites\/1-3-faillite-contre-lukraine-red-devils-mene-1-0-jusqua-la-67e-minute-puis-donnez-le-jeu-hors-de-la-main\/#breadcrumb\",\"itemListElement\":[{\"@type\":\"ListItem\",\"position\":1,\"name\":\"Accueil\",\"item\":\"https:\/\/vieassociative.be\/actualites\/\"},{\"@type\":\"ListItem\",\"position\":2,\"name\":\"1: 3 Faillite contre l&rsquo;Ukraine: Red Devils m\u00e8ne 1-0 jusqu&rsquo;\u00e0 la 67e minute, puis donnez le jeu hors de la main\"}]},{\"@type\":\"WebSite\",\"@id\":\"https:\/\/vieassociative.be\/actualites\/#website\",\"url\":\"https:\/\/vieassociative.be\/actualites\/\",\"name\":\"Vie Associative\",\"description\":\"\",\"publisher\":{\"@id\":\"https:\/\/vieassociative.be\/actualites\/#organization\"},\"potentialAction\":[{\"@type\":\"SearchAction\",\"target\":{\"@type\":\"EntryPoint\",\"urlTemplate\":\"https:\/\/vieassociative.be\/actualites\/?s={search_term_string}\"},\"query-input\":{\"@type\":\"PropertyValueSpecification\",\"valueRequired\":true,\"valueName\":\"search_term_string\"}}],\"inLanguage\":\"fr-BE\"},{\"@type\":\"Organization\",\"@id\":\"https:\/\/vieassociative.be\/actualites\/#organization\",\"name\":\"Vie Associative\",\"url\":\"https:\/\/vieassociative.be\/actualites\/\",\"logo\":{\"@type\":\"ImageObject\",\"inLanguage\":\"fr-BE\",\"@id\":\"https:\/\/vieassociative.be\/actualites\/#\/schema\/logo\/image\/\",\"url\":\"https:\/\/vieassociative.be\/actualites\/wp-content\/uploads\/2024\/09\/cropped-vieassociative_favicon.ico.png\",\"contentUrl\":\"https:\/\/vieassociative.be\/actualites\/wp-content\/uploads\/2024\/09\/cropped-vieassociative_favicon.ico.png\",\"width\":512,\"height\":512,\"caption\":\"Vie Associative\"},\"image\":{\"@id\":\"https:\/\/vieassociative.be\/actualites\/#\/schema\/logo\/image\/\"}},{\"@type\":\"Person\",\"@id\":\"https:\/\/vieassociative.be\/actualites\/#\/schema\/person\/b87ac4f82f9d4e7b7cec7395b679edc4\",\"name\":\"Julien\",\"image\":{\"@type\":\"ImageObject\",\"inLanguage\":\"fr-BE\",\"@id\":\"https:\/\/vieassociative.be\/actualites\/#\/schema\/person\/image\/\",\"url\":\"https:\/\/vieassociative.be\/actualites\/wp-content\/uploads\/2024\/09\/vie-associative-1-150x150.jpg\",\"contentUrl\":\"https:\/\/vieassociative.be\/actualites\/wp-content\/uploads\/2024\/09\/vie-associative-1-150x150.jpg\",\"caption\":\"Julien\"},\"description\":\"Je suis Julien, r\u00e9dacteur pour Vie Associative. Passionn\u00e9 par le monde associatif depuis plus de 10 ans, j'ai \u00e0 c\u0153ur de partager des histoires inspirantes et de mettre en lumi\u00e8re les initiatives locales. Mon objectif est de sensibiliser et d'encourager l'engagement communautaire \u00e0 travers mes articles.\",\"sameAs\":[\"https:\/\/vieassociative.be\/\"]}]}<\/script>\n<!-- \/ Yoast SEO plugin. -->","yoast_head_json":{"title":"1: 3 Faillite contre l'Ukraine: Red Devils m\u00e8ne 1-0 jusqu'\u00e0 la 67e minute, puis donnez le jeu hors de la main | Vie Associative","robots":{"index":"index","follow":"follow","max-snippet":"max-snippet:-1","max-image-preview":"max-image-preview:large","max-video-preview":"max-video-preview:-1"},"canonical":"https:\/\/vieassociative.be\/actualites\/1-3-faillite-contre-lukraine-red-devils-mene-1-0-jusqua-la-67e-minute-puis-donnez-le-jeu-hors-de-la-main\/","og_locale":"fr_FR","og_type":"article","og_title":"1: 3 Faillite contre l'Ukraine: Red Devils m\u00e8ne 1-0 jusqu'\u00e0 la 67e minute, puis donnez le jeu hors de la main | Vie Associative","og_description":"L&rsquo;\u00e9quipe nationale de football belge a pris un faux d\u00e9part sous son nouvel entra\u00eeneur-chef Rudi Garcia. Lors de la premi\u00e8re \u00e9tape des s\u00e9ries \u00e9liminatoires de","og_url":"https:\/\/vieassociative.be\/actualites\/1-3-faillite-contre-lukraine-red-devils-mene-1-0-jusqua-la-67e-minute-puis-donnez-le-jeu-hors-de-la-main\/","og_site_name":"Vie Associative","article_published_time":"2025-03-21T02:17:38+00:00","og_image":[{"width":279,"height":92,"url":"https:\/\/vieassociative.be\/actualites\/wp-content\/uploads\/2024\/09\/header_backgroundk-01-e1726694325946.png","type":"image\/png"}],"author":"Julien","twitter_card":"summary_large_image","twitter_misc":{"\u00c9crit par":"Julien","Dur\u00e9e de lecture est.":"4 minutes"},"schema":{"@context":"https:\/\/schema.org","@graph":[{"@type":"Article","@id":"https:\/\/vieassociative.be\/actualites\/1-3-faillite-contre-lukraine-red-devils-mene-1-0-jusqua-la-67e-minute-puis-donnez-le-jeu-hors-de-la-main\/#article","isPartOf":{"@id":"https:\/\/vieassociative.be\/actualites\/1-3-faillite-contre-lukraine-red-devils-mene-1-0-jusqua-la-67e-minute-puis-donnez-le-jeu-hors-de-la-main\/"},"author":{"name":"Julien","@id":"https:\/\/vieassociative.be\/actualites\/#\/schema\/person\/b87ac4f82f9d4e7b7cec7395b679edc4"},"headline":"1: 3 Faillite contre l&rsquo;Ukraine: Red Devils m\u00e8ne 1-0 jusqu&rsquo;\u00e0 la 67e minute, puis donnez le jeu hors de la main","datePublished":"2025-03-21T02:17:38+00:00","dateModified":"2025-03-21T02:17:38+00:00","mainEntityOfPage":{"@id":"https:\/\/vieassociative.be\/actualites\/1-3-faillite-contre-lukraine-red-devils-mene-1-0-jusqua-la-67e-minute-puis-donnez-le-jeu-hors-de-la-main\/"},"wordCount":782,"publisher":{"@id":"https:\/\/vieassociative.be\/actualites\/#organization"},"image":{"@id":"https:\/\/vieassociative.be\/actualites\/1-3-faillite-contre-lukraine-red-devils-mene-1-0-jusqua-la-67e-minute-puis-donnez-le-jeu-hors-de-la-main\/#primaryimage"},"thumbnailUrl":"https:\/\/vieassociative.be\/actualites\/wp-content\/uploads\/2025\/03\/1742523458_1-3-Faillite-contre-lUkraine-Red-Devils-mene-1-0-jusqua.jpg","keywords":["67e","contre","Devils","donnez","faillite","hors","jeu","jusqu\u00e0","lUkraine","main","m\u00e8ne","minute","puis","Red"],"articleSection":["Belgique"],"inLanguage":"fr-BE"},{"@type":"WebPage","@id":"https:\/\/vieassociative.be\/actualites\/1-3-faillite-contre-lukraine-red-devils-mene-1-0-jusqua-la-67e-minute-puis-donnez-le-jeu-hors-de-la-main\/","url":"https:\/\/vieassociative.be\/actualites\/1-3-faillite-contre-lukraine-red-devils-mene-1-0-jusqua-la-67e-minute-puis-donnez-le-jeu-hors-de-la-main\/","name":"1: 3 Faillite contre l'Ukraine: Red Devils m\u00e8ne 1-0 jusqu'\u00e0 la 67e minute, puis donnez le jeu hors de la main | Vie Associative","isPartOf":{"@id":"https:\/\/vieassociative.be\/actualites\/#website"},"primaryImageOfPage":{"@id":"https:\/\/vieassociative.be\/actualites\/1-3-faillite-contre-lukraine-red-devils-mene-1-0-jusqua-la-67e-minute-puis-donnez-le-jeu-hors-de-la-main\/#primaryimage"},"image":{"@id":"https:\/\/vieassociative.be\/actualites\/1-3-faillite-contre-lukraine-red-devils-mene-1-0-jusqua-la-67e-minute-puis-donnez-le-jeu-hors-de-la-main\/#primaryimage"},"thumbnailUrl":"https:\/\/vieassociative.be\/actualites\/wp-content\/uploads\/2025\/03\/1742523458_1-3-Faillite-contre-lUkraine-Red-Devils-mene-1-0-jusqua.jpg","datePublished":"2025-03-21T02:17:38+00:00","dateModified":"2025-03-21T02:17:38+00:00","breadcrumb":{"@id":"https:\/\/vieassociative.be\/actualites\/1-3-faillite-contre-lukraine-red-devils-mene-1-0-jusqua-la-67e-minute-puis-donnez-le-jeu-hors-de-la-main\/#breadcrumb"},"inLanguage":"fr-BE","potentialAction":[{"@type":"ReadAction","target":["https:\/\/vieassociative.be\/actualites\/1-3-faillite-contre-lukraine-red-devils-mene-1-0-jusqua-la-67e-minute-puis-donnez-le-jeu-hors-de-la-main\/"]}]},{"@type":"ImageObject","inLanguage":"fr-BE","@id":"https:\/\/vieassociative.be\/actualites\/1-3-faillite-contre-lukraine-red-devils-mene-1-0-jusqua-la-67e-minute-puis-donnez-le-jeu-hors-de-la-main\/#primaryimage","url":"https:\/\/vieassociative.be\/actualites\/wp-content\/uploads\/2025\/03\/1742523458_1-3-Faillite-contre-lUkraine-Red-Devils-mene-1-0-jusqua.jpg","contentUrl":"https:\/\/vieassociative.be\/actualites\/wp-content\/uploads\/2025\/03\/1742523458_1-3-Faillite-contre-lUkraine-Red-Devils-mene-1-0-jusqua.jpg","width":1200,"height":800,"caption":"1: 3 Faillite contre l'Ukraine: Red Devils m\u00e8ne 1-0 jusqu'\u00e0 la 67e minute, puis donnez le jeu hors de la main"},{"@type":"BreadcrumbList","@id":"https:\/\/vieassociative.be\/actualites\/1-3-faillite-contre-lukraine-red-devils-mene-1-0-jusqua-la-67e-minute-puis-donnez-le-jeu-hors-de-la-main\/#breadcrumb","itemListElement":[{"@type":"ListItem","position":1,"name":"Accueil","item":"https:\/\/vieassociative.be\/actualites\/"},{"@type":"ListItem","position":2,"name":"1: 3 Faillite contre l&rsquo;Ukraine: Red Devils m\u00e8ne 1-0 jusqu&rsquo;\u00e0 la 67e minute, puis donnez le jeu hors de la main"}]},{"@type":"WebSite","@id":"https:\/\/vieassociative.be\/actualites\/#website","url":"https:\/\/vieassociative.be\/actualites\/","name":"Vie Associative","description":"","publisher":{"@id":"https:\/\/vieassociative.be\/actualites\/#organization"},"potentialAction":[{"@type":"SearchAction","target":{"@type":"EntryPoint","urlTemplate":"https:\/\/vieassociative.be\/actualites\/?s={search_term_string}"},"query-input":{"@type":"PropertyValueSpecification","valueRequired":true,"valueName":"search_term_string"}}],"inLanguage":"fr-BE"},{"@type":"Organization","@id":"https:\/\/vieassociative.be\/actualites\/#organization","name":"Vie Associative","url":"https:\/\/vieassociative.be\/actualites\/","logo":{"@type":"ImageObject","inLanguage":"fr-BE","@id":"https:\/\/vieassociative.be\/actualites\/#\/schema\/logo\/image\/","url":"https:\/\/vieassociative.be\/actualites\/wp-content\/uploads\/2024\/09\/cropped-vieassociative_favicon.ico.png","contentUrl":"https:\/\/vieassociative.be\/actualites\/wp-content\/uploads\/2024\/09\/cropped-vieassociative_favicon.ico.png","width":512,"height":512,"caption":"Vie Associative"},"image":{"@id":"https:\/\/vieassociative.be\/actualites\/#\/schema\/logo\/image\/"}},{"@type":"Person","@id":"https:\/\/vieassociative.be\/actualites\/#\/schema\/person\/b87ac4f82f9d4e7b7cec7395b679edc4","name":"Julien","image":{"@type":"ImageObject","inLanguage":"fr-BE","@id":"https:\/\/vieassociative.be\/actualites\/#\/schema\/person\/image\/","url":"https:\/\/vieassociative.be\/actualites\/wp-content\/uploads\/2024\/09\/vie-associative-1-150x150.jpg","contentUrl":"https:\/\/vieassociative.be\/actualites\/wp-content\/uploads\/2024\/09\/vie-associative-1-150x150.jpg","caption":"Julien"},"description":"Je suis Julien, r\u00e9dacteur pour Vie Associative. Passionn\u00e9 par le monde associatif depuis plus de 10 ans, j'ai \u00e0 c\u0153ur de partager des histoires inspirantes et de mettre en lumi\u00e8re les initiatives locales. Mon objectif est de sensibiliser et d'encourager l'engagement communautaire \u00e0 travers mes articles.","sameAs":["https:\/\/vieassociative.be\/"]}]}},"_links":{"self":[{"href":"https:\/\/vieassociative.be\/actualites\/wp-json\/wp\/v2\/posts\/6031"}],"collection":[{"href":"https:\/\/vieassociative.be\/actualites\/wp-json\/wp\/v2\/posts"}],"about":[{"href":"https:\/\/vieassociative.be\/actualites\/wp-json\/wp\/v2\/types\/post"}],"author":[{"embeddable":true,"href":"https:\/\/vieassociative.be\/actualites\/wp-json\/wp\/v2\/users\/1"}],"replies":[{"embeddable":true,"href":"https:\/\/vieassociative.be\/actualites\/wp-json\/wp\/v2\/comments?post=6031"}],"version-history":[{"count":0,"href":"https:\/\/vieassociative.be\/actualites\/wp-json\/wp\/v2\/posts\/6031\/revisions"}],"wp:featuredmedia":[{"embeddable":true,"href":"https:\/\/vieassociative.be\/actualites\/wp-json\/wp\/v2\/media\/6032"}],"wp:attachment":[{"href":"https:\/\/vieassociative.be\/actualites\/wp-json\/wp\/v2\/media?parent=6031"}],"wp:term":[{"taxonomy":"category","embeddable":true,"href":"https:\/\/vieassociative.be\/actualites\/wp-json\/wp\/v2\/categories?post=6031"},{"taxonomy":"post_tag","embeddable":true,"href":"https:\/\/vieassociative.be\/actualites\/wp-json\/wp\/v2\/tags?post=6031"}],"curies":[{"name":"wp","href":"https:\/\/api.w.org\/{rel}","templated":true}]}}