{"id":6025,"date":"2025-03-20T21:19:26","date_gmt":"2025-03-20T20:19:26","guid":{"rendered":"https:\/\/vieassociative.be\/actualites\/avec-kirsty-coventry-une-femme-en-haut-du-cio-pour-la-premiere-fois\/"},"modified":"2025-03-20T21:19:26","modified_gmt":"2025-03-20T20:19:26","slug":"avec-kirsty-coventry-une-femme-en-haut-du-cio-pour-la-premiere-fois","status":"publish","type":"post","link":"https:\/\/vieassociative.be\/actualites\/avec-kirsty-coventry-une-femme-en-haut-du-cio-pour-la-premiere-fois\/","title":{"rendered":"Avec Kirsty Coventry une femme en haut du CIO pour la premi\u00e8re fois"},"content":{"rendered":"<p><strong>Le CIO fait un choix historique: Kirsty Coventry est la premi\u00e8re femme \u00e0 reprendre la pr\u00e9sidence. Elle \u00e9tait consid\u00e9r\u00e9e comme une candidate souhait\u00e9e du Thomas Bach sortant.<\/strong><\/p>\n<p><span id=\"more-411612\"><\/span>Kirsty Coventry s&rsquo;est inclin\u00e9 devant les membres du CIO de l&rsquo;auditorium et a \u00e9t\u00e9 f\u00e9licit\u00e9 par le pr\u00e9sident sortant Thomas Bach par Kiss. L&rsquo;ancien grand nageur est la premi\u00e8re femme \u00e0 diriger le Comit\u00e9 international olympique.<\/p>\n<p>L&rsquo;homme de 41 ans du Zimbabwe a \u00e9t\u00e9 \u00e9lu successeur du Bach allemand \u00e0 la 144e Assembl\u00e9e g\u00e9n\u00e9rale du CIO dans une station de vacances grecque. Coventry est \u00e9galement le premier membre du CIO d&rsquo;Afrique \u00e0 diriger l&rsquo;organisation parapluie olympique en 131 ans d&rsquo;histoire.<\/p>\n<p>Bach (71) ne pouvait plus \u00eatre \u00e9lu apr\u00e8s douze ans et deux mandats selon les r\u00e8gles de la charte olympique. Coventry a pr\u00e9valu contre six concurrents, tous des hommes. Le chef de la British Athletics World Association Sebastian Coe (68) et l&rsquo;Espagnol Juan Antonio Samaranch Jr. (65), fils d&rsquo;un ancien pr\u00e9sident du CIO. \u00c9tonnamment, Coventry a \u00e9t\u00e9 d\u00e9termin\u00e9 comme le nouveau pr\u00e9sident apr\u00e8s le premier bulletin de vote.<\/p>\n<\/p>\n<div id=\"attachment_411618\" class=\"wp-caption alignleft\" style=\"max-width: 300px\"><img fetchpriority=\"high\" decoding=\"async\" class=\"wp-image-411618 size-medium\" src=\"https:\/\/vieassociative.be\/actualites\/wp-content\/uploads\/2025\/03\/Avec-Kirsty-Coventry-une-femme-en-haut-du-CIO-pour.jpg\" alt=\"\" width=\"300\" height=\"200\"><\/p>\n<p class=\"wp-caption-text\">20\/03\/2025, Gr\u00e8ce, Costa Navarino: Le pr\u00e9sident du CIO, Thomas Bach, tient le nom de Kirsty Coventry lorsqu&rsquo;il est annonc\u00e9 comme nouveau pr\u00e9sident du CIO lors de la 144e r\u00e9union du Comit\u00e9 international olympique. Photo: Thanassis Stavrakis \/ AP \/ DPA<\/p>\n<\/div>\n<p>\u00ab\u00a0C&rsquo;est un moment extraordinaire. En tant que fillette de neuf ans, je n&rsquo;aurais jamais pens\u00e9 qu&rsquo;un jour je serais ici\u00a0\u00bb, a d\u00e9clar\u00e9 Coventry et a toujours remerci\u00e9 les membres du CIO: \u00ab\u00a0Ce n&rsquo;est pas seulement un grand honneur, mais aussi un souvenir de mon engagement envers chaque individu. Je vous rendrai tous fiers. Maintenant, nous avons fait beaucoup de travail devant nous.\u00a0\u00bb<\/p>\n<p><strong>-Double Champion olympique et m\u00e8re de deux enfants:<\/strong> \u00c0 la fin des portes ferm\u00e9es, Coventry a re\u00e7u la majorit\u00e9 absolue n\u00e9cessaire des voix. Le ministre des Sports par le Zimbabwe a \u00e9t\u00e9 agi \u00e0 l&rsquo;avance en tant que candidat souhait\u00e9 par Bach. On s&rsquo;attend \u00e0 ce qu&rsquo;il poursuive en grande partie les lignes de politique sportive allemandes. \u00ab\u00a0Nous sommes des personnes diff\u00e9rentes avec des styles diff\u00e9rents\u00a0\u00bb, a d\u00e9clar\u00e9 Coventry avant son choix.<\/p>\n<p>La m\u00e8re de deux enfants promet plus d&rsquo;ouverture et veut int\u00e9grer les membres du CIO plus que cela n&rsquo;a \u00e9t\u00e9 sous Bach ces derni\u00e8res ann\u00e9es. \u00ab\u00a0Les femmes sont pr\u00eates. Je vois cela comme une occasion de d\u00e9molir les barri\u00e8res\u00a0\u00bb, a d\u00e9clar\u00e9 Coventry \u00e0 propos de sa demande.<\/p>\n<p>En tant que nageuse, elle a remport\u00e9 deux m\u00e9dailles d&rsquo;or aux Jeux olympiques, a particip\u00e9 \u00e0 cinq matchs d&rsquo;\u00e9t\u00e9 entre Sydney 2000 et Rio en 2016. En 2013, elle a d&rsquo;abord d\u00e9m\u00e9nag\u00e9 au CIO en tant que repr\u00e9sentant des athl\u00e8tes, en 2018 \u00e9galement au comit\u00e9 ex\u00e9cutif, o\u00f9 les d\u00e9cisions pertinentes ont \u00e9t\u00e9 prises en vertu de Bach.<\/p>\n<p><strong>&#8211; prendre le bureau dans trois mois:<\/strong> Coventry n&rsquo;\u00e9tait pas incontest\u00e9e dans son bureau minist\u00e9riel au Zimbabwe. La ferme des accusations selon laquelle elle a accept\u00e9 une ferme confisqu\u00e9e par l&rsquo;ancien dictateur Robert Mugabe en cadeau, a-t-elle d\u00e9clar\u00e9 un tribunal. Coventry ne reprend pas la chaise principale du CIO le 24 juin. Jusque-l\u00e0, Bach continue de g\u00e9rer l&rsquo;entreprise. (DPA)<\/p>\n","protected":false},"excerpt":{"rendered":"<p>Le CIO fait un choix historique: Kirsty Coventry est la premi\u00e8re femme \u00e0 reprendre la pr\u00e9sidence. Elle \u00e9tait consid\u00e9r\u00e9e comme une candidate souhait\u00e9e du Thomas<\/p>\n","protected":false},"author":1,"featured_media":6026,"comment_status":"","ping_status":"","sticky":false,"template":"","format":"standard","meta":{"footnotes":""},"categories":[298],"tags":[61,5941,5940,4918,774,3539,5939,81,610,110],"class_list":["post-6025","post","type-post","status-publish","format-standard","has-post-thumbnail","hentry","category-belgique","tag-avec","tag-cio","tag-coventry","tag-femme","tag-fois","tag-haut","tag-kirsty","tag-pour","tag-premiere","tag-une","generate-columns","tablet-grid-50","mobile-grid-100","grid-parent","grid-33"],"yoast_head":"<!-- This site is optimized with the Yoast SEO plugin v24.0 - https:\/\/yoast.com\/wordpress\/plugins\/seo\/ -->\n<title>Avec Kirsty Coventry une femme en haut du CIO pour la premi\u00e8re fois | Vie Associative<\/title>\n<meta name=\"robots\" content=\"index, follow, max-snippet:-1, max-image-preview:large, max-video-preview:-1\" \/>\n<link rel=\"canonical\" href=\"https:\/\/vieassociative.be\/actualites\/avec-kirsty-coventry-une-femme-en-haut-du-cio-pour-la-premiere-fois\/\" \/>\n<meta property=\"og:locale\" content=\"fr_FR\" \/>\n<meta property=\"og:type\" content=\"article\" \/>\n<meta property=\"og:title\" content=\"Avec Kirsty Coventry une femme en haut du CIO pour la premi\u00e8re fois | Vie Associative\" \/>\n<meta property=\"og:description\" content=\"Le CIO fait un choix historique: Kirsty Coventry est la premi\u00e8re femme \u00e0 reprendre la pr\u00e9sidence. Elle \u00e9tait consid\u00e9r\u00e9e comme une candidate souhait\u00e9e du Thomas\" \/>\n<meta property=\"og:url\" content=\"https:\/\/vieassociative.be\/actualites\/avec-kirsty-coventry-une-femme-en-haut-du-cio-pour-la-premiere-fois\/\" \/>\n<meta property=\"og:site_name\" content=\"Vie Associative\" \/>\n<meta property=\"article:published_time\" content=\"2025-03-20T20:19:26+00:00\" \/>\n<meta property=\"og:image\" content=\"https:\/\/vieassociative.be\/actualites\/wp-content\/uploads\/2024\/09\/header_backgroundk-01-e1726694325946.png\" \/>\n\t<meta property=\"og:image:width\" content=\"279\" \/>\n\t<meta property=\"og:image:height\" content=\"92\" \/>\n\t<meta property=\"og:image:type\" content=\"image\/png\" \/>\n<meta name=\"author\" content=\"Julien\" \/>\n<meta name=\"twitter:card\" content=\"summary_large_image\" \/>\n<meta name=\"twitter:label1\" content=\"\u00c9crit par\" \/>\n\t<meta name=\"twitter:data1\" content=\"Julien\" \/>\n\t<meta name=\"twitter:label2\" content=\"Dur\u00e9e de lecture est.\" \/>\n\t<meta name=\"twitter:data2\" content=\"3 minutes\" \/>\n<script type=\"application\/ld+json\" class=\"yoast-schema-graph\">{\"@context\":\"https:\/\/schema.org\",\"@graph\":[{\"@type\":\"Article\",\"@id\":\"https:\/\/vieassociative.be\/actualites\/avec-kirsty-coventry-une-femme-en-haut-du-cio-pour-la-premiere-fois\/#article\",\"isPartOf\":{\"@id\":\"https:\/\/vieassociative.be\/actualites\/avec-kirsty-coventry-une-femme-en-haut-du-cio-pour-la-premiere-fois\/\"},\"author\":{\"name\":\"Julien\",\"@id\":\"https:\/\/vieassociative.be\/actualites\/#\/schema\/person\/b87ac4f82f9d4e7b7cec7395b679edc4\"},\"headline\":\"Avec Kirsty Coventry une femme en haut du CIO pour la premi\u00e8re fois\",\"datePublished\":\"2025-03-20T20:19:26+00:00\",\"dateModified\":\"2025-03-20T20:19:26+00:00\",\"mainEntityOfPage\":{\"@id\":\"https:\/\/vieassociative.be\/actualites\/avec-kirsty-coventry-une-femme-en-haut-du-cio-pour-la-premiere-fois\/\"},\"wordCount\":579,\"publisher\":{\"@id\":\"https:\/\/vieassociative.be\/actualites\/#organization\"},\"image\":{\"@id\":\"https:\/\/vieassociative.be\/actualites\/avec-kirsty-coventry-une-femme-en-haut-du-cio-pour-la-premiere-fois\/#primaryimage\"},\"thumbnailUrl\":\"https:\/\/vieassociative.be\/actualites\/wp-content\/uploads\/2025\/03\/1742501967_Avec-Kirsty-Coventry-une-femme-en-haut-du-CIO-pour.jpg\",\"keywords\":[\"avec\",\"CIO\",\"Coventry\",\"femme\",\"fois\",\"haut\",\"Kirsty\",\"pour\",\"premi\u00e8re\",\"une\"],\"articleSection\":[\"Belgique\"],\"inLanguage\":\"fr-BE\"},{\"@type\":\"WebPage\",\"@id\":\"https:\/\/vieassociative.be\/actualites\/avec-kirsty-coventry-une-femme-en-haut-du-cio-pour-la-premiere-fois\/\",\"url\":\"https:\/\/vieassociative.be\/actualites\/avec-kirsty-coventry-une-femme-en-haut-du-cio-pour-la-premiere-fois\/\",\"name\":\"Avec Kirsty Coventry une femme en haut du CIO pour la premi\u00e8re fois | Vie Associative\",\"isPartOf\":{\"@id\":\"https:\/\/vieassociative.be\/actualites\/#website\"},\"primaryImageOfPage\":{\"@id\":\"https:\/\/vieassociative.be\/actualites\/avec-kirsty-coventry-une-femme-en-haut-du-cio-pour-la-premiere-fois\/#primaryimage\"},\"image\":{\"@id\":\"https:\/\/vieassociative.be\/actualites\/avec-kirsty-coventry-une-femme-en-haut-du-cio-pour-la-premiere-fois\/#primaryimage\"},\"thumbnailUrl\":\"https:\/\/vieassociative.be\/actualites\/wp-content\/uploads\/2025\/03\/1742501967_Avec-Kirsty-Coventry-une-femme-en-haut-du-CIO-pour.jpg\",\"datePublished\":\"2025-03-20T20:19:26+00:00\",\"dateModified\":\"2025-03-20T20:19:26+00:00\",\"breadcrumb\":{\"@id\":\"https:\/\/vieassociative.be\/actualites\/avec-kirsty-coventry-une-femme-en-haut-du-cio-pour-la-premiere-fois\/#breadcrumb\"},\"inLanguage\":\"fr-BE\",\"potentialAction\":[{\"@type\":\"ReadAction\",\"target\":[\"https:\/\/vieassociative.be\/actualites\/avec-kirsty-coventry-une-femme-en-haut-du-cio-pour-la-premiere-fois\/\"]}]},{\"@type\":\"ImageObject\",\"inLanguage\":\"fr-BE\",\"@id\":\"https:\/\/vieassociative.be\/actualites\/avec-kirsty-coventry-une-femme-en-haut-du-cio-pour-la-premiere-fois\/#primaryimage\",\"url\":\"https:\/\/vieassociative.be\/actualites\/wp-content\/uploads\/2025\/03\/1742501967_Avec-Kirsty-Coventry-une-femme-en-haut-du-CIO-pour.jpg\",\"contentUrl\":\"https:\/\/vieassociative.be\/actualites\/wp-content\/uploads\/2025\/03\/1742501967_Avec-Kirsty-Coventry-une-femme-en-haut-du-CIO-pour.jpg\",\"width\":2560,\"height\":1707,\"caption\":\"Avec Kirsty Coventry une femme en haut du CIO pour la premi\u00e8re fois\"},{\"@type\":\"BreadcrumbList\",\"@id\":\"https:\/\/vieassociative.be\/actualites\/avec-kirsty-coventry-une-femme-en-haut-du-cio-pour-la-premiere-fois\/#breadcrumb\",\"itemListElement\":[{\"@type\":\"ListItem\",\"position\":1,\"name\":\"Accueil\",\"item\":\"https:\/\/vieassociative.be\/actualites\/\"},{\"@type\":\"ListItem\",\"position\":2,\"name\":\"Avec Kirsty Coventry une femme en haut du CIO pour la premi\u00e8re fois\"}]},{\"@type\":\"WebSite\",\"@id\":\"https:\/\/vieassociative.be\/actualites\/#website\",\"url\":\"https:\/\/vieassociative.be\/actualites\/\",\"name\":\"Vie Associative\",\"description\":\"\",\"publisher\":{\"@id\":\"https:\/\/vieassociative.be\/actualites\/#organization\"},\"potentialAction\":[{\"@type\":\"SearchAction\",\"target\":{\"@type\":\"EntryPoint\",\"urlTemplate\":\"https:\/\/vieassociative.be\/actualites\/?s={search_term_string}\"},\"query-input\":{\"@type\":\"PropertyValueSpecification\",\"valueRequired\":true,\"valueName\":\"search_term_string\"}}],\"inLanguage\":\"fr-BE\"},{\"@type\":\"Organization\",\"@id\":\"https:\/\/vieassociative.be\/actualites\/#organization\",\"name\":\"Vie Associative\",\"url\":\"https:\/\/vieassociative.be\/actualites\/\",\"logo\":{\"@type\":\"ImageObject\",\"inLanguage\":\"fr-BE\",\"@id\":\"https:\/\/vieassociative.be\/actualites\/#\/schema\/logo\/image\/\",\"url\":\"https:\/\/vieassociative.be\/actualites\/wp-content\/uploads\/2024\/09\/cropped-vieassociative_favicon.ico.png\",\"contentUrl\":\"https:\/\/vieassociative.be\/actualites\/wp-content\/uploads\/2024\/09\/cropped-vieassociative_favicon.ico.png\",\"width\":512,\"height\":512,\"caption\":\"Vie Associative\"},\"image\":{\"@id\":\"https:\/\/vieassociative.be\/actualites\/#\/schema\/logo\/image\/\"}},{\"@type\":\"Person\",\"@id\":\"https:\/\/vieassociative.be\/actualites\/#\/schema\/person\/b87ac4f82f9d4e7b7cec7395b679edc4\",\"name\":\"Julien\",\"image\":{\"@type\":\"ImageObject\",\"inLanguage\":\"fr-BE\",\"@id\":\"https:\/\/vieassociative.be\/actualites\/#\/schema\/person\/image\/\",\"url\":\"https:\/\/vieassociative.be\/actualites\/wp-content\/uploads\/2024\/09\/vie-associative-1-150x150.jpg\",\"contentUrl\":\"https:\/\/vieassociative.be\/actualites\/wp-content\/uploads\/2024\/09\/vie-associative-1-150x150.jpg\",\"caption\":\"Julien\"},\"description\":\"Je suis Julien, r\u00e9dacteur pour Vie Associative. Passionn\u00e9 par le monde associatif depuis plus de 10 ans, j'ai \u00e0 c\u0153ur de partager des histoires inspirantes et de mettre en lumi\u00e8re les initiatives locales. Mon objectif est de sensibiliser et d'encourager l'engagement communautaire \u00e0 travers mes articles.\",\"sameAs\":[\"https:\/\/vieassociative.be\/\"]}]}<\/script>\n<!-- \/ Yoast SEO plugin. -->","yoast_head_json":{"title":"Avec Kirsty Coventry une femme en haut du CIO pour la premi\u00e8re fois | Vie Associative","robots":{"index":"index","follow":"follow","max-snippet":"max-snippet:-1","max-image-preview":"max-image-preview:large","max-video-preview":"max-video-preview:-1"},"canonical":"https:\/\/vieassociative.be\/actualites\/avec-kirsty-coventry-une-femme-en-haut-du-cio-pour-la-premiere-fois\/","og_locale":"fr_FR","og_type":"article","og_title":"Avec Kirsty Coventry une femme en haut du CIO pour la premi\u00e8re fois | Vie Associative","og_description":"Le CIO fait un choix historique: Kirsty Coventry est la premi\u00e8re femme \u00e0 reprendre la pr\u00e9sidence. Elle \u00e9tait consid\u00e9r\u00e9e comme une candidate souhait\u00e9e du Thomas","og_url":"https:\/\/vieassociative.be\/actualites\/avec-kirsty-coventry-une-femme-en-haut-du-cio-pour-la-premiere-fois\/","og_site_name":"Vie Associative","article_published_time":"2025-03-20T20:19:26+00:00","og_image":[{"width":279,"height":92,"url":"https:\/\/vieassociative.be\/actualites\/wp-content\/uploads\/2024\/09\/header_backgroundk-01-e1726694325946.png","type":"image\/png"}],"author":"Julien","twitter_card":"summary_large_image","twitter_misc":{"\u00c9crit par":"Julien","Dur\u00e9e de lecture est.":"3 minutes"},"schema":{"@context":"https:\/\/schema.org","@graph":[{"@type":"Article","@id":"https:\/\/vieassociative.be\/actualites\/avec-kirsty-coventry-une-femme-en-haut-du-cio-pour-la-premiere-fois\/#article","isPartOf":{"@id":"https:\/\/vieassociative.be\/actualites\/avec-kirsty-coventry-une-femme-en-haut-du-cio-pour-la-premiere-fois\/"},"author":{"name":"Julien","@id":"https:\/\/vieassociative.be\/actualites\/#\/schema\/person\/b87ac4f82f9d4e7b7cec7395b679edc4"},"headline":"Avec Kirsty Coventry une femme en haut du CIO pour la premi\u00e8re fois","datePublished":"2025-03-20T20:19:26+00:00","dateModified":"2025-03-20T20:19:26+00:00","mainEntityOfPage":{"@id":"https:\/\/vieassociative.be\/actualites\/avec-kirsty-coventry-une-femme-en-haut-du-cio-pour-la-premiere-fois\/"},"wordCount":579,"publisher":{"@id":"https:\/\/vieassociative.be\/actualites\/#organization"},"image":{"@id":"https:\/\/vieassociative.be\/actualites\/avec-kirsty-coventry-une-femme-en-haut-du-cio-pour-la-premiere-fois\/#primaryimage"},"thumbnailUrl":"https:\/\/vieassociative.be\/actualites\/wp-content\/uploads\/2025\/03\/1742501967_Avec-Kirsty-Coventry-une-femme-en-haut-du-CIO-pour.jpg","keywords":["avec","CIO","Coventry","femme","fois","haut","Kirsty","pour","premi\u00e8re","une"],"articleSection":["Belgique"],"inLanguage":"fr-BE"},{"@type":"WebPage","@id":"https:\/\/vieassociative.be\/actualites\/avec-kirsty-coventry-une-femme-en-haut-du-cio-pour-la-premiere-fois\/","url":"https:\/\/vieassociative.be\/actualites\/avec-kirsty-coventry-une-femme-en-haut-du-cio-pour-la-premiere-fois\/","name":"Avec Kirsty Coventry une femme en haut du CIO pour la premi\u00e8re fois | Vie Associative","isPartOf":{"@id":"https:\/\/vieassociative.be\/actualites\/#website"},"primaryImageOfPage":{"@id":"https:\/\/vieassociative.be\/actualites\/avec-kirsty-coventry-une-femme-en-haut-du-cio-pour-la-premiere-fois\/#primaryimage"},"image":{"@id":"https:\/\/vieassociative.be\/actualites\/avec-kirsty-coventry-une-femme-en-haut-du-cio-pour-la-premiere-fois\/#primaryimage"},"thumbnailUrl":"https:\/\/vieassociative.be\/actualites\/wp-content\/uploads\/2025\/03\/1742501967_Avec-Kirsty-Coventry-une-femme-en-haut-du-CIO-pour.jpg","datePublished":"2025-03-20T20:19:26+00:00","dateModified":"2025-03-20T20:19:26+00:00","breadcrumb":{"@id":"https:\/\/vieassociative.be\/actualites\/avec-kirsty-coventry-une-femme-en-haut-du-cio-pour-la-premiere-fois\/#breadcrumb"},"inLanguage":"fr-BE","potentialAction":[{"@type":"ReadAction","target":["https:\/\/vieassociative.be\/actualites\/avec-kirsty-coventry-une-femme-en-haut-du-cio-pour-la-premiere-fois\/"]}]},{"@type":"ImageObject","inLanguage":"fr-BE","@id":"https:\/\/vieassociative.be\/actualites\/avec-kirsty-coventry-une-femme-en-haut-du-cio-pour-la-premiere-fois\/#primaryimage","url":"https:\/\/vieassociative.be\/actualites\/wp-content\/uploads\/2025\/03\/1742501967_Avec-Kirsty-Coventry-une-femme-en-haut-du-CIO-pour.jpg","contentUrl":"https:\/\/vieassociative.be\/actualites\/wp-content\/uploads\/2025\/03\/1742501967_Avec-Kirsty-Coventry-une-femme-en-haut-du-CIO-pour.jpg","width":2560,"height":1707,"caption":"Avec Kirsty Coventry une femme en haut du CIO pour la premi\u00e8re fois"},{"@type":"BreadcrumbList","@id":"https:\/\/vieassociative.be\/actualites\/avec-kirsty-coventry-une-femme-en-haut-du-cio-pour-la-premiere-fois\/#breadcrumb","itemListElement":[{"@type":"ListItem","position":1,"name":"Accueil","item":"https:\/\/vieassociative.be\/actualites\/"},{"@type":"ListItem","position":2,"name":"Avec Kirsty Coventry une femme en haut du CIO pour la premi\u00e8re fois"}]},{"@type":"WebSite","@id":"https:\/\/vieassociative.be\/actualites\/#website","url":"https:\/\/vieassociative.be\/actualites\/","name":"Vie Associative","description":"","publisher":{"@id":"https:\/\/vieassociative.be\/actualites\/#organization"},"potentialAction":[{"@type":"SearchAction","target":{"@type":"EntryPoint","urlTemplate":"https:\/\/vieassociative.be\/actualites\/?s={search_term_string}"},"query-input":{"@type":"PropertyValueSpecification","valueRequired":true,"valueName":"search_term_string"}}],"inLanguage":"fr-BE"},{"@type":"Organization","@id":"https:\/\/vieassociative.be\/actualites\/#organization","name":"Vie Associative","url":"https:\/\/vieassociative.be\/actualites\/","logo":{"@type":"ImageObject","inLanguage":"fr-BE","@id":"https:\/\/vieassociative.be\/actualites\/#\/schema\/logo\/image\/","url":"https:\/\/vieassociative.be\/actualites\/wp-content\/uploads\/2024\/09\/cropped-vieassociative_favicon.ico.png","contentUrl":"https:\/\/vieassociative.be\/actualites\/wp-content\/uploads\/2024\/09\/cropped-vieassociative_favicon.ico.png","width":512,"height":512,"caption":"Vie Associative"},"image":{"@id":"https:\/\/vieassociative.be\/actualites\/#\/schema\/logo\/image\/"}},{"@type":"Person","@id":"https:\/\/vieassociative.be\/actualites\/#\/schema\/person\/b87ac4f82f9d4e7b7cec7395b679edc4","name":"Julien","image":{"@type":"ImageObject","inLanguage":"fr-BE","@id":"https:\/\/vieassociative.be\/actualites\/#\/schema\/person\/image\/","url":"https:\/\/vieassociative.be\/actualites\/wp-content\/uploads\/2024\/09\/vie-associative-1-150x150.jpg","contentUrl":"https:\/\/vieassociative.be\/actualites\/wp-content\/uploads\/2024\/09\/vie-associative-1-150x150.jpg","caption":"Julien"},"description":"Je suis Julien, r\u00e9dacteur pour Vie Associative. Passionn\u00e9 par le monde associatif depuis plus de 10 ans, j'ai \u00e0 c\u0153ur de partager des histoires inspirantes et de mettre en lumi\u00e8re les initiatives locales. Mon objectif est de sensibiliser et d'encourager l'engagement communautaire \u00e0 travers mes articles.","sameAs":["https:\/\/vieassociative.be\/"]}]}},"_links":{"self":[{"href":"https:\/\/vieassociative.be\/actualites\/wp-json\/wp\/v2\/posts\/6025"}],"collection":[{"href":"https:\/\/vieassociative.be\/actualites\/wp-json\/wp\/v2\/posts"}],"about":[{"href":"https:\/\/vieassociative.be\/actualites\/wp-json\/wp\/v2\/types\/post"}],"author":[{"embeddable":true,"href":"https:\/\/vieassociative.be\/actualites\/wp-json\/wp\/v2\/users\/1"}],"replies":[{"embeddable":true,"href":"https:\/\/vieassociative.be\/actualites\/wp-json\/wp\/v2\/comments?post=6025"}],"version-history":[{"count":0,"href":"https:\/\/vieassociative.be\/actualites\/wp-json\/wp\/v2\/posts\/6025\/revisions"}],"wp:featuredmedia":[{"embeddable":true,"href":"https:\/\/vieassociative.be\/actualites\/wp-json\/wp\/v2\/media\/6026"}],"wp:attachment":[{"href":"https:\/\/vieassociative.be\/actualites\/wp-json\/wp\/v2\/media?parent=6025"}],"wp:term":[{"taxonomy":"category","embeddable":true,"href":"https:\/\/vieassociative.be\/actualites\/wp-json\/wp\/v2\/categories?post=6025"},{"taxonomy":"post_tag","embeddable":true,"href":"https:\/\/vieassociative.be\/actualites\/wp-json\/wp\/v2\/tags?post=6025"}],"curies":[{"name":"wp","href":"https:\/\/api.w.org\/{rel}","templated":true}]}}