{"id":6023,"date":"2025-03-20T20:19:04","date_gmt":"2025-03-20T19:19:04","guid":{"rendered":"https:\/\/vieassociative.be\/actualites\/ce-nest-pas-seulement-toi-youtube-ressemble-a-de-la-merde-en-ce-moment\/"},"modified":"2025-03-20T20:19:04","modified_gmt":"2025-03-20T19:19:04","slug":"ce-nest-pas-seulement-toi-youtube-ressemble-a-de-la-merde-en-ce-moment","status":"publish","type":"post","link":"https:\/\/vieassociative.be\/actualites\/ce-nest-pas-seulement-toi-youtube-ressemble-a-de-la-merde-en-ce-moment\/","title":{"rendered":"Ce n&rsquo;est pas seulement toi, YouTube ressemble \u00e0 de la merde en ce moment"},"content":{"rendered":"<div class=\"mt-4 leading-6 md:mb-8\">Ne bl\u00e2mez pas votre Internet. Google a des probl\u00e8mes.<\/div>\n<p><\/p>\n<p>Habituellement, vous pouvez bl\u00e2mer un flux vid\u00e9o de basse qualit\u00e9 sur un ralentissement de la bande passante ou une mauvaise connexion Internet &#8211; des sites comme YouTube ajusteront la r\u00e9solution d&rsquo;une vid\u00e9o en cons\u00e9quence, donc au lieu d&rsquo;un flux HD ou 4K croustillant, vous vous retrouvez avec un d\u00e9sordre flou et pix\u00e9lis\u00e9. Vous pouvez ajuster manuellement la r\u00e9solution pour le rendre plus beau, mais vous rencontrerez probablement des probl\u00e8mes de mise en m\u00e9moire tampon, car votre Internet ne peut pas suivre. <\/p>\n<p>R\u00e9cemment, cependant, quelque chose d&rsquo;autre se produit pour provoquer un tank \u00e0 la qualit\u00e9 vid\u00e9o YouTube. Les utilisateurs rapportent que lorsqu&rsquo;ils d\u00e9marrent une vid\u00e9o &#8211; qu&rsquo;il s&rsquo;agisse d&rsquo;un court-circuit YouTube ou d&rsquo;un clip standard &#8211; le flux se chargera en tr\u00e8s mauvaise qualit\u00e9, tout ce qui est de 360p jusqu&rsquo;\u00e0 144p. Bien que certains puissent ajuster manuellement le flux \u00e0 une r\u00e9solution plus \u00e9lev\u00e9e (comme 1080p), d&rsquo;autres constatent que cela entra\u00eene un tampon sans fin. Pour beaucoup en ce moment, ce sont des vid\u00e9os floues ou rien. Ce n&rsquo;est pas non plus isol\u00e9 avec un navigateur ou une plate-forme sp\u00e9cifique: les utilisateurs sur iOS, Desktop et Smart TV ont tous signal\u00e9 avoir rencontr\u00e9 les m\u00eames probl\u00e8mes de qualit\u00e9 \u00e9tranges. <\/p>\n<p>Il est possible qu&rsquo;une fraction de ces utilisateurs ait des connexions Internet lentes, mais il est pratiquement impossible de conclure que tous le font. En fait, il existe de nombreuses plaintes selon lesquelles, malgr\u00e9 une connexion rapide qui alimente les autres activit\u00e9s Internet sans probl\u00e8me, YouTube insiste pour lire des vid\u00e9os \u00e0 une r\u00e9solution inaccessible.   <\/p>\n<p>Heureusement, YouTube lui-m\u00eame est tr\u00e8s conscient de ce qui se passe. Dans un article sur sa page d&rsquo;assistance publi\u00e9 mercredi, la soci\u00e9t\u00e9 a identifi\u00e9 le probl\u00e8me (144p ou 360p par d\u00e9faut qui tampon \u00e0 l&rsquo;infini lorsqu&rsquo;elle est modifi\u00e9e), a sp\u00e9cifi\u00e9 qu&rsquo;il affectait effectivement iOS, Desktop et Smart TVS, et a partag\u00e9 qu&rsquo;il travaille sur une solution. <\/p>\n<p>Vous remarquerez qu&rsquo;il existe une plate-forme qui n&rsquo;est pas affect\u00e9e par ces probl\u00e8mes: Android. \u00c0 ce jour, il semble que les t\u00e9l\u00e9phones et tablettes Android ne soient pas affect\u00e9s par ces r\u00e9cents probl\u00e8mes de qualit\u00e9. On ne sait pas pourquoi, au-del\u00e0 du fait que YouTube et Android sont tous deux exploit\u00e9s par la m\u00eame entreprise (Google), ce qui n&rsquo;explique pas vraiment ce qui se passe ici.<\/p>\n<h2 id=\"is-there-any-way-to-fix-the-youtube-streaming-quality-problem\">Existe-t-il un moyen de r\u00e9soudre le probl\u00e8me de qualit\u00e9 de streaming YouTube?<\/h2>\n<p>Pour le moment, vous ne pouvez vraiment pas faire grand-chose, mais attendez que YouTube r\u00e9sout le probl\u00e8me. Vous pouvez, bien s\u00fbr, essayer de modifier manuellement la r\u00e9solution d&rsquo;une vid\u00e9o \u00e0 partir de l&rsquo;\u00e9quipement des param\u00e8tres sous <strong>Qualit\u00e9<\/strong>mais vous trouverez peut-\u00eatre que vous \u00eates coinc\u00e9 avec une lecture floue ou que vous rencontrez le probl\u00e8me de tampon sans fin. <\/p>\n<p>Cela semble idiot, mais pour le moment, la seule vraie solution de contournement est de regarder YouTube sur Android si possible. Si vous avez un t\u00e9l\u00e9phone ou une tablette Android, utilisez-le pour vos besoins YouTube sur un iPhone, un iPad, un ordinateur de bureau ou une t\u00e9l\u00e9vision intelligente. Le reste d&rsquo;entre nous devra esp\u00e9rer que YouTube \u00e9mettra une solution rapide.   <\/p>\n","protected":false},"excerpt":{"rendered":"<p>Ne bl\u00e2mez pas votre Internet. Google a des probl\u00e8mes. Habituellement, vous pouvez bl\u00e2mer un flux vid\u00e9o de basse qualit\u00e9 sur un ralentissement de la bande<\/p>\n","protected":false},"author":1,"featured_media":6024,"comment_status":"","ping_status":"","sticky":false,"template":"","format":"standard","meta":{"footnotes":""},"categories":[13],"tags":[3887,1429,1082,126,5938,2583,5937,35],"class_list":["post-6023","post","type-post","status-publish","format-standard","has-post-thumbnail","hentry","category-technologie","tag-merde","tag-moment","tag-nest","tag-pas","tag-ressemble","tag-seulement","tag-toi","tag-youtube","generate-columns","tablet-grid-50","mobile-grid-100","grid-parent","grid-33"],"yoast_head":"<!-- This site is optimized with the Yoast SEO plugin v24.0 - https:\/\/yoast.com\/wordpress\/plugins\/seo\/ -->\n<title>Ce n&#039;est pas seulement toi, YouTube ressemble \u00e0 de la merde en ce moment | Vie Associative<\/title>\n<meta name=\"robots\" content=\"index, follow, max-snippet:-1, max-image-preview:large, max-video-preview:-1\" \/>\n<link rel=\"canonical\" href=\"https:\/\/vieassociative.be\/actualites\/ce-nest-pas-seulement-toi-youtube-ressemble-a-de-la-merde-en-ce-moment\/\" \/>\n<meta property=\"og:locale\" content=\"fr_FR\" \/>\n<meta property=\"og:type\" content=\"article\" \/>\n<meta property=\"og:title\" content=\"Ce n&#039;est pas seulement toi, YouTube ressemble \u00e0 de la merde en ce moment | Vie Associative\" \/>\n<meta property=\"og:description\" content=\"Ne bl\u00e2mez pas votre Internet. Google a des probl\u00e8mes. Habituellement, vous pouvez bl\u00e2mer un flux vid\u00e9o de basse qualit\u00e9 sur un ralentissement de la bande\" \/>\n<meta property=\"og:url\" content=\"https:\/\/vieassociative.be\/actualites\/ce-nest-pas-seulement-toi-youtube-ressemble-a-de-la-merde-en-ce-moment\/\" \/>\n<meta property=\"og:site_name\" content=\"Vie Associative\" \/>\n<meta property=\"article:published_time\" content=\"2025-03-20T19:19:04+00:00\" \/>\n<meta property=\"og:image\" content=\"https:\/\/vieassociative.be\/actualites\/wp-content\/uploads\/2024\/09\/header_backgroundk-01-e1726694325946.png\" \/>\n\t<meta property=\"og:image:width\" content=\"279\" \/>\n\t<meta property=\"og:image:height\" content=\"92\" \/>\n\t<meta property=\"og:image:type\" content=\"image\/png\" \/>\n<meta name=\"author\" content=\"Julien\" \/>\n<meta name=\"twitter:card\" content=\"summary_large_image\" \/>\n<meta name=\"twitter:label1\" content=\"\u00c9crit par\" \/>\n\t<meta name=\"twitter:data1\" content=\"Julien\" \/>\n\t<meta name=\"twitter:label2\" content=\"Dur\u00e9e de lecture est.\" \/>\n\t<meta name=\"twitter:data2\" content=\"3 minutes\" \/>\n<script type=\"application\/ld+json\" class=\"yoast-schema-graph\">{\"@context\":\"https:\/\/schema.org\",\"@graph\":[{\"@type\":\"Article\",\"@id\":\"https:\/\/vieassociative.be\/actualites\/ce-nest-pas-seulement-toi-youtube-ressemble-a-de-la-merde-en-ce-moment\/#article\",\"isPartOf\":{\"@id\":\"https:\/\/vieassociative.be\/actualites\/ce-nest-pas-seulement-toi-youtube-ressemble-a-de-la-merde-en-ce-moment\/\"},\"author\":{\"name\":\"Julien\",\"@id\":\"https:\/\/vieassociative.be\/actualites\/#\/schema\/person\/b87ac4f82f9d4e7b7cec7395b679edc4\"},\"headline\":\"Ce n&rsquo;est pas seulement toi, YouTube ressemble \u00e0 de la merde en ce moment\",\"datePublished\":\"2025-03-20T19:19:04+00:00\",\"dateModified\":\"2025-03-20T19:19:04+00:00\",\"mainEntityOfPage\":{\"@id\":\"https:\/\/vieassociative.be\/actualites\/ce-nest-pas-seulement-toi-youtube-ressemble-a-de-la-merde-en-ce-moment\/\"},\"wordCount\":606,\"publisher\":{\"@id\":\"https:\/\/vieassociative.be\/actualites\/#organization\"},\"image\":{\"@id\":\"https:\/\/vieassociative.be\/actualites\/ce-nest-pas-seulement-toi-youtube-ressemble-a-de-la-merde-en-ce-moment\/#primaryimage\"},\"thumbnailUrl\":\"https:\/\/vieassociative.be\/actualites\/wp-content\/uploads\/2025\/03\/Ce-nest-pas-seulement-toi-YouTube-ressemble-a-de-la.png\",\"keywords\":[\"merde\",\"moment\",\"nest\",\"pas\",\"ressemble\",\"seulement\",\"toi\",\"YouTube\"],\"articleSection\":[\"Technologie\"],\"inLanguage\":\"fr-BE\"},{\"@type\":\"WebPage\",\"@id\":\"https:\/\/vieassociative.be\/actualites\/ce-nest-pas-seulement-toi-youtube-ressemble-a-de-la-merde-en-ce-moment\/\",\"url\":\"https:\/\/vieassociative.be\/actualites\/ce-nest-pas-seulement-toi-youtube-ressemble-a-de-la-merde-en-ce-moment\/\",\"name\":\"Ce n'est pas seulement toi, YouTube ressemble \u00e0 de la merde en ce moment | Vie Associative\",\"isPartOf\":{\"@id\":\"https:\/\/vieassociative.be\/actualites\/#website\"},\"primaryImageOfPage\":{\"@id\":\"https:\/\/vieassociative.be\/actualites\/ce-nest-pas-seulement-toi-youtube-ressemble-a-de-la-merde-en-ce-moment\/#primaryimage\"},\"image\":{\"@id\":\"https:\/\/vieassociative.be\/actualites\/ce-nest-pas-seulement-toi-youtube-ressemble-a-de-la-merde-en-ce-moment\/#primaryimage\"},\"thumbnailUrl\":\"https:\/\/vieassociative.be\/actualites\/wp-content\/uploads\/2025\/03\/Ce-nest-pas-seulement-toi-YouTube-ressemble-a-de-la.png\",\"datePublished\":\"2025-03-20T19:19:04+00:00\",\"dateModified\":\"2025-03-20T19:19:04+00:00\",\"breadcrumb\":{\"@id\":\"https:\/\/vieassociative.be\/actualites\/ce-nest-pas-seulement-toi-youtube-ressemble-a-de-la-merde-en-ce-moment\/#breadcrumb\"},\"inLanguage\":\"fr-BE\",\"potentialAction\":[{\"@type\":\"ReadAction\",\"target\":[\"https:\/\/vieassociative.be\/actualites\/ce-nest-pas-seulement-toi-youtube-ressemble-a-de-la-merde-en-ce-moment\/\"]}]},{\"@type\":\"ImageObject\",\"inLanguage\":\"fr-BE\",\"@id\":\"https:\/\/vieassociative.be\/actualites\/ce-nest-pas-seulement-toi-youtube-ressemble-a-de-la-merde-en-ce-moment\/#primaryimage\",\"url\":\"https:\/\/vieassociative.be\/actualites\/wp-content\/uploads\/2025\/03\/Ce-nest-pas-seulement-toi-YouTube-ressemble-a-de-la.png\",\"contentUrl\":\"https:\/\/vieassociative.be\/actualites\/wp-content\/uploads\/2025\/03\/Ce-nest-pas-seulement-toi-YouTube-ressemble-a-de-la.png\",\"width\":1200,\"height\":675,\"caption\":\"Ce n'est pas seulement toi, YouTube ressemble \u00e0 de la merde en ce moment\"},{\"@type\":\"BreadcrumbList\",\"@id\":\"https:\/\/vieassociative.be\/actualites\/ce-nest-pas-seulement-toi-youtube-ressemble-a-de-la-merde-en-ce-moment\/#breadcrumb\",\"itemListElement\":[{\"@type\":\"ListItem\",\"position\":1,\"name\":\"Accueil\",\"item\":\"https:\/\/vieassociative.be\/actualites\/\"},{\"@type\":\"ListItem\",\"position\":2,\"name\":\"Ce n&rsquo;est pas seulement toi, YouTube ressemble \u00e0 de la merde en ce moment\"}]},{\"@type\":\"WebSite\",\"@id\":\"https:\/\/vieassociative.be\/actualites\/#website\",\"url\":\"https:\/\/vieassociative.be\/actualites\/\",\"name\":\"Vie Associative\",\"description\":\"\",\"publisher\":{\"@id\":\"https:\/\/vieassociative.be\/actualites\/#organization\"},\"potentialAction\":[{\"@type\":\"SearchAction\",\"target\":{\"@type\":\"EntryPoint\",\"urlTemplate\":\"https:\/\/vieassociative.be\/actualites\/?s={search_term_string}\"},\"query-input\":{\"@type\":\"PropertyValueSpecification\",\"valueRequired\":true,\"valueName\":\"search_term_string\"}}],\"inLanguage\":\"fr-BE\"},{\"@type\":\"Organization\",\"@id\":\"https:\/\/vieassociative.be\/actualites\/#organization\",\"name\":\"Vie Associative\",\"url\":\"https:\/\/vieassociative.be\/actualites\/\",\"logo\":{\"@type\":\"ImageObject\",\"inLanguage\":\"fr-BE\",\"@id\":\"https:\/\/vieassociative.be\/actualites\/#\/schema\/logo\/image\/\",\"url\":\"https:\/\/vieassociative.be\/actualites\/wp-content\/uploads\/2024\/09\/cropped-vieassociative_favicon.ico.png\",\"contentUrl\":\"https:\/\/vieassociative.be\/actualites\/wp-content\/uploads\/2024\/09\/cropped-vieassociative_favicon.ico.png\",\"width\":512,\"height\":512,\"caption\":\"Vie Associative\"},\"image\":{\"@id\":\"https:\/\/vieassociative.be\/actualites\/#\/schema\/logo\/image\/\"}},{\"@type\":\"Person\",\"@id\":\"https:\/\/vieassociative.be\/actualites\/#\/schema\/person\/b87ac4f82f9d4e7b7cec7395b679edc4\",\"name\":\"Julien\",\"image\":{\"@type\":\"ImageObject\",\"inLanguage\":\"fr-BE\",\"@id\":\"https:\/\/vieassociative.be\/actualites\/#\/schema\/person\/image\/\",\"url\":\"https:\/\/vieassociative.be\/actualites\/wp-content\/uploads\/2024\/09\/vie-associative-1-150x150.jpg\",\"contentUrl\":\"https:\/\/vieassociative.be\/actualites\/wp-content\/uploads\/2024\/09\/vie-associative-1-150x150.jpg\",\"caption\":\"Julien\"},\"description\":\"Je suis Julien, r\u00e9dacteur pour Vie Associative. Passionn\u00e9 par le monde associatif depuis plus de 10 ans, j'ai \u00e0 c\u0153ur de partager des histoires inspirantes et de mettre en lumi\u00e8re les initiatives locales. Mon objectif est de sensibiliser et d'encourager l'engagement communautaire \u00e0 travers mes articles.\",\"sameAs\":[\"https:\/\/vieassociative.be\/\"]}]}<\/script>\n<!-- \/ Yoast SEO plugin. -->","yoast_head_json":{"title":"Ce n'est pas seulement toi, YouTube ressemble \u00e0 de la merde en ce moment | Vie Associative","robots":{"index":"index","follow":"follow","max-snippet":"max-snippet:-1","max-image-preview":"max-image-preview:large","max-video-preview":"max-video-preview:-1"},"canonical":"https:\/\/vieassociative.be\/actualites\/ce-nest-pas-seulement-toi-youtube-ressemble-a-de-la-merde-en-ce-moment\/","og_locale":"fr_FR","og_type":"article","og_title":"Ce n'est pas seulement toi, YouTube ressemble \u00e0 de la merde en ce moment | Vie Associative","og_description":"Ne bl\u00e2mez pas votre Internet. Google a des probl\u00e8mes. Habituellement, vous pouvez bl\u00e2mer un flux vid\u00e9o de basse qualit\u00e9 sur un ralentissement de la bande","og_url":"https:\/\/vieassociative.be\/actualites\/ce-nest-pas-seulement-toi-youtube-ressemble-a-de-la-merde-en-ce-moment\/","og_site_name":"Vie Associative","article_published_time":"2025-03-20T19:19:04+00:00","og_image":[{"width":279,"height":92,"url":"https:\/\/vieassociative.be\/actualites\/wp-content\/uploads\/2024\/09\/header_backgroundk-01-e1726694325946.png","type":"image\/png"}],"author":"Julien","twitter_card":"summary_large_image","twitter_misc":{"\u00c9crit par":"Julien","Dur\u00e9e de lecture est.":"3 minutes"},"schema":{"@context":"https:\/\/schema.org","@graph":[{"@type":"Article","@id":"https:\/\/vieassociative.be\/actualites\/ce-nest-pas-seulement-toi-youtube-ressemble-a-de-la-merde-en-ce-moment\/#article","isPartOf":{"@id":"https:\/\/vieassociative.be\/actualites\/ce-nest-pas-seulement-toi-youtube-ressemble-a-de-la-merde-en-ce-moment\/"},"author":{"name":"Julien","@id":"https:\/\/vieassociative.be\/actualites\/#\/schema\/person\/b87ac4f82f9d4e7b7cec7395b679edc4"},"headline":"Ce n&rsquo;est pas seulement toi, YouTube ressemble \u00e0 de la merde en ce moment","datePublished":"2025-03-20T19:19:04+00:00","dateModified":"2025-03-20T19:19:04+00:00","mainEntityOfPage":{"@id":"https:\/\/vieassociative.be\/actualites\/ce-nest-pas-seulement-toi-youtube-ressemble-a-de-la-merde-en-ce-moment\/"},"wordCount":606,"publisher":{"@id":"https:\/\/vieassociative.be\/actualites\/#organization"},"image":{"@id":"https:\/\/vieassociative.be\/actualites\/ce-nest-pas-seulement-toi-youtube-ressemble-a-de-la-merde-en-ce-moment\/#primaryimage"},"thumbnailUrl":"https:\/\/vieassociative.be\/actualites\/wp-content\/uploads\/2025\/03\/Ce-nest-pas-seulement-toi-YouTube-ressemble-a-de-la.png","keywords":["merde","moment","nest","pas","ressemble","seulement","toi","YouTube"],"articleSection":["Technologie"],"inLanguage":"fr-BE"},{"@type":"WebPage","@id":"https:\/\/vieassociative.be\/actualites\/ce-nest-pas-seulement-toi-youtube-ressemble-a-de-la-merde-en-ce-moment\/","url":"https:\/\/vieassociative.be\/actualites\/ce-nest-pas-seulement-toi-youtube-ressemble-a-de-la-merde-en-ce-moment\/","name":"Ce n'est pas seulement toi, YouTube ressemble \u00e0 de la merde en ce moment | Vie Associative","isPartOf":{"@id":"https:\/\/vieassociative.be\/actualites\/#website"},"primaryImageOfPage":{"@id":"https:\/\/vieassociative.be\/actualites\/ce-nest-pas-seulement-toi-youtube-ressemble-a-de-la-merde-en-ce-moment\/#primaryimage"},"image":{"@id":"https:\/\/vieassociative.be\/actualites\/ce-nest-pas-seulement-toi-youtube-ressemble-a-de-la-merde-en-ce-moment\/#primaryimage"},"thumbnailUrl":"https:\/\/vieassociative.be\/actualites\/wp-content\/uploads\/2025\/03\/Ce-nest-pas-seulement-toi-YouTube-ressemble-a-de-la.png","datePublished":"2025-03-20T19:19:04+00:00","dateModified":"2025-03-20T19:19:04+00:00","breadcrumb":{"@id":"https:\/\/vieassociative.be\/actualites\/ce-nest-pas-seulement-toi-youtube-ressemble-a-de-la-merde-en-ce-moment\/#breadcrumb"},"inLanguage":"fr-BE","potentialAction":[{"@type":"ReadAction","target":["https:\/\/vieassociative.be\/actualites\/ce-nest-pas-seulement-toi-youtube-ressemble-a-de-la-merde-en-ce-moment\/"]}]},{"@type":"ImageObject","inLanguage":"fr-BE","@id":"https:\/\/vieassociative.be\/actualites\/ce-nest-pas-seulement-toi-youtube-ressemble-a-de-la-merde-en-ce-moment\/#primaryimage","url":"https:\/\/vieassociative.be\/actualites\/wp-content\/uploads\/2025\/03\/Ce-nest-pas-seulement-toi-YouTube-ressemble-a-de-la.png","contentUrl":"https:\/\/vieassociative.be\/actualites\/wp-content\/uploads\/2025\/03\/Ce-nest-pas-seulement-toi-YouTube-ressemble-a-de-la.png","width":1200,"height":675,"caption":"Ce n'est pas seulement toi, YouTube ressemble \u00e0 de la merde en ce moment"},{"@type":"BreadcrumbList","@id":"https:\/\/vieassociative.be\/actualites\/ce-nest-pas-seulement-toi-youtube-ressemble-a-de-la-merde-en-ce-moment\/#breadcrumb","itemListElement":[{"@type":"ListItem","position":1,"name":"Accueil","item":"https:\/\/vieassociative.be\/actualites\/"},{"@type":"ListItem","position":2,"name":"Ce n&rsquo;est pas seulement toi, YouTube ressemble \u00e0 de la merde en ce moment"}]},{"@type":"WebSite","@id":"https:\/\/vieassociative.be\/actualites\/#website","url":"https:\/\/vieassociative.be\/actualites\/","name":"Vie Associative","description":"","publisher":{"@id":"https:\/\/vieassociative.be\/actualites\/#organization"},"potentialAction":[{"@type":"SearchAction","target":{"@type":"EntryPoint","urlTemplate":"https:\/\/vieassociative.be\/actualites\/?s={search_term_string}"},"query-input":{"@type":"PropertyValueSpecification","valueRequired":true,"valueName":"search_term_string"}}],"inLanguage":"fr-BE"},{"@type":"Organization","@id":"https:\/\/vieassociative.be\/actualites\/#organization","name":"Vie Associative","url":"https:\/\/vieassociative.be\/actualites\/","logo":{"@type":"ImageObject","inLanguage":"fr-BE","@id":"https:\/\/vieassociative.be\/actualites\/#\/schema\/logo\/image\/","url":"https:\/\/vieassociative.be\/actualites\/wp-content\/uploads\/2024\/09\/cropped-vieassociative_favicon.ico.png","contentUrl":"https:\/\/vieassociative.be\/actualites\/wp-content\/uploads\/2024\/09\/cropped-vieassociative_favicon.ico.png","width":512,"height":512,"caption":"Vie Associative"},"image":{"@id":"https:\/\/vieassociative.be\/actualites\/#\/schema\/logo\/image\/"}},{"@type":"Person","@id":"https:\/\/vieassociative.be\/actualites\/#\/schema\/person\/b87ac4f82f9d4e7b7cec7395b679edc4","name":"Julien","image":{"@type":"ImageObject","inLanguage":"fr-BE","@id":"https:\/\/vieassociative.be\/actualites\/#\/schema\/person\/image\/","url":"https:\/\/vieassociative.be\/actualites\/wp-content\/uploads\/2024\/09\/vie-associative-1-150x150.jpg","contentUrl":"https:\/\/vieassociative.be\/actualites\/wp-content\/uploads\/2024\/09\/vie-associative-1-150x150.jpg","caption":"Julien"},"description":"Je suis Julien, r\u00e9dacteur pour Vie Associative. Passionn\u00e9 par le monde associatif depuis plus de 10 ans, j'ai \u00e0 c\u0153ur de partager des histoires inspirantes et de mettre en lumi\u00e8re les initiatives locales. Mon objectif est de sensibiliser et d'encourager l'engagement communautaire \u00e0 travers mes articles.","sameAs":["https:\/\/vieassociative.be\/"]}]}},"_links":{"self":[{"href":"https:\/\/vieassociative.be\/actualites\/wp-json\/wp\/v2\/posts\/6023"}],"collection":[{"href":"https:\/\/vieassociative.be\/actualites\/wp-json\/wp\/v2\/posts"}],"about":[{"href":"https:\/\/vieassociative.be\/actualites\/wp-json\/wp\/v2\/types\/post"}],"author":[{"embeddable":true,"href":"https:\/\/vieassociative.be\/actualites\/wp-json\/wp\/v2\/users\/1"}],"replies":[{"embeddable":true,"href":"https:\/\/vieassociative.be\/actualites\/wp-json\/wp\/v2\/comments?post=6023"}],"version-history":[{"count":0,"href":"https:\/\/vieassociative.be\/actualites\/wp-json\/wp\/v2\/posts\/6023\/revisions"}],"wp:featuredmedia":[{"embeddable":true,"href":"https:\/\/vieassociative.be\/actualites\/wp-json\/wp\/v2\/media\/6024"}],"wp:attachment":[{"href":"https:\/\/vieassociative.be\/actualites\/wp-json\/wp\/v2\/media?parent=6023"}],"wp:term":[{"taxonomy":"category","embeddable":true,"href":"https:\/\/vieassociative.be\/actualites\/wp-json\/wp\/v2\/categories?post=6023"},{"taxonomy":"post_tag","embeddable":true,"href":"https:\/\/vieassociative.be\/actualites\/wp-json\/wp\/v2\/tags?post=6023"}],"curies":[{"name":"wp","href":"https:\/\/api.w.org\/{rel}","templated":true}]}}