{"id":602,"date":"2024-09-28T08:21:07","date_gmt":"2024-09-28T06:21:07","guid":{"rendered":"https:\/\/vieassociative.be\/actualites\/comment-reagir-lorsque-votre-enfant-vous-blesse\/"},"modified":"2024-09-28T08:21:07","modified_gmt":"2024-09-28T06:21:07","slug":"comment-reagir-lorsque-votre-enfant-vous-blesse","status":"publish","type":"post","link":"https:\/\/vieassociative.be\/actualites\/comment-reagir-lorsque-votre-enfant-vous-blesse\/","title":{"rendered":"Comment r\u00e9agir lorsque votre enfant vous blesse"},"content":{"rendered":"<div class=\"mt-4 leading-6 md:mb-8\">Voici comment garder votre sang-froid lorsque les br\u00fblures deviennent trop chaudes.<\/div>\n<p><\/p>\n<p>En mati\u00e8re d\u2019insultes, les enfants ont intensifi\u00e9 leur jeu. On peut bl\u00e2mer les r\u00e9seaux sociaux ou les styles parentaux plus d\u00e9licats, mais cette g\u00e9n\u00e9ration sait lancer de bonnes piques. Mais un grand pouvoir s\u2019accompagne de grandes responsabilit\u00e9s, et parfois, lorsque des enfants se moquent d\u2019un parent, nos sentiments peuvent \u00eatre bless\u00e9s.<\/p>\n<p>\u00ab\u00a0Quand (les enfants) apprennent qu&rsquo;ils peuvent dire ce qu&rsquo;ils veulent et que rien n&rsquo;en sort vraiment, \u00e0 l&rsquo;exception d&rsquo;une m\u00e8re qui leur dit de ne pas dire cela, ce n&rsquo;est pas assez grave pour changer de comportement\u00a0\u00bb, dit psychologue et co-auteur de <em>La ceinture noire sociale,<\/em><em> <\/em>Dr.<em> <\/em>Christophe Cortman.<\/p>\n<p>Alors comment <em>devrait<\/em> un parent r\u00e9agit-il lorsqu&rsquo;un enfant lui dit des choses d\u00e9chirantes ? <\/p>\n<h2 id=\"theyre-testing-your-limits-so-set-some\">Ils testent vos limites, alors fixez-en quelques-unes<\/h2>\n<p>M\u00eame si cela ne fait pas du bien lorsque vos enfants vous lancent des fouilles, cela montre qu&rsquo;ils sont sur la bonne voie en termes de d\u00e9veloppement. En grandissant, les enfants testent vos limites pour voir jusqu\u2019o\u00f9 ils peuvent aller. <\/p>\n<p>\u00ab\u00a0Il est important en tant que parents de fournir cette structure, car si vous ne le faites pas, ce n&rsquo;est pas dans leur int\u00e9r\u00eat\u00a0\u00bb, explique Cortman. \u00ab\u00a0Ce n&rsquo;est certainement pas dans le tien.\u00a0\u00bb<\/p>\n<p>Une autre chose que vous avez peut-\u00eatre remarqu\u00e9e chez vos jeunes est qu&rsquo;ils sont des observateurs avis\u00e9s, mais m\u00eame s&rsquo;ils savent lire la pi\u00e8ce, ils ne sont pas capables de tirer les bonnes conclusions sur ce qu&rsquo;ils observent. Par exemple, si un enfant voit son p\u00e8re plonger la t\u00eate la premi\u00e8re dans une piscine et que son postiche tombe, l&rsquo;enfant, ignorant que son p\u00e8re porte une perruque, peut conclure que plonger la t\u00eate la premi\u00e8re fera \u00e9galement tomber ses cheveux. <\/p>\n<p>\u00ab\u00a0Les enfants ne le savent pas tant qu&rsquo;on ne leur a pas appris\u00a0\u00bb, explique Cortman. \u00ab\u00a0C&rsquo;est \u00e0 nous de fournir une bonne formation pour ce qui est acceptable. Vous voulez leur donner exactement l&rsquo;aide dont ils ont besoin pour qu&rsquo;ils puissent en faire le plus possible par eux-m\u00eames.\u00a0\u00bb<\/p>\n<h2 id=\"sometimes-theyre-saying-it-because-theyre-hurting\">Parfois, ils le disent parce qu&rsquo;ils souffrent<\/h2>\n<p>Un enfant sait que la meilleure fa\u00e7on de vous blesser est de dire qu\u2019il vous d\u00e9teste. Cortman dit que ce que votre enfant essaie vraiment de dire, c&rsquo;est qu&rsquo;il d\u00e9teste ce qu&rsquo;il ressent en ce moment et qu&rsquo;il souffre beaucoup. En fait, ils ne vous d\u00e9testent pas. Respirez profond\u00e9ment et profitez de l&rsquo;occasion pour discuter de ce qu&rsquo;ils vivent. <\/p>\n<p>\u00ab\u00a0Assurez-vous que votre discipline est raisonnable\u00a0\u00bb, explique Cortman. \u00ab\u00a0Rendez toujours les choses justes. Cela permet \u00e0 votre enfant de dire : &lsquo;Oui, c&rsquo;est une cons\u00e9quence naturelle de ce que j&rsquo;ai fait.&rsquo; Il ne faut pas avoir l&rsquo;impression de les frapper avec un pistolet \u00e0 \u00e9l\u00e9phant alors qu&rsquo;il ne s&rsquo;agit que d&rsquo;une piq\u00fbre de moustique.\u00a0\u00bb<\/p>\n<h2 id=\"remember-that-youll-get-what-you-give-and-vice-versa\">N&rsquo;oubliez pas que vous obtiendrez ce que vous donnez, et vice versa<\/h2>\n<p>Les familles se connaissent mieux, et cette familiarit\u00e9 peut donner lieu \u00e0 une blague ou deux aux d\u00e9pens de quelqu&rsquo;un d&rsquo;autre. Cortman ne pense pas que cela donne le mauvais exemple aux enfants, mais cela peut les familiariser avec une construction sociale tacite.<\/p>\n<p>\u00ab\u00a0Vous feriez mieux de vous attendre \u00e0 ce qu&rsquo;ils vous r\u00e9pondent\u00a0\u00bb, ajoute-t-il.<\/p>\n<h2 id=\"tell-them-how-you-feel\">Dis-leur ce que tu ressens<\/h2>\n<p>Nous voulons apprendre \u00e0 nos enfants \u00e0 \u00eatre ouverts \u00e0 leurs \u00e9motions. Cependant, s\u2019ils vous blessent avec une ou deux insultes et que vous gardez ces sentiments pour vous, vous ne donnez pas le bon exemple. Non seulement vous manquez une occasion de communiquer avec eux, mais ils ignorent \u00e9galement les cons\u00e9quences de leurs actes.  <\/p>\n<p>\u00ab\u00a0Si vous montrez que vous \u00eates \u00e0 l&rsquo;\u00e9preuve des balles, vous ne leur apprenez pas de bonnes choses\u00a0\u00bb, dit Cortman. \u00ab\u00a0Alors ils vont juste monter la barre.\u00a0\u00bb<\/p>\n<p>Vous pouvez \u00e9galement partager des exemples pass\u00e9s de moments o\u00f9 leurs sentiments ont \u00e9t\u00e9 bless\u00e9s par quelqu&rsquo;un d&rsquo;autre afin qu&rsquo;ils puissent se rappeler \u00e0 quoi cela ressemble. (\u00ab\u00a0Vous souvenez-vous de cette fois o\u00f9&#8230; ? Cela ne faisait pas du bien, n&rsquo;est-ce pas ?\u00a0\u00bb) Cela peut aider ils d\u00e9veloppent de l\u2019empathie envers les autres. Plus important encore, gardez les lignes de communication ouvertes malgr\u00e9 vos sentiments afin que vos enfants ne remplissent aucun blanc et n&rsquo;imaginent pas le pire. Votre enfant n&rsquo;avait probablement pas l&rsquo;intention de vous faire du mal.<\/p>\n<h2 id=\"believe-it-or-not-theyre-saying-it-because-they-care\">Croyez-le ou non, ils le disent parce qu&rsquo;ils s&rsquo;en soucient<\/h2>\n<p>Parfois, les enfants peuvent aller droit au but avec une critique acerbe. Peut-\u00eatre pensent-ils que vous buvez trop de bi\u00e8re ou de soda, ou s&rsquo;inqui\u00e8tent-ils de votre poids ou de votre habitude de fumer. N&rsquo;oubliez pas qu&rsquo;ils disent ces choses parce qu&rsquo;ils s&rsquo;inqui\u00e8tent pour vous, pas pour vous blesser. <\/p>\n<p>Cependant, si vous vous inqui\u00e9tez de la fa\u00e7on dont quelqu&rsquo;un d&rsquo;autre pourrait prendre en compte ses critiques, Cortman recommande de lui apprendre \u00e0 conna\u00eetre son public. Montrez aux enfants qu\u2019il faut commencer par faire preuve de gentillesse afin que le destinataire comprenne l\u2019intention derri\u00e8re ce qu\u2019il a \u00e0 dire. Commencez par : \u00ab Je t&rsquo;aime tellement et je ne voudrais jamais que quelque chose t&rsquo;arrive, et je m&rsquo;inqui\u00e8te de\u2026 \u00bb Cela donnera le ton pour ce qui va suivre.<\/p>\n","protected":false},"excerpt":{"rendered":"<p>Voici comment garder votre sang-froid lorsque les br\u00fblures deviennent trop chaudes. En mati\u00e8re d\u2019insultes, les enfants ont intensifi\u00e9 leur jeu. On peut bl\u00e2mer les r\u00e9seaux<\/p>\n","protected":false},"author":1,"featured_media":603,"comment_status":"","ping_status":"","sticky":false,"template":"","format":"standard","meta":{"footnotes":""},"categories":[37],"tags":[981,44,295,559,980,8,4],"class_list":["post-602","post","type-post","status-publish","format-standard","has-post-thumbnail","hentry","category-famille","tag-blesse","tag-comment","tag-enfant","tag-lorsque","tag-reagir","tag-votre","tag-vous","generate-columns","tablet-grid-50","mobile-grid-100","grid-parent","grid-33"],"yoast_head":"<!-- This site is optimized with the Yoast SEO plugin v24.0 - https:\/\/yoast.com\/wordpress\/plugins\/seo\/ -->\n<title>Comment r\u00e9agir lorsque votre enfant vous blesse | Vie Associative<\/title>\n<meta name=\"robots\" content=\"index, follow, max-snippet:-1, max-image-preview:large, max-video-preview:-1\" \/>\n<link rel=\"canonical\" href=\"https:\/\/vieassociative.be\/actualites\/comment-reagir-lorsque-votre-enfant-vous-blesse\/\" \/>\n<meta property=\"og:locale\" content=\"fr_FR\" \/>\n<meta property=\"og:type\" content=\"article\" \/>\n<meta property=\"og:title\" content=\"Comment r\u00e9agir lorsque votre enfant vous blesse | Vie Associative\" \/>\n<meta property=\"og:description\" content=\"Voici comment garder votre sang-froid lorsque les br\u00fblures deviennent trop chaudes. En mati\u00e8re d\u2019insultes, les enfants ont intensifi\u00e9 leur jeu. On peut bl\u00e2mer les r\u00e9seaux\" \/>\n<meta property=\"og:url\" content=\"https:\/\/vieassociative.be\/actualites\/comment-reagir-lorsque-votre-enfant-vous-blesse\/\" \/>\n<meta property=\"og:site_name\" content=\"Vie Associative\" \/>\n<meta property=\"article:published_time\" content=\"2024-09-28T06:21:07+00:00\" \/>\n<meta property=\"og:image\" content=\"https:\/\/vieassociative.be\/actualites\/wp-content\/uploads\/2024\/09\/header_backgroundk-01-e1726694325946.png\" \/>\n\t<meta property=\"og:image:width\" content=\"279\" \/>\n\t<meta property=\"og:image:height\" content=\"92\" \/>\n\t<meta property=\"og:image:type\" content=\"image\/png\" \/>\n<meta name=\"author\" content=\"Julien\" \/>\n<meta name=\"twitter:card\" content=\"summary_large_image\" \/>\n<meta name=\"twitter:label1\" content=\"\u00c9crit par\" \/>\n\t<meta name=\"twitter:data1\" content=\"Julien\" \/>\n\t<meta name=\"twitter:label2\" content=\"Dur\u00e9e de lecture est.\" \/>\n\t<meta name=\"twitter:data2\" content=\"4 minutes\" \/>\n<script type=\"application\/ld+json\" class=\"yoast-schema-graph\">{\"@context\":\"https:\/\/schema.org\",\"@graph\":[{\"@type\":\"Article\",\"@id\":\"https:\/\/vieassociative.be\/actualites\/comment-reagir-lorsque-votre-enfant-vous-blesse\/#article\",\"isPartOf\":{\"@id\":\"https:\/\/vieassociative.be\/actualites\/comment-reagir-lorsque-votre-enfant-vous-blesse\/\"},\"author\":{\"name\":\"Julien\",\"@id\":\"https:\/\/vieassociative.be\/actualites\/#\/schema\/person\/b87ac4f82f9d4e7b7cec7395b679edc4\"},\"headline\":\"Comment r\u00e9agir lorsque votre enfant vous blesse\",\"datePublished\":\"2024-09-28T06:21:07+00:00\",\"dateModified\":\"2024-09-28T06:21:07+00:00\",\"mainEntityOfPage\":{\"@id\":\"https:\/\/vieassociative.be\/actualites\/comment-reagir-lorsque-votre-enfant-vous-blesse\/\"},\"wordCount\":938,\"publisher\":{\"@id\":\"https:\/\/vieassociative.be\/actualites\/#organization\"},\"image\":{\"@id\":\"https:\/\/vieassociative.be\/actualites\/comment-reagir-lorsque-votre-enfant-vous-blesse\/#primaryimage\"},\"thumbnailUrl\":\"https:\/\/vieassociative.be\/actualites\/wp-content\/uploads\/2024\/09\/Comment-reagir-lorsque-votre-enfant-vous-blesse.png\",\"keywords\":[\"blesse\",\"Comment\",\"enfant\",\"lorsque\",\"r\u00e9agir\",\"votre\",\"Vous\"],\"articleSection\":[\"Famille\"],\"inLanguage\":\"fr-BE\"},{\"@type\":\"WebPage\",\"@id\":\"https:\/\/vieassociative.be\/actualites\/comment-reagir-lorsque-votre-enfant-vous-blesse\/\",\"url\":\"https:\/\/vieassociative.be\/actualites\/comment-reagir-lorsque-votre-enfant-vous-blesse\/\",\"name\":\"Comment r\u00e9agir lorsque votre enfant vous blesse | Vie Associative\",\"isPartOf\":{\"@id\":\"https:\/\/vieassociative.be\/actualites\/#website\"},\"primaryImageOfPage\":{\"@id\":\"https:\/\/vieassociative.be\/actualites\/comment-reagir-lorsque-votre-enfant-vous-blesse\/#primaryimage\"},\"image\":{\"@id\":\"https:\/\/vieassociative.be\/actualites\/comment-reagir-lorsque-votre-enfant-vous-blesse\/#primaryimage\"},\"thumbnailUrl\":\"https:\/\/vieassociative.be\/actualites\/wp-content\/uploads\/2024\/09\/Comment-reagir-lorsque-votre-enfant-vous-blesse.png\",\"datePublished\":\"2024-09-28T06:21:07+00:00\",\"dateModified\":\"2024-09-28T06:21:07+00:00\",\"breadcrumb\":{\"@id\":\"https:\/\/vieassociative.be\/actualites\/comment-reagir-lorsque-votre-enfant-vous-blesse\/#breadcrumb\"},\"inLanguage\":\"fr-BE\",\"potentialAction\":[{\"@type\":\"ReadAction\",\"target\":[\"https:\/\/vieassociative.be\/actualites\/comment-reagir-lorsque-votre-enfant-vous-blesse\/\"]}]},{\"@type\":\"ImageObject\",\"inLanguage\":\"fr-BE\",\"@id\":\"https:\/\/vieassociative.be\/actualites\/comment-reagir-lorsque-votre-enfant-vous-blesse\/#primaryimage\",\"url\":\"https:\/\/vieassociative.be\/actualites\/wp-content\/uploads\/2024\/09\/Comment-reagir-lorsque-votre-enfant-vous-blesse.png\",\"contentUrl\":\"https:\/\/vieassociative.be\/actualites\/wp-content\/uploads\/2024\/09\/Comment-reagir-lorsque-votre-enfant-vous-blesse.png\",\"width\":1200,\"height\":675,\"caption\":\"Comment r\u00e9agir lorsque votre enfant vous blesse\"},{\"@type\":\"BreadcrumbList\",\"@id\":\"https:\/\/vieassociative.be\/actualites\/comment-reagir-lorsque-votre-enfant-vous-blesse\/#breadcrumb\",\"itemListElement\":[{\"@type\":\"ListItem\",\"position\":1,\"name\":\"Accueil\",\"item\":\"https:\/\/vieassociative.be\/actualites\/\"},{\"@type\":\"ListItem\",\"position\":2,\"name\":\"Comment r\u00e9agir lorsque votre enfant vous blesse\"}]},{\"@type\":\"WebSite\",\"@id\":\"https:\/\/vieassociative.be\/actualites\/#website\",\"url\":\"https:\/\/vieassociative.be\/actualites\/\",\"name\":\"Vie Associative\",\"description\":\"\",\"publisher\":{\"@id\":\"https:\/\/vieassociative.be\/actualites\/#organization\"},\"potentialAction\":[{\"@type\":\"SearchAction\",\"target\":{\"@type\":\"EntryPoint\",\"urlTemplate\":\"https:\/\/vieassociative.be\/actualites\/?s={search_term_string}\"},\"query-input\":{\"@type\":\"PropertyValueSpecification\",\"valueRequired\":true,\"valueName\":\"search_term_string\"}}],\"inLanguage\":\"fr-BE\"},{\"@type\":\"Organization\",\"@id\":\"https:\/\/vieassociative.be\/actualites\/#organization\",\"name\":\"Vie Associative\",\"url\":\"https:\/\/vieassociative.be\/actualites\/\",\"logo\":{\"@type\":\"ImageObject\",\"inLanguage\":\"fr-BE\",\"@id\":\"https:\/\/vieassociative.be\/actualites\/#\/schema\/logo\/image\/\",\"url\":\"https:\/\/vieassociative.be\/actualites\/wp-content\/uploads\/2024\/09\/cropped-vieassociative_favicon.ico.png\",\"contentUrl\":\"https:\/\/vieassociative.be\/actualites\/wp-content\/uploads\/2024\/09\/cropped-vieassociative_favicon.ico.png\",\"width\":512,\"height\":512,\"caption\":\"Vie Associative\"},\"image\":{\"@id\":\"https:\/\/vieassociative.be\/actualites\/#\/schema\/logo\/image\/\"}},{\"@type\":\"Person\",\"@id\":\"https:\/\/vieassociative.be\/actualites\/#\/schema\/person\/b87ac4f82f9d4e7b7cec7395b679edc4\",\"name\":\"Julien\",\"image\":{\"@type\":\"ImageObject\",\"inLanguage\":\"fr-BE\",\"@id\":\"https:\/\/vieassociative.be\/actualites\/#\/schema\/person\/image\/\",\"url\":\"https:\/\/vieassociative.be\/actualites\/wp-content\/uploads\/2024\/09\/vie-associative-1-150x150.jpg\",\"contentUrl\":\"https:\/\/vieassociative.be\/actualites\/wp-content\/uploads\/2024\/09\/vie-associative-1-150x150.jpg\",\"caption\":\"Julien\"},\"description\":\"Je suis Julien, r\u00e9dacteur pour Vie Associative. Passionn\u00e9 par le monde associatif depuis plus de 10 ans, j'ai \u00e0 c\u0153ur de partager des histoires inspirantes et de mettre en lumi\u00e8re les initiatives locales. Mon objectif est de sensibiliser et d'encourager l'engagement communautaire \u00e0 travers mes articles.\",\"sameAs\":[\"https:\/\/vieassociative.be\/\"]}]}<\/script>\n<!-- \/ Yoast SEO plugin. -->","yoast_head_json":{"title":"Comment r\u00e9agir lorsque votre enfant vous blesse | Vie Associative","robots":{"index":"index","follow":"follow","max-snippet":"max-snippet:-1","max-image-preview":"max-image-preview:large","max-video-preview":"max-video-preview:-1"},"canonical":"https:\/\/vieassociative.be\/actualites\/comment-reagir-lorsque-votre-enfant-vous-blesse\/","og_locale":"fr_FR","og_type":"article","og_title":"Comment r\u00e9agir lorsque votre enfant vous blesse | Vie Associative","og_description":"Voici comment garder votre sang-froid lorsque les br\u00fblures deviennent trop chaudes. En mati\u00e8re d\u2019insultes, les enfants ont intensifi\u00e9 leur jeu. On peut bl\u00e2mer les r\u00e9seaux","og_url":"https:\/\/vieassociative.be\/actualites\/comment-reagir-lorsque-votre-enfant-vous-blesse\/","og_site_name":"Vie Associative","article_published_time":"2024-09-28T06:21:07+00:00","og_image":[{"width":279,"height":92,"url":"https:\/\/vieassociative.be\/actualites\/wp-content\/uploads\/2024\/09\/header_backgroundk-01-e1726694325946.png","type":"image\/png"}],"author":"Julien","twitter_card":"summary_large_image","twitter_misc":{"\u00c9crit par":"Julien","Dur\u00e9e de lecture est.":"4 minutes"},"schema":{"@context":"https:\/\/schema.org","@graph":[{"@type":"Article","@id":"https:\/\/vieassociative.be\/actualites\/comment-reagir-lorsque-votre-enfant-vous-blesse\/#article","isPartOf":{"@id":"https:\/\/vieassociative.be\/actualites\/comment-reagir-lorsque-votre-enfant-vous-blesse\/"},"author":{"name":"Julien","@id":"https:\/\/vieassociative.be\/actualites\/#\/schema\/person\/b87ac4f82f9d4e7b7cec7395b679edc4"},"headline":"Comment r\u00e9agir lorsque votre enfant vous blesse","datePublished":"2024-09-28T06:21:07+00:00","dateModified":"2024-09-28T06:21:07+00:00","mainEntityOfPage":{"@id":"https:\/\/vieassociative.be\/actualites\/comment-reagir-lorsque-votre-enfant-vous-blesse\/"},"wordCount":938,"publisher":{"@id":"https:\/\/vieassociative.be\/actualites\/#organization"},"image":{"@id":"https:\/\/vieassociative.be\/actualites\/comment-reagir-lorsque-votre-enfant-vous-blesse\/#primaryimage"},"thumbnailUrl":"https:\/\/vieassociative.be\/actualites\/wp-content\/uploads\/2024\/09\/Comment-reagir-lorsque-votre-enfant-vous-blesse.png","keywords":["blesse","Comment","enfant","lorsque","r\u00e9agir","votre","Vous"],"articleSection":["Famille"],"inLanguage":"fr-BE"},{"@type":"WebPage","@id":"https:\/\/vieassociative.be\/actualites\/comment-reagir-lorsque-votre-enfant-vous-blesse\/","url":"https:\/\/vieassociative.be\/actualites\/comment-reagir-lorsque-votre-enfant-vous-blesse\/","name":"Comment r\u00e9agir lorsque votre enfant vous blesse | Vie Associative","isPartOf":{"@id":"https:\/\/vieassociative.be\/actualites\/#website"},"primaryImageOfPage":{"@id":"https:\/\/vieassociative.be\/actualites\/comment-reagir-lorsque-votre-enfant-vous-blesse\/#primaryimage"},"image":{"@id":"https:\/\/vieassociative.be\/actualites\/comment-reagir-lorsque-votre-enfant-vous-blesse\/#primaryimage"},"thumbnailUrl":"https:\/\/vieassociative.be\/actualites\/wp-content\/uploads\/2024\/09\/Comment-reagir-lorsque-votre-enfant-vous-blesse.png","datePublished":"2024-09-28T06:21:07+00:00","dateModified":"2024-09-28T06:21:07+00:00","breadcrumb":{"@id":"https:\/\/vieassociative.be\/actualites\/comment-reagir-lorsque-votre-enfant-vous-blesse\/#breadcrumb"},"inLanguage":"fr-BE","potentialAction":[{"@type":"ReadAction","target":["https:\/\/vieassociative.be\/actualites\/comment-reagir-lorsque-votre-enfant-vous-blesse\/"]}]},{"@type":"ImageObject","inLanguage":"fr-BE","@id":"https:\/\/vieassociative.be\/actualites\/comment-reagir-lorsque-votre-enfant-vous-blesse\/#primaryimage","url":"https:\/\/vieassociative.be\/actualites\/wp-content\/uploads\/2024\/09\/Comment-reagir-lorsque-votre-enfant-vous-blesse.png","contentUrl":"https:\/\/vieassociative.be\/actualites\/wp-content\/uploads\/2024\/09\/Comment-reagir-lorsque-votre-enfant-vous-blesse.png","width":1200,"height":675,"caption":"Comment r\u00e9agir lorsque votre enfant vous blesse"},{"@type":"BreadcrumbList","@id":"https:\/\/vieassociative.be\/actualites\/comment-reagir-lorsque-votre-enfant-vous-blesse\/#breadcrumb","itemListElement":[{"@type":"ListItem","position":1,"name":"Accueil","item":"https:\/\/vieassociative.be\/actualites\/"},{"@type":"ListItem","position":2,"name":"Comment r\u00e9agir lorsque votre enfant vous blesse"}]},{"@type":"WebSite","@id":"https:\/\/vieassociative.be\/actualites\/#website","url":"https:\/\/vieassociative.be\/actualites\/","name":"Vie Associative","description":"","publisher":{"@id":"https:\/\/vieassociative.be\/actualites\/#organization"},"potentialAction":[{"@type":"SearchAction","target":{"@type":"EntryPoint","urlTemplate":"https:\/\/vieassociative.be\/actualites\/?s={search_term_string}"},"query-input":{"@type":"PropertyValueSpecification","valueRequired":true,"valueName":"search_term_string"}}],"inLanguage":"fr-BE"},{"@type":"Organization","@id":"https:\/\/vieassociative.be\/actualites\/#organization","name":"Vie Associative","url":"https:\/\/vieassociative.be\/actualites\/","logo":{"@type":"ImageObject","inLanguage":"fr-BE","@id":"https:\/\/vieassociative.be\/actualites\/#\/schema\/logo\/image\/","url":"https:\/\/vieassociative.be\/actualites\/wp-content\/uploads\/2024\/09\/cropped-vieassociative_favicon.ico.png","contentUrl":"https:\/\/vieassociative.be\/actualites\/wp-content\/uploads\/2024\/09\/cropped-vieassociative_favicon.ico.png","width":512,"height":512,"caption":"Vie Associative"},"image":{"@id":"https:\/\/vieassociative.be\/actualites\/#\/schema\/logo\/image\/"}},{"@type":"Person","@id":"https:\/\/vieassociative.be\/actualites\/#\/schema\/person\/b87ac4f82f9d4e7b7cec7395b679edc4","name":"Julien","image":{"@type":"ImageObject","inLanguage":"fr-BE","@id":"https:\/\/vieassociative.be\/actualites\/#\/schema\/person\/image\/","url":"https:\/\/vieassociative.be\/actualites\/wp-content\/uploads\/2024\/09\/vie-associative-1-150x150.jpg","contentUrl":"https:\/\/vieassociative.be\/actualites\/wp-content\/uploads\/2024\/09\/vie-associative-1-150x150.jpg","caption":"Julien"},"description":"Je suis Julien, r\u00e9dacteur pour Vie Associative. Passionn\u00e9 par le monde associatif depuis plus de 10 ans, j'ai \u00e0 c\u0153ur de partager des histoires inspirantes et de mettre en lumi\u00e8re les initiatives locales. Mon objectif est de sensibiliser et d'encourager l'engagement communautaire \u00e0 travers mes articles.","sameAs":["https:\/\/vieassociative.be\/"]}]}},"_links":{"self":[{"href":"https:\/\/vieassociative.be\/actualites\/wp-json\/wp\/v2\/posts\/602"}],"collection":[{"href":"https:\/\/vieassociative.be\/actualites\/wp-json\/wp\/v2\/posts"}],"about":[{"href":"https:\/\/vieassociative.be\/actualites\/wp-json\/wp\/v2\/types\/post"}],"author":[{"embeddable":true,"href":"https:\/\/vieassociative.be\/actualites\/wp-json\/wp\/v2\/users\/1"}],"replies":[{"embeddable":true,"href":"https:\/\/vieassociative.be\/actualites\/wp-json\/wp\/v2\/comments?post=602"}],"version-history":[{"count":0,"href":"https:\/\/vieassociative.be\/actualites\/wp-json\/wp\/v2\/posts\/602\/revisions"}],"wp:featuredmedia":[{"embeddable":true,"href":"https:\/\/vieassociative.be\/actualites\/wp-json\/wp\/v2\/media\/603"}],"wp:attachment":[{"href":"https:\/\/vieassociative.be\/actualites\/wp-json\/wp\/v2\/media?parent=602"}],"wp:term":[{"taxonomy":"category","embeddable":true,"href":"https:\/\/vieassociative.be\/actualites\/wp-json\/wp\/v2\/categories?post=602"},{"taxonomy":"post_tag","embeddable":true,"href":"https:\/\/vieassociative.be\/actualites\/wp-json\/wp\/v2\/tags?post=602"}],"curies":[{"name":"wp","href":"https:\/\/api.w.org\/{rel}","templated":true}]}}