{"id":6011,"date":"2025-03-20T08:17:40","date_gmt":"2025-03-20T07:17:40","guid":{"rendered":"https:\/\/vieassociative.be\/actualites\/ce-que-les-offres-attendent-de-la-prochaine-vente-de-la-prochaine-semaine-de-spring-circle-de-target\/"},"modified":"2025-03-20T08:17:40","modified_gmt":"2025-03-20T07:17:40","slug":"ce-que-les-offres-attendent-de-la-prochaine-vente-de-la-prochaine-semaine-de-spring-circle-de-target","status":"publish","type":"post","link":"https:\/\/vieassociative.be\/actualites\/ce-que-les-offres-attendent-de-la-prochaine-vente-de-la-prochaine-semaine-de-spring-circle-de-target\/","title":{"rendered":"Ce que les offres attendent de la prochaine vente de la prochaine semaine de Spring Circle de Target"},"content":{"rendered":"<div class=\"mt-4 leading-6 md:mb-8\">Circle Week est la vente de premier ordre de Target, et son \u00e9dition de printemps arrivera bient\u00f4t.<\/div>\n<p><\/p>\n<p>Le printemps n&rsquo;a pas vraiment \u00e9t\u00e9 une saison de shopping en ligne, comparativement parlant: nous avons une journ\u00e9e de grande \u00e9coute pendant les premiers, le premier jour du noir d&rsquo;octobre et le vendredi noir \u00e0 l&rsquo;automne, et un tas de ventes de vacances pendant l&rsquo;hiver. Mais cela pourrait changer avec la r\u00e9cente vente de printemps en Amazon, dans sa deuxi\u00e8me ann\u00e9e. Target a d\u00e9cid\u00e9 de rivaliser pour votre argent avec un \u00e9v\u00e9nement Circle Week, \u00e0 venir plus tard ce mois-ci. <\/p>\n<h2 id=\"what-is-targets-circle-week\">Quelle est la semaine du cercle de Target?<\/h2>\n<p>Circle Week est le nom de Target pour sa plus grande vente, qui se produisait une fois par an mais, \u00e0 la grande consternation des travailleurs de Target, se produit maintenant plusieurs fois par an. Habituellement, vous en verrez un lorsque d&rsquo;autres grands d\u00e9taillants ont des \u00e9v\u00e9nements de grande vente, tout comme la premi\u00e8re journ\u00e9e de No\u00ebl ou d&rsquo;octobre.<\/p>\n<h2 id=\"when-is-circle-week\">Quand est la semaine du cercle?<\/h2>\n<p>Cette prochaine semaine du cercle sera du 23 mars au 29 mars. <\/p>\n<h2 id=\"do-you-need-to-be-a-member-to-shop-for-target-circle-week\">Avez-vous besoin d&rsquo;\u00eatre membre pour acheter la semaine Target Circle?<\/h2>\n<p>Contrairement \u00e0 la grande vente de printemps d&rsquo;Amazon, vous devrez \u00eatre un membre du cercle pour participer \u00e0 la vente, mais contrairement \u00e0 \u00eatre un membre privil\u00e9gi\u00e9, l&rsquo;adh\u00e9sion est gratuite. Vous pouvez vous inscrire sur l&rsquo;application Target ou Target.com.<\/p>\n<h2 id=\"what-deals-can-i-find-during-target-circle-week\">Quelles offres puis-je trouver pendant la semaine cible du cercle?<\/h2>\n<p>Principalement des articles de printemps, mais les cat\u00e9gories de vente incluent largement les v\u00eatements, les meubles de patio, les \u00e9l\u00e9ments essentiels de la maison, les produits de beaut\u00e9, les articles d&rsquo;\u00e9picerie, les jouets, les livres, les films et la musique. Vous pouvez faire du shopping en personne ou en ligne, et il y aura une \u00abaffaire de la journ\u00e9e\u00bb pour chaque jour de l&rsquo;\u00e9v\u00e9nement. Si vous souhaitez un acc\u00e8s pr\u00e9coce aux offres, vous pouvez rejoindre Target Circle 360, qui commence \u00e0 <strong>10,99 $<\/strong> par mois.<\/p>\n<p>Voici un peu plus de d\u00e9tails du communiqu\u00e9 de presse de Target:<\/p>\n<ul>\n<li>\n<p>30% de r\u00e9duction sur les t-shirts, les r\u00e9servoirs, les shorts et les robes pour la famille <\/p>\n<\/li>\n<li>\n<p>30% de r\u00e9duction sur les meubles et accessoires de patio <\/p>\n<\/li>\n<li>\n<p>25% de r\u00e9duction sur le pillard s\u00e9lectionn\u00e9, la literie et le d\u00e9cor pour adolescents <\/p>\n<\/li>\n<li>\n<p>25% de r\u00e9duction sur le seuil et la literie Casaluna <\/p>\n<\/li>\n<li>\n<p>20% de r\u00e9duction sur les poubelles de stockage en plastique Brightroom et le placard <\/p>\n<\/li>\n<li>\n<p>Jusqu&rsquo;\u00e0 40% de r\u00e9duction sur les \u00e9l\u00e9ments essentiels de la cuisine et du sol, y compris les appareils de casserole instantan\u00e9s, ninja et requins <\/p>\n<\/li>\n<li>\n<p>Jusqu&rsquo;\u00e0 30% de r\u00e9duction S\u00e9lectionner Lego <\/p>\n<\/li>\n<li>\n<p>\u00c9conomisez jusqu&rsquo;\u00e0 200 $ sur certains appareils Apple <\/p>\n<\/li>\n<\/ul>\n<h2 id=\"does-the-competition-also-offer-sales\">La concurrence offre-t-elle \u00e9galement des ventes?<\/h2>\n<p>La grande vente de printemps d&rsquo;Amazon aura lieu du mercredi 20 mars au lundi 25 mars. Mais Walmart et Best Buy auront \u00e9galement des ventes concurrentes.<\/p>\n","protected":false},"excerpt":{"rendered":"<p>Circle Week est la vente de premier ordre de Target, et son \u00e9dition de printemps arrivera bient\u00f4t. Le printemps n&rsquo;a pas vraiment \u00e9t\u00e9 une saison<\/p>\n","protected":false},"author":1,"featured_media":6012,"comment_status":"","ping_status":"","sticky":false,"template":"","format":"standard","meta":{"footnotes":""},"categories":[41],"tags":[5932,5934,14,345,773,1348,5933,2977,223],"class_list":["post-6011","post","type-post","status-publish","format-standard","has-post-thumbnail","hentry","category-argent","tag-attendent","tag-circle","tag-les","tag-offres","tag-prochaine","tag-semaine","tag-spring","tag-target","tag-vente","generate-columns","tablet-grid-50","mobile-grid-100","grid-parent","grid-33"],"yoast_head":"<!-- This site is optimized with the Yoast SEO plugin v24.0 - https:\/\/yoast.com\/wordpress\/plugins\/seo\/ -->\n<title>Ce que les offres attendent de la prochaine vente de la prochaine semaine de Spring Circle de Target | Vie Associative<\/title>\n<meta name=\"robots\" content=\"index, follow, max-snippet:-1, max-image-preview:large, max-video-preview:-1\" \/>\n<link rel=\"canonical\" href=\"https:\/\/vieassociative.be\/actualites\/ce-que-les-offres-attendent-de-la-prochaine-vente-de-la-prochaine-semaine-de-spring-circle-de-target\/\" \/>\n<meta property=\"og:locale\" content=\"fr_FR\" \/>\n<meta property=\"og:type\" content=\"article\" \/>\n<meta property=\"og:title\" content=\"Ce que les offres attendent de la prochaine vente de la prochaine semaine de Spring Circle de Target | Vie Associative\" \/>\n<meta property=\"og:description\" content=\"Circle Week est la vente de premier ordre de Target, et son \u00e9dition de printemps arrivera bient\u00f4t. Le printemps n&rsquo;a pas vraiment \u00e9t\u00e9 une saison\" \/>\n<meta property=\"og:url\" content=\"https:\/\/vieassociative.be\/actualites\/ce-que-les-offres-attendent-de-la-prochaine-vente-de-la-prochaine-semaine-de-spring-circle-de-target\/\" \/>\n<meta property=\"og:site_name\" content=\"Vie Associative\" \/>\n<meta property=\"article:published_time\" content=\"2025-03-20T07:17:40+00:00\" \/>\n<meta property=\"og:image\" content=\"https:\/\/vieassociative.be\/actualites\/wp-content\/uploads\/2024\/09\/header_backgroundk-01-e1726694325946.png\" \/>\n\t<meta property=\"og:image:width\" content=\"279\" \/>\n\t<meta property=\"og:image:height\" content=\"92\" \/>\n\t<meta property=\"og:image:type\" content=\"image\/png\" \/>\n<meta name=\"author\" content=\"Julien\" \/>\n<meta name=\"twitter:card\" content=\"summary_large_image\" \/>\n<meta name=\"twitter:label1\" content=\"\u00c9crit par\" \/>\n\t<meta name=\"twitter:data1\" content=\"Julien\" \/>\n\t<meta name=\"twitter:label2\" content=\"Dur\u00e9e de lecture est.\" \/>\n\t<meta name=\"twitter:data2\" content=\"2 minutes\" \/>\n<script type=\"application\/ld+json\" class=\"yoast-schema-graph\">{\"@context\":\"https:\/\/schema.org\",\"@graph\":[{\"@type\":\"Article\",\"@id\":\"https:\/\/vieassociative.be\/actualites\/ce-que-les-offres-attendent-de-la-prochaine-vente-de-la-prochaine-semaine-de-spring-circle-de-target\/#article\",\"isPartOf\":{\"@id\":\"https:\/\/vieassociative.be\/actualites\/ce-que-les-offres-attendent-de-la-prochaine-vente-de-la-prochaine-semaine-de-spring-circle-de-target\/\"},\"author\":{\"name\":\"Julien\",\"@id\":\"https:\/\/vieassociative.be\/actualites\/#\/schema\/person\/b87ac4f82f9d4e7b7cec7395b679edc4\"},\"headline\":\"Ce que les offres attendent de la prochaine vente de la prochaine semaine de Spring Circle de Target\",\"datePublished\":\"2025-03-20T07:17:40+00:00\",\"dateModified\":\"2025-03-20T07:17:40+00:00\",\"mainEntityOfPage\":{\"@id\":\"https:\/\/vieassociative.be\/actualites\/ce-que-les-offres-attendent-de-la-prochaine-vente-de-la-prochaine-semaine-de-spring-circle-de-target\/\"},\"wordCount\":516,\"publisher\":{\"@id\":\"https:\/\/vieassociative.be\/actualites\/#organization\"},\"image\":{\"@id\":\"https:\/\/vieassociative.be\/actualites\/ce-que-les-offres-attendent-de-la-prochaine-vente-de-la-prochaine-semaine-de-spring-circle-de-target\/#primaryimage\"},\"thumbnailUrl\":\"https:\/\/vieassociative.be\/actualites\/wp-content\/uploads\/2025\/03\/Ce-que-les-offres-attendent-de-la-prochaine-vente-de.png\",\"keywords\":[\"attendent\",\"Circle\",\"Les\",\"offres\",\"prochaine\",\"semaine\",\"Spring\",\"Target\",\"vente\"],\"articleSection\":[\"Argent\"],\"inLanguage\":\"fr-BE\"},{\"@type\":\"WebPage\",\"@id\":\"https:\/\/vieassociative.be\/actualites\/ce-que-les-offres-attendent-de-la-prochaine-vente-de-la-prochaine-semaine-de-spring-circle-de-target\/\",\"url\":\"https:\/\/vieassociative.be\/actualites\/ce-que-les-offres-attendent-de-la-prochaine-vente-de-la-prochaine-semaine-de-spring-circle-de-target\/\",\"name\":\"Ce que les offres attendent de la prochaine vente de la prochaine semaine de Spring Circle de Target | Vie Associative\",\"isPartOf\":{\"@id\":\"https:\/\/vieassociative.be\/actualites\/#website\"},\"primaryImageOfPage\":{\"@id\":\"https:\/\/vieassociative.be\/actualites\/ce-que-les-offres-attendent-de-la-prochaine-vente-de-la-prochaine-semaine-de-spring-circle-de-target\/#primaryimage\"},\"image\":{\"@id\":\"https:\/\/vieassociative.be\/actualites\/ce-que-les-offres-attendent-de-la-prochaine-vente-de-la-prochaine-semaine-de-spring-circle-de-target\/#primaryimage\"},\"thumbnailUrl\":\"https:\/\/vieassociative.be\/actualites\/wp-content\/uploads\/2025\/03\/Ce-que-les-offres-attendent-de-la-prochaine-vente-de.png\",\"datePublished\":\"2025-03-20T07:17:40+00:00\",\"dateModified\":\"2025-03-20T07:17:40+00:00\",\"breadcrumb\":{\"@id\":\"https:\/\/vieassociative.be\/actualites\/ce-que-les-offres-attendent-de-la-prochaine-vente-de-la-prochaine-semaine-de-spring-circle-de-target\/#breadcrumb\"},\"inLanguage\":\"fr-BE\",\"potentialAction\":[{\"@type\":\"ReadAction\",\"target\":[\"https:\/\/vieassociative.be\/actualites\/ce-que-les-offres-attendent-de-la-prochaine-vente-de-la-prochaine-semaine-de-spring-circle-de-target\/\"]}]},{\"@type\":\"ImageObject\",\"inLanguage\":\"fr-BE\",\"@id\":\"https:\/\/vieassociative.be\/actualites\/ce-que-les-offres-attendent-de-la-prochaine-vente-de-la-prochaine-semaine-de-spring-circle-de-target\/#primaryimage\",\"url\":\"https:\/\/vieassociative.be\/actualites\/wp-content\/uploads\/2025\/03\/Ce-que-les-offres-attendent-de-la-prochaine-vente-de.png\",\"contentUrl\":\"https:\/\/vieassociative.be\/actualites\/wp-content\/uploads\/2025\/03\/Ce-que-les-offres-attendent-de-la-prochaine-vente-de.png\",\"width\":1200,\"height\":675,\"caption\":\"Ce que les offres attendent de la prochaine vente de la prochaine semaine de Spring Circle de Target\"},{\"@type\":\"BreadcrumbList\",\"@id\":\"https:\/\/vieassociative.be\/actualites\/ce-que-les-offres-attendent-de-la-prochaine-vente-de-la-prochaine-semaine-de-spring-circle-de-target\/#breadcrumb\",\"itemListElement\":[{\"@type\":\"ListItem\",\"position\":1,\"name\":\"Accueil\",\"item\":\"https:\/\/vieassociative.be\/actualites\/\"},{\"@type\":\"ListItem\",\"position\":2,\"name\":\"Ce que les offres attendent de la prochaine vente de la prochaine semaine de Spring Circle de Target\"}]},{\"@type\":\"WebSite\",\"@id\":\"https:\/\/vieassociative.be\/actualites\/#website\",\"url\":\"https:\/\/vieassociative.be\/actualites\/\",\"name\":\"Vie Associative\",\"description\":\"\",\"publisher\":{\"@id\":\"https:\/\/vieassociative.be\/actualites\/#organization\"},\"potentialAction\":[{\"@type\":\"SearchAction\",\"target\":{\"@type\":\"EntryPoint\",\"urlTemplate\":\"https:\/\/vieassociative.be\/actualites\/?s={search_term_string}\"},\"query-input\":{\"@type\":\"PropertyValueSpecification\",\"valueRequired\":true,\"valueName\":\"search_term_string\"}}],\"inLanguage\":\"fr-BE\"},{\"@type\":\"Organization\",\"@id\":\"https:\/\/vieassociative.be\/actualites\/#organization\",\"name\":\"Vie Associative\",\"url\":\"https:\/\/vieassociative.be\/actualites\/\",\"logo\":{\"@type\":\"ImageObject\",\"inLanguage\":\"fr-BE\",\"@id\":\"https:\/\/vieassociative.be\/actualites\/#\/schema\/logo\/image\/\",\"url\":\"https:\/\/vieassociative.be\/actualites\/wp-content\/uploads\/2024\/09\/cropped-vieassociative_favicon.ico.png\",\"contentUrl\":\"https:\/\/vieassociative.be\/actualites\/wp-content\/uploads\/2024\/09\/cropped-vieassociative_favicon.ico.png\",\"width\":512,\"height\":512,\"caption\":\"Vie Associative\"},\"image\":{\"@id\":\"https:\/\/vieassociative.be\/actualites\/#\/schema\/logo\/image\/\"}},{\"@type\":\"Person\",\"@id\":\"https:\/\/vieassociative.be\/actualites\/#\/schema\/person\/b87ac4f82f9d4e7b7cec7395b679edc4\",\"name\":\"Julien\",\"image\":{\"@type\":\"ImageObject\",\"inLanguage\":\"fr-BE\",\"@id\":\"https:\/\/vieassociative.be\/actualites\/#\/schema\/person\/image\/\",\"url\":\"https:\/\/vieassociative.be\/actualites\/wp-content\/uploads\/2024\/09\/vie-associative-1-150x150.jpg\",\"contentUrl\":\"https:\/\/vieassociative.be\/actualites\/wp-content\/uploads\/2024\/09\/vie-associative-1-150x150.jpg\",\"caption\":\"Julien\"},\"description\":\"Je suis Julien, r\u00e9dacteur pour Vie Associative. Passionn\u00e9 par le monde associatif depuis plus de 10 ans, j'ai \u00e0 c\u0153ur de partager des histoires inspirantes et de mettre en lumi\u00e8re les initiatives locales. Mon objectif est de sensibiliser et d'encourager l'engagement communautaire \u00e0 travers mes articles.\",\"sameAs\":[\"https:\/\/vieassociative.be\/\"]}]}<\/script>\n<!-- \/ Yoast SEO plugin. -->","yoast_head_json":{"title":"Ce que les offres attendent de la prochaine vente de la prochaine semaine de Spring Circle de Target | Vie Associative","robots":{"index":"index","follow":"follow","max-snippet":"max-snippet:-1","max-image-preview":"max-image-preview:large","max-video-preview":"max-video-preview:-1"},"canonical":"https:\/\/vieassociative.be\/actualites\/ce-que-les-offres-attendent-de-la-prochaine-vente-de-la-prochaine-semaine-de-spring-circle-de-target\/","og_locale":"fr_FR","og_type":"article","og_title":"Ce que les offres attendent de la prochaine vente de la prochaine semaine de Spring Circle de Target | Vie Associative","og_description":"Circle Week est la vente de premier ordre de Target, et son \u00e9dition de printemps arrivera bient\u00f4t. Le printemps n&rsquo;a pas vraiment \u00e9t\u00e9 une saison","og_url":"https:\/\/vieassociative.be\/actualites\/ce-que-les-offres-attendent-de-la-prochaine-vente-de-la-prochaine-semaine-de-spring-circle-de-target\/","og_site_name":"Vie Associative","article_published_time":"2025-03-20T07:17:40+00:00","og_image":[{"width":279,"height":92,"url":"https:\/\/vieassociative.be\/actualites\/wp-content\/uploads\/2024\/09\/header_backgroundk-01-e1726694325946.png","type":"image\/png"}],"author":"Julien","twitter_card":"summary_large_image","twitter_misc":{"\u00c9crit par":"Julien","Dur\u00e9e de lecture est.":"2 minutes"},"schema":{"@context":"https:\/\/schema.org","@graph":[{"@type":"Article","@id":"https:\/\/vieassociative.be\/actualites\/ce-que-les-offres-attendent-de-la-prochaine-vente-de-la-prochaine-semaine-de-spring-circle-de-target\/#article","isPartOf":{"@id":"https:\/\/vieassociative.be\/actualites\/ce-que-les-offres-attendent-de-la-prochaine-vente-de-la-prochaine-semaine-de-spring-circle-de-target\/"},"author":{"name":"Julien","@id":"https:\/\/vieassociative.be\/actualites\/#\/schema\/person\/b87ac4f82f9d4e7b7cec7395b679edc4"},"headline":"Ce que les offres attendent de la prochaine vente de la prochaine semaine de Spring Circle de Target","datePublished":"2025-03-20T07:17:40+00:00","dateModified":"2025-03-20T07:17:40+00:00","mainEntityOfPage":{"@id":"https:\/\/vieassociative.be\/actualites\/ce-que-les-offres-attendent-de-la-prochaine-vente-de-la-prochaine-semaine-de-spring-circle-de-target\/"},"wordCount":516,"publisher":{"@id":"https:\/\/vieassociative.be\/actualites\/#organization"},"image":{"@id":"https:\/\/vieassociative.be\/actualites\/ce-que-les-offres-attendent-de-la-prochaine-vente-de-la-prochaine-semaine-de-spring-circle-de-target\/#primaryimage"},"thumbnailUrl":"https:\/\/vieassociative.be\/actualites\/wp-content\/uploads\/2025\/03\/Ce-que-les-offres-attendent-de-la-prochaine-vente-de.png","keywords":["attendent","Circle","Les","offres","prochaine","semaine","Spring","Target","vente"],"articleSection":["Argent"],"inLanguage":"fr-BE"},{"@type":"WebPage","@id":"https:\/\/vieassociative.be\/actualites\/ce-que-les-offres-attendent-de-la-prochaine-vente-de-la-prochaine-semaine-de-spring-circle-de-target\/","url":"https:\/\/vieassociative.be\/actualites\/ce-que-les-offres-attendent-de-la-prochaine-vente-de-la-prochaine-semaine-de-spring-circle-de-target\/","name":"Ce que les offres attendent de la prochaine vente de la prochaine semaine de Spring Circle de Target | Vie Associative","isPartOf":{"@id":"https:\/\/vieassociative.be\/actualites\/#website"},"primaryImageOfPage":{"@id":"https:\/\/vieassociative.be\/actualites\/ce-que-les-offres-attendent-de-la-prochaine-vente-de-la-prochaine-semaine-de-spring-circle-de-target\/#primaryimage"},"image":{"@id":"https:\/\/vieassociative.be\/actualites\/ce-que-les-offres-attendent-de-la-prochaine-vente-de-la-prochaine-semaine-de-spring-circle-de-target\/#primaryimage"},"thumbnailUrl":"https:\/\/vieassociative.be\/actualites\/wp-content\/uploads\/2025\/03\/Ce-que-les-offres-attendent-de-la-prochaine-vente-de.png","datePublished":"2025-03-20T07:17:40+00:00","dateModified":"2025-03-20T07:17:40+00:00","breadcrumb":{"@id":"https:\/\/vieassociative.be\/actualites\/ce-que-les-offres-attendent-de-la-prochaine-vente-de-la-prochaine-semaine-de-spring-circle-de-target\/#breadcrumb"},"inLanguage":"fr-BE","potentialAction":[{"@type":"ReadAction","target":["https:\/\/vieassociative.be\/actualites\/ce-que-les-offres-attendent-de-la-prochaine-vente-de-la-prochaine-semaine-de-spring-circle-de-target\/"]}]},{"@type":"ImageObject","inLanguage":"fr-BE","@id":"https:\/\/vieassociative.be\/actualites\/ce-que-les-offres-attendent-de-la-prochaine-vente-de-la-prochaine-semaine-de-spring-circle-de-target\/#primaryimage","url":"https:\/\/vieassociative.be\/actualites\/wp-content\/uploads\/2025\/03\/Ce-que-les-offres-attendent-de-la-prochaine-vente-de.png","contentUrl":"https:\/\/vieassociative.be\/actualites\/wp-content\/uploads\/2025\/03\/Ce-que-les-offres-attendent-de-la-prochaine-vente-de.png","width":1200,"height":675,"caption":"Ce que les offres attendent de la prochaine vente de la prochaine semaine de Spring Circle de Target"},{"@type":"BreadcrumbList","@id":"https:\/\/vieassociative.be\/actualites\/ce-que-les-offres-attendent-de-la-prochaine-vente-de-la-prochaine-semaine-de-spring-circle-de-target\/#breadcrumb","itemListElement":[{"@type":"ListItem","position":1,"name":"Accueil","item":"https:\/\/vieassociative.be\/actualites\/"},{"@type":"ListItem","position":2,"name":"Ce que les offres attendent de la prochaine vente de la prochaine semaine de Spring Circle de Target"}]},{"@type":"WebSite","@id":"https:\/\/vieassociative.be\/actualites\/#website","url":"https:\/\/vieassociative.be\/actualites\/","name":"Vie Associative","description":"","publisher":{"@id":"https:\/\/vieassociative.be\/actualites\/#organization"},"potentialAction":[{"@type":"SearchAction","target":{"@type":"EntryPoint","urlTemplate":"https:\/\/vieassociative.be\/actualites\/?s={search_term_string}"},"query-input":{"@type":"PropertyValueSpecification","valueRequired":true,"valueName":"search_term_string"}}],"inLanguage":"fr-BE"},{"@type":"Organization","@id":"https:\/\/vieassociative.be\/actualites\/#organization","name":"Vie Associative","url":"https:\/\/vieassociative.be\/actualites\/","logo":{"@type":"ImageObject","inLanguage":"fr-BE","@id":"https:\/\/vieassociative.be\/actualites\/#\/schema\/logo\/image\/","url":"https:\/\/vieassociative.be\/actualites\/wp-content\/uploads\/2024\/09\/cropped-vieassociative_favicon.ico.png","contentUrl":"https:\/\/vieassociative.be\/actualites\/wp-content\/uploads\/2024\/09\/cropped-vieassociative_favicon.ico.png","width":512,"height":512,"caption":"Vie Associative"},"image":{"@id":"https:\/\/vieassociative.be\/actualites\/#\/schema\/logo\/image\/"}},{"@type":"Person","@id":"https:\/\/vieassociative.be\/actualites\/#\/schema\/person\/b87ac4f82f9d4e7b7cec7395b679edc4","name":"Julien","image":{"@type":"ImageObject","inLanguage":"fr-BE","@id":"https:\/\/vieassociative.be\/actualites\/#\/schema\/person\/image\/","url":"https:\/\/vieassociative.be\/actualites\/wp-content\/uploads\/2024\/09\/vie-associative-1-150x150.jpg","contentUrl":"https:\/\/vieassociative.be\/actualites\/wp-content\/uploads\/2024\/09\/vie-associative-1-150x150.jpg","caption":"Julien"},"description":"Je suis Julien, r\u00e9dacteur pour Vie Associative. Passionn\u00e9 par le monde associatif depuis plus de 10 ans, j'ai \u00e0 c\u0153ur de partager des histoires inspirantes et de mettre en lumi\u00e8re les initiatives locales. Mon objectif est de sensibiliser et d'encourager l'engagement communautaire \u00e0 travers mes articles.","sameAs":["https:\/\/vieassociative.be\/"]}]}},"_links":{"self":[{"href":"https:\/\/vieassociative.be\/actualites\/wp-json\/wp\/v2\/posts\/6011"}],"collection":[{"href":"https:\/\/vieassociative.be\/actualites\/wp-json\/wp\/v2\/posts"}],"about":[{"href":"https:\/\/vieassociative.be\/actualites\/wp-json\/wp\/v2\/types\/post"}],"author":[{"embeddable":true,"href":"https:\/\/vieassociative.be\/actualites\/wp-json\/wp\/v2\/users\/1"}],"replies":[{"embeddable":true,"href":"https:\/\/vieassociative.be\/actualites\/wp-json\/wp\/v2\/comments?post=6011"}],"version-history":[{"count":0,"href":"https:\/\/vieassociative.be\/actualites\/wp-json\/wp\/v2\/posts\/6011\/revisions"}],"wp:featuredmedia":[{"embeddable":true,"href":"https:\/\/vieassociative.be\/actualites\/wp-json\/wp\/v2\/media\/6012"}],"wp:attachment":[{"href":"https:\/\/vieassociative.be\/actualites\/wp-json\/wp\/v2\/media?parent=6011"}],"wp:term":[{"taxonomy":"category","embeddable":true,"href":"https:\/\/vieassociative.be\/actualites\/wp-json\/wp\/v2\/categories?post=6011"},{"taxonomy":"post_tag","embeddable":true,"href":"https:\/\/vieassociative.be\/actualites\/wp-json\/wp\/v2\/tags?post=6011"}],"curies":[{"name":"wp","href":"https:\/\/api.w.org\/{rel}","templated":true}]}}