{"id":6006,"date":"2025-03-20T03:17:27","date_gmt":"2025-03-20T02:17:27","guid":{"rendered":"https:\/\/vieassociative.be\/actualites\/tout-le-monde-est-a-nouveau-un-succes-direct-galerie-de-photos\/"},"modified":"2025-03-20T03:17:27","modified_gmt":"2025-03-20T02:17:27","slug":"tout-le-monde-est-a-nouveau-un-succes-direct-galerie-de-photos","status":"publish","type":"post","link":"https:\/\/vieassociative.be\/actualites\/tout-le-monde-est-a-nouveau-un-succes-direct-galerie-de-photos\/","title":{"rendered":"Tout le monde est \u00e0 nouveau un succ\u00e8s direct (galerie de photos)"},"content":{"rendered":"<p style=\"text-align: left;\"><strong>Chacun existe depuis 30 ans. Vendredi, samedi et dimanche, le groupe Eupen Cabaret a jou\u00e9 avec une nouvelle production dans le foyer du J\u00fcngelingshaus, \u00e0 ce jour le vingti\u00e8me. Six autres apparitions suivent. Le programme actuel est \u00e0 nouveau un succ\u00e8s direct.<\/strong><\/p>\n<p><span id=\"more-411362\"><\/span>C&rsquo;est un retour satirique aux \u00e9v\u00e9nements les plus importants des deux derni\u00e8res ann\u00e9es \u00e0 Eupen, la DG, la Belgique et le monde.<\/p>\n<p>Edgar Paulus, le plus ancien de tous ceux qui se mod\u00e8re \u00e0 travers le programme \u00e0 chaque performance dans le style de Dieter Hildebrandt dans la l\u00e9gendaire \u00e9mission de cabaret \u00ab\u00a0Wiper\u00a0\u00bb, a rappel\u00e9 \u00e0 nouveau que chacun re\u00e7oit une subvention de la DG, contrairement \u00e0 d&rsquo;autres fournisseurs culturels. Et si le groupe n&rsquo;obtient pas d&rsquo;argent de la politique, alors d\u00e9finitivement mat\u00e9riel pour un nouveau programme.<\/p>\n<div id=\"attachment_411496\" class=\"wp-caption alignleft\" style=\"max-width: 300px\"><img fetchpriority=\"high\" decoding=\"async\" class=\"wp-image-411496 size-medium\" src=\"https:\/\/vieassociative.be\/actualites\/wp-content\/uploads\/2025\/03\/Tout-le-monde-est-a-nouveau-un-succes-direct-galerie.jpg\" alt=\"\" width=\"300\" height=\"225\"  ><\/p>\n<p class=\"wp-caption-text\">M\u00e8re r\u00e9nate Wunsch (R) avec ses deux filles Verena et Christina sur leur num\u00e9ro sur l&rsquo;OBL (ou le num\u00e9ro de rire sp\u00e9cial). Photo: Helmut Koch<\/p>\n<\/div>\n<p>Il y a eu beaucoup de mat\u00e9riel au cours des deux derni\u00e8res ann\u00e9es: la guerre de l&rsquo;Ukraine, le PDG, les \u00e9lections r\u00e9gionales, f\u00e9d\u00e9rales et europ\u00e9ennes le 9 juin 2024, les \u00e9lections locales le 13 octobre 2024, une \u00e9lection pr\u00e9sidentielle aux \u00c9tats-Unis le 5 novembre 2024 et les \u00e9lections de Bundestag en Allemagne le 23 f\u00e9vrier 2025. Et presque toutes les \u00e9lections, il y a eu un changement de majorit\u00e9.<\/p>\n<p>Dans la production actuelle, pour tout le monde <strong>Edgar Paulus, Odilia Gielen, Marc Mentior, Renate Wunsch, Rudi Theissen, Irmgard Kelleter, Fredy Bocken, Rolf Lennertz<\/strong> ainsi que <strong>Christina et Verena souhaitent<\/strong> sur. L&rsquo;excellent accompagnement musical est \u00e9galement nouveau <strong>Deckers Stan<\/strong>. La planification et l&rsquo;organisation s&rsquo;occupe de <strong>Guido Belleflamme<\/strong>.<\/p>\n<p>Le cacao est dessin\u00e9 dans le programme actuel:<\/p>\n<ul>\n<li>L&rsquo;ancien maire d&rsquo;Eupen <strong>Claudia Niessen<\/strong> (Ecolo), le pr\u00e9sident du conseil d&rsquo;administration de l&rsquo;h\u00f4pital Eupener Nikolaus est rest\u00e9, bien qu&rsquo;elle ait \u00e9t\u00e9 \u00e9lue \u00e0 la t\u00eate de la ville;<\/li>\n<li>Premier ministre DG <strong>Oliver Paasch<\/strong> (Prodg), qui a \u00e9chang\u00e9 le SP en tant que partenaire de coalition dans la proc\u00e9dure rapide, bien qu&rsquo;il n&rsquo;y ait aucune raison \u00e0 cela;<\/li>\n<li>Les anciens ministres <strong>Isabelle Weykmans<\/strong> (Pff) et <strong>Antonios Antoniadis<\/strong> (SP), qui, gr\u00e2ce \u00e0 une g\u00e9n\u00e9reuse compensation de sortie de 318 000 euros brutes (pour Weykmans) ou 170 000 euros bruts (pour Antoniadis), lorsqu&rsquo;ils quittent leur bureau. Claudia Niessen et Antonios Antoniadis ont rapidement trouv\u00e9 une nouvelle activit\u00e9 professionnelle, par laquelle Antoniadis \u00e9tait \u00e9videmment trop beau pour faire pression sur la banque d&rsquo;opposition;<\/li>\n<li>Celui fond\u00e9 sp\u00e9cialement pour l&rsquo;\u00e9lection du conseil municipal d&rsquo;Eupen \u00e0 Eupen <strong>Liste des citoyens ouverts (OBL)<\/strong>dont les trois lettres, selon tout le monde, pourraient \u00e9galement repr\u00e9senter \u00ab\u00a0ou un num\u00e9ro de rire sp\u00e9cial\u00a0\u00bb;<\/li>\n<li>L&rsquo;ancien maire de Kelmis <strong>Luc Frank<\/strong>;<\/li>\n<li><strong>Pape Fran\u00e7ois<\/strong>qui, \u00e0 l&rsquo;occasion de sa visite en Belgique, est devenu impopulaire avec les d\u00e9clarations sur les lois de l&rsquo;avortement belge et la b\u00e9atification annonc\u00e9e du roi Baudouin;<\/li>\n<li>L&rsquo;ancien ministre belge et commissaire de l&rsquo;UE <strong>Didier Reynders<\/strong>il croyait qu&rsquo;il pourrait gagner la loterie m\u00eame s&rsquo;il ne pariait pas sur les bons chiffres,<\/li>\n<li>le <strong>Echo de la fronti\u00e8re<\/strong>Cela peut \u00eatre r\u00e9duit de plus en plus \u00e0 sa partie sportive;<\/li>\n<li>Et bien s\u00fbr aussi <strong>Belgique orientale directement<\/strong> Et ses colonnes de commentaires, dans lesquelles une certaine col\u00e8re supprimera leurs effusions.<\/li>\n<\/ul>\n<p>Soit dit en passant, le titre du 20e programme de tout le monde est \u00ab\u00a0Colors Blues\u00a0\u00bb en faisant allusion aux noms du gouvernement f\u00e9d\u00e9ral, qui s&rsquo;appelait autrefois \u00ab\u00a0Sweden Coalition\u00a0\u00bb (bleu et jaune) et s&rsquo;appelle maintenant \u00ab\u00a0Arizona Coalition\u00a0\u00bb (bleu, rouge, jaune et orange). Une \u00ab\u00a0salade de drapeau\u00a0\u00bb.<\/p>\n<div id=\"attachment_411502\" class=\"wp-caption alignleft\" style=\"max-width: 300px\"><img decoding=\"async\" class=\"wp-image-411502 size-medium\" src=\"https:\/\/vieassociative.be\/actualites\/wp-content\/uploads\/2025\/03\/1742437047_747_Tout-le-monde-est-a-nouveau-un-succes-direct-galerie.jpg\" alt=\"\" width=\"300\" height=\"225\"  ><\/p>\n<p class=\"wp-caption-text\">Irmgard Kelleter et Rolf Lennertz au sujet de la bonne pression, qui se manifeste maintenant dans toute l&rsquo;Europe. Photo: Helmut Koch<\/p>\n<\/div>\n<p>Bien s\u00fbr, le passage vers la droite, qui est r\u00e9cemment devenu perceptible dans toute l&rsquo;Europe aux \u00e9lections, a \u00e9galement \u00e9t\u00e9 un probl\u00e8me dans le 20e programme de tous.<\/p>\n<p>Cependant, contrairement aux artistes de cabaret et aux satiristes \u00e0 la t\u00e9l\u00e9vision allemande, tout le monde traite du sujet d\u00e9licat \u00ab\u00a0Never Bad and Mean\u00a0\u00bb, comme les artistes du cabaret le pr\u00e9tendent m\u00eame dans la chanson finale (voir ci-dessous), et surtout pas un facteur et certainement pas instructif.<\/p>\n<p>Alors qu&rsquo;Irmgard Kelleter, pour ainsi dire, repr\u00e9sente le \u00ab\u00a0homme bon\u00a0\u00bb sur le nombre \u00ab\u00a0grand-m\u00e8re contre le droit\u00a0\u00bb, Rolf Lennertz joue le \u00ab\u00a0populiste\u00a0\u00bb, alors qu&rsquo;il vit et vit. Donc, au moins les deux parties ont leur mot \u00e0 dire sur ce sujet qui divise notre soci\u00e9t\u00e9.<\/p>\n<p>Edgar Paulus m\u00e9rite \u00e9galement des \u00e9loges sp\u00e9ciaux, qui sont connus pour appara\u00eetre comme un \u00abchef lapatsch\u00bb pour chaque programme. Cette fois, il se moque d&rsquo;une mani\u00e8re impressionnante sur le week-end des services de m\u00e9decins et de pharmacies, qui sont d\u00e9fectueux dans Eupen, dont la \u00ab\u00a0Belgique orientale a d\u00e9j\u00e0 rapport\u00e9\u00a0\u00bb. Sur les 20 apparitions du \u00ab\u00a0chef Lapatsch\u00a0\u00bb au cours des 30 ann\u00e9es de tous, l&rsquo;actuel est sans aucun doute le meilleur.<\/p>\n<p>Soit dit en passant, cela s&rsquo;applique en g\u00e9n\u00e9ral \u00e0 ce 20e programme du Cabaret Group, qui, m\u00eame apr\u00e8s 30 ans, parvient \u00e0 \u00eatre encore meilleur que la derni\u00e8re fois, qui ne peut pas n\u00e9cessairement \u00eatre affirm\u00e9 par certains des organisateurs culturels financ\u00e9s par la DG PRINCELY &#8230;<\/p>\n<p>Conclusion: Le groupe que tout le monde m\u00e9riterait certainement de recevoir la \u00abplume d&rsquo;or\u00bb. Sinon maintenant, apr\u00e8s 30 ann\u00e9es r\u00e9ussies sans argent d&rsquo;imp\u00f4t, quand? (Cre)<\/p>\n<p><strong><em>Vous trouverez ci-dessous la chanson, qui a \u00e9t\u00e9 pr\u00e9sent\u00e9e comme un rappel par tous les membres du groupe Cabaret \u00e0 la fin de la pr\u00e9sentation:<\/em><\/strong><\/p>\n<h3>Trente ans \u00e0 tous<\/h3>\n<p><em>Trente ans \u00e0 tous<\/em><br \/>\n<em>Nous \u00e9tions toujours proches<\/em><br \/>\n<em>Et ne manque vraiment personne.<\/em><br \/>\n<em>Que ce soit l&rsquo;aimait ou non<\/em><br \/>\n<em>Tout le monde a son point<\/em><br \/>\n<em>Certaines personnes sont rest\u00e9es boulevers\u00e9es \u00e0 la maison.<\/em><\/p>\n<p><em>Parfois c&rsquo;est difficile pour nous<\/em><br \/>\n<em>Mais nous l&rsquo;aimons tellement<\/em><br \/>\n<em>Moquerie et moquerie dans l&rsquo;escorte<\/em><br \/>\n<em>Mais jamais mal et m\u00e9chant<\/em><br \/>\n<em>Tellement pass\u00e9 ann\u00e9e apr\u00e8s ann\u00e9e<\/em><br \/>\n<em>Et c&rsquo;est tr\u00e8s clair pour nous<\/em><br \/>\n<em>Que rien ne reste que rien ne reste tel qu&rsquo;il \u00e9tait.<\/em><\/p>\n<p><em><strong>Vous trouverez ci-dessous une galerie de photos avec des photos du photographe Helmut Koch de l&rsquo;apparition du groupe de cabaret tout le monde le vendredi 14 mars 2025, dans l&rsquo;Eupener J\u00fcngelingshaus (cliquez pour l&rsquo;\u00e9largissement):<\/strong><\/em><\/p>\n<div class=\"wp-gallery row\">\n<figure class=\"column small-6 medium-3 end\"><img decoding=\"async\" src=\"https:\/\/vieassociative.be\/actualites\/wp-content\/uploads\/2025\/03\/1742437047_78_Tout-le-monde-est-a-nouveau-un-succes-direct-galerie.jpg\" width=\"159\" height=\"159\" alt=\"\"><\/figure>\n<figure class=\"column small-6 medium-3 end\"><img loading=\"lazy\" decoding=\"async\" src=\"https:\/\/vieassociative.be\/actualites\/wp-content\/uploads\/2025\/03\/1742437047_366_Tout-le-monde-est-a-nouveau-un-succes-direct-galerie.jpg\" width=\"159\" height=\"159\" alt=\"\"><\/figure>\n<figure class=\"column small-6 medium-3 end\"><img loading=\"lazy\" decoding=\"async\" src=\"https:\/\/vieassociative.be\/actualites\/wp-content\/uploads\/2025\/03\/1742437047_254_Tout-le-monde-est-a-nouveau-un-succes-direct-galerie.jpg\" width=\"159\" height=\"159\" alt=\"\"><\/figure>\n<figure class=\"column small-6 medium-3 end\"><img loading=\"lazy\" decoding=\"async\" src=\"https:\/\/vieassociative.be\/actualites\/wp-content\/uploads\/2025\/03\/1742437047_188_Tout-le-monde-est-a-nouveau-un-succes-direct-galerie.jpg\" width=\"159\" height=\"159\" alt=\"\"><\/figure>\n<figure class=\"column small-6 medium-3 end\"><img loading=\"lazy\" decoding=\"async\" src=\"https:\/\/vieassociative.be\/actualites\/wp-content\/uploads\/2025\/03\/1742437047_785_Tout-le-monde-est-a-nouveau-un-succes-direct-galerie.jpg\" width=\"159\" height=\"159\" alt=\"\"><\/figure>\n<figure class=\"column small-6 medium-3 end\"><img loading=\"lazy\" decoding=\"async\" src=\"https:\/\/vieassociative.be\/actualites\/wp-content\/uploads\/2025\/03\/1742437047_314_Tout-le-monde-est-a-nouveau-un-succes-direct-galerie.jpg\" width=\"159\" height=\"159\" alt=\"\"><\/figure>\n<figure class=\"column small-6 medium-3 end\"><img loading=\"lazy\" decoding=\"async\" src=\"https:\/\/vieassociative.be\/actualites\/wp-content\/uploads\/2025\/03\/1742437047_532_Tout-le-monde-est-a-nouveau-un-succes-direct-galerie.jpg\" width=\"159\" height=\"159\" alt=\"\"><\/figure>\n<figure class=\"column small-6 medium-3 end\"><img loading=\"lazy\" decoding=\"async\" src=\"https:\/\/vieassociative.be\/actualites\/wp-content\/uploads\/2025\/03\/1742437047_518_Tout-le-monde-est-a-nouveau-un-succes-direct-galerie.jpg\" width=\"159\" height=\"159\" alt=\"\"><\/figure>\n<figure class=\"column small-6 medium-3 end\"><img loading=\"lazy\" decoding=\"async\" src=\"https:\/\/vieassociative.be\/actualites\/wp-content\/uploads\/2025\/03\/1742437047_431_Tout-le-monde-est-a-nouveau-un-succes-direct-galerie.jpg\" width=\"159\" height=\"159\" alt=\"\"><\/figure>\n<figure class=\"column small-6 medium-3 end\"><img loading=\"lazy\" decoding=\"async\" src=\"https:\/\/vieassociative.be\/actualites\/wp-content\/uploads\/2025\/03\/1742437047_162_Tout-le-monde-est-a-nouveau-un-succes-direct-galerie.jpg\" width=\"159\" height=\"159\" alt=\"\"><\/figure>\n<figure class=\"column small-6 medium-3 end\"><img loading=\"lazy\" decoding=\"async\" src=\"https:\/\/vieassociative.be\/actualites\/wp-content\/uploads\/2025\/03\/1742437047_35_Tout-le-monde-est-a-nouveau-un-succes-direct-galerie.jpg\" width=\"159\" height=\"159\" alt=\"\"><\/figure>\n<figure class=\"column small-6 medium-3 end\"><img loading=\"lazy\" decoding=\"async\" src=\"https:\/\/vieassociative.be\/actualites\/wp-content\/uploads\/2025\/03\/1742437047_347_Tout-le-monde-est-a-nouveau-un-succes-direct-galerie.jpg\" width=\"159\" height=\"159\" alt=\"\"><\/figure>\n<figure class=\"column small-6 medium-3 end\"><img loading=\"lazy\" decoding=\"async\" src=\"https:\/\/vieassociative.be\/actualites\/wp-content\/uploads\/2025\/03\/1742437047_440_Tout-le-monde-est-a-nouveau-un-succes-direct-galerie.jpg\" width=\"159\" height=\"159\" alt=\"\"><\/figure>\n<figure class=\"column small-6 medium-3 end\"><img loading=\"lazy\" decoding=\"async\" src=\"https:\/\/vieassociative.be\/actualites\/wp-content\/uploads\/2025\/03\/1742437047_495_Tout-le-monde-est-a-nouveau-un-succes-direct-galerie.jpg\" width=\"159\" height=\"159\" alt=\"\"><\/figure>\n<figure class=\"column small-6 medium-3 end\"><img loading=\"lazy\" decoding=\"async\" src=\"https:\/\/vieassociative.be\/actualites\/wp-content\/uploads\/2025\/03\/1742437047_230_Tout-le-monde-est-a-nouveau-un-succes-direct-galerie.jpg\" width=\"159\" height=\"159\" alt=\"\"><\/figure>\n<figure class=\"column small-6 medium-3 end\"><img loading=\"lazy\" decoding=\"async\" src=\"https:\/\/vieassociative.be\/actualites\/wp-content\/uploads\/2025\/03\/1742437047_368_Tout-le-monde-est-a-nouveau-un-succes-direct-galerie.jpg\" width=\"159\" height=\"159\" alt=\"\"><\/figure>\n<\/div>\n","protected":false},"excerpt":{"rendered":"<p>Chacun existe depuis 30 ans. Vendredi, samedi et dimanche, le groupe Eupen Cabaret a jou\u00e9 avec une nouvelle production dans le foyer du J\u00fcngelingshaus, \u00e0<\/p>\n","protected":false},"author":1,"featured_media":6007,"comment_status":"","ping_status":"","sticky":false,"template":"","format":"standard","meta":{"footnotes":""},"categories":[298],"tags":[3308,76,3257,237,553,283,96,236],"class_list":["post-6006","post","type-post","status-publish","format-standard","has-post-thumbnail","hentry","category-belgique","tag-direct","tag-est","tag-galerie","tag-monde","tag-nouveau","tag-photos","tag-succes","tag-tout","generate-columns","tablet-grid-50","mobile-grid-100","grid-parent","grid-33"],"yoast_head":"<!-- This site is optimized with the Yoast SEO plugin v24.0 - https:\/\/yoast.com\/wordpress\/plugins\/seo\/ -->\n<title>Tout le monde est \u00e0 nouveau un succ\u00e8s direct (galerie de photos) | Vie Associative<\/title>\n<meta name=\"robots\" content=\"index, follow, max-snippet:-1, max-image-preview:large, max-video-preview:-1\" \/>\n<link rel=\"canonical\" href=\"https:\/\/vieassociative.be\/actualites\/tout-le-monde-est-a-nouveau-un-succes-direct-galerie-de-photos\/\" \/>\n<meta property=\"og:locale\" content=\"fr_FR\" \/>\n<meta property=\"og:type\" content=\"article\" \/>\n<meta property=\"og:title\" content=\"Tout le monde est \u00e0 nouveau un succ\u00e8s direct (galerie de photos) | Vie Associative\" \/>\n<meta property=\"og:description\" content=\"Chacun existe depuis 30 ans. Vendredi, samedi et dimanche, le groupe Eupen Cabaret a jou\u00e9 avec une nouvelle production dans le foyer du J\u00fcngelingshaus, \u00e0\" \/>\n<meta property=\"og:url\" content=\"https:\/\/vieassociative.be\/actualites\/tout-le-monde-est-a-nouveau-un-succes-direct-galerie-de-photos\/\" \/>\n<meta property=\"og:site_name\" content=\"Vie Associative\" \/>\n<meta property=\"article:published_time\" content=\"2025-03-20T02:17:27+00:00\" \/>\n<meta property=\"og:image\" content=\"https:\/\/vieassociative.be\/actualites\/wp-content\/uploads\/2024\/09\/header_backgroundk-01-e1726694325946.png\" \/>\n\t<meta property=\"og:image:width\" content=\"279\" \/>\n\t<meta property=\"og:image:height\" content=\"92\" \/>\n\t<meta property=\"og:image:type\" content=\"image\/png\" \/>\n<meta name=\"author\" content=\"Julien\" \/>\n<meta name=\"twitter:card\" content=\"summary_large_image\" \/>\n<meta name=\"twitter:label1\" content=\"\u00c9crit par\" \/>\n\t<meta name=\"twitter:data1\" content=\"Julien\" \/>\n\t<meta name=\"twitter:label2\" content=\"Dur\u00e9e de lecture est.\" \/>\n\t<meta name=\"twitter:data2\" content=\"5 minutes\" \/>\n<script type=\"application\/ld+json\" class=\"yoast-schema-graph\">{\"@context\":\"https:\/\/schema.org\",\"@graph\":[{\"@type\":\"Article\",\"@id\":\"https:\/\/vieassociative.be\/actualites\/tout-le-monde-est-a-nouveau-un-succes-direct-galerie-de-photos\/#article\",\"isPartOf\":{\"@id\":\"https:\/\/vieassociative.be\/actualites\/tout-le-monde-est-a-nouveau-un-succes-direct-galerie-de-photos\/\"},\"author\":{\"name\":\"Julien\",\"@id\":\"https:\/\/vieassociative.be\/actualites\/#\/schema\/person\/b87ac4f82f9d4e7b7cec7395b679edc4\"},\"headline\":\"Tout le monde est \u00e0 nouveau un succ\u00e8s direct (galerie de photos)\",\"datePublished\":\"2025-03-20T02:17:27+00:00\",\"dateModified\":\"2025-03-20T02:17:27+00:00\",\"mainEntityOfPage\":{\"@id\":\"https:\/\/vieassociative.be\/actualites\/tout-le-monde-est-a-nouveau-un-succes-direct-galerie-de-photos\/\"},\"wordCount\":1097,\"publisher\":{\"@id\":\"https:\/\/vieassociative.be\/actualites\/#organization\"},\"image\":{\"@id\":\"https:\/\/vieassociative.be\/actualites\/tout-le-monde-est-a-nouveau-un-succes-direct-galerie-de-photos\/#primaryimage\"},\"thumbnailUrl\":\"https:\/\/vieassociative.be\/actualites\/wp-content\/uploads\/2025\/03\/1742437048_Tout-le-monde-est-a-nouveau-un-succes-direct-galerie.jpg\",\"keywords\":[\"direct\",\"est\",\"galerie\",\"monde\",\"nouveau\",\"Photos\",\"succ\u00e8s\",\"tout\"],\"articleSection\":[\"Belgique\"],\"inLanguage\":\"fr-BE\"},{\"@type\":\"WebPage\",\"@id\":\"https:\/\/vieassociative.be\/actualites\/tout-le-monde-est-a-nouveau-un-succes-direct-galerie-de-photos\/\",\"url\":\"https:\/\/vieassociative.be\/actualites\/tout-le-monde-est-a-nouveau-un-succes-direct-galerie-de-photos\/\",\"name\":\"Tout le monde est \u00e0 nouveau un succ\u00e8s direct (galerie de photos) | Vie Associative\",\"isPartOf\":{\"@id\":\"https:\/\/vieassociative.be\/actualites\/#website\"},\"primaryImageOfPage\":{\"@id\":\"https:\/\/vieassociative.be\/actualites\/tout-le-monde-est-a-nouveau-un-succes-direct-galerie-de-photos\/#primaryimage\"},\"image\":{\"@id\":\"https:\/\/vieassociative.be\/actualites\/tout-le-monde-est-a-nouveau-un-succes-direct-galerie-de-photos\/#primaryimage\"},\"thumbnailUrl\":\"https:\/\/vieassociative.be\/actualites\/wp-content\/uploads\/2025\/03\/1742437048_Tout-le-monde-est-a-nouveau-un-succes-direct-galerie.jpg\",\"datePublished\":\"2025-03-20T02:17:27+00:00\",\"dateModified\":\"2025-03-20T02:17:27+00:00\",\"breadcrumb\":{\"@id\":\"https:\/\/vieassociative.be\/actualites\/tout-le-monde-est-a-nouveau-un-succes-direct-galerie-de-photos\/#breadcrumb\"},\"inLanguage\":\"fr-BE\",\"potentialAction\":[{\"@type\":\"ReadAction\",\"target\":[\"https:\/\/vieassociative.be\/actualites\/tout-le-monde-est-a-nouveau-un-succes-direct-galerie-de-photos\/\"]}]},{\"@type\":\"ImageObject\",\"inLanguage\":\"fr-BE\",\"@id\":\"https:\/\/vieassociative.be\/actualites\/tout-le-monde-est-a-nouveau-un-succes-direct-galerie-de-photos\/#primaryimage\",\"url\":\"https:\/\/vieassociative.be\/actualites\/wp-content\/uploads\/2025\/03\/1742437048_Tout-le-monde-est-a-nouveau-un-succes-direct-galerie.jpg\",\"contentUrl\":\"https:\/\/vieassociative.be\/actualites\/wp-content\/uploads\/2025\/03\/1742437048_Tout-le-monde-est-a-nouveau-un-succes-direct-galerie.jpg\",\"width\":1200,\"height\":900,\"caption\":\"Tout le monde est \u00e0 nouveau un succ\u00e8s direct (galerie de photos)\"},{\"@type\":\"BreadcrumbList\",\"@id\":\"https:\/\/vieassociative.be\/actualites\/tout-le-monde-est-a-nouveau-un-succes-direct-galerie-de-photos\/#breadcrumb\",\"itemListElement\":[{\"@type\":\"ListItem\",\"position\":1,\"name\":\"Accueil\",\"item\":\"https:\/\/vieassociative.be\/actualites\/\"},{\"@type\":\"ListItem\",\"position\":2,\"name\":\"Tout le monde est \u00e0 nouveau un succ\u00e8s direct (galerie de photos)\"}]},{\"@type\":\"WebSite\",\"@id\":\"https:\/\/vieassociative.be\/actualites\/#website\",\"url\":\"https:\/\/vieassociative.be\/actualites\/\",\"name\":\"Vie Associative\",\"description\":\"\",\"publisher\":{\"@id\":\"https:\/\/vieassociative.be\/actualites\/#organization\"},\"potentialAction\":[{\"@type\":\"SearchAction\",\"target\":{\"@type\":\"EntryPoint\",\"urlTemplate\":\"https:\/\/vieassociative.be\/actualites\/?s={search_term_string}\"},\"query-input\":{\"@type\":\"PropertyValueSpecification\",\"valueRequired\":true,\"valueName\":\"search_term_string\"}}],\"inLanguage\":\"fr-BE\"},{\"@type\":\"Organization\",\"@id\":\"https:\/\/vieassociative.be\/actualites\/#organization\",\"name\":\"Vie Associative\",\"url\":\"https:\/\/vieassociative.be\/actualites\/\",\"logo\":{\"@type\":\"ImageObject\",\"inLanguage\":\"fr-BE\",\"@id\":\"https:\/\/vieassociative.be\/actualites\/#\/schema\/logo\/image\/\",\"url\":\"https:\/\/vieassociative.be\/actualites\/wp-content\/uploads\/2024\/09\/cropped-vieassociative_favicon.ico.png\",\"contentUrl\":\"https:\/\/vieassociative.be\/actualites\/wp-content\/uploads\/2024\/09\/cropped-vieassociative_favicon.ico.png\",\"width\":512,\"height\":512,\"caption\":\"Vie Associative\"},\"image\":{\"@id\":\"https:\/\/vieassociative.be\/actualites\/#\/schema\/logo\/image\/\"}},{\"@type\":\"Person\",\"@id\":\"https:\/\/vieassociative.be\/actualites\/#\/schema\/person\/b87ac4f82f9d4e7b7cec7395b679edc4\",\"name\":\"Julien\",\"image\":{\"@type\":\"ImageObject\",\"inLanguage\":\"fr-BE\",\"@id\":\"https:\/\/vieassociative.be\/actualites\/#\/schema\/person\/image\/\",\"url\":\"https:\/\/vieassociative.be\/actualites\/wp-content\/uploads\/2024\/09\/vie-associative-1-150x150.jpg\",\"contentUrl\":\"https:\/\/vieassociative.be\/actualites\/wp-content\/uploads\/2024\/09\/vie-associative-1-150x150.jpg\",\"caption\":\"Julien\"},\"description\":\"Je suis Julien, r\u00e9dacteur pour Vie Associative. Passionn\u00e9 par le monde associatif depuis plus de 10 ans, j'ai \u00e0 c\u0153ur de partager des histoires inspirantes et de mettre en lumi\u00e8re les initiatives locales. Mon objectif est de sensibiliser et d'encourager l'engagement communautaire \u00e0 travers mes articles.\",\"sameAs\":[\"https:\/\/vieassociative.be\/\"]}]}<\/script>\n<!-- \/ Yoast SEO plugin. -->","yoast_head_json":{"title":"Tout le monde est \u00e0 nouveau un succ\u00e8s direct (galerie de photos) | Vie Associative","robots":{"index":"index","follow":"follow","max-snippet":"max-snippet:-1","max-image-preview":"max-image-preview:large","max-video-preview":"max-video-preview:-1"},"canonical":"https:\/\/vieassociative.be\/actualites\/tout-le-monde-est-a-nouveau-un-succes-direct-galerie-de-photos\/","og_locale":"fr_FR","og_type":"article","og_title":"Tout le monde est \u00e0 nouveau un succ\u00e8s direct (galerie de photos) | Vie Associative","og_description":"Chacun existe depuis 30 ans. Vendredi, samedi et dimanche, le groupe Eupen Cabaret a jou\u00e9 avec une nouvelle production dans le foyer du J\u00fcngelingshaus, \u00e0","og_url":"https:\/\/vieassociative.be\/actualites\/tout-le-monde-est-a-nouveau-un-succes-direct-galerie-de-photos\/","og_site_name":"Vie Associative","article_published_time":"2025-03-20T02:17:27+00:00","og_image":[{"width":279,"height":92,"url":"https:\/\/vieassociative.be\/actualites\/wp-content\/uploads\/2024\/09\/header_backgroundk-01-e1726694325946.png","type":"image\/png"}],"author":"Julien","twitter_card":"summary_large_image","twitter_misc":{"\u00c9crit par":"Julien","Dur\u00e9e de lecture est.":"5 minutes"},"schema":{"@context":"https:\/\/schema.org","@graph":[{"@type":"Article","@id":"https:\/\/vieassociative.be\/actualites\/tout-le-monde-est-a-nouveau-un-succes-direct-galerie-de-photos\/#article","isPartOf":{"@id":"https:\/\/vieassociative.be\/actualites\/tout-le-monde-est-a-nouveau-un-succes-direct-galerie-de-photos\/"},"author":{"name":"Julien","@id":"https:\/\/vieassociative.be\/actualites\/#\/schema\/person\/b87ac4f82f9d4e7b7cec7395b679edc4"},"headline":"Tout le monde est \u00e0 nouveau un succ\u00e8s direct (galerie de photos)","datePublished":"2025-03-20T02:17:27+00:00","dateModified":"2025-03-20T02:17:27+00:00","mainEntityOfPage":{"@id":"https:\/\/vieassociative.be\/actualites\/tout-le-monde-est-a-nouveau-un-succes-direct-galerie-de-photos\/"},"wordCount":1097,"publisher":{"@id":"https:\/\/vieassociative.be\/actualites\/#organization"},"image":{"@id":"https:\/\/vieassociative.be\/actualites\/tout-le-monde-est-a-nouveau-un-succes-direct-galerie-de-photos\/#primaryimage"},"thumbnailUrl":"https:\/\/vieassociative.be\/actualites\/wp-content\/uploads\/2025\/03\/1742437048_Tout-le-monde-est-a-nouveau-un-succes-direct-galerie.jpg","keywords":["direct","est","galerie","monde","nouveau","Photos","succ\u00e8s","tout"],"articleSection":["Belgique"],"inLanguage":"fr-BE"},{"@type":"WebPage","@id":"https:\/\/vieassociative.be\/actualites\/tout-le-monde-est-a-nouveau-un-succes-direct-galerie-de-photos\/","url":"https:\/\/vieassociative.be\/actualites\/tout-le-monde-est-a-nouveau-un-succes-direct-galerie-de-photos\/","name":"Tout le monde est \u00e0 nouveau un succ\u00e8s direct (galerie de photos) | Vie Associative","isPartOf":{"@id":"https:\/\/vieassociative.be\/actualites\/#website"},"primaryImageOfPage":{"@id":"https:\/\/vieassociative.be\/actualites\/tout-le-monde-est-a-nouveau-un-succes-direct-galerie-de-photos\/#primaryimage"},"image":{"@id":"https:\/\/vieassociative.be\/actualites\/tout-le-monde-est-a-nouveau-un-succes-direct-galerie-de-photos\/#primaryimage"},"thumbnailUrl":"https:\/\/vieassociative.be\/actualites\/wp-content\/uploads\/2025\/03\/1742437048_Tout-le-monde-est-a-nouveau-un-succes-direct-galerie.jpg","datePublished":"2025-03-20T02:17:27+00:00","dateModified":"2025-03-20T02:17:27+00:00","breadcrumb":{"@id":"https:\/\/vieassociative.be\/actualites\/tout-le-monde-est-a-nouveau-un-succes-direct-galerie-de-photos\/#breadcrumb"},"inLanguage":"fr-BE","potentialAction":[{"@type":"ReadAction","target":["https:\/\/vieassociative.be\/actualites\/tout-le-monde-est-a-nouveau-un-succes-direct-galerie-de-photos\/"]}]},{"@type":"ImageObject","inLanguage":"fr-BE","@id":"https:\/\/vieassociative.be\/actualites\/tout-le-monde-est-a-nouveau-un-succes-direct-galerie-de-photos\/#primaryimage","url":"https:\/\/vieassociative.be\/actualites\/wp-content\/uploads\/2025\/03\/1742437048_Tout-le-monde-est-a-nouveau-un-succes-direct-galerie.jpg","contentUrl":"https:\/\/vieassociative.be\/actualites\/wp-content\/uploads\/2025\/03\/1742437048_Tout-le-monde-est-a-nouveau-un-succes-direct-galerie.jpg","width":1200,"height":900,"caption":"Tout le monde est \u00e0 nouveau un succ\u00e8s direct (galerie de photos)"},{"@type":"BreadcrumbList","@id":"https:\/\/vieassociative.be\/actualites\/tout-le-monde-est-a-nouveau-un-succes-direct-galerie-de-photos\/#breadcrumb","itemListElement":[{"@type":"ListItem","position":1,"name":"Accueil","item":"https:\/\/vieassociative.be\/actualites\/"},{"@type":"ListItem","position":2,"name":"Tout le monde est \u00e0 nouveau un succ\u00e8s direct (galerie de photos)"}]},{"@type":"WebSite","@id":"https:\/\/vieassociative.be\/actualites\/#website","url":"https:\/\/vieassociative.be\/actualites\/","name":"Vie Associative","description":"","publisher":{"@id":"https:\/\/vieassociative.be\/actualites\/#organization"},"potentialAction":[{"@type":"SearchAction","target":{"@type":"EntryPoint","urlTemplate":"https:\/\/vieassociative.be\/actualites\/?s={search_term_string}"},"query-input":{"@type":"PropertyValueSpecification","valueRequired":true,"valueName":"search_term_string"}}],"inLanguage":"fr-BE"},{"@type":"Organization","@id":"https:\/\/vieassociative.be\/actualites\/#organization","name":"Vie Associative","url":"https:\/\/vieassociative.be\/actualites\/","logo":{"@type":"ImageObject","inLanguage":"fr-BE","@id":"https:\/\/vieassociative.be\/actualites\/#\/schema\/logo\/image\/","url":"https:\/\/vieassociative.be\/actualites\/wp-content\/uploads\/2024\/09\/cropped-vieassociative_favicon.ico.png","contentUrl":"https:\/\/vieassociative.be\/actualites\/wp-content\/uploads\/2024\/09\/cropped-vieassociative_favicon.ico.png","width":512,"height":512,"caption":"Vie Associative"},"image":{"@id":"https:\/\/vieassociative.be\/actualites\/#\/schema\/logo\/image\/"}},{"@type":"Person","@id":"https:\/\/vieassociative.be\/actualites\/#\/schema\/person\/b87ac4f82f9d4e7b7cec7395b679edc4","name":"Julien","image":{"@type":"ImageObject","inLanguage":"fr-BE","@id":"https:\/\/vieassociative.be\/actualites\/#\/schema\/person\/image\/","url":"https:\/\/vieassociative.be\/actualites\/wp-content\/uploads\/2024\/09\/vie-associative-1-150x150.jpg","contentUrl":"https:\/\/vieassociative.be\/actualites\/wp-content\/uploads\/2024\/09\/vie-associative-1-150x150.jpg","caption":"Julien"},"description":"Je suis Julien, r\u00e9dacteur pour Vie Associative. Passionn\u00e9 par le monde associatif depuis plus de 10 ans, j'ai \u00e0 c\u0153ur de partager des histoires inspirantes et de mettre en lumi\u00e8re les initiatives locales. Mon objectif est de sensibiliser et d'encourager l'engagement communautaire \u00e0 travers mes articles.","sameAs":["https:\/\/vieassociative.be\/"]}]}},"_links":{"self":[{"href":"https:\/\/vieassociative.be\/actualites\/wp-json\/wp\/v2\/posts\/6006"}],"collection":[{"href":"https:\/\/vieassociative.be\/actualites\/wp-json\/wp\/v2\/posts"}],"about":[{"href":"https:\/\/vieassociative.be\/actualites\/wp-json\/wp\/v2\/types\/post"}],"author":[{"embeddable":true,"href":"https:\/\/vieassociative.be\/actualites\/wp-json\/wp\/v2\/users\/1"}],"replies":[{"embeddable":true,"href":"https:\/\/vieassociative.be\/actualites\/wp-json\/wp\/v2\/comments?post=6006"}],"version-history":[{"count":0,"href":"https:\/\/vieassociative.be\/actualites\/wp-json\/wp\/v2\/posts\/6006\/revisions"}],"wp:featuredmedia":[{"embeddable":true,"href":"https:\/\/vieassociative.be\/actualites\/wp-json\/wp\/v2\/media\/6007"}],"wp:attachment":[{"href":"https:\/\/vieassociative.be\/actualites\/wp-json\/wp\/v2\/media?parent=6006"}],"wp:term":[{"taxonomy":"category","embeddable":true,"href":"https:\/\/vieassociative.be\/actualites\/wp-json\/wp\/v2\/categories?post=6006"},{"taxonomy":"post_tag","embeddable":true,"href":"https:\/\/vieassociative.be\/actualites\/wp-json\/wp\/v2\/tags?post=6006"}],"curies":[{"name":"wp","href":"https:\/\/api.w.org\/{rel}","templated":true}]}}