{"id":5990,"date":"2025-03-19T15:18:17","date_gmt":"2025-03-19T14:18:17","guid":{"rendered":"https:\/\/vieassociative.be\/actualites\/patrick-spies-appelle-a-des-mesures-accrues-pour-prevenir-les-incendies-de-foret-en-wallonie\/"},"modified":"2025-03-19T15:18:17","modified_gmt":"2025-03-19T14:18:17","slug":"patrick-spies-appelle-a-des-mesures-accrues-pour-prevenir-les-incendies-de-foret-en-wallonie","status":"publish","type":"post","link":"https:\/\/vieassociative.be\/actualites\/patrick-spies-appelle-a-des-mesures-accrues-pour-prevenir-les-incendies-de-foret-en-wallonie\/","title":{"rendered":"Patrick Spies appelle \u00e0 des mesures accrues pour pr\u00e9venir les incendies de for\u00eat en Wallonie"},"content":{"rendered":"<p><strong>Le d\u00e9put\u00e9 de Walloon, Patrick Spies (SP \/ PS), a demand\u00e9 \u00e0 la ministre r\u00e9gionale Anne-Catherine Dalcq (MR) des mesures existantes et planifi\u00e9es pour la pr\u00e9vention des incendies de for\u00eat en Wallonie lors de la r\u00e9cente r\u00e9union du Comit\u00e9 de l&rsquo;agriculture, de la chasse et du ministre des For\u00eats.<\/strong><\/p>\n<p><span id=\"more-411536\"><\/span>Les espions ont soulign\u00e9 l&rsquo;urgence d&rsquo;une strat\u00e9gie proactive pour \u00e9viter le feu et les combats, en particulier dans le contexte de l&rsquo;augmentation des d\u00e9fis climatiques.<\/p>\n<p>Les espions ont rappel\u00e9 qu&rsquo;environ 1 000 hectares d&rsquo;espace forestier \u00e0 High Venn ont \u00e9t\u00e9 d\u00e9truits par des incendies en 2011. Compte tenu de l&rsquo;augmentation des temp\u00e9ratures et de l&rsquo;augmentation des p\u00e9riodes s\u00e8ches, il n&rsquo;y a plus de question de savoir si de grands incendies de for\u00eat se produiront, mais seulement o\u00f9 et quand.<\/p>\n<div id=\"attachment_411538\" class=\"wp-caption alignleft\" style=\"max-width: 240px\"><img fetchpriority=\"high\" decoding=\"async\" class=\"wp-image-411538 size-medium\" src=\"https:\/\/vieassociative.be\/actualites\/wp-content\/uploads\/2025\/03\/Patrick-Spies-appelle-a-des-mesures-accrues-pour-prevenir-les.jpg\" alt=\"\" width=\"240\" height=\"300\"><\/p>\n<p class=\"wp-caption-text\">Le membre r\u00e9gional de Belge de l&rsquo;Est, Patrick Spies (SP \/ PS), au Parlement du Wallon. Photo: PS<\/p>\n<\/div>\n<p>\u00abNous devons nous assurer que la Wallonie est pr\u00e9par\u00e9e \u00e0 ce d\u00e9fi.<\/p>\n<p>Le ministre Dalcq a soulign\u00e9 que la pr\u00e9vention des incendies de for\u00eat dans les 74 r\u00e9solutions des \u00abAssises de la For\u00eat\u00bb a \u00e9t\u00e9 prise en compte, en particulier dans la r\u00e9solution n \u00b0 55 pour renforcer les \u00e9tudes et les mesures de pr\u00e9vention des risques. Elle a soulign\u00e9 que l&rsquo;administration travaille actuellement sur un plan de gestion de crise sp\u00e9cial pour les risques d&rsquo;incendie qui contiennent un aspect de pr\u00e9vention important.<\/p>\n<p>Un projet cl\u00e9 dans ce contexte est la cartographie continue des chemins forestiers pour am\u00e9liorer l&rsquo;acc\u00e8s aux services d&rsquo;urgence en cas d&rsquo;incendie. De plus, un \u00abbarom\u00e8tre \u00e0 risque d&rsquo;incendie\u00bb est en cours de d\u00e9veloppement afin de pouvoir r\u00e9agir aux dangers potentiels \u00e0 un stade pr\u00e9coce. Le DNF (D\u00e9partement de la nature et des For\u00eats) travaille en \u00e9troite collaboration avec l&rsquo;institution fran\u00e7aise \u00ab\u00a0Entente Valabre\u00a0\u00bb, qui a une vaste expertise dans la lutte contre les incendies de for\u00eat.<br \/>\nD&rsquo;autres mesures sont n\u00e9cessaires<\/p>\n<p>Patrick Spies a accueilli les initiatives pr\u00e9vues et d\u00e9j\u00e0 mises en \u0153uvre, mais a appel\u00e9 \u00e0 d&rsquo;autres \u00e9tapes sp\u00e9cifiques. En particulier, il a soulign\u00e9 la n\u00e9cessit\u00e9 d&rsquo;intensifier la coop\u00e9ration entre les services forestiers et les zones de sauvetage. En outre, il est crucial d&rsquo;inclure les propri\u00e9taires de for\u00eats priv\u00e9s dans les strat\u00e9gies de pr\u00e9vention et de renforcer les fonds pour l&rsquo;\u00e9quipement des services d&rsquo;urgence. \u00abNous ne sommes pas autoris\u00e9s \u00e0 agir s&rsquo;il est trop tard.<\/p>\n","protected":false},"excerpt":{"rendered":"<p>Le d\u00e9put\u00e9 de Walloon, Patrick Spies (SP \/ PS), a demand\u00e9 \u00e0 la ministre r\u00e9gionale Anne-Catherine Dalcq (MR) des mesures existantes et planifi\u00e9es pour la<\/p>\n","protected":false},"author":1,"featured_media":5991,"comment_status":"","ping_status":"","sticky":false,"template":"","format":"standard","meta":{"footnotes":""},"categories":[298],"tags":[5920,5218,29,3798,2943,14,5331,3954,81,380,5919,2970],"class_list":["post-5990","post","type-post","status-publish","format-standard","has-post-thumbnail","hentry","category-belgique","tag-accrues","tag-appelle","tag-des","tag-foret","tag-incendies","tag-les","tag-mesures","tag-patrick","tag-pour","tag-prevenir","tag-spies","tag-wallonie","generate-columns","tablet-grid-50","mobile-grid-100","grid-parent","grid-33"],"yoast_head":"<!-- This site is optimized with the Yoast SEO plugin v24.0 - https:\/\/yoast.com\/wordpress\/plugins\/seo\/ -->\n<title>Patrick Spies appelle \u00e0 des mesures accrues pour pr\u00e9venir les incendies de for\u00eat en Wallonie | Vie Associative<\/title>\n<meta name=\"robots\" content=\"index, follow, max-snippet:-1, max-image-preview:large, max-video-preview:-1\" \/>\n<link rel=\"canonical\" href=\"https:\/\/vieassociative.be\/actualites\/patrick-spies-appelle-a-des-mesures-accrues-pour-prevenir-les-incendies-de-foret-en-wallonie\/\" \/>\n<meta property=\"og:locale\" content=\"fr_FR\" \/>\n<meta property=\"og:type\" content=\"article\" \/>\n<meta property=\"og:title\" content=\"Patrick Spies appelle \u00e0 des mesures accrues pour pr\u00e9venir les incendies de for\u00eat en Wallonie | Vie Associative\" \/>\n<meta property=\"og:description\" content=\"Le d\u00e9put\u00e9 de Walloon, Patrick Spies (SP \/ PS), a demand\u00e9 \u00e0 la ministre r\u00e9gionale Anne-Catherine Dalcq (MR) des mesures existantes et planifi\u00e9es pour la\" \/>\n<meta property=\"og:url\" content=\"https:\/\/vieassociative.be\/actualites\/patrick-spies-appelle-a-des-mesures-accrues-pour-prevenir-les-incendies-de-foret-en-wallonie\/\" \/>\n<meta property=\"og:site_name\" content=\"Vie Associative\" \/>\n<meta property=\"article:published_time\" content=\"2025-03-19T14:18:17+00:00\" \/>\n<meta property=\"og:image\" content=\"https:\/\/vieassociative.be\/actualites\/wp-content\/uploads\/2024\/09\/header_backgroundk-01-e1726694325946.png\" \/>\n\t<meta property=\"og:image:width\" content=\"279\" \/>\n\t<meta property=\"og:image:height\" content=\"92\" \/>\n\t<meta property=\"og:image:type\" content=\"image\/png\" \/>\n<meta name=\"author\" content=\"Julien\" \/>\n<meta name=\"twitter:card\" content=\"summary_large_image\" \/>\n<meta name=\"twitter:label1\" content=\"\u00c9crit par\" \/>\n\t<meta name=\"twitter:data1\" content=\"Julien\" \/>\n\t<meta name=\"twitter:label2\" content=\"Dur\u00e9e de lecture est.\" \/>\n\t<meta name=\"twitter:data2\" content=\"2 minutes\" \/>\n<script type=\"application\/ld+json\" class=\"yoast-schema-graph\">{\"@context\":\"https:\/\/schema.org\",\"@graph\":[{\"@type\":\"Article\",\"@id\":\"https:\/\/vieassociative.be\/actualites\/patrick-spies-appelle-a-des-mesures-accrues-pour-prevenir-les-incendies-de-foret-en-wallonie\/#article\",\"isPartOf\":{\"@id\":\"https:\/\/vieassociative.be\/actualites\/patrick-spies-appelle-a-des-mesures-accrues-pour-prevenir-les-incendies-de-foret-en-wallonie\/\"},\"author\":{\"name\":\"Julien\",\"@id\":\"https:\/\/vieassociative.be\/actualites\/#\/schema\/person\/b87ac4f82f9d4e7b7cec7395b679edc4\"},\"headline\":\"Patrick Spies appelle \u00e0 des mesures accrues pour pr\u00e9venir les incendies de for\u00eat en Wallonie\",\"datePublished\":\"2025-03-19T14:18:17+00:00\",\"dateModified\":\"2025-03-19T14:18:17+00:00\",\"mainEntityOfPage\":{\"@id\":\"https:\/\/vieassociative.be\/actualites\/patrick-spies-appelle-a-des-mesures-accrues-pour-prevenir-les-incendies-de-foret-en-wallonie\/\"},\"wordCount\":458,\"publisher\":{\"@id\":\"https:\/\/vieassociative.be\/actualites\/#organization\"},\"image\":{\"@id\":\"https:\/\/vieassociative.be\/actualites\/patrick-spies-appelle-a-des-mesures-accrues-pour-prevenir-les-incendies-de-foret-en-wallonie\/#primaryimage\"},\"thumbnailUrl\":\"https:\/\/vieassociative.be\/actualites\/wp-content\/uploads\/2025\/03\/Patrick-Spies-appelle-a-des-mesures-accrues-pour-prevenir-les.jpeg\",\"keywords\":[\"accrues\",\"appelle\",\"Des\",\"for\u00eat\",\"incendies\",\"Les\",\"mesures\",\"Patrick\",\"pour\",\"pr\u00e9venir\",\"Spies\",\"Wallonie\"],\"articleSection\":[\"Belgique\"],\"inLanguage\":\"fr-BE\"},{\"@type\":\"WebPage\",\"@id\":\"https:\/\/vieassociative.be\/actualites\/patrick-spies-appelle-a-des-mesures-accrues-pour-prevenir-les-incendies-de-foret-en-wallonie\/\",\"url\":\"https:\/\/vieassociative.be\/actualites\/patrick-spies-appelle-a-des-mesures-accrues-pour-prevenir-les-incendies-de-foret-en-wallonie\/\",\"name\":\"Patrick Spies appelle \u00e0 des mesures accrues pour pr\u00e9venir les incendies de for\u00eat en Wallonie | Vie Associative\",\"isPartOf\":{\"@id\":\"https:\/\/vieassociative.be\/actualites\/#website\"},\"primaryImageOfPage\":{\"@id\":\"https:\/\/vieassociative.be\/actualites\/patrick-spies-appelle-a-des-mesures-accrues-pour-prevenir-les-incendies-de-foret-en-wallonie\/#primaryimage\"},\"image\":{\"@id\":\"https:\/\/vieassociative.be\/actualites\/patrick-spies-appelle-a-des-mesures-accrues-pour-prevenir-les-incendies-de-foret-en-wallonie\/#primaryimage\"},\"thumbnailUrl\":\"https:\/\/vieassociative.be\/actualites\/wp-content\/uploads\/2025\/03\/Patrick-Spies-appelle-a-des-mesures-accrues-pour-prevenir-les.jpeg\",\"datePublished\":\"2025-03-19T14:18:17+00:00\",\"dateModified\":\"2025-03-19T14:18:17+00:00\",\"breadcrumb\":{\"@id\":\"https:\/\/vieassociative.be\/actualites\/patrick-spies-appelle-a-des-mesures-accrues-pour-prevenir-les-incendies-de-foret-en-wallonie\/#breadcrumb\"},\"inLanguage\":\"fr-BE\",\"potentialAction\":[{\"@type\":\"ReadAction\",\"target\":[\"https:\/\/vieassociative.be\/actualites\/patrick-spies-appelle-a-des-mesures-accrues-pour-prevenir-les-incendies-de-foret-en-wallonie\/\"]}]},{\"@type\":\"ImageObject\",\"inLanguage\":\"fr-BE\",\"@id\":\"https:\/\/vieassociative.be\/actualites\/patrick-spies-appelle-a-des-mesures-accrues-pour-prevenir-les-incendies-de-foret-en-wallonie\/#primaryimage\",\"url\":\"https:\/\/vieassociative.be\/actualites\/wp-content\/uploads\/2025\/03\/Patrick-Spies-appelle-a-des-mesures-accrues-pour-prevenir-les.jpeg\",\"contentUrl\":\"https:\/\/vieassociative.be\/actualites\/wp-content\/uploads\/2025\/03\/Patrick-Spies-appelle-a-des-mesures-accrues-pour-prevenir-les.jpeg\",\"width\":1200,\"height\":856,\"caption\":\"Patrick Spies appelle \u00e0 des mesures accrues pour pr\u00e9venir les incendies de for\u00eat en Wallonie\"},{\"@type\":\"BreadcrumbList\",\"@id\":\"https:\/\/vieassociative.be\/actualites\/patrick-spies-appelle-a-des-mesures-accrues-pour-prevenir-les-incendies-de-foret-en-wallonie\/#breadcrumb\",\"itemListElement\":[{\"@type\":\"ListItem\",\"position\":1,\"name\":\"Accueil\",\"item\":\"https:\/\/vieassociative.be\/actualites\/\"},{\"@type\":\"ListItem\",\"position\":2,\"name\":\"Patrick Spies appelle \u00e0 des mesures accrues pour pr\u00e9venir les incendies de for\u00eat en Wallonie\"}]},{\"@type\":\"WebSite\",\"@id\":\"https:\/\/vieassociative.be\/actualites\/#website\",\"url\":\"https:\/\/vieassociative.be\/actualites\/\",\"name\":\"Vie Associative\",\"description\":\"\",\"publisher\":{\"@id\":\"https:\/\/vieassociative.be\/actualites\/#organization\"},\"potentialAction\":[{\"@type\":\"SearchAction\",\"target\":{\"@type\":\"EntryPoint\",\"urlTemplate\":\"https:\/\/vieassociative.be\/actualites\/?s={search_term_string}\"},\"query-input\":{\"@type\":\"PropertyValueSpecification\",\"valueRequired\":true,\"valueName\":\"search_term_string\"}}],\"inLanguage\":\"fr-BE\"},{\"@type\":\"Organization\",\"@id\":\"https:\/\/vieassociative.be\/actualites\/#organization\",\"name\":\"Vie Associative\",\"url\":\"https:\/\/vieassociative.be\/actualites\/\",\"logo\":{\"@type\":\"ImageObject\",\"inLanguage\":\"fr-BE\",\"@id\":\"https:\/\/vieassociative.be\/actualites\/#\/schema\/logo\/image\/\",\"url\":\"https:\/\/vieassociative.be\/actualites\/wp-content\/uploads\/2024\/09\/cropped-vieassociative_favicon.ico.png\",\"contentUrl\":\"https:\/\/vieassociative.be\/actualites\/wp-content\/uploads\/2024\/09\/cropped-vieassociative_favicon.ico.png\",\"width\":512,\"height\":512,\"caption\":\"Vie Associative\"},\"image\":{\"@id\":\"https:\/\/vieassociative.be\/actualites\/#\/schema\/logo\/image\/\"}},{\"@type\":\"Person\",\"@id\":\"https:\/\/vieassociative.be\/actualites\/#\/schema\/person\/b87ac4f82f9d4e7b7cec7395b679edc4\",\"name\":\"Julien\",\"image\":{\"@type\":\"ImageObject\",\"inLanguage\":\"fr-BE\",\"@id\":\"https:\/\/vieassociative.be\/actualites\/#\/schema\/person\/image\/\",\"url\":\"https:\/\/vieassociative.be\/actualites\/wp-content\/uploads\/2024\/09\/vie-associative-1-150x150.jpg\",\"contentUrl\":\"https:\/\/vieassociative.be\/actualites\/wp-content\/uploads\/2024\/09\/vie-associative-1-150x150.jpg\",\"caption\":\"Julien\"},\"description\":\"Je suis Julien, r\u00e9dacteur pour Vie Associative. Passionn\u00e9 par le monde associatif depuis plus de 10 ans, j'ai \u00e0 c\u0153ur de partager des histoires inspirantes et de mettre en lumi\u00e8re les initiatives locales. Mon objectif est de sensibiliser et d'encourager l'engagement communautaire \u00e0 travers mes articles.\",\"sameAs\":[\"https:\/\/vieassociative.be\/\"]}]}<\/script>\n<!-- \/ Yoast SEO plugin. -->","yoast_head_json":{"title":"Patrick Spies appelle \u00e0 des mesures accrues pour pr\u00e9venir les incendies de for\u00eat en Wallonie | Vie Associative","robots":{"index":"index","follow":"follow","max-snippet":"max-snippet:-1","max-image-preview":"max-image-preview:large","max-video-preview":"max-video-preview:-1"},"canonical":"https:\/\/vieassociative.be\/actualites\/patrick-spies-appelle-a-des-mesures-accrues-pour-prevenir-les-incendies-de-foret-en-wallonie\/","og_locale":"fr_FR","og_type":"article","og_title":"Patrick Spies appelle \u00e0 des mesures accrues pour pr\u00e9venir les incendies de for\u00eat en Wallonie | Vie Associative","og_description":"Le d\u00e9put\u00e9 de Walloon, Patrick Spies (SP \/ PS), a demand\u00e9 \u00e0 la ministre r\u00e9gionale Anne-Catherine Dalcq (MR) des mesures existantes et planifi\u00e9es pour la","og_url":"https:\/\/vieassociative.be\/actualites\/patrick-spies-appelle-a-des-mesures-accrues-pour-prevenir-les-incendies-de-foret-en-wallonie\/","og_site_name":"Vie Associative","article_published_time":"2025-03-19T14:18:17+00:00","og_image":[{"width":279,"height":92,"url":"https:\/\/vieassociative.be\/actualites\/wp-content\/uploads\/2024\/09\/header_backgroundk-01-e1726694325946.png","type":"image\/png"}],"author":"Julien","twitter_card":"summary_large_image","twitter_misc":{"\u00c9crit par":"Julien","Dur\u00e9e de lecture est.":"2 minutes"},"schema":{"@context":"https:\/\/schema.org","@graph":[{"@type":"Article","@id":"https:\/\/vieassociative.be\/actualites\/patrick-spies-appelle-a-des-mesures-accrues-pour-prevenir-les-incendies-de-foret-en-wallonie\/#article","isPartOf":{"@id":"https:\/\/vieassociative.be\/actualites\/patrick-spies-appelle-a-des-mesures-accrues-pour-prevenir-les-incendies-de-foret-en-wallonie\/"},"author":{"name":"Julien","@id":"https:\/\/vieassociative.be\/actualites\/#\/schema\/person\/b87ac4f82f9d4e7b7cec7395b679edc4"},"headline":"Patrick Spies appelle \u00e0 des mesures accrues pour pr\u00e9venir les incendies de for\u00eat en Wallonie","datePublished":"2025-03-19T14:18:17+00:00","dateModified":"2025-03-19T14:18:17+00:00","mainEntityOfPage":{"@id":"https:\/\/vieassociative.be\/actualites\/patrick-spies-appelle-a-des-mesures-accrues-pour-prevenir-les-incendies-de-foret-en-wallonie\/"},"wordCount":458,"publisher":{"@id":"https:\/\/vieassociative.be\/actualites\/#organization"},"image":{"@id":"https:\/\/vieassociative.be\/actualites\/patrick-spies-appelle-a-des-mesures-accrues-pour-prevenir-les-incendies-de-foret-en-wallonie\/#primaryimage"},"thumbnailUrl":"https:\/\/vieassociative.be\/actualites\/wp-content\/uploads\/2025\/03\/Patrick-Spies-appelle-a-des-mesures-accrues-pour-prevenir-les.jpeg","keywords":["accrues","appelle","Des","for\u00eat","incendies","Les","mesures","Patrick","pour","pr\u00e9venir","Spies","Wallonie"],"articleSection":["Belgique"],"inLanguage":"fr-BE"},{"@type":"WebPage","@id":"https:\/\/vieassociative.be\/actualites\/patrick-spies-appelle-a-des-mesures-accrues-pour-prevenir-les-incendies-de-foret-en-wallonie\/","url":"https:\/\/vieassociative.be\/actualites\/patrick-spies-appelle-a-des-mesures-accrues-pour-prevenir-les-incendies-de-foret-en-wallonie\/","name":"Patrick Spies appelle \u00e0 des mesures accrues pour pr\u00e9venir les incendies de for\u00eat en Wallonie | Vie Associative","isPartOf":{"@id":"https:\/\/vieassociative.be\/actualites\/#website"},"primaryImageOfPage":{"@id":"https:\/\/vieassociative.be\/actualites\/patrick-spies-appelle-a-des-mesures-accrues-pour-prevenir-les-incendies-de-foret-en-wallonie\/#primaryimage"},"image":{"@id":"https:\/\/vieassociative.be\/actualites\/patrick-spies-appelle-a-des-mesures-accrues-pour-prevenir-les-incendies-de-foret-en-wallonie\/#primaryimage"},"thumbnailUrl":"https:\/\/vieassociative.be\/actualites\/wp-content\/uploads\/2025\/03\/Patrick-Spies-appelle-a-des-mesures-accrues-pour-prevenir-les.jpeg","datePublished":"2025-03-19T14:18:17+00:00","dateModified":"2025-03-19T14:18:17+00:00","breadcrumb":{"@id":"https:\/\/vieassociative.be\/actualites\/patrick-spies-appelle-a-des-mesures-accrues-pour-prevenir-les-incendies-de-foret-en-wallonie\/#breadcrumb"},"inLanguage":"fr-BE","potentialAction":[{"@type":"ReadAction","target":["https:\/\/vieassociative.be\/actualites\/patrick-spies-appelle-a-des-mesures-accrues-pour-prevenir-les-incendies-de-foret-en-wallonie\/"]}]},{"@type":"ImageObject","inLanguage":"fr-BE","@id":"https:\/\/vieassociative.be\/actualites\/patrick-spies-appelle-a-des-mesures-accrues-pour-prevenir-les-incendies-de-foret-en-wallonie\/#primaryimage","url":"https:\/\/vieassociative.be\/actualites\/wp-content\/uploads\/2025\/03\/Patrick-Spies-appelle-a-des-mesures-accrues-pour-prevenir-les.jpeg","contentUrl":"https:\/\/vieassociative.be\/actualites\/wp-content\/uploads\/2025\/03\/Patrick-Spies-appelle-a-des-mesures-accrues-pour-prevenir-les.jpeg","width":1200,"height":856,"caption":"Patrick Spies appelle \u00e0 des mesures accrues pour pr\u00e9venir les incendies de for\u00eat en Wallonie"},{"@type":"BreadcrumbList","@id":"https:\/\/vieassociative.be\/actualites\/patrick-spies-appelle-a-des-mesures-accrues-pour-prevenir-les-incendies-de-foret-en-wallonie\/#breadcrumb","itemListElement":[{"@type":"ListItem","position":1,"name":"Accueil","item":"https:\/\/vieassociative.be\/actualites\/"},{"@type":"ListItem","position":2,"name":"Patrick Spies appelle \u00e0 des mesures accrues pour pr\u00e9venir les incendies de for\u00eat en Wallonie"}]},{"@type":"WebSite","@id":"https:\/\/vieassociative.be\/actualites\/#website","url":"https:\/\/vieassociative.be\/actualites\/","name":"Vie Associative","description":"","publisher":{"@id":"https:\/\/vieassociative.be\/actualites\/#organization"},"potentialAction":[{"@type":"SearchAction","target":{"@type":"EntryPoint","urlTemplate":"https:\/\/vieassociative.be\/actualites\/?s={search_term_string}"},"query-input":{"@type":"PropertyValueSpecification","valueRequired":true,"valueName":"search_term_string"}}],"inLanguage":"fr-BE"},{"@type":"Organization","@id":"https:\/\/vieassociative.be\/actualites\/#organization","name":"Vie Associative","url":"https:\/\/vieassociative.be\/actualites\/","logo":{"@type":"ImageObject","inLanguage":"fr-BE","@id":"https:\/\/vieassociative.be\/actualites\/#\/schema\/logo\/image\/","url":"https:\/\/vieassociative.be\/actualites\/wp-content\/uploads\/2024\/09\/cropped-vieassociative_favicon.ico.png","contentUrl":"https:\/\/vieassociative.be\/actualites\/wp-content\/uploads\/2024\/09\/cropped-vieassociative_favicon.ico.png","width":512,"height":512,"caption":"Vie Associative"},"image":{"@id":"https:\/\/vieassociative.be\/actualites\/#\/schema\/logo\/image\/"}},{"@type":"Person","@id":"https:\/\/vieassociative.be\/actualites\/#\/schema\/person\/b87ac4f82f9d4e7b7cec7395b679edc4","name":"Julien","image":{"@type":"ImageObject","inLanguage":"fr-BE","@id":"https:\/\/vieassociative.be\/actualites\/#\/schema\/person\/image\/","url":"https:\/\/vieassociative.be\/actualites\/wp-content\/uploads\/2024\/09\/vie-associative-1-150x150.jpg","contentUrl":"https:\/\/vieassociative.be\/actualites\/wp-content\/uploads\/2024\/09\/vie-associative-1-150x150.jpg","caption":"Julien"},"description":"Je suis Julien, r\u00e9dacteur pour Vie Associative. Passionn\u00e9 par le monde associatif depuis plus de 10 ans, j'ai \u00e0 c\u0153ur de partager des histoires inspirantes et de mettre en lumi\u00e8re les initiatives locales. Mon objectif est de sensibiliser et d'encourager l'engagement communautaire \u00e0 travers mes articles.","sameAs":["https:\/\/vieassociative.be\/"]}]}},"_links":{"self":[{"href":"https:\/\/vieassociative.be\/actualites\/wp-json\/wp\/v2\/posts\/5990"}],"collection":[{"href":"https:\/\/vieassociative.be\/actualites\/wp-json\/wp\/v2\/posts"}],"about":[{"href":"https:\/\/vieassociative.be\/actualites\/wp-json\/wp\/v2\/types\/post"}],"author":[{"embeddable":true,"href":"https:\/\/vieassociative.be\/actualites\/wp-json\/wp\/v2\/users\/1"}],"replies":[{"embeddable":true,"href":"https:\/\/vieassociative.be\/actualites\/wp-json\/wp\/v2\/comments?post=5990"}],"version-history":[{"count":0,"href":"https:\/\/vieassociative.be\/actualites\/wp-json\/wp\/v2\/posts\/5990\/revisions"}],"wp:featuredmedia":[{"embeddable":true,"href":"https:\/\/vieassociative.be\/actualites\/wp-json\/wp\/v2\/media\/5991"}],"wp:attachment":[{"href":"https:\/\/vieassociative.be\/actualites\/wp-json\/wp\/v2\/media?parent=5990"}],"wp:term":[{"taxonomy":"category","embeddable":true,"href":"https:\/\/vieassociative.be\/actualites\/wp-json\/wp\/v2\/categories?post=5990"},{"taxonomy":"post_tag","embeddable":true,"href":"https:\/\/vieassociative.be\/actualites\/wp-json\/wp\/v2\/tags?post=5990"}],"curies":[{"name":"wp","href":"https:\/\/api.w.org\/{rel}","templated":true}]}}