{"id":5981,"date":"2025-03-19T03:16:59","date_gmt":"2025-03-19T02:16:59","guid":{"rendered":"https:\/\/vieassociative.be\/actualites\/lies-et-malentendus-courtois-explique-son-depoussierage-de-lentraineur-ex-national-tedesco\/"},"modified":"2025-03-19T03:16:59","modified_gmt":"2025-03-19T02:16:59","slug":"lies-et-malentendus-courtois-explique-son-depoussierage-de-lentraineur-ex-national-tedesco","status":"publish","type":"post","link":"https:\/\/vieassociative.be\/actualites\/lies-et-malentendus-courtois-explique-son-depoussierage-de-lentraineur-ex-national-tedesco\/","title":{"rendered":"\u00ab\u00a0Lies et malentendus\u00a0\u00bb: Courtois explique son d\u00e9poussi\u00e9rage de l&rsquo;entra\u00eeneur ex-national Tedesco"},"content":{"rendered":"<p><strong>Thibaut Courtois est de retour avec les Red Devils. Le gardien de but, qui \u00e9tait dans le corps \u00e0 corps avec le pr\u00e9c\u00e9dent entra\u00eeneur national belge Domenico Tedesco depuis juin 2023, a \u00e9t\u00e9 rappel\u00e9 par son successeur Rudi Garcia. Le gardien de but mondial des deux temps du Real Madrid et Youri Tielemans a pris la presse mardi pour expliquer ce qui n&rsquo;est pas si facile \u00e0 expliquer.<\/strong><\/p>\n<p><span id=\"more-411465\"><\/span>Dans l&rsquo;introduction, la Belgian Football Association a clairement indiqu\u00e9 par le biais de son nouvel agent de presse David Steegen qu&rsquo;une conversation a eu lieu lundi. De plus, Courtois s&rsquo;est excus\u00e9 dans une interview avec ses co\u00e9quipiers et fans dans une interview en d\u00e9cembre 2023.<\/p>\n<p>\u00abNous nous allions bien avec le groupe lundi. 32 ans, que de nombreux experts pensent au meilleur gardien de but du monde.<\/p>\n<\/p>\n<div id=\"attachment_411472\" class=\"wp-caption alignleft\" style=\"max-width: 300px\"><img fetchpriority=\"high\" decoding=\"async\" class=\"wp-image-411472 size-medium\" src=\"https:\/\/vieassociative.be\/actualites\/wp-content\/uploads\/2025\/03\/Lies-et-malentendus-Courtois-explique-son-depoussierage-de-lentraineur-ex-national.jpg\" alt=\"\" width=\"300\" height=\"200\"><\/p>\n<p class=\"wp-caption-text\">04.03.2025, Espagne, Madrid: le gardien de but Thibaut Courtois du Real Madrid applaudit les fans \u00e0 la fin du match contre l&rsquo;Atl\u00e9tico Madrid. Photo: Manu Fernandez \/ AP \/ DPA<\/p>\n<\/div>\n<p>Courtois faisait \u00e9videmment attention \u00e0 ne pas nommer le nom Domenico Tedesco. \u00ab\u00a0La saison \u00e9tait trop. Je n&rsquo;ai pas le personnage le plus simple.<\/p>\n<p>Et qu&rsquo;en est-il des mauvais brassards lors de son mariage et des tweets? \u00abC&rsquo;\u00e9tait quelques mensonges que vous deviez \u00eatre dirig\u00e9 \u00e0 ce moment.<\/p>\n<\/p>\n<div id=\"attachment_354463\" class=\"wp-caption alignleft\" style=\"max-width: 300px\"><img decoding=\"async\" class=\"wp-image-354463 size-medium\" src=\"https:\/\/vieassociative.be\/actualites\/wp-content\/uploads\/2025\/03\/Lies-et-malentendus-Courtois-explique-son-depoussierage-de-lentraineur-ex-national.png\" alt=\"\" width=\"300\" height=\"165\"  ><\/p>\n<p class=\"wp-caption-text\">Le diff\u00e9rend entre Thibaut Courtois et Domenico Tedesco apr\u00e8s le 1-1 entre la Belgique et l&rsquo;Autriche en juin 2023 valait m\u00eame le titre de la presse allemande Boulevard. Photo: Capture d&rsquo;\u00e9cran Bild.de<\/p>\n<\/div>\n<p>\u00abIl est difficile de dire si la situation serait diff\u00e9rente.<\/p>\n<p>Puis il a \u00e9t\u00e9 interrog\u00e9 sur Koen Casteels de l&rsquo;\u00e9quipe nationale. \u00abJe comprends qu&rsquo;il n&rsquo;est pas heureux de faire le droit de faire le droit de faire quelques critiques.<\/p>\n<p>Depuis le 17 juin 2023, Courtois n&rsquo;est plus dans l&rsquo;objectif du Red Devil. Il devrait jouer son 103e match international jeudi \u00e0 Murcia en espagnol. Pour la Belgian Football Association et pour le nouvel entra\u00eeneur national Rudi Garcia, l&rsquo;affaire Courtois Tedesco s&rsquo;est termin\u00e9e une fois pour toutes. (Cre)<\/p>\n","protected":false},"excerpt":{"rendered":"<p>Thibaut Courtois est de retour avec les Red Devils. Le gardien de but, qui \u00e9tait dans le corps \u00e0 corps avec le pr\u00e9c\u00e9dent entra\u00eeneur national<\/p>\n","protected":false},"author":1,"featured_media":5982,"comment_status":"","ping_status":"","sticky":false,"template":"","format":"standard","meta":{"footnotes":""},"categories":[298],"tags":[5753,5914,5915,5913,3314,4482,5912,800,3273],"class_list":["post-5981","post","type-post","status-publish","format-standard","has-post-thumbnail","hentry","category-belgique","tag-courtois","tag-depoussierage","tag-exnational","tag-explique","tag-lentraineur","tag-lies","tag-malentendus","tag-son","tag-tedesco","generate-columns","tablet-grid-50","mobile-grid-100","grid-parent","grid-33"],"yoast_head":"<!-- This site is optimized with the Yoast SEO plugin v24.0 - https:\/\/yoast.com\/wordpress\/plugins\/seo\/ -->\n<title>&quot;Lies et malentendus&quot;: Courtois explique son d\u00e9poussi\u00e9rage de l&#039;entra\u00eeneur ex-national Tedesco | Vie Associative<\/title>\n<meta name=\"robots\" content=\"index, follow, max-snippet:-1, max-image-preview:large, max-video-preview:-1\" \/>\n<link rel=\"canonical\" href=\"https:\/\/vieassociative.be\/actualites\/lies-et-malentendus-courtois-explique-son-depoussierage-de-lentraineur-ex-national-tedesco\/\" \/>\n<meta property=\"og:locale\" content=\"fr_FR\" \/>\n<meta property=\"og:type\" content=\"article\" \/>\n<meta property=\"og:title\" content=\"&quot;Lies et malentendus&quot;: Courtois explique son d\u00e9poussi\u00e9rage de l&#039;entra\u00eeneur ex-national Tedesco | Vie Associative\" \/>\n<meta property=\"og:description\" content=\"Thibaut Courtois est de retour avec les Red Devils. Le gardien de but, qui \u00e9tait dans le corps \u00e0 corps avec le pr\u00e9c\u00e9dent entra\u00eeneur national\" \/>\n<meta property=\"og:url\" content=\"https:\/\/vieassociative.be\/actualites\/lies-et-malentendus-courtois-explique-son-depoussierage-de-lentraineur-ex-national-tedesco\/\" \/>\n<meta property=\"og:site_name\" content=\"Vie Associative\" \/>\n<meta property=\"article:published_time\" content=\"2025-03-19T02:16:59+00:00\" \/>\n<meta property=\"og:image\" content=\"https:\/\/vieassociative.be\/actualites\/wp-content\/uploads\/2024\/09\/header_backgroundk-01-e1726694325946.png\" \/>\n\t<meta property=\"og:image:width\" content=\"279\" \/>\n\t<meta property=\"og:image:height\" content=\"92\" \/>\n\t<meta property=\"og:image:type\" content=\"image\/png\" \/>\n<meta name=\"author\" content=\"Julien\" \/>\n<meta name=\"twitter:card\" content=\"summary_large_image\" \/>\n<meta name=\"twitter:label1\" content=\"\u00c9crit par\" \/>\n\t<meta name=\"twitter:data1\" content=\"Julien\" \/>\n\t<meta name=\"twitter:label2\" content=\"Dur\u00e9e de lecture est.\" \/>\n\t<meta name=\"twitter:data2\" content=\"2 minutes\" \/>\n<script type=\"application\/ld+json\" class=\"yoast-schema-graph\">{\"@context\":\"https:\/\/schema.org\",\"@graph\":[{\"@type\":\"Article\",\"@id\":\"https:\/\/vieassociative.be\/actualites\/lies-et-malentendus-courtois-explique-son-depoussierage-de-lentraineur-ex-national-tedesco\/#article\",\"isPartOf\":{\"@id\":\"https:\/\/vieassociative.be\/actualites\/lies-et-malentendus-courtois-explique-son-depoussierage-de-lentraineur-ex-national-tedesco\/\"},\"author\":{\"name\":\"Julien\",\"@id\":\"https:\/\/vieassociative.be\/actualites\/#\/schema\/person\/b87ac4f82f9d4e7b7cec7395b679edc4\"},\"headline\":\"\u00ab\u00a0Lies et malentendus\u00a0\u00bb: Courtois explique son d\u00e9poussi\u00e9rage de l&rsquo;entra\u00eeneur ex-national Tedesco\",\"datePublished\":\"2025-03-19T02:16:59+00:00\",\"dateModified\":\"2025-03-19T02:16:59+00:00\",\"mainEntityOfPage\":{\"@id\":\"https:\/\/vieassociative.be\/actualites\/lies-et-malentendus-courtois-explique-son-depoussierage-de-lentraineur-ex-national-tedesco\/\"},\"wordCount\":362,\"publisher\":{\"@id\":\"https:\/\/vieassociative.be\/actualites\/#organization\"},\"image\":{\"@id\":\"https:\/\/vieassociative.be\/actualites\/lies-et-malentendus-courtois-explique-son-depoussierage-de-lentraineur-ex-national-tedesco\/#primaryimage\"},\"thumbnailUrl\":\"https:\/\/vieassociative.be\/actualites\/wp-content\/uploads\/2025\/03\/1742350619_Lies-et-malentendus-Courtois-explique-son-depoussierage-de-lentraineur-ex-national.jpg\",\"keywords\":[\"Courtois\",\"d\u00e9poussi\u00e9rage\",\"exnational\",\"explique\",\"lentra\u00eeneur\",\"li\u00e9s\",\"malentendus\",\"son\",\"Tedesco\"],\"articleSection\":[\"Belgique\"],\"inLanguage\":\"fr-BE\"},{\"@type\":\"WebPage\",\"@id\":\"https:\/\/vieassociative.be\/actualites\/lies-et-malentendus-courtois-explique-son-depoussierage-de-lentraineur-ex-national-tedesco\/\",\"url\":\"https:\/\/vieassociative.be\/actualites\/lies-et-malentendus-courtois-explique-son-depoussierage-de-lentraineur-ex-national-tedesco\/\",\"name\":\"\\\"Lies et malentendus\\\": Courtois explique son d\u00e9poussi\u00e9rage de l'entra\u00eeneur ex-national Tedesco | Vie Associative\",\"isPartOf\":{\"@id\":\"https:\/\/vieassociative.be\/actualites\/#website\"},\"primaryImageOfPage\":{\"@id\":\"https:\/\/vieassociative.be\/actualites\/lies-et-malentendus-courtois-explique-son-depoussierage-de-lentraineur-ex-national-tedesco\/#primaryimage\"},\"image\":{\"@id\":\"https:\/\/vieassociative.be\/actualites\/lies-et-malentendus-courtois-explique-son-depoussierage-de-lentraineur-ex-national-tedesco\/#primaryimage\"},\"thumbnailUrl\":\"https:\/\/vieassociative.be\/actualites\/wp-content\/uploads\/2025\/03\/1742350619_Lies-et-malentendus-Courtois-explique-son-depoussierage-de-lentraineur-ex-national.jpg\",\"datePublished\":\"2025-03-19T02:16:59+00:00\",\"dateModified\":\"2025-03-19T02:16:59+00:00\",\"breadcrumb\":{\"@id\":\"https:\/\/vieassociative.be\/actualites\/lies-et-malentendus-courtois-explique-son-depoussierage-de-lentraineur-ex-national-tedesco\/#breadcrumb\"},\"inLanguage\":\"fr-BE\",\"potentialAction\":[{\"@type\":\"ReadAction\",\"target\":[\"https:\/\/vieassociative.be\/actualites\/lies-et-malentendus-courtois-explique-son-depoussierage-de-lentraineur-ex-national-tedesco\/\"]}]},{\"@type\":\"ImageObject\",\"inLanguage\":\"fr-BE\",\"@id\":\"https:\/\/vieassociative.be\/actualites\/lies-et-malentendus-courtois-explique-son-depoussierage-de-lentraineur-ex-national-tedesco\/#primaryimage\",\"url\":\"https:\/\/vieassociative.be\/actualites\/wp-content\/uploads\/2025\/03\/1742350619_Lies-et-malentendus-Courtois-explique-son-depoussierage-de-lentraineur-ex-national.jpg\",\"contentUrl\":\"https:\/\/vieassociative.be\/actualites\/wp-content\/uploads\/2025\/03\/1742350619_Lies-et-malentendus-Courtois-explique-son-depoussierage-de-lentraineur-ex-national.jpg\",\"width\":1200,\"height\":800,\"caption\":\"\\\"Lies et malentendus\\\": Courtois explique son d\u00e9poussi\u00e9rage de l'entra\u00eeneur ex-national Tedesco\"},{\"@type\":\"BreadcrumbList\",\"@id\":\"https:\/\/vieassociative.be\/actualites\/lies-et-malentendus-courtois-explique-son-depoussierage-de-lentraineur-ex-national-tedesco\/#breadcrumb\",\"itemListElement\":[{\"@type\":\"ListItem\",\"position\":1,\"name\":\"Accueil\",\"item\":\"https:\/\/vieassociative.be\/actualites\/\"},{\"@type\":\"ListItem\",\"position\":2,\"name\":\"\u00ab\u00a0Lies et malentendus\u00a0\u00bb: Courtois explique son d\u00e9poussi\u00e9rage de l&rsquo;entra\u00eeneur ex-national Tedesco\"}]},{\"@type\":\"WebSite\",\"@id\":\"https:\/\/vieassociative.be\/actualites\/#website\",\"url\":\"https:\/\/vieassociative.be\/actualites\/\",\"name\":\"Vie Associative\",\"description\":\"\",\"publisher\":{\"@id\":\"https:\/\/vieassociative.be\/actualites\/#organization\"},\"potentialAction\":[{\"@type\":\"SearchAction\",\"target\":{\"@type\":\"EntryPoint\",\"urlTemplate\":\"https:\/\/vieassociative.be\/actualites\/?s={search_term_string}\"},\"query-input\":{\"@type\":\"PropertyValueSpecification\",\"valueRequired\":true,\"valueName\":\"search_term_string\"}}],\"inLanguage\":\"fr-BE\"},{\"@type\":\"Organization\",\"@id\":\"https:\/\/vieassociative.be\/actualites\/#organization\",\"name\":\"Vie Associative\",\"url\":\"https:\/\/vieassociative.be\/actualites\/\",\"logo\":{\"@type\":\"ImageObject\",\"inLanguage\":\"fr-BE\",\"@id\":\"https:\/\/vieassociative.be\/actualites\/#\/schema\/logo\/image\/\",\"url\":\"https:\/\/vieassociative.be\/actualites\/wp-content\/uploads\/2024\/09\/cropped-vieassociative_favicon.ico.png\",\"contentUrl\":\"https:\/\/vieassociative.be\/actualites\/wp-content\/uploads\/2024\/09\/cropped-vieassociative_favicon.ico.png\",\"width\":512,\"height\":512,\"caption\":\"Vie Associative\"},\"image\":{\"@id\":\"https:\/\/vieassociative.be\/actualites\/#\/schema\/logo\/image\/\"}},{\"@type\":\"Person\",\"@id\":\"https:\/\/vieassociative.be\/actualites\/#\/schema\/person\/b87ac4f82f9d4e7b7cec7395b679edc4\",\"name\":\"Julien\",\"image\":{\"@type\":\"ImageObject\",\"inLanguage\":\"fr-BE\",\"@id\":\"https:\/\/vieassociative.be\/actualites\/#\/schema\/person\/image\/\",\"url\":\"https:\/\/vieassociative.be\/actualites\/wp-content\/uploads\/2024\/09\/vie-associative-1-150x150.jpg\",\"contentUrl\":\"https:\/\/vieassociative.be\/actualites\/wp-content\/uploads\/2024\/09\/vie-associative-1-150x150.jpg\",\"caption\":\"Julien\"},\"description\":\"Je suis Julien, r\u00e9dacteur pour Vie Associative. Passionn\u00e9 par le monde associatif depuis plus de 10 ans, j'ai \u00e0 c\u0153ur de partager des histoires inspirantes et de mettre en lumi\u00e8re les initiatives locales. Mon objectif est de sensibiliser et d'encourager l'engagement communautaire \u00e0 travers mes articles.\",\"sameAs\":[\"https:\/\/vieassociative.be\/\"]}]}<\/script>\n<!-- \/ Yoast SEO plugin. -->","yoast_head_json":{"title":"\"Lies et malentendus\": Courtois explique son d\u00e9poussi\u00e9rage de l'entra\u00eeneur ex-national Tedesco | Vie Associative","robots":{"index":"index","follow":"follow","max-snippet":"max-snippet:-1","max-image-preview":"max-image-preview:large","max-video-preview":"max-video-preview:-1"},"canonical":"https:\/\/vieassociative.be\/actualites\/lies-et-malentendus-courtois-explique-son-depoussierage-de-lentraineur-ex-national-tedesco\/","og_locale":"fr_FR","og_type":"article","og_title":"\"Lies et malentendus\": Courtois explique son d\u00e9poussi\u00e9rage de l'entra\u00eeneur ex-national Tedesco | Vie Associative","og_description":"Thibaut Courtois est de retour avec les Red Devils. Le gardien de but, qui \u00e9tait dans le corps \u00e0 corps avec le pr\u00e9c\u00e9dent entra\u00eeneur national","og_url":"https:\/\/vieassociative.be\/actualites\/lies-et-malentendus-courtois-explique-son-depoussierage-de-lentraineur-ex-national-tedesco\/","og_site_name":"Vie Associative","article_published_time":"2025-03-19T02:16:59+00:00","og_image":[{"width":279,"height":92,"url":"https:\/\/vieassociative.be\/actualites\/wp-content\/uploads\/2024\/09\/header_backgroundk-01-e1726694325946.png","type":"image\/png"}],"author":"Julien","twitter_card":"summary_large_image","twitter_misc":{"\u00c9crit par":"Julien","Dur\u00e9e de lecture est.":"2 minutes"},"schema":{"@context":"https:\/\/schema.org","@graph":[{"@type":"Article","@id":"https:\/\/vieassociative.be\/actualites\/lies-et-malentendus-courtois-explique-son-depoussierage-de-lentraineur-ex-national-tedesco\/#article","isPartOf":{"@id":"https:\/\/vieassociative.be\/actualites\/lies-et-malentendus-courtois-explique-son-depoussierage-de-lentraineur-ex-national-tedesco\/"},"author":{"name":"Julien","@id":"https:\/\/vieassociative.be\/actualites\/#\/schema\/person\/b87ac4f82f9d4e7b7cec7395b679edc4"},"headline":"\u00ab\u00a0Lies et malentendus\u00a0\u00bb: Courtois explique son d\u00e9poussi\u00e9rage de l&rsquo;entra\u00eeneur ex-national Tedesco","datePublished":"2025-03-19T02:16:59+00:00","dateModified":"2025-03-19T02:16:59+00:00","mainEntityOfPage":{"@id":"https:\/\/vieassociative.be\/actualites\/lies-et-malentendus-courtois-explique-son-depoussierage-de-lentraineur-ex-national-tedesco\/"},"wordCount":362,"publisher":{"@id":"https:\/\/vieassociative.be\/actualites\/#organization"},"image":{"@id":"https:\/\/vieassociative.be\/actualites\/lies-et-malentendus-courtois-explique-son-depoussierage-de-lentraineur-ex-national-tedesco\/#primaryimage"},"thumbnailUrl":"https:\/\/vieassociative.be\/actualites\/wp-content\/uploads\/2025\/03\/1742350619_Lies-et-malentendus-Courtois-explique-son-depoussierage-de-lentraineur-ex-national.jpg","keywords":["Courtois","d\u00e9poussi\u00e9rage","exnational","explique","lentra\u00eeneur","li\u00e9s","malentendus","son","Tedesco"],"articleSection":["Belgique"],"inLanguage":"fr-BE"},{"@type":"WebPage","@id":"https:\/\/vieassociative.be\/actualites\/lies-et-malentendus-courtois-explique-son-depoussierage-de-lentraineur-ex-national-tedesco\/","url":"https:\/\/vieassociative.be\/actualites\/lies-et-malentendus-courtois-explique-son-depoussierage-de-lentraineur-ex-national-tedesco\/","name":"\"Lies et malentendus\": Courtois explique son d\u00e9poussi\u00e9rage de l'entra\u00eeneur ex-national Tedesco | Vie Associative","isPartOf":{"@id":"https:\/\/vieassociative.be\/actualites\/#website"},"primaryImageOfPage":{"@id":"https:\/\/vieassociative.be\/actualites\/lies-et-malentendus-courtois-explique-son-depoussierage-de-lentraineur-ex-national-tedesco\/#primaryimage"},"image":{"@id":"https:\/\/vieassociative.be\/actualites\/lies-et-malentendus-courtois-explique-son-depoussierage-de-lentraineur-ex-national-tedesco\/#primaryimage"},"thumbnailUrl":"https:\/\/vieassociative.be\/actualites\/wp-content\/uploads\/2025\/03\/1742350619_Lies-et-malentendus-Courtois-explique-son-depoussierage-de-lentraineur-ex-national.jpg","datePublished":"2025-03-19T02:16:59+00:00","dateModified":"2025-03-19T02:16:59+00:00","breadcrumb":{"@id":"https:\/\/vieassociative.be\/actualites\/lies-et-malentendus-courtois-explique-son-depoussierage-de-lentraineur-ex-national-tedesco\/#breadcrumb"},"inLanguage":"fr-BE","potentialAction":[{"@type":"ReadAction","target":["https:\/\/vieassociative.be\/actualites\/lies-et-malentendus-courtois-explique-son-depoussierage-de-lentraineur-ex-national-tedesco\/"]}]},{"@type":"ImageObject","inLanguage":"fr-BE","@id":"https:\/\/vieassociative.be\/actualites\/lies-et-malentendus-courtois-explique-son-depoussierage-de-lentraineur-ex-national-tedesco\/#primaryimage","url":"https:\/\/vieassociative.be\/actualites\/wp-content\/uploads\/2025\/03\/1742350619_Lies-et-malentendus-Courtois-explique-son-depoussierage-de-lentraineur-ex-national.jpg","contentUrl":"https:\/\/vieassociative.be\/actualites\/wp-content\/uploads\/2025\/03\/1742350619_Lies-et-malentendus-Courtois-explique-son-depoussierage-de-lentraineur-ex-national.jpg","width":1200,"height":800,"caption":"\"Lies et malentendus\": Courtois explique son d\u00e9poussi\u00e9rage de l'entra\u00eeneur ex-national Tedesco"},{"@type":"BreadcrumbList","@id":"https:\/\/vieassociative.be\/actualites\/lies-et-malentendus-courtois-explique-son-depoussierage-de-lentraineur-ex-national-tedesco\/#breadcrumb","itemListElement":[{"@type":"ListItem","position":1,"name":"Accueil","item":"https:\/\/vieassociative.be\/actualites\/"},{"@type":"ListItem","position":2,"name":"\u00ab\u00a0Lies et malentendus\u00a0\u00bb: Courtois explique son d\u00e9poussi\u00e9rage de l&rsquo;entra\u00eeneur ex-national Tedesco"}]},{"@type":"WebSite","@id":"https:\/\/vieassociative.be\/actualites\/#website","url":"https:\/\/vieassociative.be\/actualites\/","name":"Vie Associative","description":"","publisher":{"@id":"https:\/\/vieassociative.be\/actualites\/#organization"},"potentialAction":[{"@type":"SearchAction","target":{"@type":"EntryPoint","urlTemplate":"https:\/\/vieassociative.be\/actualites\/?s={search_term_string}"},"query-input":{"@type":"PropertyValueSpecification","valueRequired":true,"valueName":"search_term_string"}}],"inLanguage":"fr-BE"},{"@type":"Organization","@id":"https:\/\/vieassociative.be\/actualites\/#organization","name":"Vie Associative","url":"https:\/\/vieassociative.be\/actualites\/","logo":{"@type":"ImageObject","inLanguage":"fr-BE","@id":"https:\/\/vieassociative.be\/actualites\/#\/schema\/logo\/image\/","url":"https:\/\/vieassociative.be\/actualites\/wp-content\/uploads\/2024\/09\/cropped-vieassociative_favicon.ico.png","contentUrl":"https:\/\/vieassociative.be\/actualites\/wp-content\/uploads\/2024\/09\/cropped-vieassociative_favicon.ico.png","width":512,"height":512,"caption":"Vie Associative"},"image":{"@id":"https:\/\/vieassociative.be\/actualites\/#\/schema\/logo\/image\/"}},{"@type":"Person","@id":"https:\/\/vieassociative.be\/actualites\/#\/schema\/person\/b87ac4f82f9d4e7b7cec7395b679edc4","name":"Julien","image":{"@type":"ImageObject","inLanguage":"fr-BE","@id":"https:\/\/vieassociative.be\/actualites\/#\/schema\/person\/image\/","url":"https:\/\/vieassociative.be\/actualites\/wp-content\/uploads\/2024\/09\/vie-associative-1-150x150.jpg","contentUrl":"https:\/\/vieassociative.be\/actualites\/wp-content\/uploads\/2024\/09\/vie-associative-1-150x150.jpg","caption":"Julien"},"description":"Je suis Julien, r\u00e9dacteur pour Vie Associative. Passionn\u00e9 par le monde associatif depuis plus de 10 ans, j'ai \u00e0 c\u0153ur de partager des histoires inspirantes et de mettre en lumi\u00e8re les initiatives locales. Mon objectif est de sensibiliser et d'encourager l'engagement communautaire \u00e0 travers mes articles.","sameAs":["https:\/\/vieassociative.be\/"]}]}},"_links":{"self":[{"href":"https:\/\/vieassociative.be\/actualites\/wp-json\/wp\/v2\/posts\/5981"}],"collection":[{"href":"https:\/\/vieassociative.be\/actualites\/wp-json\/wp\/v2\/posts"}],"about":[{"href":"https:\/\/vieassociative.be\/actualites\/wp-json\/wp\/v2\/types\/post"}],"author":[{"embeddable":true,"href":"https:\/\/vieassociative.be\/actualites\/wp-json\/wp\/v2\/users\/1"}],"replies":[{"embeddable":true,"href":"https:\/\/vieassociative.be\/actualites\/wp-json\/wp\/v2\/comments?post=5981"}],"version-history":[{"count":0,"href":"https:\/\/vieassociative.be\/actualites\/wp-json\/wp\/v2\/posts\/5981\/revisions"}],"wp:featuredmedia":[{"embeddable":true,"href":"https:\/\/vieassociative.be\/actualites\/wp-json\/wp\/v2\/media\/5982"}],"wp:attachment":[{"href":"https:\/\/vieassociative.be\/actualites\/wp-json\/wp\/v2\/media?parent=5981"}],"wp:term":[{"taxonomy":"category","embeddable":true,"href":"https:\/\/vieassociative.be\/actualites\/wp-json\/wp\/v2\/categories?post=5981"},{"taxonomy":"post_tag","embeddable":true,"href":"https:\/\/vieassociative.be\/actualites\/wp-json\/wp\/v2\/tags?post=5981"}],"curies":[{"name":"wp","href":"https:\/\/api.w.org\/{rel}","templated":true}]}}