{"id":5979,"date":"2025-03-19T02:17:22","date_gmt":"2025-03-19T01:17:22","guid":{"rendered":"https:\/\/vieassociative.be\/actualites\/amazon-vient-dannoncer-les-details-de-sa-grande-vente-de-printemps\/"},"modified":"2025-03-19T02:17:22","modified_gmt":"2025-03-19T01:17:22","slug":"amazon-vient-dannoncer-les-details-de-sa-grande-vente-de-printemps","status":"publish","type":"post","link":"https:\/\/vieassociative.be\/actualites\/amazon-vient-dannoncer-les-details-de-sa-grande-vente-de-printemps\/","title":{"rendered":"Amazon vient d&rsquo;annoncer les d\u00e9tails de sa \u00abgrande vente de printemps\u00bb"},"content":{"rendered":"<div class=\"mt-4 leading-6 md:mb-8\">Voici ce \u00e0 quoi vous pouvez vous attendre lors du Mini Spring \u00ab\u00a0Prime Day\u00a0\u00bb, \u00e0 partir du 25 mars.<\/div>\n<p><\/p>\n<p>J&rsquo;esp\u00e8re que vous avez fini de rembourser votre facture de carte de cr\u00e9dit \u00e0 partir de l&rsquo;octobre Prime Day, mais peu importe, Amazon est pr\u00eat pour un autre tour &#8211; une vente de printemps approche. Voici tout ce que vous devez savoir sur la grande vente de printemps d&rsquo;Amazon si vous recherchez des offres.<\/p>\n<h2 id=\"what-is-amazons-big-spring-sale\">Quelle est la grande vente de printemps d&rsquo;Amazon?<\/h2>\n<p>La grande vente de printemps d&rsquo;Amazon est la version printemps de Prime Day, bien qu&rsquo;elle dure plus longtemps et dispose d&rsquo;offres moins impressionnantes. Il s&rsquo;agit d&rsquo;une vente de sept jours avec des offres ax\u00e9es sur les articles de saison des v\u00eatements d&rsquo;hiver et de printemps, des voyages, des sports, des meubles, du jardinage, de la pelouse, des grillades, du stockage et de la literie. Et, bien s\u00fbr, la technologie. Ce n&rsquo;est que la deuxi\u00e8me fois qu&rsquo;Amazon se pr\u00e9sente cette vente au printemps, avec la premi\u00e8re se d\u00e9roulant en 2024 du mercredi 20 mars au lundi 25 mars.<\/p>\n<h2 id=\"when-is-amazons-big-spring-sale\">Quand est la grande vente de printemps d&rsquo;Amazon?<\/h2>\n<p>Amazon a annonc\u00e9 que leur grande vente de printemps se d\u00e9roulera pour une semaine pleine du 25 mars au 31 mars 2025.<\/p>\n<h2 id=\"do-you-need-to-be-a-prime-member-to-shop-for-amazons-big-spring-sale\">Avez-vous besoin d&rsquo;\u00eatre un membre privil\u00e9gi\u00e9 pour acheter la grande vente de printemps d&rsquo;Amazon?<\/h2>\n<p>Selon Amazon, vous n&rsquo;avez pas besoin d&rsquo;\u00eatre un membre privil\u00e9gi\u00e9 pour acheter la grande vente de printemps d&rsquo;Amazon. L&rsquo;adh\u00e9sion principale commence \u00e0 <strong>14,99 $<\/strong> par mois. Vous pouvez calculer si une adh\u00e9sion annuelle en vaut la peine pour vous, mais n&rsquo;oubliez pas que vous pouvez toujours annuler votre abonnement Prime une fois la vente termin\u00e9e. Gardez \u00e0 l&rsquo;esprit qu&rsquo;Amazon propose des essais gratuits de 30 jours, afin que vous puissiez acheter toute la semaine de l&rsquo;\u00e9v\u00e9nement et annuler avant d&rsquo;effectuer un paiement d&rsquo;abonnement. Vous pouvez lire comment vous inscrire \u00e0 un compte principal ici.<\/p>\n<h2 id=\"what-can-you-expect-for-amazons-big-spring-sale\">Que pouvez-vous attendre de la grande vente de printemps d&rsquo;Amazon?<\/h2>\n<p>Parce que la grande vente de printemps se produit dans le <em>printemps<\/em>vous allez voir des offres de fin de saison des magasins Amazon Outlet sur les articles d&rsquo;hiver, mais aussi sur les produits de printemps \u00e0 venir. Les transactions semblent taper \u00e0 40% de r\u00e9duction. Voici une id\u00e9e de ce \u00e0 quoi vous pouvez vous attendre:<\/p>\n<ul>\n<li>\n<p>Jusqu&rsquo;\u00e0 40% de r\u00e9duction sur les meubles d&rsquo;ext\u00e9rieur et les fournitures de jardinage<\/p>\n<\/li>\n<li>\n<p>Jusqu&rsquo;\u00e0 35% de r\u00e9duction sur la pelouse et l&rsquo;\u00e9quipement de grillade<\/p>\n<\/li>\n<li>\n<p>Jusqu&rsquo;\u00e0 35% de r\u00e9duction sur le rangement et la literie S\u00e9lectionner la maison<\/p>\n<\/li>\n<li>\n<p>Jusqu&rsquo;\u00e0 40% de r\u00e9duction sur certains v\u00eatements et beaut\u00e9<\/p>\n<\/li>\n<li>\n<p>Jusqu&rsquo;\u00e0 40% de r\u00e9duction sur les \u00e9l\u00e9ments essentiels des sports et des voyages<\/p>\n<\/li>\n<\/ul>\n<p>Il y aura des \u00ab\u00a0th\u00e8mes quotidiens\u00a0\u00bb pour chaque jour de la vente, et quel que soit le th\u00e8me pour cette journ\u00e9e, c&rsquo;est l\u00e0 que vous pouvez vous attendre \u00e0 trouver les meilleures offres. Nous publierons \u00e9galement les meilleures offres que nous trouvons, alors assurez-vous de garder un \u0153il sur notre page Offres tout au long de la semaine.<\/p>\n<h2 id=\"early-amazons-big-spring-sale-deals-are-already-live\">Les premi\u00e8res grandes offres de vente de printemps d&rsquo;Amazon sont d\u00e9j\u00e0 en direct<\/h2>\n<p>Comme c&rsquo;est g\u00e9n\u00e9ralement le cas, Amazon lance ses ventes avec des offres anticip\u00e9es qui m\u00e8nent \u00e0 l&rsquo;\u00e9v\u00e9nement principal. Gardez \u00e0 l&rsquo;esprit que ce ne sont pas techniquement de grandes offres de vente de printemps. Vous saurez qu&rsquo;ils sont par l&rsquo;insigne \u00ab\u00a0Prime Spring Deal\u00a0\u00bb sur la page du produit une fois que la vente commencera officiellement.<\/p>\n<h2 id=\"some-tips-for-amazons-big-spring-sale\">Quelques conseils pour la grande vente de printemps d&rsquo;Amazon<\/h2>\n<p>Si ce sera la premi\u00e8re fois que vous achetez une vente Amazon, il y a des choses de base que vous devez savoir; Vous pouvez partager votre adh\u00e9sion principale avec les membres de la famille m\u00eame s&rsquo;ils ne vivent pas avec vous; Vous pouvez d\u00e9finir des alertes de prix pour les produits que vous souhaitez et vos appareils Alexa peuvent vous informer lorsqu&rsquo;ils seront mis en vente; Et il existe des outils que vous pouvez utiliser pour voir si l&rsquo;accord que vous regardez est bon ou non. Mais si vous ne prenez qu&rsquo;un peu de conseil pour faire du shopping sur la grande vente de printemps d&rsquo;Amazon, laissez-le \u00eatre celui-ci: n&rsquo;achetez rien que vous n&rsquo;alliez pas acheter de toute fa\u00e7on. Une bonne fa\u00e7on de vous assurer de le faire est de faire une liste des produits que vous voulez \u00e0 l&rsquo;avance et de vous concentrer sur ceux-ci.<\/p>\n","protected":false},"excerpt":{"rendered":"<p>Voici ce \u00e0 quoi vous pouvez vous attendre lors du Mini Spring \u00ab\u00a0Prime Day\u00a0\u00bb, \u00e0 partir du 25 mars. J&rsquo;esp\u00e8re que vous avez fini de<\/p>\n","protected":false},"author":1,"featured_media":5980,"comment_status":"","ping_status":"","sticky":false,"template":"","format":"standard","meta":{"footnotes":""},"categories":[41],"tags":[51,5911,3885,1787,14,4943,223,1213],"class_list":["post-5979","post","type-post","status-publish","format-standard","has-post-thumbnail","hentry","category-argent","tag-amazon","tag-dannoncer","tag-details","tag-grande","tag-les","tag-printemps","tag-vente","tag-vient","generate-columns","tablet-grid-50","mobile-grid-100","grid-parent","grid-33"],"yoast_head":"<!-- This site is optimized with the Yoast SEO plugin v24.0 - https:\/\/yoast.com\/wordpress\/plugins\/seo\/ -->\n<title>Amazon vient d&#039;annoncer les d\u00e9tails de sa \u00abgrande vente de printemps\u00bb | Vie Associative<\/title>\n<meta name=\"robots\" content=\"index, follow, max-snippet:-1, max-image-preview:large, max-video-preview:-1\" \/>\n<link rel=\"canonical\" href=\"https:\/\/vieassociative.be\/actualites\/amazon-vient-dannoncer-les-details-de-sa-grande-vente-de-printemps\/\" \/>\n<meta property=\"og:locale\" content=\"fr_FR\" \/>\n<meta property=\"og:type\" content=\"article\" \/>\n<meta property=\"og:title\" content=\"Amazon vient d&#039;annoncer les d\u00e9tails de sa \u00abgrande vente de printemps\u00bb | Vie Associative\" \/>\n<meta property=\"og:description\" content=\"Voici ce \u00e0 quoi vous pouvez vous attendre lors du Mini Spring \u00ab\u00a0Prime Day\u00a0\u00bb, \u00e0 partir du 25 mars. J&rsquo;esp\u00e8re que vous avez fini de\" \/>\n<meta property=\"og:url\" content=\"https:\/\/vieassociative.be\/actualites\/amazon-vient-dannoncer-les-details-de-sa-grande-vente-de-printemps\/\" \/>\n<meta property=\"og:site_name\" content=\"Vie Associative\" \/>\n<meta property=\"article:published_time\" content=\"2025-03-19T01:17:22+00:00\" \/>\n<meta property=\"og:image\" content=\"https:\/\/vieassociative.be\/actualites\/wp-content\/uploads\/2024\/09\/header_backgroundk-01-e1726694325946.png\" \/>\n\t<meta property=\"og:image:width\" content=\"279\" \/>\n\t<meta property=\"og:image:height\" content=\"92\" \/>\n\t<meta property=\"og:image:type\" content=\"image\/png\" \/>\n<meta name=\"author\" content=\"Julien\" \/>\n<meta name=\"twitter:card\" content=\"summary_large_image\" \/>\n<meta name=\"twitter:label1\" content=\"\u00c9crit par\" \/>\n\t<meta name=\"twitter:data1\" content=\"Julien\" \/>\n\t<meta name=\"twitter:label2\" content=\"Dur\u00e9e de lecture est.\" \/>\n\t<meta name=\"twitter:data2\" content=\"4 minutes\" \/>\n<script type=\"application\/ld+json\" class=\"yoast-schema-graph\">{\"@context\":\"https:\/\/schema.org\",\"@graph\":[{\"@type\":\"Article\",\"@id\":\"https:\/\/vieassociative.be\/actualites\/amazon-vient-dannoncer-les-details-de-sa-grande-vente-de-printemps\/#article\",\"isPartOf\":{\"@id\":\"https:\/\/vieassociative.be\/actualites\/amazon-vient-dannoncer-les-details-de-sa-grande-vente-de-printemps\/\"},\"author\":{\"name\":\"Julien\",\"@id\":\"https:\/\/vieassociative.be\/actualites\/#\/schema\/person\/b87ac4f82f9d4e7b7cec7395b679edc4\"},\"headline\":\"Amazon vient d&rsquo;annoncer les d\u00e9tails de sa \u00abgrande vente de printemps\u00bb\",\"datePublished\":\"2025-03-19T01:17:22+00:00\",\"dateModified\":\"2025-03-19T01:17:22+00:00\",\"mainEntityOfPage\":{\"@id\":\"https:\/\/vieassociative.be\/actualites\/amazon-vient-dannoncer-les-details-de-sa-grande-vente-de-printemps\/\"},\"wordCount\":796,\"publisher\":{\"@id\":\"https:\/\/vieassociative.be\/actualites\/#organization\"},\"image\":{\"@id\":\"https:\/\/vieassociative.be\/actualites\/amazon-vient-dannoncer-les-details-de-sa-grande-vente-de-printemps\/#primaryimage\"},\"thumbnailUrl\":\"https:\/\/vieassociative.be\/actualites\/wp-content\/uploads\/2025\/03\/Amazon-vient-dannoncer-les-details-de-sa-grande-vente-de.jpg\",\"keywords\":[\"Amazon\",\"dannoncer\",\"d\u00e9tails\",\"grande\",\"Les\",\"printemps\",\"vente\",\"vient\"],\"articleSection\":[\"Argent\"],\"inLanguage\":\"fr-BE\"},{\"@type\":\"WebPage\",\"@id\":\"https:\/\/vieassociative.be\/actualites\/amazon-vient-dannoncer-les-details-de-sa-grande-vente-de-printemps\/\",\"url\":\"https:\/\/vieassociative.be\/actualites\/amazon-vient-dannoncer-les-details-de-sa-grande-vente-de-printemps\/\",\"name\":\"Amazon vient d'annoncer les d\u00e9tails de sa \u00abgrande vente de printemps\u00bb | Vie Associative\",\"isPartOf\":{\"@id\":\"https:\/\/vieassociative.be\/actualites\/#website\"},\"primaryImageOfPage\":{\"@id\":\"https:\/\/vieassociative.be\/actualites\/amazon-vient-dannoncer-les-details-de-sa-grande-vente-de-printemps\/#primaryimage\"},\"image\":{\"@id\":\"https:\/\/vieassociative.be\/actualites\/amazon-vient-dannoncer-les-details-de-sa-grande-vente-de-printemps\/#primaryimage\"},\"thumbnailUrl\":\"https:\/\/vieassociative.be\/actualites\/wp-content\/uploads\/2025\/03\/Amazon-vient-dannoncer-les-details-de-sa-grande-vente-de.jpg\",\"datePublished\":\"2025-03-19T01:17:22+00:00\",\"dateModified\":\"2025-03-19T01:17:22+00:00\",\"breadcrumb\":{\"@id\":\"https:\/\/vieassociative.be\/actualites\/amazon-vient-dannoncer-les-details-de-sa-grande-vente-de-printemps\/#breadcrumb\"},\"inLanguage\":\"fr-BE\",\"potentialAction\":[{\"@type\":\"ReadAction\",\"target\":[\"https:\/\/vieassociative.be\/actualites\/amazon-vient-dannoncer-les-details-de-sa-grande-vente-de-printemps\/\"]}]},{\"@type\":\"ImageObject\",\"inLanguage\":\"fr-BE\",\"@id\":\"https:\/\/vieassociative.be\/actualites\/amazon-vient-dannoncer-les-details-de-sa-grande-vente-de-printemps\/#primaryimage\",\"url\":\"https:\/\/vieassociative.be\/actualites\/wp-content\/uploads\/2025\/03\/Amazon-vient-dannoncer-les-details-de-sa-grande-vente-de.jpg\",\"contentUrl\":\"https:\/\/vieassociative.be\/actualites\/wp-content\/uploads\/2025\/03\/Amazon-vient-dannoncer-les-details-de-sa-grande-vente-de.jpg\",\"width\":1200,\"height\":675,\"caption\":\"Amazon vient d'annoncer les d\u00e9tails de sa \u00abgrande vente de printemps\u00bb\"},{\"@type\":\"BreadcrumbList\",\"@id\":\"https:\/\/vieassociative.be\/actualites\/amazon-vient-dannoncer-les-details-de-sa-grande-vente-de-printemps\/#breadcrumb\",\"itemListElement\":[{\"@type\":\"ListItem\",\"position\":1,\"name\":\"Accueil\",\"item\":\"https:\/\/vieassociative.be\/actualites\/\"},{\"@type\":\"ListItem\",\"position\":2,\"name\":\"Amazon vient d&rsquo;annoncer les d\u00e9tails de sa \u00abgrande vente de printemps\u00bb\"}]},{\"@type\":\"WebSite\",\"@id\":\"https:\/\/vieassociative.be\/actualites\/#website\",\"url\":\"https:\/\/vieassociative.be\/actualites\/\",\"name\":\"Vie Associative\",\"description\":\"\",\"publisher\":{\"@id\":\"https:\/\/vieassociative.be\/actualites\/#organization\"},\"potentialAction\":[{\"@type\":\"SearchAction\",\"target\":{\"@type\":\"EntryPoint\",\"urlTemplate\":\"https:\/\/vieassociative.be\/actualites\/?s={search_term_string}\"},\"query-input\":{\"@type\":\"PropertyValueSpecification\",\"valueRequired\":true,\"valueName\":\"search_term_string\"}}],\"inLanguage\":\"fr-BE\"},{\"@type\":\"Organization\",\"@id\":\"https:\/\/vieassociative.be\/actualites\/#organization\",\"name\":\"Vie Associative\",\"url\":\"https:\/\/vieassociative.be\/actualites\/\",\"logo\":{\"@type\":\"ImageObject\",\"inLanguage\":\"fr-BE\",\"@id\":\"https:\/\/vieassociative.be\/actualites\/#\/schema\/logo\/image\/\",\"url\":\"https:\/\/vieassociative.be\/actualites\/wp-content\/uploads\/2024\/09\/cropped-vieassociative_favicon.ico.png\",\"contentUrl\":\"https:\/\/vieassociative.be\/actualites\/wp-content\/uploads\/2024\/09\/cropped-vieassociative_favicon.ico.png\",\"width\":512,\"height\":512,\"caption\":\"Vie Associative\"},\"image\":{\"@id\":\"https:\/\/vieassociative.be\/actualites\/#\/schema\/logo\/image\/\"}},{\"@type\":\"Person\",\"@id\":\"https:\/\/vieassociative.be\/actualites\/#\/schema\/person\/b87ac4f82f9d4e7b7cec7395b679edc4\",\"name\":\"Julien\",\"image\":{\"@type\":\"ImageObject\",\"inLanguage\":\"fr-BE\",\"@id\":\"https:\/\/vieassociative.be\/actualites\/#\/schema\/person\/image\/\",\"url\":\"https:\/\/vieassociative.be\/actualites\/wp-content\/uploads\/2024\/09\/vie-associative-1-150x150.jpg\",\"contentUrl\":\"https:\/\/vieassociative.be\/actualites\/wp-content\/uploads\/2024\/09\/vie-associative-1-150x150.jpg\",\"caption\":\"Julien\"},\"description\":\"Je suis Julien, r\u00e9dacteur pour Vie Associative. Passionn\u00e9 par le monde associatif depuis plus de 10 ans, j'ai \u00e0 c\u0153ur de partager des histoires inspirantes et de mettre en lumi\u00e8re les initiatives locales. Mon objectif est de sensibiliser et d'encourager l'engagement communautaire \u00e0 travers mes articles.\",\"sameAs\":[\"https:\/\/vieassociative.be\/\"]}]}<\/script>\n<!-- \/ Yoast SEO plugin. -->","yoast_head_json":{"title":"Amazon vient d'annoncer les d\u00e9tails de sa \u00abgrande vente de printemps\u00bb | Vie Associative","robots":{"index":"index","follow":"follow","max-snippet":"max-snippet:-1","max-image-preview":"max-image-preview:large","max-video-preview":"max-video-preview:-1"},"canonical":"https:\/\/vieassociative.be\/actualites\/amazon-vient-dannoncer-les-details-de-sa-grande-vente-de-printemps\/","og_locale":"fr_FR","og_type":"article","og_title":"Amazon vient d'annoncer les d\u00e9tails de sa \u00abgrande vente de printemps\u00bb | Vie Associative","og_description":"Voici ce \u00e0 quoi vous pouvez vous attendre lors du Mini Spring \u00ab\u00a0Prime Day\u00a0\u00bb, \u00e0 partir du 25 mars. J&rsquo;esp\u00e8re que vous avez fini de","og_url":"https:\/\/vieassociative.be\/actualites\/amazon-vient-dannoncer-les-details-de-sa-grande-vente-de-printemps\/","og_site_name":"Vie Associative","article_published_time":"2025-03-19T01:17:22+00:00","og_image":[{"width":279,"height":92,"url":"https:\/\/vieassociative.be\/actualites\/wp-content\/uploads\/2024\/09\/header_backgroundk-01-e1726694325946.png","type":"image\/png"}],"author":"Julien","twitter_card":"summary_large_image","twitter_misc":{"\u00c9crit par":"Julien","Dur\u00e9e de lecture est.":"4 minutes"},"schema":{"@context":"https:\/\/schema.org","@graph":[{"@type":"Article","@id":"https:\/\/vieassociative.be\/actualites\/amazon-vient-dannoncer-les-details-de-sa-grande-vente-de-printemps\/#article","isPartOf":{"@id":"https:\/\/vieassociative.be\/actualites\/amazon-vient-dannoncer-les-details-de-sa-grande-vente-de-printemps\/"},"author":{"name":"Julien","@id":"https:\/\/vieassociative.be\/actualites\/#\/schema\/person\/b87ac4f82f9d4e7b7cec7395b679edc4"},"headline":"Amazon vient d&rsquo;annoncer les d\u00e9tails de sa \u00abgrande vente de printemps\u00bb","datePublished":"2025-03-19T01:17:22+00:00","dateModified":"2025-03-19T01:17:22+00:00","mainEntityOfPage":{"@id":"https:\/\/vieassociative.be\/actualites\/amazon-vient-dannoncer-les-details-de-sa-grande-vente-de-printemps\/"},"wordCount":796,"publisher":{"@id":"https:\/\/vieassociative.be\/actualites\/#organization"},"image":{"@id":"https:\/\/vieassociative.be\/actualites\/amazon-vient-dannoncer-les-details-de-sa-grande-vente-de-printemps\/#primaryimage"},"thumbnailUrl":"https:\/\/vieassociative.be\/actualites\/wp-content\/uploads\/2025\/03\/Amazon-vient-dannoncer-les-details-de-sa-grande-vente-de.jpg","keywords":["Amazon","dannoncer","d\u00e9tails","grande","Les","printemps","vente","vient"],"articleSection":["Argent"],"inLanguage":"fr-BE"},{"@type":"WebPage","@id":"https:\/\/vieassociative.be\/actualites\/amazon-vient-dannoncer-les-details-de-sa-grande-vente-de-printemps\/","url":"https:\/\/vieassociative.be\/actualites\/amazon-vient-dannoncer-les-details-de-sa-grande-vente-de-printemps\/","name":"Amazon vient d'annoncer les d\u00e9tails de sa \u00abgrande vente de printemps\u00bb | Vie Associative","isPartOf":{"@id":"https:\/\/vieassociative.be\/actualites\/#website"},"primaryImageOfPage":{"@id":"https:\/\/vieassociative.be\/actualites\/amazon-vient-dannoncer-les-details-de-sa-grande-vente-de-printemps\/#primaryimage"},"image":{"@id":"https:\/\/vieassociative.be\/actualites\/amazon-vient-dannoncer-les-details-de-sa-grande-vente-de-printemps\/#primaryimage"},"thumbnailUrl":"https:\/\/vieassociative.be\/actualites\/wp-content\/uploads\/2025\/03\/Amazon-vient-dannoncer-les-details-de-sa-grande-vente-de.jpg","datePublished":"2025-03-19T01:17:22+00:00","dateModified":"2025-03-19T01:17:22+00:00","breadcrumb":{"@id":"https:\/\/vieassociative.be\/actualites\/amazon-vient-dannoncer-les-details-de-sa-grande-vente-de-printemps\/#breadcrumb"},"inLanguage":"fr-BE","potentialAction":[{"@type":"ReadAction","target":["https:\/\/vieassociative.be\/actualites\/amazon-vient-dannoncer-les-details-de-sa-grande-vente-de-printemps\/"]}]},{"@type":"ImageObject","inLanguage":"fr-BE","@id":"https:\/\/vieassociative.be\/actualites\/amazon-vient-dannoncer-les-details-de-sa-grande-vente-de-printemps\/#primaryimage","url":"https:\/\/vieassociative.be\/actualites\/wp-content\/uploads\/2025\/03\/Amazon-vient-dannoncer-les-details-de-sa-grande-vente-de.jpg","contentUrl":"https:\/\/vieassociative.be\/actualites\/wp-content\/uploads\/2025\/03\/Amazon-vient-dannoncer-les-details-de-sa-grande-vente-de.jpg","width":1200,"height":675,"caption":"Amazon vient d'annoncer les d\u00e9tails de sa \u00abgrande vente de printemps\u00bb"},{"@type":"BreadcrumbList","@id":"https:\/\/vieassociative.be\/actualites\/amazon-vient-dannoncer-les-details-de-sa-grande-vente-de-printemps\/#breadcrumb","itemListElement":[{"@type":"ListItem","position":1,"name":"Accueil","item":"https:\/\/vieassociative.be\/actualites\/"},{"@type":"ListItem","position":2,"name":"Amazon vient d&rsquo;annoncer les d\u00e9tails de sa \u00abgrande vente de printemps\u00bb"}]},{"@type":"WebSite","@id":"https:\/\/vieassociative.be\/actualites\/#website","url":"https:\/\/vieassociative.be\/actualites\/","name":"Vie Associative","description":"","publisher":{"@id":"https:\/\/vieassociative.be\/actualites\/#organization"},"potentialAction":[{"@type":"SearchAction","target":{"@type":"EntryPoint","urlTemplate":"https:\/\/vieassociative.be\/actualites\/?s={search_term_string}"},"query-input":{"@type":"PropertyValueSpecification","valueRequired":true,"valueName":"search_term_string"}}],"inLanguage":"fr-BE"},{"@type":"Organization","@id":"https:\/\/vieassociative.be\/actualites\/#organization","name":"Vie Associative","url":"https:\/\/vieassociative.be\/actualites\/","logo":{"@type":"ImageObject","inLanguage":"fr-BE","@id":"https:\/\/vieassociative.be\/actualites\/#\/schema\/logo\/image\/","url":"https:\/\/vieassociative.be\/actualites\/wp-content\/uploads\/2024\/09\/cropped-vieassociative_favicon.ico.png","contentUrl":"https:\/\/vieassociative.be\/actualites\/wp-content\/uploads\/2024\/09\/cropped-vieassociative_favicon.ico.png","width":512,"height":512,"caption":"Vie Associative"},"image":{"@id":"https:\/\/vieassociative.be\/actualites\/#\/schema\/logo\/image\/"}},{"@type":"Person","@id":"https:\/\/vieassociative.be\/actualites\/#\/schema\/person\/b87ac4f82f9d4e7b7cec7395b679edc4","name":"Julien","image":{"@type":"ImageObject","inLanguage":"fr-BE","@id":"https:\/\/vieassociative.be\/actualites\/#\/schema\/person\/image\/","url":"https:\/\/vieassociative.be\/actualites\/wp-content\/uploads\/2024\/09\/vie-associative-1-150x150.jpg","contentUrl":"https:\/\/vieassociative.be\/actualites\/wp-content\/uploads\/2024\/09\/vie-associative-1-150x150.jpg","caption":"Julien"},"description":"Je suis Julien, r\u00e9dacteur pour Vie Associative. Passionn\u00e9 par le monde associatif depuis plus de 10 ans, j'ai \u00e0 c\u0153ur de partager des histoires inspirantes et de mettre en lumi\u00e8re les initiatives locales. Mon objectif est de sensibiliser et d'encourager l'engagement communautaire \u00e0 travers mes articles.","sameAs":["https:\/\/vieassociative.be\/"]}]}},"_links":{"self":[{"href":"https:\/\/vieassociative.be\/actualites\/wp-json\/wp\/v2\/posts\/5979"}],"collection":[{"href":"https:\/\/vieassociative.be\/actualites\/wp-json\/wp\/v2\/posts"}],"about":[{"href":"https:\/\/vieassociative.be\/actualites\/wp-json\/wp\/v2\/types\/post"}],"author":[{"embeddable":true,"href":"https:\/\/vieassociative.be\/actualites\/wp-json\/wp\/v2\/users\/1"}],"replies":[{"embeddable":true,"href":"https:\/\/vieassociative.be\/actualites\/wp-json\/wp\/v2\/comments?post=5979"}],"version-history":[{"count":0,"href":"https:\/\/vieassociative.be\/actualites\/wp-json\/wp\/v2\/posts\/5979\/revisions"}],"wp:featuredmedia":[{"embeddable":true,"href":"https:\/\/vieassociative.be\/actualites\/wp-json\/wp\/v2\/media\/5980"}],"wp:attachment":[{"href":"https:\/\/vieassociative.be\/actualites\/wp-json\/wp\/v2\/media?parent=5979"}],"wp:term":[{"taxonomy":"category","embeddable":true,"href":"https:\/\/vieassociative.be\/actualites\/wp-json\/wp\/v2\/categories?post=5979"},{"taxonomy":"post_tag","embeddable":true,"href":"https:\/\/vieassociative.be\/actualites\/wp-json\/wp\/v2\/tags?post=5979"}],"curies":[{"name":"wp","href":"https:\/\/api.w.org\/{rel}","templated":true}]}}