{"id":597,"date":"2024-09-28T06:17:30","date_gmt":"2024-09-28T04:17:30","guid":{"rendered":"https:\/\/vieassociative.be\/actualites\/la-belgique-avec-hazard-show-zum-gruppensieg\/"},"modified":"2024-09-28T06:17:33","modified_gmt":"2024-09-28T04:17:33","slug":"la-belgique-avec-hazard-show-zum-gruppensieg","status":"publish","type":"post","link":"https:\/\/vieassociative.be\/actualites\/la-belgique-avec-hazard-show-zum-gruppensieg\/","title":{"rendered":"La Belgique avec Hazard Show zum Gruppensieg"},"content":{"rendered":"<p><\/p>\n<p class=\"font-sans font-medium\">  L&rsquo;\u00e9quipe nationale belge participera \u00e0 la qualification pour l&rsquo;EM 2020 pour le groupe. Thorgan et Eden Hazard se rencontrent.<\/p>\n<aside class=\"h-ad-280+text lg:h-0 \" data-slot-id=\"pos1_sm\" data-breakpoint=\"sm\" data-hide-ad-text=\"false\" data-module-id=\"SparkAdSlotModule\"><\/aside>\n<p>La Belgische Fu\u00dfball-Nationalmannschaft est sichert in der EM-Qualifikation vorzeitig den Sieg in der Gruppe I. Le WM-Dritte est r\u00e9gl\u00e9 \u00e0 4:1 (3:0) en Russie, vous pouvez donc lire le Roten Teufel dans le pass\u00e9 et le billet pour l&rsquo;EM-Endrunde paneurop\u00e9en 2020 (12 juin au 12 juillet) a \u00e9t\u00e9 lib\u00e9r\u00e9.<\/p>\n<h3>BVB-Profi Thorgan Hazard fait entrer la Belgique dans la F\u00fchrung<\/h3>\n<p>Nachdem Thorgan Hazard du Borussia Dortmund (19.), Invit\u00e9 avec une Exp\u00e9rience traumatisante dans la Performance, pourrait \u00eatre le Fr\u00e8re Eden du Real Madrid (33, 40.) pour le Classement Mondial avant la Pause \u00e0 Saint-P\u00e9tersbourg, tout est pr\u00eat. Torj\u00e4ger Romelu Lukaku (72). La Russie tente de laisser le groupe d&rsquo;experts au Dienstag \u00e0 Saint-Marin et le Belgielt zeitgleich zum Abschluss gegen Zypern. <\/p>\n<div id=\"piano-banner-kampagne\" class=\"mb-4 block\"><\/div>\n<div id=\"piano-reco-widget\" class=\"mb-4 block\"><\/div>\n<h3>Le Pays de Galles attend l&rsquo;EM-Chancen de Bale<\/h3>\n<p>Avec le retour de la Superstar Gareth Bale, il aura la chance de remporter le prochain EM-Teilnahme en Serie Offen. L&rsquo;\u00e9quipe de l&rsquo;entra\u00eeneur Ryan Giggs \u00e9tait pr\u00e9sente au m\u00eame moment \u00e0 Aserbaidschan 2:0 (2:0) et \u00e9tait toujours excit\u00e9e \u00e0 l&rsquo;id\u00e9e d&rsquo;une finale au deuxi\u00e8me \u00e9tage du groupe E gegen Ungarn. Die Waliser weisen als Dritter elf Punkte auf, die Zweitplatzierten Ungarn stehen einen Z\u00e4hler besser da. Tout pourrait \u00eatre dit de la Slovaquie (10) avec une victoire face aux groupes croates (14) dans le m\u00eame temps.<\/p>\n<p><!-- opinary --><\/p>\n<div class=\"w-full bg-background-100\">\n<div id=\"opinary-automation-placeholder\" class=\"w-full\"><\/div>\n<\/p><\/div>\n<p>Bereits zuvor hatte Schottland auf Zypern avec 2:1 (1:0) gagn\u00e9. Ces \u00c9cossais n&rsquo;ont pas pu performer parfaitement lors des barrages d&rsquo;EM-Teilnahme. Zudem a perdu Saint-Marin contre le Kasachstan 1:3 (0:3). (c\u00f4t\u00e9)<\/p>\n","protected":false},"excerpt":{"rendered":"<p>L&rsquo;\u00e9quipe nationale belge participera \u00e0 la qualification pour l&rsquo;EM 2020 pour le groupe. Thorgan et Eden Hazard se rencontrent. La Belgische Fu\u00dfball-Nationalmannschaft est sichert in<\/p>\n","protected":false},"author":1,"featured_media":598,"comment_status":"closed","ping_status":"","sticky":false,"template":"","format":"standard","meta":{"footnotes":""},"categories":[298],"tags":[61,383,974,971,972,973],"class_list":["post-597","post","type-post","status-publish","format-standard","has-post-thumbnail","hentry","category-belgique","tag-avec","tag-belgique","tag-gruppensieg","tag-hazard","tag-show","tag-zum","generate-columns","tablet-grid-50","mobile-grid-100","grid-parent","grid-33"],"yoast_head":"<!-- This site is optimized with the Yoast SEO plugin v24.0 - https:\/\/yoast.com\/wordpress\/plugins\/seo\/ -->\n<title>La Belgique avec Hazard Show zum Gruppensieg | Vie Associative<\/title>\n<meta name=\"robots\" content=\"index, follow, max-snippet:-1, max-image-preview:large, max-video-preview:-1\" \/>\n<link rel=\"canonical\" href=\"https:\/\/vieassociative.be\/actualites\/la-belgique-avec-hazard-show-zum-gruppensieg\/\" \/>\n<meta property=\"og:locale\" content=\"fr_FR\" \/>\n<meta property=\"og:type\" content=\"article\" \/>\n<meta property=\"og:title\" content=\"La Belgique avec Hazard Show zum Gruppensieg | Vie Associative\" \/>\n<meta property=\"og:description\" content=\"L&rsquo;\u00e9quipe nationale belge participera \u00e0 la qualification pour l&rsquo;EM 2020 pour le groupe. Thorgan et Eden Hazard se rencontrent. La Belgische Fu\u00dfball-Nationalmannschaft est sichert in\" \/>\n<meta property=\"og:url\" content=\"https:\/\/vieassociative.be\/actualites\/la-belgique-avec-hazard-show-zum-gruppensieg\/\" \/>\n<meta property=\"og:site_name\" content=\"Vie Associative\" \/>\n<meta property=\"article:published_time\" content=\"2024-09-28T04:17:30+00:00\" \/>\n<meta property=\"article:modified_time\" content=\"2024-09-28T04:17:33+00:00\" \/>\n<meta property=\"og:image\" content=\"https:\/\/vieassociative.be\/actualites\/wp-content\/uploads\/2024\/09\/1727497051_La-Belgique-avec-Hazard-Show-zum-Gruppensieg.jpeg\" \/>\n\t<meta property=\"og:image:width\" content=\"1600\" \/>\n\t<meta property=\"og:image:height\" content=\"900\" \/>\n\t<meta property=\"og:image:type\" content=\"image\/jpeg\" \/>\n<meta name=\"author\" content=\"Julien\" \/>\n<meta name=\"twitter:card\" content=\"summary_large_image\" \/>\n<meta name=\"twitter:label1\" content=\"\u00c9crit par\" \/>\n\t<meta name=\"twitter:data1\" content=\"Julien\" \/>\n\t<meta name=\"twitter:label2\" content=\"Dur\u00e9e de lecture est.\" \/>\n\t<meta name=\"twitter:data2\" content=\"1 minute\" \/>\n<script type=\"application\/ld+json\" class=\"yoast-schema-graph\">{\"@context\":\"https:\/\/schema.org\",\"@graph\":[{\"@type\":\"Article\",\"@id\":\"https:\/\/vieassociative.be\/actualites\/la-belgique-avec-hazard-show-zum-gruppensieg\/#article\",\"isPartOf\":{\"@id\":\"https:\/\/vieassociative.be\/actualites\/la-belgique-avec-hazard-show-zum-gruppensieg\/\"},\"author\":{\"name\":\"Julien\",\"@id\":\"https:\/\/vieassociative.be\/actualites\/#\/schema\/person\/b87ac4f82f9d4e7b7cec7395b679edc4\"},\"headline\":\"La Belgique avec Hazard Show zum Gruppensieg\",\"datePublished\":\"2024-09-28T04:17:30+00:00\",\"dateModified\":\"2024-09-28T04:17:33+00:00\",\"mainEntityOfPage\":{\"@id\":\"https:\/\/vieassociative.be\/actualites\/la-belgique-avec-hazard-show-zum-gruppensieg\/\"},\"wordCount\":277,\"publisher\":{\"@id\":\"https:\/\/vieassociative.be\/actualites\/#organization\"},\"image\":{\"@id\":\"https:\/\/vieassociative.be\/actualites\/la-belgique-avec-hazard-show-zum-gruppensieg\/#primaryimage\"},\"thumbnailUrl\":\"https:\/\/vieassociative.be\/actualites\/wp-content\/uploads\/2024\/09\/1727497051_La-Belgique-avec-Hazard-Show-zum-Gruppensieg.jpeg\",\"keywords\":[\"avec\",\"Belgique\",\"Gruppensieg\",\"Hazard\",\"Show\",\"zum\"],\"articleSection\":[\"Belgique\"],\"inLanguage\":\"fr-BE\"},{\"@type\":\"WebPage\",\"@id\":\"https:\/\/vieassociative.be\/actualites\/la-belgique-avec-hazard-show-zum-gruppensieg\/\",\"url\":\"https:\/\/vieassociative.be\/actualites\/la-belgique-avec-hazard-show-zum-gruppensieg\/\",\"name\":\"La Belgique avec Hazard Show zum Gruppensieg | Vie Associative\",\"isPartOf\":{\"@id\":\"https:\/\/vieassociative.be\/actualites\/#website\"},\"primaryImageOfPage\":{\"@id\":\"https:\/\/vieassociative.be\/actualites\/la-belgique-avec-hazard-show-zum-gruppensieg\/#primaryimage\"},\"image\":{\"@id\":\"https:\/\/vieassociative.be\/actualites\/la-belgique-avec-hazard-show-zum-gruppensieg\/#primaryimage\"},\"thumbnailUrl\":\"https:\/\/vieassociative.be\/actualites\/wp-content\/uploads\/2024\/09\/1727497051_La-Belgique-avec-Hazard-Show-zum-Gruppensieg.jpeg\",\"datePublished\":\"2024-09-28T04:17:30+00:00\",\"dateModified\":\"2024-09-28T04:17:33+00:00\",\"breadcrumb\":{\"@id\":\"https:\/\/vieassociative.be\/actualites\/la-belgique-avec-hazard-show-zum-gruppensieg\/#breadcrumb\"},\"inLanguage\":\"fr-BE\",\"potentialAction\":[{\"@type\":\"ReadAction\",\"target\":[\"https:\/\/vieassociative.be\/actualites\/la-belgique-avec-hazard-show-zum-gruppensieg\/\"]}]},{\"@type\":\"ImageObject\",\"inLanguage\":\"fr-BE\",\"@id\":\"https:\/\/vieassociative.be\/actualites\/la-belgique-avec-hazard-show-zum-gruppensieg\/#primaryimage\",\"url\":\"https:\/\/vieassociative.be\/actualites\/wp-content\/uploads\/2024\/09\/1727497051_La-Belgique-avec-Hazard-Show-zum-Gruppensieg.jpeg\",\"contentUrl\":\"https:\/\/vieassociative.be\/actualites\/wp-content\/uploads\/2024\/09\/1727497051_La-Belgique-avec-Hazard-Show-zum-Gruppensieg.jpeg\",\"width\":1600,\"height\":900,\"caption\":\"La Belgique avec Hazard Show zum Gruppensieg\"},{\"@type\":\"BreadcrumbList\",\"@id\":\"https:\/\/vieassociative.be\/actualites\/la-belgique-avec-hazard-show-zum-gruppensieg\/#breadcrumb\",\"itemListElement\":[{\"@type\":\"ListItem\",\"position\":1,\"name\":\"Accueil\",\"item\":\"https:\/\/vieassociative.be\/actualites\/\"},{\"@type\":\"ListItem\",\"position\":2,\"name\":\"La Belgique avec Hazard Show zum Gruppensieg\"}]},{\"@type\":\"WebSite\",\"@id\":\"https:\/\/vieassociative.be\/actualites\/#website\",\"url\":\"https:\/\/vieassociative.be\/actualites\/\",\"name\":\"Vie Associative\",\"description\":\"\",\"publisher\":{\"@id\":\"https:\/\/vieassociative.be\/actualites\/#organization\"},\"potentialAction\":[{\"@type\":\"SearchAction\",\"target\":{\"@type\":\"EntryPoint\",\"urlTemplate\":\"https:\/\/vieassociative.be\/actualites\/?s={search_term_string}\"},\"query-input\":{\"@type\":\"PropertyValueSpecification\",\"valueRequired\":true,\"valueName\":\"search_term_string\"}}],\"inLanguage\":\"fr-BE\"},{\"@type\":\"Organization\",\"@id\":\"https:\/\/vieassociative.be\/actualites\/#organization\",\"name\":\"Vie Associative\",\"url\":\"https:\/\/vieassociative.be\/actualites\/\",\"logo\":{\"@type\":\"ImageObject\",\"inLanguage\":\"fr-BE\",\"@id\":\"https:\/\/vieassociative.be\/actualites\/#\/schema\/logo\/image\/\",\"url\":\"https:\/\/vieassociative.be\/actualites\/wp-content\/uploads\/2024\/09\/cropped-vieassociative_favicon.ico.png\",\"contentUrl\":\"https:\/\/vieassociative.be\/actualites\/wp-content\/uploads\/2024\/09\/cropped-vieassociative_favicon.ico.png\",\"width\":512,\"height\":512,\"caption\":\"Vie Associative\"},\"image\":{\"@id\":\"https:\/\/vieassociative.be\/actualites\/#\/schema\/logo\/image\/\"}},{\"@type\":\"Person\",\"@id\":\"https:\/\/vieassociative.be\/actualites\/#\/schema\/person\/b87ac4f82f9d4e7b7cec7395b679edc4\",\"name\":\"Julien\",\"image\":{\"@type\":\"ImageObject\",\"inLanguage\":\"fr-BE\",\"@id\":\"https:\/\/vieassociative.be\/actualites\/#\/schema\/person\/image\/\",\"url\":\"https:\/\/vieassociative.be\/actualites\/wp-content\/uploads\/2024\/09\/vie-associative-1-150x150.jpg\",\"contentUrl\":\"https:\/\/vieassociative.be\/actualites\/wp-content\/uploads\/2024\/09\/vie-associative-1-150x150.jpg\",\"caption\":\"Julien\"},\"description\":\"Je suis Julien, r\u00e9dacteur pour Vie Associative. Passionn\u00e9 par le monde associatif depuis plus de 10 ans, j'ai \u00e0 c\u0153ur de partager des histoires inspirantes et de mettre en lumi\u00e8re les initiatives locales. Mon objectif est de sensibiliser et d'encourager l'engagement communautaire \u00e0 travers mes articles.\",\"sameAs\":[\"https:\/\/vieassociative.be\/\"]}]}<\/script>\n<!-- \/ Yoast SEO plugin. -->","yoast_head_json":{"title":"La Belgique avec Hazard Show zum Gruppensieg | Vie Associative","robots":{"index":"index","follow":"follow","max-snippet":"max-snippet:-1","max-image-preview":"max-image-preview:large","max-video-preview":"max-video-preview:-1"},"canonical":"https:\/\/vieassociative.be\/actualites\/la-belgique-avec-hazard-show-zum-gruppensieg\/","og_locale":"fr_FR","og_type":"article","og_title":"La Belgique avec Hazard Show zum Gruppensieg | Vie Associative","og_description":"L&rsquo;\u00e9quipe nationale belge participera \u00e0 la qualification pour l&rsquo;EM 2020 pour le groupe. Thorgan et Eden Hazard se rencontrent. La Belgische Fu\u00dfball-Nationalmannschaft est sichert in","og_url":"https:\/\/vieassociative.be\/actualites\/la-belgique-avec-hazard-show-zum-gruppensieg\/","og_site_name":"Vie Associative","article_published_time":"2024-09-28T04:17:30+00:00","article_modified_time":"2024-09-28T04:17:33+00:00","og_image":[{"width":1600,"height":900,"url":"https:\/\/vieassociative.be\/actualites\/wp-content\/uploads\/2024\/09\/1727497051_La-Belgique-avec-Hazard-Show-zum-Gruppensieg.jpeg","type":"image\/jpeg"}],"author":"Julien","twitter_card":"summary_large_image","twitter_misc":{"\u00c9crit par":"Julien","Dur\u00e9e de lecture est.":"1 minute"},"schema":{"@context":"https:\/\/schema.org","@graph":[{"@type":"Article","@id":"https:\/\/vieassociative.be\/actualites\/la-belgique-avec-hazard-show-zum-gruppensieg\/#article","isPartOf":{"@id":"https:\/\/vieassociative.be\/actualites\/la-belgique-avec-hazard-show-zum-gruppensieg\/"},"author":{"name":"Julien","@id":"https:\/\/vieassociative.be\/actualites\/#\/schema\/person\/b87ac4f82f9d4e7b7cec7395b679edc4"},"headline":"La Belgique avec Hazard Show zum Gruppensieg","datePublished":"2024-09-28T04:17:30+00:00","dateModified":"2024-09-28T04:17:33+00:00","mainEntityOfPage":{"@id":"https:\/\/vieassociative.be\/actualites\/la-belgique-avec-hazard-show-zum-gruppensieg\/"},"wordCount":277,"publisher":{"@id":"https:\/\/vieassociative.be\/actualites\/#organization"},"image":{"@id":"https:\/\/vieassociative.be\/actualites\/la-belgique-avec-hazard-show-zum-gruppensieg\/#primaryimage"},"thumbnailUrl":"https:\/\/vieassociative.be\/actualites\/wp-content\/uploads\/2024\/09\/1727497051_La-Belgique-avec-Hazard-Show-zum-Gruppensieg.jpeg","keywords":["avec","Belgique","Gruppensieg","Hazard","Show","zum"],"articleSection":["Belgique"],"inLanguage":"fr-BE"},{"@type":"WebPage","@id":"https:\/\/vieassociative.be\/actualites\/la-belgique-avec-hazard-show-zum-gruppensieg\/","url":"https:\/\/vieassociative.be\/actualites\/la-belgique-avec-hazard-show-zum-gruppensieg\/","name":"La Belgique avec Hazard Show zum Gruppensieg | Vie Associative","isPartOf":{"@id":"https:\/\/vieassociative.be\/actualites\/#website"},"primaryImageOfPage":{"@id":"https:\/\/vieassociative.be\/actualites\/la-belgique-avec-hazard-show-zum-gruppensieg\/#primaryimage"},"image":{"@id":"https:\/\/vieassociative.be\/actualites\/la-belgique-avec-hazard-show-zum-gruppensieg\/#primaryimage"},"thumbnailUrl":"https:\/\/vieassociative.be\/actualites\/wp-content\/uploads\/2024\/09\/1727497051_La-Belgique-avec-Hazard-Show-zum-Gruppensieg.jpeg","datePublished":"2024-09-28T04:17:30+00:00","dateModified":"2024-09-28T04:17:33+00:00","breadcrumb":{"@id":"https:\/\/vieassociative.be\/actualites\/la-belgique-avec-hazard-show-zum-gruppensieg\/#breadcrumb"},"inLanguage":"fr-BE","potentialAction":[{"@type":"ReadAction","target":["https:\/\/vieassociative.be\/actualites\/la-belgique-avec-hazard-show-zum-gruppensieg\/"]}]},{"@type":"ImageObject","inLanguage":"fr-BE","@id":"https:\/\/vieassociative.be\/actualites\/la-belgique-avec-hazard-show-zum-gruppensieg\/#primaryimage","url":"https:\/\/vieassociative.be\/actualites\/wp-content\/uploads\/2024\/09\/1727497051_La-Belgique-avec-Hazard-Show-zum-Gruppensieg.jpeg","contentUrl":"https:\/\/vieassociative.be\/actualites\/wp-content\/uploads\/2024\/09\/1727497051_La-Belgique-avec-Hazard-Show-zum-Gruppensieg.jpeg","width":1600,"height":900,"caption":"La Belgique avec Hazard Show zum Gruppensieg"},{"@type":"BreadcrumbList","@id":"https:\/\/vieassociative.be\/actualites\/la-belgique-avec-hazard-show-zum-gruppensieg\/#breadcrumb","itemListElement":[{"@type":"ListItem","position":1,"name":"Accueil","item":"https:\/\/vieassociative.be\/actualites\/"},{"@type":"ListItem","position":2,"name":"La Belgique avec Hazard Show zum Gruppensieg"}]},{"@type":"WebSite","@id":"https:\/\/vieassociative.be\/actualites\/#website","url":"https:\/\/vieassociative.be\/actualites\/","name":"Vie Associative","description":"","publisher":{"@id":"https:\/\/vieassociative.be\/actualites\/#organization"},"potentialAction":[{"@type":"SearchAction","target":{"@type":"EntryPoint","urlTemplate":"https:\/\/vieassociative.be\/actualites\/?s={search_term_string}"},"query-input":{"@type":"PropertyValueSpecification","valueRequired":true,"valueName":"search_term_string"}}],"inLanguage":"fr-BE"},{"@type":"Organization","@id":"https:\/\/vieassociative.be\/actualites\/#organization","name":"Vie Associative","url":"https:\/\/vieassociative.be\/actualites\/","logo":{"@type":"ImageObject","inLanguage":"fr-BE","@id":"https:\/\/vieassociative.be\/actualites\/#\/schema\/logo\/image\/","url":"https:\/\/vieassociative.be\/actualites\/wp-content\/uploads\/2024\/09\/cropped-vieassociative_favicon.ico.png","contentUrl":"https:\/\/vieassociative.be\/actualites\/wp-content\/uploads\/2024\/09\/cropped-vieassociative_favicon.ico.png","width":512,"height":512,"caption":"Vie Associative"},"image":{"@id":"https:\/\/vieassociative.be\/actualites\/#\/schema\/logo\/image\/"}},{"@type":"Person","@id":"https:\/\/vieassociative.be\/actualites\/#\/schema\/person\/b87ac4f82f9d4e7b7cec7395b679edc4","name":"Julien","image":{"@type":"ImageObject","inLanguage":"fr-BE","@id":"https:\/\/vieassociative.be\/actualites\/#\/schema\/person\/image\/","url":"https:\/\/vieassociative.be\/actualites\/wp-content\/uploads\/2024\/09\/vie-associative-1-150x150.jpg","contentUrl":"https:\/\/vieassociative.be\/actualites\/wp-content\/uploads\/2024\/09\/vie-associative-1-150x150.jpg","caption":"Julien"},"description":"Je suis Julien, r\u00e9dacteur pour Vie Associative. Passionn\u00e9 par le monde associatif depuis plus de 10 ans, j'ai \u00e0 c\u0153ur de partager des histoires inspirantes et de mettre en lumi\u00e8re les initiatives locales. Mon objectif est de sensibiliser et d'encourager l'engagement communautaire \u00e0 travers mes articles.","sameAs":["https:\/\/vieassociative.be\/"]}]}},"_links":{"self":[{"href":"https:\/\/vieassociative.be\/actualites\/wp-json\/wp\/v2\/posts\/597"}],"collection":[{"href":"https:\/\/vieassociative.be\/actualites\/wp-json\/wp\/v2\/posts"}],"about":[{"href":"https:\/\/vieassociative.be\/actualites\/wp-json\/wp\/v2\/types\/post"}],"author":[{"embeddable":true,"href":"https:\/\/vieassociative.be\/actualites\/wp-json\/wp\/v2\/users\/1"}],"replies":[{"embeddable":true,"href":"https:\/\/vieassociative.be\/actualites\/wp-json\/wp\/v2\/comments?post=597"}],"version-history":[{"count":1,"href":"https:\/\/vieassociative.be\/actualites\/wp-json\/wp\/v2\/posts\/597\/revisions"}],"predecessor-version":[{"id":599,"href":"https:\/\/vieassociative.be\/actualites\/wp-json\/wp\/v2\/posts\/597\/revisions\/599"}],"wp:featuredmedia":[{"embeddable":true,"href":"https:\/\/vieassociative.be\/actualites\/wp-json\/wp\/v2\/media\/598"}],"wp:attachment":[{"href":"https:\/\/vieassociative.be\/actualites\/wp-json\/wp\/v2\/media?parent=597"}],"wp:term":[{"taxonomy":"category","embeddable":true,"href":"https:\/\/vieassociative.be\/actualites\/wp-json\/wp\/v2\/categories?post=597"},{"taxonomy":"post_tag","embeddable":true,"href":"https:\/\/vieassociative.be\/actualites\/wp-json\/wp\/v2\/tags?post=597"}],"curies":[{"name":"wp","href":"https:\/\/api.w.org\/{rel}","templated":true}]}}