{"id":5969,"date":"2025-03-18T15:17:29","date_gmt":"2025-03-18T14:17:29","guid":{"rendered":"https:\/\/vieassociative.be\/actualites\/grand-nettoyage-de-printemps-a-eupen-du-jeudi-au-dimanche-les-collectionneurs-a-ordures-sont-sur-la-route\/"},"modified":"2025-03-18T15:17:29","modified_gmt":"2025-03-18T14:17:29","slug":"grand-nettoyage-de-printemps-a-eupen-du-jeudi-au-dimanche-les-collectionneurs-a-ordures-sont-sur-la-route","status":"publish","type":"post","link":"https:\/\/vieassociative.be\/actualites\/grand-nettoyage-de-printemps-a-eupen-du-jeudi-au-dimanche-les-collectionneurs-a-ordures-sont-sur-la-route\/","title":{"rendered":"Grand nettoyage de printemps \u00e0 Eupen: du jeudi au dimanche, les collectionneurs \u00e0 ordures sont sur la route"},"content":{"rendered":"<p><strong>Du jeudi 20 mars au dimanche 23 mars, les collectionneurs de d\u00e9chets sont sur la route \u00e0 Eupen et se d\u00e9placent vers les d\u00e9chets en route. Aucun coup de pied n\u00e9gligemment jet\u00e9 de la bo\u00eete n&rsquo;est \u00e0 l&rsquo;abri d&rsquo;eux.<\/strong><\/p>\n<p><span id=\"more-411417\"><\/span>Les conducteurs sont invit\u00e9s \u00e0 accorder une attention particuli\u00e8re aux pi\u00e9tons dans les rues pendant cette p\u00e9riode.<\/p>\n<p>Au total, 38 groupes de collecte avec un total de plus de 1 000 personnes en participent. Cela d\u00e9passe le dossier de participation de l&rsquo;ann\u00e9e derni\u00e8re. En plus des groupes de quarts et des \u00e9coles, les entreprises et les organisations sont \u00e9galement incluses.<\/p>\n<p>Le Coll\u00e8ge municipal remercie tous les participants pour leur engagement en faveur de l&rsquo;environnement et est tr\u00e8s heureux du grand engagement.<\/p>\n","protected":false},"excerpt":{"rendered":"<p>Du jeudi 20 mars au dimanche 23 mars, les collectionneurs de d\u00e9chets sont sur la route \u00e0 Eupen et se d\u00e9placent vers les d\u00e9chets en<\/p>\n","protected":false},"author":1,"featured_media":5970,"comment_status":"","ping_status":"","sticky":false,"template":"","format":"standard","meta":{"footnotes":""},"categories":[298],"tags":[5905,471,2329,1119,136,14,2643,5105,4943,3474,18,33],"class_list":["post-5969","post","type-post","status-publish","format-standard","has-post-thumbnail","hentry","category-belgique","tag-collectionneurs","tag-dimanche","tag-eupen","tag-grand","tag-jeudi","tag-les","tag-nettoyage","tag-ordures","tag-printemps","tag-route","tag-sont","tag-sur","generate-columns","tablet-grid-50","mobile-grid-100","grid-parent","grid-33"],"yoast_head":"<!-- This site is optimized with the Yoast SEO plugin v24.0 - https:\/\/yoast.com\/wordpress\/plugins\/seo\/ -->\n<title>Grand nettoyage de printemps \u00e0 Eupen: du jeudi au dimanche, les collectionneurs \u00e0 ordures sont sur la route | Vie Associative<\/title>\n<meta name=\"robots\" content=\"index, follow, max-snippet:-1, max-image-preview:large, max-video-preview:-1\" \/>\n<link rel=\"canonical\" href=\"https:\/\/vieassociative.be\/actualites\/grand-nettoyage-de-printemps-a-eupen-du-jeudi-au-dimanche-les-collectionneurs-a-ordures-sont-sur-la-route\/\" \/>\n<meta property=\"og:locale\" content=\"fr_FR\" \/>\n<meta property=\"og:type\" content=\"article\" \/>\n<meta property=\"og:title\" content=\"Grand nettoyage de printemps \u00e0 Eupen: du jeudi au dimanche, les collectionneurs \u00e0 ordures sont sur la route | Vie Associative\" \/>\n<meta property=\"og:description\" content=\"Du jeudi 20 mars au dimanche 23 mars, les collectionneurs de d\u00e9chets sont sur la route \u00e0 Eupen et se d\u00e9placent vers les d\u00e9chets en\" \/>\n<meta property=\"og:url\" content=\"https:\/\/vieassociative.be\/actualites\/grand-nettoyage-de-printemps-a-eupen-du-jeudi-au-dimanche-les-collectionneurs-a-ordures-sont-sur-la-route\/\" \/>\n<meta property=\"og:site_name\" content=\"Vie Associative\" \/>\n<meta property=\"article:published_time\" content=\"2025-03-18T14:17:29+00:00\" \/>\n<meta property=\"og:image\" content=\"https:\/\/vieassociative.be\/actualites\/wp-content\/uploads\/2024\/09\/header_backgroundk-01-e1726694325946.png\" \/>\n\t<meta property=\"og:image:width\" content=\"279\" \/>\n\t<meta property=\"og:image:height\" content=\"92\" \/>\n\t<meta property=\"og:image:type\" content=\"image\/png\" \/>\n<meta name=\"author\" content=\"Julien\" \/>\n<meta name=\"twitter:card\" content=\"summary_large_image\" \/>\n<meta name=\"twitter:label1\" content=\"\u00c9crit par\" \/>\n\t<meta name=\"twitter:data1\" content=\"Julien\" \/>\n\t<meta name=\"twitter:label2\" content=\"Dur\u00e9e de lecture est.\" \/>\n\t<meta name=\"twitter:data2\" content=\"1 minute\" \/>\n<script type=\"application\/ld+json\" class=\"yoast-schema-graph\">{\"@context\":\"https:\/\/schema.org\",\"@graph\":[{\"@type\":\"Article\",\"@id\":\"https:\/\/vieassociative.be\/actualites\/grand-nettoyage-de-printemps-a-eupen-du-jeudi-au-dimanche-les-collectionneurs-a-ordures-sont-sur-la-route\/#article\",\"isPartOf\":{\"@id\":\"https:\/\/vieassociative.be\/actualites\/grand-nettoyage-de-printemps-a-eupen-du-jeudi-au-dimanche-les-collectionneurs-a-ordures-sont-sur-la-route\/\"},\"author\":{\"name\":\"Julien\",\"@id\":\"https:\/\/vieassociative.be\/actualites\/#\/schema\/person\/b87ac4f82f9d4e7b7cec7395b679edc4\"},\"headline\":\"Grand nettoyage de printemps \u00e0 Eupen: du jeudi au dimanche, les collectionneurs \u00e0 ordures sont sur la route\",\"datePublished\":\"2025-03-18T14:17:29+00:00\",\"dateModified\":\"2025-03-18T14:17:29+00:00\",\"mainEntityOfPage\":{\"@id\":\"https:\/\/vieassociative.be\/actualites\/grand-nettoyage-de-printemps-a-eupen-du-jeudi-au-dimanche-les-collectionneurs-a-ordures-sont-sur-la-route\/\"},\"wordCount\":147,\"publisher\":{\"@id\":\"https:\/\/vieassociative.be\/actualites\/#organization\"},\"image\":{\"@id\":\"https:\/\/vieassociative.be\/actualites\/grand-nettoyage-de-printemps-a-eupen-du-jeudi-au-dimanche-les-collectionneurs-a-ordures-sont-sur-la-route\/#primaryimage\"},\"thumbnailUrl\":\"https:\/\/vieassociative.be\/actualites\/wp-content\/uploads\/2025\/03\/Grand-nettoyage-de-printemps-a-Eupen-du-jeudi-au-dimanche.jpeg\",\"keywords\":[\"collectionneurs\",\"dimanche\",\"Eupen\",\"grand\",\"jeudi\",\"Les\",\"nettoyage\",\"ordures\",\"printemps\",\"route\",\"sont\",\"sur\"],\"articleSection\":[\"Belgique\"],\"inLanguage\":\"fr-BE\"},{\"@type\":\"WebPage\",\"@id\":\"https:\/\/vieassociative.be\/actualites\/grand-nettoyage-de-printemps-a-eupen-du-jeudi-au-dimanche-les-collectionneurs-a-ordures-sont-sur-la-route\/\",\"url\":\"https:\/\/vieassociative.be\/actualites\/grand-nettoyage-de-printemps-a-eupen-du-jeudi-au-dimanche-les-collectionneurs-a-ordures-sont-sur-la-route\/\",\"name\":\"Grand nettoyage de printemps \u00e0 Eupen: du jeudi au dimanche, les collectionneurs \u00e0 ordures sont sur la route | Vie Associative\",\"isPartOf\":{\"@id\":\"https:\/\/vieassociative.be\/actualites\/#website\"},\"primaryImageOfPage\":{\"@id\":\"https:\/\/vieassociative.be\/actualites\/grand-nettoyage-de-printemps-a-eupen-du-jeudi-au-dimanche-les-collectionneurs-a-ordures-sont-sur-la-route\/#primaryimage\"},\"image\":{\"@id\":\"https:\/\/vieassociative.be\/actualites\/grand-nettoyage-de-printemps-a-eupen-du-jeudi-au-dimanche-les-collectionneurs-a-ordures-sont-sur-la-route\/#primaryimage\"},\"thumbnailUrl\":\"https:\/\/vieassociative.be\/actualites\/wp-content\/uploads\/2025\/03\/Grand-nettoyage-de-printemps-a-Eupen-du-jeudi-au-dimanche.jpeg\",\"datePublished\":\"2025-03-18T14:17:29+00:00\",\"dateModified\":\"2025-03-18T14:17:29+00:00\",\"breadcrumb\":{\"@id\":\"https:\/\/vieassociative.be\/actualites\/grand-nettoyage-de-printemps-a-eupen-du-jeudi-au-dimanche-les-collectionneurs-a-ordures-sont-sur-la-route\/#breadcrumb\"},\"inLanguage\":\"fr-BE\",\"potentialAction\":[{\"@type\":\"ReadAction\",\"target\":[\"https:\/\/vieassociative.be\/actualites\/grand-nettoyage-de-printemps-a-eupen-du-jeudi-au-dimanche-les-collectionneurs-a-ordures-sont-sur-la-route\/\"]}]},{\"@type\":\"ImageObject\",\"inLanguage\":\"fr-BE\",\"@id\":\"https:\/\/vieassociative.be\/actualites\/grand-nettoyage-de-printemps-a-eupen-du-jeudi-au-dimanche-les-collectionneurs-a-ordures-sont-sur-la-route\/#primaryimage\",\"url\":\"https:\/\/vieassociative.be\/actualites\/wp-content\/uploads\/2025\/03\/Grand-nettoyage-de-printemps-a-Eupen-du-jeudi-au-dimanche.jpeg\",\"contentUrl\":\"https:\/\/vieassociative.be\/actualites\/wp-content\/uploads\/2025\/03\/Grand-nettoyage-de-printemps-a-Eupen-du-jeudi-au-dimanche.jpeg\",\"width\":1000,\"height\":667,\"caption\":\"Grand nettoyage de printemps \u00e0 Eupen: du jeudi au dimanche, les collectionneurs \u00e0 ordures sont sur la route\"},{\"@type\":\"BreadcrumbList\",\"@id\":\"https:\/\/vieassociative.be\/actualites\/grand-nettoyage-de-printemps-a-eupen-du-jeudi-au-dimanche-les-collectionneurs-a-ordures-sont-sur-la-route\/#breadcrumb\",\"itemListElement\":[{\"@type\":\"ListItem\",\"position\":1,\"name\":\"Accueil\",\"item\":\"https:\/\/vieassociative.be\/actualites\/\"},{\"@type\":\"ListItem\",\"position\":2,\"name\":\"Grand nettoyage de printemps \u00e0 Eupen: du jeudi au dimanche, les collectionneurs \u00e0 ordures sont sur la route\"}]},{\"@type\":\"WebSite\",\"@id\":\"https:\/\/vieassociative.be\/actualites\/#website\",\"url\":\"https:\/\/vieassociative.be\/actualites\/\",\"name\":\"Vie Associative\",\"description\":\"\",\"publisher\":{\"@id\":\"https:\/\/vieassociative.be\/actualites\/#organization\"},\"potentialAction\":[{\"@type\":\"SearchAction\",\"target\":{\"@type\":\"EntryPoint\",\"urlTemplate\":\"https:\/\/vieassociative.be\/actualites\/?s={search_term_string}\"},\"query-input\":{\"@type\":\"PropertyValueSpecification\",\"valueRequired\":true,\"valueName\":\"search_term_string\"}}],\"inLanguage\":\"fr-BE\"},{\"@type\":\"Organization\",\"@id\":\"https:\/\/vieassociative.be\/actualites\/#organization\",\"name\":\"Vie Associative\",\"url\":\"https:\/\/vieassociative.be\/actualites\/\",\"logo\":{\"@type\":\"ImageObject\",\"inLanguage\":\"fr-BE\",\"@id\":\"https:\/\/vieassociative.be\/actualites\/#\/schema\/logo\/image\/\",\"url\":\"https:\/\/vieassociative.be\/actualites\/wp-content\/uploads\/2024\/09\/cropped-vieassociative_favicon.ico.png\",\"contentUrl\":\"https:\/\/vieassociative.be\/actualites\/wp-content\/uploads\/2024\/09\/cropped-vieassociative_favicon.ico.png\",\"width\":512,\"height\":512,\"caption\":\"Vie Associative\"},\"image\":{\"@id\":\"https:\/\/vieassociative.be\/actualites\/#\/schema\/logo\/image\/\"}},{\"@type\":\"Person\",\"@id\":\"https:\/\/vieassociative.be\/actualites\/#\/schema\/person\/b87ac4f82f9d4e7b7cec7395b679edc4\",\"name\":\"Julien\",\"image\":{\"@type\":\"ImageObject\",\"inLanguage\":\"fr-BE\",\"@id\":\"https:\/\/vieassociative.be\/actualites\/#\/schema\/person\/image\/\",\"url\":\"https:\/\/vieassociative.be\/actualites\/wp-content\/uploads\/2024\/09\/vie-associative-1-150x150.jpg\",\"contentUrl\":\"https:\/\/vieassociative.be\/actualites\/wp-content\/uploads\/2024\/09\/vie-associative-1-150x150.jpg\",\"caption\":\"Julien\"},\"description\":\"Je suis Julien, r\u00e9dacteur pour Vie Associative. Passionn\u00e9 par le monde associatif depuis plus de 10 ans, j'ai \u00e0 c\u0153ur de partager des histoires inspirantes et de mettre en lumi\u00e8re les initiatives locales. Mon objectif est de sensibiliser et d'encourager l'engagement communautaire \u00e0 travers mes articles.\",\"sameAs\":[\"https:\/\/vieassociative.be\/\"]}]}<\/script>\n<!-- \/ Yoast SEO plugin. -->","yoast_head_json":{"title":"Grand nettoyage de printemps \u00e0 Eupen: du jeudi au dimanche, les collectionneurs \u00e0 ordures sont sur la route | Vie Associative","robots":{"index":"index","follow":"follow","max-snippet":"max-snippet:-1","max-image-preview":"max-image-preview:large","max-video-preview":"max-video-preview:-1"},"canonical":"https:\/\/vieassociative.be\/actualites\/grand-nettoyage-de-printemps-a-eupen-du-jeudi-au-dimanche-les-collectionneurs-a-ordures-sont-sur-la-route\/","og_locale":"fr_FR","og_type":"article","og_title":"Grand nettoyage de printemps \u00e0 Eupen: du jeudi au dimanche, les collectionneurs \u00e0 ordures sont sur la route | Vie Associative","og_description":"Du jeudi 20 mars au dimanche 23 mars, les collectionneurs de d\u00e9chets sont sur la route \u00e0 Eupen et se d\u00e9placent vers les d\u00e9chets en","og_url":"https:\/\/vieassociative.be\/actualites\/grand-nettoyage-de-printemps-a-eupen-du-jeudi-au-dimanche-les-collectionneurs-a-ordures-sont-sur-la-route\/","og_site_name":"Vie Associative","article_published_time":"2025-03-18T14:17:29+00:00","og_image":[{"width":279,"height":92,"url":"https:\/\/vieassociative.be\/actualites\/wp-content\/uploads\/2024\/09\/header_backgroundk-01-e1726694325946.png","type":"image\/png"}],"author":"Julien","twitter_card":"summary_large_image","twitter_misc":{"\u00c9crit par":"Julien","Dur\u00e9e de lecture est.":"1 minute"},"schema":{"@context":"https:\/\/schema.org","@graph":[{"@type":"Article","@id":"https:\/\/vieassociative.be\/actualites\/grand-nettoyage-de-printemps-a-eupen-du-jeudi-au-dimanche-les-collectionneurs-a-ordures-sont-sur-la-route\/#article","isPartOf":{"@id":"https:\/\/vieassociative.be\/actualites\/grand-nettoyage-de-printemps-a-eupen-du-jeudi-au-dimanche-les-collectionneurs-a-ordures-sont-sur-la-route\/"},"author":{"name":"Julien","@id":"https:\/\/vieassociative.be\/actualites\/#\/schema\/person\/b87ac4f82f9d4e7b7cec7395b679edc4"},"headline":"Grand nettoyage de printemps \u00e0 Eupen: du jeudi au dimanche, les collectionneurs \u00e0 ordures sont sur la route","datePublished":"2025-03-18T14:17:29+00:00","dateModified":"2025-03-18T14:17:29+00:00","mainEntityOfPage":{"@id":"https:\/\/vieassociative.be\/actualites\/grand-nettoyage-de-printemps-a-eupen-du-jeudi-au-dimanche-les-collectionneurs-a-ordures-sont-sur-la-route\/"},"wordCount":147,"publisher":{"@id":"https:\/\/vieassociative.be\/actualites\/#organization"},"image":{"@id":"https:\/\/vieassociative.be\/actualites\/grand-nettoyage-de-printemps-a-eupen-du-jeudi-au-dimanche-les-collectionneurs-a-ordures-sont-sur-la-route\/#primaryimage"},"thumbnailUrl":"https:\/\/vieassociative.be\/actualites\/wp-content\/uploads\/2025\/03\/Grand-nettoyage-de-printemps-a-Eupen-du-jeudi-au-dimanche.jpeg","keywords":["collectionneurs","dimanche","Eupen","grand","jeudi","Les","nettoyage","ordures","printemps","route","sont","sur"],"articleSection":["Belgique"],"inLanguage":"fr-BE"},{"@type":"WebPage","@id":"https:\/\/vieassociative.be\/actualites\/grand-nettoyage-de-printemps-a-eupen-du-jeudi-au-dimanche-les-collectionneurs-a-ordures-sont-sur-la-route\/","url":"https:\/\/vieassociative.be\/actualites\/grand-nettoyage-de-printemps-a-eupen-du-jeudi-au-dimanche-les-collectionneurs-a-ordures-sont-sur-la-route\/","name":"Grand nettoyage de printemps \u00e0 Eupen: du jeudi au dimanche, les collectionneurs \u00e0 ordures sont sur la route | Vie Associative","isPartOf":{"@id":"https:\/\/vieassociative.be\/actualites\/#website"},"primaryImageOfPage":{"@id":"https:\/\/vieassociative.be\/actualites\/grand-nettoyage-de-printemps-a-eupen-du-jeudi-au-dimanche-les-collectionneurs-a-ordures-sont-sur-la-route\/#primaryimage"},"image":{"@id":"https:\/\/vieassociative.be\/actualites\/grand-nettoyage-de-printemps-a-eupen-du-jeudi-au-dimanche-les-collectionneurs-a-ordures-sont-sur-la-route\/#primaryimage"},"thumbnailUrl":"https:\/\/vieassociative.be\/actualites\/wp-content\/uploads\/2025\/03\/Grand-nettoyage-de-printemps-a-Eupen-du-jeudi-au-dimanche.jpeg","datePublished":"2025-03-18T14:17:29+00:00","dateModified":"2025-03-18T14:17:29+00:00","breadcrumb":{"@id":"https:\/\/vieassociative.be\/actualites\/grand-nettoyage-de-printemps-a-eupen-du-jeudi-au-dimanche-les-collectionneurs-a-ordures-sont-sur-la-route\/#breadcrumb"},"inLanguage":"fr-BE","potentialAction":[{"@type":"ReadAction","target":["https:\/\/vieassociative.be\/actualites\/grand-nettoyage-de-printemps-a-eupen-du-jeudi-au-dimanche-les-collectionneurs-a-ordures-sont-sur-la-route\/"]}]},{"@type":"ImageObject","inLanguage":"fr-BE","@id":"https:\/\/vieassociative.be\/actualites\/grand-nettoyage-de-printemps-a-eupen-du-jeudi-au-dimanche-les-collectionneurs-a-ordures-sont-sur-la-route\/#primaryimage","url":"https:\/\/vieassociative.be\/actualites\/wp-content\/uploads\/2025\/03\/Grand-nettoyage-de-printemps-a-Eupen-du-jeudi-au-dimanche.jpeg","contentUrl":"https:\/\/vieassociative.be\/actualites\/wp-content\/uploads\/2025\/03\/Grand-nettoyage-de-printemps-a-Eupen-du-jeudi-au-dimanche.jpeg","width":1000,"height":667,"caption":"Grand nettoyage de printemps \u00e0 Eupen: du jeudi au dimanche, les collectionneurs \u00e0 ordures sont sur la route"},{"@type":"BreadcrumbList","@id":"https:\/\/vieassociative.be\/actualites\/grand-nettoyage-de-printemps-a-eupen-du-jeudi-au-dimanche-les-collectionneurs-a-ordures-sont-sur-la-route\/#breadcrumb","itemListElement":[{"@type":"ListItem","position":1,"name":"Accueil","item":"https:\/\/vieassociative.be\/actualites\/"},{"@type":"ListItem","position":2,"name":"Grand nettoyage de printemps \u00e0 Eupen: du jeudi au dimanche, les collectionneurs \u00e0 ordures sont sur la route"}]},{"@type":"WebSite","@id":"https:\/\/vieassociative.be\/actualites\/#website","url":"https:\/\/vieassociative.be\/actualites\/","name":"Vie Associative","description":"","publisher":{"@id":"https:\/\/vieassociative.be\/actualites\/#organization"},"potentialAction":[{"@type":"SearchAction","target":{"@type":"EntryPoint","urlTemplate":"https:\/\/vieassociative.be\/actualites\/?s={search_term_string}"},"query-input":{"@type":"PropertyValueSpecification","valueRequired":true,"valueName":"search_term_string"}}],"inLanguage":"fr-BE"},{"@type":"Organization","@id":"https:\/\/vieassociative.be\/actualites\/#organization","name":"Vie Associative","url":"https:\/\/vieassociative.be\/actualites\/","logo":{"@type":"ImageObject","inLanguage":"fr-BE","@id":"https:\/\/vieassociative.be\/actualites\/#\/schema\/logo\/image\/","url":"https:\/\/vieassociative.be\/actualites\/wp-content\/uploads\/2024\/09\/cropped-vieassociative_favicon.ico.png","contentUrl":"https:\/\/vieassociative.be\/actualites\/wp-content\/uploads\/2024\/09\/cropped-vieassociative_favicon.ico.png","width":512,"height":512,"caption":"Vie Associative"},"image":{"@id":"https:\/\/vieassociative.be\/actualites\/#\/schema\/logo\/image\/"}},{"@type":"Person","@id":"https:\/\/vieassociative.be\/actualites\/#\/schema\/person\/b87ac4f82f9d4e7b7cec7395b679edc4","name":"Julien","image":{"@type":"ImageObject","inLanguage":"fr-BE","@id":"https:\/\/vieassociative.be\/actualites\/#\/schema\/person\/image\/","url":"https:\/\/vieassociative.be\/actualites\/wp-content\/uploads\/2024\/09\/vie-associative-1-150x150.jpg","contentUrl":"https:\/\/vieassociative.be\/actualites\/wp-content\/uploads\/2024\/09\/vie-associative-1-150x150.jpg","caption":"Julien"},"description":"Je suis Julien, r\u00e9dacteur pour Vie Associative. Passionn\u00e9 par le monde associatif depuis plus de 10 ans, j'ai \u00e0 c\u0153ur de partager des histoires inspirantes et de mettre en lumi\u00e8re les initiatives locales. Mon objectif est de sensibiliser et d'encourager l'engagement communautaire \u00e0 travers mes articles.","sameAs":["https:\/\/vieassociative.be\/"]}]}},"_links":{"self":[{"href":"https:\/\/vieassociative.be\/actualites\/wp-json\/wp\/v2\/posts\/5969"}],"collection":[{"href":"https:\/\/vieassociative.be\/actualites\/wp-json\/wp\/v2\/posts"}],"about":[{"href":"https:\/\/vieassociative.be\/actualites\/wp-json\/wp\/v2\/types\/post"}],"author":[{"embeddable":true,"href":"https:\/\/vieassociative.be\/actualites\/wp-json\/wp\/v2\/users\/1"}],"replies":[{"embeddable":true,"href":"https:\/\/vieassociative.be\/actualites\/wp-json\/wp\/v2\/comments?post=5969"}],"version-history":[{"count":0,"href":"https:\/\/vieassociative.be\/actualites\/wp-json\/wp\/v2\/posts\/5969\/revisions"}],"wp:featuredmedia":[{"embeddable":true,"href":"https:\/\/vieassociative.be\/actualites\/wp-json\/wp\/v2\/media\/5970"}],"wp:attachment":[{"href":"https:\/\/vieassociative.be\/actualites\/wp-json\/wp\/v2\/media?parent=5969"}],"wp:term":[{"taxonomy":"category","embeddable":true,"href":"https:\/\/vieassociative.be\/actualites\/wp-json\/wp\/v2\/categories?post=5969"},{"taxonomy":"post_tag","embeddable":true,"href":"https:\/\/vieassociative.be\/actualites\/wp-json\/wp\/v2\/tags?post=5969"}],"curies":[{"name":"wp","href":"https:\/\/api.w.org\/{rel}","templated":true}]}}