{"id":5964,"date":"2025-03-18T08:19:41","date_gmt":"2025-03-18T07:19:41","guid":{"rendered":"https:\/\/vieassociative.be\/actualites\/ces-haut-parleurs-sonos-sont-en-vente-pour-leurs-prix-les-plus-bas-de-tous-les-temps\/"},"modified":"2025-03-18T08:19:41","modified_gmt":"2025-03-18T07:19:41","slug":"ces-haut-parleurs-sonos-sont-en-vente-pour-leurs-prix-les-plus-bas-de-tous-les-temps","status":"publish","type":"post","link":"https:\/\/vieassociative.be\/actualites\/ces-haut-parleurs-sonos-sont-en-vente-pour-leurs-prix-les-plus-bas-de-tous-les-temps\/","title":{"rendered":"Ces haut-parleurs Sonos sont en vente pour leurs prix les plus bas de tous les temps"},"content":{"rendered":"<div class=\"mt-4 leading-6 md:mb-8\">Obtenez le haut-parleur portable, le haut-parleur intelligent, le mini-subwoofer et la barre de son pour leur prix le plus bas.<\/div>\n<p><\/p>\n<p>Sonos prend sa convivialit\u00e9 au s\u00e9rieux. Lorsque les gens se sont plaints d&rsquo;une mise \u00e0 jour sur leur application compagnon qui s&rsquo;est d\u00e9barrass\u00e9e de nombreuses fonctionnalit\u00e9s int\u00e9ressantes, Sonos a \u00e9cout\u00e9 et les a remis. C&rsquo;est le genre d&rsquo;engagement envers leurs clients que vous pouvez attendre de Sonos, et pourquoi ils ont \u00e9t\u00e9 si populaires sur le march\u00e9 audio. Donc, quand il y a une vente de Sonos avec de bonnes remises, profitez-en. En ce moment, vous pouvez obtenir le Roam 2 pour <strong>139 $<\/strong> (\u00e0 l&rsquo;origine 179 $), l&rsquo;\u00e8re Sonos 100 pour <strong>199 $<\/strong> (\u00e0 l&rsquo;origine 249 $), Sonos Sub mini pour <strong>343 $<\/strong> (\u00e0 l&rsquo;origine 429 $), et le sonos est pour <strong>629 $<\/strong> (\u00e0 l&rsquo;origine 899 $). Tous ces orateurs sont \u00e0 leur prix le plus bas, selon les outils de suivi des prix.<\/p>\n<div class=\"shadow-b-2 mb-12 mt-10 rounded-md border-2 border-(#F0F0F0) px-6 py-2 shadow-lg md:px-12\" role=\"region\" aria-label=\"Products List\" x-data=\"{ showMore: false }\">\n<div class=\"flex w-full gap-x-5\">\n<div class=\"flex w-full flex-col flex-nowrap justify-center gap-2 text-black no-underline md:order-2 md:gap-y-6\">\n<div class=\"flex flex-col justify-between gap-y-2 md:w-full md:gap-y-1\">\n<div class=\"block font-sans text-xs font-semibold capitalize leading-3 text-gray-900 md:leading-4\">Sortie maximale: 4e + 1 watts, connectivit\u00e9: Bluetooth et Wi-Fi, mode de sortie: mono, montage: tablette<\/div>\n<div class=\"block w-fit cursor-pointer font-akshar text-lg font-medium leading-5 text-brand-green duration-200 ease-in-out hover:text-brand-green-700 md:text-xl md:leading-6\">\n<p>                            Sonos ROAM 2\n                        <\/p><\/div>\n<\/p><\/div>\n<div class=\"hidden md:flex md:justify-between md:gap-x-4\">\n<div class=\"w-full mb-0 md:flex md:flex-col md:justify-center font-sans leading-4 text-black\">\n<div class=\"flex flex-wrap items-center justify-center gap-x-1 md:justify-start\">\n        <span class=\"font-bold\"><\/p>\n<p>            139,00 $<br \/>\n                            <span class=\"font-medium\">\u00e0 Amazon<\/span><br \/>\n                    <\/span><br \/>\n                    <img decoding=\"async\" class=\"mt-0 h-(15px)\" src=\"https:\/\/vieassociative.be\/actualites\/wp-content\/uploads\/2025\/03\/Ces-haut-parleurs-Sonos-sont-en-vente-pour-leurs-prix-les.svg.svg+xml\" title=\"Amazon Prime\" alt=\"Amazon Prime\">\n            <\/div>\n<div class=\"flex items-center justify-center gap-x-1 font-bold md:justify-start\">\n            <span class=\"text-sm line-through\">179,00 $<\/span><br \/>\n            <span class=\"text-sm text-brand-green\">\u00c9conomisez 40 $<\/span>\n        <\/div>\n<\/p><\/div>\n<p>                            <button class=\"flex justify-center items-center w-full bg-brand-green text-white text-base font-sans font-medium rounded-md hover:bg-brand-green-700 hover:cursor-pointer md:text-sm hidden self-end h-12 max-w-(10rem) duration-200 ease-in-out hover:bg-brand-green-700 md:flex md:h-10\"><\/p>\n<p>    Conclure un accord<br \/>\n<\/button>\n                        <\/div>\n<\/p><\/div>\n<div class=\"flex aspect-video h-(90px) shrink-0 items-center justify-center self-center md:order-1\">\n                        <img decoding=\"async\" class=\"m-0 max-h-full max-w-full rounded-md\" src=\"https:\/\/vieassociative.be\/actualites\/wp-content\/uploads\/2025\/03\/Ces-haut-parleurs-Sonos-sont-en-vente-pour-leurs-prix-les.jpg\" alt=\"Sonos ROAM 2\" width=\"auto\" height=\"auto\" loading=\"lazy\">\n                    <\/div>\n<\/p><\/div>\n<p>                            <button class=\"flex justify-center items-center w-full bg-brand-green text-white text-base font-sans font-medium rounded-md hover:bg-brand-green-700 hover:cursor-pointer md:text-sm w-full h-12 duration-200 ease-in-out hover:bg-brand-green-700 md:hidden md:h-10\"><\/p>\n<p>    Conclure un accord<br \/>\n<\/button><\/p>\n<div class=\"flex flex-col items-center w-full md:hidden font-sans leading-4 text-black\">\n<div class=\"flex flex-wrap items-center justify-center gap-x-1 md:justify-start\">\n        <span class=\"font-bold\"><\/p>\n<p>            139,00 $<br \/>\n                            <span class=\"font-medium\">\u00e0 Amazon<\/span><br \/>\n                    <\/span><br \/>\n                    <img decoding=\"async\" class=\"mt-0 h-(15px)\" src=\"https:\/\/vieassociative.be\/actualites\/wp-content\/uploads\/2025\/03\/Ces-haut-parleurs-Sonos-sont-en-vente-pour-leurs-prix-les.svg.svg+xml\" title=\"Amazon Prime\" alt=\"Amazon Prime\">\n            <\/div>\n<div class=\"flex items-center justify-center gap-x-1 font-bold md:justify-start\">\n            <span class=\"text-sm line-through\">179,00 $<\/span><br \/>\n            <span class=\"text-sm text-brand-green\">\u00c9conomisez 40 $<\/span>\n        <\/div>\n<\/p><\/div>\n<div class=\"flex w-full gap-x-5\">\n<div class=\"flex w-full flex-col flex-nowrap justify-center gap-2 text-black no-underline md:order-2 md:gap-y-6\">\n<div class=\"flex flex-col justify-between gap-y-2 md:w-full md:gap-y-1\">\n<div class=\"block font-sans text-xs font-semibold capitalize leading-3 text-gray-900 md:leading-4\">Sortie maximale: 10 watts, connectivit\u00e9: Bluetooth \/ Wi-Fi \/ USB, mode de sortie: surround, montage: \u00e9tag\u00e8re<\/div>\n<div class=\"block w-fit cursor-pointer font-akshar text-lg font-medium leading-5 text-brand-green duration-200 ease-in-out hover:text-brand-green-700 md:text-xl md:leading-6\">\n<p>                            SONOS ERA 100\n                        <\/p><\/div>\n<\/p><\/div>\n<div class=\"hidden md:flex md:justify-between md:gap-x-4\">\n<div class=\"w-full mb-0 md:flex md:flex-col md:justify-center font-sans leading-4 text-black\">\n<div class=\"flex flex-wrap items-center justify-center gap-x-1 md:justify-start\">\n        <span class=\"font-bold\"><\/p>\n<p>            199,00 $<br \/>\n                            <span class=\"font-medium\">\u00e0 Amazon<\/span><br \/>\n                    <\/span><br \/>\n                    <img decoding=\"async\" class=\"mt-0 h-(15px)\" src=\"https:\/\/vieassociative.be\/actualites\/wp-content\/uploads\/2025\/03\/Ces-haut-parleurs-Sonos-sont-en-vente-pour-leurs-prix-les.svg.svg+xml\" title=\"Amazon Prime\" alt=\"Amazon Prime\">\n            <\/div>\n<div class=\"flex items-center justify-center gap-x-1 font-bold md:justify-start\">\n            <span class=\"text-sm line-through\">249,00 $<\/span><br \/>\n            <span class=\"text-sm text-brand-green\">\u00c9conomisez 50,00 $<\/span>\n        <\/div>\n<\/p><\/div>\n<p>                            <button class=\"flex justify-center items-center w-full bg-brand-green text-white text-base font-sans font-medium rounded-md hover:bg-brand-green-700 hover:cursor-pointer md:text-sm hidden self-end h-12 max-w-(10rem) duration-200 ease-in-out hover:bg-brand-green-700 md:flex md:h-10\"><\/p>\n<p>    Conclure un accord<br \/>\n<\/button>\n                        <\/div>\n<\/p><\/div>\n<div class=\"flex aspect-video h-(90px) shrink-0 items-center justify-center self-center md:order-1\">\n                        <img decoding=\"async\" class=\"m-0 max-h-full max-w-full rounded-md\" src=\"https:\/\/vieassociative.be\/actualites\/wp-content\/uploads\/2025\/03\/1742282380_253_Ces-haut-parleurs-Sonos-sont-en-vente-pour-leurs-prix-les.jpg\" alt=\"SONOS ERA 100\" width=\"auto\" height=\"auto\" loading=\"lazy\">\n                    <\/div>\n<\/p><\/div>\n<p>                            <button class=\"flex justify-center items-center w-full bg-brand-green text-white text-base font-sans font-medium rounded-md hover:bg-brand-green-700 hover:cursor-pointer md:text-sm w-full h-12 duration-200 ease-in-out hover:bg-brand-green-700 md:hidden md:h-10\"><\/p>\n<p>    Conclure un accord<br \/>\n<\/button><\/p>\n<div class=\"flex flex-col items-center w-full md:hidden font-sans leading-4 text-black\">\n<div class=\"flex flex-wrap items-center justify-center gap-x-1 md:justify-start\">\n        <span class=\"font-bold\"><\/p>\n<p>            199,00 $<br \/>\n                            <span class=\"font-medium\">\u00e0 Amazon<\/span><br \/>\n                    <\/span><br \/>\n                    <img decoding=\"async\" class=\"mt-0 h-(15px)\" src=\"https:\/\/vieassociative.be\/actualites\/wp-content\/uploads\/2025\/03\/Ces-haut-parleurs-Sonos-sont-en-vente-pour-leurs-prix-les.svg.svg+xml\" title=\"Amazon Prime\" alt=\"Amazon Prime\">\n            <\/div>\n<div class=\"flex items-center justify-center gap-x-1 font-bold md:justify-start\">\n            <span class=\"text-sm line-through\">249,00 $<\/span><br \/>\n            <span class=\"text-sm text-brand-green\">\u00c9conomisez 50,00 $<\/span>\n        <\/div>\n<\/p><\/div>\n<div class=\"flex w-full gap-x-5\">\n<div class=\"flex w-full flex-col flex-nowrap justify-center gap-2 text-black no-underline md:order-2 md:gap-y-6\">\n<div class=\"flex flex-col justify-between gap-y-2 md:w-full md:gap-y-1\">\n<div class=\"block font-sans text-xs font-semibold capitalize leading-3 text-gray-900 md:leading-4\">Sortie maximale: 250 watts, connectivit\u00e9: Wi-Fi, mode de sortie: surround, montage: plancher<\/div>\n<div class=\"block w-fit cursor-pointer font-akshar text-lg font-medium leading-5 text-brand-green duration-200 ease-in-out hover:text-brand-green-700 md:text-xl md:leading-6\">\n<p>                            Sonos sub mini\n                        <\/p><\/div>\n<\/p><\/div>\n<div class=\"hidden md:flex md:justify-between md:gap-x-4\">\n<div class=\"w-full mb-0 md:flex md:flex-col md:justify-center font-sans leading-4 text-black\">\n<div class=\"flex flex-wrap items-center justify-center gap-x-1 md:justify-start\">\n        <span class=\"font-bold\"><\/p>\n<p>            343,00 $<br \/>\n                            <span class=\"font-medium\">\u00e0 Amazon<\/span><br \/>\n                    <\/span><br \/>\n                    <img decoding=\"async\" class=\"mt-0 h-(15px)\" src=\"https:\/\/vieassociative.be\/actualites\/wp-content\/uploads\/2025\/03\/Ces-haut-parleurs-Sonos-sont-en-vente-pour-leurs-prix-les.svg.svg+xml\" title=\"Amazon Prime\" alt=\"Amazon Prime\">\n            <\/div>\n<div class=\"flex items-center justify-center gap-x-1 font-bold md:justify-start\">\n            <span class=\"text-sm line-through\">429,00 $<\/span><br \/>\n            <span class=\"text-sm text-brand-green\">\u00c9conomisez 86,00 $<\/span>\n        <\/div>\n<\/p><\/div>\n<p>                            <button class=\"flex justify-center items-center w-full bg-brand-green text-white text-base font-sans font-medium rounded-md hover:bg-brand-green-700 hover:cursor-pointer md:text-sm hidden self-end h-12 max-w-(10rem) duration-200 ease-in-out hover:bg-brand-green-700 md:flex md:h-10\"><\/p>\n<p>    Conclure un accord<br \/>\n<\/button>\n                        <\/div>\n<\/p><\/div>\n<div class=\"flex aspect-video h-(90px) shrink-0 items-center justify-center self-center md:order-1\">\n                        <img decoding=\"async\" class=\"m-0 max-h-full max-w-full rounded-md\" src=\"https:\/\/vieassociative.be\/actualites\/wp-content\/uploads\/2025\/03\/1742282380_191_Ces-haut-parleurs-Sonos-sont-en-vente-pour-leurs-prix-les.jpg\" alt=\"SONOS Sub Mini - Black - Subwoofer sans fil compact\" width=\"auto\" height=\"auto\" loading=\"lazy\">\n                    <\/div>\n<\/p><\/div>\n<p>                            <button class=\"flex justify-center items-center w-full bg-brand-green text-white text-base font-sans font-medium rounded-md hover:bg-brand-green-700 hover:cursor-pointer md:text-sm w-full h-12 duration-200 ease-in-out hover:bg-brand-green-700 md:hidden md:h-10\"><\/p>\n<p>    Conclure un accord<br \/>\n<\/button><\/p>\n<div class=\"flex flex-col items-center w-full md:hidden font-sans leading-4 text-black\">\n<div class=\"flex flex-wrap items-center justify-center gap-x-1 md:justify-start\">\n        <span class=\"font-bold\"><\/p>\n<p>            343,00 $<br \/>\n                            <span class=\"font-medium\">\u00e0 Amazon<\/span><br \/>\n                    <\/span><br \/>\n                    <img decoding=\"async\" class=\"mt-0 h-(15px)\" src=\"https:\/\/vieassociative.be\/actualites\/wp-content\/uploads\/2025\/03\/Ces-haut-parleurs-Sonos-sont-en-vente-pour-leurs-prix-les.svg.svg+xml\" title=\"Amazon Prime\" alt=\"Amazon Prime\">\n            <\/div>\n<div class=\"flex items-center justify-center gap-x-1 font-bold md:justify-start\">\n            <span class=\"text-sm line-through\">429,00 $<\/span><br \/>\n            <span class=\"text-sm text-brand-green\">\u00c9conomisez 86,00 $<\/span>\n        <\/div>\n<\/p><\/div>\n<div class=\"flex w-full gap-x-5\">\n<div class=\"flex w-full flex-col flex-nowrap justify-center gap-2 text-black no-underline md:order-2 md:gap-y-6\">\n<div class=\"flex flex-col justify-between gap-y-2 md:w-full md:gap-y-1\">\n<div class=\"block font-sans text-xs font-semibold capitalize leading-3 text-gray-900 md:leading-4\">Connectivit\u00e9: Wi-Fi, mode de sortie: surround, montage: mur<\/div>\n<div class=\"block w-fit cursor-pointer font-akshar text-lg font-medium leading-5 text-brand-green duration-200 ease-in-out hover:text-brand-green-700 md:text-xl md:leading-6\">\n<p>                            Barre de son \u00e0 arc sonos\n                        <\/p><\/div>\n<\/p><\/div>\n<div class=\"hidden md:flex md:justify-between md:gap-x-4\">\n<div class=\"w-full mb-0 md:flex md:flex-col md:justify-center font-sans leading-4 text-black\">\n<div class=\"flex flex-wrap items-center justify-center gap-x-1 md:justify-start\">\n        <span class=\"font-bold\"><\/p>\n<p>            629,00 $<br \/>\n                            <span class=\"font-medium\">\u00e0 Amazon<\/span><br \/>\n                    <\/span>\n            <\/div>\n<div class=\"flex items-center justify-center gap-x-1 font-bold md:justify-start\">\n            <span class=\"text-sm line-through\">899,00 $<\/span><br \/>\n            <span class=\"text-sm text-brand-green\">\u00c9conomisez 270,00 $<\/span>\n        <\/div>\n<\/p><\/div>\n<p>                            <button class=\"flex justify-center items-center w-full bg-brand-green text-white text-base font-sans font-medium rounded-md hover:bg-brand-green-700 hover:cursor-pointer md:text-sm hidden self-end h-12 max-w-(10rem) duration-200 ease-in-out hover:bg-brand-green-700 md:flex md:h-10\"><\/p>\n<p>    Conclure un accord<br \/>\n<\/button>\n                        <\/div>\n<\/p><\/div>\n<div class=\"flex aspect-video h-(90px) shrink-0 items-center justify-center self-center md:order-1\">\n                        <img decoding=\"async\" class=\"m-0 max-h-full max-w-full rounded-md\" src=\"https:\/\/vieassociative.be\/actualites\/wp-content\/uploads\/2025\/03\/1742282381_146_Ces-haut-parleurs-Sonos-sont-en-vente-pour-leurs-prix-les.jpg\" alt=\"Arc sonos\" width=\"auto\" height=\"auto\" loading=\"lazy\">\n                    <\/div>\n<\/p><\/div>\n<p>                            <button class=\"flex justify-center items-center w-full bg-brand-green text-white text-base font-sans font-medium rounded-md hover:bg-brand-green-700 hover:cursor-pointer md:text-sm w-full h-12 duration-200 ease-in-out hover:bg-brand-green-700 md:hidden md:h-10\"><\/p>\n<p>    Conclure un accord<br \/>\n<\/button><\/p>\n<div class=\"flex flex-col items-center w-full md:hidden font-sans leading-4 text-black\">\n<div class=\"flex flex-wrap items-center justify-center gap-x-1 md:justify-start\">\n        <span class=\"font-bold\"><\/p>\n<p>            629,00 $<br \/>\n                            <span class=\"font-medium\">\u00e0 Amazon<\/span><br \/>\n                    <\/span>\n            <\/div>\n<div class=\"flex items-center justify-center gap-x-1 font-bold md:justify-start\">\n            <span class=\"text-sm line-through\">899,00 $<\/span><br \/>\n            <span class=\"text-sm text-brand-green\">\u00c9conomisez 270,00 $<\/span>\n        <\/div>\n<\/p><\/div>\n<\/div>\n<p>Le Roam 2 est leur version d&rsquo;un portable, et comme la plupart des haut-parleurs Sonos, ils s&rsquo;int\u00e8grent parfaitement dans l&rsquo;\u00e9cosyst\u00e8me pour jouer des m\u00e9dias multiples. Il a une fonction de haut-parleur, EQ dans l&rsquo;application, charge sans fil, r\u00e9siste \u00e0 l&rsquo;eau et a Alexa et Sonos Voice Assistant, selon la revue de PCMAG. \u00c0 <strong>139 $<\/strong> (\u00e0 l&rsquo;origine 179 $), le Roam 2 est le moyen le moins cher d&rsquo;essayer un orateur Sonos.<\/p>\n<p>Le Sonos Era 100 est un haut-parleur intelligent qui peut fonctionner comme st\u00e9r\u00e9o avec une paire ou comme des haut-parleurs arri\u00e8re dans un syst\u00e8me de son surround Sonos. Il s&rsquo;agit d&rsquo;une version mise \u00e0 jour du haut-parleur intelligent de Sonos One, offrant de meilleures basses et autres am\u00e9liorations. Il a une revue \u00ab\u00a0excellente\u00a0\u00bb de PCMAG pour sa capacit\u00e9 \u00e0 lire la st\u00e9r\u00e9o avec un seul appareil (il a une configuration \u00e0 double tweeter), son audio \u00e9quilibr\u00e9 et l&rsquo;application compagnon bien d\u00e9velopp\u00e9e qui vous permet d&rsquo;ajuster l&rsquo;\u00e9quation.<\/p>\n<p>Le Sonos Sub Mini est une version plus petite et plus abordable du Sub Sonos, parfait pour un petit appartement ou une pi\u00e8ce o\u00f9 vous voulez un combo de barre de son et de subwoofer. Vous pouvez lire la critique CNET ici.<\/p>\n<p>Et si vous cherchez une barre de son de premier ordre, consid\u00e9rez l&rsquo;arc de Sonos. Cette barre de son intelligente est sortie en 2020 et a re\u00e7u une \u00ab\u00a0excellente\u00a0\u00bb revue de PCMAG pour sa compatibilit\u00e9 Dolby Atmos, sa facilit\u00e9 d&rsquo;expansion, sa prise en charge d&rsquo;Amazon Alexa et de Google Assistant, et son champ sonore large et son bass puissant (m\u00eame sans subwoofer). Son courant <strong>629 $ <\/strong>Le prix est le moins cher qu&rsquo;il ait jamais \u00e9t\u00e9 (bien qu&rsquo;il soit exp\u00e9di\u00e9 et vendu par un magasin d&rsquo;Amazon tiers).<\/p>\n","protected":false},"excerpt":{"rendered":"<p>Obtenez le haut-parleur portable, le haut-parleur intelligent, le mini-subwoofer et la barre de son pour leur prix le plus bas. Sonos prend sa convivialit\u00e9 au<\/p>\n","protected":false},"author":1,"featured_media":5965,"comment_status":"","ping_status":"","sticky":false,"template":"","format":"standard","meta":{"footnotes":""},"categories":[13],"tags":[700,248,1266,14,845,81,1399,1834,18,790,546,223],"class_list":["post-5964","post","type-post","status-publish","format-standard","has-post-thumbnail","hentry","category-technologie","tag-bas","tag-ces","tag-hautparleurs","tag-les","tag-leurs","tag-pour","tag-prix","tag-sonos","tag-sont","tag-temps","tag-tous","tag-vente","generate-columns","tablet-grid-50","mobile-grid-100","grid-parent","grid-33"],"yoast_head":"<!-- This site is optimized with the Yoast SEO plugin v24.0 - https:\/\/yoast.com\/wordpress\/plugins\/seo\/ -->\n<title>Ces haut-parleurs Sonos sont en vente pour leurs prix les plus bas de tous les temps | Vie Associative<\/title>\n<meta name=\"robots\" content=\"index, follow, max-snippet:-1, max-image-preview:large, max-video-preview:-1\" \/>\n<link rel=\"canonical\" href=\"https:\/\/vieassociative.be\/actualites\/ces-haut-parleurs-sonos-sont-en-vente-pour-leurs-prix-les-plus-bas-de-tous-les-temps\/\" \/>\n<meta property=\"og:locale\" content=\"fr_FR\" \/>\n<meta property=\"og:type\" content=\"article\" \/>\n<meta property=\"og:title\" content=\"Ces haut-parleurs Sonos sont en vente pour leurs prix les plus bas de tous les temps | Vie Associative\" \/>\n<meta property=\"og:description\" content=\"Obtenez le haut-parleur portable, le haut-parleur intelligent, le mini-subwoofer et la barre de son pour leur prix le plus bas. Sonos prend sa convivialit\u00e9 au\" \/>\n<meta property=\"og:url\" content=\"https:\/\/vieassociative.be\/actualites\/ces-haut-parleurs-sonos-sont-en-vente-pour-leurs-prix-les-plus-bas-de-tous-les-temps\/\" \/>\n<meta property=\"og:site_name\" content=\"Vie Associative\" \/>\n<meta property=\"article:published_time\" content=\"2025-03-18T07:19:41+00:00\" \/>\n<meta property=\"og:image\" content=\"https:\/\/vieassociative.be\/actualites\/wp-content\/uploads\/2025\/03\/Ces-haut-parleurs-Sonos-sont-en-vente-pour-leurs-prix-les.svg.svg+xml\" \/>\n<meta name=\"author\" content=\"Julien\" \/>\n<meta name=\"twitter:card\" content=\"summary_large_image\" \/>\n<meta name=\"twitter:label1\" content=\"\u00c9crit par\" \/>\n\t<meta name=\"twitter:data1\" content=\"Julien\" \/>\n\t<meta name=\"twitter:label2\" content=\"Dur\u00e9e de lecture est.\" \/>\n\t<meta name=\"twitter:data2\" content=\"3 minutes\" \/>\n<script type=\"application\/ld+json\" class=\"yoast-schema-graph\">{\"@context\":\"https:\/\/schema.org\",\"@graph\":[{\"@type\":\"Article\",\"@id\":\"https:\/\/vieassociative.be\/actualites\/ces-haut-parleurs-sonos-sont-en-vente-pour-leurs-prix-les-plus-bas-de-tous-les-temps\/#article\",\"isPartOf\":{\"@id\":\"https:\/\/vieassociative.be\/actualites\/ces-haut-parleurs-sonos-sont-en-vente-pour-leurs-prix-les-plus-bas-de-tous-les-temps\/\"},\"author\":{\"name\":\"Julien\",\"@id\":\"https:\/\/vieassociative.be\/actualites\/#\/schema\/person\/b87ac4f82f9d4e7b7cec7395b679edc4\"},\"headline\":\"Ces haut-parleurs Sonos sont en vente pour leurs prix les plus bas de tous les temps\",\"datePublished\":\"2025-03-18T07:19:41+00:00\",\"dateModified\":\"2025-03-18T07:19:41+00:00\",\"mainEntityOfPage\":{\"@id\":\"https:\/\/vieassociative.be\/actualites\/ces-haut-parleurs-sonos-sont-en-vente-pour-leurs-prix-les-plus-bas-de-tous-les-temps\/\"},\"wordCount\":568,\"publisher\":{\"@id\":\"https:\/\/vieassociative.be\/actualites\/#organization\"},\"image\":{\"@id\":\"https:\/\/vieassociative.be\/actualites\/ces-haut-parleurs-sonos-sont-en-vente-pour-leurs-prix-les-plus-bas-de-tous-les-temps\/#primaryimage\"},\"thumbnailUrl\":\"https:\/\/vieassociative.be\/actualites\/wp-content\/uploads\/2025\/03\/Ces-haut-parleurs-Sonos-sont-en-vente-pour-leurs-prix-les.png\",\"keywords\":[\"bas\",\"ces\",\"hautparleurs\",\"Les\",\"leurs\",\"pour\",\"prix\",\"Sonos\",\"sont\",\"temps\",\"tous\",\"vente\"],\"articleSection\":[\"Technologie\"],\"inLanguage\":\"fr-BE\"},{\"@type\":\"WebPage\",\"@id\":\"https:\/\/vieassociative.be\/actualites\/ces-haut-parleurs-sonos-sont-en-vente-pour-leurs-prix-les-plus-bas-de-tous-les-temps\/\",\"url\":\"https:\/\/vieassociative.be\/actualites\/ces-haut-parleurs-sonos-sont-en-vente-pour-leurs-prix-les-plus-bas-de-tous-les-temps\/\",\"name\":\"Ces haut-parleurs Sonos sont en vente pour leurs prix les plus bas de tous les temps | Vie Associative\",\"isPartOf\":{\"@id\":\"https:\/\/vieassociative.be\/actualites\/#website\"},\"primaryImageOfPage\":{\"@id\":\"https:\/\/vieassociative.be\/actualites\/ces-haut-parleurs-sonos-sont-en-vente-pour-leurs-prix-les-plus-bas-de-tous-les-temps\/#primaryimage\"},\"image\":{\"@id\":\"https:\/\/vieassociative.be\/actualites\/ces-haut-parleurs-sonos-sont-en-vente-pour-leurs-prix-les-plus-bas-de-tous-les-temps\/#primaryimage\"},\"thumbnailUrl\":\"https:\/\/vieassociative.be\/actualites\/wp-content\/uploads\/2025\/03\/Ces-haut-parleurs-Sonos-sont-en-vente-pour-leurs-prix-les.png\",\"datePublished\":\"2025-03-18T07:19:41+00:00\",\"dateModified\":\"2025-03-18T07:19:41+00:00\",\"breadcrumb\":{\"@id\":\"https:\/\/vieassociative.be\/actualites\/ces-haut-parleurs-sonos-sont-en-vente-pour-leurs-prix-les-plus-bas-de-tous-les-temps\/#breadcrumb\"},\"inLanguage\":\"fr-BE\",\"potentialAction\":[{\"@type\":\"ReadAction\",\"target\":[\"https:\/\/vieassociative.be\/actualites\/ces-haut-parleurs-sonos-sont-en-vente-pour-leurs-prix-les-plus-bas-de-tous-les-temps\/\"]}]},{\"@type\":\"ImageObject\",\"inLanguage\":\"fr-BE\",\"@id\":\"https:\/\/vieassociative.be\/actualites\/ces-haut-parleurs-sonos-sont-en-vente-pour-leurs-prix-les-plus-bas-de-tous-les-temps\/#primaryimage\",\"url\":\"https:\/\/vieassociative.be\/actualites\/wp-content\/uploads\/2025\/03\/Ces-haut-parleurs-Sonos-sont-en-vente-pour-leurs-prix-les.png\",\"contentUrl\":\"https:\/\/vieassociative.be\/actualites\/wp-content\/uploads\/2025\/03\/Ces-haut-parleurs-Sonos-sont-en-vente-pour-leurs-prix-les.png\",\"width\":1200,\"height\":675,\"caption\":\"Ces haut-parleurs Sonos sont en vente pour leurs prix les plus bas de tous les temps\"},{\"@type\":\"BreadcrumbList\",\"@id\":\"https:\/\/vieassociative.be\/actualites\/ces-haut-parleurs-sonos-sont-en-vente-pour-leurs-prix-les-plus-bas-de-tous-les-temps\/#breadcrumb\",\"itemListElement\":[{\"@type\":\"ListItem\",\"position\":1,\"name\":\"Accueil\",\"item\":\"https:\/\/vieassociative.be\/actualites\/\"},{\"@type\":\"ListItem\",\"position\":2,\"name\":\"Ces haut-parleurs Sonos sont en vente pour leurs prix les plus bas de tous les temps\"}]},{\"@type\":\"WebSite\",\"@id\":\"https:\/\/vieassociative.be\/actualites\/#website\",\"url\":\"https:\/\/vieassociative.be\/actualites\/\",\"name\":\"Vie Associative\",\"description\":\"\",\"publisher\":{\"@id\":\"https:\/\/vieassociative.be\/actualites\/#organization\"},\"potentialAction\":[{\"@type\":\"SearchAction\",\"target\":{\"@type\":\"EntryPoint\",\"urlTemplate\":\"https:\/\/vieassociative.be\/actualites\/?s={search_term_string}\"},\"query-input\":{\"@type\":\"PropertyValueSpecification\",\"valueRequired\":true,\"valueName\":\"search_term_string\"}}],\"inLanguage\":\"fr-BE\"},{\"@type\":\"Organization\",\"@id\":\"https:\/\/vieassociative.be\/actualites\/#organization\",\"name\":\"Vie Associative\",\"url\":\"https:\/\/vieassociative.be\/actualites\/\",\"logo\":{\"@type\":\"ImageObject\",\"inLanguage\":\"fr-BE\",\"@id\":\"https:\/\/vieassociative.be\/actualites\/#\/schema\/logo\/image\/\",\"url\":\"https:\/\/vieassociative.be\/actualites\/wp-content\/uploads\/2024\/09\/cropped-vieassociative_favicon.ico.png\",\"contentUrl\":\"https:\/\/vieassociative.be\/actualites\/wp-content\/uploads\/2024\/09\/cropped-vieassociative_favicon.ico.png\",\"width\":512,\"height\":512,\"caption\":\"Vie Associative\"},\"image\":{\"@id\":\"https:\/\/vieassociative.be\/actualites\/#\/schema\/logo\/image\/\"}},{\"@type\":\"Person\",\"@id\":\"https:\/\/vieassociative.be\/actualites\/#\/schema\/person\/b87ac4f82f9d4e7b7cec7395b679edc4\",\"name\":\"Julien\",\"image\":{\"@type\":\"ImageObject\",\"inLanguage\":\"fr-BE\",\"@id\":\"https:\/\/vieassociative.be\/actualites\/#\/schema\/person\/image\/\",\"url\":\"https:\/\/vieassociative.be\/actualites\/wp-content\/uploads\/2024\/09\/vie-associative-1-150x150.jpg\",\"contentUrl\":\"https:\/\/vieassociative.be\/actualites\/wp-content\/uploads\/2024\/09\/vie-associative-1-150x150.jpg\",\"caption\":\"Julien\"},\"description\":\"Je suis Julien, r\u00e9dacteur pour Vie Associative. Passionn\u00e9 par le monde associatif depuis plus de 10 ans, j'ai \u00e0 c\u0153ur de partager des histoires inspirantes et de mettre en lumi\u00e8re les initiatives locales. Mon objectif est de sensibiliser et d'encourager l'engagement communautaire \u00e0 travers mes articles.\",\"sameAs\":[\"https:\/\/vieassociative.be\/\"]}]}<\/script>\n<!-- \/ Yoast SEO plugin. -->","yoast_head_json":{"title":"Ces haut-parleurs Sonos sont en vente pour leurs prix les plus bas de tous les temps | Vie Associative","robots":{"index":"index","follow":"follow","max-snippet":"max-snippet:-1","max-image-preview":"max-image-preview:large","max-video-preview":"max-video-preview:-1"},"canonical":"https:\/\/vieassociative.be\/actualites\/ces-haut-parleurs-sonos-sont-en-vente-pour-leurs-prix-les-plus-bas-de-tous-les-temps\/","og_locale":"fr_FR","og_type":"article","og_title":"Ces haut-parleurs Sonos sont en vente pour leurs prix les plus bas de tous les temps | Vie Associative","og_description":"Obtenez le haut-parleur portable, le haut-parleur intelligent, le mini-subwoofer et la barre de son pour leur prix le plus bas. Sonos prend sa convivialit\u00e9 au","og_url":"https:\/\/vieassociative.be\/actualites\/ces-haut-parleurs-sonos-sont-en-vente-pour-leurs-prix-les-plus-bas-de-tous-les-temps\/","og_site_name":"Vie Associative","article_published_time":"2025-03-18T07:19:41+00:00","og_image":[{"url":"https:\/\/vieassociative.be\/actualites\/wp-content\/uploads\/2025\/03\/Ces-haut-parleurs-Sonos-sont-en-vente-pour-leurs-prix-les.svg.svg+xml","type":"","width":"","height":""}],"author":"Julien","twitter_card":"summary_large_image","twitter_misc":{"\u00c9crit par":"Julien","Dur\u00e9e de lecture est.":"3 minutes"},"schema":{"@context":"https:\/\/schema.org","@graph":[{"@type":"Article","@id":"https:\/\/vieassociative.be\/actualites\/ces-haut-parleurs-sonos-sont-en-vente-pour-leurs-prix-les-plus-bas-de-tous-les-temps\/#article","isPartOf":{"@id":"https:\/\/vieassociative.be\/actualites\/ces-haut-parleurs-sonos-sont-en-vente-pour-leurs-prix-les-plus-bas-de-tous-les-temps\/"},"author":{"name":"Julien","@id":"https:\/\/vieassociative.be\/actualites\/#\/schema\/person\/b87ac4f82f9d4e7b7cec7395b679edc4"},"headline":"Ces haut-parleurs Sonos sont en vente pour leurs prix les plus bas de tous les temps","datePublished":"2025-03-18T07:19:41+00:00","dateModified":"2025-03-18T07:19:41+00:00","mainEntityOfPage":{"@id":"https:\/\/vieassociative.be\/actualites\/ces-haut-parleurs-sonos-sont-en-vente-pour-leurs-prix-les-plus-bas-de-tous-les-temps\/"},"wordCount":568,"publisher":{"@id":"https:\/\/vieassociative.be\/actualites\/#organization"},"image":{"@id":"https:\/\/vieassociative.be\/actualites\/ces-haut-parleurs-sonos-sont-en-vente-pour-leurs-prix-les-plus-bas-de-tous-les-temps\/#primaryimage"},"thumbnailUrl":"https:\/\/vieassociative.be\/actualites\/wp-content\/uploads\/2025\/03\/Ces-haut-parleurs-Sonos-sont-en-vente-pour-leurs-prix-les.png","keywords":["bas","ces","hautparleurs","Les","leurs","pour","prix","Sonos","sont","temps","tous","vente"],"articleSection":["Technologie"],"inLanguage":"fr-BE"},{"@type":"WebPage","@id":"https:\/\/vieassociative.be\/actualites\/ces-haut-parleurs-sonos-sont-en-vente-pour-leurs-prix-les-plus-bas-de-tous-les-temps\/","url":"https:\/\/vieassociative.be\/actualites\/ces-haut-parleurs-sonos-sont-en-vente-pour-leurs-prix-les-plus-bas-de-tous-les-temps\/","name":"Ces haut-parleurs Sonos sont en vente pour leurs prix les plus bas de tous les temps | Vie Associative","isPartOf":{"@id":"https:\/\/vieassociative.be\/actualites\/#website"},"primaryImageOfPage":{"@id":"https:\/\/vieassociative.be\/actualites\/ces-haut-parleurs-sonos-sont-en-vente-pour-leurs-prix-les-plus-bas-de-tous-les-temps\/#primaryimage"},"image":{"@id":"https:\/\/vieassociative.be\/actualites\/ces-haut-parleurs-sonos-sont-en-vente-pour-leurs-prix-les-plus-bas-de-tous-les-temps\/#primaryimage"},"thumbnailUrl":"https:\/\/vieassociative.be\/actualites\/wp-content\/uploads\/2025\/03\/Ces-haut-parleurs-Sonos-sont-en-vente-pour-leurs-prix-les.png","datePublished":"2025-03-18T07:19:41+00:00","dateModified":"2025-03-18T07:19:41+00:00","breadcrumb":{"@id":"https:\/\/vieassociative.be\/actualites\/ces-haut-parleurs-sonos-sont-en-vente-pour-leurs-prix-les-plus-bas-de-tous-les-temps\/#breadcrumb"},"inLanguage":"fr-BE","potentialAction":[{"@type":"ReadAction","target":["https:\/\/vieassociative.be\/actualites\/ces-haut-parleurs-sonos-sont-en-vente-pour-leurs-prix-les-plus-bas-de-tous-les-temps\/"]}]},{"@type":"ImageObject","inLanguage":"fr-BE","@id":"https:\/\/vieassociative.be\/actualites\/ces-haut-parleurs-sonos-sont-en-vente-pour-leurs-prix-les-plus-bas-de-tous-les-temps\/#primaryimage","url":"https:\/\/vieassociative.be\/actualites\/wp-content\/uploads\/2025\/03\/Ces-haut-parleurs-Sonos-sont-en-vente-pour-leurs-prix-les.png","contentUrl":"https:\/\/vieassociative.be\/actualites\/wp-content\/uploads\/2025\/03\/Ces-haut-parleurs-Sonos-sont-en-vente-pour-leurs-prix-les.png","width":1200,"height":675,"caption":"Ces haut-parleurs Sonos sont en vente pour leurs prix les plus bas de tous les temps"},{"@type":"BreadcrumbList","@id":"https:\/\/vieassociative.be\/actualites\/ces-haut-parleurs-sonos-sont-en-vente-pour-leurs-prix-les-plus-bas-de-tous-les-temps\/#breadcrumb","itemListElement":[{"@type":"ListItem","position":1,"name":"Accueil","item":"https:\/\/vieassociative.be\/actualites\/"},{"@type":"ListItem","position":2,"name":"Ces haut-parleurs Sonos sont en vente pour leurs prix les plus bas de tous les temps"}]},{"@type":"WebSite","@id":"https:\/\/vieassociative.be\/actualites\/#website","url":"https:\/\/vieassociative.be\/actualites\/","name":"Vie Associative","description":"","publisher":{"@id":"https:\/\/vieassociative.be\/actualites\/#organization"},"potentialAction":[{"@type":"SearchAction","target":{"@type":"EntryPoint","urlTemplate":"https:\/\/vieassociative.be\/actualites\/?s={search_term_string}"},"query-input":{"@type":"PropertyValueSpecification","valueRequired":true,"valueName":"search_term_string"}}],"inLanguage":"fr-BE"},{"@type":"Organization","@id":"https:\/\/vieassociative.be\/actualites\/#organization","name":"Vie Associative","url":"https:\/\/vieassociative.be\/actualites\/","logo":{"@type":"ImageObject","inLanguage":"fr-BE","@id":"https:\/\/vieassociative.be\/actualites\/#\/schema\/logo\/image\/","url":"https:\/\/vieassociative.be\/actualites\/wp-content\/uploads\/2024\/09\/cropped-vieassociative_favicon.ico.png","contentUrl":"https:\/\/vieassociative.be\/actualites\/wp-content\/uploads\/2024\/09\/cropped-vieassociative_favicon.ico.png","width":512,"height":512,"caption":"Vie Associative"},"image":{"@id":"https:\/\/vieassociative.be\/actualites\/#\/schema\/logo\/image\/"}},{"@type":"Person","@id":"https:\/\/vieassociative.be\/actualites\/#\/schema\/person\/b87ac4f82f9d4e7b7cec7395b679edc4","name":"Julien","image":{"@type":"ImageObject","inLanguage":"fr-BE","@id":"https:\/\/vieassociative.be\/actualites\/#\/schema\/person\/image\/","url":"https:\/\/vieassociative.be\/actualites\/wp-content\/uploads\/2024\/09\/vie-associative-1-150x150.jpg","contentUrl":"https:\/\/vieassociative.be\/actualites\/wp-content\/uploads\/2024\/09\/vie-associative-1-150x150.jpg","caption":"Julien"},"description":"Je suis Julien, r\u00e9dacteur pour Vie Associative. Passionn\u00e9 par le monde associatif depuis plus de 10 ans, j'ai \u00e0 c\u0153ur de partager des histoires inspirantes et de mettre en lumi\u00e8re les initiatives locales. Mon objectif est de sensibiliser et d'encourager l'engagement communautaire \u00e0 travers mes articles.","sameAs":["https:\/\/vieassociative.be\/"]}]}},"_links":{"self":[{"href":"https:\/\/vieassociative.be\/actualites\/wp-json\/wp\/v2\/posts\/5964"}],"collection":[{"href":"https:\/\/vieassociative.be\/actualites\/wp-json\/wp\/v2\/posts"}],"about":[{"href":"https:\/\/vieassociative.be\/actualites\/wp-json\/wp\/v2\/types\/post"}],"author":[{"embeddable":true,"href":"https:\/\/vieassociative.be\/actualites\/wp-json\/wp\/v2\/users\/1"}],"replies":[{"embeddable":true,"href":"https:\/\/vieassociative.be\/actualites\/wp-json\/wp\/v2\/comments?post=5964"}],"version-history":[{"count":0,"href":"https:\/\/vieassociative.be\/actualites\/wp-json\/wp\/v2\/posts\/5964\/revisions"}],"wp:featuredmedia":[{"embeddable":true,"href":"https:\/\/vieassociative.be\/actualites\/wp-json\/wp\/v2\/media\/5965"}],"wp:attachment":[{"href":"https:\/\/vieassociative.be\/actualites\/wp-json\/wp\/v2\/media?parent=5964"}],"wp:term":[{"taxonomy":"category","embeddable":true,"href":"https:\/\/vieassociative.be\/actualites\/wp-json\/wp\/v2\/categories?post=5964"},{"taxonomy":"post_tag","embeddable":true,"href":"https:\/\/vieassociative.be\/actualites\/wp-json\/wp\/v2\/tags?post=5964"}],"curies":[{"name":"wp","href":"https:\/\/api.w.org\/{rel}","templated":true}]}}