{"id":5960,"date":"2025-03-18T03:19:03","date_gmt":"2025-03-18T02:19:03","guid":{"rendered":"https:\/\/vieassociative.be\/actualites\/seulement-de-legers-symptomes-apres-avoir-conduit-contre-un-arbre\/"},"modified":"2025-03-18T03:19:03","modified_gmt":"2025-03-18T02:19:03","slug":"seulement-de-legers-symptomes-apres-avoir-conduit-contre-un-arbre","status":"publish","type":"post","link":"https:\/\/vieassociative.be\/actualites\/seulement-de-legers-symptomes-apres-avoir-conduit-contre-un-arbre\/","title":{"rendered":"Seulement de l\u00e9gers sympt\u00f4mes apr\u00e8s avoir conduit contre un arbre"},"content":{"rendered":"<p><strong>La zone de police de Weser-G\u00f6hl rapporte plusieurs incidents dans son rapport de lundi 17\/03.<\/strong><\/p>\n<p><span id=\"more-411369\"><\/span><strong>&#8211; Les stup\u00e9fiants \u00e0 Raeren ont assur\u00e9:<\/strong> Le 14\/03 vers 11 h 30, la police a v\u00e9rifi\u00e9 un v\u00e9hicule avec une plaque d&rsquo;immatriculation n\u00e9erlandaise et son conducteur. Pendant la recherche, les policiers d\u00e9couvrent une p\u00e2te blanche dans une bo\u00eete de cigarettes cach\u00e9e sous le si\u00e8ge passager. Selon les r\u00e9sultats initiaux, il y a environ 20 grammes d&rsquo;amph\u00e9tamines. Un protocole est cr\u00e9\u00e9 contre l&rsquo;homme de Raeren. De plus, les contr\u00f4les de l&rsquo;inspection que le v\u00e9hicule n&rsquo;est ni approuv\u00e9 ni assur\u00e9. Le v\u00e9hicule est retir\u00e9 de la circulation.<\/p>\n<p><strong>&#8211; Vol du v\u00e9hicule \u00e0 Eupen:<\/strong> Le 14\/03 peu apr\u00e8s midi, une femme plus \u00e2g\u00e9e rapporte \u00e0 la police d&rsquo;Eupen et des \u00c9tats comme ayant \u00e9t\u00e9 victime de vol. Votre portefeuille avec carte d&rsquo;identit\u00e9 et permis de conduire a \u00e9t\u00e9 vol\u00e9 dans votre v\u00e9hicule. \u00c9tant donn\u00e9 qu&rsquo;aucune trace de d\u00e9part n&rsquo;est trouv\u00e9e, on suppose que la voiture n&rsquo;a pas \u00e9t\u00e9 correctement ferm\u00e9e.<\/p>\n<p><strong>&#8211; Accident de la circulation avec des blessures \u00e0 Raeren:<\/strong> Le 14\/03 vers 16 h 20, les services de police de la zone Weser-G\u00f6hl seront signal\u00e9s \u00e0 un accident de la circulation sur Buschhaussstrasse \u00e0 Hauset. Lorsque la police est arriv\u00e9e, la f\u00eate a d\u00e9clar\u00e9 qu&rsquo;elle venait du centre et que son parti B est venu vers une courbe \u00e0 une courbe \u00e0 une vitesse probablement excessive. Afin d&rsquo;\u00e9viter une collision, le conducteur de la f\u00eate B c\u00e8de, mais perd le contr\u00f4le de son v\u00e9hicule et rebondit un arbre.<\/p>\n<p>Les pompiers et les services d&rsquo;urgence arrivent sur place. Cependant, comme il n&rsquo;y a aucun risque d&rsquo;incendie et que les occupants du v\u00e9hicule incorrect ne veulent pas de soutien m\u00e9dical, ces services les suppriment rapidement. Le conducteur et son passager restent largement indemnes et ne se plaignent que de l\u00e9gers sympt\u00f4mes.<\/p>\n<p><strong>&#8211; Contr\u00f4le de la circulation sur les herbestaleurs Strasse \u00e0 Eupen:<\/strong> Dans la nuit du 16\/03 le 17\/03, les services de la zone de police de Weser-G\u00f6hl effectuent un contr\u00f4le de la circulation sur Herbestheer Strasse \u00e0 Eupen. 118 Les conducteurs sont test\u00e9s pour l&rsquo;alcool. La personne de niveau 1 de l&rsquo;alcool d\u00e9passe la valeur approuv\u00e9e. Cela re\u00e7oit une interdiction de conduite de 6 heures et est enregistr\u00e9. De plus, des protocoles pour un manque de certificat de test technique et une ceinture de s\u00e9curit\u00e9 non cr\u00e9\u00e9e sont \u00e9mis dans le cadre du contr\u00f4le du trafic.<\/p>\n","protected":false},"excerpt":{"rendered":"<p>La zone de police de Weser-G\u00f6hl rapporte plusieurs incidents dans son rapport de lundi 17\/03. &#8211; Les stup\u00e9fiants \u00e0 Raeren ont assur\u00e9: Le 14\/03 vers<\/p>\n","protected":false},"author":1,"featured_media":1939,"comment_status":"","ping_status":"","sticky":false,"template":"","format":"standard","meta":{"footnotes":""},"categories":[298],"tags":[472,3800,224,5904,796,5903,2583,1595],"class_list":["post-5960","post","type-post","status-publish","format-standard","has-post-thumbnail","hentry","category-belgique","tag-apres","tag-arbre","tag-avoir","tag-conduit","tag-contre","tag-legers","tag-seulement","tag-symptomes","generate-columns","tablet-grid-50","mobile-grid-100","grid-parent","grid-33"],"yoast_head":"<!-- This site is optimized with the Yoast SEO plugin v24.0 - https:\/\/yoast.com\/wordpress\/plugins\/seo\/ -->\n<title>Seulement de l\u00e9gers sympt\u00f4mes apr\u00e8s avoir conduit contre un arbre | Vie Associative<\/title>\n<meta name=\"robots\" content=\"index, follow, max-snippet:-1, max-image-preview:large, max-video-preview:-1\" \/>\n<link rel=\"canonical\" href=\"https:\/\/vieassociative.be\/actualites\/seulement-de-legers-symptomes-apres-avoir-conduit-contre-un-arbre\/\" \/>\n<meta property=\"og:locale\" content=\"fr_FR\" \/>\n<meta property=\"og:type\" content=\"article\" \/>\n<meta property=\"og:title\" content=\"Seulement de l\u00e9gers sympt\u00f4mes apr\u00e8s avoir conduit contre un arbre | Vie Associative\" \/>\n<meta property=\"og:description\" content=\"La zone de police de Weser-G\u00f6hl rapporte plusieurs incidents dans son rapport de lundi 17\/03. &#8211; Les stup\u00e9fiants \u00e0 Raeren ont assur\u00e9: Le 14\/03 vers\" \/>\n<meta property=\"og:url\" content=\"https:\/\/vieassociative.be\/actualites\/seulement-de-legers-symptomes-apres-avoir-conduit-contre-un-arbre\/\" \/>\n<meta property=\"og:site_name\" content=\"Vie Associative\" \/>\n<meta property=\"article:published_time\" content=\"2025-03-18T02:19:03+00:00\" \/>\n<meta property=\"og:image\" content=\"https:\/\/vieassociative.be\/actualites\/wp-content\/uploads\/2024\/09\/header_backgroundk-01-e1726694325946.png\" \/>\n\t<meta property=\"og:image:width\" content=\"279\" \/>\n\t<meta property=\"og:image:height\" content=\"92\" \/>\n\t<meta property=\"og:image:type\" content=\"image\/png\" \/>\n<meta name=\"author\" content=\"Julien\" \/>\n<meta name=\"twitter:card\" content=\"summary_large_image\" \/>\n<meta name=\"twitter:label1\" content=\"\u00c9crit par\" \/>\n\t<meta name=\"twitter:data1\" content=\"Julien\" \/>\n\t<meta name=\"twitter:label2\" content=\"Dur\u00e9e de lecture est.\" \/>\n\t<meta name=\"twitter:data2\" content=\"2 minutes\" \/>\n<script type=\"application\/ld+json\" class=\"yoast-schema-graph\">{\"@context\":\"https:\/\/schema.org\",\"@graph\":[{\"@type\":\"Article\",\"@id\":\"https:\/\/vieassociative.be\/actualites\/seulement-de-legers-symptomes-apres-avoir-conduit-contre-un-arbre\/#article\",\"isPartOf\":{\"@id\":\"https:\/\/vieassociative.be\/actualites\/seulement-de-legers-symptomes-apres-avoir-conduit-contre-un-arbre\/\"},\"author\":{\"name\":\"Julien\",\"@id\":\"https:\/\/vieassociative.be\/actualites\/#\/schema\/person\/b87ac4f82f9d4e7b7cec7395b679edc4\"},\"headline\":\"Seulement de l\u00e9gers sympt\u00f4mes apr\u00e8s avoir conduit contre un arbre\",\"datePublished\":\"2025-03-18T02:19:03+00:00\",\"dateModified\":\"2025-03-18T02:19:03+00:00\",\"mainEntityOfPage\":{\"@id\":\"https:\/\/vieassociative.be\/actualites\/seulement-de-legers-symptomes-apres-avoir-conduit-contre-un-arbre\/\"},\"wordCount\":450,\"publisher\":{\"@id\":\"https:\/\/vieassociative.be\/actualites\/#organization\"},\"image\":{\"@id\":\"https:\/\/vieassociative.be\/actualites\/seulement-de-legers-symptomes-apres-avoir-conduit-contre-un-arbre\/#primaryimage\"},\"thumbnailUrl\":\"https:\/\/vieassociative.be\/actualites\/wp-content\/uploads\/2024\/11\/Raeren-Le-conducteur-tombe-dans-un-micro-sommeil-a-midi.jpeg\",\"keywords\":[\"Apr\u00e8s\",\"arbre\",\"avoir\",\"conduit\",\"contre\",\"l\u00e9gers\",\"seulement\",\"sympt\u00f4mes\"],\"articleSection\":[\"Belgique\"],\"inLanguage\":\"fr-BE\"},{\"@type\":\"WebPage\",\"@id\":\"https:\/\/vieassociative.be\/actualites\/seulement-de-legers-symptomes-apres-avoir-conduit-contre-un-arbre\/\",\"url\":\"https:\/\/vieassociative.be\/actualites\/seulement-de-legers-symptomes-apres-avoir-conduit-contre-un-arbre\/\",\"name\":\"Seulement de l\u00e9gers sympt\u00f4mes apr\u00e8s avoir conduit contre un arbre | Vie Associative\",\"isPartOf\":{\"@id\":\"https:\/\/vieassociative.be\/actualites\/#website\"},\"primaryImageOfPage\":{\"@id\":\"https:\/\/vieassociative.be\/actualites\/seulement-de-legers-symptomes-apres-avoir-conduit-contre-un-arbre\/#primaryimage\"},\"image\":{\"@id\":\"https:\/\/vieassociative.be\/actualites\/seulement-de-legers-symptomes-apres-avoir-conduit-contre-un-arbre\/#primaryimage\"},\"thumbnailUrl\":\"https:\/\/vieassociative.be\/actualites\/wp-content\/uploads\/2024\/11\/Raeren-Le-conducteur-tombe-dans-un-micro-sommeil-a-midi.jpeg\",\"datePublished\":\"2025-03-18T02:19:03+00:00\",\"dateModified\":\"2025-03-18T02:19:03+00:00\",\"breadcrumb\":{\"@id\":\"https:\/\/vieassociative.be\/actualites\/seulement-de-legers-symptomes-apres-avoir-conduit-contre-un-arbre\/#breadcrumb\"},\"inLanguage\":\"fr-BE\",\"potentialAction\":[{\"@type\":\"ReadAction\",\"target\":[\"https:\/\/vieassociative.be\/actualites\/seulement-de-legers-symptomes-apres-avoir-conduit-contre-un-arbre\/\"]}]},{\"@type\":\"ImageObject\",\"inLanguage\":\"fr-BE\",\"@id\":\"https:\/\/vieassociative.be\/actualites\/seulement-de-legers-symptomes-apres-avoir-conduit-contre-un-arbre\/#primaryimage\",\"url\":\"https:\/\/vieassociative.be\/actualites\/wp-content\/uploads\/2024\/11\/Raeren-Le-conducteur-tombe-dans-un-micro-sommeil-a-midi.jpeg\",\"contentUrl\":\"https:\/\/vieassociative.be\/actualites\/wp-content\/uploads\/2024\/11\/Raeren-Le-conducteur-tombe-dans-un-micro-sommeil-a-midi.jpeg\",\"width\":1200,\"height\":800,\"caption\":\"Raeren : Le conducteur tombe dans un micro-sommeil \u00e0 midi\"},{\"@type\":\"BreadcrumbList\",\"@id\":\"https:\/\/vieassociative.be\/actualites\/seulement-de-legers-symptomes-apres-avoir-conduit-contre-un-arbre\/#breadcrumb\",\"itemListElement\":[{\"@type\":\"ListItem\",\"position\":1,\"name\":\"Accueil\",\"item\":\"https:\/\/vieassociative.be\/actualites\/\"},{\"@type\":\"ListItem\",\"position\":2,\"name\":\"Seulement de l\u00e9gers sympt\u00f4mes apr\u00e8s avoir conduit contre un arbre\"}]},{\"@type\":\"WebSite\",\"@id\":\"https:\/\/vieassociative.be\/actualites\/#website\",\"url\":\"https:\/\/vieassociative.be\/actualites\/\",\"name\":\"Vie Associative\",\"description\":\"\",\"publisher\":{\"@id\":\"https:\/\/vieassociative.be\/actualites\/#organization\"},\"potentialAction\":[{\"@type\":\"SearchAction\",\"target\":{\"@type\":\"EntryPoint\",\"urlTemplate\":\"https:\/\/vieassociative.be\/actualites\/?s={search_term_string}\"},\"query-input\":{\"@type\":\"PropertyValueSpecification\",\"valueRequired\":true,\"valueName\":\"search_term_string\"}}],\"inLanguage\":\"fr-BE\"},{\"@type\":\"Organization\",\"@id\":\"https:\/\/vieassociative.be\/actualites\/#organization\",\"name\":\"Vie Associative\",\"url\":\"https:\/\/vieassociative.be\/actualites\/\",\"logo\":{\"@type\":\"ImageObject\",\"inLanguage\":\"fr-BE\",\"@id\":\"https:\/\/vieassociative.be\/actualites\/#\/schema\/logo\/image\/\",\"url\":\"https:\/\/vieassociative.be\/actualites\/wp-content\/uploads\/2024\/09\/cropped-vieassociative_favicon.ico.png\",\"contentUrl\":\"https:\/\/vieassociative.be\/actualites\/wp-content\/uploads\/2024\/09\/cropped-vieassociative_favicon.ico.png\",\"width\":512,\"height\":512,\"caption\":\"Vie Associative\"},\"image\":{\"@id\":\"https:\/\/vieassociative.be\/actualites\/#\/schema\/logo\/image\/\"}},{\"@type\":\"Person\",\"@id\":\"https:\/\/vieassociative.be\/actualites\/#\/schema\/person\/b87ac4f82f9d4e7b7cec7395b679edc4\",\"name\":\"Julien\",\"image\":{\"@type\":\"ImageObject\",\"inLanguage\":\"fr-BE\",\"@id\":\"https:\/\/vieassociative.be\/actualites\/#\/schema\/person\/image\/\",\"url\":\"https:\/\/vieassociative.be\/actualites\/wp-content\/uploads\/2024\/09\/vie-associative-1-150x150.jpg\",\"contentUrl\":\"https:\/\/vieassociative.be\/actualites\/wp-content\/uploads\/2024\/09\/vie-associative-1-150x150.jpg\",\"caption\":\"Julien\"},\"description\":\"Je suis Julien, r\u00e9dacteur pour Vie Associative. Passionn\u00e9 par le monde associatif depuis plus de 10 ans, j'ai \u00e0 c\u0153ur de partager des histoires inspirantes et de mettre en lumi\u00e8re les initiatives locales. Mon objectif est de sensibiliser et d'encourager l'engagement communautaire \u00e0 travers mes articles.\",\"sameAs\":[\"https:\/\/vieassociative.be\/\"]}]}<\/script>\n<!-- \/ Yoast SEO plugin. -->","yoast_head_json":{"title":"Seulement de l\u00e9gers sympt\u00f4mes apr\u00e8s avoir conduit contre un arbre | Vie Associative","robots":{"index":"index","follow":"follow","max-snippet":"max-snippet:-1","max-image-preview":"max-image-preview:large","max-video-preview":"max-video-preview:-1"},"canonical":"https:\/\/vieassociative.be\/actualites\/seulement-de-legers-symptomes-apres-avoir-conduit-contre-un-arbre\/","og_locale":"fr_FR","og_type":"article","og_title":"Seulement de l\u00e9gers sympt\u00f4mes apr\u00e8s avoir conduit contre un arbre | Vie Associative","og_description":"La zone de police de Weser-G\u00f6hl rapporte plusieurs incidents dans son rapport de lundi 17\/03. &#8211; Les stup\u00e9fiants \u00e0 Raeren ont assur\u00e9: Le 14\/03 vers","og_url":"https:\/\/vieassociative.be\/actualites\/seulement-de-legers-symptomes-apres-avoir-conduit-contre-un-arbre\/","og_site_name":"Vie Associative","article_published_time":"2025-03-18T02:19:03+00:00","og_image":[{"width":279,"height":92,"url":"https:\/\/vieassociative.be\/actualites\/wp-content\/uploads\/2024\/09\/header_backgroundk-01-e1726694325946.png","type":"image\/png"}],"author":"Julien","twitter_card":"summary_large_image","twitter_misc":{"\u00c9crit par":"Julien","Dur\u00e9e de lecture est.":"2 minutes"},"schema":{"@context":"https:\/\/schema.org","@graph":[{"@type":"Article","@id":"https:\/\/vieassociative.be\/actualites\/seulement-de-legers-symptomes-apres-avoir-conduit-contre-un-arbre\/#article","isPartOf":{"@id":"https:\/\/vieassociative.be\/actualites\/seulement-de-legers-symptomes-apres-avoir-conduit-contre-un-arbre\/"},"author":{"name":"Julien","@id":"https:\/\/vieassociative.be\/actualites\/#\/schema\/person\/b87ac4f82f9d4e7b7cec7395b679edc4"},"headline":"Seulement de l\u00e9gers sympt\u00f4mes apr\u00e8s avoir conduit contre un arbre","datePublished":"2025-03-18T02:19:03+00:00","dateModified":"2025-03-18T02:19:03+00:00","mainEntityOfPage":{"@id":"https:\/\/vieassociative.be\/actualites\/seulement-de-legers-symptomes-apres-avoir-conduit-contre-un-arbre\/"},"wordCount":450,"publisher":{"@id":"https:\/\/vieassociative.be\/actualites\/#organization"},"image":{"@id":"https:\/\/vieassociative.be\/actualites\/seulement-de-legers-symptomes-apres-avoir-conduit-contre-un-arbre\/#primaryimage"},"thumbnailUrl":"https:\/\/vieassociative.be\/actualites\/wp-content\/uploads\/2024\/11\/Raeren-Le-conducteur-tombe-dans-un-micro-sommeil-a-midi.jpeg","keywords":["Apr\u00e8s","arbre","avoir","conduit","contre","l\u00e9gers","seulement","sympt\u00f4mes"],"articleSection":["Belgique"],"inLanguage":"fr-BE"},{"@type":"WebPage","@id":"https:\/\/vieassociative.be\/actualites\/seulement-de-legers-symptomes-apres-avoir-conduit-contre-un-arbre\/","url":"https:\/\/vieassociative.be\/actualites\/seulement-de-legers-symptomes-apres-avoir-conduit-contre-un-arbre\/","name":"Seulement de l\u00e9gers sympt\u00f4mes apr\u00e8s avoir conduit contre un arbre | Vie Associative","isPartOf":{"@id":"https:\/\/vieassociative.be\/actualites\/#website"},"primaryImageOfPage":{"@id":"https:\/\/vieassociative.be\/actualites\/seulement-de-legers-symptomes-apres-avoir-conduit-contre-un-arbre\/#primaryimage"},"image":{"@id":"https:\/\/vieassociative.be\/actualites\/seulement-de-legers-symptomes-apres-avoir-conduit-contre-un-arbre\/#primaryimage"},"thumbnailUrl":"https:\/\/vieassociative.be\/actualites\/wp-content\/uploads\/2024\/11\/Raeren-Le-conducteur-tombe-dans-un-micro-sommeil-a-midi.jpeg","datePublished":"2025-03-18T02:19:03+00:00","dateModified":"2025-03-18T02:19:03+00:00","breadcrumb":{"@id":"https:\/\/vieassociative.be\/actualites\/seulement-de-legers-symptomes-apres-avoir-conduit-contre-un-arbre\/#breadcrumb"},"inLanguage":"fr-BE","potentialAction":[{"@type":"ReadAction","target":["https:\/\/vieassociative.be\/actualites\/seulement-de-legers-symptomes-apres-avoir-conduit-contre-un-arbre\/"]}]},{"@type":"ImageObject","inLanguage":"fr-BE","@id":"https:\/\/vieassociative.be\/actualites\/seulement-de-legers-symptomes-apres-avoir-conduit-contre-un-arbre\/#primaryimage","url":"https:\/\/vieassociative.be\/actualites\/wp-content\/uploads\/2024\/11\/Raeren-Le-conducteur-tombe-dans-un-micro-sommeil-a-midi.jpeg","contentUrl":"https:\/\/vieassociative.be\/actualites\/wp-content\/uploads\/2024\/11\/Raeren-Le-conducteur-tombe-dans-un-micro-sommeil-a-midi.jpeg","width":1200,"height":800,"caption":"Raeren : Le conducteur tombe dans un micro-sommeil \u00e0 midi"},{"@type":"BreadcrumbList","@id":"https:\/\/vieassociative.be\/actualites\/seulement-de-legers-symptomes-apres-avoir-conduit-contre-un-arbre\/#breadcrumb","itemListElement":[{"@type":"ListItem","position":1,"name":"Accueil","item":"https:\/\/vieassociative.be\/actualites\/"},{"@type":"ListItem","position":2,"name":"Seulement de l\u00e9gers sympt\u00f4mes apr\u00e8s avoir conduit contre un arbre"}]},{"@type":"WebSite","@id":"https:\/\/vieassociative.be\/actualites\/#website","url":"https:\/\/vieassociative.be\/actualites\/","name":"Vie Associative","description":"","publisher":{"@id":"https:\/\/vieassociative.be\/actualites\/#organization"},"potentialAction":[{"@type":"SearchAction","target":{"@type":"EntryPoint","urlTemplate":"https:\/\/vieassociative.be\/actualites\/?s={search_term_string}"},"query-input":{"@type":"PropertyValueSpecification","valueRequired":true,"valueName":"search_term_string"}}],"inLanguage":"fr-BE"},{"@type":"Organization","@id":"https:\/\/vieassociative.be\/actualites\/#organization","name":"Vie Associative","url":"https:\/\/vieassociative.be\/actualites\/","logo":{"@type":"ImageObject","inLanguage":"fr-BE","@id":"https:\/\/vieassociative.be\/actualites\/#\/schema\/logo\/image\/","url":"https:\/\/vieassociative.be\/actualites\/wp-content\/uploads\/2024\/09\/cropped-vieassociative_favicon.ico.png","contentUrl":"https:\/\/vieassociative.be\/actualites\/wp-content\/uploads\/2024\/09\/cropped-vieassociative_favicon.ico.png","width":512,"height":512,"caption":"Vie Associative"},"image":{"@id":"https:\/\/vieassociative.be\/actualites\/#\/schema\/logo\/image\/"}},{"@type":"Person","@id":"https:\/\/vieassociative.be\/actualites\/#\/schema\/person\/b87ac4f82f9d4e7b7cec7395b679edc4","name":"Julien","image":{"@type":"ImageObject","inLanguage":"fr-BE","@id":"https:\/\/vieassociative.be\/actualites\/#\/schema\/person\/image\/","url":"https:\/\/vieassociative.be\/actualites\/wp-content\/uploads\/2024\/09\/vie-associative-1-150x150.jpg","contentUrl":"https:\/\/vieassociative.be\/actualites\/wp-content\/uploads\/2024\/09\/vie-associative-1-150x150.jpg","caption":"Julien"},"description":"Je suis Julien, r\u00e9dacteur pour Vie Associative. Passionn\u00e9 par le monde associatif depuis plus de 10 ans, j'ai \u00e0 c\u0153ur de partager des histoires inspirantes et de mettre en lumi\u00e8re les initiatives locales. Mon objectif est de sensibiliser et d'encourager l'engagement communautaire \u00e0 travers mes articles.","sameAs":["https:\/\/vieassociative.be\/"]}]}},"_links":{"self":[{"href":"https:\/\/vieassociative.be\/actualites\/wp-json\/wp\/v2\/posts\/5960"}],"collection":[{"href":"https:\/\/vieassociative.be\/actualites\/wp-json\/wp\/v2\/posts"}],"about":[{"href":"https:\/\/vieassociative.be\/actualites\/wp-json\/wp\/v2\/types\/post"}],"author":[{"embeddable":true,"href":"https:\/\/vieassociative.be\/actualites\/wp-json\/wp\/v2\/users\/1"}],"replies":[{"embeddable":true,"href":"https:\/\/vieassociative.be\/actualites\/wp-json\/wp\/v2\/comments?post=5960"}],"version-history":[{"count":0,"href":"https:\/\/vieassociative.be\/actualites\/wp-json\/wp\/v2\/posts\/5960\/revisions"}],"wp:featuredmedia":[{"embeddable":true,"href":"https:\/\/vieassociative.be\/actualites\/wp-json\/wp\/v2\/media\/1939"}],"wp:attachment":[{"href":"https:\/\/vieassociative.be\/actualites\/wp-json\/wp\/v2\/media?parent=5960"}],"wp:term":[{"taxonomy":"category","embeddable":true,"href":"https:\/\/vieassociative.be\/actualites\/wp-json\/wp\/v2\/categories?post=5960"},{"taxonomy":"post_tag","embeddable":true,"href":"https:\/\/vieassociative.be\/actualites\/wp-json\/wp\/v2\/tags?post=5960"}],"curies":[{"name":"wp","href":"https:\/\/api.w.org\/{rel}","templated":true}]}}